{"id":1132,"date":"2022-10-25T09:36:41","date_gmt":"2022-10-25T09:36:41","guid":{"rendered":"https:\/\/ferienchalet-wallis.ch\/?p=1132"},"modified":"2023-07-04T13:01:01","modified_gmt":"2023-07-04T13:01:01","slug":"die-kinderskischule-auf-der-riederalp","status":"publish","type":"post","link":"https:\/\/ferienchalet-wallis.ch\/de\/die-kinderskischule-auf-der-riederalp\/","title":{"rendered":"Die Kinderskischule auf der Riederalp"},"content":{"rendered":"\n<style type=\"text\/css\" data-created_by=\"avia_inline_auto\" id=\"style-css-av-ljoat8vj-631f5bb9f97278eb7f221e700c4618dd\">\n#top .av-special-heading.av-ljoat8vj-631f5bb9f97278eb7f221e700c4618dd{\npadding-bottom:10px;\n}\nbody .av-special-heading.av-ljoat8vj-631f5bb9f97278eb7f221e700c4618dd .av-special-heading-tag .heading-char{\nfont-size:25px;\n}\n.av-special-heading.av-ljoat8vj-631f5bb9f97278eb7f221e700c4618dd .av-subheading{\nfont-size:15px;\n}\n<\/style>\n<div  class='av-special-heading av-ljoat8vj-631f5bb9f97278eb7f221e700c4618dd av-special-heading-h2  avia-builder-el-0  el_before_av_textblock  avia-builder-el-first '><h2 class='av-special-heading-tag'  itemprop=\"headline\"  >Skifahren spielend erlernen<\/h2><div class=\"special-heading-border\"><div class=\"special-heading-inner-border\"><\/div><\/div><\/div>\n<section  class='av_textblock_section av-l9o0axhq-339e5da48560441278fffc5b884b6ec0'  itemscope=\"itemscope\" itemtype=\"https:\/\/schema.org\/BlogPosting\" itemprop=\"blogPost\" ><div class='avia_textblock'  itemprop=\"text\" ><p><strong>Snowgarden auf der Riederalp<\/strong><\/p>\n<p>Kinderskischulen helfen Kleinkindern erste Erfahrungen mit den Skiern zu machen und zu erleben, wie man sich auf Schnee flott fortbewegen kann. Der Snowgarden auf der Riederalp bietet viel Platz, ist kinderfreundlich und darauf eingestellt, Ihren Kindern spielerisch und mit Spass das Skifahren zu erlernen. Hat Ihr Kind genug Kraft f\u00fcr einen Skikurs? Die Skischule bietet Ihnen eine Schnupperstunde an, um die k\u00f6rperlichen und mentalen Anforderungen, die ein Skikurs f\u00fcr Ihr Kind bedeuten, leichter beurteilen zu k\u00f6nnen. Des Weiteren gibt es Skikurse f\u00fcr Kinder ab 3 oder 4 Jahren mit unterschiedlicher Kursl\u00e4nge.<\/p>\n<p><strong>Kinderhort<\/strong><\/p>\n<p>Wohin mit dem Kind, wenn man auf die Skipiste m\u00f6chte? Im Kinderhort vom Skischul-Chalet werden ihre Kinder ab 2 Jahren t\u00e4glich betreut. Vormittags oder nachmittags f\u00fcr eine Woche, aber auch an einzelnen Tagen. Die Preise dazu finden Sie <a href=\"https:\/\/www.skischule-riederalp.ch\/kinderhort\/\" target=\"_blank\" rel=\"noopener\">hier<\/a>.<\/p>\n<p><strong>Ihr Kind hat schon einen bestimmten Level erreicht?<\/strong><\/p>\n<p>Dann bietet sich die Swiss Snow League an, die Kurse f\u00fcr Ski als auch f\u00fcr Snowboarden empfiehlt. Auch dort gibt es Gruppenkurse und nat\u00fcrlich auch Privatunterricht, was Ihren Kindern lieber ist oder wo sie sich individuell weiterentwickeln. Ihr Nachwuchs ist schon im Teenie-Alter? Dann sind sie am gleichen Ort gut aufgehoben.<\/p>\n<p>Die <a href=\"https:\/\/www.skischule-riederalp.ch\/ski-snowboard\/kinder-jugendliche\/gruppenkurse\/ski-snowgarden\/\" target=\"_blank\" rel=\"noopener\">Skischule Riederalp<\/a> steht Ihnen gerne zur Verf\u00fcgung, um den richtigen Kurs f\u00fcr Ihren Nachwuchs zu finden. Informieren Sie sich unverbindlich.<\/p>\n<\/div><\/section>\n","protected":false},"excerpt":{"rendered":"","protected":false},"author":3,"featured_media":405,"comment_status":"closed","ping_status":"closed","sticky":false,"template":"","format":"standard","meta":{"footnotes":""},"categories":[6,17,7],"tags":[],"class_list":["post-1132","post","type-post","status-publish","format-standard","has-post-thumbnail","hentry","category-aletsch","category-kinder","category-riederalp"],"yoast_head":"<!-- This site is optimized with the Yoast SEO plugin v27.4 - https:\/\/yoast.com\/product\/yoast-seo-wordpress\/ -->\n<title>Die Kinderskischule auf der Riederalp - Bettmeralp und Riederalp<\/title>\n<meta name=\"description\" content=\"Die Kinderskischule auf der Riederalp bietet Kindern ab 3 Jahren Spass und Betreuung sogar im Kinderhort. Verschiedene Levelkurse im Angebot.\" \/>\n<meta name=\"robots\" content=\"index, follow, max-snippet:-1, max-image-preview:large, max-video-preview:-1\" \/>\n<link rel=\"canonical\" href=\"https:\/\/ferienchalet-wallis.ch\/de\/die-kinderskischule-auf-der-riederalp\/\" \/>\n<meta property=\"og:locale\" content=\"de_DE\" \/>\n<meta property=\"og:type\" content=\"article\" \/>\n<meta property=\"og:title\" content=\"Die Kinderskischule auf der Riederalp - Bettmeralp und Riederalp\" \/>\n<meta property=\"og:description\" content=\"Die Kinderskischule auf der Riederalp bietet Kindern ab 3 Jahren Spass und Betreuung sogar im Kinderhort. Verschiedene Levelkurse im Angebot.\" \/>\n<meta property=\"og:url\" content=\"https:\/\/ferienchalet-wallis.ch\/de\/die-kinderskischule-auf-der-riederalp\/\" \/>\n<meta property=\"og:site_name\" content=\"Bettmeralp und Riederalp\" \/>\n<meta property=\"article:published_time\" content=\"2022-10-25T09:36:41+00:00\" \/>\n<meta property=\"article:modified_time\" content=\"2023-07-04T13:01:01+00:00\" \/>\n<meta property=\"og:image\" content=\"https:\/\/ferienchalet-wallis.ch\/wp-content\/uploads\/2022\/04\/DSC_6425-1030x685.jpg\" \/>\n\t<meta property=\"og:image:width\" content=\"1030\" \/>\n\t<meta property=\"og:image:height\" content=\"685\" \/>\n\t<meta property=\"og:image:type\" content=\"image\/jpeg\" \/>\n<meta name=\"author\" content=\"WalliSaar\" \/>\n<meta name=\"twitter:card\" content=\"summary_large_image\" \/>\n<meta name=\"twitter:label1\" content=\"Verfasst von\" \/>\n\t<meta name=\"twitter:data1\" content=\"WalliSaar\" \/>\n\t<meta name=\"twitter:label2\" content=\"Gesch\u00e4tzte Lesezeit\" \/>\n\t<meta name=\"twitter:data2\" content=\"2\u00a0Minuten\" \/>\n<script type=\"application\/ld+json\" class=\"yoast-schema-graph\">{\"@context\":\"https:\\\/\\\/schema.org\",\"@graph\":[{\"@type\":\"Article\",\"@id\":\"https:\\\/\\\/ferienchalet-wallis.ch\\\/de\\\/die-kinderskischule-auf-der-riederalp\\\/#article\",\"isPartOf\":{\"@id\":\"https:\\\/\\\/ferienchalet-wallis.ch\\\/de\\\/die-kinderskischule-auf-der-riederalp\\\/\"},\"author\":{\"name\":\"WalliSaar\",\"@id\":\"https:\\\/\\\/ferienchalet-wallis.ch\\\/#\\\/schema\\\/person\\\/18b3f062b0514bc953799175b9bfdd2b\"},\"headline\":\"Die Kinderskischule auf der Riederalp\",\"datePublished\":\"2022-10-25T09:36:41+00:00\",\"dateModified\":\"2023-07-04T13:01:01+00:00\",\"mainEntityOfPage\":{\"@id\":\"https:\\\/\\\/ferienchalet-wallis.ch\\\/de\\\/die-kinderskischule-auf-der-riederalp\\\/\"},\"wordCount\":340,\"publisher\":{\"@id\":\"https:\\\/\\\/ferienchalet-wallis.ch\\\/#organization\"},\"image\":{\"@id\":\"https:\\\/\\\/ferienchalet-wallis.ch\\\/de\\\/die-kinderskischule-auf-der-riederalp\\\/#primaryimage\"},\"thumbnailUrl\":\"https:\\\/\\\/ferienchalet-wallis.ch\\\/wp-content\\\/uploads\\\/2022\\\/04\\\/DSC_6425-scaled.jpg\",\"articleSection\":[\"Aletsch\",\"Kinder\",\"Riederalp\"],\"inLanguage\":\"de\"},{\"@type\":\"WebPage\",\"@id\":\"https:\\\/\\\/ferienchalet-wallis.ch\\\/de\\\/die-kinderskischule-auf-der-riederalp\\\/\",\"url\":\"https:\\\/\\\/ferienchalet-wallis.ch\\\/de\\\/die-kinderskischule-auf-der-riederalp\\\/\",\"name\":\"Die Kinderskischule auf der Riederalp - Bettmeralp und Riederalp\",\"isPartOf\":{\"@id\":\"https:\\\/\\\/ferienchalet-wallis.ch\\\/#website\"},\"primaryImageOfPage\":{\"@id\":\"https:\\\/\\\/ferienchalet-wallis.ch\\\/de\\\/die-kinderskischule-auf-der-riederalp\\\/#primaryimage\"},\"image\":{\"@id\":\"https:\\\/\\\/ferienchalet-wallis.ch\\\/de\\\/die-kinderskischule-auf-der-riederalp\\\/#primaryimage\"},\"thumbnailUrl\":\"https:\\\/\\\/ferienchalet-wallis.ch\\\/wp-content\\\/uploads\\\/2022\\\/04\\\/DSC_6425-scaled.jpg\",\"datePublished\":\"2022-10-25T09:36:41+00:00\",\"dateModified\":\"2023-07-04T13:01:01+00:00\",\"description\":\"Die Kinderskischule auf der Riederalp bietet Kindern ab 3 Jahren Spass und Betreuung sogar im Kinderhort. Verschiedene Levelkurse im Angebot.\",\"breadcrumb\":{\"@id\":\"https:\\\/\\\/ferienchalet-wallis.ch\\\/de\\\/die-kinderskischule-auf-der-riederalp\\\/#breadcrumb\"},\"inLanguage\":\"de\",\"potentialAction\":[{\"@type\":\"ReadAction\",\"target\":[\"https:\\\/\\\/ferienchalet-wallis.ch\\\/de\\\/die-kinderskischule-auf-der-riederalp\\\/\"]}]},{\"@type\":\"ImageObject\",\"inLanguage\":\"de\",\"@id\":\"https:\\\/\\\/ferienchalet-wallis.ch\\\/de\\\/die-kinderskischule-auf-der-riederalp\\\/#primaryimage\",\"url\":\"https:\\\/\\\/ferienchalet-wallis.ch\\\/wp-content\\\/uploads\\\/2022\\\/04\\\/DSC_6425-scaled.jpg\",\"contentUrl\":\"https:\\\/\\\/ferienchalet-wallis.ch\\\/wp-content\\\/uploads\\\/2022\\\/04\\\/DSC_6425-scaled.jpg\",\"width\":2560,\"height\":1703,\"caption\":\"Kinderskischule Riederalp\"},{\"@type\":\"BreadcrumbList\",\"@id\":\"https:\\\/\\\/ferienchalet-wallis.ch\\\/de\\\/die-kinderskischule-auf-der-riederalp\\\/#breadcrumb\",\"itemListElement\":[{\"@type\":\"ListItem\",\"position\":1,\"name\":\"Home\",\"item\":\"https:\\\/\\\/ferienchalet-wallis.ch\\\/\"},{\"@type\":\"ListItem\",\"position\":2,\"name\":\"Die Kinderskischule auf der Riederalp\"}]},{\"@type\":\"WebSite\",\"@id\":\"https:\\\/\\\/ferienchalet-wallis.ch\\\/#website\",\"url\":\"https:\\\/\\\/ferienchalet-wallis.ch\\\/\",\"name\":\"Bettmeralp und Riederalp\",\"description\":\"Kranzfelder Markus\",\"publisher\":{\"@id\":\"https:\\\/\\\/ferienchalet-wallis.ch\\\/#organization\"},\"potentialAction\":[{\"@type\":\"SearchAction\",\"target\":{\"@type\":\"EntryPoint\",\"urlTemplate\":\"https:\\\/\\\/ferienchalet-wallis.ch\\\/?s={search_term_string}\"},\"query-input\":{\"@type\":\"PropertyValueSpecification\",\"valueRequired\":true,\"valueName\":\"search_term_string\"}}],\"inLanguage\":\"de\"},{\"@type\":\"Organization\",\"@id\":\"https:\\\/\\\/ferienchalet-wallis.ch\\\/#organization\",\"name\":\"Liegenschaftsbetreuung \\\/ Vermietung \u2013 M. Kranzfelder\",\"url\":\"https:\\\/\\\/ferienchalet-wallis.ch\\\/\",\"logo\":{\"@type\":\"ImageObject\",\"inLanguage\":\"de\",\"@id\":\"https:\\\/\\\/ferienchalet-wallis.ch\\\/#\\\/schema\\\/logo\\\/image\\\/\",\"url\":\"https:\\\/\\\/ferienchalet-wallis.ch\\\/wp-content\\\/uploads\\\/2022\\\/01\\\/Logo_Kranzfelder.png\",\"contentUrl\":\"https:\\\/\\\/ferienchalet-wallis.ch\\\/wp-content\\\/uploads\\\/2022\\\/01\\\/Logo_Kranzfelder.png\",\"width\":1526,\"height\":447,\"caption\":\"Liegenschaftsbetreuung \\\/ Vermietung \u2013 M. Kranzfelder\"},\"image\":{\"@id\":\"https:\\\/\\\/ferienchalet-wallis.ch\\\/#\\\/schema\\\/logo\\\/image\\\/\"}},{\"@type\":\"Person\",\"@id\":\"https:\\\/\\\/ferienchalet-wallis.ch\\\/#\\\/schema\\\/person\\\/18b3f062b0514bc953799175b9bfdd2b\",\"name\":\"WalliSaar\",\"image\":{\"@type\":\"ImageObject\",\"inLanguage\":\"de\",\"@id\":\"https:\\\/\\\/secure.gravatar.com\\\/avatar\\\/1be7f9468eac0e02f655be9ab758a01ae5dc72d678841cc4898d463993c78d36?s=96&d=initials&r=g&initials=ru\",\"url\":\"https:\\\/\\\/secure.gravatar.com\\\/avatar\\\/1be7f9468eac0e02f655be9ab758a01ae5dc72d678841cc4898d463993c78d36?s=96&d=initials&r=g&initials=ru\",\"contentUrl\":\"https:\\\/\\\/secure.gravatar.com\\\/avatar\\\/1be7f9468eac0e02f655be9ab758a01ae5dc72d678841cc4898d463993c78d36?s=96&d=initials&r=g&initials=ru\",\"caption\":\"WalliSaar\"},\"description\":\"Mein Name ist Anja Ruch und ich schreibe die Blogbeitr\u00e4ge f\u00fcr das Ehepaar Markus &amp; Tabitha Kranzfelder. Der Name WalliSaar gr\u00fcndet sich auf meinen Wurzeln im Saarland und den neuen im Wallis. My name is Anja Ruch and I write the blog entries for the Markus &amp; Tabitha Kranzfelder couple. The name WalliSaar shows the connection to my old roots in Saarland and the new ones in Valais.\",\"sameAs\":[\"https:\\\/\\\/www.ferienchalet-wallis.ch\\\/blog\"],\"url\":\"https:\\\/\\\/ferienchalet-wallis.ch\\\/de\\\/author\\\/wallisaar\\\/\"}]}<\/script>\n<!-- \/ Yoast SEO plugin. -->","yoast_head_json":{"title":"Die Kinderskischule auf der Riederalp - Bettmeralp und Riederalp","description":"Die Kinderskischule auf der Riederalp bietet Kindern ab 3 Jahren Spass und Betreuung sogar im Kinderhort. Verschiedene Levelkurse im Angebot.","robots":{"index":"index","follow":"follow","max-snippet":"max-snippet:-1","max-image-preview":"max-image-preview:large","max-video-preview":"max-video-preview:-1"},"canonical":"https:\/\/ferienchalet-wallis.ch\/de\/die-kinderskischule-auf-der-riederalp\/","og_locale":"de_DE","og_type":"article","og_title":"Die Kinderskischule auf der Riederalp - Bettmeralp und Riederalp","og_description":"Die Kinderskischule auf der Riederalp bietet Kindern ab 3 Jahren Spass und Betreuung sogar im Kinderhort. Verschiedene Levelkurse im Angebot.","og_url":"https:\/\/ferienchalet-wallis.ch\/de\/die-kinderskischule-auf-der-riederalp\/","og_site_name":"Bettmeralp und Riederalp","article_published_time":"2022-10-25T09:36:41+00:00","article_modified_time":"2023-07-04T13:01:01+00:00","og_image":[{"width":1030,"height":685,"url":"https:\/\/ferienchalet-wallis.ch\/wp-content\/uploads\/2022\/04\/DSC_6425-1030x685.jpg","type":"image\/jpeg"}],"author":"WalliSaar","twitter_card":"summary_large_image","twitter_misc":{"Verfasst von":"WalliSaar","Gesch\u00e4tzte Lesezeit":"2\u00a0Minuten"},"schema":{"@context":"https:\/\/schema.org","@graph":[{"@type":"Article","@id":"https:\/\/ferienchalet-wallis.ch\/de\/die-kinderskischule-auf-der-riederalp\/#article","isPartOf":{"@id":"https:\/\/ferienchalet-wallis.ch\/de\/die-kinderskischule-auf-der-riederalp\/"},"author":{"name":"WalliSaar","@id":"https:\/\/ferienchalet-wallis.ch\/#\/schema\/person\/18b3f062b0514bc953799175b9bfdd2b"},"headline":"Die Kinderskischule auf der Riederalp","datePublished":"2022-10-25T09:36:41+00:00","dateModified":"2023-07-04T13:01:01+00:00","mainEntityOfPage":{"@id":"https:\/\/ferienchalet-wallis.ch\/de\/die-kinderskischule-auf-der-riederalp\/"},"wordCount":340,"publisher":{"@id":"https:\/\/ferienchalet-wallis.ch\/#organization"},"image":{"@id":"https:\/\/ferienchalet-wallis.ch\/de\/die-kinderskischule-auf-der-riederalp\/#primaryimage"},"thumbnailUrl":"https:\/\/ferienchalet-wallis.ch\/wp-content\/uploads\/2022\/04\/DSC_6425-scaled.jpg","articleSection":["Aletsch","Kinder","Riederalp"],"inLanguage":"de"},{"@type":"WebPage","@id":"https:\/\/ferienchalet-wallis.ch\/de\/die-kinderskischule-auf-der-riederalp\/","url":"https:\/\/ferienchalet-wallis.ch\/de\/die-kinderskischule-auf-der-riederalp\/","name":"Die Kinderskischule auf der Riederalp - Bettmeralp und Riederalp","isPartOf":{"@id":"https:\/\/ferienchalet-wallis.ch\/#website"},"primaryImageOfPage":{"@id":"https:\/\/ferienchalet-wallis.ch\/de\/die-kinderskischule-auf-der-riederalp\/#primaryimage"},"image":{"@id":"https:\/\/ferienchalet-wallis.ch\/de\/die-kinderskischule-auf-der-riederalp\/#primaryimage"},"thumbnailUrl":"https:\/\/ferienchalet-wallis.ch\/wp-content\/uploads\/2022\/04\/DSC_6425-scaled.jpg","datePublished":"2022-10-25T09:36:41+00:00","dateModified":"2023-07-04T13:01:01+00:00","description":"Die Kinderskischule auf der Riederalp bietet Kindern ab 3 Jahren Spass und Betreuung sogar im Kinderhort. Verschiedene Levelkurse im Angebot.","breadcrumb":{"@id":"https:\/\/ferienchalet-wallis.ch\/de\/die-kinderskischule-auf-der-riederalp\/#breadcrumb"},"inLanguage":"de","potentialAction":[{"@type":"ReadAction","target":["https:\/\/ferienchalet-wallis.ch\/de\/die-kinderskischule-auf-der-riederalp\/"]}]},{"@type":"ImageObject","inLanguage":"de","@id":"https:\/\/ferienchalet-wallis.ch\/de\/die-kinderskischule-auf-der-riederalp\/#primaryimage","url":"https:\/\/ferienchalet-wallis.ch\/wp-content\/uploads\/2022\/04\/DSC_6425-scaled.jpg","contentUrl":"https:\/\/ferienchalet-wallis.ch\/wp-content\/uploads\/2022\/04\/DSC_6425-scaled.jpg","width":2560,"height":1703,"caption":"Kinderskischule Riederalp"},{"@type":"BreadcrumbList","@id":"https:\/\/ferienchalet-wallis.ch\/de\/die-kinderskischule-auf-der-riederalp\/#breadcrumb","itemListElement":[{"@type":"ListItem","position":1,"name":"Home","item":"https:\/\/ferienchalet-wallis.ch\/"},{"@type":"ListItem","position":2,"name":"Die Kinderskischule auf der Riederalp"}]},{"@type":"WebSite","@id":"https:\/\/ferienchalet-wallis.ch\/#website","url":"https:\/\/ferienchalet-wallis.ch\/","name":"Bettmeralp und Riederalp","description":"Kranzfelder Markus","publisher":{"@id":"https:\/\/ferienchalet-wallis.ch\/#organization"},"potentialAction":[{"@type":"SearchAction","target":{"@type":"EntryPoint","urlTemplate":"https:\/\/ferienchalet-wallis.ch\/?s={search_term_string}"},"query-input":{"@type":"PropertyValueSpecification","valueRequired":true,"valueName":"search_term_string"}}],"inLanguage":"de"},{"@type":"Organization","@id":"https:\/\/ferienchalet-wallis.ch\/#organization","name":"Liegenschaftsbetreuung \/ Vermietung \u2013 M. Kranzfelder","url":"https:\/\/ferienchalet-wallis.ch\/","logo":{"@type":"ImageObject","inLanguage":"de","@id":"https:\/\/ferienchalet-wallis.ch\/#\/schema\/logo\/image\/","url":"https:\/\/ferienchalet-wallis.ch\/wp-content\/uploads\/2022\/01\/Logo_Kranzfelder.png","contentUrl":"https:\/\/ferienchalet-wallis.ch\/wp-content\/uploads\/2022\/01\/Logo_Kranzfelder.png","width":1526,"height":447,"caption":"Liegenschaftsbetreuung \/ Vermietung \u2013 M. Kranzfelder"},"image":{"@id":"https:\/\/ferienchalet-wallis.ch\/#\/schema\/logo\/image\/"}},{"@type":"Person","@id":"https:\/\/ferienchalet-wallis.ch\/#\/schema\/person\/18b3f062b0514bc953799175b9bfdd2b","name":"WalliSaar","image":{"@type":"ImageObject","inLanguage":"de","@id":"https:\/\/secure.gravatar.com\/avatar\/1be7f9468eac0e02f655be9ab758a01ae5dc72d678841cc4898d463993c78d36?s=96&d=initials&r=g&initials=ru","url":"https:\/\/secure.gravatar.com\/avatar\/1be7f9468eac0e02f655be9ab758a01ae5dc72d678841cc4898d463993c78d36?s=96&d=initials&r=g&initials=ru","contentUrl":"https:\/\/secure.gravatar.com\/avatar\/1be7f9468eac0e02f655be9ab758a01ae5dc72d678841cc4898d463993c78d36?s=96&d=initials&r=g&initials=ru","caption":"WalliSaar"},"description":"Mein Name ist Anja Ruch und ich schreibe die Blogbeitr\u00e4ge f\u00fcr das Ehepaar Markus &amp; Tabitha Kranzfelder. Der Name WalliSaar gr\u00fcndet sich auf meinen Wurzeln im Saarland und den neuen im Wallis. My name is Anja Ruch and I write the blog entries for the Markus &amp; Tabitha Kranzfelder couple. The name WalliSaar shows the connection to my old roots in Saarland and the new ones in Valais.","sameAs":["https:\/\/www.ferienchalet-wallis.ch\/blog"],"url":"https:\/\/ferienchalet-wallis.ch\/de\/author\/wallisaar\/"}]}},"_links":{"self":[{"href":"https:\/\/ferienchalet-wallis.ch\/de\/wp-json\/wp\/v2\/posts\/1132","targetHints":{"allow":["GET"]}}],"collection":[{"href":"https:\/\/ferienchalet-wallis.ch\/de\/wp-json\/wp\/v2\/posts"}],"about":[{"href":"https:\/\/ferienchalet-wallis.ch\/de\/wp-json\/wp\/v2\/types\/post"}],"author":[{"embeddable":true,"href":"https:\/\/ferienchalet-wallis.ch\/de\/wp-json\/wp\/v2\/users\/3"}],"replies":[{"embeddable":true,"href":"https:\/\/ferienchalet-wallis.ch\/de\/wp-json\/wp\/v2\/comments?post=1132"}],"version-history":[{"count":7,"href":"https:\/\/ferienchalet-wallis.ch\/de\/wp-json\/wp\/v2\/posts\/1132\/revisions"}],"predecessor-version":[{"id":1488,"href":"https:\/\/ferienchalet-wallis.ch\/de\/wp-json\/wp\/v2\/posts\/1132\/revisions\/1488"}],"wp:featuredmedia":[{"embeddable":true,"href":"https:\/\/ferienchalet-wallis.ch\/de\/wp-json\/wp\/v2\/media\/405"}],"wp:attachment":[{"href":"https:\/\/ferienchalet-wallis.ch\/de\/wp-json\/wp\/v2\/media?parent=1132"}],"wp:term":[{"taxonomy":"category","embeddable":true,"href":"https:\/\/ferienchalet-wallis.ch\/de\/wp-json\/wp\/v2\/categories?post=1132"},{"taxonomy":"post_tag","embeddable":true,"href":"https:\/\/ferienchalet-wallis.ch\/de\/wp-json\/wp\/v2\/tags?post=1132"}],"curies":[{"name":"wp","href":"https:\/\/api.w.org\/{rel}","templated":true}]}}