{"id":1267,"date":"2022-12-06T10:37:51","date_gmt":"2022-12-06T10:37:51","guid":{"rendered":"https:\/\/ferienchalet-wallis.ch\/?p=1267"},"modified":"2023-07-04T13:29:26","modified_gmt":"2023-07-04T13:29:26","slug":"kombiticket-ski-und-langlauf","status":"publish","type":"post","link":"https:\/\/ferienchalet-wallis.ch\/de\/kombiticket-ski-und-langlauf\/","title":{"rendered":"Kombiticket Ski und Langlauf"},"content":{"rendered":"\n<style type=\"text\/css\" data-created_by=\"avia_inline_auto\" id=\"style-css-av-ljoars3c-b667f292cc949b62a65b54defaadcb15\">\n#top .av-special-heading.av-ljoars3c-b667f292cc949b62a65b54defaadcb15{\npadding-bottom:10px;\n}\nbody .av-special-heading.av-ljoars3c-b667f292cc949b62a65b54defaadcb15 .av-special-heading-tag .heading-char{\nfont-size:25px;\n}\n.av-special-heading.av-ljoars3c-b667f292cc949b62a65b54defaadcb15 .av-subheading{\nfont-size:15px;\n}\n<\/style>\n<div  class='av-special-heading av-ljoars3c-b667f292cc949b62a65b54defaadcb15 av-special-heading-h2  avia-builder-el-0  el_before_av_textblock  avia-builder-el-first '><h2 class='av-special-heading-tag'  itemprop=\"headline\"  >Langlaufloipe Goms mit Zugtransfer<\/h2><div class=\"special-heading-border\"><div class=\"special-heading-inner-border\"><\/div><\/div><\/div>\n<section  class='av_textblock_section av-lbc32oku-1da87b170bc6d47118c2bf4b415af81c'  itemscope=\"itemscope\" itemtype=\"https:\/\/schema.org\/BlogPosting\" itemprop=\"blogPost\" ><div class='avia_textblock'  itemprop=\"text\" ><h3>Langlaufloipen im Oberwallis<\/h3>\n<p>Haben Sie zwischendurch mal Lust auf eine andere Sportart? Die Riederalp stellt Ihnen 2 Langlaufloipen f\u00fcr klassischen Stil als auch Skating zur Verf\u00fcgung. F\u00fcr mehr Herausforderung gibt es jetzt neu den Saisonskipass der Aletsch Arena kombiniert mit der Saisonkarte Talisman der Loipe Goms. Zugfahrt inklusive ab Brig!<\/p>\n<p>Das Goms bietet \u00fcber 100 km pr\u00e4parierte Langlaufloipen von Oberwald bis Niederwald in den Stilen Klassisch als auch Skating und selbstverst\u00e4ndlich auch f\u00fcr Anf\u00e4nger. Sie k\u00f6nnen sich also richtig austoben, ich habe es selbst schon ausprobiert. Andere Familienmitglieder m\u00f6gen keinen Langlauf? Dann machen Sie doch einen sch\u00f6nen Spaziergang durch die prachtvolle Winterlandschaft. Am besten mit Aussicht.<\/p>\n<h3>Bergaussichten geniessen<\/h3>\n<p>Zum Beispiel im <a href=\"https:\/\/www.bauernhof-wallis.ch\/\" target=\"_blank\" rel=\"noopener\">B\u00fcrli-Schiirli<\/a> in Oberwald sitzen Sie gem\u00fctlich bei Kaffee und Kuchen. W\u00e4hrend Ihr Partner mit Langlauf besch\u00e4ftigt ist, schauen Sie dem Treiben auf der Langlaufpiste zu. Lieber selbst sportlich bewegen, aber anders? Dann machen Sie derweil eine Schneeschuhwanderung zum Hungerberg. Sie haben ein Kind dabei? Dann bietet sich ein Spaziergang zum Restaurant Rhonequelle an, von dem Sie mit dem Schlitten zur\u00fcck ins Tal rodeln.<\/p>\n<p>Herrlich so ein Ausflug! Schnell noch die <a href=\"https:\/\/obergoms.roundshot.com\/ulrichen\/#\/\" target=\"_blank\" rel=\"noopener\">Wetterverh\u00e4ltnisse im Obergoms<\/a> checken.<\/p>\n<p>Mehr Infos zum <a href=\"https:\/\/www.aletscharena.ch\/planen-buchen\/angebote-erlebnisse\/angebot\/aletschgletscher-trifft-loipe-goms\" target=\"_blank\" rel=\"noopener\">Angebot<\/a> auf der Webseite der Aletsch Arena.<\/p>\n<p><em>Wie sch\u00f6n der chalte Wintermorge, verg\u00e4sse ischi Alltagssorge<\/em><\/p>\n<\/div><\/section>\n","protected":false},"excerpt":{"rendered":"","protected":false},"author":3,"featured_media":1268,"comment_status":"closed","ping_status":"closed","sticky":false,"template":"","format":"standard","meta":{"footnotes":""},"categories":[7,14,18],"tags":[],"class_list":["post-1267","post","type-post","status-publish","format-standard","has-post-thumbnail","hentry","category-riederalp","category-skifahren","category-wintersport"],"yoast_head":"<!-- This site is optimized with the Yoast SEO plugin v27.4 - https:\/\/yoast.com\/product\/yoast-seo-wordpress\/ -->\n<title>Kombiticket Ski und Langlauf - Bettmeralp und Riederalp<\/title>\n<meta name=\"description\" content=\"Die Riederalp hat 2 Langlaufloipen im Stil klassisch und Skating. Neu kann man jetzt bei der Aletsch Arena ein Kombiticket f\u00fcr das Goms erwerben.\" \/>\n<meta name=\"robots\" content=\"index, follow, max-snippet:-1, max-image-preview:large, max-video-preview:-1\" \/>\n<link rel=\"canonical\" href=\"https:\/\/ferienchalet-wallis.ch\/de\/kombiticket-ski-und-langlauf\/\" \/>\n<meta property=\"og:locale\" content=\"de_DE\" \/>\n<meta property=\"og:type\" content=\"article\" \/>\n<meta property=\"og:title\" content=\"Kombiticket Ski und Langlauf - Bettmeralp und Riederalp\" \/>\n<meta property=\"og:description\" content=\"Die Riederalp hat 2 Langlaufloipen im Stil klassisch und Skating. Neu kann man jetzt bei der Aletsch Arena ein Kombiticket f\u00fcr das Goms erwerben.\" \/>\n<meta property=\"og:url\" content=\"https:\/\/ferienchalet-wallis.ch\/de\/kombiticket-ski-und-langlauf\/\" \/>\n<meta property=\"og:site_name\" content=\"Bettmeralp und Riederalp\" \/>\n<meta property=\"article:published_time\" content=\"2022-12-06T10:37:51+00:00\" \/>\n<meta property=\"article:modified_time\" content=\"2023-07-04T13:29:26+00:00\" \/>\n<meta property=\"og:image\" content=\"https:\/\/ferienchalet-wallis.ch\/wp-content\/uploads\/2022\/12\/Winter_langlauf-1600.jpg\" \/>\n\t<meta property=\"og:image:width\" content=\"1600\" \/>\n\t<meta property=\"og:image:height\" content=\"1065\" \/>\n\t<meta property=\"og:image:type\" content=\"image\/jpeg\" \/>\n<meta name=\"author\" content=\"WalliSaar\" \/>\n<meta name=\"twitter:card\" content=\"summary_large_image\" \/>\n<meta name=\"twitter:label1\" content=\"Verfasst von\" \/>\n\t<meta name=\"twitter:data1\" content=\"WalliSaar\" \/>\n\t<meta name=\"twitter:label2\" content=\"Gesch\u00e4tzte Lesezeit\" \/>\n\t<meta name=\"twitter:data2\" content=\"2\u00a0Minuten\" \/>\n<script type=\"application\/ld+json\" class=\"yoast-schema-graph\">{\"@context\":\"https:\\\/\\\/schema.org\",\"@graph\":[{\"@type\":\"Article\",\"@id\":\"https:\\\/\\\/ferienchalet-wallis.ch\\\/de\\\/kombiticket-ski-und-langlauf\\\/#article\",\"isPartOf\":{\"@id\":\"https:\\\/\\\/ferienchalet-wallis.ch\\\/de\\\/kombiticket-ski-und-langlauf\\\/\"},\"author\":{\"name\":\"WalliSaar\",\"@id\":\"https:\\\/\\\/ferienchalet-wallis.ch\\\/#\\\/schema\\\/person\\\/18b3f062b0514bc953799175b9bfdd2b\"},\"headline\":\"Kombiticket Ski und Langlauf\",\"datePublished\":\"2022-12-06T10:37:51+00:00\",\"dateModified\":\"2023-07-04T13:29:26+00:00\",\"mainEntityOfPage\":{\"@id\":\"https:\\\/\\\/ferienchalet-wallis.ch\\\/de\\\/kombiticket-ski-und-langlauf\\\/\"},\"wordCount\":332,\"publisher\":{\"@id\":\"https:\\\/\\\/ferienchalet-wallis.ch\\\/#organization\"},\"image\":{\"@id\":\"https:\\\/\\\/ferienchalet-wallis.ch\\\/de\\\/kombiticket-ski-und-langlauf\\\/#primaryimage\"},\"thumbnailUrl\":\"https:\\\/\\\/ferienchalet-wallis.ch\\\/wp-content\\\/uploads\\\/2022\\\/12\\\/Winter_langlauf-1600.jpg\",\"articleSection\":[\"Riederalp\",\"Skifahren\",\"Wintersport\"],\"inLanguage\":\"de\"},{\"@type\":\"WebPage\",\"@id\":\"https:\\\/\\\/ferienchalet-wallis.ch\\\/de\\\/kombiticket-ski-und-langlauf\\\/\",\"url\":\"https:\\\/\\\/ferienchalet-wallis.ch\\\/de\\\/kombiticket-ski-und-langlauf\\\/\",\"name\":\"Kombiticket Ski und Langlauf - Bettmeralp und Riederalp\",\"isPartOf\":{\"@id\":\"https:\\\/\\\/ferienchalet-wallis.ch\\\/#website\"},\"primaryImageOfPage\":{\"@id\":\"https:\\\/\\\/ferienchalet-wallis.ch\\\/de\\\/kombiticket-ski-und-langlauf\\\/#primaryimage\"},\"image\":{\"@id\":\"https:\\\/\\\/ferienchalet-wallis.ch\\\/de\\\/kombiticket-ski-und-langlauf\\\/#primaryimage\"},\"thumbnailUrl\":\"https:\\\/\\\/ferienchalet-wallis.ch\\\/wp-content\\\/uploads\\\/2022\\\/12\\\/Winter_langlauf-1600.jpg\",\"datePublished\":\"2022-12-06T10:37:51+00:00\",\"dateModified\":\"2023-07-04T13:29:26+00:00\",\"description\":\"Die Riederalp hat 2 Langlaufloipen im Stil klassisch und Skating. Neu kann man jetzt bei der Aletsch Arena ein Kombiticket f\u00fcr das Goms erwerben.\",\"breadcrumb\":{\"@id\":\"https:\\\/\\\/ferienchalet-wallis.ch\\\/de\\\/kombiticket-ski-und-langlauf\\\/#breadcrumb\"},\"inLanguage\":\"de\",\"potentialAction\":[{\"@type\":\"ReadAction\",\"target\":[\"https:\\\/\\\/ferienchalet-wallis.ch\\\/de\\\/kombiticket-ski-und-langlauf\\\/\"]}]},{\"@type\":\"ImageObject\",\"inLanguage\":\"de\",\"@id\":\"https:\\\/\\\/ferienchalet-wallis.ch\\\/de\\\/kombiticket-ski-und-langlauf\\\/#primaryimage\",\"url\":\"https:\\\/\\\/ferienchalet-wallis.ch\\\/wp-content\\\/uploads\\\/2022\\\/12\\\/Winter_langlauf-1600.jpg\",\"contentUrl\":\"https:\\\/\\\/ferienchalet-wallis.ch\\\/wp-content\\\/uploads\\\/2022\\\/12\\\/Winter_langlauf-1600.jpg\",\"width\":1600,\"height\":1065,\"caption\":\"Langlauf_Oberwallis\"},{\"@type\":\"BreadcrumbList\",\"@id\":\"https:\\\/\\\/ferienchalet-wallis.ch\\\/de\\\/kombiticket-ski-und-langlauf\\\/#breadcrumb\",\"itemListElement\":[{\"@type\":\"ListItem\",\"position\":1,\"name\":\"Home\",\"item\":\"https:\\\/\\\/ferienchalet-wallis.ch\\\/\"},{\"@type\":\"ListItem\",\"position\":2,\"name\":\"Kombiticket Ski und Langlauf\"}]},{\"@type\":\"WebSite\",\"@id\":\"https:\\\/\\\/ferienchalet-wallis.ch\\\/#website\",\"url\":\"https:\\\/\\\/ferienchalet-wallis.ch\\\/\",\"name\":\"Bettmeralp und Riederalp\",\"description\":\"Kranzfelder Markus\",\"publisher\":{\"@id\":\"https:\\\/\\\/ferienchalet-wallis.ch\\\/#organization\"},\"potentialAction\":[{\"@type\":\"SearchAction\",\"target\":{\"@type\":\"EntryPoint\",\"urlTemplate\":\"https:\\\/\\\/ferienchalet-wallis.ch\\\/?s={search_term_string}\"},\"query-input\":{\"@type\":\"PropertyValueSpecification\",\"valueRequired\":true,\"valueName\":\"search_term_string\"}}],\"inLanguage\":\"de\"},{\"@type\":\"Organization\",\"@id\":\"https:\\\/\\\/ferienchalet-wallis.ch\\\/#organization\",\"name\":\"Liegenschaftsbetreuung \\\/ Vermietung \u2013 M. Kranzfelder\",\"url\":\"https:\\\/\\\/ferienchalet-wallis.ch\\\/\",\"logo\":{\"@type\":\"ImageObject\",\"inLanguage\":\"de\",\"@id\":\"https:\\\/\\\/ferienchalet-wallis.ch\\\/#\\\/schema\\\/logo\\\/image\\\/\",\"url\":\"https:\\\/\\\/ferienchalet-wallis.ch\\\/wp-content\\\/uploads\\\/2022\\\/01\\\/Logo_Kranzfelder.png\",\"contentUrl\":\"https:\\\/\\\/ferienchalet-wallis.ch\\\/wp-content\\\/uploads\\\/2022\\\/01\\\/Logo_Kranzfelder.png\",\"width\":1526,\"height\":447,\"caption\":\"Liegenschaftsbetreuung \\\/ Vermietung \u2013 M. Kranzfelder\"},\"image\":{\"@id\":\"https:\\\/\\\/ferienchalet-wallis.ch\\\/#\\\/schema\\\/logo\\\/image\\\/\"}},{\"@type\":\"Person\",\"@id\":\"https:\\\/\\\/ferienchalet-wallis.ch\\\/#\\\/schema\\\/person\\\/18b3f062b0514bc953799175b9bfdd2b\",\"name\":\"WalliSaar\",\"image\":{\"@type\":\"ImageObject\",\"inLanguage\":\"de\",\"@id\":\"https:\\\/\\\/secure.gravatar.com\\\/avatar\\\/1be7f9468eac0e02f655be9ab758a01ae5dc72d678841cc4898d463993c78d36?s=96&d=initials&r=g&initials=ru\",\"url\":\"https:\\\/\\\/secure.gravatar.com\\\/avatar\\\/1be7f9468eac0e02f655be9ab758a01ae5dc72d678841cc4898d463993c78d36?s=96&d=initials&r=g&initials=ru\",\"contentUrl\":\"https:\\\/\\\/secure.gravatar.com\\\/avatar\\\/1be7f9468eac0e02f655be9ab758a01ae5dc72d678841cc4898d463993c78d36?s=96&d=initials&r=g&initials=ru\",\"caption\":\"WalliSaar\"},\"description\":\"Mein Name ist Anja Ruch und ich schreibe die Blogbeitr\u00e4ge f\u00fcr das Ehepaar Markus &amp; Tabitha Kranzfelder. Der Name WalliSaar gr\u00fcndet sich auf meinen Wurzeln im Saarland und den neuen im Wallis. My name is Anja Ruch and I write the blog entries for the Markus &amp; Tabitha Kranzfelder couple. The name WalliSaar shows the connection to my old roots in Saarland and the new ones in Valais.\",\"sameAs\":[\"https:\\\/\\\/www.ferienchalet-wallis.ch\\\/blog\"],\"url\":\"https:\\\/\\\/ferienchalet-wallis.ch\\\/de\\\/author\\\/wallisaar\\\/\"}]}<\/script>\n<!-- \/ Yoast SEO plugin. -->","yoast_head_json":{"title":"Kombiticket Ski und Langlauf - Bettmeralp und Riederalp","description":"Die Riederalp hat 2 Langlaufloipen im Stil klassisch und Skating. Neu kann man jetzt bei der Aletsch Arena ein Kombiticket f\u00fcr das Goms erwerben.","robots":{"index":"index","follow":"follow","max-snippet":"max-snippet:-1","max-image-preview":"max-image-preview:large","max-video-preview":"max-video-preview:-1"},"canonical":"https:\/\/ferienchalet-wallis.ch\/de\/kombiticket-ski-und-langlauf\/","og_locale":"de_DE","og_type":"article","og_title":"Kombiticket Ski und Langlauf - Bettmeralp und Riederalp","og_description":"Die Riederalp hat 2 Langlaufloipen im Stil klassisch und Skating. Neu kann man jetzt bei der Aletsch Arena ein Kombiticket f\u00fcr das Goms erwerben.","og_url":"https:\/\/ferienchalet-wallis.ch\/de\/kombiticket-ski-und-langlauf\/","og_site_name":"Bettmeralp und Riederalp","article_published_time":"2022-12-06T10:37:51+00:00","article_modified_time":"2023-07-04T13:29:26+00:00","og_image":[{"width":1600,"height":1065,"url":"https:\/\/ferienchalet-wallis.ch\/wp-content\/uploads\/2022\/12\/Winter_langlauf-1600.jpg","type":"image\/jpeg"}],"author":"WalliSaar","twitter_card":"summary_large_image","twitter_misc":{"Verfasst von":"WalliSaar","Gesch\u00e4tzte Lesezeit":"2\u00a0Minuten"},"schema":{"@context":"https:\/\/schema.org","@graph":[{"@type":"Article","@id":"https:\/\/ferienchalet-wallis.ch\/de\/kombiticket-ski-und-langlauf\/#article","isPartOf":{"@id":"https:\/\/ferienchalet-wallis.ch\/de\/kombiticket-ski-und-langlauf\/"},"author":{"name":"WalliSaar","@id":"https:\/\/ferienchalet-wallis.ch\/#\/schema\/person\/18b3f062b0514bc953799175b9bfdd2b"},"headline":"Kombiticket Ski und Langlauf","datePublished":"2022-12-06T10:37:51+00:00","dateModified":"2023-07-04T13:29:26+00:00","mainEntityOfPage":{"@id":"https:\/\/ferienchalet-wallis.ch\/de\/kombiticket-ski-und-langlauf\/"},"wordCount":332,"publisher":{"@id":"https:\/\/ferienchalet-wallis.ch\/#organization"},"image":{"@id":"https:\/\/ferienchalet-wallis.ch\/de\/kombiticket-ski-und-langlauf\/#primaryimage"},"thumbnailUrl":"https:\/\/ferienchalet-wallis.ch\/wp-content\/uploads\/2022\/12\/Winter_langlauf-1600.jpg","articleSection":["Riederalp","Skifahren","Wintersport"],"inLanguage":"de"},{"@type":"WebPage","@id":"https:\/\/ferienchalet-wallis.ch\/de\/kombiticket-ski-und-langlauf\/","url":"https:\/\/ferienchalet-wallis.ch\/de\/kombiticket-ski-und-langlauf\/","name":"Kombiticket Ski und Langlauf - Bettmeralp und Riederalp","isPartOf":{"@id":"https:\/\/ferienchalet-wallis.ch\/#website"},"primaryImageOfPage":{"@id":"https:\/\/ferienchalet-wallis.ch\/de\/kombiticket-ski-und-langlauf\/#primaryimage"},"image":{"@id":"https:\/\/ferienchalet-wallis.ch\/de\/kombiticket-ski-und-langlauf\/#primaryimage"},"thumbnailUrl":"https:\/\/ferienchalet-wallis.ch\/wp-content\/uploads\/2022\/12\/Winter_langlauf-1600.jpg","datePublished":"2022-12-06T10:37:51+00:00","dateModified":"2023-07-04T13:29:26+00:00","description":"Die Riederalp hat 2 Langlaufloipen im Stil klassisch und Skating. Neu kann man jetzt bei der Aletsch Arena ein Kombiticket f\u00fcr das Goms erwerben.","breadcrumb":{"@id":"https:\/\/ferienchalet-wallis.ch\/de\/kombiticket-ski-und-langlauf\/#breadcrumb"},"inLanguage":"de","potentialAction":[{"@type":"ReadAction","target":["https:\/\/ferienchalet-wallis.ch\/de\/kombiticket-ski-und-langlauf\/"]}]},{"@type":"ImageObject","inLanguage":"de","@id":"https:\/\/ferienchalet-wallis.ch\/de\/kombiticket-ski-und-langlauf\/#primaryimage","url":"https:\/\/ferienchalet-wallis.ch\/wp-content\/uploads\/2022\/12\/Winter_langlauf-1600.jpg","contentUrl":"https:\/\/ferienchalet-wallis.ch\/wp-content\/uploads\/2022\/12\/Winter_langlauf-1600.jpg","width":1600,"height":1065,"caption":"Langlauf_Oberwallis"},{"@type":"BreadcrumbList","@id":"https:\/\/ferienchalet-wallis.ch\/de\/kombiticket-ski-und-langlauf\/#breadcrumb","itemListElement":[{"@type":"ListItem","position":1,"name":"Home","item":"https:\/\/ferienchalet-wallis.ch\/"},{"@type":"ListItem","position":2,"name":"Kombiticket Ski und Langlauf"}]},{"@type":"WebSite","@id":"https:\/\/ferienchalet-wallis.ch\/#website","url":"https:\/\/ferienchalet-wallis.ch\/","name":"Bettmeralp und Riederalp","description":"Kranzfelder Markus","publisher":{"@id":"https:\/\/ferienchalet-wallis.ch\/#organization"},"potentialAction":[{"@type":"SearchAction","target":{"@type":"EntryPoint","urlTemplate":"https:\/\/ferienchalet-wallis.ch\/?s={search_term_string}"},"query-input":{"@type":"PropertyValueSpecification","valueRequired":true,"valueName":"search_term_string"}}],"inLanguage":"de"},{"@type":"Organization","@id":"https:\/\/ferienchalet-wallis.ch\/#organization","name":"Liegenschaftsbetreuung \/ Vermietung \u2013 M. Kranzfelder","url":"https:\/\/ferienchalet-wallis.ch\/","logo":{"@type":"ImageObject","inLanguage":"de","@id":"https:\/\/ferienchalet-wallis.ch\/#\/schema\/logo\/image\/","url":"https:\/\/ferienchalet-wallis.ch\/wp-content\/uploads\/2022\/01\/Logo_Kranzfelder.png","contentUrl":"https:\/\/ferienchalet-wallis.ch\/wp-content\/uploads\/2022\/01\/Logo_Kranzfelder.png","width":1526,"height":447,"caption":"Liegenschaftsbetreuung \/ Vermietung \u2013 M. Kranzfelder"},"image":{"@id":"https:\/\/ferienchalet-wallis.ch\/#\/schema\/logo\/image\/"}},{"@type":"Person","@id":"https:\/\/ferienchalet-wallis.ch\/#\/schema\/person\/18b3f062b0514bc953799175b9bfdd2b","name":"WalliSaar","image":{"@type":"ImageObject","inLanguage":"de","@id":"https:\/\/secure.gravatar.com\/avatar\/1be7f9468eac0e02f655be9ab758a01ae5dc72d678841cc4898d463993c78d36?s=96&d=initials&r=g&initials=ru","url":"https:\/\/secure.gravatar.com\/avatar\/1be7f9468eac0e02f655be9ab758a01ae5dc72d678841cc4898d463993c78d36?s=96&d=initials&r=g&initials=ru","contentUrl":"https:\/\/secure.gravatar.com\/avatar\/1be7f9468eac0e02f655be9ab758a01ae5dc72d678841cc4898d463993c78d36?s=96&d=initials&r=g&initials=ru","caption":"WalliSaar"},"description":"Mein Name ist Anja Ruch und ich schreibe die Blogbeitr\u00e4ge f\u00fcr das Ehepaar Markus &amp; Tabitha Kranzfelder. Der Name WalliSaar gr\u00fcndet sich auf meinen Wurzeln im Saarland und den neuen im Wallis. My name is Anja Ruch and I write the blog entries for the Markus &amp; Tabitha Kranzfelder couple. The name WalliSaar shows the connection to my old roots in Saarland and the new ones in Valais.","sameAs":["https:\/\/www.ferienchalet-wallis.ch\/blog"],"url":"https:\/\/ferienchalet-wallis.ch\/de\/author\/wallisaar\/"}]}},"_links":{"self":[{"href":"https:\/\/ferienchalet-wallis.ch\/de\/wp-json\/wp\/v2\/posts\/1267","targetHints":{"allow":["GET"]}}],"collection":[{"href":"https:\/\/ferienchalet-wallis.ch\/de\/wp-json\/wp\/v2\/posts"}],"about":[{"href":"https:\/\/ferienchalet-wallis.ch\/de\/wp-json\/wp\/v2\/types\/post"}],"author":[{"embeddable":true,"href":"https:\/\/ferienchalet-wallis.ch\/de\/wp-json\/wp\/v2\/users\/3"}],"replies":[{"embeddable":true,"href":"https:\/\/ferienchalet-wallis.ch\/de\/wp-json\/wp\/v2\/comments?post=1267"}],"version-history":[{"count":4,"href":"https:\/\/ferienchalet-wallis.ch\/de\/wp-json\/wp\/v2\/posts\/1267\/revisions"}],"predecessor-version":[{"id":1487,"href":"https:\/\/ferienchalet-wallis.ch\/de\/wp-json\/wp\/v2\/posts\/1267\/revisions\/1487"}],"wp:featuredmedia":[{"embeddable":true,"href":"https:\/\/ferienchalet-wallis.ch\/de\/wp-json\/wp\/v2\/media\/1268"}],"wp:attachment":[{"href":"https:\/\/ferienchalet-wallis.ch\/de\/wp-json\/wp\/v2\/media?parent=1267"}],"wp:term":[{"taxonomy":"category","embeddable":true,"href":"https:\/\/ferienchalet-wallis.ch\/de\/wp-json\/wp\/v2\/categories?post=1267"},{"taxonomy":"post_tag","embeddable":true,"href":"https:\/\/ferienchalet-wallis.ch\/de\/wp-json\/wp\/v2\/tags?post=1267"}],"curies":[{"name":"wp","href":"https:\/\/api.w.org\/{rel}","templated":true}]}}