{"id":1278,"date":"2022-12-20T13:44:35","date_gmt":"2022-12-20T13:44:35","guid":{"rendered":"https:\/\/ferienchalet-wallis.ch\/?p=1278"},"modified":"2026-01-20T15:46:13","modified_gmt":"2026-01-20T15:46:13","slug":"der-hit-fondue-mit-abendstimmung","status":"publish","type":"post","link":"https:\/\/ferienchalet-wallis.ch\/de\/der-hit-fondue-mit-abendstimmung\/","title":{"rendered":"Der Hit &#8211; Fondue mit Abendstimmung"},"content":{"rendered":"\n<style type=\"text\/css\" data-created_by=\"avia_inline_auto\" id=\"style-css-av-ljoapygf-420e446e2ce535e84b2f3bf9715e61e3\">\n#top .av-special-heading.av-ljoapygf-420e446e2ce535e84b2f3bf9715e61e3{\npadding-bottom:10px;\n}\nbody .av-special-heading.av-ljoapygf-420e446e2ce535e84b2f3bf9715e61e3 .av-special-heading-tag .heading-char{\nfont-size:25px;\n}\n.av-special-heading.av-ljoapygf-420e446e2ce535e84b2f3bf9715e61e3 .av-subheading{\nfont-size:15px;\n}\n<\/style>\n<div  class='av-special-heading av-ljoapygf-420e446e2ce535e84b2f3bf9715e61e3 av-special-heading-h2  avia-builder-el-0  el_before_av_textblock  avia-builder-el-first '><h2 class='av-special-heading-tag'  itemprop=\"headline\"  >Mit der Fonduegondel auf das Bettmerhorn<\/h2><div class=\"special-heading-border\"><div class=\"special-heading-inner-border\"><\/div><\/div><\/div>\n<section  class='av_textblock_section av-lbw9xs5z-155487d9d8e60ea2faf8960150de4996'  itemscope=\"itemscope\" itemtype=\"https:\/\/schema.org\/BlogPosting\" itemprop=\"blogPost\" ><div class='avia_textblock'  itemprop=\"text\" ><p>Wenn man Ferien hat, w\u00fcnscht man sich besondere Erlebnisse. Ein Erlebnis dieser Art ist die Fonduegondel auf das Bettmerhorn. Mit der Gondelbahn Bettmeralp geht es gem\u00fctlich auf und ab mit Aussicht auf die stimmungsvolle Lichterwelt im Rhonetal. W\u00e4hrend man bei Wein und Tee und entspannter Unterhaltung sein K\u00e4sefondue geniesst, k\u00f6nnen 4 Personen in einer Gondel Platz nehmen. Es geht aber auch zu zweit als romantisches Date mit der Freundin. Oder mal wieder die Wertsch\u00e4tzung f\u00fcr die beste aller Ehefrauen zum Ausdruck bringen mit einem T\u00eate-\u00e0-T\u00eate.<\/p>\n<p>Das Event findet ab 26. Dezember 2022 immer montags von 18 bis 20 Uhr statt. <a href=\"https:\/\/www.aletscharena.ch\/planen-buchen\/angebote-erlebnisse\/angebot\/fonduegondel-bettmerhorn\" target=\"_blank\" rel=\"noopener\">Termine, Preise und Leistungen<\/a> finden Sie auf der Webseite der Aletscharena.<\/p>\n<p>\u00dcbrigens: K\u00e4sefondue isst man erst seit den 1950er Jahren. Das erste Fonduerezept stammt aus dem Kochbuch der Z\u00fcrcherin Anna Maria Gessner-Kitt von 1699. Und denken Sie immer daran, wenn Sie sich zu Tisch begeben: wer sein St\u00fcck Brot beim K\u00e4setunken verliert, muss seinem linken Sitznachbarn einen Kuss geben.<\/p>\n<p><em>Still chunnt Nacht \u00fcf Dorf und Hitta, Liechtjini br\u00e4nnend warm und froh.<\/em><br \/><em> \u00c4sse tie wer g\u00e4re \u00e4s Fondue, bisch derbi odr tr\u00f6imsch derva?<\/em><\/p>\n<\/div><\/section>\n<div class='flex_column av-av_one_half-a93934ecd89fbb8a9566d39e89cd3725 av_one_half  avia-builder-el-2  el_after_av_textblock  avia-builder-el-last  first flex_column_div column-top-margin'   ><p><div  class='av-post-metadata-container av-av_post_metadata-423c7d605f54a9eceebb3c30257fc51e av-metadata-container-align-left  avia-builder-el-3  el_before_av_social_share  avia-builder-el-first  av-metadata-container-1'><div class='av-post-metadata-container-inner'><span class=\"av-post-metadata-content av-post-metadata-meta-content\"><span class=\"av-post-metadata-content av-post-metadata-author\"  itemprop=\"author\" ><span class=\"av-metadata-before av-metadata-before-author\">von<\/span><span class=\"av-post-metadata-author-link\" ><a href=\"https:\/\/ferienchalet-wallis.ch\/de\/author\/wallisaar\/\"  rel=\"author\">WalliSaar<\/a><\/span><\/span><span class=\"av-post-metadata-content av-post-metadata-separator\">\/<\/span><span class=\"av-post-metadata-content av-post-metadata-published\"><span class=\"av-post-metadata-published-date\" >Dezember 20, 2022<\/span><\/span><\/span><\/div><\/div><br \/>\n<div  class='av-social-sharing-box av-av_social_share-398750fc99475fcfe758f71cddcc6a8d av-social-sharing-box-circle  avia-builder-el-4  el_after_av_post_metadata  avia-builder-el-last  av-social-sharing-box-color-bg av-social-sharing-box-same-width'><div class=\"av-share-box\"><h5 class='av-share-link-description av-no-toc '>Eintrag teilen<\/h5><ul class=\"av-share-box-list noLightbox\"><li class='av-share-link av-social-link-facebook' ><a target=\"_blank\" aria-label=\"Teilen auf Facebook\" href='https:\/\/www.facebook.com\/sharer.php?u=https:\/\/ferienchalet-wallis.ch\/de\/der-hit-fondue-mit-abendstimmung\/&#038;t=Der%20Hit%20%E2%80%93%20Fondue%20mit%20Abendstimmung' aria-hidden='false' data-av_icon='\ue8f3' data-av_iconfont='entypo-fontello' title='' data-avia-related-tooltip='Teilen auf Facebook' rel=\"noopener\"><span class='avia_hidden_link_text'>Teilen auf Facebook<\/span><\/a><\/li><li class='av-share-link av-social-link-whatsapp' ><a target=\"_blank\" aria-label=\"Teilen auf WhatsApp\" href='https:\/\/api.whatsapp.com\/send?text=https:\/\/ferienchalet-wallis.ch\/de\/der-hit-fondue-mit-abendstimmung\/' aria-hidden='false' data-av_icon='\uf232' data-av_iconfont='entypo-fontello' title='' data-avia-related-tooltip='Teilen auf WhatsApp' rel=\"noopener\"><span class='avia_hidden_link_text'>Teilen auf WhatsApp<\/span><\/a><\/li><\/ul><\/div><\/div><\/p><\/div>\n","protected":false},"excerpt":{"rendered":"","protected":false},"author":3,"featured_media":431,"comment_status":"closed","ping_status":"closed","sticky":false,"template":"","format":"standard","meta":{"footnotes":""},"categories":[6,8],"tags":[],"class_list":["post-1278","post","type-post","status-publish","format-standard","has-post-thumbnail","hentry","category-aletsch","category-bettmeralp"],"yoast_head":"<!-- This site is optimized with the Yoast SEO plugin v27.4 - https:\/\/yoast.com\/product\/yoast-seo-wordpress\/ -->\n<title>Der Hit - Fondue mit Abendstimmung - Bettmeralp und Riederalp<\/title>\n<meta name=\"description\" content=\"Die Fonduegondel auf der Bettmeralp - Gem\u00fctlich zusammensitzen bei Wein und Tee, dabei essen und die Abendstimmung geniessen.\" \/>\n<meta name=\"robots\" content=\"index, follow, max-snippet:-1, max-image-preview:large, max-video-preview:-1\" \/>\n<link rel=\"canonical\" href=\"https:\/\/ferienchalet-wallis.ch\/de\/der-hit-fondue-mit-abendstimmung\/\" \/>\n<meta property=\"og:locale\" content=\"de_DE\" \/>\n<meta property=\"og:type\" content=\"article\" \/>\n<meta property=\"og:title\" content=\"Der Hit - Fondue mit Abendstimmung - Bettmeralp und Riederalp\" \/>\n<meta property=\"og:description\" content=\"Die Fonduegondel auf der Bettmeralp - Gem\u00fctlich zusammensitzen bei Wein und Tee, dabei essen und die Abendstimmung geniessen.\" \/>\n<meta property=\"og:url\" content=\"https:\/\/ferienchalet-wallis.ch\/de\/der-hit-fondue-mit-abendstimmung\/\" \/>\n<meta property=\"og:site_name\" content=\"Bettmeralp und Riederalp\" \/>\n<meta property=\"article:published_time\" content=\"2022-12-20T13:44:35+00:00\" \/>\n<meta property=\"article:modified_time\" content=\"2026-01-20T15:46:13+00:00\" \/>\n<meta property=\"og:image\" content=\"https:\/\/ferienchalet-wallis.ch\/wp-content\/uploads\/2022\/04\/Winter-Bettmerhorn-1030x687.jpg\" \/>\n\t<meta property=\"og:image:width\" content=\"1030\" \/>\n\t<meta property=\"og:image:height\" content=\"687\" \/>\n\t<meta property=\"og:image:type\" content=\"image\/jpeg\" \/>\n<meta name=\"author\" content=\"WalliSaar\" \/>\n<meta name=\"twitter:card\" content=\"summary_large_image\" \/>\n<meta name=\"twitter:label1\" content=\"Verfasst von\" \/>\n\t<meta name=\"twitter:data1\" content=\"WalliSaar\" \/>\n\t<meta name=\"twitter:label2\" content=\"Gesch\u00e4tzte Lesezeit\" \/>\n\t<meta name=\"twitter:data2\" content=\"2\u00a0Minuten\" \/>\n<script type=\"application\/ld+json\" class=\"yoast-schema-graph\">{\"@context\":\"https:\\\/\\\/schema.org\",\"@graph\":[{\"@type\":\"Article\",\"@id\":\"https:\\\/\\\/ferienchalet-wallis.ch\\\/der-hit-fondue-mit-abendstimmung\\\/#article\",\"isPartOf\":{\"@id\":\"https:\\\/\\\/ferienchalet-wallis.ch\\\/der-hit-fondue-mit-abendstimmung\\\/\"},\"author\":{\"name\":\"WalliSaar\",\"@id\":\"https:\\\/\\\/ferienchalet-wallis.ch\\\/#\\\/schema\\\/person\\\/18b3f062b0514bc953799175b9bfdd2b\"},\"headline\":\"Der Hit &#8211; Fondue mit Abendstimmung\",\"datePublished\":\"2022-12-20T13:44:35+00:00\",\"dateModified\":\"2026-01-20T15:46:13+00:00\",\"mainEntityOfPage\":{\"@id\":\"https:\\\/\\\/ferienchalet-wallis.ch\\\/der-hit-fondue-mit-abendstimmung\\\/\"},\"wordCount\":656,\"publisher\":{\"@id\":\"https:\\\/\\\/ferienchalet-wallis.ch\\\/#organization\"},\"image\":{\"@id\":\"https:\\\/\\\/ferienchalet-wallis.ch\\\/der-hit-fondue-mit-abendstimmung\\\/#primaryimage\"},\"thumbnailUrl\":\"https:\\\/\\\/ferienchalet-wallis.ch\\\/wp-content\\\/uploads\\\/2022\\\/04\\\/Winter-Bettmerhorn-scaled.jpg\",\"articleSection\":[\"Aletsch\",\"Bettmeralp\"],\"inLanguage\":\"de\"},{\"@type\":\"WebPage\",\"@id\":\"https:\\\/\\\/ferienchalet-wallis.ch\\\/der-hit-fondue-mit-abendstimmung\\\/\",\"url\":\"https:\\\/\\\/ferienchalet-wallis.ch\\\/der-hit-fondue-mit-abendstimmung\\\/\",\"name\":\"Der Hit - Fondue mit Abendstimmung - Bettmeralp und Riederalp\",\"isPartOf\":{\"@id\":\"https:\\\/\\\/ferienchalet-wallis.ch\\\/#website\"},\"primaryImageOfPage\":{\"@id\":\"https:\\\/\\\/ferienchalet-wallis.ch\\\/der-hit-fondue-mit-abendstimmung\\\/#primaryimage\"},\"image\":{\"@id\":\"https:\\\/\\\/ferienchalet-wallis.ch\\\/der-hit-fondue-mit-abendstimmung\\\/#primaryimage\"},\"thumbnailUrl\":\"https:\\\/\\\/ferienchalet-wallis.ch\\\/wp-content\\\/uploads\\\/2022\\\/04\\\/Winter-Bettmerhorn-scaled.jpg\",\"datePublished\":\"2022-12-20T13:44:35+00:00\",\"dateModified\":\"2026-01-20T15:46:13+00:00\",\"description\":\"Die Fonduegondel auf der Bettmeralp - Gem\u00fctlich zusammensitzen bei Wein und Tee, dabei essen und die Abendstimmung geniessen.\",\"breadcrumb\":{\"@id\":\"https:\\\/\\\/ferienchalet-wallis.ch\\\/der-hit-fondue-mit-abendstimmung\\\/#breadcrumb\"},\"inLanguage\":\"de\",\"potentialAction\":[{\"@type\":\"ReadAction\",\"target\":[\"https:\\\/\\\/ferienchalet-wallis.ch\\\/der-hit-fondue-mit-abendstimmung\\\/\"]}]},{\"@type\":\"ImageObject\",\"inLanguage\":\"de\",\"@id\":\"https:\\\/\\\/ferienchalet-wallis.ch\\\/der-hit-fondue-mit-abendstimmung\\\/#primaryimage\",\"url\":\"https:\\\/\\\/ferienchalet-wallis.ch\\\/wp-content\\\/uploads\\\/2022\\\/04\\\/Winter-Bettmerhorn-scaled.jpg\",\"contentUrl\":\"https:\\\/\\\/ferienchalet-wallis.ch\\\/wp-content\\\/uploads\\\/2022\\\/04\\\/Winter-Bettmerhorn-scaled.jpg\",\"width\":2560,\"height\":1707,\"caption\":\"Bettmerhorn im Winter\"},{\"@type\":\"BreadcrumbList\",\"@id\":\"https:\\\/\\\/ferienchalet-wallis.ch\\\/der-hit-fondue-mit-abendstimmung\\\/#breadcrumb\",\"itemListElement\":[{\"@type\":\"ListItem\",\"position\":1,\"name\":\"Home\",\"item\":\"https:\\\/\\\/ferienchalet-wallis.ch\\\/\"},{\"@type\":\"ListItem\",\"position\":2,\"name\":\"Der Hit &#8211; Fondue mit Abendstimmung\"}]},{\"@type\":\"WebSite\",\"@id\":\"https:\\\/\\\/ferienchalet-wallis.ch\\\/#website\",\"url\":\"https:\\\/\\\/ferienchalet-wallis.ch\\\/\",\"name\":\"Bettmeralp und Riederalp\",\"description\":\"Kranzfelder Markus\",\"publisher\":{\"@id\":\"https:\\\/\\\/ferienchalet-wallis.ch\\\/#organization\"},\"potentialAction\":[{\"@type\":\"SearchAction\",\"target\":{\"@type\":\"EntryPoint\",\"urlTemplate\":\"https:\\\/\\\/ferienchalet-wallis.ch\\\/?s={search_term_string}\"},\"query-input\":{\"@type\":\"PropertyValueSpecification\",\"valueRequired\":true,\"valueName\":\"search_term_string\"}}],\"inLanguage\":\"de\"},{\"@type\":\"Organization\",\"@id\":\"https:\\\/\\\/ferienchalet-wallis.ch\\\/#organization\",\"name\":\"Liegenschaftsbetreuung \\\/ Vermietung \u2013 M. Kranzfelder\",\"url\":\"https:\\\/\\\/ferienchalet-wallis.ch\\\/\",\"logo\":{\"@type\":\"ImageObject\",\"inLanguage\":\"de\",\"@id\":\"https:\\\/\\\/ferienchalet-wallis.ch\\\/#\\\/schema\\\/logo\\\/image\\\/\",\"url\":\"https:\\\/\\\/ferienchalet-wallis.ch\\\/wp-content\\\/uploads\\\/2022\\\/01\\\/Logo_Kranzfelder.png\",\"contentUrl\":\"https:\\\/\\\/ferienchalet-wallis.ch\\\/wp-content\\\/uploads\\\/2022\\\/01\\\/Logo_Kranzfelder.png\",\"width\":1526,\"height\":447,\"caption\":\"Liegenschaftsbetreuung \\\/ Vermietung \u2013 M. Kranzfelder\"},\"image\":{\"@id\":\"https:\\\/\\\/ferienchalet-wallis.ch\\\/#\\\/schema\\\/logo\\\/image\\\/\"}},{\"@type\":\"Person\",\"@id\":\"https:\\\/\\\/ferienchalet-wallis.ch\\\/#\\\/schema\\\/person\\\/18b3f062b0514bc953799175b9bfdd2b\",\"name\":\"WalliSaar\",\"image\":{\"@type\":\"ImageObject\",\"inLanguage\":\"de\",\"@id\":\"https:\\\/\\\/secure.gravatar.com\\\/avatar\\\/1be7f9468eac0e02f655be9ab758a01ae5dc72d678841cc4898d463993c78d36?s=96&d=initials&r=g&initials=ru\",\"url\":\"https:\\\/\\\/secure.gravatar.com\\\/avatar\\\/1be7f9468eac0e02f655be9ab758a01ae5dc72d678841cc4898d463993c78d36?s=96&d=initials&r=g&initials=ru\",\"contentUrl\":\"https:\\\/\\\/secure.gravatar.com\\\/avatar\\\/1be7f9468eac0e02f655be9ab758a01ae5dc72d678841cc4898d463993c78d36?s=96&d=initials&r=g&initials=ru\",\"caption\":\"WalliSaar\"},\"description\":\"Mein Name ist Anja Ruch und ich schreibe die Blogbeitr\u00e4ge f\u00fcr das Ehepaar Markus &amp; Tabitha Kranzfelder. Der Name WalliSaar gr\u00fcndet sich auf meinen Wurzeln im Saarland und den neuen im Wallis. My name is Anja Ruch and I write the blog entries for the Markus &amp; Tabitha Kranzfelder couple. The name WalliSaar shows the connection to my old roots in Saarland and the new ones in Valais.\",\"sameAs\":[\"https:\\\/\\\/www.ferienchalet-wallis.ch\\\/blog\"],\"url\":\"https:\\\/\\\/ferienchalet-wallis.ch\\\/de\\\/author\\\/wallisaar\\\/\"}]}<\/script>\n<!-- \/ Yoast SEO plugin. -->","yoast_head_json":{"title":"Der Hit - Fondue mit Abendstimmung - Bettmeralp und Riederalp","description":"Die Fonduegondel auf der Bettmeralp - Gem\u00fctlich zusammensitzen bei Wein und Tee, dabei essen und die Abendstimmung geniessen.","robots":{"index":"index","follow":"follow","max-snippet":"max-snippet:-1","max-image-preview":"max-image-preview:large","max-video-preview":"max-video-preview:-1"},"canonical":"https:\/\/ferienchalet-wallis.ch\/de\/der-hit-fondue-mit-abendstimmung\/","og_locale":"de_DE","og_type":"article","og_title":"Der Hit - Fondue mit Abendstimmung - Bettmeralp und Riederalp","og_description":"Die Fonduegondel auf der Bettmeralp - Gem\u00fctlich zusammensitzen bei Wein und Tee, dabei essen und die Abendstimmung geniessen.","og_url":"https:\/\/ferienchalet-wallis.ch\/de\/der-hit-fondue-mit-abendstimmung\/","og_site_name":"Bettmeralp und Riederalp","article_published_time":"2022-12-20T13:44:35+00:00","article_modified_time":"2026-01-20T15:46:13+00:00","og_image":[{"width":1030,"height":687,"url":"https:\/\/ferienchalet-wallis.ch\/wp-content\/uploads\/2022\/04\/Winter-Bettmerhorn-1030x687.jpg","type":"image\/jpeg"}],"author":"WalliSaar","twitter_card":"summary_large_image","twitter_misc":{"Verfasst von":"WalliSaar","Gesch\u00e4tzte Lesezeit":"2\u00a0Minuten"},"schema":{"@context":"https:\/\/schema.org","@graph":[{"@type":"Article","@id":"https:\/\/ferienchalet-wallis.ch\/der-hit-fondue-mit-abendstimmung\/#article","isPartOf":{"@id":"https:\/\/ferienchalet-wallis.ch\/der-hit-fondue-mit-abendstimmung\/"},"author":{"name":"WalliSaar","@id":"https:\/\/ferienchalet-wallis.ch\/#\/schema\/person\/18b3f062b0514bc953799175b9bfdd2b"},"headline":"Der Hit &#8211; Fondue mit Abendstimmung","datePublished":"2022-12-20T13:44:35+00:00","dateModified":"2026-01-20T15:46:13+00:00","mainEntityOfPage":{"@id":"https:\/\/ferienchalet-wallis.ch\/der-hit-fondue-mit-abendstimmung\/"},"wordCount":656,"publisher":{"@id":"https:\/\/ferienchalet-wallis.ch\/#organization"},"image":{"@id":"https:\/\/ferienchalet-wallis.ch\/der-hit-fondue-mit-abendstimmung\/#primaryimage"},"thumbnailUrl":"https:\/\/ferienchalet-wallis.ch\/wp-content\/uploads\/2022\/04\/Winter-Bettmerhorn-scaled.jpg","articleSection":["Aletsch","Bettmeralp"],"inLanguage":"de"},{"@type":"WebPage","@id":"https:\/\/ferienchalet-wallis.ch\/der-hit-fondue-mit-abendstimmung\/","url":"https:\/\/ferienchalet-wallis.ch\/der-hit-fondue-mit-abendstimmung\/","name":"Der Hit - Fondue mit Abendstimmung - Bettmeralp und Riederalp","isPartOf":{"@id":"https:\/\/ferienchalet-wallis.ch\/#website"},"primaryImageOfPage":{"@id":"https:\/\/ferienchalet-wallis.ch\/der-hit-fondue-mit-abendstimmung\/#primaryimage"},"image":{"@id":"https:\/\/ferienchalet-wallis.ch\/der-hit-fondue-mit-abendstimmung\/#primaryimage"},"thumbnailUrl":"https:\/\/ferienchalet-wallis.ch\/wp-content\/uploads\/2022\/04\/Winter-Bettmerhorn-scaled.jpg","datePublished":"2022-12-20T13:44:35+00:00","dateModified":"2026-01-20T15:46:13+00:00","description":"Die Fonduegondel auf der Bettmeralp - Gem\u00fctlich zusammensitzen bei Wein und Tee, dabei essen und die Abendstimmung geniessen.","breadcrumb":{"@id":"https:\/\/ferienchalet-wallis.ch\/der-hit-fondue-mit-abendstimmung\/#breadcrumb"},"inLanguage":"de","potentialAction":[{"@type":"ReadAction","target":["https:\/\/ferienchalet-wallis.ch\/der-hit-fondue-mit-abendstimmung\/"]}]},{"@type":"ImageObject","inLanguage":"de","@id":"https:\/\/ferienchalet-wallis.ch\/der-hit-fondue-mit-abendstimmung\/#primaryimage","url":"https:\/\/ferienchalet-wallis.ch\/wp-content\/uploads\/2022\/04\/Winter-Bettmerhorn-scaled.jpg","contentUrl":"https:\/\/ferienchalet-wallis.ch\/wp-content\/uploads\/2022\/04\/Winter-Bettmerhorn-scaled.jpg","width":2560,"height":1707,"caption":"Bettmerhorn im Winter"},{"@type":"BreadcrumbList","@id":"https:\/\/ferienchalet-wallis.ch\/der-hit-fondue-mit-abendstimmung\/#breadcrumb","itemListElement":[{"@type":"ListItem","position":1,"name":"Home","item":"https:\/\/ferienchalet-wallis.ch\/"},{"@type":"ListItem","position":2,"name":"Der Hit &#8211; Fondue mit Abendstimmung"}]},{"@type":"WebSite","@id":"https:\/\/ferienchalet-wallis.ch\/#website","url":"https:\/\/ferienchalet-wallis.ch\/","name":"Bettmeralp und Riederalp","description":"Kranzfelder Markus","publisher":{"@id":"https:\/\/ferienchalet-wallis.ch\/#organization"},"potentialAction":[{"@type":"SearchAction","target":{"@type":"EntryPoint","urlTemplate":"https:\/\/ferienchalet-wallis.ch\/?s={search_term_string}"},"query-input":{"@type":"PropertyValueSpecification","valueRequired":true,"valueName":"search_term_string"}}],"inLanguage":"de"},{"@type":"Organization","@id":"https:\/\/ferienchalet-wallis.ch\/#organization","name":"Liegenschaftsbetreuung \/ Vermietung \u2013 M. Kranzfelder","url":"https:\/\/ferienchalet-wallis.ch\/","logo":{"@type":"ImageObject","inLanguage":"de","@id":"https:\/\/ferienchalet-wallis.ch\/#\/schema\/logo\/image\/","url":"https:\/\/ferienchalet-wallis.ch\/wp-content\/uploads\/2022\/01\/Logo_Kranzfelder.png","contentUrl":"https:\/\/ferienchalet-wallis.ch\/wp-content\/uploads\/2022\/01\/Logo_Kranzfelder.png","width":1526,"height":447,"caption":"Liegenschaftsbetreuung \/ Vermietung \u2013 M. Kranzfelder"},"image":{"@id":"https:\/\/ferienchalet-wallis.ch\/#\/schema\/logo\/image\/"}},{"@type":"Person","@id":"https:\/\/ferienchalet-wallis.ch\/#\/schema\/person\/18b3f062b0514bc953799175b9bfdd2b","name":"WalliSaar","image":{"@type":"ImageObject","inLanguage":"de","@id":"https:\/\/secure.gravatar.com\/avatar\/1be7f9468eac0e02f655be9ab758a01ae5dc72d678841cc4898d463993c78d36?s=96&d=initials&r=g&initials=ru","url":"https:\/\/secure.gravatar.com\/avatar\/1be7f9468eac0e02f655be9ab758a01ae5dc72d678841cc4898d463993c78d36?s=96&d=initials&r=g&initials=ru","contentUrl":"https:\/\/secure.gravatar.com\/avatar\/1be7f9468eac0e02f655be9ab758a01ae5dc72d678841cc4898d463993c78d36?s=96&d=initials&r=g&initials=ru","caption":"WalliSaar"},"description":"Mein Name ist Anja Ruch und ich schreibe die Blogbeitr\u00e4ge f\u00fcr das Ehepaar Markus &amp; Tabitha Kranzfelder. Der Name WalliSaar gr\u00fcndet sich auf meinen Wurzeln im Saarland und den neuen im Wallis. My name is Anja Ruch and I write the blog entries for the Markus &amp; Tabitha Kranzfelder couple. The name WalliSaar shows the connection to my old roots in Saarland and the new ones in Valais.","sameAs":["https:\/\/www.ferienchalet-wallis.ch\/blog"],"url":"https:\/\/ferienchalet-wallis.ch\/de\/author\/wallisaar\/"}]}},"_links":{"self":[{"href":"https:\/\/ferienchalet-wallis.ch\/de\/wp-json\/wp\/v2\/posts\/1278","targetHints":{"allow":["GET"]}}],"collection":[{"href":"https:\/\/ferienchalet-wallis.ch\/de\/wp-json\/wp\/v2\/posts"}],"about":[{"href":"https:\/\/ferienchalet-wallis.ch\/de\/wp-json\/wp\/v2\/types\/post"}],"author":[{"embeddable":true,"href":"https:\/\/ferienchalet-wallis.ch\/de\/wp-json\/wp\/v2\/users\/3"}],"replies":[{"embeddable":true,"href":"https:\/\/ferienchalet-wallis.ch\/de\/wp-json\/wp\/v2\/comments?post=1278"}],"version-history":[{"count":9,"href":"https:\/\/ferienchalet-wallis.ch\/de\/wp-json\/wp\/v2\/posts\/1278\/revisions"}],"predecessor-version":[{"id":2931,"href":"https:\/\/ferienchalet-wallis.ch\/de\/wp-json\/wp\/v2\/posts\/1278\/revisions\/2931"}],"wp:featuredmedia":[{"embeddable":true,"href":"https:\/\/ferienchalet-wallis.ch\/de\/wp-json\/wp\/v2\/media\/431"}],"wp:attachment":[{"href":"https:\/\/ferienchalet-wallis.ch\/de\/wp-json\/wp\/v2\/media?parent=1278"}],"wp:term":[{"taxonomy":"category","embeddable":true,"href":"https:\/\/ferienchalet-wallis.ch\/de\/wp-json\/wp\/v2\/categories?post=1278"},{"taxonomy":"post_tag","embeddable":true,"href":"https:\/\/ferienchalet-wallis.ch\/de\/wp-json\/wp\/v2\/tags?post=1278"}],"curies":[{"name":"wp","href":"https:\/\/api.w.org\/{rel}","templated":true}]}}