{"id":1304,"date":"2023-01-04T09:46:18","date_gmt":"2023-01-04T09:46:18","guid":{"rendered":"https:\/\/ferienchalet-wallis.ch\/?p=1304"},"modified":"2023-07-04T12:57:31","modified_gmt":"2023-07-04T12:57:31","slug":"first-track-als-erster-auf-der-skipiste","status":"publish","type":"post","link":"https:\/\/ferienchalet-wallis.ch\/de\/first-track-als-erster-auf-der-skipiste\/","title":{"rendered":"First track \u2013 Als Erster auf der Skipiste"},"content":{"rendered":"\n<style type=\"text\/css\" data-created_by=\"avia_inline_auto\" id=\"style-css-av-ljoaos40-b5f87650153f6655f5f5d712a70aae05\">\n#top .av-special-heading.av-ljoaos40-b5f87650153f6655f5f5d712a70aae05{\npadding-bottom:10px;\n}\nbody .av-special-heading.av-ljoaos40-b5f87650153f6655f5f5d712a70aae05 .av-special-heading-tag .heading-char{\nfont-size:25px;\n}\n.av-special-heading.av-ljoaos40-b5f87650153f6655f5f5d712a70aae05 .av-subheading{\nfont-size:15px;\n}\n<\/style>\n<div  class='av-special-heading av-ljoaos40-b5f87650153f6655f5f5d712a70aae05 av-special-heading-h2  avia-builder-el-0  el_before_av_textblock  avia-builder-el-first '><h2 class='av-special-heading-tag'  itemprop=\"headline\"  >Skifahren ohne Konkurrenz<\/h2><div class=\"special-heading-border\"><div class=\"special-heading-inner-border\"><\/div><\/div><\/div>\n<section  class='av_textblock_section av-lchgzc8r-3ba724e6e8f2d8abf45c4a024937d16d'  itemscope=\"itemscope\" itemtype=\"https:\/\/schema.org\/BlogPosting\" itemprop=\"blogPost\" ><div class='avia_textblock'  itemprop=\"text\" ><h4>Eine unber\u00fchrte Skipiste<\/h4>\n<p>Ist Ihnen das schon jemals passiert? Sie sind fr\u00fch auf und haben eine unber\u00fchrte Skipiste vor sich. Keine Konkurrenz und keine volle, zerfahrene Piste. Also, bei mir ist das noch nie vorgefallen. Nun, man sollte halt auch fr\u00fch aufstehen. Um 8.15 Uhr geht\u2019s los mit einem Skilehrer in der Gondelbahn zum Bettmerhorn. Erst einmal die Aussicht geniessen und die Walliser Berge anschauen. Vielleicht bei einem sch\u00f6nen Sonnenaufgang im Dezember oder einem klaren Wintertag im Februar. Immer wieder ein Traum. Und dann mit Schwung die frisch pr\u00e4parierte Piste abfahren. Cool!<\/p>\n<h4>Nach der Abfahrt noch ein Fr\u00fchst\u00fcck<\/h4>\n<p>Das <a href=\"https:\/\/www.aletscharena.ch\/planen-buchen\/angebote-erlebnisse\/angebot\/first-track-bettmerhorn\" target=\"_blank\" rel=\"noopener\">Angebot<\/a> gilt bis 10 Uhr und ist an jedem Dienstag bis Saisonende buchbar. Im Restaurant B\u00e4ttmerhitta schliessen Sie das Erlebnis mit Fr\u00fchst\u00fcck und Skilehrer und einer flotten Unterhaltung \u00fcber den Grossen Aletschgletscher ab. Und nat\u00fcrlich sollten Sie im Besitz eines g\u00fcltigen Skipasses sein.<\/p>\n<p><em>Vam Winter d sch\u00f6nschtesch Siita, isch z\u2019fahre \u00fcf de Schgi<\/em><\/p>\n<\/div><\/section>\n","protected":false},"excerpt":{"rendered":"","protected":false},"author":3,"featured_media":1239,"comment_status":"closed","ping_status":"closed","sticky":false,"template":"","format":"standard","meta":{"footnotes":""},"categories":[6,8,14],"tags":[],"class_list":["post-1304","post","type-post","status-publish","format-standard","has-post-thumbnail","hentry","category-aletsch","category-bettmeralp","category-skifahren"],"yoast_head":"<!-- This site is optimized with the Yoast SEO plugin v27.4 - https:\/\/yoast.com\/product\/yoast-seo-wordpress\/ -->\n<title>First track \u2013 Als Erster auf der Skipiste - Bettmeralp und Riederalp<\/title>\n<meta name=\"description\" content=\"Mit First track der Erste auf den Pisten der Aletsch Arena. Aussicht geniessen und anschliessend fr\u00fchst\u00fccken.\" \/>\n<meta name=\"robots\" content=\"index, follow, max-snippet:-1, max-image-preview:large, max-video-preview:-1\" \/>\n<link rel=\"canonical\" href=\"https:\/\/ferienchalet-wallis.ch\/de\/first-track-als-erster-auf-der-skipiste\/\" \/>\n<meta property=\"og:locale\" content=\"de_DE\" \/>\n<meta property=\"og:type\" content=\"article\" \/>\n<meta property=\"og:title\" content=\"First track \u2013 Als Erster auf der Skipiste - Bettmeralp und Riederalp\" \/>\n<meta property=\"og:description\" content=\"Mit First track der Erste auf den Pisten der Aletsch Arena. Aussicht geniessen und anschliessend fr\u00fchst\u00fccken.\" \/>\n<meta property=\"og:url\" content=\"https:\/\/ferienchalet-wallis.ch\/de\/first-track-als-erster-auf-der-skipiste\/\" \/>\n<meta property=\"og:site_name\" content=\"Bettmeralp und Riederalp\" \/>\n<meta property=\"article:published_time\" content=\"2023-01-04T09:46:18+00:00\" \/>\n<meta property=\"article:modified_time\" content=\"2023-07-04T12:57:31+00:00\" \/>\n<meta property=\"og:image\" content=\"https:\/\/ferienchalet-wallis.ch\/wp-content\/uploads\/2022\/11\/Winter_Bettmerhitta.jpg\" \/>\n\t<meta property=\"og:image:width\" content=\"1600\" \/>\n\t<meta property=\"og:image:height\" content=\"951\" \/>\n\t<meta property=\"og:image:type\" content=\"image\/jpeg\" \/>\n<meta name=\"author\" content=\"WalliSaar\" \/>\n<meta name=\"twitter:card\" content=\"summary_large_image\" \/>\n<meta name=\"twitter:label1\" content=\"Verfasst von\" \/>\n\t<meta name=\"twitter:data1\" content=\"WalliSaar\" \/>\n\t<meta name=\"twitter:label2\" content=\"Gesch\u00e4tzte Lesezeit\" \/>\n\t<meta name=\"twitter:data2\" content=\"2\u00a0Minuten\" \/>\n<script type=\"application\/ld+json\" class=\"yoast-schema-graph\">{\"@context\":\"https:\\\/\\\/schema.org\",\"@graph\":[{\"@type\":\"Article\",\"@id\":\"https:\\\/\\\/ferienchalet-wallis.ch\\\/de\\\/first-track-als-erster-auf-der-skipiste\\\/#article\",\"isPartOf\":{\"@id\":\"https:\\\/\\\/ferienchalet-wallis.ch\\\/de\\\/first-track-als-erster-auf-der-skipiste\\\/\"},\"author\":{\"name\":\"WalliSaar\",\"@id\":\"https:\\\/\\\/ferienchalet-wallis.ch\\\/#\\\/schema\\\/person\\\/18b3f062b0514bc953799175b9bfdd2b\"},\"headline\":\"First track \u2013 Als Erster auf der Skipiste\",\"datePublished\":\"2023-01-04T09:46:18+00:00\",\"dateModified\":\"2023-07-04T12:57:31+00:00\",\"mainEntityOfPage\":{\"@id\":\"https:\\\/\\\/ferienchalet-wallis.ch\\\/de\\\/first-track-als-erster-auf-der-skipiste\\\/\"},\"wordCount\":280,\"publisher\":{\"@id\":\"https:\\\/\\\/ferienchalet-wallis.ch\\\/#organization\"},\"image\":{\"@id\":\"https:\\\/\\\/ferienchalet-wallis.ch\\\/de\\\/first-track-als-erster-auf-der-skipiste\\\/#primaryimage\"},\"thumbnailUrl\":\"https:\\\/\\\/ferienchalet-wallis.ch\\\/wp-content\\\/uploads\\\/2022\\\/11\\\/Winter_Bettmerhitta.jpg\",\"articleSection\":[\"Aletsch\",\"Bettmeralp\",\"Skifahren\"],\"inLanguage\":\"de\"},{\"@type\":\"WebPage\",\"@id\":\"https:\\\/\\\/ferienchalet-wallis.ch\\\/de\\\/first-track-als-erster-auf-der-skipiste\\\/\",\"url\":\"https:\\\/\\\/ferienchalet-wallis.ch\\\/de\\\/first-track-als-erster-auf-der-skipiste\\\/\",\"name\":\"First track \u2013 Als Erster auf der Skipiste - Bettmeralp und Riederalp\",\"isPartOf\":{\"@id\":\"https:\\\/\\\/ferienchalet-wallis.ch\\\/#website\"},\"primaryImageOfPage\":{\"@id\":\"https:\\\/\\\/ferienchalet-wallis.ch\\\/de\\\/first-track-als-erster-auf-der-skipiste\\\/#primaryimage\"},\"image\":{\"@id\":\"https:\\\/\\\/ferienchalet-wallis.ch\\\/de\\\/first-track-als-erster-auf-der-skipiste\\\/#primaryimage\"},\"thumbnailUrl\":\"https:\\\/\\\/ferienchalet-wallis.ch\\\/wp-content\\\/uploads\\\/2022\\\/11\\\/Winter_Bettmerhitta.jpg\",\"datePublished\":\"2023-01-04T09:46:18+00:00\",\"dateModified\":\"2023-07-04T12:57:31+00:00\",\"description\":\"Mit First track der Erste auf den Pisten der Aletsch Arena. Aussicht geniessen und anschliessend fr\u00fchst\u00fccken.\",\"breadcrumb\":{\"@id\":\"https:\\\/\\\/ferienchalet-wallis.ch\\\/de\\\/first-track-als-erster-auf-der-skipiste\\\/#breadcrumb\"},\"inLanguage\":\"de\",\"potentialAction\":[{\"@type\":\"ReadAction\",\"target\":[\"https:\\\/\\\/ferienchalet-wallis.ch\\\/de\\\/first-track-als-erster-auf-der-skipiste\\\/\"]}]},{\"@type\":\"ImageObject\",\"inLanguage\":\"de\",\"@id\":\"https:\\\/\\\/ferienchalet-wallis.ch\\\/de\\\/first-track-als-erster-auf-der-skipiste\\\/#primaryimage\",\"url\":\"https:\\\/\\\/ferienchalet-wallis.ch\\\/wp-content\\\/uploads\\\/2022\\\/11\\\/Winter_Bettmerhitta.jpg\",\"contentUrl\":\"https:\\\/\\\/ferienchalet-wallis.ch\\\/wp-content\\\/uploads\\\/2022\\\/11\\\/Winter_Bettmerhitta.jpg\",\"width\":1600,\"height\":951,\"caption\":\"Winter_Bettmerhitta\"},{\"@type\":\"BreadcrumbList\",\"@id\":\"https:\\\/\\\/ferienchalet-wallis.ch\\\/de\\\/first-track-als-erster-auf-der-skipiste\\\/#breadcrumb\",\"itemListElement\":[{\"@type\":\"ListItem\",\"position\":1,\"name\":\"Home\",\"item\":\"https:\\\/\\\/ferienchalet-wallis.ch\\\/\"},{\"@type\":\"ListItem\",\"position\":2,\"name\":\"First track \u2013 Als Erster auf der Skipiste\"}]},{\"@type\":\"WebSite\",\"@id\":\"https:\\\/\\\/ferienchalet-wallis.ch\\\/#website\",\"url\":\"https:\\\/\\\/ferienchalet-wallis.ch\\\/\",\"name\":\"Bettmeralp und Riederalp\",\"description\":\"Kranzfelder Markus\",\"publisher\":{\"@id\":\"https:\\\/\\\/ferienchalet-wallis.ch\\\/#organization\"},\"potentialAction\":[{\"@type\":\"SearchAction\",\"target\":{\"@type\":\"EntryPoint\",\"urlTemplate\":\"https:\\\/\\\/ferienchalet-wallis.ch\\\/?s={search_term_string}\"},\"query-input\":{\"@type\":\"PropertyValueSpecification\",\"valueRequired\":true,\"valueName\":\"search_term_string\"}}],\"inLanguage\":\"de\"},{\"@type\":\"Organization\",\"@id\":\"https:\\\/\\\/ferienchalet-wallis.ch\\\/#organization\",\"name\":\"Liegenschaftsbetreuung \\\/ Vermietung \u2013 M. Kranzfelder\",\"url\":\"https:\\\/\\\/ferienchalet-wallis.ch\\\/\",\"logo\":{\"@type\":\"ImageObject\",\"inLanguage\":\"de\",\"@id\":\"https:\\\/\\\/ferienchalet-wallis.ch\\\/#\\\/schema\\\/logo\\\/image\\\/\",\"url\":\"https:\\\/\\\/ferienchalet-wallis.ch\\\/wp-content\\\/uploads\\\/2022\\\/01\\\/Logo_Kranzfelder.png\",\"contentUrl\":\"https:\\\/\\\/ferienchalet-wallis.ch\\\/wp-content\\\/uploads\\\/2022\\\/01\\\/Logo_Kranzfelder.png\",\"width\":1526,\"height\":447,\"caption\":\"Liegenschaftsbetreuung \\\/ Vermietung \u2013 M. Kranzfelder\"},\"image\":{\"@id\":\"https:\\\/\\\/ferienchalet-wallis.ch\\\/#\\\/schema\\\/logo\\\/image\\\/\"}},{\"@type\":\"Person\",\"@id\":\"https:\\\/\\\/ferienchalet-wallis.ch\\\/#\\\/schema\\\/person\\\/18b3f062b0514bc953799175b9bfdd2b\",\"name\":\"WalliSaar\",\"image\":{\"@type\":\"ImageObject\",\"inLanguage\":\"de\",\"@id\":\"https:\\\/\\\/secure.gravatar.com\\\/avatar\\\/1be7f9468eac0e02f655be9ab758a01ae5dc72d678841cc4898d463993c78d36?s=96&d=initials&r=g&initials=ru\",\"url\":\"https:\\\/\\\/secure.gravatar.com\\\/avatar\\\/1be7f9468eac0e02f655be9ab758a01ae5dc72d678841cc4898d463993c78d36?s=96&d=initials&r=g&initials=ru\",\"contentUrl\":\"https:\\\/\\\/secure.gravatar.com\\\/avatar\\\/1be7f9468eac0e02f655be9ab758a01ae5dc72d678841cc4898d463993c78d36?s=96&d=initials&r=g&initials=ru\",\"caption\":\"WalliSaar\"},\"description\":\"Mein Name ist Anja Ruch und ich schreibe die Blogbeitr\u00e4ge f\u00fcr das Ehepaar Markus &amp; Tabitha Kranzfelder. Der Name WalliSaar gr\u00fcndet sich auf meinen Wurzeln im Saarland und den neuen im Wallis. My name is Anja Ruch and I write the blog entries for the Markus &amp; Tabitha Kranzfelder couple. The name WalliSaar shows the connection to my old roots in Saarland and the new ones in Valais.\",\"sameAs\":[\"https:\\\/\\\/www.ferienchalet-wallis.ch\\\/blog\"],\"url\":\"https:\\\/\\\/ferienchalet-wallis.ch\\\/de\\\/author\\\/wallisaar\\\/\"}]}<\/script>\n<!-- \/ Yoast SEO plugin. -->","yoast_head_json":{"title":"First track \u2013 Als Erster auf der Skipiste - Bettmeralp und Riederalp","description":"Mit First track der Erste auf den Pisten der Aletsch Arena. Aussicht geniessen und anschliessend fr\u00fchst\u00fccken.","robots":{"index":"index","follow":"follow","max-snippet":"max-snippet:-1","max-image-preview":"max-image-preview:large","max-video-preview":"max-video-preview:-1"},"canonical":"https:\/\/ferienchalet-wallis.ch\/de\/first-track-als-erster-auf-der-skipiste\/","og_locale":"de_DE","og_type":"article","og_title":"First track \u2013 Als Erster auf der Skipiste - Bettmeralp und Riederalp","og_description":"Mit First track der Erste auf den Pisten der Aletsch Arena. Aussicht geniessen und anschliessend fr\u00fchst\u00fccken.","og_url":"https:\/\/ferienchalet-wallis.ch\/de\/first-track-als-erster-auf-der-skipiste\/","og_site_name":"Bettmeralp und Riederalp","article_published_time":"2023-01-04T09:46:18+00:00","article_modified_time":"2023-07-04T12:57:31+00:00","og_image":[{"width":1600,"height":951,"url":"https:\/\/ferienchalet-wallis.ch\/wp-content\/uploads\/2022\/11\/Winter_Bettmerhitta.jpg","type":"image\/jpeg"}],"author":"WalliSaar","twitter_card":"summary_large_image","twitter_misc":{"Verfasst von":"WalliSaar","Gesch\u00e4tzte Lesezeit":"2\u00a0Minuten"},"schema":{"@context":"https:\/\/schema.org","@graph":[{"@type":"Article","@id":"https:\/\/ferienchalet-wallis.ch\/de\/first-track-als-erster-auf-der-skipiste\/#article","isPartOf":{"@id":"https:\/\/ferienchalet-wallis.ch\/de\/first-track-als-erster-auf-der-skipiste\/"},"author":{"name":"WalliSaar","@id":"https:\/\/ferienchalet-wallis.ch\/#\/schema\/person\/18b3f062b0514bc953799175b9bfdd2b"},"headline":"First track \u2013 Als Erster auf der Skipiste","datePublished":"2023-01-04T09:46:18+00:00","dateModified":"2023-07-04T12:57:31+00:00","mainEntityOfPage":{"@id":"https:\/\/ferienchalet-wallis.ch\/de\/first-track-als-erster-auf-der-skipiste\/"},"wordCount":280,"publisher":{"@id":"https:\/\/ferienchalet-wallis.ch\/#organization"},"image":{"@id":"https:\/\/ferienchalet-wallis.ch\/de\/first-track-als-erster-auf-der-skipiste\/#primaryimage"},"thumbnailUrl":"https:\/\/ferienchalet-wallis.ch\/wp-content\/uploads\/2022\/11\/Winter_Bettmerhitta.jpg","articleSection":["Aletsch","Bettmeralp","Skifahren"],"inLanguage":"de"},{"@type":"WebPage","@id":"https:\/\/ferienchalet-wallis.ch\/de\/first-track-als-erster-auf-der-skipiste\/","url":"https:\/\/ferienchalet-wallis.ch\/de\/first-track-als-erster-auf-der-skipiste\/","name":"First track \u2013 Als Erster auf der Skipiste - Bettmeralp und Riederalp","isPartOf":{"@id":"https:\/\/ferienchalet-wallis.ch\/#website"},"primaryImageOfPage":{"@id":"https:\/\/ferienchalet-wallis.ch\/de\/first-track-als-erster-auf-der-skipiste\/#primaryimage"},"image":{"@id":"https:\/\/ferienchalet-wallis.ch\/de\/first-track-als-erster-auf-der-skipiste\/#primaryimage"},"thumbnailUrl":"https:\/\/ferienchalet-wallis.ch\/wp-content\/uploads\/2022\/11\/Winter_Bettmerhitta.jpg","datePublished":"2023-01-04T09:46:18+00:00","dateModified":"2023-07-04T12:57:31+00:00","description":"Mit First track der Erste auf den Pisten der Aletsch Arena. Aussicht geniessen und anschliessend fr\u00fchst\u00fccken.","breadcrumb":{"@id":"https:\/\/ferienchalet-wallis.ch\/de\/first-track-als-erster-auf-der-skipiste\/#breadcrumb"},"inLanguage":"de","potentialAction":[{"@type":"ReadAction","target":["https:\/\/ferienchalet-wallis.ch\/de\/first-track-als-erster-auf-der-skipiste\/"]}]},{"@type":"ImageObject","inLanguage":"de","@id":"https:\/\/ferienchalet-wallis.ch\/de\/first-track-als-erster-auf-der-skipiste\/#primaryimage","url":"https:\/\/ferienchalet-wallis.ch\/wp-content\/uploads\/2022\/11\/Winter_Bettmerhitta.jpg","contentUrl":"https:\/\/ferienchalet-wallis.ch\/wp-content\/uploads\/2022\/11\/Winter_Bettmerhitta.jpg","width":1600,"height":951,"caption":"Winter_Bettmerhitta"},{"@type":"BreadcrumbList","@id":"https:\/\/ferienchalet-wallis.ch\/de\/first-track-als-erster-auf-der-skipiste\/#breadcrumb","itemListElement":[{"@type":"ListItem","position":1,"name":"Home","item":"https:\/\/ferienchalet-wallis.ch\/"},{"@type":"ListItem","position":2,"name":"First track \u2013 Als Erster auf der Skipiste"}]},{"@type":"WebSite","@id":"https:\/\/ferienchalet-wallis.ch\/#website","url":"https:\/\/ferienchalet-wallis.ch\/","name":"Bettmeralp und Riederalp","description":"Kranzfelder Markus","publisher":{"@id":"https:\/\/ferienchalet-wallis.ch\/#organization"},"potentialAction":[{"@type":"SearchAction","target":{"@type":"EntryPoint","urlTemplate":"https:\/\/ferienchalet-wallis.ch\/?s={search_term_string}"},"query-input":{"@type":"PropertyValueSpecification","valueRequired":true,"valueName":"search_term_string"}}],"inLanguage":"de"},{"@type":"Organization","@id":"https:\/\/ferienchalet-wallis.ch\/#organization","name":"Liegenschaftsbetreuung \/ Vermietung \u2013 M. Kranzfelder","url":"https:\/\/ferienchalet-wallis.ch\/","logo":{"@type":"ImageObject","inLanguage":"de","@id":"https:\/\/ferienchalet-wallis.ch\/#\/schema\/logo\/image\/","url":"https:\/\/ferienchalet-wallis.ch\/wp-content\/uploads\/2022\/01\/Logo_Kranzfelder.png","contentUrl":"https:\/\/ferienchalet-wallis.ch\/wp-content\/uploads\/2022\/01\/Logo_Kranzfelder.png","width":1526,"height":447,"caption":"Liegenschaftsbetreuung \/ Vermietung \u2013 M. Kranzfelder"},"image":{"@id":"https:\/\/ferienchalet-wallis.ch\/#\/schema\/logo\/image\/"}},{"@type":"Person","@id":"https:\/\/ferienchalet-wallis.ch\/#\/schema\/person\/18b3f062b0514bc953799175b9bfdd2b","name":"WalliSaar","image":{"@type":"ImageObject","inLanguage":"de","@id":"https:\/\/secure.gravatar.com\/avatar\/1be7f9468eac0e02f655be9ab758a01ae5dc72d678841cc4898d463993c78d36?s=96&d=initials&r=g&initials=ru","url":"https:\/\/secure.gravatar.com\/avatar\/1be7f9468eac0e02f655be9ab758a01ae5dc72d678841cc4898d463993c78d36?s=96&d=initials&r=g&initials=ru","contentUrl":"https:\/\/secure.gravatar.com\/avatar\/1be7f9468eac0e02f655be9ab758a01ae5dc72d678841cc4898d463993c78d36?s=96&d=initials&r=g&initials=ru","caption":"WalliSaar"},"description":"Mein Name ist Anja Ruch und ich schreibe die Blogbeitr\u00e4ge f\u00fcr das Ehepaar Markus &amp; Tabitha Kranzfelder. Der Name WalliSaar gr\u00fcndet sich auf meinen Wurzeln im Saarland und den neuen im Wallis. My name is Anja Ruch and I write the blog entries for the Markus &amp; Tabitha Kranzfelder couple. The name WalliSaar shows the connection to my old roots in Saarland and the new ones in Valais.","sameAs":["https:\/\/www.ferienchalet-wallis.ch\/blog"],"url":"https:\/\/ferienchalet-wallis.ch\/de\/author\/wallisaar\/"}]}},"_links":{"self":[{"href":"https:\/\/ferienchalet-wallis.ch\/de\/wp-json\/wp\/v2\/posts\/1304","targetHints":{"allow":["GET"]}}],"collection":[{"href":"https:\/\/ferienchalet-wallis.ch\/de\/wp-json\/wp\/v2\/posts"}],"about":[{"href":"https:\/\/ferienchalet-wallis.ch\/de\/wp-json\/wp\/v2\/types\/post"}],"author":[{"embeddable":true,"href":"https:\/\/ferienchalet-wallis.ch\/de\/wp-json\/wp\/v2\/users\/3"}],"replies":[{"embeddable":true,"href":"https:\/\/ferienchalet-wallis.ch\/de\/wp-json\/wp\/v2\/comments?post=1304"}],"version-history":[{"count":3,"href":"https:\/\/ferienchalet-wallis.ch\/de\/wp-json\/wp\/v2\/posts\/1304\/revisions"}],"predecessor-version":[{"id":1484,"href":"https:\/\/ferienchalet-wallis.ch\/de\/wp-json\/wp\/v2\/posts\/1304\/revisions\/1484"}],"wp:featuredmedia":[{"embeddable":true,"href":"https:\/\/ferienchalet-wallis.ch\/de\/wp-json\/wp\/v2\/media\/1239"}],"wp:attachment":[{"href":"https:\/\/ferienchalet-wallis.ch\/de\/wp-json\/wp\/v2\/media?parent=1304"}],"wp:term":[{"taxonomy":"category","embeddable":true,"href":"https:\/\/ferienchalet-wallis.ch\/de\/wp-json\/wp\/v2\/categories?post=1304"},{"taxonomy":"post_tag","embeddable":true,"href":"https:\/\/ferienchalet-wallis.ch\/de\/wp-json\/wp\/v2\/tags?post=1304"}],"curies":[{"name":"wp","href":"https:\/\/api.w.org\/{rel}","templated":true}]}}