{"id":1327,"date":"2023-02-07T10:39:25","date_gmt":"2023-02-07T10:39:25","guid":{"rendered":"https:\/\/ferienchalet-wallis.ch\/?p=1327"},"modified":"2023-12-05T10:15:10","modified_gmt":"2023-12-05T10:15:10","slug":"schlitteln-gut","status":"publish","type":"post","link":"https:\/\/ferienchalet-wallis.ch\/de\/schlitteln-gut\/","title":{"rendered":"Schlitteln gut?"},"content":{"rendered":"\n<style type=\"text\/css\" data-created_by=\"avia_inline_auto\" id=\"style-css-av-ljoam69q-9da5f3365f54eb3ac6b1fb5aad49dac7\">\n#top .av-special-heading.av-ljoam69q-9da5f3365f54eb3ac6b1fb5aad49dac7{\npadding-bottom:10px;\n}\nbody .av-special-heading.av-ljoam69q-9da5f3365f54eb3ac6b1fb5aad49dac7 .av-special-heading-tag .heading-char{\nfont-size:25px;\n}\n.av-special-heading.av-ljoam69q-9da5f3365f54eb3ac6b1fb5aad49dac7 .av-subheading{\nfont-size:15px;\n}\n<\/style>\n<div  class='av-special-heading av-ljoam69q-9da5f3365f54eb3ac6b1fb5aad49dac7 av-special-heading-h2  avia-builder-el-0  el_before_av_textblock  avia-builder-el-first '><h2 class='av-special-heading-tag'  itemprop=\"headline\"  >Alternative zum Schlittelweg Moosfluh<\/h2><div class=\"special-heading-border\"><div class=\"special-heading-inner-border\"><\/div><\/div><\/div>\n<section  class='av_textblock_section av-ldu3mcq1-a5b6aeec7f8cfd35a0524b641eaf47c3'  itemscope=\"itemscope\" itemtype=\"https:\/\/schema.org\/BlogPosting\" itemprop=\"blogPost\" ><div class='avia_textblock'  itemprop=\"text\" ><h3>Winter im Wallis<\/h3>\n<p>Ein schneearmer Winter heisst\u2019s\u2026 Das Wallis kann sich gl\u00fccklicherweise nicht beschweren. Schneespass ist angesagt wie jeden Winter! Ok, das Schlitteln weist dann doch ein paar Einschr\u00e4nkungen auf. Sprich: Die Schlittelabfahrt ab Moosfluh Bergstation der Aletsch Arena ist leider nicht ge\u00f6ffnet. Macht nix! Es gibt eine Alternative ab dem 2. Februar 2023, n\u00e4mlich der Schlittelweg Gopplerl\u00fccke auf der Riederalp. Wie kommt man dahin? Entweder verbindet man das zum Teil mit einer gem\u00fctlichen <a href=\"https:\/\/ferienchalet-wallis.ch\/riederalp\/winterwanderweg-fuer-anfaenger\/\">Winterwanderung<\/a> oder man benutzt den Sessellift Blausee ab Bettmerdorf.<\/p>\n<h3>Schlitteln und Regeln<\/h3>\n<p>Schlitteln macht Spass. Allerdings muss man ein paar Regeln beachten wie die Fahrweise den Witterungsverh\u00e4ltnissen, dem Gel\u00e4nde und den mitfahrenden Personen anzupassen. Um Unf\u00e4lle zu vermeiden, bitte sitzend fahren und mit Abstand \u00fcberholen. Und warm anziehen. Je nach Tempo f\u00e4ngt\u2019s an zu ziehen.<\/p>\n<h3>Schlitten mieten auf Riederalp und Bettmeralp<\/h3>\n<p>Markus Kranzfelder bietet gerne einen <a href=\"https:\/\/ferienchalet-wallis.ch\/unterkuenfte\/#kinder\">Kinderschlitten zur Miete<\/a> an und bringt diesen auch zur Ferienwohnung. Ansonsten gibt\u2019s Schlitten bei <a href=\"https:\/\/www.aletschsport.ch\/schlitteln\/\" target=\"_blank\" rel=\"noopener\">Aletschsport <\/a>auf der Riederalp oder bei <a href=\"https:\/\/www.mattigsport.ch\/de\/mieten\" target=\"_blank\" rel=\"noopener\">Mattig Sport<\/a> auf der Bettmeralp.<\/p>\n<p>Aktuell \u2013 07.02.2023, 11 Uhr ist herrliches Wetter. Worauf warten? Ab in den Schnee.<\/p>\n<p><em>Jetzt l\u00fceg der herrlich Tag, der Schnee es Glitzermeer&#8230;<\/em><\/p>\n<\/div><\/section>\n","protected":false},"excerpt":{"rendered":"","protected":false},"author":3,"featured_media":1246,"comment_status":"closed","ping_status":"closed","sticky":false,"template":"","format":"standard","meta":{"footnotes":""},"categories":[6,7,23,18],"tags":[],"class_list":["post-1327","post","type-post","status-publish","format-standard","has-post-thumbnail","hentry","category-aletsch","category-riederalp","category-schlitteln","category-wintersport"],"yoast_head":"<!-- This site is optimized with the Yoast SEO plugin v27.4 - https:\/\/yoast.com\/product\/yoast-seo-wordpress\/ -->\n<title>Schlitteln gut? - Bettmeralp und Riederalp<\/title>\n<meta name=\"description\" content=\"Schlitteln auf der Riederalp ist m\u00f6glich. G\u00e4ste schlitteln ab Golmenegg auf dem Schlittelweg Gopplerl\u00fccke zum Dorf der Riederalp.\" \/>\n<meta name=\"robots\" content=\"index, follow, max-snippet:-1, max-image-preview:large, max-video-preview:-1\" \/>\n<link rel=\"canonical\" href=\"https:\/\/ferienchalet-wallis.ch\/de\/schlitteln-gut\/\" \/>\n<meta property=\"og:locale\" content=\"de_DE\" \/>\n<meta property=\"og:type\" content=\"article\" \/>\n<meta property=\"og:title\" content=\"Schlitteln gut? - Bettmeralp und Riederalp\" \/>\n<meta property=\"og:description\" content=\"Schlitteln auf der Riederalp ist m\u00f6glich. G\u00e4ste schlitteln ab Golmenegg auf dem Schlittelweg Gopplerl\u00fccke zum Dorf der Riederalp.\" \/>\n<meta property=\"og:url\" content=\"https:\/\/ferienchalet-wallis.ch\/de\/schlitteln-gut\/\" \/>\n<meta property=\"og:site_name\" content=\"Bettmeralp und Riederalp\" \/>\n<meta property=\"article:published_time\" content=\"2023-02-07T10:39:25+00:00\" \/>\n<meta property=\"article:modified_time\" content=\"2023-12-05T10:15:10+00:00\" \/>\n<meta property=\"og:image\" content=\"https:\/\/ferienchalet-wallis.ch\/wp-content\/uploads\/2022\/11\/Nachtskifahren-Riederfurka-1600.jpg\" \/>\n\t<meta property=\"og:image:width\" content=\"1598\" \/>\n\t<meta property=\"og:image:height\" content=\"1066\" \/>\n\t<meta property=\"og:image:type\" content=\"image\/jpeg\" \/>\n<meta name=\"author\" content=\"WalliSaar\" \/>\n<meta name=\"twitter:card\" content=\"summary_large_image\" \/>\n<meta name=\"twitter:label1\" content=\"Verfasst von\" \/>\n\t<meta name=\"twitter:data1\" content=\"WalliSaar\" \/>\n\t<meta name=\"twitter:label2\" content=\"Gesch\u00e4tzte Lesezeit\" \/>\n\t<meta name=\"twitter:data2\" content=\"2\u00a0Minuten\" \/>\n<script type=\"application\/ld+json\" class=\"yoast-schema-graph\">{\"@context\":\"https:\\\/\\\/schema.org\",\"@graph\":[{\"@type\":\"Article\",\"@id\":\"https:\\\/\\\/ferienchalet-wallis.ch\\\/de\\\/schlitteln-gut\\\/#article\",\"isPartOf\":{\"@id\":\"https:\\\/\\\/ferienchalet-wallis.ch\\\/de\\\/schlitteln-gut\\\/\"},\"author\":{\"name\":\"WalliSaar\",\"@id\":\"https:\\\/\\\/ferienchalet-wallis.ch\\\/#\\\/schema\\\/person\\\/18b3f062b0514bc953799175b9bfdd2b\"},\"headline\":\"Schlitteln gut?\",\"datePublished\":\"2023-02-07T10:39:25+00:00\",\"dateModified\":\"2023-12-05T10:15:10+00:00\",\"mainEntityOfPage\":{\"@id\":\"https:\\\/\\\/ferienchalet-wallis.ch\\\/de\\\/schlitteln-gut\\\/\"},\"wordCount\":308,\"publisher\":{\"@id\":\"https:\\\/\\\/ferienchalet-wallis.ch\\\/#organization\"},\"image\":{\"@id\":\"https:\\\/\\\/ferienchalet-wallis.ch\\\/de\\\/schlitteln-gut\\\/#primaryimage\"},\"thumbnailUrl\":\"https:\\\/\\\/ferienchalet-wallis.ch\\\/wp-content\\\/uploads\\\/2022\\\/11\\\/Nachtskifahren-Riederfurka-1600.jpg\",\"articleSection\":[\"Aletsch\",\"Riederalp\",\"Schlitteln\",\"Wintersport\"],\"inLanguage\":\"de\"},{\"@type\":\"WebPage\",\"@id\":\"https:\\\/\\\/ferienchalet-wallis.ch\\\/de\\\/schlitteln-gut\\\/\",\"url\":\"https:\\\/\\\/ferienchalet-wallis.ch\\\/de\\\/schlitteln-gut\\\/\",\"name\":\"Schlitteln gut? - Bettmeralp und Riederalp\",\"isPartOf\":{\"@id\":\"https:\\\/\\\/ferienchalet-wallis.ch\\\/#website\"},\"primaryImageOfPage\":{\"@id\":\"https:\\\/\\\/ferienchalet-wallis.ch\\\/de\\\/schlitteln-gut\\\/#primaryimage\"},\"image\":{\"@id\":\"https:\\\/\\\/ferienchalet-wallis.ch\\\/de\\\/schlitteln-gut\\\/#primaryimage\"},\"thumbnailUrl\":\"https:\\\/\\\/ferienchalet-wallis.ch\\\/wp-content\\\/uploads\\\/2022\\\/11\\\/Nachtskifahren-Riederfurka-1600.jpg\",\"datePublished\":\"2023-02-07T10:39:25+00:00\",\"dateModified\":\"2023-12-05T10:15:10+00:00\",\"description\":\"Schlitteln auf der Riederalp ist m\u00f6glich. G\u00e4ste schlitteln ab Golmenegg auf dem Schlittelweg Gopplerl\u00fccke zum Dorf der Riederalp.\",\"breadcrumb\":{\"@id\":\"https:\\\/\\\/ferienchalet-wallis.ch\\\/de\\\/schlitteln-gut\\\/#breadcrumb\"},\"inLanguage\":\"de\",\"potentialAction\":[{\"@type\":\"ReadAction\",\"target\":[\"https:\\\/\\\/ferienchalet-wallis.ch\\\/de\\\/schlitteln-gut\\\/\"]}]},{\"@type\":\"ImageObject\",\"inLanguage\":\"de\",\"@id\":\"https:\\\/\\\/ferienchalet-wallis.ch\\\/de\\\/schlitteln-gut\\\/#primaryimage\",\"url\":\"https:\\\/\\\/ferienchalet-wallis.ch\\\/wp-content\\\/uploads\\\/2022\\\/11\\\/Nachtskifahren-Riederfurka-1600.jpg\",\"contentUrl\":\"https:\\\/\\\/ferienchalet-wallis.ch\\\/wp-content\\\/uploads\\\/2022\\\/11\\\/Nachtskifahren-Riederfurka-1600.jpg\",\"width\":1598,\"height\":1066,\"caption\":\"Schlittelpiste Moosfluh in der Aletsch Arena\"},{\"@type\":\"BreadcrumbList\",\"@id\":\"https:\\\/\\\/ferienchalet-wallis.ch\\\/de\\\/schlitteln-gut\\\/#breadcrumb\",\"itemListElement\":[{\"@type\":\"ListItem\",\"position\":1,\"name\":\"Home\",\"item\":\"https:\\\/\\\/ferienchalet-wallis.ch\\\/\"},{\"@type\":\"ListItem\",\"position\":2,\"name\":\"Schlitteln gut?\"}]},{\"@type\":\"WebSite\",\"@id\":\"https:\\\/\\\/ferienchalet-wallis.ch\\\/#website\",\"url\":\"https:\\\/\\\/ferienchalet-wallis.ch\\\/\",\"name\":\"Bettmeralp und Riederalp\",\"description\":\"Kranzfelder Markus\",\"publisher\":{\"@id\":\"https:\\\/\\\/ferienchalet-wallis.ch\\\/#organization\"},\"potentialAction\":[{\"@type\":\"SearchAction\",\"target\":{\"@type\":\"EntryPoint\",\"urlTemplate\":\"https:\\\/\\\/ferienchalet-wallis.ch\\\/?s={search_term_string}\"},\"query-input\":{\"@type\":\"PropertyValueSpecification\",\"valueRequired\":true,\"valueName\":\"search_term_string\"}}],\"inLanguage\":\"de\"},{\"@type\":\"Organization\",\"@id\":\"https:\\\/\\\/ferienchalet-wallis.ch\\\/#organization\",\"name\":\"Liegenschaftsbetreuung \\\/ Vermietung \u2013 M. Kranzfelder\",\"url\":\"https:\\\/\\\/ferienchalet-wallis.ch\\\/\",\"logo\":{\"@type\":\"ImageObject\",\"inLanguage\":\"de\",\"@id\":\"https:\\\/\\\/ferienchalet-wallis.ch\\\/#\\\/schema\\\/logo\\\/image\\\/\",\"url\":\"https:\\\/\\\/ferienchalet-wallis.ch\\\/wp-content\\\/uploads\\\/2022\\\/01\\\/Logo_Kranzfelder.png\",\"contentUrl\":\"https:\\\/\\\/ferienchalet-wallis.ch\\\/wp-content\\\/uploads\\\/2022\\\/01\\\/Logo_Kranzfelder.png\",\"width\":1526,\"height\":447,\"caption\":\"Liegenschaftsbetreuung \\\/ Vermietung \u2013 M. Kranzfelder\"},\"image\":{\"@id\":\"https:\\\/\\\/ferienchalet-wallis.ch\\\/#\\\/schema\\\/logo\\\/image\\\/\"}},{\"@type\":\"Person\",\"@id\":\"https:\\\/\\\/ferienchalet-wallis.ch\\\/#\\\/schema\\\/person\\\/18b3f062b0514bc953799175b9bfdd2b\",\"name\":\"WalliSaar\",\"image\":{\"@type\":\"ImageObject\",\"inLanguage\":\"de\",\"@id\":\"https:\\\/\\\/secure.gravatar.com\\\/avatar\\\/1be7f9468eac0e02f655be9ab758a01ae5dc72d678841cc4898d463993c78d36?s=96&d=initials&r=g&initials=ru\",\"url\":\"https:\\\/\\\/secure.gravatar.com\\\/avatar\\\/1be7f9468eac0e02f655be9ab758a01ae5dc72d678841cc4898d463993c78d36?s=96&d=initials&r=g&initials=ru\",\"contentUrl\":\"https:\\\/\\\/secure.gravatar.com\\\/avatar\\\/1be7f9468eac0e02f655be9ab758a01ae5dc72d678841cc4898d463993c78d36?s=96&d=initials&r=g&initials=ru\",\"caption\":\"WalliSaar\"},\"description\":\"Mein Name ist Anja Ruch und ich schreibe die Blogbeitr\u00e4ge f\u00fcr das Ehepaar Markus &amp; Tabitha Kranzfelder. Der Name WalliSaar gr\u00fcndet sich auf meinen Wurzeln im Saarland und den neuen im Wallis. My name is Anja Ruch and I write the blog entries for the Markus &amp; Tabitha Kranzfelder couple. The name WalliSaar shows the connection to my old roots in Saarland and the new ones in Valais.\",\"sameAs\":[\"https:\\\/\\\/www.ferienchalet-wallis.ch\\\/blog\"],\"url\":\"https:\\\/\\\/ferienchalet-wallis.ch\\\/de\\\/author\\\/wallisaar\\\/\"}]}<\/script>\n<!-- \/ Yoast SEO plugin. -->","yoast_head_json":{"title":"Schlitteln gut? - Bettmeralp und Riederalp","description":"Schlitteln auf der Riederalp ist m\u00f6glich. G\u00e4ste schlitteln ab Golmenegg auf dem Schlittelweg Gopplerl\u00fccke zum Dorf der Riederalp.","robots":{"index":"index","follow":"follow","max-snippet":"max-snippet:-1","max-image-preview":"max-image-preview:large","max-video-preview":"max-video-preview:-1"},"canonical":"https:\/\/ferienchalet-wallis.ch\/de\/schlitteln-gut\/","og_locale":"de_DE","og_type":"article","og_title":"Schlitteln gut? - Bettmeralp und Riederalp","og_description":"Schlitteln auf der Riederalp ist m\u00f6glich. G\u00e4ste schlitteln ab Golmenegg auf dem Schlittelweg Gopplerl\u00fccke zum Dorf der Riederalp.","og_url":"https:\/\/ferienchalet-wallis.ch\/de\/schlitteln-gut\/","og_site_name":"Bettmeralp und Riederalp","article_published_time":"2023-02-07T10:39:25+00:00","article_modified_time":"2023-12-05T10:15:10+00:00","og_image":[{"width":1598,"height":1066,"url":"https:\/\/ferienchalet-wallis.ch\/wp-content\/uploads\/2022\/11\/Nachtskifahren-Riederfurka-1600.jpg","type":"image\/jpeg"}],"author":"WalliSaar","twitter_card":"summary_large_image","twitter_misc":{"Verfasst von":"WalliSaar","Gesch\u00e4tzte Lesezeit":"2\u00a0Minuten"},"schema":{"@context":"https:\/\/schema.org","@graph":[{"@type":"Article","@id":"https:\/\/ferienchalet-wallis.ch\/de\/schlitteln-gut\/#article","isPartOf":{"@id":"https:\/\/ferienchalet-wallis.ch\/de\/schlitteln-gut\/"},"author":{"name":"WalliSaar","@id":"https:\/\/ferienchalet-wallis.ch\/#\/schema\/person\/18b3f062b0514bc953799175b9bfdd2b"},"headline":"Schlitteln gut?","datePublished":"2023-02-07T10:39:25+00:00","dateModified":"2023-12-05T10:15:10+00:00","mainEntityOfPage":{"@id":"https:\/\/ferienchalet-wallis.ch\/de\/schlitteln-gut\/"},"wordCount":308,"publisher":{"@id":"https:\/\/ferienchalet-wallis.ch\/#organization"},"image":{"@id":"https:\/\/ferienchalet-wallis.ch\/de\/schlitteln-gut\/#primaryimage"},"thumbnailUrl":"https:\/\/ferienchalet-wallis.ch\/wp-content\/uploads\/2022\/11\/Nachtskifahren-Riederfurka-1600.jpg","articleSection":["Aletsch","Riederalp","Schlitteln","Wintersport"],"inLanguage":"de"},{"@type":"WebPage","@id":"https:\/\/ferienchalet-wallis.ch\/de\/schlitteln-gut\/","url":"https:\/\/ferienchalet-wallis.ch\/de\/schlitteln-gut\/","name":"Schlitteln gut? - Bettmeralp und Riederalp","isPartOf":{"@id":"https:\/\/ferienchalet-wallis.ch\/#website"},"primaryImageOfPage":{"@id":"https:\/\/ferienchalet-wallis.ch\/de\/schlitteln-gut\/#primaryimage"},"image":{"@id":"https:\/\/ferienchalet-wallis.ch\/de\/schlitteln-gut\/#primaryimage"},"thumbnailUrl":"https:\/\/ferienchalet-wallis.ch\/wp-content\/uploads\/2022\/11\/Nachtskifahren-Riederfurka-1600.jpg","datePublished":"2023-02-07T10:39:25+00:00","dateModified":"2023-12-05T10:15:10+00:00","description":"Schlitteln auf der Riederalp ist m\u00f6glich. G\u00e4ste schlitteln ab Golmenegg auf dem Schlittelweg Gopplerl\u00fccke zum Dorf der Riederalp.","breadcrumb":{"@id":"https:\/\/ferienchalet-wallis.ch\/de\/schlitteln-gut\/#breadcrumb"},"inLanguage":"de","potentialAction":[{"@type":"ReadAction","target":["https:\/\/ferienchalet-wallis.ch\/de\/schlitteln-gut\/"]}]},{"@type":"ImageObject","inLanguage":"de","@id":"https:\/\/ferienchalet-wallis.ch\/de\/schlitteln-gut\/#primaryimage","url":"https:\/\/ferienchalet-wallis.ch\/wp-content\/uploads\/2022\/11\/Nachtskifahren-Riederfurka-1600.jpg","contentUrl":"https:\/\/ferienchalet-wallis.ch\/wp-content\/uploads\/2022\/11\/Nachtskifahren-Riederfurka-1600.jpg","width":1598,"height":1066,"caption":"Schlittelpiste Moosfluh in der Aletsch Arena"},{"@type":"BreadcrumbList","@id":"https:\/\/ferienchalet-wallis.ch\/de\/schlitteln-gut\/#breadcrumb","itemListElement":[{"@type":"ListItem","position":1,"name":"Home","item":"https:\/\/ferienchalet-wallis.ch\/"},{"@type":"ListItem","position":2,"name":"Schlitteln gut?"}]},{"@type":"WebSite","@id":"https:\/\/ferienchalet-wallis.ch\/#website","url":"https:\/\/ferienchalet-wallis.ch\/","name":"Bettmeralp und Riederalp","description":"Kranzfelder Markus","publisher":{"@id":"https:\/\/ferienchalet-wallis.ch\/#organization"},"potentialAction":[{"@type":"SearchAction","target":{"@type":"EntryPoint","urlTemplate":"https:\/\/ferienchalet-wallis.ch\/?s={search_term_string}"},"query-input":{"@type":"PropertyValueSpecification","valueRequired":true,"valueName":"search_term_string"}}],"inLanguage":"de"},{"@type":"Organization","@id":"https:\/\/ferienchalet-wallis.ch\/#organization","name":"Liegenschaftsbetreuung \/ Vermietung \u2013 M. Kranzfelder","url":"https:\/\/ferienchalet-wallis.ch\/","logo":{"@type":"ImageObject","inLanguage":"de","@id":"https:\/\/ferienchalet-wallis.ch\/#\/schema\/logo\/image\/","url":"https:\/\/ferienchalet-wallis.ch\/wp-content\/uploads\/2022\/01\/Logo_Kranzfelder.png","contentUrl":"https:\/\/ferienchalet-wallis.ch\/wp-content\/uploads\/2022\/01\/Logo_Kranzfelder.png","width":1526,"height":447,"caption":"Liegenschaftsbetreuung \/ Vermietung \u2013 M. Kranzfelder"},"image":{"@id":"https:\/\/ferienchalet-wallis.ch\/#\/schema\/logo\/image\/"}},{"@type":"Person","@id":"https:\/\/ferienchalet-wallis.ch\/#\/schema\/person\/18b3f062b0514bc953799175b9bfdd2b","name":"WalliSaar","image":{"@type":"ImageObject","inLanguage":"de","@id":"https:\/\/secure.gravatar.com\/avatar\/1be7f9468eac0e02f655be9ab758a01ae5dc72d678841cc4898d463993c78d36?s=96&d=initials&r=g&initials=ru","url":"https:\/\/secure.gravatar.com\/avatar\/1be7f9468eac0e02f655be9ab758a01ae5dc72d678841cc4898d463993c78d36?s=96&d=initials&r=g&initials=ru","contentUrl":"https:\/\/secure.gravatar.com\/avatar\/1be7f9468eac0e02f655be9ab758a01ae5dc72d678841cc4898d463993c78d36?s=96&d=initials&r=g&initials=ru","caption":"WalliSaar"},"description":"Mein Name ist Anja Ruch und ich schreibe die Blogbeitr\u00e4ge f\u00fcr das Ehepaar Markus &amp; Tabitha Kranzfelder. Der Name WalliSaar gr\u00fcndet sich auf meinen Wurzeln im Saarland und den neuen im Wallis. My name is Anja Ruch and I write the blog entries for the Markus &amp; Tabitha Kranzfelder couple. The name WalliSaar shows the connection to my old roots in Saarland and the new ones in Valais.","sameAs":["https:\/\/www.ferienchalet-wallis.ch\/blog"],"url":"https:\/\/ferienchalet-wallis.ch\/de\/author\/wallisaar\/"}]}},"_links":{"self":[{"href":"https:\/\/ferienchalet-wallis.ch\/de\/wp-json\/wp\/v2\/posts\/1327","targetHints":{"allow":["GET"]}}],"collection":[{"href":"https:\/\/ferienchalet-wallis.ch\/de\/wp-json\/wp\/v2\/posts"}],"about":[{"href":"https:\/\/ferienchalet-wallis.ch\/de\/wp-json\/wp\/v2\/types\/post"}],"author":[{"embeddable":true,"href":"https:\/\/ferienchalet-wallis.ch\/de\/wp-json\/wp\/v2\/users\/3"}],"replies":[{"embeddable":true,"href":"https:\/\/ferienchalet-wallis.ch\/de\/wp-json\/wp\/v2\/comments?post=1327"}],"version-history":[{"count":7,"href":"https:\/\/ferienchalet-wallis.ch\/de\/wp-json\/wp\/v2\/posts\/1327\/revisions"}],"predecessor-version":[{"id":1482,"href":"https:\/\/ferienchalet-wallis.ch\/de\/wp-json\/wp\/v2\/posts\/1327\/revisions\/1482"}],"wp:featuredmedia":[{"embeddable":true,"href":"https:\/\/ferienchalet-wallis.ch\/de\/wp-json\/wp\/v2\/media\/1246"}],"wp:attachment":[{"href":"https:\/\/ferienchalet-wallis.ch\/de\/wp-json\/wp\/v2\/media?parent=1327"}],"wp:term":[{"taxonomy":"category","embeddable":true,"href":"https:\/\/ferienchalet-wallis.ch\/de\/wp-json\/wp\/v2\/categories?post=1327"},{"taxonomy":"post_tag","embeddable":true,"href":"https:\/\/ferienchalet-wallis.ch\/de\/wp-json\/wp\/v2\/tags?post=1327"}],"curies":[{"name":"wp","href":"https:\/\/api.w.org\/{rel}","templated":true}]}}