{"id":1403,"date":"2023-02-21T09:49:46","date_gmt":"2023-02-21T09:49:46","guid":{"rendered":"https:\/\/ferienchalet-wallis.ch\/?p=1403"},"modified":"2023-07-04T12:54:30","modified_gmt":"2023-07-04T12:54:30","slug":"winterwanderung-fiescheralp-riederalp","status":"publish","type":"post","link":"https:\/\/ferienchalet-wallis.ch\/de\/winterwanderung-fiescheralp-riederalp\/","title":{"rendered":"Winterwanderung Fiescheralp \u2013 Riederalp"},"content":{"rendered":"\n<style type=\"text\/css\" data-created_by=\"avia_inline_auto\" id=\"style-css-av-ljoakogo-9d92d7538c8b8e92054ca0e5db5e8730\">\n#top .av-special-heading.av-ljoakogo-9d92d7538c8b8e92054ca0e5db5e8730{\npadding-bottom:10px;\n}\nbody .av-special-heading.av-ljoakogo-9d92d7538c8b8e92054ca0e5db5e8730 .av-special-heading-tag .heading-char{\nfont-size:25px;\n}\n.av-special-heading.av-ljoakogo-9d92d7538c8b8e92054ca0e5db5e8730 .av-subheading{\nfont-size:15px;\n}\n<\/style>\n<div  class='av-special-heading av-ljoakogo-9d92d7538c8b8e92054ca0e5db5e8730 av-special-heading-h2  avia-builder-el-0  el_before_av_textblock  avia-builder-el-first '><h2 class='av-special-heading-tag'  itemprop=\"headline\"  >Winterwandern mit Aussicht auf die Walliser Berge<\/h2><div class=\"special-heading-border\"><div class=\"special-heading-inner-border\"><\/div><\/div><\/div>\n<section  class='av_textblock_section av-lee0qe10-51201dfc481aa8bf2ef9a327a276cef5'  itemscope=\"itemscope\" itemtype=\"https:\/\/schema.org\/BlogPosting\" itemprop=\"blogPost\" ><div class='avia_textblock'  itemprop=\"text\" ><h3>Genussaussicht bei sch\u00f6nem Wetter<\/h3>\n<p>Aktuell scheint die Sonne, was das Zeug h\u00e4lt. Das muss man ausnutzen, denn der Blick auf die Walliser Berge ist unschlagbar auf dem Wanderweg von der Fiescheralp bis zur Riederalp. Die Wanderung ist im Winter als auch im Sommer leicht zu bew\u00e4ltigen. Die Aussicht im Winter beinhaltet eben noch ein zus\u00e4tzliches Guddie \u2013 n\u00e4mlich verschneite Berglandschaften.<\/p>\n<h3>Familienausflug oder Tagestour<\/h3>\n<p>Startpunkt ist die Fiescheralp, denn von dort l\u00e4uft man Richtung S\u00fcden, hat also die Sonne im Gesicht mit Blick auf die 4000er. Zielorte sind Riederalp oder Bettmeralp. Wer Ausdauer hat, kann daraus eine Tagestour machen, denn von Riederalp als auch Bettmeralp gibt es noch weitere Winterwanderwege, auch wieder in Richtung Fiescheralp.<\/p>\n<p>Wer lieber einen Familienausflug daraus machen m\u00f6chte, vielleicht mit einer \u00e4lteren Person oder Kindern, beendet seine Wanderung auf der Bettmeralp mit seinen zahlreichen Gastst\u00e4tten. Der Weg dauert dann etwa anderhalb Stunden und bietet eine supersch\u00f6ne Aussicht auf die verschneiten Berge. Bei sch\u00f6nem Wetter sieht man Mischabel-Gruppe, Weisshorn und Matterhorn. Die Strecke ist so angelegt, dass man nach einer dreiviertel Stunde die <a href=\"https:\/\/www.aletscharena.ch\/aletsch-arena\/essen-trinken\/gastro\/restaurant-baettmerhitta\" target=\"_blank\" rel=\"noopener\">B\u00e4ttmer-Hitta<\/a> passiert, um eine Pause mit einem guten Mittagessen oder mit Kaffee und Kuchen einzulegen. Bei wenig Zeit und Lust, l\u00e4uft man den oberen Winterwanderweg wieder zur Fiescheralp zur\u00fcck.<\/p>\n<p>Ab der B\u00e4ttmer-Hitta wird der Weg etwas steiler. Zuerst geht es bergauf zum Wurzenbord und dann stetig bergab Richtung Bettmeralp. Haben Sie Ihren Nachwuchs dabei, <a href=\"https:\/\/ferienchalet-wallis.ch\/de\/unterkuenfte\/#kinder\" target=\"_blank\" rel=\"noopener\">schlitteln<\/a> Sie doch Teile der Wegstrecke mit Ihrem Kind zusammen. Die ausf\u00fchrliche Beschreibung mit Dauer, Wegl\u00e4nge und H\u00f6henmeter finden Sie <a href=\"https:\/\/www.aletscharena.ch\/aktivitaeten\/tour\/winterwanderweg-fiescheralp-riederalp\" target=\"_blank\" rel=\"noopener\">hier<\/a>.<\/p>\n<p><em>Ja hie \u00fcf d&#8216; Alpa da wird me so froh, het R\u00fceh und e Fride wie niena e so<\/em><\/p>\n<\/div><\/section>\n","protected":false},"excerpt":{"rendered":"","protected":false},"author":3,"featured_media":1405,"comment_status":"closed","ping_status":"closed","sticky":false,"template":"","format":"standard","meta":{"footnotes":""},"categories":[8,11,7,12],"tags":[],"class_list":["post-1403","post","type-post","status-publish","format-standard","has-post-thumbnail","hentry","category-bettmeralp","category-fiescheralp","category-riederalp","category-wandern"],"yoast_head":"<!-- This site is optimized with the Yoast SEO plugin v27.4 - https:\/\/yoast.com\/product\/yoast-seo-wordpress\/ -->\n<title>Winterwanderung Fiescheralp \u2013 Riederalp - Bettmeralp und Riederalp<\/title>\n<meta name=\"description\" content=\"Genussvolle Winterwanderung von der Fiescheralp bis zur Riederalp mit Rastm\u00f6glichkeiten.\" \/>\n<meta name=\"robots\" content=\"index, follow, max-snippet:-1, max-image-preview:large, max-video-preview:-1\" \/>\n<link rel=\"canonical\" href=\"https:\/\/ferienchalet-wallis.ch\/de\/winterwanderung-fiescheralp-riederalp\/\" \/>\n<meta property=\"og:locale\" content=\"de_DE\" \/>\n<meta property=\"og:type\" content=\"article\" \/>\n<meta property=\"og:title\" content=\"Winterwanderung Fiescheralp \u2013 Riederalp - Bettmeralp und Riederalp\" \/>\n<meta property=\"og:description\" content=\"Genussvolle Winterwanderung von der Fiescheralp bis zur Riederalp mit Rastm\u00f6glichkeiten.\" \/>\n<meta property=\"og:url\" content=\"https:\/\/ferienchalet-wallis.ch\/de\/winterwanderung-fiescheralp-riederalp\/\" \/>\n<meta property=\"og:site_name\" content=\"Bettmeralp und Riederalp\" \/>\n<meta property=\"article:published_time\" content=\"2023-02-21T09:49:46+00:00\" \/>\n<meta property=\"article:modified_time\" content=\"2023-07-04T12:54:30+00:00\" \/>\n<meta property=\"og:image\" content=\"https:\/\/ferienchalet-wallis.ch\/wp-content\/uploads\/2023\/02\/Winterwanderweg-Fiescheralp.jpeg\" \/>\n\t<meta property=\"og:image:width\" content=\"1024\" \/>\n\t<meta property=\"og:image:height\" content=\"768\" \/>\n\t<meta property=\"og:image:type\" content=\"image\/jpeg\" \/>\n<meta name=\"author\" content=\"WalliSaar\" \/>\n<meta name=\"twitter:card\" content=\"summary_large_image\" \/>\n<meta name=\"twitter:label1\" content=\"Verfasst von\" \/>\n\t<meta name=\"twitter:data1\" content=\"WalliSaar\" \/>\n\t<meta name=\"twitter:label2\" content=\"Gesch\u00e4tzte Lesezeit\" \/>\n\t<meta name=\"twitter:data2\" content=\"2\u00a0Minuten\" \/>\n<script type=\"application\/ld+json\" class=\"yoast-schema-graph\">{\"@context\":\"https:\\\/\\\/schema.org\",\"@graph\":[{\"@type\":\"Article\",\"@id\":\"https:\\\/\\\/ferienchalet-wallis.ch\\\/de\\\/winterwanderung-fiescheralp-riederalp\\\/#article\",\"isPartOf\":{\"@id\":\"https:\\\/\\\/ferienchalet-wallis.ch\\\/de\\\/winterwanderung-fiescheralp-riederalp\\\/\"},\"author\":{\"name\":\"WalliSaar\",\"@id\":\"https:\\\/\\\/ferienchalet-wallis.ch\\\/#\\\/schema\\\/person\\\/18b3f062b0514bc953799175b9bfdd2b\"},\"headline\":\"Winterwanderung Fiescheralp \u2013 Riederalp\",\"datePublished\":\"2023-02-21T09:49:46+00:00\",\"dateModified\":\"2023-07-04T12:54:30+00:00\",\"mainEntityOfPage\":{\"@id\":\"https:\\\/\\\/ferienchalet-wallis.ch\\\/de\\\/winterwanderung-fiescheralp-riederalp\\\/\"},\"wordCount\":401,\"publisher\":{\"@id\":\"https:\\\/\\\/ferienchalet-wallis.ch\\\/#organization\"},\"image\":{\"@id\":\"https:\\\/\\\/ferienchalet-wallis.ch\\\/de\\\/winterwanderung-fiescheralp-riederalp\\\/#primaryimage\"},\"thumbnailUrl\":\"https:\\\/\\\/ferienchalet-wallis.ch\\\/wp-content\\\/uploads\\\/2023\\\/02\\\/Winterwanderweg-Fiescheralp.jpeg\",\"articleSection\":[\"Bettmeralp\",\"Fiescheralp\",\"Riederalp\",\"Wandern\"],\"inLanguage\":\"de\"},{\"@type\":\"WebPage\",\"@id\":\"https:\\\/\\\/ferienchalet-wallis.ch\\\/de\\\/winterwanderung-fiescheralp-riederalp\\\/\",\"url\":\"https:\\\/\\\/ferienchalet-wallis.ch\\\/de\\\/winterwanderung-fiescheralp-riederalp\\\/\",\"name\":\"Winterwanderung Fiescheralp \u2013 Riederalp - Bettmeralp und Riederalp\",\"isPartOf\":{\"@id\":\"https:\\\/\\\/ferienchalet-wallis.ch\\\/#website\"},\"primaryImageOfPage\":{\"@id\":\"https:\\\/\\\/ferienchalet-wallis.ch\\\/de\\\/winterwanderung-fiescheralp-riederalp\\\/#primaryimage\"},\"image\":{\"@id\":\"https:\\\/\\\/ferienchalet-wallis.ch\\\/de\\\/winterwanderung-fiescheralp-riederalp\\\/#primaryimage\"},\"thumbnailUrl\":\"https:\\\/\\\/ferienchalet-wallis.ch\\\/wp-content\\\/uploads\\\/2023\\\/02\\\/Winterwanderweg-Fiescheralp.jpeg\",\"datePublished\":\"2023-02-21T09:49:46+00:00\",\"dateModified\":\"2023-07-04T12:54:30+00:00\",\"description\":\"Genussvolle Winterwanderung von der Fiescheralp bis zur Riederalp mit Rastm\u00f6glichkeiten.\",\"breadcrumb\":{\"@id\":\"https:\\\/\\\/ferienchalet-wallis.ch\\\/de\\\/winterwanderung-fiescheralp-riederalp\\\/#breadcrumb\"},\"inLanguage\":\"de\",\"potentialAction\":[{\"@type\":\"ReadAction\",\"target\":[\"https:\\\/\\\/ferienchalet-wallis.ch\\\/de\\\/winterwanderung-fiescheralp-riederalp\\\/\"]}]},{\"@type\":\"ImageObject\",\"inLanguage\":\"de\",\"@id\":\"https:\\\/\\\/ferienchalet-wallis.ch\\\/de\\\/winterwanderung-fiescheralp-riederalp\\\/#primaryimage\",\"url\":\"https:\\\/\\\/ferienchalet-wallis.ch\\\/wp-content\\\/uploads\\\/2023\\\/02\\\/Winterwanderweg-Fiescheralp.jpeg\",\"contentUrl\":\"https:\\\/\\\/ferienchalet-wallis.ch\\\/wp-content\\\/uploads\\\/2023\\\/02\\\/Winterwanderweg-Fiescheralp.jpeg\",\"width\":1024,\"height\":768},{\"@type\":\"BreadcrumbList\",\"@id\":\"https:\\\/\\\/ferienchalet-wallis.ch\\\/de\\\/winterwanderung-fiescheralp-riederalp\\\/#breadcrumb\",\"itemListElement\":[{\"@type\":\"ListItem\",\"position\":1,\"name\":\"Home\",\"item\":\"https:\\\/\\\/ferienchalet-wallis.ch\\\/\"},{\"@type\":\"ListItem\",\"position\":2,\"name\":\"Winterwanderung Fiescheralp \u2013 Riederalp\"}]},{\"@type\":\"WebSite\",\"@id\":\"https:\\\/\\\/ferienchalet-wallis.ch\\\/#website\",\"url\":\"https:\\\/\\\/ferienchalet-wallis.ch\\\/\",\"name\":\"Bettmeralp und Riederalp\",\"description\":\"Kranzfelder Markus\",\"publisher\":{\"@id\":\"https:\\\/\\\/ferienchalet-wallis.ch\\\/#organization\"},\"potentialAction\":[{\"@type\":\"SearchAction\",\"target\":{\"@type\":\"EntryPoint\",\"urlTemplate\":\"https:\\\/\\\/ferienchalet-wallis.ch\\\/?s={search_term_string}\"},\"query-input\":{\"@type\":\"PropertyValueSpecification\",\"valueRequired\":true,\"valueName\":\"search_term_string\"}}],\"inLanguage\":\"de\"},{\"@type\":\"Organization\",\"@id\":\"https:\\\/\\\/ferienchalet-wallis.ch\\\/#organization\",\"name\":\"Liegenschaftsbetreuung \\\/ Vermietung \u2013 M. Kranzfelder\",\"url\":\"https:\\\/\\\/ferienchalet-wallis.ch\\\/\",\"logo\":{\"@type\":\"ImageObject\",\"inLanguage\":\"de\",\"@id\":\"https:\\\/\\\/ferienchalet-wallis.ch\\\/#\\\/schema\\\/logo\\\/image\\\/\",\"url\":\"https:\\\/\\\/ferienchalet-wallis.ch\\\/wp-content\\\/uploads\\\/2022\\\/01\\\/Logo_Kranzfelder.png\",\"contentUrl\":\"https:\\\/\\\/ferienchalet-wallis.ch\\\/wp-content\\\/uploads\\\/2022\\\/01\\\/Logo_Kranzfelder.png\",\"width\":1526,\"height\":447,\"caption\":\"Liegenschaftsbetreuung \\\/ Vermietung \u2013 M. Kranzfelder\"},\"image\":{\"@id\":\"https:\\\/\\\/ferienchalet-wallis.ch\\\/#\\\/schema\\\/logo\\\/image\\\/\"}},{\"@type\":\"Person\",\"@id\":\"https:\\\/\\\/ferienchalet-wallis.ch\\\/#\\\/schema\\\/person\\\/18b3f062b0514bc953799175b9bfdd2b\",\"name\":\"WalliSaar\",\"image\":{\"@type\":\"ImageObject\",\"inLanguage\":\"de\",\"@id\":\"https:\\\/\\\/secure.gravatar.com\\\/avatar\\\/1be7f9468eac0e02f655be9ab758a01ae5dc72d678841cc4898d463993c78d36?s=96&d=initials&r=g&initials=ru\",\"url\":\"https:\\\/\\\/secure.gravatar.com\\\/avatar\\\/1be7f9468eac0e02f655be9ab758a01ae5dc72d678841cc4898d463993c78d36?s=96&d=initials&r=g&initials=ru\",\"contentUrl\":\"https:\\\/\\\/secure.gravatar.com\\\/avatar\\\/1be7f9468eac0e02f655be9ab758a01ae5dc72d678841cc4898d463993c78d36?s=96&d=initials&r=g&initials=ru\",\"caption\":\"WalliSaar\"},\"description\":\"Mein Name ist Anja Ruch und ich schreibe die Blogbeitr\u00e4ge f\u00fcr das Ehepaar Markus &amp; Tabitha Kranzfelder. Der Name WalliSaar gr\u00fcndet sich auf meinen Wurzeln im Saarland und den neuen im Wallis. My name is Anja Ruch and I write the blog entries for the Markus &amp; Tabitha Kranzfelder couple. The name WalliSaar shows the connection to my old roots in Saarland and the new ones in Valais.\",\"sameAs\":[\"https:\\\/\\\/www.ferienchalet-wallis.ch\\\/blog\"],\"url\":\"https:\\\/\\\/ferienchalet-wallis.ch\\\/de\\\/author\\\/wallisaar\\\/\"}]}<\/script>\n<!-- \/ Yoast SEO plugin. -->","yoast_head_json":{"title":"Winterwanderung Fiescheralp \u2013 Riederalp - Bettmeralp und Riederalp","description":"Genussvolle Winterwanderung von der Fiescheralp bis zur Riederalp mit Rastm\u00f6glichkeiten.","robots":{"index":"index","follow":"follow","max-snippet":"max-snippet:-1","max-image-preview":"max-image-preview:large","max-video-preview":"max-video-preview:-1"},"canonical":"https:\/\/ferienchalet-wallis.ch\/de\/winterwanderung-fiescheralp-riederalp\/","og_locale":"de_DE","og_type":"article","og_title":"Winterwanderung Fiescheralp \u2013 Riederalp - Bettmeralp und Riederalp","og_description":"Genussvolle Winterwanderung von der Fiescheralp bis zur Riederalp mit Rastm\u00f6glichkeiten.","og_url":"https:\/\/ferienchalet-wallis.ch\/de\/winterwanderung-fiescheralp-riederalp\/","og_site_name":"Bettmeralp und Riederalp","article_published_time":"2023-02-21T09:49:46+00:00","article_modified_time":"2023-07-04T12:54:30+00:00","og_image":[{"width":1024,"height":768,"url":"https:\/\/ferienchalet-wallis.ch\/wp-content\/uploads\/2023\/02\/Winterwanderweg-Fiescheralp.jpeg","type":"image\/jpeg"}],"author":"WalliSaar","twitter_card":"summary_large_image","twitter_misc":{"Verfasst von":"WalliSaar","Gesch\u00e4tzte Lesezeit":"2\u00a0Minuten"},"schema":{"@context":"https:\/\/schema.org","@graph":[{"@type":"Article","@id":"https:\/\/ferienchalet-wallis.ch\/de\/winterwanderung-fiescheralp-riederalp\/#article","isPartOf":{"@id":"https:\/\/ferienchalet-wallis.ch\/de\/winterwanderung-fiescheralp-riederalp\/"},"author":{"name":"WalliSaar","@id":"https:\/\/ferienchalet-wallis.ch\/#\/schema\/person\/18b3f062b0514bc953799175b9bfdd2b"},"headline":"Winterwanderung Fiescheralp \u2013 Riederalp","datePublished":"2023-02-21T09:49:46+00:00","dateModified":"2023-07-04T12:54:30+00:00","mainEntityOfPage":{"@id":"https:\/\/ferienchalet-wallis.ch\/de\/winterwanderung-fiescheralp-riederalp\/"},"wordCount":401,"publisher":{"@id":"https:\/\/ferienchalet-wallis.ch\/#organization"},"image":{"@id":"https:\/\/ferienchalet-wallis.ch\/de\/winterwanderung-fiescheralp-riederalp\/#primaryimage"},"thumbnailUrl":"https:\/\/ferienchalet-wallis.ch\/wp-content\/uploads\/2023\/02\/Winterwanderweg-Fiescheralp.jpeg","articleSection":["Bettmeralp","Fiescheralp","Riederalp","Wandern"],"inLanguage":"de"},{"@type":"WebPage","@id":"https:\/\/ferienchalet-wallis.ch\/de\/winterwanderung-fiescheralp-riederalp\/","url":"https:\/\/ferienchalet-wallis.ch\/de\/winterwanderung-fiescheralp-riederalp\/","name":"Winterwanderung Fiescheralp \u2013 Riederalp - Bettmeralp und Riederalp","isPartOf":{"@id":"https:\/\/ferienchalet-wallis.ch\/#website"},"primaryImageOfPage":{"@id":"https:\/\/ferienchalet-wallis.ch\/de\/winterwanderung-fiescheralp-riederalp\/#primaryimage"},"image":{"@id":"https:\/\/ferienchalet-wallis.ch\/de\/winterwanderung-fiescheralp-riederalp\/#primaryimage"},"thumbnailUrl":"https:\/\/ferienchalet-wallis.ch\/wp-content\/uploads\/2023\/02\/Winterwanderweg-Fiescheralp.jpeg","datePublished":"2023-02-21T09:49:46+00:00","dateModified":"2023-07-04T12:54:30+00:00","description":"Genussvolle Winterwanderung von der Fiescheralp bis zur Riederalp mit Rastm\u00f6glichkeiten.","breadcrumb":{"@id":"https:\/\/ferienchalet-wallis.ch\/de\/winterwanderung-fiescheralp-riederalp\/#breadcrumb"},"inLanguage":"de","potentialAction":[{"@type":"ReadAction","target":["https:\/\/ferienchalet-wallis.ch\/de\/winterwanderung-fiescheralp-riederalp\/"]}]},{"@type":"ImageObject","inLanguage":"de","@id":"https:\/\/ferienchalet-wallis.ch\/de\/winterwanderung-fiescheralp-riederalp\/#primaryimage","url":"https:\/\/ferienchalet-wallis.ch\/wp-content\/uploads\/2023\/02\/Winterwanderweg-Fiescheralp.jpeg","contentUrl":"https:\/\/ferienchalet-wallis.ch\/wp-content\/uploads\/2023\/02\/Winterwanderweg-Fiescheralp.jpeg","width":1024,"height":768},{"@type":"BreadcrumbList","@id":"https:\/\/ferienchalet-wallis.ch\/de\/winterwanderung-fiescheralp-riederalp\/#breadcrumb","itemListElement":[{"@type":"ListItem","position":1,"name":"Home","item":"https:\/\/ferienchalet-wallis.ch\/"},{"@type":"ListItem","position":2,"name":"Winterwanderung Fiescheralp \u2013 Riederalp"}]},{"@type":"WebSite","@id":"https:\/\/ferienchalet-wallis.ch\/#website","url":"https:\/\/ferienchalet-wallis.ch\/","name":"Bettmeralp und Riederalp","description":"Kranzfelder Markus","publisher":{"@id":"https:\/\/ferienchalet-wallis.ch\/#organization"},"potentialAction":[{"@type":"SearchAction","target":{"@type":"EntryPoint","urlTemplate":"https:\/\/ferienchalet-wallis.ch\/?s={search_term_string}"},"query-input":{"@type":"PropertyValueSpecification","valueRequired":true,"valueName":"search_term_string"}}],"inLanguage":"de"},{"@type":"Organization","@id":"https:\/\/ferienchalet-wallis.ch\/#organization","name":"Liegenschaftsbetreuung \/ Vermietung \u2013 M. Kranzfelder","url":"https:\/\/ferienchalet-wallis.ch\/","logo":{"@type":"ImageObject","inLanguage":"de","@id":"https:\/\/ferienchalet-wallis.ch\/#\/schema\/logo\/image\/","url":"https:\/\/ferienchalet-wallis.ch\/wp-content\/uploads\/2022\/01\/Logo_Kranzfelder.png","contentUrl":"https:\/\/ferienchalet-wallis.ch\/wp-content\/uploads\/2022\/01\/Logo_Kranzfelder.png","width":1526,"height":447,"caption":"Liegenschaftsbetreuung \/ Vermietung \u2013 M. Kranzfelder"},"image":{"@id":"https:\/\/ferienchalet-wallis.ch\/#\/schema\/logo\/image\/"}},{"@type":"Person","@id":"https:\/\/ferienchalet-wallis.ch\/#\/schema\/person\/18b3f062b0514bc953799175b9bfdd2b","name":"WalliSaar","image":{"@type":"ImageObject","inLanguage":"de","@id":"https:\/\/secure.gravatar.com\/avatar\/1be7f9468eac0e02f655be9ab758a01ae5dc72d678841cc4898d463993c78d36?s=96&d=initials&r=g&initials=ru","url":"https:\/\/secure.gravatar.com\/avatar\/1be7f9468eac0e02f655be9ab758a01ae5dc72d678841cc4898d463993c78d36?s=96&d=initials&r=g&initials=ru","contentUrl":"https:\/\/secure.gravatar.com\/avatar\/1be7f9468eac0e02f655be9ab758a01ae5dc72d678841cc4898d463993c78d36?s=96&d=initials&r=g&initials=ru","caption":"WalliSaar"},"description":"Mein Name ist Anja Ruch und ich schreibe die Blogbeitr\u00e4ge f\u00fcr das Ehepaar Markus &amp; Tabitha Kranzfelder. Der Name WalliSaar gr\u00fcndet sich auf meinen Wurzeln im Saarland und den neuen im Wallis. My name is Anja Ruch and I write the blog entries for the Markus &amp; Tabitha Kranzfelder couple. The name WalliSaar shows the connection to my old roots in Saarland and the new ones in Valais.","sameAs":["https:\/\/www.ferienchalet-wallis.ch\/blog"],"url":"https:\/\/ferienchalet-wallis.ch\/de\/author\/wallisaar\/"}]}},"_links":{"self":[{"href":"https:\/\/ferienchalet-wallis.ch\/de\/wp-json\/wp\/v2\/posts\/1403","targetHints":{"allow":["GET"]}}],"collection":[{"href":"https:\/\/ferienchalet-wallis.ch\/de\/wp-json\/wp\/v2\/posts"}],"about":[{"href":"https:\/\/ferienchalet-wallis.ch\/de\/wp-json\/wp\/v2\/types\/post"}],"author":[{"embeddable":true,"href":"https:\/\/ferienchalet-wallis.ch\/de\/wp-json\/wp\/v2\/users\/3"}],"replies":[{"embeddable":true,"href":"https:\/\/ferienchalet-wallis.ch\/de\/wp-json\/wp\/v2\/comments?post=1403"}],"version-history":[{"count":4,"href":"https:\/\/ferienchalet-wallis.ch\/de\/wp-json\/wp\/v2\/posts\/1403\/revisions"}],"predecessor-version":[{"id":1481,"href":"https:\/\/ferienchalet-wallis.ch\/de\/wp-json\/wp\/v2\/posts\/1403\/revisions\/1481"}],"wp:featuredmedia":[{"embeddable":true,"href":"https:\/\/ferienchalet-wallis.ch\/de\/wp-json\/wp\/v2\/media\/1405"}],"wp:attachment":[{"href":"https:\/\/ferienchalet-wallis.ch\/de\/wp-json\/wp\/v2\/media?parent=1403"}],"wp:term":[{"taxonomy":"category","embeddable":true,"href":"https:\/\/ferienchalet-wallis.ch\/de\/wp-json\/wp\/v2\/categories?post=1403"},{"taxonomy":"post_tag","embeddable":true,"href":"https:\/\/ferienchalet-wallis.ch\/de\/wp-json\/wp\/v2\/tags?post=1403"}],"curies":[{"name":"wp","href":"https:\/\/api.w.org\/{rel}","templated":true}]}}