{"id":1424,"date":"2023-03-07T08:31:42","date_gmt":"2023-03-07T08:31:42","guid":{"rendered":"https:\/\/ferienchalet-wallis.ch\/?p=1424"},"modified":"2023-07-04T12:53:20","modified_gmt":"2023-07-04T12:53:20","slug":"alternatives-winterwandern","status":"publish","type":"post","link":"https:\/\/ferienchalet-wallis.ch\/de\/alternatives-winterwandern\/","title":{"rendered":"Alternatives Winterwandern"},"content":{"rendered":"\n<style type=\"text\/css\" data-created_by=\"avia_inline_auto\" id=\"style-css-av-ljoajbz3-fb70c96e858655b4a4ec48ed63f1b224\">\n#top .av-special-heading.av-ljoajbz3-fb70c96e858655b4a4ec48ed63f1b224{\npadding-bottom:10px;\n}\nbody .av-special-heading.av-ljoajbz3-fb70c96e858655b4a4ec48ed63f1b224 .av-special-heading-tag .heading-char{\nfont-size:25px;\n}\n.av-special-heading.av-ljoajbz3-fb70c96e858655b4a4ec48ed63f1b224 .av-subheading{\nfont-size:15px;\n}\n<\/style>\n<div  class='av-special-heading av-ljoajbz3-fb70c96e858655b4a4ec48ed63f1b224 av-special-heading-h2  avia-builder-el-0  el_before_av_textblock  avia-builder-el-first '><h2 class='av-special-heading-tag'  itemprop=\"headline\"  >Serpentinen Wanderweg nach Betten Dorf<\/h2><div class=\"special-heading-border\"><div class=\"special-heading-inner-border\"><\/div><\/div><\/div>\n<section  class='av_textblock_section av-lexzhyrs-d800d2e8ffbb27860d35fddb98a26d2a'  itemscope=\"itemscope\" itemtype=\"https:\/\/schema.org\/BlogPosting\" itemprop=\"blogPost\" ><div class='avia_textblock'  itemprop=\"text\" ><p>Eins muss man hier mal festhalten: die Fernsicht \u00fcber die Walliser Berge ist sensationell und die Maiens\u00e4sse dazu geben einem so ein richtig urchiges Gef\u00fchl. Und sowieso gilt: Ferien sind Ferien! Tapetenwechsel ist gefragt mit der richtigen Sicht auf Spass und Erholung. Wenn also auch kein Schnee liegt auf manchen Winterwanderwegen, m\u00f6chte ich trotzdem den Wanderweg von der Bettmeralp nach Betten Dorf vorstellen. Der n\u00e4chste Winter kommt bestimmt!<\/p>\n<h3>Wanderweg nach Betten Dorf<\/h3>\n<p>Der Serpentinenweg beginnt an der Luftseilbahn der Bergstation Bettmeralp und l\u00e4uft \u00fcber den unteren Dorfweg hinab Richtung Ried nach Domo und anschliessend Breiten in die Egga. In einem Winter mit richtig viel Schnee f\u00e4hrt man diese einfache Tour gerne mit dem Schlitten. (Einen alternativen <a href=\"https:\/\/ferienchalet-wallis.ch\/aletsch\/schlitteln-gut\/\">Schlittelweg<\/a> habe ich bereits vorgestellt.) Herrlich, sag ich da nur! Im rasanten Tempo bergab und zwischendurch noch einen Blick auf die alten \u201eHischini\u201c erhaschen. Dieses Jahr gehen Sie diesen Weg trockenen Fusses mit dem Vorteil, sich in Ruhe die Maiens\u00e4sse anzuschauen und sich vorzustellen, wie das Leben wohl anno dazumal im Wallis war. In Betten Dorf steigen Sie dann wieder in die Luftseilbahn und fahren \u201enach Hause\u201c.<\/p>\n<h3>Alpmuseum der Aletsch Arena<\/h3>\n<p>Falls es Sie interessiert, gehen Sie doch mal ins <a href=\"https:\/\/www.aletscharena.ch\/aletsch-arena\/kultur-brauchtum\/alpmuseum\" target=\"_blank\" rel=\"noopener\">Alpmuseum<\/a> auf der Riederalp. Das hat zwar nur in der Wandersaison offen, aber da haben Sie doch einen Grund, die Walliser Bergwelt einmal von der anderen Seite zu erleben. Vielleicht treffen Sie n\u00e4chsten Sp\u00e4tsommer mal den Aletsch mit seinen sch\u00f6nen Wanderwegen?<\/p>\n<p><em>Ich l\u00fcege rings die B\u00e4rga a, schi scht\u00e4nd halt gar so pr\u00e4chtig da<\/em><\/p>\n<\/div><\/section>\n","protected":false},"excerpt":{"rendered":"","protected":false},"author":3,"featured_media":1426,"comment_status":"closed","ping_status":"closed","sticky":false,"template":"","format":"standard","meta":{"footnotes":""},"categories":[6,8,7,12],"tags":[],"class_list":["post-1424","post","type-post","status-publish","format-standard","has-post-thumbnail","hentry","category-aletsch","category-bettmeralp","category-riederalp","category-wandern"],"yoast_head":"<!-- This site is optimized with the Yoast SEO plugin v27.4 - https:\/\/yoast.com\/product\/yoast-seo-wordpress\/ -->\n<title>Alternatives Winterwandern - Bettmeralp und Riederalp<\/title>\n<meta name=\"description\" content=\"Der Wanderweg von der Luftseilbahn der Bergstation Bettmeralp nach Betten Dorf bietet eine wunderbare Fernsicht auf die Walliser Bergwelt.\" \/>\n<meta name=\"robots\" content=\"index, follow, max-snippet:-1, max-image-preview:large, max-video-preview:-1\" \/>\n<link rel=\"canonical\" href=\"https:\/\/ferienchalet-wallis.ch\/de\/alternatives-winterwandern\/\" \/>\n<meta property=\"og:locale\" content=\"de_DE\" \/>\n<meta property=\"og:type\" content=\"article\" \/>\n<meta property=\"og:title\" content=\"Alternatives Winterwandern - Bettmeralp und Riederalp\" \/>\n<meta property=\"og:description\" content=\"Der Wanderweg von der Luftseilbahn der Bergstation Bettmeralp nach Betten Dorf bietet eine wunderbare Fernsicht auf die Walliser Bergwelt.\" \/>\n<meta property=\"og:url\" content=\"https:\/\/ferienchalet-wallis.ch\/de\/alternatives-winterwandern\/\" \/>\n<meta property=\"og:site_name\" content=\"Bettmeralp und Riederalp\" \/>\n<meta property=\"article:published_time\" content=\"2023-03-07T08:31:42+00:00\" \/>\n<meta property=\"article:modified_time\" content=\"2023-07-04T12:53:20+00:00\" \/>\n<meta property=\"og:image\" content=\"https:\/\/ferienchalet-wallis.ch\/wp-content\/uploads\/2023\/03\/Bettmerhorn-1030x773.jpg\" \/>\n\t<meta property=\"og:image:width\" content=\"1030\" \/>\n\t<meta property=\"og:image:height\" content=\"773\" \/>\n\t<meta property=\"og:image:type\" content=\"image\/jpeg\" \/>\n<meta name=\"author\" content=\"WalliSaar\" \/>\n<meta name=\"twitter:card\" content=\"summary_large_image\" \/>\n<meta name=\"twitter:label1\" content=\"Verfasst von\" \/>\n\t<meta name=\"twitter:data1\" content=\"WalliSaar\" \/>\n\t<meta name=\"twitter:label2\" content=\"Gesch\u00e4tzte Lesezeit\" \/>\n\t<meta name=\"twitter:data2\" content=\"2\u00a0Minuten\" \/>\n<script type=\"application\/ld+json\" class=\"yoast-schema-graph\">{\"@context\":\"https:\\\/\\\/schema.org\",\"@graph\":[{\"@type\":\"Article\",\"@id\":\"https:\\\/\\\/ferienchalet-wallis.ch\\\/de\\\/alternatives-winterwandern\\\/#article\",\"isPartOf\":{\"@id\":\"https:\\\/\\\/ferienchalet-wallis.ch\\\/de\\\/alternatives-winterwandern\\\/\"},\"author\":{\"name\":\"WalliSaar\",\"@id\":\"https:\\\/\\\/ferienchalet-wallis.ch\\\/#\\\/schema\\\/person\\\/18b3f062b0514bc953799175b9bfdd2b\"},\"headline\":\"Alternatives Winterwandern\",\"datePublished\":\"2023-03-07T08:31:42+00:00\",\"dateModified\":\"2023-07-04T12:53:20+00:00\",\"mainEntityOfPage\":{\"@id\":\"https:\\\/\\\/ferienchalet-wallis.ch\\\/de\\\/alternatives-winterwandern\\\/\"},\"wordCount\":374,\"publisher\":{\"@id\":\"https:\\\/\\\/ferienchalet-wallis.ch\\\/#organization\"},\"image\":{\"@id\":\"https:\\\/\\\/ferienchalet-wallis.ch\\\/de\\\/alternatives-winterwandern\\\/#primaryimage\"},\"thumbnailUrl\":\"https:\\\/\\\/ferienchalet-wallis.ch\\\/wp-content\\\/uploads\\\/2023\\\/03\\\/Bettmerhorn-scaled.jpg\",\"articleSection\":[\"Aletsch\",\"Bettmeralp\",\"Riederalp\",\"Wandern\"],\"inLanguage\":\"de\"},{\"@type\":\"WebPage\",\"@id\":\"https:\\\/\\\/ferienchalet-wallis.ch\\\/de\\\/alternatives-winterwandern\\\/\",\"url\":\"https:\\\/\\\/ferienchalet-wallis.ch\\\/de\\\/alternatives-winterwandern\\\/\",\"name\":\"Alternatives Winterwandern - Bettmeralp und Riederalp\",\"isPartOf\":{\"@id\":\"https:\\\/\\\/ferienchalet-wallis.ch\\\/#website\"},\"primaryImageOfPage\":{\"@id\":\"https:\\\/\\\/ferienchalet-wallis.ch\\\/de\\\/alternatives-winterwandern\\\/#primaryimage\"},\"image\":{\"@id\":\"https:\\\/\\\/ferienchalet-wallis.ch\\\/de\\\/alternatives-winterwandern\\\/#primaryimage\"},\"thumbnailUrl\":\"https:\\\/\\\/ferienchalet-wallis.ch\\\/wp-content\\\/uploads\\\/2023\\\/03\\\/Bettmerhorn-scaled.jpg\",\"datePublished\":\"2023-03-07T08:31:42+00:00\",\"dateModified\":\"2023-07-04T12:53:20+00:00\",\"description\":\"Der Wanderweg von der Luftseilbahn der Bergstation Bettmeralp nach Betten Dorf bietet eine wunderbare Fernsicht auf die Walliser Bergwelt.\",\"breadcrumb\":{\"@id\":\"https:\\\/\\\/ferienchalet-wallis.ch\\\/de\\\/alternatives-winterwandern\\\/#breadcrumb\"},\"inLanguage\":\"de\",\"potentialAction\":[{\"@type\":\"ReadAction\",\"target\":[\"https:\\\/\\\/ferienchalet-wallis.ch\\\/de\\\/alternatives-winterwandern\\\/\"]}]},{\"@type\":\"ImageObject\",\"inLanguage\":\"de\",\"@id\":\"https:\\\/\\\/ferienchalet-wallis.ch\\\/de\\\/alternatives-winterwandern\\\/#primaryimage\",\"url\":\"https:\\\/\\\/ferienchalet-wallis.ch\\\/wp-content\\\/uploads\\\/2023\\\/03\\\/Bettmerhorn-scaled.jpg\",\"contentUrl\":\"https:\\\/\\\/ferienchalet-wallis.ch\\\/wp-content\\\/uploads\\\/2023\\\/03\\\/Bettmerhorn-scaled.jpg\",\"width\":2560,\"height\":1920,\"caption\":\"Bettmerhorn\"},{\"@type\":\"BreadcrumbList\",\"@id\":\"https:\\\/\\\/ferienchalet-wallis.ch\\\/de\\\/alternatives-winterwandern\\\/#breadcrumb\",\"itemListElement\":[{\"@type\":\"ListItem\",\"position\":1,\"name\":\"Home\",\"item\":\"https:\\\/\\\/ferienchalet-wallis.ch\\\/\"},{\"@type\":\"ListItem\",\"position\":2,\"name\":\"Alternatives Winterwandern\"}]},{\"@type\":\"WebSite\",\"@id\":\"https:\\\/\\\/ferienchalet-wallis.ch\\\/#website\",\"url\":\"https:\\\/\\\/ferienchalet-wallis.ch\\\/\",\"name\":\"Bettmeralp und Riederalp\",\"description\":\"Kranzfelder Markus\",\"publisher\":{\"@id\":\"https:\\\/\\\/ferienchalet-wallis.ch\\\/#organization\"},\"potentialAction\":[{\"@type\":\"SearchAction\",\"target\":{\"@type\":\"EntryPoint\",\"urlTemplate\":\"https:\\\/\\\/ferienchalet-wallis.ch\\\/?s={search_term_string}\"},\"query-input\":{\"@type\":\"PropertyValueSpecification\",\"valueRequired\":true,\"valueName\":\"search_term_string\"}}],\"inLanguage\":\"de\"},{\"@type\":\"Organization\",\"@id\":\"https:\\\/\\\/ferienchalet-wallis.ch\\\/#organization\",\"name\":\"Liegenschaftsbetreuung \\\/ Vermietung \u2013 M. Kranzfelder\",\"url\":\"https:\\\/\\\/ferienchalet-wallis.ch\\\/\",\"logo\":{\"@type\":\"ImageObject\",\"inLanguage\":\"de\",\"@id\":\"https:\\\/\\\/ferienchalet-wallis.ch\\\/#\\\/schema\\\/logo\\\/image\\\/\",\"url\":\"https:\\\/\\\/ferienchalet-wallis.ch\\\/wp-content\\\/uploads\\\/2022\\\/01\\\/Logo_Kranzfelder.png\",\"contentUrl\":\"https:\\\/\\\/ferienchalet-wallis.ch\\\/wp-content\\\/uploads\\\/2022\\\/01\\\/Logo_Kranzfelder.png\",\"width\":1526,\"height\":447,\"caption\":\"Liegenschaftsbetreuung \\\/ Vermietung \u2013 M. Kranzfelder\"},\"image\":{\"@id\":\"https:\\\/\\\/ferienchalet-wallis.ch\\\/#\\\/schema\\\/logo\\\/image\\\/\"}},{\"@type\":\"Person\",\"@id\":\"https:\\\/\\\/ferienchalet-wallis.ch\\\/#\\\/schema\\\/person\\\/18b3f062b0514bc953799175b9bfdd2b\",\"name\":\"WalliSaar\",\"image\":{\"@type\":\"ImageObject\",\"inLanguage\":\"de\",\"@id\":\"https:\\\/\\\/secure.gravatar.com\\\/avatar\\\/1be7f9468eac0e02f655be9ab758a01ae5dc72d678841cc4898d463993c78d36?s=96&d=initials&r=g&initials=ru\",\"url\":\"https:\\\/\\\/secure.gravatar.com\\\/avatar\\\/1be7f9468eac0e02f655be9ab758a01ae5dc72d678841cc4898d463993c78d36?s=96&d=initials&r=g&initials=ru\",\"contentUrl\":\"https:\\\/\\\/secure.gravatar.com\\\/avatar\\\/1be7f9468eac0e02f655be9ab758a01ae5dc72d678841cc4898d463993c78d36?s=96&d=initials&r=g&initials=ru\",\"caption\":\"WalliSaar\"},\"description\":\"Mein Name ist Anja Ruch und ich schreibe die Blogbeitr\u00e4ge f\u00fcr das Ehepaar Markus &amp; Tabitha Kranzfelder. Der Name WalliSaar gr\u00fcndet sich auf meinen Wurzeln im Saarland und den neuen im Wallis. My name is Anja Ruch and I write the blog entries for the Markus &amp; Tabitha Kranzfelder couple. The name WalliSaar shows the connection to my old roots in Saarland and the new ones in Valais.\",\"sameAs\":[\"https:\\\/\\\/www.ferienchalet-wallis.ch\\\/blog\"],\"url\":\"https:\\\/\\\/ferienchalet-wallis.ch\\\/de\\\/author\\\/wallisaar\\\/\"}]}<\/script>\n<!-- \/ Yoast SEO plugin. -->","yoast_head_json":{"title":"Alternatives Winterwandern - Bettmeralp und Riederalp","description":"Der Wanderweg von der Luftseilbahn der Bergstation Bettmeralp nach Betten Dorf bietet eine wunderbare Fernsicht auf die Walliser Bergwelt.","robots":{"index":"index","follow":"follow","max-snippet":"max-snippet:-1","max-image-preview":"max-image-preview:large","max-video-preview":"max-video-preview:-1"},"canonical":"https:\/\/ferienchalet-wallis.ch\/de\/alternatives-winterwandern\/","og_locale":"de_DE","og_type":"article","og_title":"Alternatives Winterwandern - Bettmeralp und Riederalp","og_description":"Der Wanderweg von der Luftseilbahn der Bergstation Bettmeralp nach Betten Dorf bietet eine wunderbare Fernsicht auf die Walliser Bergwelt.","og_url":"https:\/\/ferienchalet-wallis.ch\/de\/alternatives-winterwandern\/","og_site_name":"Bettmeralp und Riederalp","article_published_time":"2023-03-07T08:31:42+00:00","article_modified_time":"2023-07-04T12:53:20+00:00","og_image":[{"width":1030,"height":773,"url":"https:\/\/ferienchalet-wallis.ch\/wp-content\/uploads\/2023\/03\/Bettmerhorn-1030x773.jpg","type":"image\/jpeg"}],"author":"WalliSaar","twitter_card":"summary_large_image","twitter_misc":{"Verfasst von":"WalliSaar","Gesch\u00e4tzte Lesezeit":"2\u00a0Minuten"},"schema":{"@context":"https:\/\/schema.org","@graph":[{"@type":"Article","@id":"https:\/\/ferienchalet-wallis.ch\/de\/alternatives-winterwandern\/#article","isPartOf":{"@id":"https:\/\/ferienchalet-wallis.ch\/de\/alternatives-winterwandern\/"},"author":{"name":"WalliSaar","@id":"https:\/\/ferienchalet-wallis.ch\/#\/schema\/person\/18b3f062b0514bc953799175b9bfdd2b"},"headline":"Alternatives Winterwandern","datePublished":"2023-03-07T08:31:42+00:00","dateModified":"2023-07-04T12:53:20+00:00","mainEntityOfPage":{"@id":"https:\/\/ferienchalet-wallis.ch\/de\/alternatives-winterwandern\/"},"wordCount":374,"publisher":{"@id":"https:\/\/ferienchalet-wallis.ch\/#organization"},"image":{"@id":"https:\/\/ferienchalet-wallis.ch\/de\/alternatives-winterwandern\/#primaryimage"},"thumbnailUrl":"https:\/\/ferienchalet-wallis.ch\/wp-content\/uploads\/2023\/03\/Bettmerhorn-scaled.jpg","articleSection":["Aletsch","Bettmeralp","Riederalp","Wandern"],"inLanguage":"de"},{"@type":"WebPage","@id":"https:\/\/ferienchalet-wallis.ch\/de\/alternatives-winterwandern\/","url":"https:\/\/ferienchalet-wallis.ch\/de\/alternatives-winterwandern\/","name":"Alternatives Winterwandern - Bettmeralp und Riederalp","isPartOf":{"@id":"https:\/\/ferienchalet-wallis.ch\/#website"},"primaryImageOfPage":{"@id":"https:\/\/ferienchalet-wallis.ch\/de\/alternatives-winterwandern\/#primaryimage"},"image":{"@id":"https:\/\/ferienchalet-wallis.ch\/de\/alternatives-winterwandern\/#primaryimage"},"thumbnailUrl":"https:\/\/ferienchalet-wallis.ch\/wp-content\/uploads\/2023\/03\/Bettmerhorn-scaled.jpg","datePublished":"2023-03-07T08:31:42+00:00","dateModified":"2023-07-04T12:53:20+00:00","description":"Der Wanderweg von der Luftseilbahn der Bergstation Bettmeralp nach Betten Dorf bietet eine wunderbare Fernsicht auf die Walliser Bergwelt.","breadcrumb":{"@id":"https:\/\/ferienchalet-wallis.ch\/de\/alternatives-winterwandern\/#breadcrumb"},"inLanguage":"de","potentialAction":[{"@type":"ReadAction","target":["https:\/\/ferienchalet-wallis.ch\/de\/alternatives-winterwandern\/"]}]},{"@type":"ImageObject","inLanguage":"de","@id":"https:\/\/ferienchalet-wallis.ch\/de\/alternatives-winterwandern\/#primaryimage","url":"https:\/\/ferienchalet-wallis.ch\/wp-content\/uploads\/2023\/03\/Bettmerhorn-scaled.jpg","contentUrl":"https:\/\/ferienchalet-wallis.ch\/wp-content\/uploads\/2023\/03\/Bettmerhorn-scaled.jpg","width":2560,"height":1920,"caption":"Bettmerhorn"},{"@type":"BreadcrumbList","@id":"https:\/\/ferienchalet-wallis.ch\/de\/alternatives-winterwandern\/#breadcrumb","itemListElement":[{"@type":"ListItem","position":1,"name":"Home","item":"https:\/\/ferienchalet-wallis.ch\/"},{"@type":"ListItem","position":2,"name":"Alternatives Winterwandern"}]},{"@type":"WebSite","@id":"https:\/\/ferienchalet-wallis.ch\/#website","url":"https:\/\/ferienchalet-wallis.ch\/","name":"Bettmeralp und Riederalp","description":"Kranzfelder Markus","publisher":{"@id":"https:\/\/ferienchalet-wallis.ch\/#organization"},"potentialAction":[{"@type":"SearchAction","target":{"@type":"EntryPoint","urlTemplate":"https:\/\/ferienchalet-wallis.ch\/?s={search_term_string}"},"query-input":{"@type":"PropertyValueSpecification","valueRequired":true,"valueName":"search_term_string"}}],"inLanguage":"de"},{"@type":"Organization","@id":"https:\/\/ferienchalet-wallis.ch\/#organization","name":"Liegenschaftsbetreuung \/ Vermietung \u2013 M. Kranzfelder","url":"https:\/\/ferienchalet-wallis.ch\/","logo":{"@type":"ImageObject","inLanguage":"de","@id":"https:\/\/ferienchalet-wallis.ch\/#\/schema\/logo\/image\/","url":"https:\/\/ferienchalet-wallis.ch\/wp-content\/uploads\/2022\/01\/Logo_Kranzfelder.png","contentUrl":"https:\/\/ferienchalet-wallis.ch\/wp-content\/uploads\/2022\/01\/Logo_Kranzfelder.png","width":1526,"height":447,"caption":"Liegenschaftsbetreuung \/ Vermietung \u2013 M. Kranzfelder"},"image":{"@id":"https:\/\/ferienchalet-wallis.ch\/#\/schema\/logo\/image\/"}},{"@type":"Person","@id":"https:\/\/ferienchalet-wallis.ch\/#\/schema\/person\/18b3f062b0514bc953799175b9bfdd2b","name":"WalliSaar","image":{"@type":"ImageObject","inLanguage":"de","@id":"https:\/\/secure.gravatar.com\/avatar\/1be7f9468eac0e02f655be9ab758a01ae5dc72d678841cc4898d463993c78d36?s=96&d=initials&r=g&initials=ru","url":"https:\/\/secure.gravatar.com\/avatar\/1be7f9468eac0e02f655be9ab758a01ae5dc72d678841cc4898d463993c78d36?s=96&d=initials&r=g&initials=ru","contentUrl":"https:\/\/secure.gravatar.com\/avatar\/1be7f9468eac0e02f655be9ab758a01ae5dc72d678841cc4898d463993c78d36?s=96&d=initials&r=g&initials=ru","caption":"WalliSaar"},"description":"Mein Name ist Anja Ruch und ich schreibe die Blogbeitr\u00e4ge f\u00fcr das Ehepaar Markus &amp; Tabitha Kranzfelder. Der Name WalliSaar gr\u00fcndet sich auf meinen Wurzeln im Saarland und den neuen im Wallis. My name is Anja Ruch and I write the blog entries for the Markus &amp; Tabitha Kranzfelder couple. The name WalliSaar shows the connection to my old roots in Saarland and the new ones in Valais.","sameAs":["https:\/\/www.ferienchalet-wallis.ch\/blog"],"url":"https:\/\/ferienchalet-wallis.ch\/de\/author\/wallisaar\/"}]}},"_links":{"self":[{"href":"https:\/\/ferienchalet-wallis.ch\/de\/wp-json\/wp\/v2\/posts\/1424","targetHints":{"allow":["GET"]}}],"collection":[{"href":"https:\/\/ferienchalet-wallis.ch\/de\/wp-json\/wp\/v2\/posts"}],"about":[{"href":"https:\/\/ferienchalet-wallis.ch\/de\/wp-json\/wp\/v2\/types\/post"}],"author":[{"embeddable":true,"href":"https:\/\/ferienchalet-wallis.ch\/de\/wp-json\/wp\/v2\/users\/3"}],"replies":[{"embeddable":true,"href":"https:\/\/ferienchalet-wallis.ch\/de\/wp-json\/wp\/v2\/comments?post=1424"}],"version-history":[{"count":3,"href":"https:\/\/ferienchalet-wallis.ch\/de\/wp-json\/wp\/v2\/posts\/1424\/revisions"}],"predecessor-version":[{"id":1480,"href":"https:\/\/ferienchalet-wallis.ch\/de\/wp-json\/wp\/v2\/posts\/1424\/revisions\/1480"}],"wp:featuredmedia":[{"embeddable":true,"href":"https:\/\/ferienchalet-wallis.ch\/de\/wp-json\/wp\/v2\/media\/1426"}],"wp:attachment":[{"href":"https:\/\/ferienchalet-wallis.ch\/de\/wp-json\/wp\/v2\/media?parent=1424"}],"wp:term":[{"taxonomy":"category","embeddable":true,"href":"https:\/\/ferienchalet-wallis.ch\/de\/wp-json\/wp\/v2\/categories?post=1424"},{"taxonomy":"post_tag","embeddable":true,"href":"https:\/\/ferienchalet-wallis.ch\/de\/wp-json\/wp\/v2\/tags?post=1424"}],"curies":[{"name":"wp","href":"https:\/\/api.w.org\/{rel}","templated":true}]}}