{"id":1433,"date":"2023-03-21T09:10:05","date_gmt":"2023-03-21T09:10:05","guid":{"rendered":"https:\/\/ferienchalet-wallis.ch\/?p=1433"},"modified":"2023-07-04T12:51:35","modified_gmt":"2023-07-04T12:51:35","slug":"tandemflug-abheben-im-doppelten-sinn","status":"publish","type":"post","link":"https:\/\/ferienchalet-wallis.ch\/de\/tandemflug-abheben-im-doppelten-sinn\/","title":{"rendered":"Tandemflug \u2013 Abheben im doppelten Sinn"},"content":{"rendered":"\n<style type=\"text\/css\" data-created_by=\"avia_inline_auto\" id=\"style-css-av-ljoagvdc-c98ef05fa91dceab61f3517a2e60b1f6\">\n#top .av-special-heading.av-ljoagvdc-c98ef05fa91dceab61f3517a2e60b1f6{\npadding-bottom:10px;\n}\nbody .av-special-heading.av-ljoagvdc-c98ef05fa91dceab61f3517a2e60b1f6 .av-special-heading-tag .heading-char{\nfont-size:25px;\n}\n.av-special-heading.av-ljoagvdc-c98ef05fa91dceab61f3517a2e60b1f6 .av-subheading{\nfont-size:15px;\n}\n<\/style>\n<div  class='av-special-heading av-ljoagvdc-c98ef05fa91dceab61f3517a2e60b1f6 av-special-heading-h2  avia-builder-el-0  el_before_av_textblock  avia-builder-el-first '><h2 class='av-special-heading-tag'  itemprop=\"headline\"  >Gleitschirmfliegen und frei sein<\/h2><div class=\"special-heading-border\"><div class=\"special-heading-inner-border\"><\/div><\/div><\/div>\n<section  class='av_textblock_section av-lfi1b5gy-8e79676b1b32a6f8df088e1523cd7a94'  itemscope=\"itemscope\" itemtype=\"https:\/\/schema.org\/BlogPosting\" itemprop=\"blogPost\" ><div class='avia_textblock'  itemprop=\"text\" ><h3>Gleitschirmfliegen als Passagier<\/h3>\n<p>Sind Sie schon einmal mit dem Gleitschirm geflogen? Ich bin es noch nicht, wobei ich es mich schon interessieren w\u00fcrde. Ich liebe V\u00f6gel und bewundere gerne ihre Flugk\u00fcnste. Im Wallis kann man zu jeder Jahreszeit die Bergdohlen beobachten wie sie die Thermik f\u00fcr sich nutzen und ich Schwarm weiter und weiter in die H\u00f6he kreisen. Es muss ein Freiheitsgef\u00fchl par Excellence sein mit dem Gleitschirm das Gleiche zu tun und frei in der Luft zu schweben. Und nicht nur das: die Walliser Alpen von oben zu betrachten, stell ich mir auch sehr eindr\u00fccklich vor. Alles aus einer anderen Perspektive betrachten: Gletscher, Berge, T\u00e4ler. Vielleicht mit den Bergdohlen aufsteigen und mit ihnen dahinschweben.<\/p>\n<h3>Tandemfl\u00fcge f\u00fcr Erwachsene und Kinder<\/h3>\n<p>Wenn Sie nun also Ferien in der Aletschregion machen und von sich sagen k\u00f6nnen, dass Sie ein mutiger Mensch sind, dann probieren Sie doch mal einen Tandemflug aus. Anbieter f\u00fcr Passagierfl\u00fcge im Oberwallis finden Sie mit Sitz in Fieschertal. Startpl\u00e4tze gibt es auf s\u00e4mtlichen Alpen der Aletsch Arena, das heisst Sie m\u00fcssen deshalb nicht extra nach Fieschertal fahren. Das Flugangebot reicht von 15 Minuten bis einer dreiviertel Stunde. Tats\u00e4chlich gibt es sogar Angebote f\u00fcr Kids ab 4 Jahren. Preise und weitere Informationen finden Sie auf der <a href=\"https:\/\/www.aletscharena.ch\/aktivitaeten\/gleitschirm-delta#c115\" target=\"_blank\" rel=\"noopener\">Webseite der Aletsch Arena<\/a>. Es steigt der Mut mit der Gelegenheit, hat Shakespeare gesagt. Sportlich gesehen, wird in der Aletsch Bergregion dazu genug geboten.<\/p>\n<p><em>Und ich flieg \u00fcf wite Schwinge obschi hin zum Firneschnee.<\/em><\/p>\n<\/div><\/section>\n","protected":false},"excerpt":{"rendered":"","protected":false},"author":3,"featured_media":422,"comment_status":"closed","ping_status":"closed","sticky":false,"template":"","format":"standard","meta":{"footnotes":""},"categories":[6,11,16],"tags":[],"class_list":["post-1433","post","type-post","status-publish","format-standard","has-post-thumbnail","hentry","category-aletsch","category-fiescheralp","category-gleitschirm"],"yoast_head":"<!-- This site is optimized with the Yoast SEO plugin v27.4 - https:\/\/yoast.com\/product\/yoast-seo-wordpress\/ -->\n<title>Tandemflug \u2013 Abheben im doppelten Sinn - Bettmeralp und Riederalp<\/title>\n<meta name=\"description\" content=\"Die Aletschregion einmal von oben betrachten mit einem Tandemflug. Fliegen Sie als Passagier mit dem Gleitschirm mit.\" \/>\n<meta name=\"robots\" content=\"index, follow, max-snippet:-1, max-image-preview:large, max-video-preview:-1\" \/>\n<link rel=\"canonical\" href=\"https:\/\/ferienchalet-wallis.ch\/de\/tandemflug-abheben-im-doppelten-sinn\/\" \/>\n<meta property=\"og:locale\" content=\"de_DE\" \/>\n<meta property=\"og:type\" content=\"article\" \/>\n<meta property=\"og:title\" content=\"Tandemflug \u2013 Abheben im doppelten Sinn - Bettmeralp und Riederalp\" \/>\n<meta property=\"og:description\" content=\"Die Aletschregion einmal von oben betrachten mit einem Tandemflug. Fliegen Sie als Passagier mit dem Gleitschirm mit.\" \/>\n<meta property=\"og:url\" content=\"https:\/\/ferienchalet-wallis.ch\/de\/tandemflug-abheben-im-doppelten-sinn\/\" \/>\n<meta property=\"og:site_name\" content=\"Bettmeralp und Riederalp\" \/>\n<meta property=\"article:published_time\" content=\"2023-03-21T09:10:05+00:00\" \/>\n<meta property=\"article:modified_time\" content=\"2023-07-04T12:51:35+00:00\" \/>\n<meta property=\"og:image\" content=\"https:\/\/ferienchalet-wallis.ch\/wp-content\/uploads\/2022\/04\/Winter_Gleitschirm-1030x687.jpg\" \/>\n\t<meta property=\"og:image:width\" content=\"1030\" \/>\n\t<meta property=\"og:image:height\" content=\"687\" \/>\n\t<meta property=\"og:image:type\" content=\"image\/jpeg\" \/>\n<meta name=\"author\" content=\"WalliSaar\" \/>\n<meta name=\"twitter:card\" content=\"summary_large_image\" \/>\n<meta name=\"twitter:label1\" content=\"Verfasst von\" \/>\n\t<meta name=\"twitter:data1\" content=\"WalliSaar\" \/>\n\t<meta name=\"twitter:label2\" content=\"Gesch\u00e4tzte Lesezeit\" \/>\n\t<meta name=\"twitter:data2\" content=\"2\u00a0Minuten\" \/>\n<script type=\"application\/ld+json\" class=\"yoast-schema-graph\">{\"@context\":\"https:\\\/\\\/schema.org\",\"@graph\":[{\"@type\":\"Article\",\"@id\":\"https:\\\/\\\/ferienchalet-wallis.ch\\\/de\\\/tandemflug-abheben-im-doppelten-sinn\\\/#article\",\"isPartOf\":{\"@id\":\"https:\\\/\\\/ferienchalet-wallis.ch\\\/de\\\/tandemflug-abheben-im-doppelten-sinn\\\/\"},\"author\":{\"name\":\"WalliSaar\",\"@id\":\"https:\\\/\\\/ferienchalet-wallis.ch\\\/#\\\/schema\\\/person\\\/18b3f062b0514bc953799175b9bfdd2b\"},\"headline\":\"Tandemflug \u2013 Abheben im doppelten Sinn\",\"datePublished\":\"2023-03-21T09:10:05+00:00\",\"dateModified\":\"2023-07-04T12:51:35+00:00\",\"mainEntityOfPage\":{\"@id\":\"https:\\\/\\\/ferienchalet-wallis.ch\\\/de\\\/tandemflug-abheben-im-doppelten-sinn\\\/\"},\"wordCount\":370,\"publisher\":{\"@id\":\"https:\\\/\\\/ferienchalet-wallis.ch\\\/#organization\"},\"image\":{\"@id\":\"https:\\\/\\\/ferienchalet-wallis.ch\\\/de\\\/tandemflug-abheben-im-doppelten-sinn\\\/#primaryimage\"},\"thumbnailUrl\":\"https:\\\/\\\/ferienchalet-wallis.ch\\\/wp-content\\\/uploads\\\/2022\\\/04\\\/Winter_Gleitschirm-scaled.jpg\",\"articleSection\":[\"Aletsch\",\"Fiescheralp\",\"Gleitschirm\"],\"inLanguage\":\"de\"},{\"@type\":\"WebPage\",\"@id\":\"https:\\\/\\\/ferienchalet-wallis.ch\\\/de\\\/tandemflug-abheben-im-doppelten-sinn\\\/\",\"url\":\"https:\\\/\\\/ferienchalet-wallis.ch\\\/de\\\/tandemflug-abheben-im-doppelten-sinn\\\/\",\"name\":\"Tandemflug \u2013 Abheben im doppelten Sinn - Bettmeralp und Riederalp\",\"isPartOf\":{\"@id\":\"https:\\\/\\\/ferienchalet-wallis.ch\\\/#website\"},\"primaryImageOfPage\":{\"@id\":\"https:\\\/\\\/ferienchalet-wallis.ch\\\/de\\\/tandemflug-abheben-im-doppelten-sinn\\\/#primaryimage\"},\"image\":{\"@id\":\"https:\\\/\\\/ferienchalet-wallis.ch\\\/de\\\/tandemflug-abheben-im-doppelten-sinn\\\/#primaryimage\"},\"thumbnailUrl\":\"https:\\\/\\\/ferienchalet-wallis.ch\\\/wp-content\\\/uploads\\\/2022\\\/04\\\/Winter_Gleitschirm-scaled.jpg\",\"datePublished\":\"2023-03-21T09:10:05+00:00\",\"dateModified\":\"2023-07-04T12:51:35+00:00\",\"description\":\"Die Aletschregion einmal von oben betrachten mit einem Tandemflug. Fliegen Sie als Passagier mit dem Gleitschirm mit.\",\"breadcrumb\":{\"@id\":\"https:\\\/\\\/ferienchalet-wallis.ch\\\/de\\\/tandemflug-abheben-im-doppelten-sinn\\\/#breadcrumb\"},\"inLanguage\":\"de\",\"potentialAction\":[{\"@type\":\"ReadAction\",\"target\":[\"https:\\\/\\\/ferienchalet-wallis.ch\\\/de\\\/tandemflug-abheben-im-doppelten-sinn\\\/\"]}]},{\"@type\":\"ImageObject\",\"inLanguage\":\"de\",\"@id\":\"https:\\\/\\\/ferienchalet-wallis.ch\\\/de\\\/tandemflug-abheben-im-doppelten-sinn\\\/#primaryimage\",\"url\":\"https:\\\/\\\/ferienchalet-wallis.ch\\\/wp-content\\\/uploads\\\/2022\\\/04\\\/Winter_Gleitschirm-scaled.jpg\",\"contentUrl\":\"https:\\\/\\\/ferienchalet-wallis.ch\\\/wp-content\\\/uploads\\\/2022\\\/04\\\/Winter_Gleitschirm-scaled.jpg\",\"width\":2560,\"height\":1707,\"caption\":\"Gleitschirmfliegen am Aletsch\"},{\"@type\":\"BreadcrumbList\",\"@id\":\"https:\\\/\\\/ferienchalet-wallis.ch\\\/de\\\/tandemflug-abheben-im-doppelten-sinn\\\/#breadcrumb\",\"itemListElement\":[{\"@type\":\"ListItem\",\"position\":1,\"name\":\"Home\",\"item\":\"https:\\\/\\\/ferienchalet-wallis.ch\\\/\"},{\"@type\":\"ListItem\",\"position\":2,\"name\":\"Tandemflug \u2013 Abheben im doppelten Sinn\"}]},{\"@type\":\"WebSite\",\"@id\":\"https:\\\/\\\/ferienchalet-wallis.ch\\\/#website\",\"url\":\"https:\\\/\\\/ferienchalet-wallis.ch\\\/\",\"name\":\"Bettmeralp und Riederalp\",\"description\":\"Kranzfelder Markus\",\"publisher\":{\"@id\":\"https:\\\/\\\/ferienchalet-wallis.ch\\\/#organization\"},\"potentialAction\":[{\"@type\":\"SearchAction\",\"target\":{\"@type\":\"EntryPoint\",\"urlTemplate\":\"https:\\\/\\\/ferienchalet-wallis.ch\\\/?s={search_term_string}\"},\"query-input\":{\"@type\":\"PropertyValueSpecification\",\"valueRequired\":true,\"valueName\":\"search_term_string\"}}],\"inLanguage\":\"de\"},{\"@type\":\"Organization\",\"@id\":\"https:\\\/\\\/ferienchalet-wallis.ch\\\/#organization\",\"name\":\"Liegenschaftsbetreuung \\\/ Vermietung \u2013 M. Kranzfelder\",\"url\":\"https:\\\/\\\/ferienchalet-wallis.ch\\\/\",\"logo\":{\"@type\":\"ImageObject\",\"inLanguage\":\"de\",\"@id\":\"https:\\\/\\\/ferienchalet-wallis.ch\\\/#\\\/schema\\\/logo\\\/image\\\/\",\"url\":\"https:\\\/\\\/ferienchalet-wallis.ch\\\/wp-content\\\/uploads\\\/2022\\\/01\\\/Logo_Kranzfelder.png\",\"contentUrl\":\"https:\\\/\\\/ferienchalet-wallis.ch\\\/wp-content\\\/uploads\\\/2022\\\/01\\\/Logo_Kranzfelder.png\",\"width\":1526,\"height\":447,\"caption\":\"Liegenschaftsbetreuung \\\/ Vermietung \u2013 M. Kranzfelder\"},\"image\":{\"@id\":\"https:\\\/\\\/ferienchalet-wallis.ch\\\/#\\\/schema\\\/logo\\\/image\\\/\"}},{\"@type\":\"Person\",\"@id\":\"https:\\\/\\\/ferienchalet-wallis.ch\\\/#\\\/schema\\\/person\\\/18b3f062b0514bc953799175b9bfdd2b\",\"name\":\"WalliSaar\",\"image\":{\"@type\":\"ImageObject\",\"inLanguage\":\"de\",\"@id\":\"https:\\\/\\\/secure.gravatar.com\\\/avatar\\\/1be7f9468eac0e02f655be9ab758a01ae5dc72d678841cc4898d463993c78d36?s=96&d=initials&r=g&initials=ru\",\"url\":\"https:\\\/\\\/secure.gravatar.com\\\/avatar\\\/1be7f9468eac0e02f655be9ab758a01ae5dc72d678841cc4898d463993c78d36?s=96&d=initials&r=g&initials=ru\",\"contentUrl\":\"https:\\\/\\\/secure.gravatar.com\\\/avatar\\\/1be7f9468eac0e02f655be9ab758a01ae5dc72d678841cc4898d463993c78d36?s=96&d=initials&r=g&initials=ru\",\"caption\":\"WalliSaar\"},\"description\":\"Mein Name ist Anja Ruch und ich schreibe die Blogbeitr\u00e4ge f\u00fcr das Ehepaar Markus &amp; Tabitha Kranzfelder. Der Name WalliSaar gr\u00fcndet sich auf meinen Wurzeln im Saarland und den neuen im Wallis. My name is Anja Ruch and I write the blog entries for the Markus &amp; Tabitha Kranzfelder couple. The name WalliSaar shows the connection to my old roots in Saarland and the new ones in Valais.\",\"sameAs\":[\"https:\\\/\\\/www.ferienchalet-wallis.ch\\\/blog\"],\"url\":\"https:\\\/\\\/ferienchalet-wallis.ch\\\/de\\\/author\\\/wallisaar\\\/\"}]}<\/script>\n<!-- \/ Yoast SEO plugin. -->","yoast_head_json":{"title":"Tandemflug \u2013 Abheben im doppelten Sinn - Bettmeralp und Riederalp","description":"Die Aletschregion einmal von oben betrachten mit einem Tandemflug. Fliegen Sie als Passagier mit dem Gleitschirm mit.","robots":{"index":"index","follow":"follow","max-snippet":"max-snippet:-1","max-image-preview":"max-image-preview:large","max-video-preview":"max-video-preview:-1"},"canonical":"https:\/\/ferienchalet-wallis.ch\/de\/tandemflug-abheben-im-doppelten-sinn\/","og_locale":"de_DE","og_type":"article","og_title":"Tandemflug \u2013 Abheben im doppelten Sinn - Bettmeralp und Riederalp","og_description":"Die Aletschregion einmal von oben betrachten mit einem Tandemflug. Fliegen Sie als Passagier mit dem Gleitschirm mit.","og_url":"https:\/\/ferienchalet-wallis.ch\/de\/tandemflug-abheben-im-doppelten-sinn\/","og_site_name":"Bettmeralp und Riederalp","article_published_time":"2023-03-21T09:10:05+00:00","article_modified_time":"2023-07-04T12:51:35+00:00","og_image":[{"width":1030,"height":687,"url":"https:\/\/ferienchalet-wallis.ch\/wp-content\/uploads\/2022\/04\/Winter_Gleitschirm-1030x687.jpg","type":"image\/jpeg"}],"author":"WalliSaar","twitter_card":"summary_large_image","twitter_misc":{"Verfasst von":"WalliSaar","Gesch\u00e4tzte Lesezeit":"2\u00a0Minuten"},"schema":{"@context":"https:\/\/schema.org","@graph":[{"@type":"Article","@id":"https:\/\/ferienchalet-wallis.ch\/de\/tandemflug-abheben-im-doppelten-sinn\/#article","isPartOf":{"@id":"https:\/\/ferienchalet-wallis.ch\/de\/tandemflug-abheben-im-doppelten-sinn\/"},"author":{"name":"WalliSaar","@id":"https:\/\/ferienchalet-wallis.ch\/#\/schema\/person\/18b3f062b0514bc953799175b9bfdd2b"},"headline":"Tandemflug \u2013 Abheben im doppelten Sinn","datePublished":"2023-03-21T09:10:05+00:00","dateModified":"2023-07-04T12:51:35+00:00","mainEntityOfPage":{"@id":"https:\/\/ferienchalet-wallis.ch\/de\/tandemflug-abheben-im-doppelten-sinn\/"},"wordCount":370,"publisher":{"@id":"https:\/\/ferienchalet-wallis.ch\/#organization"},"image":{"@id":"https:\/\/ferienchalet-wallis.ch\/de\/tandemflug-abheben-im-doppelten-sinn\/#primaryimage"},"thumbnailUrl":"https:\/\/ferienchalet-wallis.ch\/wp-content\/uploads\/2022\/04\/Winter_Gleitschirm-scaled.jpg","articleSection":["Aletsch","Fiescheralp","Gleitschirm"],"inLanguage":"de"},{"@type":"WebPage","@id":"https:\/\/ferienchalet-wallis.ch\/de\/tandemflug-abheben-im-doppelten-sinn\/","url":"https:\/\/ferienchalet-wallis.ch\/de\/tandemflug-abheben-im-doppelten-sinn\/","name":"Tandemflug \u2013 Abheben im doppelten Sinn - Bettmeralp und Riederalp","isPartOf":{"@id":"https:\/\/ferienchalet-wallis.ch\/#website"},"primaryImageOfPage":{"@id":"https:\/\/ferienchalet-wallis.ch\/de\/tandemflug-abheben-im-doppelten-sinn\/#primaryimage"},"image":{"@id":"https:\/\/ferienchalet-wallis.ch\/de\/tandemflug-abheben-im-doppelten-sinn\/#primaryimage"},"thumbnailUrl":"https:\/\/ferienchalet-wallis.ch\/wp-content\/uploads\/2022\/04\/Winter_Gleitschirm-scaled.jpg","datePublished":"2023-03-21T09:10:05+00:00","dateModified":"2023-07-04T12:51:35+00:00","description":"Die Aletschregion einmal von oben betrachten mit einem Tandemflug. Fliegen Sie als Passagier mit dem Gleitschirm mit.","breadcrumb":{"@id":"https:\/\/ferienchalet-wallis.ch\/de\/tandemflug-abheben-im-doppelten-sinn\/#breadcrumb"},"inLanguage":"de","potentialAction":[{"@type":"ReadAction","target":["https:\/\/ferienchalet-wallis.ch\/de\/tandemflug-abheben-im-doppelten-sinn\/"]}]},{"@type":"ImageObject","inLanguage":"de","@id":"https:\/\/ferienchalet-wallis.ch\/de\/tandemflug-abheben-im-doppelten-sinn\/#primaryimage","url":"https:\/\/ferienchalet-wallis.ch\/wp-content\/uploads\/2022\/04\/Winter_Gleitschirm-scaled.jpg","contentUrl":"https:\/\/ferienchalet-wallis.ch\/wp-content\/uploads\/2022\/04\/Winter_Gleitschirm-scaled.jpg","width":2560,"height":1707,"caption":"Gleitschirmfliegen am Aletsch"},{"@type":"BreadcrumbList","@id":"https:\/\/ferienchalet-wallis.ch\/de\/tandemflug-abheben-im-doppelten-sinn\/#breadcrumb","itemListElement":[{"@type":"ListItem","position":1,"name":"Home","item":"https:\/\/ferienchalet-wallis.ch\/"},{"@type":"ListItem","position":2,"name":"Tandemflug \u2013 Abheben im doppelten Sinn"}]},{"@type":"WebSite","@id":"https:\/\/ferienchalet-wallis.ch\/#website","url":"https:\/\/ferienchalet-wallis.ch\/","name":"Bettmeralp und Riederalp","description":"Kranzfelder Markus","publisher":{"@id":"https:\/\/ferienchalet-wallis.ch\/#organization"},"potentialAction":[{"@type":"SearchAction","target":{"@type":"EntryPoint","urlTemplate":"https:\/\/ferienchalet-wallis.ch\/?s={search_term_string}"},"query-input":{"@type":"PropertyValueSpecification","valueRequired":true,"valueName":"search_term_string"}}],"inLanguage":"de"},{"@type":"Organization","@id":"https:\/\/ferienchalet-wallis.ch\/#organization","name":"Liegenschaftsbetreuung \/ Vermietung \u2013 M. Kranzfelder","url":"https:\/\/ferienchalet-wallis.ch\/","logo":{"@type":"ImageObject","inLanguage":"de","@id":"https:\/\/ferienchalet-wallis.ch\/#\/schema\/logo\/image\/","url":"https:\/\/ferienchalet-wallis.ch\/wp-content\/uploads\/2022\/01\/Logo_Kranzfelder.png","contentUrl":"https:\/\/ferienchalet-wallis.ch\/wp-content\/uploads\/2022\/01\/Logo_Kranzfelder.png","width":1526,"height":447,"caption":"Liegenschaftsbetreuung \/ Vermietung \u2013 M. Kranzfelder"},"image":{"@id":"https:\/\/ferienchalet-wallis.ch\/#\/schema\/logo\/image\/"}},{"@type":"Person","@id":"https:\/\/ferienchalet-wallis.ch\/#\/schema\/person\/18b3f062b0514bc953799175b9bfdd2b","name":"WalliSaar","image":{"@type":"ImageObject","inLanguage":"de","@id":"https:\/\/secure.gravatar.com\/avatar\/1be7f9468eac0e02f655be9ab758a01ae5dc72d678841cc4898d463993c78d36?s=96&d=initials&r=g&initials=ru","url":"https:\/\/secure.gravatar.com\/avatar\/1be7f9468eac0e02f655be9ab758a01ae5dc72d678841cc4898d463993c78d36?s=96&d=initials&r=g&initials=ru","contentUrl":"https:\/\/secure.gravatar.com\/avatar\/1be7f9468eac0e02f655be9ab758a01ae5dc72d678841cc4898d463993c78d36?s=96&d=initials&r=g&initials=ru","caption":"WalliSaar"},"description":"Mein Name ist Anja Ruch und ich schreibe die Blogbeitr\u00e4ge f\u00fcr das Ehepaar Markus &amp; Tabitha Kranzfelder. Der Name WalliSaar gr\u00fcndet sich auf meinen Wurzeln im Saarland und den neuen im Wallis. My name is Anja Ruch and I write the blog entries for the Markus &amp; Tabitha Kranzfelder couple. The name WalliSaar shows the connection to my old roots in Saarland and the new ones in Valais.","sameAs":["https:\/\/www.ferienchalet-wallis.ch\/blog"],"url":"https:\/\/ferienchalet-wallis.ch\/de\/author\/wallisaar\/"}]}},"_links":{"self":[{"href":"https:\/\/ferienchalet-wallis.ch\/de\/wp-json\/wp\/v2\/posts\/1433","targetHints":{"allow":["GET"]}}],"collection":[{"href":"https:\/\/ferienchalet-wallis.ch\/de\/wp-json\/wp\/v2\/posts"}],"about":[{"href":"https:\/\/ferienchalet-wallis.ch\/de\/wp-json\/wp\/v2\/types\/post"}],"author":[{"embeddable":true,"href":"https:\/\/ferienchalet-wallis.ch\/de\/wp-json\/wp\/v2\/users\/3"}],"replies":[{"embeddable":true,"href":"https:\/\/ferienchalet-wallis.ch\/de\/wp-json\/wp\/v2\/comments?post=1433"}],"version-history":[{"count":3,"href":"https:\/\/ferienchalet-wallis.ch\/de\/wp-json\/wp\/v2\/posts\/1433\/revisions"}],"predecessor-version":[{"id":1478,"href":"https:\/\/ferienchalet-wallis.ch\/de\/wp-json\/wp\/v2\/posts\/1433\/revisions\/1478"}],"wp:featuredmedia":[{"embeddable":true,"href":"https:\/\/ferienchalet-wallis.ch\/de\/wp-json\/wp\/v2\/media\/422"}],"wp:attachment":[{"href":"https:\/\/ferienchalet-wallis.ch\/de\/wp-json\/wp\/v2\/media?parent=1433"}],"wp:term":[{"taxonomy":"category","embeddable":true,"href":"https:\/\/ferienchalet-wallis.ch\/de\/wp-json\/wp\/v2\/categories?post=1433"},{"taxonomy":"post_tag","embeddable":true,"href":"https:\/\/ferienchalet-wallis.ch\/de\/wp-json\/wp\/v2\/tags?post=1433"}],"curies":[{"name":"wp","href":"https:\/\/api.w.org\/{rel}","templated":true}]}}