{"id":1439,"date":"2023-04-04T12:10:17","date_gmt":"2023-04-04T12:10:17","guid":{"rendered":"https:\/\/ferienchalet-wallis.ch\/?p=1439"},"modified":"2023-07-04T12:50:43","modified_gmt":"2023-07-04T12:50:43","slug":"saisonende-der-aletsch-arena-15-april-2023","status":"publish","type":"post","link":"https:\/\/ferienchalet-wallis.ch\/de\/saisonende-der-aletsch-arena-15-april-2023\/","title":{"rendered":"Saisonende der Aletsch Arena &#8211; 15. April 2023"},"content":{"rendered":"\n<style type=\"text\/css\" data-created_by=\"avia_inline_auto\" id=\"style-css-av-ljoaejuf-bd51f435892e241e9cb85c65181264c6\">\n#top .av-special-heading.av-ljoaejuf-bd51f435892e241e9cb85c65181264c6{\npadding-bottom:10px;\n}\nbody .av-special-heading.av-ljoaejuf-bd51f435892e241e9cb85c65181264c6 .av-special-heading-tag .heading-char{\nfont-size:25px;\n}\n.av-special-heading.av-ljoaejuf-bd51f435892e241e9cb85c65181264c6 .av-subheading{\nfont-size:15px;\n}\n<\/style>\n<div  class='av-special-heading av-ljoaejuf-bd51f435892e241e9cb85c65181264c6 av-special-heading-h2  avia-builder-el-0  el_before_av_textblock  avia-builder-el-first '><h2 class='av-special-heading-tag'  itemprop=\"headline\"  >Veranstaltungen Aletsch Arena und in Fiesch<\/h2><div class=\"special-heading-border\"><div class=\"special-heading-inner-border\"><\/div><\/div><\/div>\n<section  class='av_textblock_section av-lg27v4bc-7bd5cd38fa419c7ebbb422ad35a559a7'  itemscope=\"itemscope\" itemtype=\"https:\/\/schema.org\/BlogPosting\" itemprop=\"blogPost\" ><div class='avia_textblock'  itemprop=\"text\" ><h3>Der Countdown l\u00e4uft!<\/h3>\n<p>Und was soll man sagen? Schnee satt (aktuell: Berg 156 cm) bei Temperaturen um Null Grad heisst: Viel Spass auf der Piste. Das Wetter ist perfekt und soll auch \u00fcber Ostern so bleiben. Und da dieses Jahr die Temperaturen eher im Keller sind, bietet es sich doch an die Pisten von der Riederalp bis zur Fiescheralp ein weiteres Mal abzufahren. Am Nachmittag dann an einem windgesch\u00fctzten Sonnenpl\u00e4tzchen die warmen Sonnenstrahlen geniessen. Sonnencreme nicht vergessen! Ap\u00e9ro auch nicht!! Und am Abend vielleicht dann doch einmal etwas Besonderes machen und die <a href=\"https:\/\/ferienchalet-wallis.ch\/aletsch\/der-hit-fondue-mit-abendstimmung\/\">Fonduegondel<\/a> ausprobieren. Am Ostermontag f\u00e4hrt sie zum letzten Mal diesen Winter.<\/p>\n<h3>Partys und Konzerte<\/h3>\n<p>Und zum Saisonende wird nochmal so richtig Gas gegeben. Zum Beispiel findet vom 07. Bis 08. April auf der Fiescheralp die Pre Season End Party statt. Desweiteren tritt am 12. April 2023 Mike M\u00fcller im Gemeindesaal Rondo in Fiesch in dem Theaterst\u00fcck Erbsache \u2013 Heinzer gegen Heinzer und Heinzer auf. Auch Konzerte gibt\u2019s zum Saisonende. Schauen Sie doch unter <a href=\"https:\/\/www.aletscharena.ch\/aletsch-arena\/veranstaltungen\" target=\"_blank\" rel=\"noopener\">Veranstaltungen<\/a> der Aletsch Arena. Also los, <a href=\"https:\/\/ferienchalet-wallis.ch\/fewo\/\">buchen<\/a> und ein sch\u00f6nes verl\u00e4ngertes Wochenende geniessen. Und dann geht\u2019s entspannt in den Fr\u00fchling.<\/p>\n<p><em>Und d&#8217;Vegelschar in d\u2018 Luft und B\u00f6\u00fcm voll Freid liedet schi um d&#8217;Wett<\/em><\/p>\n<\/div><\/section>\n","protected":false},"excerpt":{"rendered":"","protected":false},"author":3,"featured_media":288,"comment_status":"closed","ping_status":"closed","sticky":false,"template":"","format":"standard","meta":{"footnotes":""},"categories":[6,11,20],"tags":[],"class_list":["post-1439","post","type-post","status-publish","format-standard","has-post-thumbnail","hentry","category-aletsch","category-fiescheralp","category-veranstaltungen"],"yoast_head":"<!-- This site is optimized with the Yoast SEO plugin v27.4 - https:\/\/yoast.com\/product\/yoast-seo-wordpress\/ -->\n<title>Saisonende der Aletsch Arena - 15. April 2023 - Bettmeralp und Riederalp<\/title>\n<meta name=\"description\" content=\"Noch einmal zur Aletsch Arena und die Pistenabfahrt geniessen. Noch ein bisschen Party und den Saisonabschluss geniessen.\" \/>\n<meta name=\"robots\" content=\"index, follow, max-snippet:-1, max-image-preview:large, max-video-preview:-1\" \/>\n<link rel=\"canonical\" href=\"https:\/\/ferienchalet-wallis.ch\/de\/saisonende-der-aletsch-arena-15-april-2023\/\" \/>\n<meta property=\"og:locale\" content=\"de_DE\" \/>\n<meta property=\"og:type\" content=\"article\" \/>\n<meta property=\"og:title\" content=\"Saisonende der Aletsch Arena - 15. April 2023 - Bettmeralp und Riederalp\" \/>\n<meta property=\"og:description\" content=\"Noch einmal zur Aletsch Arena und die Pistenabfahrt geniessen. Noch ein bisschen Party und den Saisonabschluss geniessen.\" \/>\n<meta property=\"og:url\" content=\"https:\/\/ferienchalet-wallis.ch\/de\/saisonende-der-aletsch-arena-15-april-2023\/\" \/>\n<meta property=\"og:site_name\" content=\"Bettmeralp und Riederalp\" \/>\n<meta property=\"article:published_time\" content=\"2023-04-04T12:10:17+00:00\" \/>\n<meta property=\"article:modified_time\" content=\"2023-07-04T12:50:43+00:00\" \/>\n<meta property=\"og:image\" content=\"https:\/\/ferienchalet-wallis.ch\/wp-content\/uploads\/2022\/03\/WinterDorf_und_Skifahrer_org.2012-01-11_1640.jpg\" \/>\n\t<meta property=\"og:image:width\" content=\"1500\" \/>\n\t<meta property=\"og:image:height\" content=\"844\" \/>\n\t<meta property=\"og:image:type\" content=\"image\/jpeg\" \/>\n<meta name=\"author\" content=\"WalliSaar\" \/>\n<meta name=\"twitter:card\" content=\"summary_large_image\" \/>\n<meta name=\"twitter:label1\" content=\"Verfasst von\" \/>\n\t<meta name=\"twitter:data1\" content=\"WalliSaar\" \/>\n\t<meta name=\"twitter:label2\" content=\"Gesch\u00e4tzte Lesezeit\" \/>\n\t<meta name=\"twitter:data2\" content=\"2\u00a0Minuten\" \/>\n<script type=\"application\/ld+json\" class=\"yoast-schema-graph\">{\"@context\":\"https:\\\/\\\/schema.org\",\"@graph\":[{\"@type\":\"Article\",\"@id\":\"https:\\\/\\\/ferienchalet-wallis.ch\\\/de\\\/saisonende-der-aletsch-arena-15-april-2023\\\/#article\",\"isPartOf\":{\"@id\":\"https:\\\/\\\/ferienchalet-wallis.ch\\\/de\\\/saisonende-der-aletsch-arena-15-april-2023\\\/\"},\"author\":{\"name\":\"WalliSaar\",\"@id\":\"https:\\\/\\\/ferienchalet-wallis.ch\\\/#\\\/schema\\\/person\\\/18b3f062b0514bc953799175b9bfdd2b\"},\"headline\":\"Saisonende der Aletsch Arena &#8211; 15. April 2023\",\"datePublished\":\"2023-04-04T12:10:17+00:00\",\"dateModified\":\"2023-07-04T12:50:43+00:00\",\"mainEntityOfPage\":{\"@id\":\"https:\\\/\\\/ferienchalet-wallis.ch\\\/de\\\/saisonende-der-aletsch-arena-15-april-2023\\\/\"},\"wordCount\":324,\"publisher\":{\"@id\":\"https:\\\/\\\/ferienchalet-wallis.ch\\\/#organization\"},\"image\":{\"@id\":\"https:\\\/\\\/ferienchalet-wallis.ch\\\/de\\\/saisonende-der-aletsch-arena-15-april-2023\\\/#primaryimage\"},\"thumbnailUrl\":\"https:\\\/\\\/ferienchalet-wallis.ch\\\/wp-content\\\/uploads\\\/2022\\\/03\\\/WinterDorf_und_Skifahrer_org.2012-01-11_1640.jpg\",\"articleSection\":[\"Aletsch\",\"Fiescheralp\",\"Veranstaltungen\"],\"inLanguage\":\"de\"},{\"@type\":\"WebPage\",\"@id\":\"https:\\\/\\\/ferienchalet-wallis.ch\\\/de\\\/saisonende-der-aletsch-arena-15-april-2023\\\/\",\"url\":\"https:\\\/\\\/ferienchalet-wallis.ch\\\/de\\\/saisonende-der-aletsch-arena-15-april-2023\\\/\",\"name\":\"Saisonende der Aletsch Arena - 15. April 2023 - Bettmeralp und Riederalp\",\"isPartOf\":{\"@id\":\"https:\\\/\\\/ferienchalet-wallis.ch\\\/#website\"},\"primaryImageOfPage\":{\"@id\":\"https:\\\/\\\/ferienchalet-wallis.ch\\\/de\\\/saisonende-der-aletsch-arena-15-april-2023\\\/#primaryimage\"},\"image\":{\"@id\":\"https:\\\/\\\/ferienchalet-wallis.ch\\\/de\\\/saisonende-der-aletsch-arena-15-april-2023\\\/#primaryimage\"},\"thumbnailUrl\":\"https:\\\/\\\/ferienchalet-wallis.ch\\\/wp-content\\\/uploads\\\/2022\\\/03\\\/WinterDorf_und_Skifahrer_org.2012-01-11_1640.jpg\",\"datePublished\":\"2023-04-04T12:10:17+00:00\",\"dateModified\":\"2023-07-04T12:50:43+00:00\",\"description\":\"Noch einmal zur Aletsch Arena und die Pistenabfahrt geniessen. Noch ein bisschen Party und den Saisonabschluss geniessen.\",\"breadcrumb\":{\"@id\":\"https:\\\/\\\/ferienchalet-wallis.ch\\\/de\\\/saisonende-der-aletsch-arena-15-april-2023\\\/#breadcrumb\"},\"inLanguage\":\"de\",\"potentialAction\":[{\"@type\":\"ReadAction\",\"target\":[\"https:\\\/\\\/ferienchalet-wallis.ch\\\/de\\\/saisonende-der-aletsch-arena-15-april-2023\\\/\"]}]},{\"@type\":\"ImageObject\",\"inLanguage\":\"de\",\"@id\":\"https:\\\/\\\/ferienchalet-wallis.ch\\\/de\\\/saisonende-der-aletsch-arena-15-april-2023\\\/#primaryimage\",\"url\":\"https:\\\/\\\/ferienchalet-wallis.ch\\\/wp-content\\\/uploads\\\/2022\\\/03\\\/WinterDorf_und_Skifahrer_org.2012-01-11_1640.jpg\",\"contentUrl\":\"https:\\\/\\\/ferienchalet-wallis.ch\\\/wp-content\\\/uploads\\\/2022\\\/03\\\/WinterDorf_und_Skifahrer_org.2012-01-11_1640.jpg\",\"width\":1500,\"height\":844,\"caption\":\"Dorf Riederalp im Winter\"},{\"@type\":\"BreadcrumbList\",\"@id\":\"https:\\\/\\\/ferienchalet-wallis.ch\\\/de\\\/saisonende-der-aletsch-arena-15-april-2023\\\/#breadcrumb\",\"itemListElement\":[{\"@type\":\"ListItem\",\"position\":1,\"name\":\"Home\",\"item\":\"https:\\\/\\\/ferienchalet-wallis.ch\\\/\"},{\"@type\":\"ListItem\",\"position\":2,\"name\":\"Saisonende der Aletsch Arena &#8211; 15. April 2023\"}]},{\"@type\":\"WebSite\",\"@id\":\"https:\\\/\\\/ferienchalet-wallis.ch\\\/#website\",\"url\":\"https:\\\/\\\/ferienchalet-wallis.ch\\\/\",\"name\":\"Bettmeralp und Riederalp\",\"description\":\"Kranzfelder Markus\",\"publisher\":{\"@id\":\"https:\\\/\\\/ferienchalet-wallis.ch\\\/#organization\"},\"potentialAction\":[{\"@type\":\"SearchAction\",\"target\":{\"@type\":\"EntryPoint\",\"urlTemplate\":\"https:\\\/\\\/ferienchalet-wallis.ch\\\/?s={search_term_string}\"},\"query-input\":{\"@type\":\"PropertyValueSpecification\",\"valueRequired\":true,\"valueName\":\"search_term_string\"}}],\"inLanguage\":\"de\"},{\"@type\":\"Organization\",\"@id\":\"https:\\\/\\\/ferienchalet-wallis.ch\\\/#organization\",\"name\":\"Liegenschaftsbetreuung \\\/ Vermietung \u2013 M. Kranzfelder\",\"url\":\"https:\\\/\\\/ferienchalet-wallis.ch\\\/\",\"logo\":{\"@type\":\"ImageObject\",\"inLanguage\":\"de\",\"@id\":\"https:\\\/\\\/ferienchalet-wallis.ch\\\/#\\\/schema\\\/logo\\\/image\\\/\",\"url\":\"https:\\\/\\\/ferienchalet-wallis.ch\\\/wp-content\\\/uploads\\\/2022\\\/01\\\/Logo_Kranzfelder.png\",\"contentUrl\":\"https:\\\/\\\/ferienchalet-wallis.ch\\\/wp-content\\\/uploads\\\/2022\\\/01\\\/Logo_Kranzfelder.png\",\"width\":1526,\"height\":447,\"caption\":\"Liegenschaftsbetreuung \\\/ Vermietung \u2013 M. Kranzfelder\"},\"image\":{\"@id\":\"https:\\\/\\\/ferienchalet-wallis.ch\\\/#\\\/schema\\\/logo\\\/image\\\/\"}},{\"@type\":\"Person\",\"@id\":\"https:\\\/\\\/ferienchalet-wallis.ch\\\/#\\\/schema\\\/person\\\/18b3f062b0514bc953799175b9bfdd2b\",\"name\":\"WalliSaar\",\"image\":{\"@type\":\"ImageObject\",\"inLanguage\":\"de\",\"@id\":\"https:\\\/\\\/secure.gravatar.com\\\/avatar\\\/1be7f9468eac0e02f655be9ab758a01ae5dc72d678841cc4898d463993c78d36?s=96&d=initials&r=g&initials=ru\",\"url\":\"https:\\\/\\\/secure.gravatar.com\\\/avatar\\\/1be7f9468eac0e02f655be9ab758a01ae5dc72d678841cc4898d463993c78d36?s=96&d=initials&r=g&initials=ru\",\"contentUrl\":\"https:\\\/\\\/secure.gravatar.com\\\/avatar\\\/1be7f9468eac0e02f655be9ab758a01ae5dc72d678841cc4898d463993c78d36?s=96&d=initials&r=g&initials=ru\",\"caption\":\"WalliSaar\"},\"description\":\"Mein Name ist Anja Ruch und ich schreibe die Blogbeitr\u00e4ge f\u00fcr das Ehepaar Markus &amp; Tabitha Kranzfelder. Der Name WalliSaar gr\u00fcndet sich auf meinen Wurzeln im Saarland und den neuen im Wallis. My name is Anja Ruch and I write the blog entries for the Markus &amp; Tabitha Kranzfelder couple. The name WalliSaar shows the connection to my old roots in Saarland and the new ones in Valais.\",\"sameAs\":[\"https:\\\/\\\/www.ferienchalet-wallis.ch\\\/blog\"],\"url\":\"https:\\\/\\\/ferienchalet-wallis.ch\\\/de\\\/author\\\/wallisaar\\\/\"}]}<\/script>\n<!-- \/ Yoast SEO plugin. -->","yoast_head_json":{"title":"Saisonende der Aletsch Arena - 15. April 2023 - Bettmeralp und Riederalp","description":"Noch einmal zur Aletsch Arena und die Pistenabfahrt geniessen. Noch ein bisschen Party und den Saisonabschluss geniessen.","robots":{"index":"index","follow":"follow","max-snippet":"max-snippet:-1","max-image-preview":"max-image-preview:large","max-video-preview":"max-video-preview:-1"},"canonical":"https:\/\/ferienchalet-wallis.ch\/de\/saisonende-der-aletsch-arena-15-april-2023\/","og_locale":"de_DE","og_type":"article","og_title":"Saisonende der Aletsch Arena - 15. April 2023 - Bettmeralp und Riederalp","og_description":"Noch einmal zur Aletsch Arena und die Pistenabfahrt geniessen. Noch ein bisschen Party und den Saisonabschluss geniessen.","og_url":"https:\/\/ferienchalet-wallis.ch\/de\/saisonende-der-aletsch-arena-15-april-2023\/","og_site_name":"Bettmeralp und Riederalp","article_published_time":"2023-04-04T12:10:17+00:00","article_modified_time":"2023-07-04T12:50:43+00:00","og_image":[{"width":1500,"height":844,"url":"https:\/\/ferienchalet-wallis.ch\/wp-content\/uploads\/2022\/03\/WinterDorf_und_Skifahrer_org.2012-01-11_1640.jpg","type":"image\/jpeg"}],"author":"WalliSaar","twitter_card":"summary_large_image","twitter_misc":{"Verfasst von":"WalliSaar","Gesch\u00e4tzte Lesezeit":"2\u00a0Minuten"},"schema":{"@context":"https:\/\/schema.org","@graph":[{"@type":"Article","@id":"https:\/\/ferienchalet-wallis.ch\/de\/saisonende-der-aletsch-arena-15-april-2023\/#article","isPartOf":{"@id":"https:\/\/ferienchalet-wallis.ch\/de\/saisonende-der-aletsch-arena-15-april-2023\/"},"author":{"name":"WalliSaar","@id":"https:\/\/ferienchalet-wallis.ch\/#\/schema\/person\/18b3f062b0514bc953799175b9bfdd2b"},"headline":"Saisonende der Aletsch Arena &#8211; 15. April 2023","datePublished":"2023-04-04T12:10:17+00:00","dateModified":"2023-07-04T12:50:43+00:00","mainEntityOfPage":{"@id":"https:\/\/ferienchalet-wallis.ch\/de\/saisonende-der-aletsch-arena-15-april-2023\/"},"wordCount":324,"publisher":{"@id":"https:\/\/ferienchalet-wallis.ch\/#organization"},"image":{"@id":"https:\/\/ferienchalet-wallis.ch\/de\/saisonende-der-aletsch-arena-15-april-2023\/#primaryimage"},"thumbnailUrl":"https:\/\/ferienchalet-wallis.ch\/wp-content\/uploads\/2022\/03\/WinterDorf_und_Skifahrer_org.2012-01-11_1640.jpg","articleSection":["Aletsch","Fiescheralp","Veranstaltungen"],"inLanguage":"de"},{"@type":"WebPage","@id":"https:\/\/ferienchalet-wallis.ch\/de\/saisonende-der-aletsch-arena-15-april-2023\/","url":"https:\/\/ferienchalet-wallis.ch\/de\/saisonende-der-aletsch-arena-15-april-2023\/","name":"Saisonende der Aletsch Arena - 15. April 2023 - Bettmeralp und Riederalp","isPartOf":{"@id":"https:\/\/ferienchalet-wallis.ch\/#website"},"primaryImageOfPage":{"@id":"https:\/\/ferienchalet-wallis.ch\/de\/saisonende-der-aletsch-arena-15-april-2023\/#primaryimage"},"image":{"@id":"https:\/\/ferienchalet-wallis.ch\/de\/saisonende-der-aletsch-arena-15-april-2023\/#primaryimage"},"thumbnailUrl":"https:\/\/ferienchalet-wallis.ch\/wp-content\/uploads\/2022\/03\/WinterDorf_und_Skifahrer_org.2012-01-11_1640.jpg","datePublished":"2023-04-04T12:10:17+00:00","dateModified":"2023-07-04T12:50:43+00:00","description":"Noch einmal zur Aletsch Arena und die Pistenabfahrt geniessen. Noch ein bisschen Party und den Saisonabschluss geniessen.","breadcrumb":{"@id":"https:\/\/ferienchalet-wallis.ch\/de\/saisonende-der-aletsch-arena-15-april-2023\/#breadcrumb"},"inLanguage":"de","potentialAction":[{"@type":"ReadAction","target":["https:\/\/ferienchalet-wallis.ch\/de\/saisonende-der-aletsch-arena-15-april-2023\/"]}]},{"@type":"ImageObject","inLanguage":"de","@id":"https:\/\/ferienchalet-wallis.ch\/de\/saisonende-der-aletsch-arena-15-april-2023\/#primaryimage","url":"https:\/\/ferienchalet-wallis.ch\/wp-content\/uploads\/2022\/03\/WinterDorf_und_Skifahrer_org.2012-01-11_1640.jpg","contentUrl":"https:\/\/ferienchalet-wallis.ch\/wp-content\/uploads\/2022\/03\/WinterDorf_und_Skifahrer_org.2012-01-11_1640.jpg","width":1500,"height":844,"caption":"Dorf Riederalp im Winter"},{"@type":"BreadcrumbList","@id":"https:\/\/ferienchalet-wallis.ch\/de\/saisonende-der-aletsch-arena-15-april-2023\/#breadcrumb","itemListElement":[{"@type":"ListItem","position":1,"name":"Home","item":"https:\/\/ferienchalet-wallis.ch\/"},{"@type":"ListItem","position":2,"name":"Saisonende der Aletsch Arena &#8211; 15. April 2023"}]},{"@type":"WebSite","@id":"https:\/\/ferienchalet-wallis.ch\/#website","url":"https:\/\/ferienchalet-wallis.ch\/","name":"Bettmeralp und Riederalp","description":"Kranzfelder Markus","publisher":{"@id":"https:\/\/ferienchalet-wallis.ch\/#organization"},"potentialAction":[{"@type":"SearchAction","target":{"@type":"EntryPoint","urlTemplate":"https:\/\/ferienchalet-wallis.ch\/?s={search_term_string}"},"query-input":{"@type":"PropertyValueSpecification","valueRequired":true,"valueName":"search_term_string"}}],"inLanguage":"de"},{"@type":"Organization","@id":"https:\/\/ferienchalet-wallis.ch\/#organization","name":"Liegenschaftsbetreuung \/ Vermietung \u2013 M. Kranzfelder","url":"https:\/\/ferienchalet-wallis.ch\/","logo":{"@type":"ImageObject","inLanguage":"de","@id":"https:\/\/ferienchalet-wallis.ch\/#\/schema\/logo\/image\/","url":"https:\/\/ferienchalet-wallis.ch\/wp-content\/uploads\/2022\/01\/Logo_Kranzfelder.png","contentUrl":"https:\/\/ferienchalet-wallis.ch\/wp-content\/uploads\/2022\/01\/Logo_Kranzfelder.png","width":1526,"height":447,"caption":"Liegenschaftsbetreuung \/ Vermietung \u2013 M. Kranzfelder"},"image":{"@id":"https:\/\/ferienchalet-wallis.ch\/#\/schema\/logo\/image\/"}},{"@type":"Person","@id":"https:\/\/ferienchalet-wallis.ch\/#\/schema\/person\/18b3f062b0514bc953799175b9bfdd2b","name":"WalliSaar","image":{"@type":"ImageObject","inLanguage":"de","@id":"https:\/\/secure.gravatar.com\/avatar\/1be7f9468eac0e02f655be9ab758a01ae5dc72d678841cc4898d463993c78d36?s=96&d=initials&r=g&initials=ru","url":"https:\/\/secure.gravatar.com\/avatar\/1be7f9468eac0e02f655be9ab758a01ae5dc72d678841cc4898d463993c78d36?s=96&d=initials&r=g&initials=ru","contentUrl":"https:\/\/secure.gravatar.com\/avatar\/1be7f9468eac0e02f655be9ab758a01ae5dc72d678841cc4898d463993c78d36?s=96&d=initials&r=g&initials=ru","caption":"WalliSaar"},"description":"Mein Name ist Anja Ruch und ich schreibe die Blogbeitr\u00e4ge f\u00fcr das Ehepaar Markus &amp; Tabitha Kranzfelder. Der Name WalliSaar gr\u00fcndet sich auf meinen Wurzeln im Saarland und den neuen im Wallis. My name is Anja Ruch and I write the blog entries for the Markus &amp; Tabitha Kranzfelder couple. The name WalliSaar shows the connection to my old roots in Saarland and the new ones in Valais.","sameAs":["https:\/\/www.ferienchalet-wallis.ch\/blog"],"url":"https:\/\/ferienchalet-wallis.ch\/de\/author\/wallisaar\/"}]}},"_links":{"self":[{"href":"https:\/\/ferienchalet-wallis.ch\/de\/wp-json\/wp\/v2\/posts\/1439","targetHints":{"allow":["GET"]}}],"collection":[{"href":"https:\/\/ferienchalet-wallis.ch\/de\/wp-json\/wp\/v2\/posts"}],"about":[{"href":"https:\/\/ferienchalet-wallis.ch\/de\/wp-json\/wp\/v2\/types\/post"}],"author":[{"embeddable":true,"href":"https:\/\/ferienchalet-wallis.ch\/de\/wp-json\/wp\/v2\/users\/3"}],"replies":[{"embeddable":true,"href":"https:\/\/ferienchalet-wallis.ch\/de\/wp-json\/wp\/v2\/comments?post=1439"}],"version-history":[{"count":4,"href":"https:\/\/ferienchalet-wallis.ch\/de\/wp-json\/wp\/v2\/posts\/1439\/revisions"}],"predecessor-version":[{"id":1477,"href":"https:\/\/ferienchalet-wallis.ch\/de\/wp-json\/wp\/v2\/posts\/1439\/revisions\/1477"}],"wp:featuredmedia":[{"embeddable":true,"href":"https:\/\/ferienchalet-wallis.ch\/de\/wp-json\/wp\/v2\/media\/288"}],"wp:attachment":[{"href":"https:\/\/ferienchalet-wallis.ch\/de\/wp-json\/wp\/v2\/media?parent=1439"}],"wp:term":[{"taxonomy":"category","embeddable":true,"href":"https:\/\/ferienchalet-wallis.ch\/de\/wp-json\/wp\/v2\/categories?post=1439"},{"taxonomy":"post_tag","embeddable":true,"href":"https:\/\/ferienchalet-wallis.ch\/de\/wp-json\/wp\/v2\/tags?post=1439"}],"curies":[{"name":"wp","href":"https:\/\/api.w.org\/{rel}","templated":true}]}}