{"id":1450,"date":"2023-06-06T14:12:03","date_gmt":"2023-06-06T14:12:03","guid":{"rendered":"https:\/\/ferienchalet-wallis.ch\/?p=1450"},"modified":"2023-07-04T15:52:49","modified_gmt":"2023-07-04T15:52:49","slug":"saisonstart-aletsch-arena-am-10-juni-2023","status":"publish","type":"post","link":"https:\/\/ferienchalet-wallis.ch\/de\/saisonstart-aletsch-arena-am-10-juni-2023\/","title":{"rendered":"Saisonstart Aletsch Arena am 10. Juni 2023"},"content":{"rendered":"\n<style type=\"text\/css\" data-created_by=\"avia_inline_auto\" id=\"style-css-av-ljoaajnr-ed180a25a688f031743eba43215e84df\">\n#top .av-special-heading.av-ljoaajnr-ed180a25a688f031743eba43215e84df{\npadding-bottom:10px;\n}\nbody .av-special-heading.av-ljoaajnr-ed180a25a688f031743eba43215e84df .av-special-heading-tag .heading-char{\nfont-size:25px;\n}\n.av-special-heading.av-ljoaajnr-ed180a25a688f031743eba43215e84df .av-subheading{\nfont-size:15px;\n}\n<\/style>\n<div  class='av-special-heading av-ljoaajnr-ed180a25a688f031743eba43215e84df av-special-heading-h2  avia-builder-el-0  el_before_av_textblock  avia-builder-el-first '><h2 class='av-special-heading-tag'  itemprop=\"headline\"  >Die Wanderzeit beginnt<\/h2><div class=\"special-heading-border\"><div class=\"special-heading-inner-border\"><\/div><\/div><\/div>\n<section  class='av_textblock_section av-likcdnal-c62c85eba8dc55fd2fb06046d0a68953'  itemscope=\"itemscope\" itemtype=\"https:\/\/schema.org\/BlogPosting\" itemprop=\"blogPost\" ><div class='avia_textblock'  itemprop=\"text\" ><p>Und bald ist es wieder soweit. Die Wanderzeit beginnt, weil: <em>de Summer chunnt<\/em>! Ach\u2026, da schau einer an: im Juni ist Action im Wallis angesagt. Nix mit Beschaulichkeit. Eher ein Wettlauf zu Fuss und im Flug oder mit dem Rad. Etwas f\u00fcr Sie?<\/p>\n<h4>Gestartet wird mit den Red Bull X-Alps<\/h4>\n<p>Das hat jetzt eher nix mit Wandern zu tun. Wandern ist Bewegung mit Aussicht geniessen und <a href=\"https:\/\/www.redbullxalps.com\/\" target=\"_blank\" rel=\"noopener\">Red Bull X-Alps<\/a> ist dann halt Action mit Rennen und Gleitschirmfliegen \u00fcber die Alpen. Unter Umst\u00e4nden wird der Teilnehmer w\u00e4hrend des Fliegens die Aussicht geniessen. Jedenfalls ist in Fiesch ein sogenannter Turnpoint, an dem die Teilnehmer mit ihrem Gleitschirm landen. Auf Monitoren mit Livetracking verfolgen Sie den X-Alps-Event.<\/p>\n<h4>Tour de Suisse \u2013 Etappenstart am 15. Juni 2023 in Fiesch<\/h4>\n<p>Die <a href=\"https:\/\/www.tourdesuisse.ch\/\" target=\"_blank\" rel=\"noopener\">Tour de Suisse<\/a> ist die n\u00e4chste Herausforderung. Die vierte und f\u00fcnfte Etappe der Tour de Suisse geht durchs Wallis. Etappenziele sind dabei Monthey, Leukerbad und Fiesch. Also, von dort wo ich herkomme, ging auch mal die Tour de Suisse durch den Heimatort. Wie der Blitz sind die Radprofis damals vorbeigeschossen. Und dann war\u2019s auch schon vorbei. So ist das halt, wenn man mit dem Bike unterwegs ist. Da ist ein Etappenstart spannender. Am 15. Juni startet die n\u00e4chste Teiletappe in Fiesch nach La Punt ins Graub\u00fcndner Land.<\/p>\n<h4>Aletsch-Halbmarathon am 17. und 18. Juni 2023<\/h4>\n<p>Das nennt sich Berglaufveranstaltung und erfreut sich grosser Beliebtheit. Da kann jetzt wirklich jeder teilnehmen, der von der eigenen Fitness \u00fcberzeugt ist. Die Strecke ist 21,1 km lang und f\u00fchrt komplett durch das alpine Gel\u00e4nde des Aletschgebiets. Die Halbmarathon-Strecke k\u00f6nnen Sie \u00fcbrigens auch an jedem anderen Tag selbst ausprobieren. Alle Informationen rund um den Halbmarathon finden Sie unter:\u00a0<a href=\"https:\/\/www.aletsch-halbmarathon.ch\/de\">https:\/\/www.aletsch-halbmarathon.ch\/de<\/a><\/p>\n<p>Und jetzt? Bedeutet das, nur schauen und andere schwitzen lassen? Nat\u00fcrlich nicht. Der Sommer f\u00e4ngt ja gerade erst an. Aktuell gibt es diese bereits ge\u00f6ffneten <a href=\"https:\/\/www.aletscharena.ch\/hier-jetzt\/karte?utm_medium=email&#038;_hsmi=255849074&#038;_hsenc=p2ANqtz-_dGM11Qg4jHrMiI1PtS4gZNhGntBOOZWPuMQ5SCCki8BHCJBbU6cJUh-DPr3nJDdiPOdC476UxnNdggvisqHgBMcc0Jg&#038;utm_content=255849074&#038;utm_source=hs_email#bm=oac%3Asummer&#038;cat=Wandern-main,Wanderung,Themenweg&#038;filter=r-fullyTranslatedLangus-,r-onlyOpened-true,sb-sortedBy-0&#038;ov=hiking&#038;zc=11,8.06829,46.34574\" target=\"_blank\" rel=\"noopener\">Wanderwege<\/a>.<\/p>\n<p><em>Jetzt chunnt di Zit, wa\u2019s wider Alperose git<\/em><\/p>\n<\/div><\/section>\n<div class='flex_column av-av_one_half-a93934ecd89fbb8a9566d39e89cd3725 av_one_half  avia-builder-el-2  el_after_av_textblock  avia-builder-el-last  first flex_column_div column-top-margin'   ><p><div  class='av-post-metadata-container av-av_post_metadata-423c7d605f54a9eceebb3c30257fc51e av-metadata-container-align-left  avia-builder-el-3  el_before_av_social_share  avia-builder-el-first  av-metadata-container-1'><div class='av-post-metadata-container-inner'><span class=\"av-post-metadata-content av-post-metadata-meta-content\"><span class=\"av-post-metadata-content av-post-metadata-author\"  itemprop=\"author\" ><span class=\"av-metadata-before av-metadata-before-author\">von<\/span><span class=\"av-post-metadata-author-link\" ><a href=\"https:\/\/ferienchalet-wallis.ch\/de\/author\/wallisaar\/\"  rel=\"author\">WalliSaar<\/a><\/span><\/span><span class=\"av-post-metadata-content av-post-metadata-separator\">\/<\/span><span class=\"av-post-metadata-content av-post-metadata-published\"><span class=\"av-post-metadata-published-date\" >Juni 6, 2023<\/span><\/span><\/span><\/div><\/div><br \/>\n<div  class='av-social-sharing-box av-av_social_share-a3f4c4fca46abcb509afa2ad775446d0 av-social-sharing-box-circle  avia-builder-el-4  el_after_av_post_metadata  avia-builder-el-last  av-social-sharing-box-color-bg av-social-sharing-box-same-width'><div class=\"av-share-box\"><h5 class='av-share-link-description av-no-toc '>Eintrag teilen<\/h5><ul class=\"av-share-box-list noLightbox\"><li class='av-share-link av-social-link-whatsapp' ><a target=\"_blank\" aria-label=\"Teilen auf WhatsApp\" href='https:\/\/api.whatsapp.com\/send?text=https:\/\/ferienchalet-wallis.ch\/de\/saisonstart-aletsch-arena-am-10-juni-2023\/' aria-hidden='false' data-av_icon='\uf232' data-av_iconfont='entypo-fontello' title='' data-avia-related-tooltip='Teilen auf WhatsApp' rel=\"noopener\"><span class='avia_hidden_link_text'>Teilen auf WhatsApp<\/span><\/a><\/li><\/ul><\/div><\/div><\/p><\/div>\n","protected":false},"excerpt":{"rendered":"","protected":false},"author":3,"featured_media":1451,"comment_status":"closed","ping_status":"closed","sticky":false,"template":"","format":"standard","meta":{"footnotes":""},"categories":[6,8],"tags":[],"class_list":["post-1450","post","type-post","status-publish","format-standard","has-post-thumbnail","hentry","category-aletsch","category-bettmeralp"],"yoast_head":"<!-- This site is optimized with the Yoast SEO plugin v27.4 - https:\/\/yoast.com\/product\/yoast-seo-wordpress\/ -->\n<title>Saisonstart Aletsch Arena am 10. Juni 2023 - Bettmeralp und Riederalp<\/title>\n<meta name=\"description\" content=\"Die Wanderzeit im Aletschgebiet beginnt gleich mit mehreren Wettlauf-Events wie Red Bull X-Alps, Tour de Suisse und der Aletsch-Halbmarathon.\" \/>\n<meta name=\"robots\" content=\"index, follow, max-snippet:-1, max-image-preview:large, max-video-preview:-1\" \/>\n<link rel=\"canonical\" href=\"https:\/\/ferienchalet-wallis.ch\/de\/saisonstart-aletsch-arena-am-10-juni-2023\/\" \/>\n<meta property=\"og:locale\" content=\"de_DE\" \/>\n<meta property=\"og:type\" content=\"article\" \/>\n<meta property=\"og:title\" content=\"Saisonstart Aletsch Arena am 10. Juni 2023 - Bettmeralp und Riederalp\" \/>\n<meta property=\"og:description\" content=\"Die Wanderzeit im Aletschgebiet beginnt gleich mit mehreren Wettlauf-Events wie Red Bull X-Alps, Tour de Suisse und der Aletsch-Halbmarathon.\" \/>\n<meta property=\"og:url\" content=\"https:\/\/ferienchalet-wallis.ch\/de\/saisonstart-aletsch-arena-am-10-juni-2023\/\" \/>\n<meta property=\"og:site_name\" content=\"Bettmeralp und Riederalp\" \/>\n<meta property=\"article:published_time\" content=\"2023-06-06T14:12:03+00:00\" \/>\n<meta property=\"article:modified_time\" content=\"2023-07-04T15:52:49+00:00\" \/>\n<meta property=\"og:image\" content=\"https:\/\/ferienchalet-wallis.ch\/wp-content\/uploads\/2023\/06\/Wandersaison.jpg\" \/>\n\t<meta property=\"og:image:width\" content=\"1280\" \/>\n\t<meta property=\"og:image:height\" content=\"853\" \/>\n\t<meta property=\"og:image:type\" content=\"image\/jpeg\" \/>\n<meta name=\"author\" content=\"WalliSaar\" \/>\n<meta name=\"twitter:card\" content=\"summary_large_image\" \/>\n<meta name=\"twitter:label1\" content=\"Verfasst von\" \/>\n\t<meta name=\"twitter:data1\" content=\"WalliSaar\" \/>\n\t<meta name=\"twitter:label2\" content=\"Gesch\u00e4tzte Lesezeit\" \/>\n\t<meta name=\"twitter:data2\" content=\"3\u00a0Minuten\" \/>\n<script type=\"application\/ld+json\" class=\"yoast-schema-graph\">{\"@context\":\"https:\\\/\\\/schema.org\",\"@graph\":[{\"@type\":\"Article\",\"@id\":\"https:\\\/\\\/ferienchalet-wallis.ch\\\/de\\\/saisonstart-aletsch-arena-am-10-juni-2023\\\/#article\",\"isPartOf\":{\"@id\":\"https:\\\/\\\/ferienchalet-wallis.ch\\\/de\\\/saisonstart-aletsch-arena-am-10-juni-2023\\\/\"},\"author\":{\"name\":\"WalliSaar\",\"@id\":\"https:\\\/\\\/ferienchalet-wallis.ch\\\/#\\\/schema\\\/person\\\/18b3f062b0514bc953799175b9bfdd2b\"},\"headline\":\"Saisonstart Aletsch Arena am 10. Juni 2023\",\"datePublished\":\"2023-06-06T14:12:03+00:00\",\"dateModified\":\"2023-07-04T15:52:49+00:00\",\"mainEntityOfPage\":{\"@id\":\"https:\\\/\\\/ferienchalet-wallis.ch\\\/de\\\/saisonstart-aletsch-arena-am-10-juni-2023\\\/\"},\"wordCount\":777,\"publisher\":{\"@id\":\"https:\\\/\\\/ferienchalet-wallis.ch\\\/#organization\"},\"image\":{\"@id\":\"https:\\\/\\\/ferienchalet-wallis.ch\\\/de\\\/saisonstart-aletsch-arena-am-10-juni-2023\\\/#primaryimage\"},\"thumbnailUrl\":\"https:\\\/\\\/ferienchalet-wallis.ch\\\/wp-content\\\/uploads\\\/2023\\\/06\\\/Wandersaison.jpg\",\"articleSection\":[\"Aletsch\",\"Bettmeralp\"],\"inLanguage\":\"de\"},{\"@type\":\"WebPage\",\"@id\":\"https:\\\/\\\/ferienchalet-wallis.ch\\\/de\\\/saisonstart-aletsch-arena-am-10-juni-2023\\\/\",\"url\":\"https:\\\/\\\/ferienchalet-wallis.ch\\\/de\\\/saisonstart-aletsch-arena-am-10-juni-2023\\\/\",\"name\":\"Saisonstart Aletsch Arena am 10. Juni 2023 - Bettmeralp und Riederalp\",\"isPartOf\":{\"@id\":\"https:\\\/\\\/ferienchalet-wallis.ch\\\/#website\"},\"primaryImageOfPage\":{\"@id\":\"https:\\\/\\\/ferienchalet-wallis.ch\\\/de\\\/saisonstart-aletsch-arena-am-10-juni-2023\\\/#primaryimage\"},\"image\":{\"@id\":\"https:\\\/\\\/ferienchalet-wallis.ch\\\/de\\\/saisonstart-aletsch-arena-am-10-juni-2023\\\/#primaryimage\"},\"thumbnailUrl\":\"https:\\\/\\\/ferienchalet-wallis.ch\\\/wp-content\\\/uploads\\\/2023\\\/06\\\/Wandersaison.jpg\",\"datePublished\":\"2023-06-06T14:12:03+00:00\",\"dateModified\":\"2023-07-04T15:52:49+00:00\",\"description\":\"Die Wanderzeit im Aletschgebiet beginnt gleich mit mehreren Wettlauf-Events wie Red Bull X-Alps, Tour de Suisse und der Aletsch-Halbmarathon.\",\"breadcrumb\":{\"@id\":\"https:\\\/\\\/ferienchalet-wallis.ch\\\/de\\\/saisonstart-aletsch-arena-am-10-juni-2023\\\/#breadcrumb\"},\"inLanguage\":\"de\",\"potentialAction\":[{\"@type\":\"ReadAction\",\"target\":[\"https:\\\/\\\/ferienchalet-wallis.ch\\\/de\\\/saisonstart-aletsch-arena-am-10-juni-2023\\\/\"]}]},{\"@type\":\"ImageObject\",\"inLanguage\":\"de\",\"@id\":\"https:\\\/\\\/ferienchalet-wallis.ch\\\/de\\\/saisonstart-aletsch-arena-am-10-juni-2023\\\/#primaryimage\",\"url\":\"https:\\\/\\\/ferienchalet-wallis.ch\\\/wp-content\\\/uploads\\\/2023\\\/06\\\/Wandersaison.jpg\",\"contentUrl\":\"https:\\\/\\\/ferienchalet-wallis.ch\\\/wp-content\\\/uploads\\\/2023\\\/06\\\/Wandersaison.jpg\",\"width\":1280,\"height\":853,\"caption\":\"Wandersaison\"},{\"@type\":\"BreadcrumbList\",\"@id\":\"https:\\\/\\\/ferienchalet-wallis.ch\\\/de\\\/saisonstart-aletsch-arena-am-10-juni-2023\\\/#breadcrumb\",\"itemListElement\":[{\"@type\":\"ListItem\",\"position\":1,\"name\":\"Home\",\"item\":\"https:\\\/\\\/ferienchalet-wallis.ch\\\/\"},{\"@type\":\"ListItem\",\"position\":2,\"name\":\"Saisonstart Aletsch Arena am 10. Juni 2023\"}]},{\"@type\":\"WebSite\",\"@id\":\"https:\\\/\\\/ferienchalet-wallis.ch\\\/#website\",\"url\":\"https:\\\/\\\/ferienchalet-wallis.ch\\\/\",\"name\":\"Bettmeralp und Riederalp\",\"description\":\"Kranzfelder Markus\",\"publisher\":{\"@id\":\"https:\\\/\\\/ferienchalet-wallis.ch\\\/#organization\"},\"potentialAction\":[{\"@type\":\"SearchAction\",\"target\":{\"@type\":\"EntryPoint\",\"urlTemplate\":\"https:\\\/\\\/ferienchalet-wallis.ch\\\/?s={search_term_string}\"},\"query-input\":{\"@type\":\"PropertyValueSpecification\",\"valueRequired\":true,\"valueName\":\"search_term_string\"}}],\"inLanguage\":\"de\"},{\"@type\":\"Organization\",\"@id\":\"https:\\\/\\\/ferienchalet-wallis.ch\\\/#organization\",\"name\":\"Liegenschaftsbetreuung \\\/ Vermietung \u2013 M. Kranzfelder\",\"url\":\"https:\\\/\\\/ferienchalet-wallis.ch\\\/\",\"logo\":{\"@type\":\"ImageObject\",\"inLanguage\":\"de\",\"@id\":\"https:\\\/\\\/ferienchalet-wallis.ch\\\/#\\\/schema\\\/logo\\\/image\\\/\",\"url\":\"https:\\\/\\\/ferienchalet-wallis.ch\\\/wp-content\\\/uploads\\\/2022\\\/01\\\/Logo_Kranzfelder.png\",\"contentUrl\":\"https:\\\/\\\/ferienchalet-wallis.ch\\\/wp-content\\\/uploads\\\/2022\\\/01\\\/Logo_Kranzfelder.png\",\"width\":1526,\"height\":447,\"caption\":\"Liegenschaftsbetreuung \\\/ Vermietung \u2013 M. Kranzfelder\"},\"image\":{\"@id\":\"https:\\\/\\\/ferienchalet-wallis.ch\\\/#\\\/schema\\\/logo\\\/image\\\/\"}},{\"@type\":\"Person\",\"@id\":\"https:\\\/\\\/ferienchalet-wallis.ch\\\/#\\\/schema\\\/person\\\/18b3f062b0514bc953799175b9bfdd2b\",\"name\":\"WalliSaar\",\"image\":{\"@type\":\"ImageObject\",\"inLanguage\":\"de\",\"@id\":\"https:\\\/\\\/secure.gravatar.com\\\/avatar\\\/1be7f9468eac0e02f655be9ab758a01ae5dc72d678841cc4898d463993c78d36?s=96&d=initials&r=g&initials=ru\",\"url\":\"https:\\\/\\\/secure.gravatar.com\\\/avatar\\\/1be7f9468eac0e02f655be9ab758a01ae5dc72d678841cc4898d463993c78d36?s=96&d=initials&r=g&initials=ru\",\"contentUrl\":\"https:\\\/\\\/secure.gravatar.com\\\/avatar\\\/1be7f9468eac0e02f655be9ab758a01ae5dc72d678841cc4898d463993c78d36?s=96&d=initials&r=g&initials=ru\",\"caption\":\"WalliSaar\"},\"description\":\"Mein Name ist Anja Ruch und ich schreibe die Blogbeitr\u00e4ge f\u00fcr das Ehepaar Markus &amp; Tabitha Kranzfelder. Der Name WalliSaar gr\u00fcndet sich auf meinen Wurzeln im Saarland und den neuen im Wallis. My name is Anja Ruch and I write the blog entries for the Markus &amp; Tabitha Kranzfelder couple. The name WalliSaar shows the connection to my old roots in Saarland and the new ones in Valais.\",\"sameAs\":[\"https:\\\/\\\/www.ferienchalet-wallis.ch\\\/blog\"],\"url\":\"https:\\\/\\\/ferienchalet-wallis.ch\\\/de\\\/author\\\/wallisaar\\\/\"}]}<\/script>\n<!-- \/ Yoast SEO plugin. -->","yoast_head_json":{"title":"Saisonstart Aletsch Arena am 10. Juni 2023 - Bettmeralp und Riederalp","description":"Die Wanderzeit im Aletschgebiet beginnt gleich mit mehreren Wettlauf-Events wie Red Bull X-Alps, Tour de Suisse und der Aletsch-Halbmarathon.","robots":{"index":"index","follow":"follow","max-snippet":"max-snippet:-1","max-image-preview":"max-image-preview:large","max-video-preview":"max-video-preview:-1"},"canonical":"https:\/\/ferienchalet-wallis.ch\/de\/saisonstart-aletsch-arena-am-10-juni-2023\/","og_locale":"de_DE","og_type":"article","og_title":"Saisonstart Aletsch Arena am 10. Juni 2023 - Bettmeralp und Riederalp","og_description":"Die Wanderzeit im Aletschgebiet beginnt gleich mit mehreren Wettlauf-Events wie Red Bull X-Alps, Tour de Suisse und der Aletsch-Halbmarathon.","og_url":"https:\/\/ferienchalet-wallis.ch\/de\/saisonstart-aletsch-arena-am-10-juni-2023\/","og_site_name":"Bettmeralp und Riederalp","article_published_time":"2023-06-06T14:12:03+00:00","article_modified_time":"2023-07-04T15:52:49+00:00","og_image":[{"width":1280,"height":853,"url":"https:\/\/ferienchalet-wallis.ch\/wp-content\/uploads\/2023\/06\/Wandersaison.jpg","type":"image\/jpeg"}],"author":"WalliSaar","twitter_card":"summary_large_image","twitter_misc":{"Verfasst von":"WalliSaar","Gesch\u00e4tzte Lesezeit":"3\u00a0Minuten"},"schema":{"@context":"https:\/\/schema.org","@graph":[{"@type":"Article","@id":"https:\/\/ferienchalet-wallis.ch\/de\/saisonstart-aletsch-arena-am-10-juni-2023\/#article","isPartOf":{"@id":"https:\/\/ferienchalet-wallis.ch\/de\/saisonstart-aletsch-arena-am-10-juni-2023\/"},"author":{"name":"WalliSaar","@id":"https:\/\/ferienchalet-wallis.ch\/#\/schema\/person\/18b3f062b0514bc953799175b9bfdd2b"},"headline":"Saisonstart Aletsch Arena am 10. Juni 2023","datePublished":"2023-06-06T14:12:03+00:00","dateModified":"2023-07-04T15:52:49+00:00","mainEntityOfPage":{"@id":"https:\/\/ferienchalet-wallis.ch\/de\/saisonstart-aletsch-arena-am-10-juni-2023\/"},"wordCount":777,"publisher":{"@id":"https:\/\/ferienchalet-wallis.ch\/#organization"},"image":{"@id":"https:\/\/ferienchalet-wallis.ch\/de\/saisonstart-aletsch-arena-am-10-juni-2023\/#primaryimage"},"thumbnailUrl":"https:\/\/ferienchalet-wallis.ch\/wp-content\/uploads\/2023\/06\/Wandersaison.jpg","articleSection":["Aletsch","Bettmeralp"],"inLanguage":"de"},{"@type":"WebPage","@id":"https:\/\/ferienchalet-wallis.ch\/de\/saisonstart-aletsch-arena-am-10-juni-2023\/","url":"https:\/\/ferienchalet-wallis.ch\/de\/saisonstart-aletsch-arena-am-10-juni-2023\/","name":"Saisonstart Aletsch Arena am 10. Juni 2023 - Bettmeralp und Riederalp","isPartOf":{"@id":"https:\/\/ferienchalet-wallis.ch\/#website"},"primaryImageOfPage":{"@id":"https:\/\/ferienchalet-wallis.ch\/de\/saisonstart-aletsch-arena-am-10-juni-2023\/#primaryimage"},"image":{"@id":"https:\/\/ferienchalet-wallis.ch\/de\/saisonstart-aletsch-arena-am-10-juni-2023\/#primaryimage"},"thumbnailUrl":"https:\/\/ferienchalet-wallis.ch\/wp-content\/uploads\/2023\/06\/Wandersaison.jpg","datePublished":"2023-06-06T14:12:03+00:00","dateModified":"2023-07-04T15:52:49+00:00","description":"Die Wanderzeit im Aletschgebiet beginnt gleich mit mehreren Wettlauf-Events wie Red Bull X-Alps, Tour de Suisse und der Aletsch-Halbmarathon.","breadcrumb":{"@id":"https:\/\/ferienchalet-wallis.ch\/de\/saisonstart-aletsch-arena-am-10-juni-2023\/#breadcrumb"},"inLanguage":"de","potentialAction":[{"@type":"ReadAction","target":["https:\/\/ferienchalet-wallis.ch\/de\/saisonstart-aletsch-arena-am-10-juni-2023\/"]}]},{"@type":"ImageObject","inLanguage":"de","@id":"https:\/\/ferienchalet-wallis.ch\/de\/saisonstart-aletsch-arena-am-10-juni-2023\/#primaryimage","url":"https:\/\/ferienchalet-wallis.ch\/wp-content\/uploads\/2023\/06\/Wandersaison.jpg","contentUrl":"https:\/\/ferienchalet-wallis.ch\/wp-content\/uploads\/2023\/06\/Wandersaison.jpg","width":1280,"height":853,"caption":"Wandersaison"},{"@type":"BreadcrumbList","@id":"https:\/\/ferienchalet-wallis.ch\/de\/saisonstart-aletsch-arena-am-10-juni-2023\/#breadcrumb","itemListElement":[{"@type":"ListItem","position":1,"name":"Home","item":"https:\/\/ferienchalet-wallis.ch\/"},{"@type":"ListItem","position":2,"name":"Saisonstart Aletsch Arena am 10. Juni 2023"}]},{"@type":"WebSite","@id":"https:\/\/ferienchalet-wallis.ch\/#website","url":"https:\/\/ferienchalet-wallis.ch\/","name":"Bettmeralp und Riederalp","description":"Kranzfelder Markus","publisher":{"@id":"https:\/\/ferienchalet-wallis.ch\/#organization"},"potentialAction":[{"@type":"SearchAction","target":{"@type":"EntryPoint","urlTemplate":"https:\/\/ferienchalet-wallis.ch\/?s={search_term_string}"},"query-input":{"@type":"PropertyValueSpecification","valueRequired":true,"valueName":"search_term_string"}}],"inLanguage":"de"},{"@type":"Organization","@id":"https:\/\/ferienchalet-wallis.ch\/#organization","name":"Liegenschaftsbetreuung \/ Vermietung \u2013 M. Kranzfelder","url":"https:\/\/ferienchalet-wallis.ch\/","logo":{"@type":"ImageObject","inLanguage":"de","@id":"https:\/\/ferienchalet-wallis.ch\/#\/schema\/logo\/image\/","url":"https:\/\/ferienchalet-wallis.ch\/wp-content\/uploads\/2022\/01\/Logo_Kranzfelder.png","contentUrl":"https:\/\/ferienchalet-wallis.ch\/wp-content\/uploads\/2022\/01\/Logo_Kranzfelder.png","width":1526,"height":447,"caption":"Liegenschaftsbetreuung \/ Vermietung \u2013 M. Kranzfelder"},"image":{"@id":"https:\/\/ferienchalet-wallis.ch\/#\/schema\/logo\/image\/"}},{"@type":"Person","@id":"https:\/\/ferienchalet-wallis.ch\/#\/schema\/person\/18b3f062b0514bc953799175b9bfdd2b","name":"WalliSaar","image":{"@type":"ImageObject","inLanguage":"de","@id":"https:\/\/secure.gravatar.com\/avatar\/1be7f9468eac0e02f655be9ab758a01ae5dc72d678841cc4898d463993c78d36?s=96&d=initials&r=g&initials=ru","url":"https:\/\/secure.gravatar.com\/avatar\/1be7f9468eac0e02f655be9ab758a01ae5dc72d678841cc4898d463993c78d36?s=96&d=initials&r=g&initials=ru","contentUrl":"https:\/\/secure.gravatar.com\/avatar\/1be7f9468eac0e02f655be9ab758a01ae5dc72d678841cc4898d463993c78d36?s=96&d=initials&r=g&initials=ru","caption":"WalliSaar"},"description":"Mein Name ist Anja Ruch und ich schreibe die Blogbeitr\u00e4ge f\u00fcr das Ehepaar Markus &amp; Tabitha Kranzfelder. Der Name WalliSaar gr\u00fcndet sich auf meinen Wurzeln im Saarland und den neuen im Wallis. My name is Anja Ruch and I write the blog entries for the Markus &amp; Tabitha Kranzfelder couple. The name WalliSaar shows the connection to my old roots in Saarland and the new ones in Valais.","sameAs":["https:\/\/www.ferienchalet-wallis.ch\/blog"],"url":"https:\/\/ferienchalet-wallis.ch\/de\/author\/wallisaar\/"}]}},"_links":{"self":[{"href":"https:\/\/ferienchalet-wallis.ch\/de\/wp-json\/wp\/v2\/posts\/1450","targetHints":{"allow":["GET"]}}],"collection":[{"href":"https:\/\/ferienchalet-wallis.ch\/de\/wp-json\/wp\/v2\/posts"}],"about":[{"href":"https:\/\/ferienchalet-wallis.ch\/de\/wp-json\/wp\/v2\/types\/post"}],"author":[{"embeddable":true,"href":"https:\/\/ferienchalet-wallis.ch\/de\/wp-json\/wp\/v2\/users\/3"}],"replies":[{"embeddable":true,"href":"https:\/\/ferienchalet-wallis.ch\/de\/wp-json\/wp\/v2\/comments?post=1450"}],"version-history":[{"count":7,"href":"https:\/\/ferienchalet-wallis.ch\/de\/wp-json\/wp\/v2\/posts\/1450\/revisions"}],"predecessor-version":[{"id":1556,"href":"https:\/\/ferienchalet-wallis.ch\/de\/wp-json\/wp\/v2\/posts\/1450\/revisions\/1556"}],"wp:featuredmedia":[{"embeddable":true,"href":"https:\/\/ferienchalet-wallis.ch\/de\/wp-json\/wp\/v2\/media\/1451"}],"wp:attachment":[{"href":"https:\/\/ferienchalet-wallis.ch\/de\/wp-json\/wp\/v2\/media?parent=1450"}],"wp:term":[{"taxonomy":"category","embeddable":true,"href":"https:\/\/ferienchalet-wallis.ch\/de\/wp-json\/wp\/v2\/categories?post=1450"},{"taxonomy":"post_tag","embeddable":true,"href":"https:\/\/ferienchalet-wallis.ch\/de\/wp-json\/wp\/v2\/tags?post=1450"}],"curies":[{"name":"wp","href":"https:\/\/api.w.org\/{rel}","templated":true}]}}