{"id":1595,"date":"2023-08-16T09:21:27","date_gmt":"2023-08-16T09:21:27","guid":{"rendered":"https:\/\/ferienchalet-wallis.ch\/?p=1595"},"modified":"2023-08-22T08:30:53","modified_gmt":"2023-08-22T08:30:53","slug":"golfturnierwoche-riederalp-im-herbst","status":"publish","type":"post","link":"https:\/\/ferienchalet-wallis.ch\/de\/golfturnierwoche-riederalp-im-herbst\/","title":{"rendered":"Golfturnierwoche auf der Riederalp"},"content":{"rendered":"\n<style type=\"text\/css\" data-created_by=\"avia_inline_auto\" id=\"style-css-av-lldihft2-f9e162b69d056a3afc5fd8f0d9946359\">\n#top .av-special-heading.av-lldihft2-f9e162b69d056a3afc5fd8f0d9946359{\npadding-bottom:10px;\n}\nbody .av-special-heading.av-lldihft2-f9e162b69d056a3afc5fd8f0d9946359 .av-special-heading-tag .heading-char{\nfont-size:25px;\n}\n.av-special-heading.av-lldihft2-f9e162b69d056a3afc5fd8f0d9946359 .av-subheading{\nfont-size:15px;\n}\n<\/style>\n<div  class='av-special-heading av-lldihft2-f9e162b69d056a3afc5fd8f0d9946359 av-special-heading-h2  avia-builder-el-0  el_before_av_textblock  avia-builder-el-first '><h2 class='av-special-heading-tag'  itemprop=\"headline\"  >Golfturnierwoche auf der Riederalp<\/h2><div class=\"special-heading-border\"><div class=\"special-heading-inner-border\"><\/div><\/div><\/div>\n<section  class='av_textblock_section av-lldimk9h-cb4410c8965d0476ef20e9e815477f64'  itemscope=\"itemscope\" itemtype=\"https:\/\/schema.org\/BlogPosting\" itemprop=\"blogPost\" ><div class='avia_textblock'  itemprop=\"text\" ><h3>Wer hat\u2019s erfunden, das Golf spielen?<\/h3>\n<p>Dar\u00fcber ist man sich nicht ganz einig. Zur Diskussion stehen Schottland, Holland und Belgien. Sogar von China ist die Rede. Zeitraum der Entstehung ist das 15. Jahrhundert. Man spielte mit d\u00fcnnen St\u00f6cken und Kieselsteinen in den D\u00fcnen, weil Sandboden unbrauchbar war zum Ackerbau und zur Weidetierhaltung. Da man auch im Inland Golf spielen wollte, hat man angefangen, Golf Courses anzulegen.<\/p>\n<h3>Golfregeln<\/h3>\n<p>Golfregeln findet man im lateinischen Lehrbuch von Pieter van Afferden aus dem Jahr 1545, was f\u00fcr die Niederlande spricht. Dort ist zum Beispiel definiert, dass man den Gegenspieler beim Schwung nicht behindern darf, auch nicht die Sicht und wer einen Luftschuss macht, verliert. Interessanterweise hat sich bis heute aber die schottische Variante des Golfspiels gehalten. Nachgewiesen ist der erste Golfclub mit eigenem Golfplatz von den <em>Gentlemen Golfers of Leith<\/em> in Edinburgh, die auch die Regeln des Golfspiels niedergeschrieben haben. Inzwischen sind Golfregeln international festgelegt durch zwei Organisationen, die sich auf ein einheitliches Regelwerk geeinigt haben. Aktuell gibt es 25 Regeln des Golfspiels, nachzulesen auf der Webseite der Organisation <a href=\"https:\/\/www.randa.org\/de-DE\/rog\/the-rules-of-golf\" target=\"_blank\" rel=\"noopener\">R&#038;A Rules Limited<\/a>.<\/p>\n<h3>Golfclubs<\/h3>\n<p>In der Schweiz spielt man leidenschaftlich gerne Golf, denn es gibt 98 Golfclubs, wovon sich eine auf der Riederalp befindet. Falls Sie also mal in Ihren Wanderferien einen Schnupperkurs im Golfen machen wollen, besuchen Sie doch mal den <a href=\"https:\/\/www.golfclub-riederalp.ch\/sites\/de\/\" target=\"_blank\" rel=\"noopener\">Golfclub Riederalp<\/a>, buchen einen Kurs und geniessen dabei die grandiose Aussicht.<\/p>\n<h3>Angebote des Golfclubs Riederalp<\/h3>\n<p>Der Golfclub Riederalp bietet <a href=\"https:\/\/www.aletscharena.ch\/planen-buchen\/angebote-erlebnisse\/angebot\/golf-schnupperkurs\" target=\"_blank\" rel=\"noopener\">Termine f\u00fcr Schnupperkurse<\/a> an und in diesem Zusammenhang gibt es auch einen <a href=\"https:\/\/www.aletscharena.ch\/planen-buchen\/angebote-erlebnisse\/angebot\/tag-der-offenen-tuer-schnupper-golfkurs-riederalp\" target=\"_blank\" rel=\"noopener\">Tag der offenen T\u00fcr am 30.09.2023<\/a>.<\/p>\n<p>Weitere Infos f\u00fcr die Golfturnierwoche vom 02. Bis 10. September 2023 finden Sie <a href=\"https:\/\/www.aletscharena.ch\/aletsch-arena\/veranstaltungen\/veranstaltung\/herbst-golfturnierwoche\" target=\"_blank\" rel=\"noopener\">hier<\/a>. F\u00fcr Enthusiasten ist auch im Winter gesorgt beim\u00a0<a href=\"https:\/\/www.aletscharena.ch\/planen-buchen\/angebote-erlebnisse\/angebot\/golf-indoor-bettmeralp\" target=\"_blank\" rel=\"noopener\">Indoor Golfen auf der Bettmeralp<\/a>.<\/p>\n<p><em>Nimm dir Zit, gniess d\u00e4 Tag, das git dir Chraft und nimmt die Chlag<\/em><\/p>\n<\/div><\/section>\n<div class='flex_column av-8p7bq3-ba3d926f056c308a0e13a8d9ac202c43 av_one_half  avia-builder-el-2  el_after_av_textblock  avia-builder-el-last  first flex_column_div column-top-margin'   ><p><div  class='av-post-metadata-container av-80wet7-f163538815846d0e014fa3491a6a7ba2 av-metadata-container-align-left  avia-builder-el-3  el_before_av_social_share  avia-builder-el-first  av-metadata-container-1'><div class='av-post-metadata-container-inner'><span class=\"av-post-metadata-content av-post-metadata-meta-content\"><span class=\"av-post-metadata-content av-post-metadata-author\"  itemprop=\"author\" ><span class=\"av-metadata-before av-metadata-before-author\">von<\/span><span class=\"av-post-metadata-author-link\" ><a href=\"https:\/\/ferienchalet-wallis.ch\/de\/author\/wallisaar\/\"  rel=\"author\">WalliSaar<\/a><\/span><\/span><span class=\"av-post-metadata-content av-post-metadata-separator\">\/<\/span><span class=\"av-post-metadata-content av-post-metadata-published\"><span class=\"av-post-metadata-published-date\" >August 16, 2023<\/span><\/span><\/span><\/div><\/div><br \/>\n<div  class='av-social-sharing-box av-236v7v-24c8ca532ac8303b253d69c5c7f16e5e av-social-sharing-box-circle  avia-builder-el-4  el_after_av_post_metadata  avia-builder-el-last  av-social-sharing-box-color-bg av-social-sharing-box-same-width'><div class=\"av-share-box\"><h5 class='av-share-link-description av-no-toc '>Eintrag teilen<\/h5><ul class=\"av-share-box-list noLightbox\"><li class='av-share-link av-social-link-whatsapp' ><a target=\"_blank\" aria-label=\"Teilen auf WhatsApp\" href='https:\/\/api.whatsapp.com\/send?text=https:\/\/ferienchalet-wallis.ch\/de\/golfturnierwoche-riederalp-im-herbst\/' aria-hidden='false' data-av_icon='\uf232' data-av_iconfont='entypo-fontello' title='' data-avia-related-tooltip='Teilen auf WhatsApp' rel=\"noopener\"><span class='avia_hidden_link_text'>Teilen auf WhatsApp<\/span><\/a><\/li><\/ul><\/div><\/div><\/p><\/div>\n","protected":false},"excerpt":{"rendered":"","protected":false},"author":3,"featured_media":460,"comment_status":"closed","ping_status":"closed","sticky":false,"template":"","format":"standard","meta":{"footnotes":""},"categories":[19,7],"tags":[],"class_list":["post-1595","post","type-post","status-publish","format-standard","has-post-thumbnail","hentry","category-golf","category-riederalp"],"yoast_head":"<!-- This site is optimized with the Yoast SEO plugin v27.4 - https:\/\/yoast.com\/product\/yoast-seo-wordpress\/ -->\n<title>Golfturnierwoche auf der Riederalp - Bettmeralp und Riederalp<\/title>\n<meta name=\"description\" content=\"Golfturnierwoche im September auf der Riederalp. Der Golfclub Riederalp bietet auch Schnupperkurse an.\" \/>\n<meta name=\"robots\" content=\"index, follow, max-snippet:-1, max-image-preview:large, max-video-preview:-1\" \/>\n<link rel=\"canonical\" href=\"https:\/\/ferienchalet-wallis.ch\/de\/golfturnierwoche-riederalp-im-herbst\/\" \/>\n<meta property=\"og:locale\" content=\"de_DE\" \/>\n<meta property=\"og:type\" content=\"article\" \/>\n<meta property=\"og:title\" content=\"Golfturnierwoche auf der Riederalp - Bettmeralp und Riederalp\" \/>\n<meta property=\"og:description\" content=\"Golfturnierwoche im September auf der Riederalp. Der Golfclub Riederalp bietet auch Schnupperkurse an.\" \/>\n<meta property=\"og:url\" content=\"https:\/\/ferienchalet-wallis.ch\/de\/golfturnierwoche-riederalp-im-herbst\/\" \/>\n<meta property=\"og:site_name\" content=\"Bettmeralp und Riederalp\" \/>\n<meta property=\"article:published_time\" content=\"2023-08-16T09:21:27+00:00\" \/>\n<meta property=\"article:modified_time\" content=\"2023-08-22T08:30:53+00:00\" \/>\n<meta property=\"og:image\" content=\"https:\/\/ferienchalet-wallis.ch\/wp-content\/uploads\/2022\/08\/golf_riederalp4.jpg\" \/>\n\t<meta property=\"og:image:width\" content=\"1600\" \/>\n\t<meta property=\"og:image:height\" content=\"1063\" \/>\n\t<meta property=\"og:image:type\" content=\"image\/jpeg\" \/>\n<meta name=\"author\" content=\"WalliSaar\" \/>\n<meta name=\"twitter:card\" content=\"summary_large_image\" \/>\n<meta name=\"twitter:label1\" content=\"Verfasst von\" \/>\n\t<meta name=\"twitter:data1\" content=\"WalliSaar\" \/>\n\t<meta name=\"twitter:label2\" content=\"Gesch\u00e4tzte Lesezeit\" \/>\n\t<meta name=\"twitter:data2\" content=\"3\u00a0Minuten\" \/>\n<script type=\"application\/ld+json\" class=\"yoast-schema-graph\">{\"@context\":\"https:\\\/\\\/schema.org\",\"@graph\":[{\"@type\":\"Article\",\"@id\":\"https:\\\/\\\/ferienchalet-wallis.ch\\\/de\\\/golfturnierwoche-riederalp-im-herbst\\\/#article\",\"isPartOf\":{\"@id\":\"https:\\\/\\\/ferienchalet-wallis.ch\\\/de\\\/golfturnierwoche-riederalp-im-herbst\\\/\"},\"author\":{\"name\":\"WalliSaar\",\"@id\":\"https:\\\/\\\/ferienchalet-wallis.ch\\\/#\\\/schema\\\/person\\\/18b3f062b0514bc953799175b9bfdd2b\"},\"headline\":\"Golfturnierwoche auf der Riederalp\",\"datePublished\":\"2023-08-16T09:21:27+00:00\",\"dateModified\":\"2023-08-22T08:30:53+00:00\",\"mainEntityOfPage\":{\"@id\":\"https:\\\/\\\/ferienchalet-wallis.ch\\\/de\\\/golfturnierwoche-riederalp-im-herbst\\\/\"},\"wordCount\":764,\"publisher\":{\"@id\":\"https:\\\/\\\/ferienchalet-wallis.ch\\\/#organization\"},\"image\":{\"@id\":\"https:\\\/\\\/ferienchalet-wallis.ch\\\/de\\\/golfturnierwoche-riederalp-im-herbst\\\/#primaryimage\"},\"thumbnailUrl\":\"https:\\\/\\\/ferienchalet-wallis.ch\\\/wp-content\\\/uploads\\\/2022\\\/08\\\/golf_riederalp4.jpg\",\"articleSection\":[\"Golf\",\"Riederalp\"],\"inLanguage\":\"de\"},{\"@type\":\"WebPage\",\"@id\":\"https:\\\/\\\/ferienchalet-wallis.ch\\\/de\\\/golfturnierwoche-riederalp-im-herbst\\\/\",\"url\":\"https:\\\/\\\/ferienchalet-wallis.ch\\\/de\\\/golfturnierwoche-riederalp-im-herbst\\\/\",\"name\":\"Golfturnierwoche auf der Riederalp - Bettmeralp und Riederalp\",\"isPartOf\":{\"@id\":\"https:\\\/\\\/ferienchalet-wallis.ch\\\/#website\"},\"primaryImageOfPage\":{\"@id\":\"https:\\\/\\\/ferienchalet-wallis.ch\\\/de\\\/golfturnierwoche-riederalp-im-herbst\\\/#primaryimage\"},\"image\":{\"@id\":\"https:\\\/\\\/ferienchalet-wallis.ch\\\/de\\\/golfturnierwoche-riederalp-im-herbst\\\/#primaryimage\"},\"thumbnailUrl\":\"https:\\\/\\\/ferienchalet-wallis.ch\\\/wp-content\\\/uploads\\\/2022\\\/08\\\/golf_riederalp4.jpg\",\"datePublished\":\"2023-08-16T09:21:27+00:00\",\"dateModified\":\"2023-08-22T08:30:53+00:00\",\"description\":\"Golfturnierwoche im September auf der Riederalp. Der Golfclub Riederalp bietet auch Schnupperkurse an.\",\"breadcrumb\":{\"@id\":\"https:\\\/\\\/ferienchalet-wallis.ch\\\/de\\\/golfturnierwoche-riederalp-im-herbst\\\/#breadcrumb\"},\"inLanguage\":\"de\",\"potentialAction\":[{\"@type\":\"ReadAction\",\"target\":[\"https:\\\/\\\/ferienchalet-wallis.ch\\\/de\\\/golfturnierwoche-riederalp-im-herbst\\\/\"]}]},{\"@type\":\"ImageObject\",\"inLanguage\":\"de\",\"@id\":\"https:\\\/\\\/ferienchalet-wallis.ch\\\/de\\\/golfturnierwoche-riederalp-im-herbst\\\/#primaryimage\",\"url\":\"https:\\\/\\\/ferienchalet-wallis.ch\\\/wp-content\\\/uploads\\\/2022\\\/08\\\/golf_riederalp4.jpg\",\"contentUrl\":\"https:\\\/\\\/ferienchalet-wallis.ch\\\/wp-content\\\/uploads\\\/2022\\\/08\\\/golf_riederalp4.jpg\",\"width\":1600,\"height\":1063,\"caption\":\"Riederalp - Golfplatz\"},{\"@type\":\"BreadcrumbList\",\"@id\":\"https:\\\/\\\/ferienchalet-wallis.ch\\\/de\\\/golfturnierwoche-riederalp-im-herbst\\\/#breadcrumb\",\"itemListElement\":[{\"@type\":\"ListItem\",\"position\":1,\"name\":\"Home\",\"item\":\"https:\\\/\\\/ferienchalet-wallis.ch\\\/\"},{\"@type\":\"ListItem\",\"position\":2,\"name\":\"Golfturnierwoche auf der Riederalp\"}]},{\"@type\":\"WebSite\",\"@id\":\"https:\\\/\\\/ferienchalet-wallis.ch\\\/#website\",\"url\":\"https:\\\/\\\/ferienchalet-wallis.ch\\\/\",\"name\":\"Bettmeralp und Riederalp\",\"description\":\"Kranzfelder Markus\",\"publisher\":{\"@id\":\"https:\\\/\\\/ferienchalet-wallis.ch\\\/#organization\"},\"potentialAction\":[{\"@type\":\"SearchAction\",\"target\":{\"@type\":\"EntryPoint\",\"urlTemplate\":\"https:\\\/\\\/ferienchalet-wallis.ch\\\/?s={search_term_string}\"},\"query-input\":{\"@type\":\"PropertyValueSpecification\",\"valueRequired\":true,\"valueName\":\"search_term_string\"}}],\"inLanguage\":\"de\"},{\"@type\":\"Organization\",\"@id\":\"https:\\\/\\\/ferienchalet-wallis.ch\\\/#organization\",\"name\":\"Liegenschaftsbetreuung \\\/ Vermietung \u2013 M. Kranzfelder\",\"url\":\"https:\\\/\\\/ferienchalet-wallis.ch\\\/\",\"logo\":{\"@type\":\"ImageObject\",\"inLanguage\":\"de\",\"@id\":\"https:\\\/\\\/ferienchalet-wallis.ch\\\/#\\\/schema\\\/logo\\\/image\\\/\",\"url\":\"https:\\\/\\\/ferienchalet-wallis.ch\\\/wp-content\\\/uploads\\\/2022\\\/01\\\/Logo_Kranzfelder.png\",\"contentUrl\":\"https:\\\/\\\/ferienchalet-wallis.ch\\\/wp-content\\\/uploads\\\/2022\\\/01\\\/Logo_Kranzfelder.png\",\"width\":1526,\"height\":447,\"caption\":\"Liegenschaftsbetreuung \\\/ Vermietung \u2013 M. Kranzfelder\"},\"image\":{\"@id\":\"https:\\\/\\\/ferienchalet-wallis.ch\\\/#\\\/schema\\\/logo\\\/image\\\/\"}},{\"@type\":\"Person\",\"@id\":\"https:\\\/\\\/ferienchalet-wallis.ch\\\/#\\\/schema\\\/person\\\/18b3f062b0514bc953799175b9bfdd2b\",\"name\":\"WalliSaar\",\"image\":{\"@type\":\"ImageObject\",\"inLanguage\":\"de\",\"@id\":\"https:\\\/\\\/secure.gravatar.com\\\/avatar\\\/1be7f9468eac0e02f655be9ab758a01ae5dc72d678841cc4898d463993c78d36?s=96&d=initials&r=g&initials=ru\",\"url\":\"https:\\\/\\\/secure.gravatar.com\\\/avatar\\\/1be7f9468eac0e02f655be9ab758a01ae5dc72d678841cc4898d463993c78d36?s=96&d=initials&r=g&initials=ru\",\"contentUrl\":\"https:\\\/\\\/secure.gravatar.com\\\/avatar\\\/1be7f9468eac0e02f655be9ab758a01ae5dc72d678841cc4898d463993c78d36?s=96&d=initials&r=g&initials=ru\",\"caption\":\"WalliSaar\"},\"description\":\"Mein Name ist Anja Ruch und ich schreibe die Blogbeitr\u00e4ge f\u00fcr das Ehepaar Markus &amp; Tabitha Kranzfelder. Der Name WalliSaar gr\u00fcndet sich auf meinen Wurzeln im Saarland und den neuen im Wallis. My name is Anja Ruch and I write the blog entries for the Markus &amp; Tabitha Kranzfelder couple. The name WalliSaar shows the connection to my old roots in Saarland and the new ones in Valais.\",\"sameAs\":[\"https:\\\/\\\/www.ferienchalet-wallis.ch\\\/blog\"],\"url\":\"https:\\\/\\\/ferienchalet-wallis.ch\\\/de\\\/author\\\/wallisaar\\\/\"}]}<\/script>\n<!-- \/ Yoast SEO plugin. -->","yoast_head_json":{"title":"Golfturnierwoche auf der Riederalp - Bettmeralp und Riederalp","description":"Golfturnierwoche im September auf der Riederalp. Der Golfclub Riederalp bietet auch Schnupperkurse an.","robots":{"index":"index","follow":"follow","max-snippet":"max-snippet:-1","max-image-preview":"max-image-preview:large","max-video-preview":"max-video-preview:-1"},"canonical":"https:\/\/ferienchalet-wallis.ch\/de\/golfturnierwoche-riederalp-im-herbst\/","og_locale":"de_DE","og_type":"article","og_title":"Golfturnierwoche auf der Riederalp - Bettmeralp und Riederalp","og_description":"Golfturnierwoche im September auf der Riederalp. Der Golfclub Riederalp bietet auch Schnupperkurse an.","og_url":"https:\/\/ferienchalet-wallis.ch\/de\/golfturnierwoche-riederalp-im-herbst\/","og_site_name":"Bettmeralp und Riederalp","article_published_time":"2023-08-16T09:21:27+00:00","article_modified_time":"2023-08-22T08:30:53+00:00","og_image":[{"width":1600,"height":1063,"url":"https:\/\/ferienchalet-wallis.ch\/wp-content\/uploads\/2022\/08\/golf_riederalp4.jpg","type":"image\/jpeg"}],"author":"WalliSaar","twitter_card":"summary_large_image","twitter_misc":{"Verfasst von":"WalliSaar","Gesch\u00e4tzte Lesezeit":"3\u00a0Minuten"},"schema":{"@context":"https:\/\/schema.org","@graph":[{"@type":"Article","@id":"https:\/\/ferienchalet-wallis.ch\/de\/golfturnierwoche-riederalp-im-herbst\/#article","isPartOf":{"@id":"https:\/\/ferienchalet-wallis.ch\/de\/golfturnierwoche-riederalp-im-herbst\/"},"author":{"name":"WalliSaar","@id":"https:\/\/ferienchalet-wallis.ch\/#\/schema\/person\/18b3f062b0514bc953799175b9bfdd2b"},"headline":"Golfturnierwoche auf der Riederalp","datePublished":"2023-08-16T09:21:27+00:00","dateModified":"2023-08-22T08:30:53+00:00","mainEntityOfPage":{"@id":"https:\/\/ferienchalet-wallis.ch\/de\/golfturnierwoche-riederalp-im-herbst\/"},"wordCount":764,"publisher":{"@id":"https:\/\/ferienchalet-wallis.ch\/#organization"},"image":{"@id":"https:\/\/ferienchalet-wallis.ch\/de\/golfturnierwoche-riederalp-im-herbst\/#primaryimage"},"thumbnailUrl":"https:\/\/ferienchalet-wallis.ch\/wp-content\/uploads\/2022\/08\/golf_riederalp4.jpg","articleSection":["Golf","Riederalp"],"inLanguage":"de"},{"@type":"WebPage","@id":"https:\/\/ferienchalet-wallis.ch\/de\/golfturnierwoche-riederalp-im-herbst\/","url":"https:\/\/ferienchalet-wallis.ch\/de\/golfturnierwoche-riederalp-im-herbst\/","name":"Golfturnierwoche auf der Riederalp - Bettmeralp und Riederalp","isPartOf":{"@id":"https:\/\/ferienchalet-wallis.ch\/#website"},"primaryImageOfPage":{"@id":"https:\/\/ferienchalet-wallis.ch\/de\/golfturnierwoche-riederalp-im-herbst\/#primaryimage"},"image":{"@id":"https:\/\/ferienchalet-wallis.ch\/de\/golfturnierwoche-riederalp-im-herbst\/#primaryimage"},"thumbnailUrl":"https:\/\/ferienchalet-wallis.ch\/wp-content\/uploads\/2022\/08\/golf_riederalp4.jpg","datePublished":"2023-08-16T09:21:27+00:00","dateModified":"2023-08-22T08:30:53+00:00","description":"Golfturnierwoche im September auf der Riederalp. Der Golfclub Riederalp bietet auch Schnupperkurse an.","breadcrumb":{"@id":"https:\/\/ferienchalet-wallis.ch\/de\/golfturnierwoche-riederalp-im-herbst\/#breadcrumb"},"inLanguage":"de","potentialAction":[{"@type":"ReadAction","target":["https:\/\/ferienchalet-wallis.ch\/de\/golfturnierwoche-riederalp-im-herbst\/"]}]},{"@type":"ImageObject","inLanguage":"de","@id":"https:\/\/ferienchalet-wallis.ch\/de\/golfturnierwoche-riederalp-im-herbst\/#primaryimage","url":"https:\/\/ferienchalet-wallis.ch\/wp-content\/uploads\/2022\/08\/golf_riederalp4.jpg","contentUrl":"https:\/\/ferienchalet-wallis.ch\/wp-content\/uploads\/2022\/08\/golf_riederalp4.jpg","width":1600,"height":1063,"caption":"Riederalp - Golfplatz"},{"@type":"BreadcrumbList","@id":"https:\/\/ferienchalet-wallis.ch\/de\/golfturnierwoche-riederalp-im-herbst\/#breadcrumb","itemListElement":[{"@type":"ListItem","position":1,"name":"Home","item":"https:\/\/ferienchalet-wallis.ch\/"},{"@type":"ListItem","position":2,"name":"Golfturnierwoche auf der Riederalp"}]},{"@type":"WebSite","@id":"https:\/\/ferienchalet-wallis.ch\/#website","url":"https:\/\/ferienchalet-wallis.ch\/","name":"Bettmeralp und Riederalp","description":"Kranzfelder Markus","publisher":{"@id":"https:\/\/ferienchalet-wallis.ch\/#organization"},"potentialAction":[{"@type":"SearchAction","target":{"@type":"EntryPoint","urlTemplate":"https:\/\/ferienchalet-wallis.ch\/?s={search_term_string}"},"query-input":{"@type":"PropertyValueSpecification","valueRequired":true,"valueName":"search_term_string"}}],"inLanguage":"de"},{"@type":"Organization","@id":"https:\/\/ferienchalet-wallis.ch\/#organization","name":"Liegenschaftsbetreuung \/ Vermietung \u2013 M. Kranzfelder","url":"https:\/\/ferienchalet-wallis.ch\/","logo":{"@type":"ImageObject","inLanguage":"de","@id":"https:\/\/ferienchalet-wallis.ch\/#\/schema\/logo\/image\/","url":"https:\/\/ferienchalet-wallis.ch\/wp-content\/uploads\/2022\/01\/Logo_Kranzfelder.png","contentUrl":"https:\/\/ferienchalet-wallis.ch\/wp-content\/uploads\/2022\/01\/Logo_Kranzfelder.png","width":1526,"height":447,"caption":"Liegenschaftsbetreuung \/ Vermietung \u2013 M. Kranzfelder"},"image":{"@id":"https:\/\/ferienchalet-wallis.ch\/#\/schema\/logo\/image\/"}},{"@type":"Person","@id":"https:\/\/ferienchalet-wallis.ch\/#\/schema\/person\/18b3f062b0514bc953799175b9bfdd2b","name":"WalliSaar","image":{"@type":"ImageObject","inLanguage":"de","@id":"https:\/\/secure.gravatar.com\/avatar\/1be7f9468eac0e02f655be9ab758a01ae5dc72d678841cc4898d463993c78d36?s=96&d=initials&r=g&initials=ru","url":"https:\/\/secure.gravatar.com\/avatar\/1be7f9468eac0e02f655be9ab758a01ae5dc72d678841cc4898d463993c78d36?s=96&d=initials&r=g&initials=ru","contentUrl":"https:\/\/secure.gravatar.com\/avatar\/1be7f9468eac0e02f655be9ab758a01ae5dc72d678841cc4898d463993c78d36?s=96&d=initials&r=g&initials=ru","caption":"WalliSaar"},"description":"Mein Name ist Anja Ruch und ich schreibe die Blogbeitr\u00e4ge f\u00fcr das Ehepaar Markus &amp; Tabitha Kranzfelder. Der Name WalliSaar gr\u00fcndet sich auf meinen Wurzeln im Saarland und den neuen im Wallis. My name is Anja Ruch and I write the blog entries for the Markus &amp; Tabitha Kranzfelder couple. The name WalliSaar shows the connection to my old roots in Saarland and the new ones in Valais.","sameAs":["https:\/\/www.ferienchalet-wallis.ch\/blog"],"url":"https:\/\/ferienchalet-wallis.ch\/de\/author\/wallisaar\/"}]}},"_links":{"self":[{"href":"https:\/\/ferienchalet-wallis.ch\/de\/wp-json\/wp\/v2\/posts\/1595","targetHints":{"allow":["GET"]}}],"collection":[{"href":"https:\/\/ferienchalet-wallis.ch\/de\/wp-json\/wp\/v2\/posts"}],"about":[{"href":"https:\/\/ferienchalet-wallis.ch\/de\/wp-json\/wp\/v2\/types\/post"}],"author":[{"embeddable":true,"href":"https:\/\/ferienchalet-wallis.ch\/de\/wp-json\/wp\/v2\/users\/3"}],"replies":[{"embeddable":true,"href":"https:\/\/ferienchalet-wallis.ch\/de\/wp-json\/wp\/v2\/comments?post=1595"}],"version-history":[{"count":11,"href":"https:\/\/ferienchalet-wallis.ch\/de\/wp-json\/wp\/v2\/posts\/1595\/revisions"}],"predecessor-version":[{"id":1606,"href":"https:\/\/ferienchalet-wallis.ch\/de\/wp-json\/wp\/v2\/posts\/1595\/revisions\/1606"}],"wp:featuredmedia":[{"embeddable":true,"href":"https:\/\/ferienchalet-wallis.ch\/de\/wp-json\/wp\/v2\/media\/460"}],"wp:attachment":[{"href":"https:\/\/ferienchalet-wallis.ch\/de\/wp-json\/wp\/v2\/media?parent=1595"}],"wp:term":[{"taxonomy":"category","embeddable":true,"href":"https:\/\/ferienchalet-wallis.ch\/de\/wp-json\/wp\/v2\/categories?post=1595"},{"taxonomy":"post_tag","embeddable":true,"href":"https:\/\/ferienchalet-wallis.ch\/de\/wp-json\/wp\/v2\/tags?post=1595"}],"curies":[{"name":"wp","href":"https:\/\/api.w.org\/{rel}","templated":true}]}}