{"id":1610,"date":"2023-08-29T09:21:49","date_gmt":"2023-08-29T09:21:49","guid":{"rendered":"https:\/\/ferienchalet-wallis.ch\/?p=1610"},"modified":"2023-11-21T08:15:43","modified_gmt":"2023-11-21T08:15:43","slug":"traditionswochenende-auf-der-bettmeralp","status":"publish","type":"post","link":"https:\/\/ferienchalet-wallis.ch\/de\/traditionswochenende-auf-der-bettmeralp\/","title":{"rendered":"Ein Wochenende mit Tradition auf der Bettmeralp"},"content":{"rendered":"\n<style type=\"text\/css\" data-created_by=\"avia_inline_auto\" id=\"style-css-av-llw2mixl-22c76efbae2875ca14bc1033819c801b\">\n#top .av-special-heading.av-llw2mixl-22c76efbae2875ca14bc1033819c801b{\npadding-bottom:10px;\n}\nbody .av-special-heading.av-llw2mixl-22c76efbae2875ca14bc1033819c801b .av-special-heading-tag .heading-char{\nfont-size:25px;\n}\n.av-special-heading.av-llw2mixl-22c76efbae2875ca14bc1033819c801b .av-subheading{\nfont-size:15px;\n}\n<\/style>\n<div  class='av-special-heading av-llw2mixl-22c76efbae2875ca14bc1033819c801b av-special-heading-h2  avia-builder-el-0  el_before_av_textblock  avia-builder-el-first '><h2 class='av-special-heading-tag'  itemprop=\"headline\"  >Walliser Brauchtum<\/h2><div class=\"special-heading-border\"><div class=\"special-heading-inner-border\"><\/div><\/div><\/div>\n<section  class='av_textblock_section av-llw2pdvy-1461817c70522e7df45689409b2bdeb1'  itemscope=\"itemscope\" itemtype=\"https:\/\/schema.org\/BlogPosting\" itemprop=\"blogPost\" ><div class='avia_textblock'  itemprop=\"text\" ><p>In der Schweiz wird das Brauchtum gepflegt. Gewohnheiten, die unseren Vorfahren wichtig gewesen sind, gehen sonst verloren und damit auch ein St\u00fcck Schweizer Identit\u00e4t. Spannend ist dabei, wie handwerklich gearbeitet wurde, was man gegessen hat und wie man auch das bisschen Freizeit genutzt hat. Vom 16. bis 18. September kann man Walliser Brauchtum auf der Bettmeralp erleben.<\/p>\n<h3>Walliser Gerichte &#8211; Cholera und Raclette<\/h3>\n<p>Zuerst mal zum Essen: Cholera und Raclette sind zwei typische Walliser Speisen. Denkt man zum Beispiel an das Walliser Gericht Cholera, ein Lauchkuchen mit \u00c4pfeln, Kartoffeln und Raclette K\u00e4se, ist man sich nicht sicher, ob der Name von einer Cholera-Epidemie kommt oder vom Ort im Backhaus, wo die Kohle aufbewahrt wurde und man die Pfanne mit dem Lauchkuchen in die Kohle, walliserditsch: Chola, gestellt wurde. Dass der Name dort seinen Ursprung hat, macht schon Sinn. Wer benennt schon gerne eine Speise nach einer Krankheit?<\/p>\n<p>Raclette ist einst ein Grundnahrungsmittel der Sennen und Hirten gewesen. Das franz\u00f6sische Wort racler bedeutet abschaben, denn man schabt die obere Schicht eines halben gegrillten K\u00e4selaibs mit dem Messer auf einen Teller ab. Die \u00e4ltesten Dokumente von dieser Walliser Tradition stammen aus dem 16. Jahrhundert.<\/p>\n<h3>Walliser Spiel und Musik \u2013 Gilih\u00fcsine und Z\u2019Hans-R\u00fcedi<\/h3>\n<p>Gilih\u00fcsine spielen? Noch nie geh\u00f6rt. Es ist eine urt\u00fcmliche Form des Hornussens. Hornussen ist mir schon ein Begriff, aber Gilih\u00fcsine habe ich zum ersten Mal geh\u00f6rt. Da sind wir dann auch wieder bei den Traditionen, die nicht verloren gehen sollen. Am Samstag wird ab 10 Uhr das Spiel vorgestellt und man kann sich schon mal anmelden. Ab 17 Uhr wird der Walliser Entertainer und Liedermacher Z\u2019Hans-R\u00fcedi musikalisch unterhalten, aber auch Jodeln und Alphornblasen wird geboten.<\/p>\n<p>Das t\u00f6nt doch nach einem sch\u00f6nen Wochenende mit viel Unterhaltung im urchigen Wallis.<\/p>\n<p>Das komplette Programm finden Sie auf der <a href=\"https:\/\/dam.destination.one\/1173246\/53dae029dd888633a081fef8733cef75d1602e7b966c35f407aee2b95f5f53ab\/flyer-inkl-ortsplan-pdf.pdf\" target=\"_blank\" rel=\"noopener\">Webseite der Aletscharena<\/a>, inklusive Ortsplan mit Angabe der Restaurants und Gesch\u00e4fte, die sich an diesem Event beteiligen. Dort wird auch traditionelles Handwerk gezeigt wie beispielsweise Scherenschnitte.<\/p>\n<p><em>Gmietlich sitze wer hier z\u00e4me, bi em Glassji g\u00fcetem Wi. Fr\u00f6hlich sell en Lied erchlinge und z\u2019Alphoru isch \u00f6i derbi.<\/em><\/p>\n<\/div><\/section>\n<div class='flex_column av-9ff97u-064e3ef939aaee28fd2cf1be04a66604 av_one_half  avia-builder-el-2  el_after_av_textblock  avia-builder-el-last  first flex_column_div column-top-margin'   ><p><div  class='av-post-metadata-container av-7wjy3u-f0c49791ab4f4c875421906ce9852f2e av-metadata-container-align-left  avia-builder-el-3  el_before_av_social_share  avia-builder-el-first  av-metadata-container-1'><div class='av-post-metadata-container-inner'><span class=\"av-post-metadata-content av-post-metadata-meta-content\"><span class=\"av-post-metadata-content av-post-metadata-author\"  itemprop=\"author\" ><span class=\"av-metadata-before av-metadata-before-author\">von<\/span><span class=\"av-post-metadata-author-link\" ><a href=\"https:\/\/ferienchalet-wallis.ch\/de\/author\/wallisaar\/\"  rel=\"author\">WalliSaar<\/a><\/span><\/span><span class=\"av-post-metadata-content av-post-metadata-separator\">\/<\/span><span class=\"av-post-metadata-content av-post-metadata-published\"><span class=\"av-post-metadata-published-date\" >August 29, 2023<\/span><\/span><\/span><\/div><\/div><br \/>\n<div  class='av-social-sharing-box av-2aipoq-0a794d20accfd28dfd0324eb0494ea5c av-social-sharing-box-circle  avia-builder-el-4  el_after_av_post_metadata  avia-builder-el-last  av-social-sharing-box-color-bg av-social-sharing-box-same-width'><div class=\"av-share-box\"><h5 class='av-share-link-description av-no-toc '>Eintrag teilen<\/h5><ul class=\"av-share-box-list noLightbox\"><li class='av-share-link av-social-link-whatsapp' ><a target=\"_blank\" aria-label=\"Teilen auf WhatsApp\" href='https:\/\/api.whatsapp.com\/send?text=https:\/\/ferienchalet-wallis.ch\/de\/traditionswochenende-auf-der-bettmeralp\/' aria-hidden='false' data-av_icon='\uf232' data-av_iconfont='entypo-fontello' title='' data-avia-related-tooltip='Teilen auf WhatsApp' rel=\"noopener\"><span class='avia_hidden_link_text'>Teilen auf WhatsApp<\/span><\/a><\/li><\/ul><\/div><\/div><\/p><\/div>\n","protected":false},"excerpt":{"rendered":"","protected":false},"author":3,"featured_media":1612,"comment_status":"closed","ping_status":"closed","sticky":false,"template":"","format":"standard","meta":{"footnotes":""},"categories":[8,17,20],"tags":[],"class_list":["post-1610","post","type-post","status-publish","format-standard","has-post-thumbnail","hentry","category-bettmeralp","category-kinder","category-veranstaltungen"],"yoast_head":"<!-- This site is optimized with the Yoast SEO plugin v27.4 - https:\/\/yoast.com\/product\/yoast-seo-wordpress\/ -->\n<title>Ein Wochenende mit Tradition auf der Bettmeralp - Bettmeralp und Riederalp<\/title>\n<meta name=\"description\" content=\"Walliser Handwerk und Brauchtum vom 16. bis 18. September 2023 auf der Bettmeralp erleben.\" \/>\n<meta name=\"robots\" content=\"index, follow, max-snippet:-1, max-image-preview:large, max-video-preview:-1\" \/>\n<link rel=\"canonical\" href=\"https:\/\/ferienchalet-wallis.ch\/de\/traditionswochenende-auf-der-bettmeralp\/\" \/>\n<meta property=\"og:locale\" content=\"de_DE\" \/>\n<meta property=\"og:type\" content=\"article\" \/>\n<meta property=\"og:title\" content=\"Ein Wochenende mit Tradition auf der Bettmeralp - Bettmeralp und Riederalp\" \/>\n<meta property=\"og:description\" content=\"Walliser Handwerk und Brauchtum vom 16. bis 18. September 2023 auf der Bettmeralp erleben.\" \/>\n<meta property=\"og:url\" content=\"https:\/\/ferienchalet-wallis.ch\/de\/traditionswochenende-auf-der-bettmeralp\/\" \/>\n<meta property=\"og:site_name\" content=\"Bettmeralp und Riederalp\" \/>\n<meta property=\"article:published_time\" content=\"2023-08-29T09:21:49+00:00\" \/>\n<meta property=\"article:modified_time\" content=\"2023-11-21T08:15:43+00:00\" \/>\n<meta property=\"og:image\" content=\"https:\/\/ferienchalet-wallis.ch\/wp-content\/uploads\/2023\/08\/bettmersee.jpg\" \/>\n\t<meta property=\"og:image:width\" content=\"1920\" \/>\n\t<meta property=\"og:image:height\" content=\"1280\" \/>\n\t<meta property=\"og:image:type\" content=\"image\/jpeg\" \/>\n<meta name=\"author\" content=\"WalliSaar\" \/>\n<meta name=\"twitter:card\" content=\"summary_large_image\" \/>\n<meta name=\"twitter:label1\" content=\"Verfasst von\" \/>\n\t<meta name=\"twitter:data1\" content=\"WalliSaar\" \/>\n\t<meta name=\"twitter:label2\" content=\"Gesch\u00e4tzte Lesezeit\" \/>\n\t<meta name=\"twitter:data2\" content=\"4\u00a0Minuten\" \/>\n<script type=\"application\/ld+json\" class=\"yoast-schema-graph\">{\"@context\":\"https:\\\/\\\/schema.org\",\"@graph\":[{\"@type\":\"Article\",\"@id\":\"https:\\\/\\\/ferienchalet-wallis.ch\\\/de\\\/traditionswochenende-auf-der-bettmeralp\\\/#article\",\"isPartOf\":{\"@id\":\"https:\\\/\\\/ferienchalet-wallis.ch\\\/de\\\/traditionswochenende-auf-der-bettmeralp\\\/\"},\"author\":{\"name\":\"WalliSaar\",\"@id\":\"https:\\\/\\\/ferienchalet-wallis.ch\\\/#\\\/schema\\\/person\\\/18b3f062b0514bc953799175b9bfdd2b\"},\"headline\":\"Ein Wochenende mit Tradition auf der Bettmeralp\",\"datePublished\":\"2023-08-29T09:21:49+00:00\",\"dateModified\":\"2023-11-21T08:15:43+00:00\",\"mainEntityOfPage\":{\"@id\":\"https:\\\/\\\/ferienchalet-wallis.ch\\\/de\\\/traditionswochenende-auf-der-bettmeralp\\\/\"},\"wordCount\":826,\"publisher\":{\"@id\":\"https:\\\/\\\/ferienchalet-wallis.ch\\\/#organization\"},\"image\":{\"@id\":\"https:\\\/\\\/ferienchalet-wallis.ch\\\/de\\\/traditionswochenende-auf-der-bettmeralp\\\/#primaryimage\"},\"thumbnailUrl\":\"https:\\\/\\\/ferienchalet-wallis.ch\\\/wp-content\\\/uploads\\\/2023\\\/08\\\/bettmersee.jpg\",\"articleSection\":[\"Bettmeralp\",\"Kinder\",\"Veranstaltungen\"],\"inLanguage\":\"de\"},{\"@type\":\"WebPage\",\"@id\":\"https:\\\/\\\/ferienchalet-wallis.ch\\\/de\\\/traditionswochenende-auf-der-bettmeralp\\\/\",\"url\":\"https:\\\/\\\/ferienchalet-wallis.ch\\\/de\\\/traditionswochenende-auf-der-bettmeralp\\\/\",\"name\":\"Ein Wochenende mit Tradition auf der Bettmeralp - Bettmeralp und Riederalp\",\"isPartOf\":{\"@id\":\"https:\\\/\\\/ferienchalet-wallis.ch\\\/#website\"},\"primaryImageOfPage\":{\"@id\":\"https:\\\/\\\/ferienchalet-wallis.ch\\\/de\\\/traditionswochenende-auf-der-bettmeralp\\\/#primaryimage\"},\"image\":{\"@id\":\"https:\\\/\\\/ferienchalet-wallis.ch\\\/de\\\/traditionswochenende-auf-der-bettmeralp\\\/#primaryimage\"},\"thumbnailUrl\":\"https:\\\/\\\/ferienchalet-wallis.ch\\\/wp-content\\\/uploads\\\/2023\\\/08\\\/bettmersee.jpg\",\"datePublished\":\"2023-08-29T09:21:49+00:00\",\"dateModified\":\"2023-11-21T08:15:43+00:00\",\"description\":\"Walliser Handwerk und Brauchtum vom 16. bis 18. September 2023 auf der Bettmeralp erleben.\",\"breadcrumb\":{\"@id\":\"https:\\\/\\\/ferienchalet-wallis.ch\\\/de\\\/traditionswochenende-auf-der-bettmeralp\\\/#breadcrumb\"},\"inLanguage\":\"de\",\"potentialAction\":[{\"@type\":\"ReadAction\",\"target\":[\"https:\\\/\\\/ferienchalet-wallis.ch\\\/de\\\/traditionswochenende-auf-der-bettmeralp\\\/\"]}]},{\"@type\":\"ImageObject\",\"inLanguage\":\"de\",\"@id\":\"https:\\\/\\\/ferienchalet-wallis.ch\\\/de\\\/traditionswochenende-auf-der-bettmeralp\\\/#primaryimage\",\"url\":\"https:\\\/\\\/ferienchalet-wallis.ch\\\/wp-content\\\/uploads\\\/2023\\\/08\\\/bettmersee.jpg\",\"contentUrl\":\"https:\\\/\\\/ferienchalet-wallis.ch\\\/wp-content\\\/uploads\\\/2023\\\/08\\\/bettmersee.jpg\",\"width\":1920,\"height\":1280,\"caption\":\"Bettmersee\"},{\"@type\":\"BreadcrumbList\",\"@id\":\"https:\\\/\\\/ferienchalet-wallis.ch\\\/de\\\/traditionswochenende-auf-der-bettmeralp\\\/#breadcrumb\",\"itemListElement\":[{\"@type\":\"ListItem\",\"position\":1,\"name\":\"Home\",\"item\":\"https:\\\/\\\/ferienchalet-wallis.ch\\\/\"},{\"@type\":\"ListItem\",\"position\":2,\"name\":\"Ein Wochenende mit Tradition auf der Bettmeralp\"}]},{\"@type\":\"WebSite\",\"@id\":\"https:\\\/\\\/ferienchalet-wallis.ch\\\/#website\",\"url\":\"https:\\\/\\\/ferienchalet-wallis.ch\\\/\",\"name\":\"Bettmeralp und Riederalp\",\"description\":\"Kranzfelder Markus\",\"publisher\":{\"@id\":\"https:\\\/\\\/ferienchalet-wallis.ch\\\/#organization\"},\"potentialAction\":[{\"@type\":\"SearchAction\",\"target\":{\"@type\":\"EntryPoint\",\"urlTemplate\":\"https:\\\/\\\/ferienchalet-wallis.ch\\\/?s={search_term_string}\"},\"query-input\":{\"@type\":\"PropertyValueSpecification\",\"valueRequired\":true,\"valueName\":\"search_term_string\"}}],\"inLanguage\":\"de\"},{\"@type\":\"Organization\",\"@id\":\"https:\\\/\\\/ferienchalet-wallis.ch\\\/#organization\",\"name\":\"Liegenschaftsbetreuung \\\/ Vermietung \u2013 M. Kranzfelder\",\"url\":\"https:\\\/\\\/ferienchalet-wallis.ch\\\/\",\"logo\":{\"@type\":\"ImageObject\",\"inLanguage\":\"de\",\"@id\":\"https:\\\/\\\/ferienchalet-wallis.ch\\\/#\\\/schema\\\/logo\\\/image\\\/\",\"url\":\"https:\\\/\\\/ferienchalet-wallis.ch\\\/wp-content\\\/uploads\\\/2022\\\/01\\\/Logo_Kranzfelder.png\",\"contentUrl\":\"https:\\\/\\\/ferienchalet-wallis.ch\\\/wp-content\\\/uploads\\\/2022\\\/01\\\/Logo_Kranzfelder.png\",\"width\":1526,\"height\":447,\"caption\":\"Liegenschaftsbetreuung \\\/ Vermietung \u2013 M. Kranzfelder\"},\"image\":{\"@id\":\"https:\\\/\\\/ferienchalet-wallis.ch\\\/#\\\/schema\\\/logo\\\/image\\\/\"}},{\"@type\":\"Person\",\"@id\":\"https:\\\/\\\/ferienchalet-wallis.ch\\\/#\\\/schema\\\/person\\\/18b3f062b0514bc953799175b9bfdd2b\",\"name\":\"WalliSaar\",\"image\":{\"@type\":\"ImageObject\",\"inLanguage\":\"de\",\"@id\":\"https:\\\/\\\/secure.gravatar.com\\\/avatar\\\/1be7f9468eac0e02f655be9ab758a01ae5dc72d678841cc4898d463993c78d36?s=96&d=initials&r=g&initials=ru\",\"url\":\"https:\\\/\\\/secure.gravatar.com\\\/avatar\\\/1be7f9468eac0e02f655be9ab758a01ae5dc72d678841cc4898d463993c78d36?s=96&d=initials&r=g&initials=ru\",\"contentUrl\":\"https:\\\/\\\/secure.gravatar.com\\\/avatar\\\/1be7f9468eac0e02f655be9ab758a01ae5dc72d678841cc4898d463993c78d36?s=96&d=initials&r=g&initials=ru\",\"caption\":\"WalliSaar\"},\"description\":\"Mein Name ist Anja Ruch und ich schreibe die Blogbeitr\u00e4ge f\u00fcr das Ehepaar Markus &amp; Tabitha Kranzfelder. Der Name WalliSaar gr\u00fcndet sich auf meinen Wurzeln im Saarland und den neuen im Wallis. My name is Anja Ruch and I write the blog entries for the Markus &amp; Tabitha Kranzfelder couple. The name WalliSaar shows the connection to my old roots in Saarland and the new ones in Valais.\",\"sameAs\":[\"https:\\\/\\\/www.ferienchalet-wallis.ch\\\/blog\"],\"url\":\"https:\\\/\\\/ferienchalet-wallis.ch\\\/de\\\/author\\\/wallisaar\\\/\"}]}<\/script>\n<!-- \/ Yoast SEO plugin. -->","yoast_head_json":{"title":"Ein Wochenende mit Tradition auf der Bettmeralp - Bettmeralp und Riederalp","description":"Walliser Handwerk und Brauchtum vom 16. bis 18. September 2023 auf der Bettmeralp erleben.","robots":{"index":"index","follow":"follow","max-snippet":"max-snippet:-1","max-image-preview":"max-image-preview:large","max-video-preview":"max-video-preview:-1"},"canonical":"https:\/\/ferienchalet-wallis.ch\/de\/traditionswochenende-auf-der-bettmeralp\/","og_locale":"de_DE","og_type":"article","og_title":"Ein Wochenende mit Tradition auf der Bettmeralp - Bettmeralp und Riederalp","og_description":"Walliser Handwerk und Brauchtum vom 16. bis 18. September 2023 auf der Bettmeralp erleben.","og_url":"https:\/\/ferienchalet-wallis.ch\/de\/traditionswochenende-auf-der-bettmeralp\/","og_site_name":"Bettmeralp und Riederalp","article_published_time":"2023-08-29T09:21:49+00:00","article_modified_time":"2023-11-21T08:15:43+00:00","og_image":[{"width":1920,"height":1280,"url":"https:\/\/ferienchalet-wallis.ch\/wp-content\/uploads\/2023\/08\/bettmersee.jpg","type":"image\/jpeg"}],"author":"WalliSaar","twitter_card":"summary_large_image","twitter_misc":{"Verfasst von":"WalliSaar","Gesch\u00e4tzte Lesezeit":"4\u00a0Minuten"},"schema":{"@context":"https:\/\/schema.org","@graph":[{"@type":"Article","@id":"https:\/\/ferienchalet-wallis.ch\/de\/traditionswochenende-auf-der-bettmeralp\/#article","isPartOf":{"@id":"https:\/\/ferienchalet-wallis.ch\/de\/traditionswochenende-auf-der-bettmeralp\/"},"author":{"name":"WalliSaar","@id":"https:\/\/ferienchalet-wallis.ch\/#\/schema\/person\/18b3f062b0514bc953799175b9bfdd2b"},"headline":"Ein Wochenende mit Tradition auf der Bettmeralp","datePublished":"2023-08-29T09:21:49+00:00","dateModified":"2023-11-21T08:15:43+00:00","mainEntityOfPage":{"@id":"https:\/\/ferienchalet-wallis.ch\/de\/traditionswochenende-auf-der-bettmeralp\/"},"wordCount":826,"publisher":{"@id":"https:\/\/ferienchalet-wallis.ch\/#organization"},"image":{"@id":"https:\/\/ferienchalet-wallis.ch\/de\/traditionswochenende-auf-der-bettmeralp\/#primaryimage"},"thumbnailUrl":"https:\/\/ferienchalet-wallis.ch\/wp-content\/uploads\/2023\/08\/bettmersee.jpg","articleSection":["Bettmeralp","Kinder","Veranstaltungen"],"inLanguage":"de"},{"@type":"WebPage","@id":"https:\/\/ferienchalet-wallis.ch\/de\/traditionswochenende-auf-der-bettmeralp\/","url":"https:\/\/ferienchalet-wallis.ch\/de\/traditionswochenende-auf-der-bettmeralp\/","name":"Ein Wochenende mit Tradition auf der Bettmeralp - Bettmeralp und Riederalp","isPartOf":{"@id":"https:\/\/ferienchalet-wallis.ch\/#website"},"primaryImageOfPage":{"@id":"https:\/\/ferienchalet-wallis.ch\/de\/traditionswochenende-auf-der-bettmeralp\/#primaryimage"},"image":{"@id":"https:\/\/ferienchalet-wallis.ch\/de\/traditionswochenende-auf-der-bettmeralp\/#primaryimage"},"thumbnailUrl":"https:\/\/ferienchalet-wallis.ch\/wp-content\/uploads\/2023\/08\/bettmersee.jpg","datePublished":"2023-08-29T09:21:49+00:00","dateModified":"2023-11-21T08:15:43+00:00","description":"Walliser Handwerk und Brauchtum vom 16. bis 18. September 2023 auf der Bettmeralp erleben.","breadcrumb":{"@id":"https:\/\/ferienchalet-wallis.ch\/de\/traditionswochenende-auf-der-bettmeralp\/#breadcrumb"},"inLanguage":"de","potentialAction":[{"@type":"ReadAction","target":["https:\/\/ferienchalet-wallis.ch\/de\/traditionswochenende-auf-der-bettmeralp\/"]}]},{"@type":"ImageObject","inLanguage":"de","@id":"https:\/\/ferienchalet-wallis.ch\/de\/traditionswochenende-auf-der-bettmeralp\/#primaryimage","url":"https:\/\/ferienchalet-wallis.ch\/wp-content\/uploads\/2023\/08\/bettmersee.jpg","contentUrl":"https:\/\/ferienchalet-wallis.ch\/wp-content\/uploads\/2023\/08\/bettmersee.jpg","width":1920,"height":1280,"caption":"Bettmersee"},{"@type":"BreadcrumbList","@id":"https:\/\/ferienchalet-wallis.ch\/de\/traditionswochenende-auf-der-bettmeralp\/#breadcrumb","itemListElement":[{"@type":"ListItem","position":1,"name":"Home","item":"https:\/\/ferienchalet-wallis.ch\/"},{"@type":"ListItem","position":2,"name":"Ein Wochenende mit Tradition auf der Bettmeralp"}]},{"@type":"WebSite","@id":"https:\/\/ferienchalet-wallis.ch\/#website","url":"https:\/\/ferienchalet-wallis.ch\/","name":"Bettmeralp und Riederalp","description":"Kranzfelder Markus","publisher":{"@id":"https:\/\/ferienchalet-wallis.ch\/#organization"},"potentialAction":[{"@type":"SearchAction","target":{"@type":"EntryPoint","urlTemplate":"https:\/\/ferienchalet-wallis.ch\/?s={search_term_string}"},"query-input":{"@type":"PropertyValueSpecification","valueRequired":true,"valueName":"search_term_string"}}],"inLanguage":"de"},{"@type":"Organization","@id":"https:\/\/ferienchalet-wallis.ch\/#organization","name":"Liegenschaftsbetreuung \/ Vermietung \u2013 M. Kranzfelder","url":"https:\/\/ferienchalet-wallis.ch\/","logo":{"@type":"ImageObject","inLanguage":"de","@id":"https:\/\/ferienchalet-wallis.ch\/#\/schema\/logo\/image\/","url":"https:\/\/ferienchalet-wallis.ch\/wp-content\/uploads\/2022\/01\/Logo_Kranzfelder.png","contentUrl":"https:\/\/ferienchalet-wallis.ch\/wp-content\/uploads\/2022\/01\/Logo_Kranzfelder.png","width":1526,"height":447,"caption":"Liegenschaftsbetreuung \/ Vermietung \u2013 M. Kranzfelder"},"image":{"@id":"https:\/\/ferienchalet-wallis.ch\/#\/schema\/logo\/image\/"}},{"@type":"Person","@id":"https:\/\/ferienchalet-wallis.ch\/#\/schema\/person\/18b3f062b0514bc953799175b9bfdd2b","name":"WalliSaar","image":{"@type":"ImageObject","inLanguage":"de","@id":"https:\/\/secure.gravatar.com\/avatar\/1be7f9468eac0e02f655be9ab758a01ae5dc72d678841cc4898d463993c78d36?s=96&d=initials&r=g&initials=ru","url":"https:\/\/secure.gravatar.com\/avatar\/1be7f9468eac0e02f655be9ab758a01ae5dc72d678841cc4898d463993c78d36?s=96&d=initials&r=g&initials=ru","contentUrl":"https:\/\/secure.gravatar.com\/avatar\/1be7f9468eac0e02f655be9ab758a01ae5dc72d678841cc4898d463993c78d36?s=96&d=initials&r=g&initials=ru","caption":"WalliSaar"},"description":"Mein Name ist Anja Ruch und ich schreibe die Blogbeitr\u00e4ge f\u00fcr das Ehepaar Markus &amp; Tabitha Kranzfelder. Der Name WalliSaar gr\u00fcndet sich auf meinen Wurzeln im Saarland und den neuen im Wallis. My name is Anja Ruch and I write the blog entries for the Markus &amp; Tabitha Kranzfelder couple. The name WalliSaar shows the connection to my old roots in Saarland and the new ones in Valais.","sameAs":["https:\/\/www.ferienchalet-wallis.ch\/blog"],"url":"https:\/\/ferienchalet-wallis.ch\/de\/author\/wallisaar\/"}]}},"_links":{"self":[{"href":"https:\/\/ferienchalet-wallis.ch\/de\/wp-json\/wp\/v2\/posts\/1610","targetHints":{"allow":["GET"]}}],"collection":[{"href":"https:\/\/ferienchalet-wallis.ch\/de\/wp-json\/wp\/v2\/posts"}],"about":[{"href":"https:\/\/ferienchalet-wallis.ch\/de\/wp-json\/wp\/v2\/types\/post"}],"author":[{"embeddable":true,"href":"https:\/\/ferienchalet-wallis.ch\/de\/wp-json\/wp\/v2\/users\/3"}],"replies":[{"embeddable":true,"href":"https:\/\/ferienchalet-wallis.ch\/de\/wp-json\/wp\/v2\/comments?post=1610"}],"version-history":[{"count":5,"href":"https:\/\/ferienchalet-wallis.ch\/de\/wp-json\/wp\/v2\/posts\/1610\/revisions"}],"predecessor-version":[{"id":2112,"href":"https:\/\/ferienchalet-wallis.ch\/de\/wp-json\/wp\/v2\/posts\/1610\/revisions\/2112"}],"wp:featuredmedia":[{"embeddable":true,"href":"https:\/\/ferienchalet-wallis.ch\/de\/wp-json\/wp\/v2\/media\/1612"}],"wp:attachment":[{"href":"https:\/\/ferienchalet-wallis.ch\/de\/wp-json\/wp\/v2\/media?parent=1610"}],"wp:term":[{"taxonomy":"category","embeddable":true,"href":"https:\/\/ferienchalet-wallis.ch\/de\/wp-json\/wp\/v2\/categories?post=1610"},{"taxonomy":"post_tag","embeddable":true,"href":"https:\/\/ferienchalet-wallis.ch\/de\/wp-json\/wp\/v2\/tags?post=1610"}],"curies":[{"name":"wp","href":"https:\/\/api.w.org\/{rel}","templated":true}]}}