{"id":1698,"date":"2023-09-26T08:55:41","date_gmt":"2023-09-26T08:55:41","guid":{"rendered":"https:\/\/ferienchalet-wallis.ch\/?p=1698"},"modified":"2023-11-21T08:16:01","modified_gmt":"2023-11-21T08:16:01","slug":"der-bettmersee","status":"publish","type":"post","link":"https:\/\/ferienchalet-wallis.ch\/de\/der-bettmersee\/","title":{"rendered":"Bettmersee Wanderung 3 mal anders"},"content":{"rendered":"\n<style type=\"text\/css\" data-created_by=\"avia_inline_auto\" id=\"style-css-av-ln02k7xb-218ec5ea1bf62901446b556484e67ff5\">\n#top .av-special-heading.av-ln02k7xb-218ec5ea1bf62901446b556484e67ff5{\npadding-bottom:10px;\n}\nbody .av-special-heading.av-ln02k7xb-218ec5ea1bf62901446b556484e67ff5 .av-special-heading-tag .heading-char{\nfont-size:25px;\n}\n.av-special-heading.av-ln02k7xb-218ec5ea1bf62901446b556484e67ff5 .av-subheading{\nfont-size:15px;\n}\n<\/style>\n<div  class='av-special-heading av-ln02k7xb-218ec5ea1bf62901446b556484e67ff5 av-special-heading-h2  avia-builder-el-0  el_before_av_textblock  avia-builder-el-first '><h2 class='av-special-heading-tag'  itemprop=\"headline\"  >Der Bettmersee f\u00fcr die Familie \u2013 dreimal kombiniert<\/h2><div class=\"special-heading-border\"><div class=\"special-heading-inner-border\"><\/div><\/div><\/div>\n<section  class='av_textblock_section av-ln02x638-37652a6ebdee108bea3a289824b774cc'  itemscope=\"itemscope\" itemtype=\"https:\/\/schema.org\/BlogPosting\" itemprop=\"blogPost\" ><div class='avia_textblock'  itemprop=\"text\" ><p>Der Aufenthalt im Aletschgebiet ist abwechslungsreich und Sommer wie Winter immer wieder aufs Neue faszinierend. Egal ob Sie wandern, klettern, gleiten, golfen, touren, biken, skifahren, Wetter und Aussicht sind in der Regel spitze. Entweder haben Sie einen Blick auf die Walliser Alpen oder auf den Aletschgletscher. Bei klarem Wetter sehen Sie bis nach Italien und das Matterhorn oder die Mischabelkette hat man von vielen Aussichtspunkten aus auf der Kameralinse. Also, Panorama muss einfach sein.<\/p>\n<p>Aktuell ist das Wetter sehr gut geeignet, um ein paar Tage Ferien im Wallis zu machen und zu wandern. Fasziniert Sie auch die Kombination aus Berg und See? Nun, ich gebe zu, wirklich grosse Seen gibt es ja im Oberwallis nicht, aber auf der Bettmeralp gibt es kleine Seen wie den Bettmersee. Diesen m\u00f6chte ich Ihnen gern vorstellen, weil man einen Tag am Bettmersee sehr gut mit der Familie kombinieren kann, so dass jeder sein Erlebnis hat von den Kleinen bis zu den Erwachsenen.<\/p>\n<h4>Einfache Wanderung um den Bettmersee<\/h4>\n<p>Eine leichte Wanderung mit der Familie und Kleinkindern. Der Wanderweg ist kinderwagengerecht, verbunden mit einem Picknick am Kinderspielplatz und einer Bootsfahrt werden die Kleinen ihren Spass haben und Sie einen entspannten Tag. Weiterf\u00fchrende Informationen finden Sie <a href=\"https:\/\/www.aletscharena.ch\/aktivitaeten\/tour\/rundwanderung-um-den-bettmersee\" target=\"_blank\" rel=\"noopener\">hier<\/a>.<\/p>\n<h4>Nordic Walking am Bettmersee vorbei<\/h4>\n<p>Kleine Auszeit gef\u00e4llig, w\u00e4hrend der Partner oder das Grosi sich um den Nachwuchs k\u00fcmmert? Dann nutzen Sie doch den <a href=\"https:\/\/www.aletscharena.ch\/aktivitaeten\/tour\/nordic-walking-rundweg-waldpromenade-bettmeralp-bettmersee\" target=\"_blank\" rel=\"noopener\">Nordic Walking Rundweg<\/a>, der auch am Bettmersee vorbeif\u00fchrt. Wie w\u00e4r\u2019s, dort eine Pause zu machen und die Familie zu treffen?<\/p>\n<h4>Anspruchsvollere Wanderung<\/h4>\n<p>Sie geh\u00f6ren auch zur Familie, aber m\u00f6chten doch lieber etwas Herausforderndes? Dann empfehle ich Ihnen eine Tour zum Bettmerhorn. Die Bergtour dauert ca. 3 Stunden mit pr\u00e4chtigem Ausblick und das Gute daran ist, dass man auf dem Weg zur\u00fcck wieder am Bettmersee vorbeilaufen kann, um die Familie zu treffen. Der <a href=\"https:\/\/www.aletscharena.ch\/aktivitaeten\/tour\/wanderung-von-der-bettmeralp-via-bettmersee-aufs-bettmerhorn\" target=\"_blank\" rel=\"noopener\">Wanderbeschrieb<\/a> ist denkbar einfach.<\/p>\n<p><em>Es paar Schtundji chani bliebe und de isch der Tag verbii, glickli gan ich wiedr heiz\u00fce mit dum H\u00e4rz voll Sunnuschii<\/em><\/p>\n<\/div><\/section>\n<div class='flex_column av-9qj7fm-67efbecf3e487e71ca02358fe7504d07 av_one_half  avia-builder-el-2  el_after_av_textblock  avia-builder-el-last  first flex_column_div column-top-margin'   ><p><div  class='av-post-metadata-container av-7hn1gy-bc73039c097e95898dffb052e65873b8 av-metadata-container-align-left  avia-builder-el-3  el_before_av_social_share  avia-builder-el-first  av-metadata-container-1'><div class='av-post-metadata-container-inner'><span class=\"av-post-metadata-content av-post-metadata-meta-content\"><span class=\"av-post-metadata-content av-post-metadata-author\"  itemprop=\"author\" ><span class=\"av-metadata-before av-metadata-before-author\">von<\/span><span class=\"av-post-metadata-author-link\" ><a href=\"https:\/\/ferienchalet-wallis.ch\/de\/author\/wallisaar\/\"  rel=\"author\">WalliSaar<\/a><\/span><\/span><span class=\"av-post-metadata-content av-post-metadata-separator\">\/<\/span><span class=\"av-post-metadata-content av-post-metadata-published\"><span class=\"av-post-metadata-published-date\" >September 26, 2023<\/span><\/span><\/span><\/div><\/div><br \/>\n<div  class='av-social-sharing-box av-2w0w4i-c2ff183d1eb188b0043027d8525da082 av-social-sharing-box-circle  avia-builder-el-4  el_after_av_post_metadata  avia-builder-el-last  av-social-sharing-box-color-bg av-social-sharing-box-same-width'><div class=\"av-share-box\"><h5 class='av-share-link-description av-no-toc '>Eintrag teilen<\/h5><ul class=\"av-share-box-list noLightbox\"><li class='av-share-link av-social-link-whatsapp' ><a target=\"_blank\" aria-label=\"Teilen auf WhatsApp\" href='https:\/\/api.whatsapp.com\/send?text=https:\/\/ferienchalet-wallis.ch\/de\/der-bettmersee\/' aria-hidden='false' data-av_icon='\uf232' data-av_iconfont='entypo-fontello' title='' data-avia-related-tooltip='Teilen auf WhatsApp' rel=\"noopener\"><span class='avia_hidden_link_text'>Teilen auf WhatsApp<\/span><\/a><\/li><\/ul><\/div><\/div><\/p><\/div>\n","protected":false},"excerpt":{"rendered":"","protected":false},"author":3,"featured_media":393,"comment_status":"closed","ping_status":"closed","sticky":false,"template":"","format":"standard","meta":{"footnotes":""},"categories":[8,17,12],"tags":[],"class_list":["post-1698","post","type-post","status-publish","format-standard","has-post-thumbnail","hentry","category-bettmeralp","category-kinder","category-wandern"],"yoast_head":"<!-- This site is optimized with the Yoast SEO plugin v27.4 - https:\/\/yoast.com\/product\/yoast-seo-wordpress\/ -->\n<title>Bettmersee Wanderung 3 mal anders - Bettmeralp und Riederalp<\/title>\n<meta name=\"description\" content=\"Der Bettmersee liegt auf der Bettmeralp und eignet sich f\u00fcr einen Familienausflug. Picknickplatz und Kinderspielplatz sind vorhanden.\" \/>\n<meta name=\"robots\" content=\"index, follow, max-snippet:-1, max-image-preview:large, max-video-preview:-1\" \/>\n<link rel=\"canonical\" href=\"https:\/\/ferienchalet-wallis.ch\/de\/der-bettmersee\/\" \/>\n<meta property=\"og:locale\" content=\"de_DE\" \/>\n<meta property=\"og:type\" content=\"article\" \/>\n<meta property=\"og:title\" content=\"Bettmersee Wanderung 3 mal anders - Bettmeralp und Riederalp\" \/>\n<meta property=\"og:description\" content=\"Der Bettmersee liegt auf der Bettmeralp und eignet sich f\u00fcr einen Familienausflug. Picknickplatz und Kinderspielplatz sind vorhanden.\" \/>\n<meta property=\"og:url\" content=\"https:\/\/ferienchalet-wallis.ch\/de\/der-bettmersee\/\" \/>\n<meta property=\"og:site_name\" content=\"Bettmeralp und Riederalp\" \/>\n<meta property=\"article:published_time\" content=\"2023-09-26T08:55:41+00:00\" \/>\n<meta property=\"article:modified_time\" content=\"2023-11-21T08:16:01+00:00\" \/>\n<meta property=\"og:image\" content=\"https:\/\/ferienchalet-wallis.ch\/wp-content\/uploads\/2022\/04\/R9D2573-1030x687.jpg\" \/>\n\t<meta property=\"og:image:width\" content=\"1030\" \/>\n\t<meta property=\"og:image:height\" content=\"687\" \/>\n\t<meta property=\"og:image:type\" content=\"image\/jpeg\" \/>\n<meta name=\"author\" content=\"WalliSaar\" \/>\n<meta name=\"twitter:card\" content=\"summary_large_image\" \/>\n<meta name=\"twitter:label1\" content=\"Verfasst von\" \/>\n\t<meta name=\"twitter:data1\" content=\"WalliSaar\" \/>\n\t<meta name=\"twitter:label2\" content=\"Gesch\u00e4tzte Lesezeit\" \/>\n\t<meta name=\"twitter:data2\" content=\"3\u00a0Minuten\" \/>\n<script type=\"application\/ld+json\" class=\"yoast-schema-graph\">{\"@context\":\"https:\\\/\\\/schema.org\",\"@graph\":[{\"@type\":\"Article\",\"@id\":\"https:\\\/\\\/ferienchalet-wallis.ch\\\/de\\\/der-bettmersee\\\/#article\",\"isPartOf\":{\"@id\":\"https:\\\/\\\/ferienchalet-wallis.ch\\\/de\\\/der-bettmersee\\\/\"},\"author\":{\"name\":\"WalliSaar\",\"@id\":\"https:\\\/\\\/ferienchalet-wallis.ch\\\/#\\\/schema\\\/person\\\/18b3f062b0514bc953799175b9bfdd2b\"},\"headline\":\"Bettmersee Wanderung 3 mal anders\",\"datePublished\":\"2023-09-26T08:55:41+00:00\",\"dateModified\":\"2023-11-21T08:16:01+00:00\",\"mainEntityOfPage\":{\"@id\":\"https:\\\/\\\/ferienchalet-wallis.ch\\\/de\\\/der-bettmersee\\\/\"},\"wordCount\":809,\"publisher\":{\"@id\":\"https:\\\/\\\/ferienchalet-wallis.ch\\\/#organization\"},\"image\":{\"@id\":\"https:\\\/\\\/ferienchalet-wallis.ch\\\/de\\\/der-bettmersee\\\/#primaryimage\"},\"thumbnailUrl\":\"https:\\\/\\\/ferienchalet-wallis.ch\\\/wp-content\\\/uploads\\\/2022\\\/04\\\/R9D2573-scaled.jpg\",\"articleSection\":[\"Bettmeralp\",\"Kinder\",\"Wandern\"],\"inLanguage\":\"de\"},{\"@type\":\"WebPage\",\"@id\":\"https:\\\/\\\/ferienchalet-wallis.ch\\\/de\\\/der-bettmersee\\\/\",\"url\":\"https:\\\/\\\/ferienchalet-wallis.ch\\\/de\\\/der-bettmersee\\\/\",\"name\":\"Bettmersee Wanderung 3 mal anders - Bettmeralp und Riederalp\",\"isPartOf\":{\"@id\":\"https:\\\/\\\/ferienchalet-wallis.ch\\\/#website\"},\"primaryImageOfPage\":{\"@id\":\"https:\\\/\\\/ferienchalet-wallis.ch\\\/de\\\/der-bettmersee\\\/#primaryimage\"},\"image\":{\"@id\":\"https:\\\/\\\/ferienchalet-wallis.ch\\\/de\\\/der-bettmersee\\\/#primaryimage\"},\"thumbnailUrl\":\"https:\\\/\\\/ferienchalet-wallis.ch\\\/wp-content\\\/uploads\\\/2022\\\/04\\\/R9D2573-scaled.jpg\",\"datePublished\":\"2023-09-26T08:55:41+00:00\",\"dateModified\":\"2023-11-21T08:16:01+00:00\",\"description\":\"Der Bettmersee liegt auf der Bettmeralp und eignet sich f\u00fcr einen Familienausflug. Picknickplatz und Kinderspielplatz sind vorhanden.\",\"breadcrumb\":{\"@id\":\"https:\\\/\\\/ferienchalet-wallis.ch\\\/de\\\/der-bettmersee\\\/#breadcrumb\"},\"inLanguage\":\"de\",\"potentialAction\":[{\"@type\":\"ReadAction\",\"target\":[\"https:\\\/\\\/ferienchalet-wallis.ch\\\/de\\\/der-bettmersee\\\/\"]}]},{\"@type\":\"ImageObject\",\"inLanguage\":\"de\",\"@id\":\"https:\\\/\\\/ferienchalet-wallis.ch\\\/de\\\/der-bettmersee\\\/#primaryimage\",\"url\":\"https:\\\/\\\/ferienchalet-wallis.ch\\\/wp-content\\\/uploads\\\/2022\\\/04\\\/R9D2573-scaled.jpg\",\"contentUrl\":\"https:\\\/\\\/ferienchalet-wallis.ch\\\/wp-content\\\/uploads\\\/2022\\\/04\\\/R9D2573-scaled.jpg\",\"width\":2560,\"height\":1707,\"caption\":\"Wandern auf der Riederalp und Bettmeralp\"},{\"@type\":\"BreadcrumbList\",\"@id\":\"https:\\\/\\\/ferienchalet-wallis.ch\\\/de\\\/der-bettmersee\\\/#breadcrumb\",\"itemListElement\":[{\"@type\":\"ListItem\",\"position\":1,\"name\":\"Home\",\"item\":\"https:\\\/\\\/ferienchalet-wallis.ch\\\/\"},{\"@type\":\"ListItem\",\"position\":2,\"name\":\"Bettmersee Wanderung 3 mal anders\"}]},{\"@type\":\"WebSite\",\"@id\":\"https:\\\/\\\/ferienchalet-wallis.ch\\\/#website\",\"url\":\"https:\\\/\\\/ferienchalet-wallis.ch\\\/\",\"name\":\"Bettmeralp und Riederalp\",\"description\":\"Kranzfelder Markus\",\"publisher\":{\"@id\":\"https:\\\/\\\/ferienchalet-wallis.ch\\\/#organization\"},\"potentialAction\":[{\"@type\":\"SearchAction\",\"target\":{\"@type\":\"EntryPoint\",\"urlTemplate\":\"https:\\\/\\\/ferienchalet-wallis.ch\\\/?s={search_term_string}\"},\"query-input\":{\"@type\":\"PropertyValueSpecification\",\"valueRequired\":true,\"valueName\":\"search_term_string\"}}],\"inLanguage\":\"de\"},{\"@type\":\"Organization\",\"@id\":\"https:\\\/\\\/ferienchalet-wallis.ch\\\/#organization\",\"name\":\"Liegenschaftsbetreuung \\\/ Vermietung \u2013 M. Kranzfelder\",\"url\":\"https:\\\/\\\/ferienchalet-wallis.ch\\\/\",\"logo\":{\"@type\":\"ImageObject\",\"inLanguage\":\"de\",\"@id\":\"https:\\\/\\\/ferienchalet-wallis.ch\\\/#\\\/schema\\\/logo\\\/image\\\/\",\"url\":\"https:\\\/\\\/ferienchalet-wallis.ch\\\/wp-content\\\/uploads\\\/2022\\\/01\\\/Logo_Kranzfelder.png\",\"contentUrl\":\"https:\\\/\\\/ferienchalet-wallis.ch\\\/wp-content\\\/uploads\\\/2022\\\/01\\\/Logo_Kranzfelder.png\",\"width\":1526,\"height\":447,\"caption\":\"Liegenschaftsbetreuung \\\/ Vermietung \u2013 M. Kranzfelder\"},\"image\":{\"@id\":\"https:\\\/\\\/ferienchalet-wallis.ch\\\/#\\\/schema\\\/logo\\\/image\\\/\"}},{\"@type\":\"Person\",\"@id\":\"https:\\\/\\\/ferienchalet-wallis.ch\\\/#\\\/schema\\\/person\\\/18b3f062b0514bc953799175b9bfdd2b\",\"name\":\"WalliSaar\",\"image\":{\"@type\":\"ImageObject\",\"inLanguage\":\"de\",\"@id\":\"https:\\\/\\\/secure.gravatar.com\\\/avatar\\\/1be7f9468eac0e02f655be9ab758a01ae5dc72d678841cc4898d463993c78d36?s=96&d=initials&r=g&initials=ru\",\"url\":\"https:\\\/\\\/secure.gravatar.com\\\/avatar\\\/1be7f9468eac0e02f655be9ab758a01ae5dc72d678841cc4898d463993c78d36?s=96&d=initials&r=g&initials=ru\",\"contentUrl\":\"https:\\\/\\\/secure.gravatar.com\\\/avatar\\\/1be7f9468eac0e02f655be9ab758a01ae5dc72d678841cc4898d463993c78d36?s=96&d=initials&r=g&initials=ru\",\"caption\":\"WalliSaar\"},\"description\":\"Mein Name ist Anja Ruch und ich schreibe die Blogbeitr\u00e4ge f\u00fcr das Ehepaar Markus &amp; Tabitha Kranzfelder. Der Name WalliSaar gr\u00fcndet sich auf meinen Wurzeln im Saarland und den neuen im Wallis. My name is Anja Ruch and I write the blog entries for the Markus &amp; Tabitha Kranzfelder couple. The name WalliSaar shows the connection to my old roots in Saarland and the new ones in Valais.\",\"sameAs\":[\"https:\\\/\\\/www.ferienchalet-wallis.ch\\\/blog\"],\"url\":\"https:\\\/\\\/ferienchalet-wallis.ch\\\/de\\\/author\\\/wallisaar\\\/\"}]}<\/script>\n<!-- \/ Yoast SEO plugin. -->","yoast_head_json":{"title":"Bettmersee Wanderung 3 mal anders - Bettmeralp und Riederalp","description":"Der Bettmersee liegt auf der Bettmeralp und eignet sich f\u00fcr einen Familienausflug. Picknickplatz und Kinderspielplatz sind vorhanden.","robots":{"index":"index","follow":"follow","max-snippet":"max-snippet:-1","max-image-preview":"max-image-preview:large","max-video-preview":"max-video-preview:-1"},"canonical":"https:\/\/ferienchalet-wallis.ch\/de\/der-bettmersee\/","og_locale":"de_DE","og_type":"article","og_title":"Bettmersee Wanderung 3 mal anders - Bettmeralp und Riederalp","og_description":"Der Bettmersee liegt auf der Bettmeralp und eignet sich f\u00fcr einen Familienausflug. Picknickplatz und Kinderspielplatz sind vorhanden.","og_url":"https:\/\/ferienchalet-wallis.ch\/de\/der-bettmersee\/","og_site_name":"Bettmeralp und Riederalp","article_published_time":"2023-09-26T08:55:41+00:00","article_modified_time":"2023-11-21T08:16:01+00:00","og_image":[{"width":1030,"height":687,"url":"https:\/\/ferienchalet-wallis.ch\/wp-content\/uploads\/2022\/04\/R9D2573-1030x687.jpg","type":"image\/jpeg"}],"author":"WalliSaar","twitter_card":"summary_large_image","twitter_misc":{"Verfasst von":"WalliSaar","Gesch\u00e4tzte Lesezeit":"3\u00a0Minuten"},"schema":{"@context":"https:\/\/schema.org","@graph":[{"@type":"Article","@id":"https:\/\/ferienchalet-wallis.ch\/de\/der-bettmersee\/#article","isPartOf":{"@id":"https:\/\/ferienchalet-wallis.ch\/de\/der-bettmersee\/"},"author":{"name":"WalliSaar","@id":"https:\/\/ferienchalet-wallis.ch\/#\/schema\/person\/18b3f062b0514bc953799175b9bfdd2b"},"headline":"Bettmersee Wanderung 3 mal anders","datePublished":"2023-09-26T08:55:41+00:00","dateModified":"2023-11-21T08:16:01+00:00","mainEntityOfPage":{"@id":"https:\/\/ferienchalet-wallis.ch\/de\/der-bettmersee\/"},"wordCount":809,"publisher":{"@id":"https:\/\/ferienchalet-wallis.ch\/#organization"},"image":{"@id":"https:\/\/ferienchalet-wallis.ch\/de\/der-bettmersee\/#primaryimage"},"thumbnailUrl":"https:\/\/ferienchalet-wallis.ch\/wp-content\/uploads\/2022\/04\/R9D2573-scaled.jpg","articleSection":["Bettmeralp","Kinder","Wandern"],"inLanguage":"de"},{"@type":"WebPage","@id":"https:\/\/ferienchalet-wallis.ch\/de\/der-bettmersee\/","url":"https:\/\/ferienchalet-wallis.ch\/de\/der-bettmersee\/","name":"Bettmersee Wanderung 3 mal anders - Bettmeralp und Riederalp","isPartOf":{"@id":"https:\/\/ferienchalet-wallis.ch\/#website"},"primaryImageOfPage":{"@id":"https:\/\/ferienchalet-wallis.ch\/de\/der-bettmersee\/#primaryimage"},"image":{"@id":"https:\/\/ferienchalet-wallis.ch\/de\/der-bettmersee\/#primaryimage"},"thumbnailUrl":"https:\/\/ferienchalet-wallis.ch\/wp-content\/uploads\/2022\/04\/R9D2573-scaled.jpg","datePublished":"2023-09-26T08:55:41+00:00","dateModified":"2023-11-21T08:16:01+00:00","description":"Der Bettmersee liegt auf der Bettmeralp und eignet sich f\u00fcr einen Familienausflug. Picknickplatz und Kinderspielplatz sind vorhanden.","breadcrumb":{"@id":"https:\/\/ferienchalet-wallis.ch\/de\/der-bettmersee\/#breadcrumb"},"inLanguage":"de","potentialAction":[{"@type":"ReadAction","target":["https:\/\/ferienchalet-wallis.ch\/de\/der-bettmersee\/"]}]},{"@type":"ImageObject","inLanguage":"de","@id":"https:\/\/ferienchalet-wallis.ch\/de\/der-bettmersee\/#primaryimage","url":"https:\/\/ferienchalet-wallis.ch\/wp-content\/uploads\/2022\/04\/R9D2573-scaled.jpg","contentUrl":"https:\/\/ferienchalet-wallis.ch\/wp-content\/uploads\/2022\/04\/R9D2573-scaled.jpg","width":2560,"height":1707,"caption":"Wandern auf der Riederalp und Bettmeralp"},{"@type":"BreadcrumbList","@id":"https:\/\/ferienchalet-wallis.ch\/de\/der-bettmersee\/#breadcrumb","itemListElement":[{"@type":"ListItem","position":1,"name":"Home","item":"https:\/\/ferienchalet-wallis.ch\/"},{"@type":"ListItem","position":2,"name":"Bettmersee Wanderung 3 mal anders"}]},{"@type":"WebSite","@id":"https:\/\/ferienchalet-wallis.ch\/#website","url":"https:\/\/ferienchalet-wallis.ch\/","name":"Bettmeralp und Riederalp","description":"Kranzfelder Markus","publisher":{"@id":"https:\/\/ferienchalet-wallis.ch\/#organization"},"potentialAction":[{"@type":"SearchAction","target":{"@type":"EntryPoint","urlTemplate":"https:\/\/ferienchalet-wallis.ch\/?s={search_term_string}"},"query-input":{"@type":"PropertyValueSpecification","valueRequired":true,"valueName":"search_term_string"}}],"inLanguage":"de"},{"@type":"Organization","@id":"https:\/\/ferienchalet-wallis.ch\/#organization","name":"Liegenschaftsbetreuung \/ Vermietung \u2013 M. Kranzfelder","url":"https:\/\/ferienchalet-wallis.ch\/","logo":{"@type":"ImageObject","inLanguage":"de","@id":"https:\/\/ferienchalet-wallis.ch\/#\/schema\/logo\/image\/","url":"https:\/\/ferienchalet-wallis.ch\/wp-content\/uploads\/2022\/01\/Logo_Kranzfelder.png","contentUrl":"https:\/\/ferienchalet-wallis.ch\/wp-content\/uploads\/2022\/01\/Logo_Kranzfelder.png","width":1526,"height":447,"caption":"Liegenschaftsbetreuung \/ Vermietung \u2013 M. Kranzfelder"},"image":{"@id":"https:\/\/ferienchalet-wallis.ch\/#\/schema\/logo\/image\/"}},{"@type":"Person","@id":"https:\/\/ferienchalet-wallis.ch\/#\/schema\/person\/18b3f062b0514bc953799175b9bfdd2b","name":"WalliSaar","image":{"@type":"ImageObject","inLanguage":"de","@id":"https:\/\/secure.gravatar.com\/avatar\/1be7f9468eac0e02f655be9ab758a01ae5dc72d678841cc4898d463993c78d36?s=96&d=initials&r=g&initials=ru","url":"https:\/\/secure.gravatar.com\/avatar\/1be7f9468eac0e02f655be9ab758a01ae5dc72d678841cc4898d463993c78d36?s=96&d=initials&r=g&initials=ru","contentUrl":"https:\/\/secure.gravatar.com\/avatar\/1be7f9468eac0e02f655be9ab758a01ae5dc72d678841cc4898d463993c78d36?s=96&d=initials&r=g&initials=ru","caption":"WalliSaar"},"description":"Mein Name ist Anja Ruch und ich schreibe die Blogbeitr\u00e4ge f\u00fcr das Ehepaar Markus &amp; Tabitha Kranzfelder. Der Name WalliSaar gr\u00fcndet sich auf meinen Wurzeln im Saarland und den neuen im Wallis. My name is Anja Ruch and I write the blog entries for the Markus &amp; Tabitha Kranzfelder couple. The name WalliSaar shows the connection to my old roots in Saarland and the new ones in Valais.","sameAs":["https:\/\/www.ferienchalet-wallis.ch\/blog"],"url":"https:\/\/ferienchalet-wallis.ch\/de\/author\/wallisaar\/"}]}},"_links":{"self":[{"href":"https:\/\/ferienchalet-wallis.ch\/de\/wp-json\/wp\/v2\/posts\/1698","targetHints":{"allow":["GET"]}}],"collection":[{"href":"https:\/\/ferienchalet-wallis.ch\/de\/wp-json\/wp\/v2\/posts"}],"about":[{"href":"https:\/\/ferienchalet-wallis.ch\/de\/wp-json\/wp\/v2\/types\/post"}],"author":[{"embeddable":true,"href":"https:\/\/ferienchalet-wallis.ch\/de\/wp-json\/wp\/v2\/users\/3"}],"replies":[{"embeddable":true,"href":"https:\/\/ferienchalet-wallis.ch\/de\/wp-json\/wp\/v2\/comments?post=1698"}],"version-history":[{"count":3,"href":"https:\/\/ferienchalet-wallis.ch\/de\/wp-json\/wp\/v2\/posts\/1698\/revisions"}],"predecessor-version":[{"id":1702,"href":"https:\/\/ferienchalet-wallis.ch\/de\/wp-json\/wp\/v2\/posts\/1698\/revisions\/1702"}],"wp:featuredmedia":[{"embeddable":true,"href":"https:\/\/ferienchalet-wallis.ch\/de\/wp-json\/wp\/v2\/media\/393"}],"wp:attachment":[{"href":"https:\/\/ferienchalet-wallis.ch\/de\/wp-json\/wp\/v2\/media?parent=1698"}],"wp:term":[{"taxonomy":"category","embeddable":true,"href":"https:\/\/ferienchalet-wallis.ch\/de\/wp-json\/wp\/v2\/categories?post=1698"},{"taxonomy":"post_tag","embeddable":true,"href":"https:\/\/ferienchalet-wallis.ch\/de\/wp-json\/wp\/v2\/tags?post=1698"}],"curies":[{"name":"wp","href":"https:\/\/api.w.org\/{rel}","templated":true}]}}