{"id":1704,"date":"2023-10-10T09:39:01","date_gmt":"2023-10-10T09:39:01","guid":{"rendered":"https:\/\/ferienchalet-wallis.ch\/?p=1704"},"modified":"2023-10-10T09:45:58","modified_gmt":"2023-10-10T09:45:58","slug":"rundwanderung-richtung-chatzulecher","status":"publish","type":"post","link":"https:\/\/ferienchalet-wallis.ch\/de\/rundwanderung-richtung-chatzulecher\/","title":{"rendered":"Rundwanderung Riederalp Richtung Chatzulecher"},"content":{"rendered":"\n<style type=\"text\/css\" data-created_by=\"avia_inline_auto\" id=\"style-css-av-lnk4fjmf-5bf4c7349c41ec92f06f1d12d2143e1f\">\n#top .av-special-heading.av-lnk4fjmf-5bf4c7349c41ec92f06f1d12d2143e1f{\npadding-bottom:10px;\n}\nbody .av-special-heading.av-lnk4fjmf-5bf4c7349c41ec92f06f1d12d2143e1f .av-special-heading-tag .heading-char{\nfont-size:25px;\n}\n.av-special-heading.av-lnk4fjmf-5bf4c7349c41ec92f06f1d12d2143e1f .av-subheading{\nfont-size:15px;\n}\n<\/style>\n<div  class='av-special-heading av-lnk4fjmf-5bf4c7349c41ec92f06f1d12d2143e1f av-special-heading-h2  avia-builder-el-0  el_before_av_textblock  avia-builder-el-first '><h2 class='av-special-heading-tag'  itemprop=\"headline\"  >Rundwanderung Bergstation Riederalp Richtung Chatzulecher<\/h2><div class=\"special-heading-border\"><div class=\"special-heading-inner-border\"><\/div><\/div><\/div>\n<section  class='av_textblock_section av-lnk4o33z-c49f7ea6648476214ff782fcc96216d3'  itemscope=\"itemscope\" itemtype=\"https:\/\/schema.org\/BlogPosting\" itemprop=\"blogPost\" ><div class='avia_textblock'  itemprop=\"text\" ><p>Es ist ja so: Regeln sind dazu da, Menschen das Leben zu erleichtern. Eigentlich! Manchmal macht es das Leben auch schwerer, denn bei der Definition von Schwierigkeitsgrad, Kondition und L\u00e4nge von Wandertouren haben manche so ihre Probleme. Zu denen z\u00e4hle ich auch. Darum verk\u00fcrze ich gerne die Wanderstrecke je nach L\u00e4nge, um Knie und H\u00fcfte zu schonen. Als Durchschnittswanderer bewege ich mich gerne um die 3 Stunden und akzeptiere kurze Steilstrecken oder Ger\u00f6llwege. Die Wanderung von der Bergstation Moosfluh zu den Chatzulechern ist so eine Wandertour. Man kann Sie auch sehr gut als Rundwanderung machen mit Start und Ende an der Bergstation Riederalp. Es gibt mehrere Kombinationen, mal <a href=\"https:\/\/www.outdooractive.com\/de\/route\/wanderung\/aletsch-arena\/wanderung-von-der-riederalp-via-aletschwald-zu-den-chatzulechern\/23155391\/#dmdtab=oax-tab1\" target=\"_blank\" rel=\"noopener\">l\u00e4nger<\/a> und mal <a href=\"https:\/\/www.outdooractive.com\/de\/route\/wanderung\/aletsch-arena\/rundwanderung-von-der-bettmeralp-zu-den-chatzulechern-und-zurueck\/23155318\/\" target=\"_blank\" rel=\"noopener\">k\u00fcrzer<\/a>.<\/p>\n<h3>Weg zu den Chatzulechern<\/h3>\n<p>Der Weg ist ab View Moosfluh ausgeschildert. Man l\u00e4uft noch ein St\u00fcck geradeaus \u00fcber den Gratweg Richtung Bettmeralp bis die Abzweigung linkerhand kommt. Stetig bergab, aber nicht steil wird der Wanderweg zeitweise steinig und ein Wanderstock w\u00e4re nicht schlecht zum Ausbalancieren. Miniskus sag ich da nur\u2026<\/p>\n<h3>Fitnessgrad ber\u00fccksichtigen<\/h3>\n<p>Nach gut anderthalb Stunden teilt sich der Weg nochmal. Das ist gut, denn je nach Fitness, hat man ab hier mehrere M\u00f6glichkeiten:<\/p>\n<p>Erstens: Sie laufen weiter den Weg bergab, der letztendlich zu den Chatzulechern f\u00fchrt. Man muss diesen Weg wieder zur\u00fccklaufen. Dieses letzte Teilst\u00fcck dauert mit retour bestimmt nochmal eine Stunde. Zweitens: Sie entscheiden sich umzudrehen und den Wanderweg komplett wieder zur\u00fccklaufen oder unterwegs die Abzweigung Richtung Bettmeralp zu nehmen. Drittens: Sie laufen wie wir an der Weggabelung Richtung Riederfurka weiter und lassen die Chatzulecher ausfallen. Falsch machen k\u00f6nnen Sie aktuell sowieso nichts, die Herbstfarben sind berauschend, der Blick auf den Aletschgletscher ein Traum und die kleinen Seen sieht man trotzdem durch die B\u00e4ume schimmern, auch wenn man nicht vor Ort gewesen ist.<\/p>\n<h3>Wanderstrecke Richtung Riederfurka und Villa Cassel<\/h3>\n<p>Auf dem Wanderweg durch den Aletschwald Richtung Riederfurka finden Sie unterwegs zwei Wegweiser Pro Natura Aletsch Zentrum. Der oberen Wanderweg zum <a href=\"https:\/\/www.pronatura-aletsch.ch\/de\/unser-saisonprogramm\" target=\"_blank\" rel=\"noopener\">Pro-Natura-Aletsch-Zentrum<\/a> d\u00fcrfte etwas k\u00fcrzer sein. Und kehren Sie doch in der Villa Cassel ein und machen eine Pause. Wieder mal ein Grund selbstgemachten Kuchen zu schlemmen.<\/p>\n<p><em>Und ich hocke ob der Fl\u00fce, w\u00e4rde still und gniess die R\u00fceh.<\/em><\/p>\n<\/div><\/section>\n<div class='flex_column av-av_one_half-a93934ecd89fbb8a9566d39e89cd3725 av_one_half  avia-builder-el-2  el_after_av_textblock  avia-builder-el-last  first flex_column_div column-top-margin'   ><p><div  class='av-post-metadata-container av-av_post_metadata-423c7d605f54a9eceebb3c30257fc51e av-metadata-container-align-left  avia-builder-el-3  el_before_av_social_share  avia-builder-el-first  av-metadata-container-1'><div class='av-post-metadata-container-inner'><span class=\"av-post-metadata-content av-post-metadata-meta-content\"><span class=\"av-post-metadata-content av-post-metadata-author\"  itemprop=\"author\" ><span class=\"av-metadata-before av-metadata-before-author\">von<\/span><span class=\"av-post-metadata-author-link\" ><a href=\"https:\/\/ferienchalet-wallis.ch\/de\/author\/wallisaar\/\"  rel=\"author\">WalliSaar<\/a><\/span><\/span><span class=\"av-post-metadata-content av-post-metadata-separator\">\/<\/span><span class=\"av-post-metadata-content av-post-metadata-published\"><span class=\"av-post-metadata-published-date\" >Oktober 10, 2023<\/span><\/span><\/span><\/div><\/div><br \/>\n<div  class='av-social-sharing-box av-av_social_share-a3f4c4fca46abcb509afa2ad775446d0 av-social-sharing-box-circle  avia-builder-el-4  el_after_av_post_metadata  avia-builder-el-last  av-social-sharing-box-color-bg av-social-sharing-box-same-width'><div class=\"av-share-box\"><h5 class='av-share-link-description av-no-toc '>Eintrag teilen<\/h5><ul class=\"av-share-box-list noLightbox\"><li class='av-share-link av-social-link-whatsapp' ><a target=\"_blank\" aria-label=\"Teilen auf WhatsApp\" href='https:\/\/api.whatsapp.com\/send?text=https:\/\/ferienchalet-wallis.ch\/de\/rundwanderung-richtung-chatzulecher\/' aria-hidden='false' data-av_icon='\uf232' data-av_iconfont='entypo-fontello' title='' data-avia-related-tooltip='Teilen auf WhatsApp' rel=\"noopener\"><span class='avia_hidden_link_text'>Teilen auf WhatsApp<\/span><\/a><\/li><\/ul><\/div><\/div><\/p><\/div>\n","protected":false},"excerpt":{"rendered":"","protected":false},"author":3,"featured_media":1532,"comment_status":"closed","ping_status":"closed","sticky":false,"template":"","format":"standard","meta":{"footnotes":""},"categories":[7,12],"tags":[],"class_list":["post-1704","post","type-post","status-publish","format-standard","has-post-thumbnail","hentry","category-riederalp","category-wandern"],"yoast_head":"<!-- This site is optimized with the Yoast SEO plugin v27.4 - https:\/\/yoast.com\/product\/yoast-seo-wordpress\/ -->\n<title>Rundwanderung Riederalp Richtung Chatzulecher - Bettmeralp und Riederalp<\/title>\n<meta name=\"description\" content=\"Wandertour auf der Riederalp Richtung Chatzulecher. Auch als Rundwanderweg m\u00f6glich ab Bergstation Riederalp.\" \/>\n<meta name=\"robots\" content=\"index, follow, max-snippet:-1, max-image-preview:large, max-video-preview:-1\" \/>\n<link rel=\"canonical\" href=\"https:\/\/ferienchalet-wallis.ch\/de\/rundwanderung-richtung-chatzulecher\/\" \/>\n<meta property=\"og:locale\" content=\"de_DE\" \/>\n<meta property=\"og:type\" content=\"article\" \/>\n<meta property=\"og:title\" content=\"Rundwanderung Riederalp Richtung Chatzulecher - Bettmeralp und Riederalp\" \/>\n<meta property=\"og:description\" content=\"Wandertour auf der Riederalp Richtung Chatzulecher. Auch als Rundwanderweg m\u00f6glich ab Bergstation Riederalp.\" \/>\n<meta property=\"og:url\" content=\"https:\/\/ferienchalet-wallis.ch\/de\/rundwanderung-richtung-chatzulecher\/\" \/>\n<meta property=\"og:site_name\" content=\"Bettmeralp und Riederalp\" \/>\n<meta property=\"article:published_time\" content=\"2023-10-10T09:39:01+00:00\" \/>\n<meta property=\"article:modified_time\" content=\"2023-10-10T09:45:58+00:00\" \/>\n<meta property=\"og:image\" content=\"https:\/\/ferienchalet-wallis.ch\/wp-content\/uploads\/2023\/07\/aletschgletscher.jpg\" \/>\n\t<meta property=\"og:image:width\" content=\"1920\" \/>\n\t<meta property=\"og:image:height\" content=\"1280\" \/>\n\t<meta property=\"og:image:type\" content=\"image\/jpeg\" \/>\n<meta name=\"author\" content=\"WalliSaar\" \/>\n<meta name=\"twitter:card\" content=\"summary_large_image\" \/>\n<meta name=\"twitter:label1\" content=\"Verfasst von\" \/>\n\t<meta name=\"twitter:data1\" content=\"WalliSaar\" \/>\n\t<meta name=\"twitter:label2\" content=\"Gesch\u00e4tzte Lesezeit\" \/>\n\t<meta name=\"twitter:data2\" content=\"4\u00a0Minuten\" \/>\n<script type=\"application\/ld+json\" class=\"yoast-schema-graph\">{\"@context\":\"https:\\\/\\\/schema.org\",\"@graph\":[{\"@type\":\"Article\",\"@id\":\"https:\\\/\\\/ferienchalet-wallis.ch\\\/de\\\/rundwanderung-richtung-chatzulecher\\\/#article\",\"isPartOf\":{\"@id\":\"https:\\\/\\\/ferienchalet-wallis.ch\\\/de\\\/rundwanderung-richtung-chatzulecher\\\/\"},\"author\":{\"name\":\"WalliSaar\",\"@id\":\"https:\\\/\\\/ferienchalet-wallis.ch\\\/#\\\/schema\\\/person\\\/18b3f062b0514bc953799175b9bfdd2b\"},\"headline\":\"Rundwanderung Riederalp Richtung Chatzulecher\",\"datePublished\":\"2023-10-10T09:39:01+00:00\",\"dateModified\":\"2023-10-10T09:45:58+00:00\",\"mainEntityOfPage\":{\"@id\":\"https:\\\/\\\/ferienchalet-wallis.ch\\\/de\\\/rundwanderung-richtung-chatzulecher\\\/\"},\"wordCount\":832,\"publisher\":{\"@id\":\"https:\\\/\\\/ferienchalet-wallis.ch\\\/#organization\"},\"image\":{\"@id\":\"https:\\\/\\\/ferienchalet-wallis.ch\\\/de\\\/rundwanderung-richtung-chatzulecher\\\/#primaryimage\"},\"thumbnailUrl\":\"https:\\\/\\\/ferienchalet-wallis.ch\\\/wp-content\\\/uploads\\\/2023\\\/07\\\/aletschgletscher.jpg\",\"articleSection\":[\"Riederalp\",\"Wandern\"],\"inLanguage\":\"de\"},{\"@type\":\"WebPage\",\"@id\":\"https:\\\/\\\/ferienchalet-wallis.ch\\\/de\\\/rundwanderung-richtung-chatzulecher\\\/\",\"url\":\"https:\\\/\\\/ferienchalet-wallis.ch\\\/de\\\/rundwanderung-richtung-chatzulecher\\\/\",\"name\":\"Rundwanderung Riederalp Richtung Chatzulecher - Bettmeralp und Riederalp\",\"isPartOf\":{\"@id\":\"https:\\\/\\\/ferienchalet-wallis.ch\\\/#website\"},\"primaryImageOfPage\":{\"@id\":\"https:\\\/\\\/ferienchalet-wallis.ch\\\/de\\\/rundwanderung-richtung-chatzulecher\\\/#primaryimage\"},\"image\":{\"@id\":\"https:\\\/\\\/ferienchalet-wallis.ch\\\/de\\\/rundwanderung-richtung-chatzulecher\\\/#primaryimage\"},\"thumbnailUrl\":\"https:\\\/\\\/ferienchalet-wallis.ch\\\/wp-content\\\/uploads\\\/2023\\\/07\\\/aletschgletscher.jpg\",\"datePublished\":\"2023-10-10T09:39:01+00:00\",\"dateModified\":\"2023-10-10T09:45:58+00:00\",\"description\":\"Wandertour auf der Riederalp Richtung Chatzulecher. Auch als Rundwanderweg m\u00f6glich ab Bergstation Riederalp.\",\"breadcrumb\":{\"@id\":\"https:\\\/\\\/ferienchalet-wallis.ch\\\/de\\\/rundwanderung-richtung-chatzulecher\\\/#breadcrumb\"},\"inLanguage\":\"de\",\"potentialAction\":[{\"@type\":\"ReadAction\",\"target\":[\"https:\\\/\\\/ferienchalet-wallis.ch\\\/de\\\/rundwanderung-richtung-chatzulecher\\\/\"]}]},{\"@type\":\"ImageObject\",\"inLanguage\":\"de\",\"@id\":\"https:\\\/\\\/ferienchalet-wallis.ch\\\/de\\\/rundwanderung-richtung-chatzulecher\\\/#primaryimage\",\"url\":\"https:\\\/\\\/ferienchalet-wallis.ch\\\/wp-content\\\/uploads\\\/2023\\\/07\\\/aletschgletscher.jpg\",\"contentUrl\":\"https:\\\/\\\/ferienchalet-wallis.ch\\\/wp-content\\\/uploads\\\/2023\\\/07\\\/aletschgletscher.jpg\",\"width\":1920,\"height\":1280,\"caption\":\"aletschgletscher\"},{\"@type\":\"BreadcrumbList\",\"@id\":\"https:\\\/\\\/ferienchalet-wallis.ch\\\/de\\\/rundwanderung-richtung-chatzulecher\\\/#breadcrumb\",\"itemListElement\":[{\"@type\":\"ListItem\",\"position\":1,\"name\":\"Home\",\"item\":\"https:\\\/\\\/ferienchalet-wallis.ch\\\/\"},{\"@type\":\"ListItem\",\"position\":2,\"name\":\"Rundwanderung Riederalp Richtung Chatzulecher\"}]},{\"@type\":\"WebSite\",\"@id\":\"https:\\\/\\\/ferienchalet-wallis.ch\\\/#website\",\"url\":\"https:\\\/\\\/ferienchalet-wallis.ch\\\/\",\"name\":\"Bettmeralp und Riederalp\",\"description\":\"Kranzfelder Markus\",\"publisher\":{\"@id\":\"https:\\\/\\\/ferienchalet-wallis.ch\\\/#organization\"},\"potentialAction\":[{\"@type\":\"SearchAction\",\"target\":{\"@type\":\"EntryPoint\",\"urlTemplate\":\"https:\\\/\\\/ferienchalet-wallis.ch\\\/?s={search_term_string}\"},\"query-input\":{\"@type\":\"PropertyValueSpecification\",\"valueRequired\":true,\"valueName\":\"search_term_string\"}}],\"inLanguage\":\"de\"},{\"@type\":\"Organization\",\"@id\":\"https:\\\/\\\/ferienchalet-wallis.ch\\\/#organization\",\"name\":\"Liegenschaftsbetreuung \\\/ Vermietung \u2013 M. Kranzfelder\",\"url\":\"https:\\\/\\\/ferienchalet-wallis.ch\\\/\",\"logo\":{\"@type\":\"ImageObject\",\"inLanguage\":\"de\",\"@id\":\"https:\\\/\\\/ferienchalet-wallis.ch\\\/#\\\/schema\\\/logo\\\/image\\\/\",\"url\":\"https:\\\/\\\/ferienchalet-wallis.ch\\\/wp-content\\\/uploads\\\/2022\\\/01\\\/Logo_Kranzfelder.png\",\"contentUrl\":\"https:\\\/\\\/ferienchalet-wallis.ch\\\/wp-content\\\/uploads\\\/2022\\\/01\\\/Logo_Kranzfelder.png\",\"width\":1526,\"height\":447,\"caption\":\"Liegenschaftsbetreuung \\\/ Vermietung \u2013 M. Kranzfelder\"},\"image\":{\"@id\":\"https:\\\/\\\/ferienchalet-wallis.ch\\\/#\\\/schema\\\/logo\\\/image\\\/\"}},{\"@type\":\"Person\",\"@id\":\"https:\\\/\\\/ferienchalet-wallis.ch\\\/#\\\/schema\\\/person\\\/18b3f062b0514bc953799175b9bfdd2b\",\"name\":\"WalliSaar\",\"image\":{\"@type\":\"ImageObject\",\"inLanguage\":\"de\",\"@id\":\"https:\\\/\\\/secure.gravatar.com\\\/avatar\\\/1be7f9468eac0e02f655be9ab758a01ae5dc72d678841cc4898d463993c78d36?s=96&d=initials&r=g&initials=ru\",\"url\":\"https:\\\/\\\/secure.gravatar.com\\\/avatar\\\/1be7f9468eac0e02f655be9ab758a01ae5dc72d678841cc4898d463993c78d36?s=96&d=initials&r=g&initials=ru\",\"contentUrl\":\"https:\\\/\\\/secure.gravatar.com\\\/avatar\\\/1be7f9468eac0e02f655be9ab758a01ae5dc72d678841cc4898d463993c78d36?s=96&d=initials&r=g&initials=ru\",\"caption\":\"WalliSaar\"},\"description\":\"Mein Name ist Anja Ruch und ich schreibe die Blogbeitr\u00e4ge f\u00fcr das Ehepaar Markus &amp; Tabitha Kranzfelder. Der Name WalliSaar gr\u00fcndet sich auf meinen Wurzeln im Saarland und den neuen im Wallis. My name is Anja Ruch and I write the blog entries for the Markus &amp; Tabitha Kranzfelder couple. The name WalliSaar shows the connection to my old roots in Saarland and the new ones in Valais.\",\"sameAs\":[\"https:\\\/\\\/www.ferienchalet-wallis.ch\\\/blog\"],\"url\":\"https:\\\/\\\/ferienchalet-wallis.ch\\\/de\\\/author\\\/wallisaar\\\/\"}]}<\/script>\n<!-- \/ Yoast SEO plugin. -->","yoast_head_json":{"title":"Rundwanderung Riederalp Richtung Chatzulecher - Bettmeralp und Riederalp","description":"Wandertour auf der Riederalp Richtung Chatzulecher. Auch als Rundwanderweg m\u00f6glich ab Bergstation Riederalp.","robots":{"index":"index","follow":"follow","max-snippet":"max-snippet:-1","max-image-preview":"max-image-preview:large","max-video-preview":"max-video-preview:-1"},"canonical":"https:\/\/ferienchalet-wallis.ch\/de\/rundwanderung-richtung-chatzulecher\/","og_locale":"de_DE","og_type":"article","og_title":"Rundwanderung Riederalp Richtung Chatzulecher - Bettmeralp und Riederalp","og_description":"Wandertour auf der Riederalp Richtung Chatzulecher. Auch als Rundwanderweg m\u00f6glich ab Bergstation Riederalp.","og_url":"https:\/\/ferienchalet-wallis.ch\/de\/rundwanderung-richtung-chatzulecher\/","og_site_name":"Bettmeralp und Riederalp","article_published_time":"2023-10-10T09:39:01+00:00","article_modified_time":"2023-10-10T09:45:58+00:00","og_image":[{"width":1920,"height":1280,"url":"https:\/\/ferienchalet-wallis.ch\/wp-content\/uploads\/2023\/07\/aletschgletscher.jpg","type":"image\/jpeg"}],"author":"WalliSaar","twitter_card":"summary_large_image","twitter_misc":{"Verfasst von":"WalliSaar","Gesch\u00e4tzte Lesezeit":"4\u00a0Minuten"},"schema":{"@context":"https:\/\/schema.org","@graph":[{"@type":"Article","@id":"https:\/\/ferienchalet-wallis.ch\/de\/rundwanderung-richtung-chatzulecher\/#article","isPartOf":{"@id":"https:\/\/ferienchalet-wallis.ch\/de\/rundwanderung-richtung-chatzulecher\/"},"author":{"name":"WalliSaar","@id":"https:\/\/ferienchalet-wallis.ch\/#\/schema\/person\/18b3f062b0514bc953799175b9bfdd2b"},"headline":"Rundwanderung Riederalp Richtung Chatzulecher","datePublished":"2023-10-10T09:39:01+00:00","dateModified":"2023-10-10T09:45:58+00:00","mainEntityOfPage":{"@id":"https:\/\/ferienchalet-wallis.ch\/de\/rundwanderung-richtung-chatzulecher\/"},"wordCount":832,"publisher":{"@id":"https:\/\/ferienchalet-wallis.ch\/#organization"},"image":{"@id":"https:\/\/ferienchalet-wallis.ch\/de\/rundwanderung-richtung-chatzulecher\/#primaryimage"},"thumbnailUrl":"https:\/\/ferienchalet-wallis.ch\/wp-content\/uploads\/2023\/07\/aletschgletscher.jpg","articleSection":["Riederalp","Wandern"],"inLanguage":"de"},{"@type":"WebPage","@id":"https:\/\/ferienchalet-wallis.ch\/de\/rundwanderung-richtung-chatzulecher\/","url":"https:\/\/ferienchalet-wallis.ch\/de\/rundwanderung-richtung-chatzulecher\/","name":"Rundwanderung Riederalp Richtung Chatzulecher - Bettmeralp und Riederalp","isPartOf":{"@id":"https:\/\/ferienchalet-wallis.ch\/#website"},"primaryImageOfPage":{"@id":"https:\/\/ferienchalet-wallis.ch\/de\/rundwanderung-richtung-chatzulecher\/#primaryimage"},"image":{"@id":"https:\/\/ferienchalet-wallis.ch\/de\/rundwanderung-richtung-chatzulecher\/#primaryimage"},"thumbnailUrl":"https:\/\/ferienchalet-wallis.ch\/wp-content\/uploads\/2023\/07\/aletschgletscher.jpg","datePublished":"2023-10-10T09:39:01+00:00","dateModified":"2023-10-10T09:45:58+00:00","description":"Wandertour auf der Riederalp Richtung Chatzulecher. Auch als Rundwanderweg m\u00f6glich ab Bergstation Riederalp.","breadcrumb":{"@id":"https:\/\/ferienchalet-wallis.ch\/de\/rundwanderung-richtung-chatzulecher\/#breadcrumb"},"inLanguage":"de","potentialAction":[{"@type":"ReadAction","target":["https:\/\/ferienchalet-wallis.ch\/de\/rundwanderung-richtung-chatzulecher\/"]}]},{"@type":"ImageObject","inLanguage":"de","@id":"https:\/\/ferienchalet-wallis.ch\/de\/rundwanderung-richtung-chatzulecher\/#primaryimage","url":"https:\/\/ferienchalet-wallis.ch\/wp-content\/uploads\/2023\/07\/aletschgletscher.jpg","contentUrl":"https:\/\/ferienchalet-wallis.ch\/wp-content\/uploads\/2023\/07\/aletschgletscher.jpg","width":1920,"height":1280,"caption":"aletschgletscher"},{"@type":"BreadcrumbList","@id":"https:\/\/ferienchalet-wallis.ch\/de\/rundwanderung-richtung-chatzulecher\/#breadcrumb","itemListElement":[{"@type":"ListItem","position":1,"name":"Home","item":"https:\/\/ferienchalet-wallis.ch\/"},{"@type":"ListItem","position":2,"name":"Rundwanderung Riederalp Richtung Chatzulecher"}]},{"@type":"WebSite","@id":"https:\/\/ferienchalet-wallis.ch\/#website","url":"https:\/\/ferienchalet-wallis.ch\/","name":"Bettmeralp und Riederalp","description":"Kranzfelder Markus","publisher":{"@id":"https:\/\/ferienchalet-wallis.ch\/#organization"},"potentialAction":[{"@type":"SearchAction","target":{"@type":"EntryPoint","urlTemplate":"https:\/\/ferienchalet-wallis.ch\/?s={search_term_string}"},"query-input":{"@type":"PropertyValueSpecification","valueRequired":true,"valueName":"search_term_string"}}],"inLanguage":"de"},{"@type":"Organization","@id":"https:\/\/ferienchalet-wallis.ch\/#organization","name":"Liegenschaftsbetreuung \/ Vermietung \u2013 M. Kranzfelder","url":"https:\/\/ferienchalet-wallis.ch\/","logo":{"@type":"ImageObject","inLanguage":"de","@id":"https:\/\/ferienchalet-wallis.ch\/#\/schema\/logo\/image\/","url":"https:\/\/ferienchalet-wallis.ch\/wp-content\/uploads\/2022\/01\/Logo_Kranzfelder.png","contentUrl":"https:\/\/ferienchalet-wallis.ch\/wp-content\/uploads\/2022\/01\/Logo_Kranzfelder.png","width":1526,"height":447,"caption":"Liegenschaftsbetreuung \/ Vermietung \u2013 M. Kranzfelder"},"image":{"@id":"https:\/\/ferienchalet-wallis.ch\/#\/schema\/logo\/image\/"}},{"@type":"Person","@id":"https:\/\/ferienchalet-wallis.ch\/#\/schema\/person\/18b3f062b0514bc953799175b9bfdd2b","name":"WalliSaar","image":{"@type":"ImageObject","inLanguage":"de","@id":"https:\/\/secure.gravatar.com\/avatar\/1be7f9468eac0e02f655be9ab758a01ae5dc72d678841cc4898d463993c78d36?s=96&d=initials&r=g&initials=ru","url":"https:\/\/secure.gravatar.com\/avatar\/1be7f9468eac0e02f655be9ab758a01ae5dc72d678841cc4898d463993c78d36?s=96&d=initials&r=g&initials=ru","contentUrl":"https:\/\/secure.gravatar.com\/avatar\/1be7f9468eac0e02f655be9ab758a01ae5dc72d678841cc4898d463993c78d36?s=96&d=initials&r=g&initials=ru","caption":"WalliSaar"},"description":"Mein Name ist Anja Ruch und ich schreibe die Blogbeitr\u00e4ge f\u00fcr das Ehepaar Markus &amp; Tabitha Kranzfelder. Der Name WalliSaar gr\u00fcndet sich auf meinen Wurzeln im Saarland und den neuen im Wallis. My name is Anja Ruch and I write the blog entries for the Markus &amp; Tabitha Kranzfelder couple. The name WalliSaar shows the connection to my old roots in Saarland and the new ones in Valais.","sameAs":["https:\/\/www.ferienchalet-wallis.ch\/blog"],"url":"https:\/\/ferienchalet-wallis.ch\/de\/author\/wallisaar\/"}]}},"_links":{"self":[{"href":"https:\/\/ferienchalet-wallis.ch\/de\/wp-json\/wp\/v2\/posts\/1704","targetHints":{"allow":["GET"]}}],"collection":[{"href":"https:\/\/ferienchalet-wallis.ch\/de\/wp-json\/wp\/v2\/posts"}],"about":[{"href":"https:\/\/ferienchalet-wallis.ch\/de\/wp-json\/wp\/v2\/types\/post"}],"author":[{"embeddable":true,"href":"https:\/\/ferienchalet-wallis.ch\/de\/wp-json\/wp\/v2\/users\/3"}],"replies":[{"embeddable":true,"href":"https:\/\/ferienchalet-wallis.ch\/de\/wp-json\/wp\/v2\/comments?post=1704"}],"version-history":[{"count":5,"href":"https:\/\/ferienchalet-wallis.ch\/de\/wp-json\/wp\/v2\/posts\/1704\/revisions"}],"predecessor-version":[{"id":1709,"href":"https:\/\/ferienchalet-wallis.ch\/de\/wp-json\/wp\/v2\/posts\/1704\/revisions\/1709"}],"wp:featuredmedia":[{"embeddable":true,"href":"https:\/\/ferienchalet-wallis.ch\/de\/wp-json\/wp\/v2\/media\/1532"}],"wp:attachment":[{"href":"https:\/\/ferienchalet-wallis.ch\/de\/wp-json\/wp\/v2\/media?parent=1704"}],"wp:term":[{"taxonomy":"category","embeddable":true,"href":"https:\/\/ferienchalet-wallis.ch\/de\/wp-json\/wp\/v2\/categories?post=1704"},{"taxonomy":"post_tag","embeddable":true,"href":"https:\/\/ferienchalet-wallis.ch\/de\/wp-json\/wp\/v2\/tags?post=1704"}],"curies":[{"name":"wp","href":"https:\/\/api.w.org\/{rel}","templated":true}]}}