{"id":1712,"date":"2023-10-24T08:12:31","date_gmt":"2023-10-24T08:12:31","guid":{"rendered":"https:\/\/ferienchalet-wallis.ch\/?p=1712"},"modified":"2024-01-09T09:46:46","modified_gmt":"2024-01-09T09:46:46","slug":"neue-kneippanlage-auf-der-riederalp","status":"publish","type":"post","link":"https:\/\/ferienchalet-wallis.ch\/de\/neue-kneippanlage-auf-der-riederalp\/","title":{"rendered":"Neue Kneippanlage auf der Riederalp"},"content":{"rendered":"\n<style type=\"text\/css\" data-created_by=\"avia_inline_auto\" id=\"style-css-av-lo41nwwh-926827daa998baee6a4f25431640dbbd\">\n#top .av-special-heading.av-lo41nwwh-926827daa998baee6a4f25431640dbbd{\npadding-bottom:10px;\n}\nbody .av-special-heading.av-lo41nwwh-926827daa998baee6a4f25431640dbbd .av-special-heading-tag .heading-char{\nfont-size:25px;\n}\n.av-special-heading.av-lo41nwwh-926827daa998baee6a4f25431640dbbd .av-subheading{\nfont-size:15px;\n}\n<\/style>\n<div  class='av-special-heading av-lo41nwwh-926827daa998baee6a4f25431640dbbd av-special-heading-h2  avia-builder-el-0  el_before_av_textblock  avia-builder-el-first '><h2 class='av-special-heading-tag'  itemprop=\"headline\"  >Neue Kneippanlage auf der Riederalp<\/h2><div class=\"special-heading-border\"><div class=\"special-heading-inner-border\"><\/div><\/div><\/div>\n<section  class='av_textblock_section av-lo41q4t8-3a8cb3198c8a231f119a7f71b0ab9796'  itemscope=\"itemscope\" itemtype=\"https:\/\/schema.org\/BlogPosting\" itemprop=\"blogPost\" ><div class='avia_textblock'  itemprop=\"text\" ><h3>Kneippen im Wasserbecken<\/h3>\n<p>Auf der Riederalp gibt es wieder etwas Neues zum Ausprobieren. Eine Kneipp-Anlage, also mehrere nat\u00fcrlich angelegte Wassertretbecken, die mit Gebirgswasser gef\u00fcllt sind mit B\u00e4nken zum Ausruhen. Kennen Sie Sebastian Kneipp? Die \u00e4ltere Generation unter Ihnen wird dies bejahen. Herr Kneipp hatte ein enormes Wissen \u00fcber Heilpflanzen und heilte seine Lungenerkrankung mit kalten Wasserb\u00e4dern. Der moderne Mensch nennt das Hydrotherapie, also die Anwendung von Wasser unterschiedlicher Temperatur zur Behandlung von Herz-Kreislauf-Erkrankungen, Arthrose und Migr\u00e4ne, um nur einige zu nennen.<\/p>\n<h3>Wassertreten st\u00e4rkt das Immunsystem<\/h3>\n<p>Das Spezielle am Wassertreten ist der Storchengang, also ein Bein ist immer komplett aus dem Wasser. Der unterschiedliche Druck auf die Blutgef\u00e4ssw\u00e4nde durch den Wechsel von kaltem Wasser auf warme Luft bewirkt eine bessere Durchblutung und bringt den Stoffwechsel auf Touren. Studien haben ergeben, dass Wassertreten abh\u00e4rtet. Man bedenke, dass Abh\u00e4rten nicht Heilen bedeutet.<\/p>\n<h3>Verzicht aufs Wassertreten<\/h3>\n<p>Tats\u00e4chlich sollte man bei bestimmten Krankheiten, die Niere und Blase betreffen oder bei der Menstruation aufs Wassertreten verzichten. Das wirkt wahrscheinlich eher kontraproduktiv, so als w\u00fcrde man sich auf kalten Stein setzen.<\/p>\n<p>Die Herbstsaison ist fast zu Ende. Wenn Sie also die nachhaltige <a href=\"https:\/\/www.aletscharena.ch\/aletsch-arena\/poi\/kneipp-anlage\" target=\"_blank\" rel=\"noopener\">Kneipp-Anlage auf der Riederalp<\/a> testen m\u00f6chten, dann nichts wie hin.<\/p>\n<p><em>Fridlich r\u00fcscht \u00e4s B\u00e4chji nitschi, munter singt\u2019s en Melodie<\/em><\/p>\n<\/div><\/section>\n<div class='flex_column av-8p7yyo-8c939586bf21a30714c647d8fd0789bd av_one_half  avia-builder-el-2  el_after_av_textblock  avia-builder-el-last  first flex_column_div column-top-margin'   ><p><div  class='av-post-metadata-container av-7nsnvk-706e5e98ec245788e787b6306fda799f av-metadata-container-align-left  avia-builder-el-3  el_before_av_social_share  avia-builder-el-first  av-metadata-container-1'><div class='av-post-metadata-container-inner'><span class=\"av-post-metadata-content av-post-metadata-meta-content\"><span class=\"av-post-metadata-content av-post-metadata-author\"  itemprop=\"author\" ><span class=\"av-metadata-before av-metadata-before-author\">von<\/span><span class=\"av-post-metadata-author-link\" ><a href=\"https:\/\/ferienchalet-wallis.ch\/de\/author\/wallisaar\/\"  rel=\"author\">WalliSaar<\/a><\/span><\/span><span class=\"av-post-metadata-content av-post-metadata-separator\">\/<\/span><span class=\"av-post-metadata-content av-post-metadata-published\"><span class=\"av-post-metadata-published-date\" >Oktober 24, 2023<\/span><\/span><\/span><\/div><\/div><br \/>\n<div  class='av-social-sharing-box av-2ikpkw-e0563cddb62040de8e1216ed4c4c5c15 av-social-sharing-box-circle  avia-builder-el-4  el_after_av_post_metadata  avia-builder-el-last  av-social-sharing-box-color-bg av-social-sharing-box-same-width'><div class=\"av-share-box\"><h5 class='av-share-link-description av-no-toc '>Eintrag teilen<\/h5><ul class=\"av-share-box-list noLightbox\"><li class='av-share-link av-social-link-whatsapp' ><a target=\"_blank\" aria-label=\"Teilen auf WhatsApp\" href='https:\/\/api.whatsapp.com\/send?text=https:\/\/ferienchalet-wallis.ch\/de\/neue-kneippanlage-auf-der-riederalp\/' aria-hidden='false' data-av_icon='\uf232' data-av_iconfont='entypo-fontello' title='' data-avia-related-tooltip='Teilen auf WhatsApp' rel=\"noopener\"><span class='avia_hidden_link_text'>Teilen auf WhatsApp<\/span><\/a><\/li><\/ul><\/div><\/div><\/p><\/div>\n","protected":false},"excerpt":{"rendered":"","protected":false},"author":3,"featured_media":1713,"comment_status":"closed","ping_status":"closed","sticky":false,"template":"","format":"standard","meta":{"footnotes":""},"categories":[17,21,7],"tags":[],"class_list":["post-1712","post","type-post","status-publish","format-standard","has-post-thumbnail","hentry","category-kinder","category-kneipp-anlage","category-riederalp"],"yoast_head":"<!-- This site is optimized with the Yoast SEO plugin v27.4 - https:\/\/yoast.com\/product\/yoast-seo-wordpress\/ -->\n<title>Neue Kneippanlage auf der Riederalp - Bettmeralp und Riederalp<\/title>\n<meta name=\"description\" content=\"Eine neue Kneipp-Anlage auf der Riederalp. Mehrere nat\u00fcrlich angelegte Wassertretbecken, die mit Gebirgswasser gef\u00fcllt sind mit B\u00e4nken zum Ausruhen.\" \/>\n<meta name=\"robots\" content=\"index, follow, max-snippet:-1, max-image-preview:large, max-video-preview:-1\" \/>\n<link rel=\"canonical\" href=\"https:\/\/ferienchalet-wallis.ch\/de\/neue-kneippanlage-auf-der-riederalp\/\" \/>\n<meta property=\"og:locale\" content=\"de_DE\" \/>\n<meta property=\"og:type\" content=\"article\" \/>\n<meta property=\"og:title\" content=\"Neue Kneippanlage auf der Riederalp - Bettmeralp und Riederalp\" \/>\n<meta property=\"og:description\" content=\"Eine neue Kneipp-Anlage auf der Riederalp. Mehrere nat\u00fcrlich angelegte Wassertretbecken, die mit Gebirgswasser gef\u00fcllt sind mit B\u00e4nken zum Ausruhen.\" \/>\n<meta property=\"og:url\" content=\"https:\/\/ferienchalet-wallis.ch\/de\/neue-kneippanlage-auf-der-riederalp\/\" \/>\n<meta property=\"og:site_name\" content=\"Bettmeralp und Riederalp\" \/>\n<meta property=\"article:published_time\" content=\"2023-10-24T08:12:31+00:00\" \/>\n<meta property=\"article:modified_time\" content=\"2024-01-09T09:46:46+00:00\" \/>\n<meta property=\"og:image\" content=\"https:\/\/ferienchalet-wallis.ch\/wp-content\/uploads\/2023\/10\/wassertreten.jpg\" \/>\n\t<meta property=\"og:image:width\" content=\"1920\" \/>\n\t<meta property=\"og:image:height\" content=\"1440\" \/>\n\t<meta property=\"og:image:type\" content=\"image\/jpeg\" \/>\n<meta name=\"author\" content=\"WalliSaar\" \/>\n<meta name=\"twitter:card\" content=\"summary_large_image\" \/>\n<meta name=\"twitter:label1\" content=\"Verfasst von\" \/>\n\t<meta name=\"twitter:data1\" content=\"WalliSaar\" \/>\n\t<meta name=\"twitter:label2\" content=\"Gesch\u00e4tzte Lesezeit\" \/>\n\t<meta name=\"twitter:data2\" content=\"3\u00a0Minuten\" \/>\n<script type=\"application\/ld+json\" class=\"yoast-schema-graph\">{\"@context\":\"https:\\\/\\\/schema.org\",\"@graph\":[{\"@type\":\"Article\",\"@id\":\"https:\\\/\\\/ferienchalet-wallis.ch\\\/de\\\/neue-kneippanlage-auf-der-riederalp\\\/#article\",\"isPartOf\":{\"@id\":\"https:\\\/\\\/ferienchalet-wallis.ch\\\/de\\\/neue-kneippanlage-auf-der-riederalp\\\/\"},\"author\":{\"name\":\"WalliSaar\",\"@id\":\"https:\\\/\\\/ferienchalet-wallis.ch\\\/#\\\/schema\\\/person\\\/18b3f062b0514bc953799175b9bfdd2b\"},\"headline\":\"Neue Kneippanlage auf der Riederalp\",\"datePublished\":\"2023-10-24T08:12:31+00:00\",\"dateModified\":\"2024-01-09T09:46:46+00:00\",\"mainEntityOfPage\":{\"@id\":\"https:\\\/\\\/ferienchalet-wallis.ch\\\/de\\\/neue-kneippanlage-auf-der-riederalp\\\/\"},\"wordCount\":691,\"publisher\":{\"@id\":\"https:\\\/\\\/ferienchalet-wallis.ch\\\/#organization\"},\"image\":{\"@id\":\"https:\\\/\\\/ferienchalet-wallis.ch\\\/de\\\/neue-kneippanlage-auf-der-riederalp\\\/#primaryimage\"},\"thumbnailUrl\":\"https:\\\/\\\/ferienchalet-wallis.ch\\\/wp-content\\\/uploads\\\/2023\\\/10\\\/wassertreten.jpg\",\"articleSection\":[\"Kinder\",\"Kneipp-Anlage\",\"Riederalp\"],\"inLanguage\":\"de\"},{\"@type\":\"WebPage\",\"@id\":\"https:\\\/\\\/ferienchalet-wallis.ch\\\/de\\\/neue-kneippanlage-auf-der-riederalp\\\/\",\"url\":\"https:\\\/\\\/ferienchalet-wallis.ch\\\/de\\\/neue-kneippanlage-auf-der-riederalp\\\/\",\"name\":\"Neue Kneippanlage auf der Riederalp - Bettmeralp und Riederalp\",\"isPartOf\":{\"@id\":\"https:\\\/\\\/ferienchalet-wallis.ch\\\/#website\"},\"primaryImageOfPage\":{\"@id\":\"https:\\\/\\\/ferienchalet-wallis.ch\\\/de\\\/neue-kneippanlage-auf-der-riederalp\\\/#primaryimage\"},\"image\":{\"@id\":\"https:\\\/\\\/ferienchalet-wallis.ch\\\/de\\\/neue-kneippanlage-auf-der-riederalp\\\/#primaryimage\"},\"thumbnailUrl\":\"https:\\\/\\\/ferienchalet-wallis.ch\\\/wp-content\\\/uploads\\\/2023\\\/10\\\/wassertreten.jpg\",\"datePublished\":\"2023-10-24T08:12:31+00:00\",\"dateModified\":\"2024-01-09T09:46:46+00:00\",\"description\":\"Eine neue Kneipp-Anlage auf der Riederalp. Mehrere nat\u00fcrlich angelegte Wassertretbecken, die mit Gebirgswasser gef\u00fcllt sind mit B\u00e4nken zum Ausruhen.\",\"breadcrumb\":{\"@id\":\"https:\\\/\\\/ferienchalet-wallis.ch\\\/de\\\/neue-kneippanlage-auf-der-riederalp\\\/#breadcrumb\"},\"inLanguage\":\"de\",\"potentialAction\":[{\"@type\":\"ReadAction\",\"target\":[\"https:\\\/\\\/ferienchalet-wallis.ch\\\/de\\\/neue-kneippanlage-auf-der-riederalp\\\/\"]}]},{\"@type\":\"ImageObject\",\"inLanguage\":\"de\",\"@id\":\"https:\\\/\\\/ferienchalet-wallis.ch\\\/de\\\/neue-kneippanlage-auf-der-riederalp\\\/#primaryimage\",\"url\":\"https:\\\/\\\/ferienchalet-wallis.ch\\\/wp-content\\\/uploads\\\/2023\\\/10\\\/wassertreten.jpg\",\"contentUrl\":\"https:\\\/\\\/ferienchalet-wallis.ch\\\/wp-content\\\/uploads\\\/2023\\\/10\\\/wassertreten.jpg\",\"width\":1920,\"height\":1440},{\"@type\":\"BreadcrumbList\",\"@id\":\"https:\\\/\\\/ferienchalet-wallis.ch\\\/de\\\/neue-kneippanlage-auf-der-riederalp\\\/#breadcrumb\",\"itemListElement\":[{\"@type\":\"ListItem\",\"position\":1,\"name\":\"Home\",\"item\":\"https:\\\/\\\/ferienchalet-wallis.ch\\\/\"},{\"@type\":\"ListItem\",\"position\":2,\"name\":\"Neue Kneippanlage auf der Riederalp\"}]},{\"@type\":\"WebSite\",\"@id\":\"https:\\\/\\\/ferienchalet-wallis.ch\\\/#website\",\"url\":\"https:\\\/\\\/ferienchalet-wallis.ch\\\/\",\"name\":\"Bettmeralp und Riederalp\",\"description\":\"Kranzfelder Markus\",\"publisher\":{\"@id\":\"https:\\\/\\\/ferienchalet-wallis.ch\\\/#organization\"},\"potentialAction\":[{\"@type\":\"SearchAction\",\"target\":{\"@type\":\"EntryPoint\",\"urlTemplate\":\"https:\\\/\\\/ferienchalet-wallis.ch\\\/?s={search_term_string}\"},\"query-input\":{\"@type\":\"PropertyValueSpecification\",\"valueRequired\":true,\"valueName\":\"search_term_string\"}}],\"inLanguage\":\"de\"},{\"@type\":\"Organization\",\"@id\":\"https:\\\/\\\/ferienchalet-wallis.ch\\\/#organization\",\"name\":\"Liegenschaftsbetreuung \\\/ Vermietung \u2013 M. Kranzfelder\",\"url\":\"https:\\\/\\\/ferienchalet-wallis.ch\\\/\",\"logo\":{\"@type\":\"ImageObject\",\"inLanguage\":\"de\",\"@id\":\"https:\\\/\\\/ferienchalet-wallis.ch\\\/#\\\/schema\\\/logo\\\/image\\\/\",\"url\":\"https:\\\/\\\/ferienchalet-wallis.ch\\\/wp-content\\\/uploads\\\/2022\\\/01\\\/Logo_Kranzfelder.png\",\"contentUrl\":\"https:\\\/\\\/ferienchalet-wallis.ch\\\/wp-content\\\/uploads\\\/2022\\\/01\\\/Logo_Kranzfelder.png\",\"width\":1526,\"height\":447,\"caption\":\"Liegenschaftsbetreuung \\\/ Vermietung \u2013 M. Kranzfelder\"},\"image\":{\"@id\":\"https:\\\/\\\/ferienchalet-wallis.ch\\\/#\\\/schema\\\/logo\\\/image\\\/\"}},{\"@type\":\"Person\",\"@id\":\"https:\\\/\\\/ferienchalet-wallis.ch\\\/#\\\/schema\\\/person\\\/18b3f062b0514bc953799175b9bfdd2b\",\"name\":\"WalliSaar\",\"image\":{\"@type\":\"ImageObject\",\"inLanguage\":\"de\",\"@id\":\"https:\\\/\\\/secure.gravatar.com\\\/avatar\\\/1be7f9468eac0e02f655be9ab758a01ae5dc72d678841cc4898d463993c78d36?s=96&d=initials&r=g&initials=ru\",\"url\":\"https:\\\/\\\/secure.gravatar.com\\\/avatar\\\/1be7f9468eac0e02f655be9ab758a01ae5dc72d678841cc4898d463993c78d36?s=96&d=initials&r=g&initials=ru\",\"contentUrl\":\"https:\\\/\\\/secure.gravatar.com\\\/avatar\\\/1be7f9468eac0e02f655be9ab758a01ae5dc72d678841cc4898d463993c78d36?s=96&d=initials&r=g&initials=ru\",\"caption\":\"WalliSaar\"},\"description\":\"Mein Name ist Anja Ruch und ich schreibe die Blogbeitr\u00e4ge f\u00fcr das Ehepaar Markus &amp; Tabitha Kranzfelder. Der Name WalliSaar gr\u00fcndet sich auf meinen Wurzeln im Saarland und den neuen im Wallis. My name is Anja Ruch and I write the blog entries for the Markus &amp; Tabitha Kranzfelder couple. The name WalliSaar shows the connection to my old roots in Saarland and the new ones in Valais.\",\"sameAs\":[\"https:\\\/\\\/www.ferienchalet-wallis.ch\\\/blog\"],\"url\":\"https:\\\/\\\/ferienchalet-wallis.ch\\\/de\\\/author\\\/wallisaar\\\/\"}]}<\/script>\n<!-- \/ Yoast SEO plugin. -->","yoast_head_json":{"title":"Neue Kneippanlage auf der Riederalp - Bettmeralp und Riederalp","description":"Eine neue Kneipp-Anlage auf der Riederalp. Mehrere nat\u00fcrlich angelegte Wassertretbecken, die mit Gebirgswasser gef\u00fcllt sind mit B\u00e4nken zum Ausruhen.","robots":{"index":"index","follow":"follow","max-snippet":"max-snippet:-1","max-image-preview":"max-image-preview:large","max-video-preview":"max-video-preview:-1"},"canonical":"https:\/\/ferienchalet-wallis.ch\/de\/neue-kneippanlage-auf-der-riederalp\/","og_locale":"de_DE","og_type":"article","og_title":"Neue Kneippanlage auf der Riederalp - Bettmeralp und Riederalp","og_description":"Eine neue Kneipp-Anlage auf der Riederalp. Mehrere nat\u00fcrlich angelegte Wassertretbecken, die mit Gebirgswasser gef\u00fcllt sind mit B\u00e4nken zum Ausruhen.","og_url":"https:\/\/ferienchalet-wallis.ch\/de\/neue-kneippanlage-auf-der-riederalp\/","og_site_name":"Bettmeralp und Riederalp","article_published_time":"2023-10-24T08:12:31+00:00","article_modified_time":"2024-01-09T09:46:46+00:00","og_image":[{"width":1920,"height":1440,"url":"https:\/\/ferienchalet-wallis.ch\/wp-content\/uploads\/2023\/10\/wassertreten.jpg","type":"image\/jpeg"}],"author":"WalliSaar","twitter_card":"summary_large_image","twitter_misc":{"Verfasst von":"WalliSaar","Gesch\u00e4tzte Lesezeit":"3\u00a0Minuten"},"schema":{"@context":"https:\/\/schema.org","@graph":[{"@type":"Article","@id":"https:\/\/ferienchalet-wallis.ch\/de\/neue-kneippanlage-auf-der-riederalp\/#article","isPartOf":{"@id":"https:\/\/ferienchalet-wallis.ch\/de\/neue-kneippanlage-auf-der-riederalp\/"},"author":{"name":"WalliSaar","@id":"https:\/\/ferienchalet-wallis.ch\/#\/schema\/person\/18b3f062b0514bc953799175b9bfdd2b"},"headline":"Neue Kneippanlage auf der Riederalp","datePublished":"2023-10-24T08:12:31+00:00","dateModified":"2024-01-09T09:46:46+00:00","mainEntityOfPage":{"@id":"https:\/\/ferienchalet-wallis.ch\/de\/neue-kneippanlage-auf-der-riederalp\/"},"wordCount":691,"publisher":{"@id":"https:\/\/ferienchalet-wallis.ch\/#organization"},"image":{"@id":"https:\/\/ferienchalet-wallis.ch\/de\/neue-kneippanlage-auf-der-riederalp\/#primaryimage"},"thumbnailUrl":"https:\/\/ferienchalet-wallis.ch\/wp-content\/uploads\/2023\/10\/wassertreten.jpg","articleSection":["Kinder","Kneipp-Anlage","Riederalp"],"inLanguage":"de"},{"@type":"WebPage","@id":"https:\/\/ferienchalet-wallis.ch\/de\/neue-kneippanlage-auf-der-riederalp\/","url":"https:\/\/ferienchalet-wallis.ch\/de\/neue-kneippanlage-auf-der-riederalp\/","name":"Neue Kneippanlage auf der Riederalp - Bettmeralp und Riederalp","isPartOf":{"@id":"https:\/\/ferienchalet-wallis.ch\/#website"},"primaryImageOfPage":{"@id":"https:\/\/ferienchalet-wallis.ch\/de\/neue-kneippanlage-auf-der-riederalp\/#primaryimage"},"image":{"@id":"https:\/\/ferienchalet-wallis.ch\/de\/neue-kneippanlage-auf-der-riederalp\/#primaryimage"},"thumbnailUrl":"https:\/\/ferienchalet-wallis.ch\/wp-content\/uploads\/2023\/10\/wassertreten.jpg","datePublished":"2023-10-24T08:12:31+00:00","dateModified":"2024-01-09T09:46:46+00:00","description":"Eine neue Kneipp-Anlage auf der Riederalp. Mehrere nat\u00fcrlich angelegte Wassertretbecken, die mit Gebirgswasser gef\u00fcllt sind mit B\u00e4nken zum Ausruhen.","breadcrumb":{"@id":"https:\/\/ferienchalet-wallis.ch\/de\/neue-kneippanlage-auf-der-riederalp\/#breadcrumb"},"inLanguage":"de","potentialAction":[{"@type":"ReadAction","target":["https:\/\/ferienchalet-wallis.ch\/de\/neue-kneippanlage-auf-der-riederalp\/"]}]},{"@type":"ImageObject","inLanguage":"de","@id":"https:\/\/ferienchalet-wallis.ch\/de\/neue-kneippanlage-auf-der-riederalp\/#primaryimage","url":"https:\/\/ferienchalet-wallis.ch\/wp-content\/uploads\/2023\/10\/wassertreten.jpg","contentUrl":"https:\/\/ferienchalet-wallis.ch\/wp-content\/uploads\/2023\/10\/wassertreten.jpg","width":1920,"height":1440},{"@type":"BreadcrumbList","@id":"https:\/\/ferienchalet-wallis.ch\/de\/neue-kneippanlage-auf-der-riederalp\/#breadcrumb","itemListElement":[{"@type":"ListItem","position":1,"name":"Home","item":"https:\/\/ferienchalet-wallis.ch\/"},{"@type":"ListItem","position":2,"name":"Neue Kneippanlage auf der Riederalp"}]},{"@type":"WebSite","@id":"https:\/\/ferienchalet-wallis.ch\/#website","url":"https:\/\/ferienchalet-wallis.ch\/","name":"Bettmeralp und Riederalp","description":"Kranzfelder Markus","publisher":{"@id":"https:\/\/ferienchalet-wallis.ch\/#organization"},"potentialAction":[{"@type":"SearchAction","target":{"@type":"EntryPoint","urlTemplate":"https:\/\/ferienchalet-wallis.ch\/?s={search_term_string}"},"query-input":{"@type":"PropertyValueSpecification","valueRequired":true,"valueName":"search_term_string"}}],"inLanguage":"de"},{"@type":"Organization","@id":"https:\/\/ferienchalet-wallis.ch\/#organization","name":"Liegenschaftsbetreuung \/ Vermietung \u2013 M. Kranzfelder","url":"https:\/\/ferienchalet-wallis.ch\/","logo":{"@type":"ImageObject","inLanguage":"de","@id":"https:\/\/ferienchalet-wallis.ch\/#\/schema\/logo\/image\/","url":"https:\/\/ferienchalet-wallis.ch\/wp-content\/uploads\/2022\/01\/Logo_Kranzfelder.png","contentUrl":"https:\/\/ferienchalet-wallis.ch\/wp-content\/uploads\/2022\/01\/Logo_Kranzfelder.png","width":1526,"height":447,"caption":"Liegenschaftsbetreuung \/ Vermietung \u2013 M. Kranzfelder"},"image":{"@id":"https:\/\/ferienchalet-wallis.ch\/#\/schema\/logo\/image\/"}},{"@type":"Person","@id":"https:\/\/ferienchalet-wallis.ch\/#\/schema\/person\/18b3f062b0514bc953799175b9bfdd2b","name":"WalliSaar","image":{"@type":"ImageObject","inLanguage":"de","@id":"https:\/\/secure.gravatar.com\/avatar\/1be7f9468eac0e02f655be9ab758a01ae5dc72d678841cc4898d463993c78d36?s=96&d=initials&r=g&initials=ru","url":"https:\/\/secure.gravatar.com\/avatar\/1be7f9468eac0e02f655be9ab758a01ae5dc72d678841cc4898d463993c78d36?s=96&d=initials&r=g&initials=ru","contentUrl":"https:\/\/secure.gravatar.com\/avatar\/1be7f9468eac0e02f655be9ab758a01ae5dc72d678841cc4898d463993c78d36?s=96&d=initials&r=g&initials=ru","caption":"WalliSaar"},"description":"Mein Name ist Anja Ruch und ich schreibe die Blogbeitr\u00e4ge f\u00fcr das Ehepaar Markus &amp; Tabitha Kranzfelder. Der Name WalliSaar gr\u00fcndet sich auf meinen Wurzeln im Saarland und den neuen im Wallis. My name is Anja Ruch and I write the blog entries for the Markus &amp; Tabitha Kranzfelder couple. The name WalliSaar shows the connection to my old roots in Saarland and the new ones in Valais.","sameAs":["https:\/\/www.ferienchalet-wallis.ch\/blog"],"url":"https:\/\/ferienchalet-wallis.ch\/de\/author\/wallisaar\/"}]}},"_links":{"self":[{"href":"https:\/\/ferienchalet-wallis.ch\/de\/wp-json\/wp\/v2\/posts\/1712","targetHints":{"allow":["GET"]}}],"collection":[{"href":"https:\/\/ferienchalet-wallis.ch\/de\/wp-json\/wp\/v2\/posts"}],"about":[{"href":"https:\/\/ferienchalet-wallis.ch\/de\/wp-json\/wp\/v2\/types\/post"}],"author":[{"embeddable":true,"href":"https:\/\/ferienchalet-wallis.ch\/de\/wp-json\/wp\/v2\/users\/3"}],"replies":[{"embeddable":true,"href":"https:\/\/ferienchalet-wallis.ch\/de\/wp-json\/wp\/v2\/comments?post=1712"}],"version-history":[{"count":4,"href":"https:\/\/ferienchalet-wallis.ch\/de\/wp-json\/wp\/v2\/posts\/1712\/revisions"}],"predecessor-version":[{"id":1717,"href":"https:\/\/ferienchalet-wallis.ch\/de\/wp-json\/wp\/v2\/posts\/1712\/revisions\/1717"}],"wp:featuredmedia":[{"embeddable":true,"href":"https:\/\/ferienchalet-wallis.ch\/de\/wp-json\/wp\/v2\/media\/1713"}],"wp:attachment":[{"href":"https:\/\/ferienchalet-wallis.ch\/de\/wp-json\/wp\/v2\/media?parent=1712"}],"wp:term":[{"taxonomy":"category","embeddable":true,"href":"https:\/\/ferienchalet-wallis.ch\/de\/wp-json\/wp\/v2\/categories?post=1712"},{"taxonomy":"post_tag","embeddable":true,"href":"https:\/\/ferienchalet-wallis.ch\/de\/wp-json\/wp\/v2\/tags?post=1712"}],"curies":[{"name":"wp","href":"https:\/\/api.w.org\/{rel}","templated":true}]}}