{"id":1727,"date":"2023-11-07T10:07:21","date_gmt":"2023-11-07T10:07:21","guid":{"rendered":"https:\/\/ferienchalet-wallis.ch\/?p=1727"},"modified":"2023-11-07T10:37:51","modified_gmt":"2023-11-07T10:37:51","slug":"ferien-am-aletsch-im-november","status":"publish","type":"post","link":"https:\/\/ferienchalet-wallis.ch\/de\/ferien-am-aletsch-im-november\/","title":{"rendered":"Ferien am Aletsch im November"},"content":{"rendered":"\n<style type=\"text\/css\" data-created_by=\"avia_inline_auto\" id=\"style-css-av-loo4t94b-146055a6c6db70ee9248b21b93e95b05\">\n#top .av-special-heading.av-loo4t94b-146055a6c6db70ee9248b21b93e95b05{\npadding-bottom:10px;\n}\nbody .av-special-heading.av-loo4t94b-146055a6c6db70ee9248b21b93e95b05 .av-special-heading-tag .heading-char{\nfont-size:25px;\n}\n.av-special-heading.av-loo4t94b-146055a6c6db70ee9248b21b93e95b05 .av-subheading{\nfont-size:15px;\n}\n<\/style>\n<div  class='av-special-heading av-loo4t94b-146055a6c6db70ee9248b21b93e95b05 av-special-heading-h2  avia-builder-el-0  el_before_av_textblock  avia-builder-el-first '><h2 class='av-special-heading-tag'  itemprop=\"headline\"  >Aletsch Arena im November<\/h2><div class=\"special-heading-border\"><div class=\"special-heading-inner-border\"><\/div><\/div><\/div>\n<section  class='av_textblock_section av-loo562ue-f1ad0e2e2a0565349aa3938aebd24cd1'  itemscope=\"itemscope\" itemtype=\"https:\/\/schema.org\/BlogPosting\" itemprop=\"blogPost\" ><div class='avia_textblock'  itemprop=\"text\" ><h3>Ferien ausserhalb der Saison<\/h3>\n<p>Sie brauchen dringend Ferien, es geht dieses Jahr vielleicht nur im November und eine Flugreise entspricht nicht Ihrer Vorstellung? Dann fahren Sie doch in die Berge. Auch im November kann man im Aletschgebiet prima Ferien machen, besonders wenn man seine Ruhe haben m\u00f6chte. Und Nebel ist ja im Wallis bekanntlich Mangelware. Vielleicht sagen Sie ja: aber im November ist doch alles zu. Nicht ganz!<\/p>\n<h3>Fahrpl\u00e4ne und Betriebszeiten im November<\/h3>\n<p>Ja, es ist aktuell keine Saison. Das bedeutet auf gut schwyzerisch: die Wandersaison ist vor\u00fcber und die Wintersaison hat noch nicht angefangen. Bis zum Beginn der Wintersaison werden Berg- und Seilbahnen im Skigebiet revidiert und sind teilweise geschlossen. Und nat\u00fcrlich haben nicht alle Gesch\u00e4fte und Betriebe offen. Ferien kann man trotzdem machen, allerdings sollte man den <a href=\"https:\/\/www.aletscharena.ch\/planen-buchen\/fahrplan-betriebszeiten\" target=\"_blank\" rel=\"noopener\">angepassten Fahrplan beachten<\/a>.<\/p>\n<h3>Aktivit\u00e4ten im November<\/h3>\n<p>Geniessen Sie schon einen kleinen Vorgeschmack auf den Winter, machen Sie Spazierg\u00e4nge oder Schneeschuhtouren und gehen Sie auch im November gem\u00fctlich essen. Noch offene Wanderwege und Betriebe finden Sie auf der Startseite der Aletsch Arena unter Aktuelles. Die aktuelle Schneeh\u00f6he liegt bei 45 cm. Da die Riederalp und die Bettmeralp ganzj\u00e4hrig bewohnt sind, kann man immer im Supermarkt einkaufen. Die \u00d6ffnungszeiten sind etwas eingeschr\u00e4nkt, vormittags bis um halb eins bzw. 13 Uhr, je nachdem welchen Supermarkt Sie aufsuchen. Ausser am Samstag, da k\u00f6nnen Sie l\u00e4nger einkaufen. F\u00fcr einen entspannten Wellnesstag bietet sich das <a href=\"https:\/\/salina.maris.ch\/de\/bad-wellness\/soleheilbad\" target=\"_blank\" rel=\"noopener\">Solebad in Breiten<\/a>\u00a0an.<\/p>\n<p><em>Jetzt isch \u00f6i en stilli Zyt, wa mu i schich dri wellt&#8216; lose<\/em><\/p>\n<\/div><\/section>\n<div class='flex_column av-9spft4-f6f0e1bcd2f78e2bdeed9ba99fdae2fb av_one_half  avia-builder-el-2  el_after_av_textblock  avia-builder-el-last  first flex_column_div column-top-margin'   ><p><div  class='av-post-metadata-container av-77j3mw-94f912422a145e8b3d72a419b7bb433a av-metadata-container-align-left  avia-builder-el-3  el_before_av_social_share  avia-builder-el-first  av-metadata-container-1'><div class='av-post-metadata-container-inner'><span class=\"av-post-metadata-content av-post-metadata-meta-content\"><span class=\"av-post-metadata-content av-post-metadata-author\"  itemprop=\"author\" ><span class=\"av-metadata-before av-metadata-before-author\">von<\/span><span class=\"av-post-metadata-author-link\" ><a href=\"https:\/\/ferienchalet-wallis.ch\/de\/author\/wallisaar\/\"  rel=\"author\">WalliSaar<\/a><\/span><\/span><span class=\"av-post-metadata-content av-post-metadata-separator\">\/<\/span><span class=\"av-post-metadata-content av-post-metadata-published\"><span class=\"av-post-metadata-published-date\" >November 7, 2023<\/span><\/span><\/span><\/div><\/div><br \/>\n<div  class='av-social-sharing-box av-2dwvx4-ad6d8d2f9b59c27992ee9a9ef0ac948f av-social-sharing-box-circle  avia-builder-el-4  el_after_av_post_metadata  avia-builder-el-last  av-social-sharing-box-color-bg av-social-sharing-box-same-width'><div class=\"av-share-box\"><h5 class='av-share-link-description av-no-toc '>Eintrag teilen<\/h5><ul class=\"av-share-box-list noLightbox\"><li class='av-share-link av-social-link-whatsapp' ><a target=\"_blank\" aria-label=\"Teilen auf WhatsApp\" href='https:\/\/api.whatsapp.com\/send?text=https:\/\/ferienchalet-wallis.ch\/de\/ferien-am-aletsch-im-november\/' aria-hidden='false' data-av_icon='\uf232' data-av_iconfont='entypo-fontello' title='' data-avia-related-tooltip='Teilen auf WhatsApp' rel=\"noopener\"><span class='avia_hidden_link_text'>Teilen auf WhatsApp<\/span><\/a><\/li><\/ul><\/div><\/div><\/p><\/div>\n","protected":false},"excerpt":{"rendered":"","protected":false},"author":3,"featured_media":117,"comment_status":"closed","ping_status":"closed","sticky":false,"template":"","format":"standard","meta":{"footnotes":""},"categories":[6,8,7],"tags":[],"class_list":["post-1727","post","type-post","status-publish","format-standard","has-post-thumbnail","hentry","category-aletsch","category-bettmeralp","category-riederalp"],"yoast_head":"<!-- This site is optimized with the Yoast SEO plugin v27.4 - https:\/\/yoast.com\/product\/yoast-seo-wordpress\/ -->\n<title>Ferien am Aletsch im November - Bettmeralp und Riederalp<\/title>\n<meta name=\"description\" content=\"Ferien im November in der Aletsch Arena bedeutet Ruhe und Abgeschiedenheit. Hauptsache erholt!\" \/>\n<meta name=\"robots\" content=\"index, follow, max-snippet:-1, max-image-preview:large, max-video-preview:-1\" \/>\n<link rel=\"canonical\" href=\"https:\/\/ferienchalet-wallis.ch\/de\/ferien-am-aletsch-im-november\/\" \/>\n<meta property=\"og:locale\" content=\"de_DE\" \/>\n<meta property=\"og:type\" content=\"article\" \/>\n<meta property=\"og:title\" content=\"Ferien am Aletsch im November - Bettmeralp und Riederalp\" \/>\n<meta property=\"og:description\" content=\"Ferien im November in der Aletsch Arena bedeutet Ruhe und Abgeschiedenheit. Hauptsache erholt!\" \/>\n<meta property=\"og:url\" content=\"https:\/\/ferienchalet-wallis.ch\/de\/ferien-am-aletsch-im-november\/\" \/>\n<meta property=\"og:site_name\" content=\"Bettmeralp und Riederalp\" \/>\n<meta property=\"article:published_time\" content=\"2023-11-07T10:07:21+00:00\" \/>\n<meta property=\"article:modified_time\" content=\"2023-11-07T10:37:51+00:00\" \/>\n<meta property=\"og:image\" content=\"https:\/\/ferienchalet-wallis.ch\/wp-content\/uploads\/2022\/01\/winter-g1ad92ecbf_1920.jpg\" \/>\n\t<meta property=\"og:image:width\" content=\"1920\" \/>\n\t<meta property=\"og:image:height\" content=\"1280\" \/>\n\t<meta property=\"og:image:type\" content=\"image\/jpeg\" \/>\n<meta name=\"author\" content=\"WalliSaar\" \/>\n<meta name=\"twitter:card\" content=\"summary_large_image\" \/>\n<meta name=\"twitter:label1\" content=\"Verfasst von\" \/>\n\t<meta name=\"twitter:data1\" content=\"WalliSaar\" \/>\n\t<meta name=\"twitter:label2\" content=\"Gesch\u00e4tzte Lesezeit\" \/>\n\t<meta name=\"twitter:data2\" content=\"3\u00a0Minuten\" \/>\n<script type=\"application\/ld+json\" class=\"yoast-schema-graph\">{\"@context\":\"https:\\\/\\\/schema.org\",\"@graph\":[{\"@type\":\"Article\",\"@id\":\"https:\\\/\\\/ferienchalet-wallis.ch\\\/de\\\/ferien-am-aletsch-im-november\\\/#article\",\"isPartOf\":{\"@id\":\"https:\\\/\\\/ferienchalet-wallis.ch\\\/de\\\/ferien-am-aletsch-im-november\\\/\"},\"author\":{\"name\":\"WalliSaar\",\"@id\":\"https:\\\/\\\/ferienchalet-wallis.ch\\\/#\\\/schema\\\/person\\\/18b3f062b0514bc953799175b9bfdd2b\"},\"headline\":\"Ferien am Aletsch im November\",\"datePublished\":\"2023-11-07T10:07:21+00:00\",\"dateModified\":\"2023-11-07T10:37:51+00:00\",\"mainEntityOfPage\":{\"@id\":\"https:\\\/\\\/ferienchalet-wallis.ch\\\/de\\\/ferien-am-aletsch-im-november\\\/\"},\"wordCount\":727,\"publisher\":{\"@id\":\"https:\\\/\\\/ferienchalet-wallis.ch\\\/#organization\"},\"image\":{\"@id\":\"https:\\\/\\\/ferienchalet-wallis.ch\\\/de\\\/ferien-am-aletsch-im-november\\\/#primaryimage\"},\"thumbnailUrl\":\"https:\\\/\\\/ferienchalet-wallis.ch\\\/wp-content\\\/uploads\\\/2022\\\/01\\\/winter-g1ad92ecbf_1920.jpg\",\"articleSection\":[\"Aletsch\",\"Bettmeralp\",\"Riederalp\"],\"inLanguage\":\"de\"},{\"@type\":\"WebPage\",\"@id\":\"https:\\\/\\\/ferienchalet-wallis.ch\\\/de\\\/ferien-am-aletsch-im-november\\\/\",\"url\":\"https:\\\/\\\/ferienchalet-wallis.ch\\\/de\\\/ferien-am-aletsch-im-november\\\/\",\"name\":\"Ferien am Aletsch im November - Bettmeralp und Riederalp\",\"isPartOf\":{\"@id\":\"https:\\\/\\\/ferienchalet-wallis.ch\\\/#website\"},\"primaryImageOfPage\":{\"@id\":\"https:\\\/\\\/ferienchalet-wallis.ch\\\/de\\\/ferien-am-aletsch-im-november\\\/#primaryimage\"},\"image\":{\"@id\":\"https:\\\/\\\/ferienchalet-wallis.ch\\\/de\\\/ferien-am-aletsch-im-november\\\/#primaryimage\"},\"thumbnailUrl\":\"https:\\\/\\\/ferienchalet-wallis.ch\\\/wp-content\\\/uploads\\\/2022\\\/01\\\/winter-g1ad92ecbf_1920.jpg\",\"datePublished\":\"2023-11-07T10:07:21+00:00\",\"dateModified\":\"2023-11-07T10:37:51+00:00\",\"description\":\"Ferien im November in der Aletsch Arena bedeutet Ruhe und Abgeschiedenheit. Hauptsache erholt!\",\"breadcrumb\":{\"@id\":\"https:\\\/\\\/ferienchalet-wallis.ch\\\/de\\\/ferien-am-aletsch-im-november\\\/#breadcrumb\"},\"inLanguage\":\"de\",\"potentialAction\":[{\"@type\":\"ReadAction\",\"target\":[\"https:\\\/\\\/ferienchalet-wallis.ch\\\/de\\\/ferien-am-aletsch-im-november\\\/\"]}]},{\"@type\":\"ImageObject\",\"inLanguage\":\"de\",\"@id\":\"https:\\\/\\\/ferienchalet-wallis.ch\\\/de\\\/ferien-am-aletsch-im-november\\\/#primaryimage\",\"url\":\"https:\\\/\\\/ferienchalet-wallis.ch\\\/wp-content\\\/uploads\\\/2022\\\/01\\\/winter-g1ad92ecbf_1920.jpg\",\"contentUrl\":\"https:\\\/\\\/ferienchalet-wallis.ch\\\/wp-content\\\/uploads\\\/2022\\\/01\\\/winter-g1ad92ecbf_1920.jpg\",\"width\":1920,\"height\":1280,\"caption\":\"Winter im Wallis\"},{\"@type\":\"BreadcrumbList\",\"@id\":\"https:\\\/\\\/ferienchalet-wallis.ch\\\/de\\\/ferien-am-aletsch-im-november\\\/#breadcrumb\",\"itemListElement\":[{\"@type\":\"ListItem\",\"position\":1,\"name\":\"Home\",\"item\":\"https:\\\/\\\/ferienchalet-wallis.ch\\\/\"},{\"@type\":\"ListItem\",\"position\":2,\"name\":\"Ferien am Aletsch im November\"}]},{\"@type\":\"WebSite\",\"@id\":\"https:\\\/\\\/ferienchalet-wallis.ch\\\/#website\",\"url\":\"https:\\\/\\\/ferienchalet-wallis.ch\\\/\",\"name\":\"Bettmeralp und Riederalp\",\"description\":\"Kranzfelder Markus\",\"publisher\":{\"@id\":\"https:\\\/\\\/ferienchalet-wallis.ch\\\/#organization\"},\"potentialAction\":[{\"@type\":\"SearchAction\",\"target\":{\"@type\":\"EntryPoint\",\"urlTemplate\":\"https:\\\/\\\/ferienchalet-wallis.ch\\\/?s={search_term_string}\"},\"query-input\":{\"@type\":\"PropertyValueSpecification\",\"valueRequired\":true,\"valueName\":\"search_term_string\"}}],\"inLanguage\":\"de\"},{\"@type\":\"Organization\",\"@id\":\"https:\\\/\\\/ferienchalet-wallis.ch\\\/#organization\",\"name\":\"Liegenschaftsbetreuung \\\/ Vermietung \u2013 M. Kranzfelder\",\"url\":\"https:\\\/\\\/ferienchalet-wallis.ch\\\/\",\"logo\":{\"@type\":\"ImageObject\",\"inLanguage\":\"de\",\"@id\":\"https:\\\/\\\/ferienchalet-wallis.ch\\\/#\\\/schema\\\/logo\\\/image\\\/\",\"url\":\"https:\\\/\\\/ferienchalet-wallis.ch\\\/wp-content\\\/uploads\\\/2022\\\/01\\\/Logo_Kranzfelder.png\",\"contentUrl\":\"https:\\\/\\\/ferienchalet-wallis.ch\\\/wp-content\\\/uploads\\\/2022\\\/01\\\/Logo_Kranzfelder.png\",\"width\":1526,\"height\":447,\"caption\":\"Liegenschaftsbetreuung \\\/ Vermietung \u2013 M. Kranzfelder\"},\"image\":{\"@id\":\"https:\\\/\\\/ferienchalet-wallis.ch\\\/#\\\/schema\\\/logo\\\/image\\\/\"}},{\"@type\":\"Person\",\"@id\":\"https:\\\/\\\/ferienchalet-wallis.ch\\\/#\\\/schema\\\/person\\\/18b3f062b0514bc953799175b9bfdd2b\",\"name\":\"WalliSaar\",\"image\":{\"@type\":\"ImageObject\",\"inLanguage\":\"de\",\"@id\":\"https:\\\/\\\/secure.gravatar.com\\\/avatar\\\/1be7f9468eac0e02f655be9ab758a01ae5dc72d678841cc4898d463993c78d36?s=96&d=initials&r=g&initials=ru\",\"url\":\"https:\\\/\\\/secure.gravatar.com\\\/avatar\\\/1be7f9468eac0e02f655be9ab758a01ae5dc72d678841cc4898d463993c78d36?s=96&d=initials&r=g&initials=ru\",\"contentUrl\":\"https:\\\/\\\/secure.gravatar.com\\\/avatar\\\/1be7f9468eac0e02f655be9ab758a01ae5dc72d678841cc4898d463993c78d36?s=96&d=initials&r=g&initials=ru\",\"caption\":\"WalliSaar\"},\"description\":\"Mein Name ist Anja Ruch und ich schreibe die Blogbeitr\u00e4ge f\u00fcr das Ehepaar Markus &amp; Tabitha Kranzfelder. Der Name WalliSaar gr\u00fcndet sich auf meinen Wurzeln im Saarland und den neuen im Wallis. My name is Anja Ruch and I write the blog entries for the Markus &amp; Tabitha Kranzfelder couple. The name WalliSaar shows the connection to my old roots in Saarland and the new ones in Valais.\",\"sameAs\":[\"https:\\\/\\\/www.ferienchalet-wallis.ch\\\/blog\"],\"url\":\"https:\\\/\\\/ferienchalet-wallis.ch\\\/de\\\/author\\\/wallisaar\\\/\"}]}<\/script>\n<!-- \/ Yoast SEO plugin. -->","yoast_head_json":{"title":"Ferien am Aletsch im November - Bettmeralp und Riederalp","description":"Ferien im November in der Aletsch Arena bedeutet Ruhe und Abgeschiedenheit. Hauptsache erholt!","robots":{"index":"index","follow":"follow","max-snippet":"max-snippet:-1","max-image-preview":"max-image-preview:large","max-video-preview":"max-video-preview:-1"},"canonical":"https:\/\/ferienchalet-wallis.ch\/de\/ferien-am-aletsch-im-november\/","og_locale":"de_DE","og_type":"article","og_title":"Ferien am Aletsch im November - Bettmeralp und Riederalp","og_description":"Ferien im November in der Aletsch Arena bedeutet Ruhe und Abgeschiedenheit. Hauptsache erholt!","og_url":"https:\/\/ferienchalet-wallis.ch\/de\/ferien-am-aletsch-im-november\/","og_site_name":"Bettmeralp und Riederalp","article_published_time":"2023-11-07T10:07:21+00:00","article_modified_time":"2023-11-07T10:37:51+00:00","og_image":[{"width":1920,"height":1280,"url":"https:\/\/ferienchalet-wallis.ch\/wp-content\/uploads\/2022\/01\/winter-g1ad92ecbf_1920.jpg","type":"image\/jpeg"}],"author":"WalliSaar","twitter_card":"summary_large_image","twitter_misc":{"Verfasst von":"WalliSaar","Gesch\u00e4tzte Lesezeit":"3\u00a0Minuten"},"schema":{"@context":"https:\/\/schema.org","@graph":[{"@type":"Article","@id":"https:\/\/ferienchalet-wallis.ch\/de\/ferien-am-aletsch-im-november\/#article","isPartOf":{"@id":"https:\/\/ferienchalet-wallis.ch\/de\/ferien-am-aletsch-im-november\/"},"author":{"name":"WalliSaar","@id":"https:\/\/ferienchalet-wallis.ch\/#\/schema\/person\/18b3f062b0514bc953799175b9bfdd2b"},"headline":"Ferien am Aletsch im November","datePublished":"2023-11-07T10:07:21+00:00","dateModified":"2023-11-07T10:37:51+00:00","mainEntityOfPage":{"@id":"https:\/\/ferienchalet-wallis.ch\/de\/ferien-am-aletsch-im-november\/"},"wordCount":727,"publisher":{"@id":"https:\/\/ferienchalet-wallis.ch\/#organization"},"image":{"@id":"https:\/\/ferienchalet-wallis.ch\/de\/ferien-am-aletsch-im-november\/#primaryimage"},"thumbnailUrl":"https:\/\/ferienchalet-wallis.ch\/wp-content\/uploads\/2022\/01\/winter-g1ad92ecbf_1920.jpg","articleSection":["Aletsch","Bettmeralp","Riederalp"],"inLanguage":"de"},{"@type":"WebPage","@id":"https:\/\/ferienchalet-wallis.ch\/de\/ferien-am-aletsch-im-november\/","url":"https:\/\/ferienchalet-wallis.ch\/de\/ferien-am-aletsch-im-november\/","name":"Ferien am Aletsch im November - Bettmeralp und Riederalp","isPartOf":{"@id":"https:\/\/ferienchalet-wallis.ch\/#website"},"primaryImageOfPage":{"@id":"https:\/\/ferienchalet-wallis.ch\/de\/ferien-am-aletsch-im-november\/#primaryimage"},"image":{"@id":"https:\/\/ferienchalet-wallis.ch\/de\/ferien-am-aletsch-im-november\/#primaryimage"},"thumbnailUrl":"https:\/\/ferienchalet-wallis.ch\/wp-content\/uploads\/2022\/01\/winter-g1ad92ecbf_1920.jpg","datePublished":"2023-11-07T10:07:21+00:00","dateModified":"2023-11-07T10:37:51+00:00","description":"Ferien im November in der Aletsch Arena bedeutet Ruhe und Abgeschiedenheit. Hauptsache erholt!","breadcrumb":{"@id":"https:\/\/ferienchalet-wallis.ch\/de\/ferien-am-aletsch-im-november\/#breadcrumb"},"inLanguage":"de","potentialAction":[{"@type":"ReadAction","target":["https:\/\/ferienchalet-wallis.ch\/de\/ferien-am-aletsch-im-november\/"]}]},{"@type":"ImageObject","inLanguage":"de","@id":"https:\/\/ferienchalet-wallis.ch\/de\/ferien-am-aletsch-im-november\/#primaryimage","url":"https:\/\/ferienchalet-wallis.ch\/wp-content\/uploads\/2022\/01\/winter-g1ad92ecbf_1920.jpg","contentUrl":"https:\/\/ferienchalet-wallis.ch\/wp-content\/uploads\/2022\/01\/winter-g1ad92ecbf_1920.jpg","width":1920,"height":1280,"caption":"Winter im Wallis"},{"@type":"BreadcrumbList","@id":"https:\/\/ferienchalet-wallis.ch\/de\/ferien-am-aletsch-im-november\/#breadcrumb","itemListElement":[{"@type":"ListItem","position":1,"name":"Home","item":"https:\/\/ferienchalet-wallis.ch\/"},{"@type":"ListItem","position":2,"name":"Ferien am Aletsch im November"}]},{"@type":"WebSite","@id":"https:\/\/ferienchalet-wallis.ch\/#website","url":"https:\/\/ferienchalet-wallis.ch\/","name":"Bettmeralp und Riederalp","description":"Kranzfelder Markus","publisher":{"@id":"https:\/\/ferienchalet-wallis.ch\/#organization"},"potentialAction":[{"@type":"SearchAction","target":{"@type":"EntryPoint","urlTemplate":"https:\/\/ferienchalet-wallis.ch\/?s={search_term_string}"},"query-input":{"@type":"PropertyValueSpecification","valueRequired":true,"valueName":"search_term_string"}}],"inLanguage":"de"},{"@type":"Organization","@id":"https:\/\/ferienchalet-wallis.ch\/#organization","name":"Liegenschaftsbetreuung \/ Vermietung \u2013 M. Kranzfelder","url":"https:\/\/ferienchalet-wallis.ch\/","logo":{"@type":"ImageObject","inLanguage":"de","@id":"https:\/\/ferienchalet-wallis.ch\/#\/schema\/logo\/image\/","url":"https:\/\/ferienchalet-wallis.ch\/wp-content\/uploads\/2022\/01\/Logo_Kranzfelder.png","contentUrl":"https:\/\/ferienchalet-wallis.ch\/wp-content\/uploads\/2022\/01\/Logo_Kranzfelder.png","width":1526,"height":447,"caption":"Liegenschaftsbetreuung \/ Vermietung \u2013 M. Kranzfelder"},"image":{"@id":"https:\/\/ferienchalet-wallis.ch\/#\/schema\/logo\/image\/"}},{"@type":"Person","@id":"https:\/\/ferienchalet-wallis.ch\/#\/schema\/person\/18b3f062b0514bc953799175b9bfdd2b","name":"WalliSaar","image":{"@type":"ImageObject","inLanguage":"de","@id":"https:\/\/secure.gravatar.com\/avatar\/1be7f9468eac0e02f655be9ab758a01ae5dc72d678841cc4898d463993c78d36?s=96&d=initials&r=g&initials=ru","url":"https:\/\/secure.gravatar.com\/avatar\/1be7f9468eac0e02f655be9ab758a01ae5dc72d678841cc4898d463993c78d36?s=96&d=initials&r=g&initials=ru","contentUrl":"https:\/\/secure.gravatar.com\/avatar\/1be7f9468eac0e02f655be9ab758a01ae5dc72d678841cc4898d463993c78d36?s=96&d=initials&r=g&initials=ru","caption":"WalliSaar"},"description":"Mein Name ist Anja Ruch und ich schreibe die Blogbeitr\u00e4ge f\u00fcr das Ehepaar Markus &amp; Tabitha Kranzfelder. Der Name WalliSaar gr\u00fcndet sich auf meinen Wurzeln im Saarland und den neuen im Wallis. My name is Anja Ruch and I write the blog entries for the Markus &amp; Tabitha Kranzfelder couple. The name WalliSaar shows the connection to my old roots in Saarland and the new ones in Valais.","sameAs":["https:\/\/www.ferienchalet-wallis.ch\/blog"],"url":"https:\/\/ferienchalet-wallis.ch\/de\/author\/wallisaar\/"}]}},"_links":{"self":[{"href":"https:\/\/ferienchalet-wallis.ch\/de\/wp-json\/wp\/v2\/posts\/1727","targetHints":{"allow":["GET"]}}],"collection":[{"href":"https:\/\/ferienchalet-wallis.ch\/de\/wp-json\/wp\/v2\/posts"}],"about":[{"href":"https:\/\/ferienchalet-wallis.ch\/de\/wp-json\/wp\/v2\/types\/post"}],"author":[{"embeddable":true,"href":"https:\/\/ferienchalet-wallis.ch\/de\/wp-json\/wp\/v2\/users\/3"}],"replies":[{"embeddable":true,"href":"https:\/\/ferienchalet-wallis.ch\/de\/wp-json\/wp\/v2\/comments?post=1727"}],"version-history":[{"count":4,"href":"https:\/\/ferienchalet-wallis.ch\/de\/wp-json\/wp\/v2\/posts\/1727\/revisions"}],"predecessor-version":[{"id":1732,"href":"https:\/\/ferienchalet-wallis.ch\/de\/wp-json\/wp\/v2\/posts\/1727\/revisions\/1732"}],"wp:featuredmedia":[{"embeddable":true,"href":"https:\/\/ferienchalet-wallis.ch\/de\/wp-json\/wp\/v2\/media\/117"}],"wp:attachment":[{"href":"https:\/\/ferienchalet-wallis.ch\/de\/wp-json\/wp\/v2\/media?parent=1727"}],"wp:term":[{"taxonomy":"category","embeddable":true,"href":"https:\/\/ferienchalet-wallis.ch\/de\/wp-json\/wp\/v2\/categories?post=1727"},{"taxonomy":"post_tag","embeddable":true,"href":"https:\/\/ferienchalet-wallis.ch\/de\/wp-json\/wp\/v2\/tags?post=1727"}],"curies":[{"name":"wp","href":"https:\/\/api.w.org\/{rel}","templated":true}]}}