{"id":1814,"date":"2023-12-05T09:15:54","date_gmt":"2023-12-05T09:15:54","guid":{"rendered":"https:\/\/ferienchalet-wallis.ch\/?p=1814"},"modified":"2023-12-05T10:14:52","modified_gmt":"2023-12-05T10:14:52","slug":"schneeschuhtour-betten-dorf-in-richtung-domo-bettmeralp","status":"publish","type":"post","link":"https:\/\/ferienchalet-wallis.ch\/de\/schneeschuhtour-betten-dorf-in-richtung-domo-bettmeralp\/","title":{"rendered":"Schneeschuhtour Betten Dorf in Richtung Domo &#8211; Bettmeralp"},"content":{"rendered":"\n<style type=\"text\/css\" data-created_by=\"avia_inline_auto\" id=\"style-css-av-lps45qu9-1d9e6f8ff844a32c2d6a8634ca0761bd\">\n#top .av-special-heading.av-lps45qu9-1d9e6f8ff844a32c2d6a8634ca0761bd{\npadding-bottom:10px;\n}\nbody .av-special-heading.av-lps45qu9-1d9e6f8ff844a32c2d6a8634ca0761bd .av-special-heading-tag .heading-char{\nfont-size:25px;\n}\n.av-special-heading.av-lps45qu9-1d9e6f8ff844a32c2d6a8634ca0761bd .av-subheading{\nfont-size:15px;\n}\n<\/style>\n<div  class='av-special-heading av-lps45qu9-1d9e6f8ff844a32c2d6a8634ca0761bd av-special-heading-h2  avia-builder-el-0  el_before_av_textblock  avia-builder-el-first '><h2 class='av-special-heading-tag'  itemprop=\"headline\"  >Schneeschuhtour Winterwanderweg 201<\/h2><div class=\"special-heading-border\"><div class=\"special-heading-inner-border\"><\/div><\/div><\/div>\n<section  class='av_textblock_section av-lps4gls8-f6c8813dd62b0e9bd64afc8e5c620e72'  itemscope=\"itemscope\" itemtype=\"https:\/\/schema.org\/BlogPosting\" itemprop=\"blogPost\" ><div class='avia_textblock'  itemprop=\"text\" ><p>Ja, heuer hat\u2019s mal wieder Schnee. Der ist pulvrig momentan. Und mit Sonne macht das sehr viel Freude. Darum haben wie den letzten Sonntag wie so viele andere Schweizer in der Natur verbracht und f\u00fcr eine Schneeschuhtour genutzt. Und sind dabei mit sehr vielen Sujets reichlich belohnt worden.<\/p>\n<h3>Winterwanderweg 201<\/h3>\n<p>Gestartet sind wir in Betten Dorf auf dem Parkplatz. Dort befindet sich die Zwischenstation der Gondelbahn Betten \u2013 Bettmeralp. Schaut man sich den Pistenplan der Aletsch Arena an, ist das der Winterwanderweg 201 Bettmeralp \u2013 Domo \u2013 Egga \u2013 Betten Dorf. Von der Bettmeralp bis zur Gondelstation Betten Dorf ist er gut zu bew\u00e4ltigen, es geht schliesslich nur bergab. Anschliessend steigt man wieder in die Gondelbahn Richtung Bettmeralp. Wir sind einen Teil dieser Strecke in umgekehrter Richtung gelaufen.<\/p>\n<h3>Die Ruhe im Schnee geniessen<\/h3>\n<p>Ich pers\u00f6nlich empfehle diese Strecke jetzt sofort zu laufen, weil sie n\u00e4mlich noch nicht pr\u00e4pariert ist. Und wo noch keiner war, l\u00e4uft es sich ruhiger. Denn bereits gespurt oder pr\u00e4pariert, macht man mit Schneeschuhen nach eisiger Nacht bekanntlich mehr L\u00e4rm. Stattdessen m\u00f6chte man doch die Ruhe auskosten, denn der Gang durch frisch gefallenen Schnee h\u00f6rt man kaum. H\u00f6ren Sie auch die Stille? Stille h\u00f6ren ist so eine einfache M\u00f6glichkeit zur Entschleunigung.<\/p>\n<h3>Als Schlittelstrecke nutzen<\/h3>\n<p>Dieser Weg eignet sich bei einem ordentlichen Winter auch sehr gut zum Schlitteln. Weil er so sch\u00f6n lang ist. Und weil er so eine sch\u00f6ne Aussicht bietet. Und weil er so sch\u00f6ne Sujets zum Fotografieren hat. Merken Sie es? Ich bin von dieser Strecke begeistert. So eine richtige Wohf\u00fchl-Ecke! Gl\u00fcck im Winterwunderland.<\/p>\n<p><em>Gspirsch im Schnee de wohlig Friede, rings um dich die tiefi R\u00fceh?<\/em><\/p>\n<\/div><\/section>\n<div class='flex_column av-zgtwm-5a5a4cce6bde32c39e13cf587e23dade av_one_half  avia-builder-el-2  el_after_av_textblock  avia-builder-el-last  first flex_column_div column-top-margin'   ><p><div  class='av-post-metadata-container av-8716ie-f902e7440638e3ba06116233cfaa965d av-metadata-container-align-left  avia-builder-el-3  el_before_av_social_share  avia-builder-el-first  av-metadata-container-1'><div class='av-post-metadata-container-inner'><span class=\"av-post-metadata-content av-post-metadata-meta-content\"><span class=\"av-post-metadata-content av-post-metadata-author\"  itemprop=\"author\" ><span class=\"av-metadata-before av-metadata-before-author\">von<\/span><span class=\"av-post-metadata-author-link\" ><a href=\"https:\/\/ferienchalet-wallis.ch\/de\/author\/wallisaar\/\"  rel=\"author\">WalliSaar<\/a><\/span><\/span><span class=\"av-post-metadata-content av-post-metadata-separator\">\/<\/span><span class=\"av-post-metadata-content av-post-metadata-published\"><span class=\"av-post-metadata-published-date\" >Dezember 5, 2023<\/span><\/span><\/span><\/div><\/div><br \/>\n<div  class='av-social-sharing-box av-30qfly-678d39c295f7cc9be31abeea8ff8028b av-social-sharing-box-circle  avia-builder-el-4  el_after_av_post_metadata  avia-builder-el-last  av-social-sharing-box-color-bg av-social-sharing-box-same-width'><div class=\"av-share-box\"><h5 class='av-share-link-description av-no-toc '>Eintrag teilen<\/h5><ul class=\"av-share-box-list noLightbox\"><li class='av-share-link av-social-link-whatsapp' ><a target=\"_blank\" aria-label=\"Teilen auf WhatsApp\" href='https:\/\/api.whatsapp.com\/send?text=https:\/\/ferienchalet-wallis.ch\/de\/schneeschuhtour-betten-dorf-in-richtung-domo-bettmeralp\/' aria-hidden='false' data-av_icon='\uf232' data-av_iconfont='entypo-fontello' title='' data-avia-related-tooltip='Teilen auf WhatsApp' rel=\"noopener\"><span class='avia_hidden_link_text'>Teilen auf WhatsApp<\/span><\/a><\/li><\/ul><\/div><\/div><\/p><\/div>\n","protected":false},"excerpt":{"rendered":"","protected":false},"author":3,"featured_media":1815,"comment_status":"closed","ping_status":"closed","sticky":false,"template":"","format":"standard","meta":{"footnotes":""},"categories":[8,23,22,18],"tags":[],"class_list":["post-1814","post","type-post","status-publish","format-standard","has-post-thumbnail","hentry","category-bettmeralp","category-schlitteln","category-schneeschuhtouren","category-wintersport"],"yoast_head":"<!-- This site is optimized with the Yoast SEO plugin v27.4 - https:\/\/yoast.com\/product\/yoast-seo-wordpress\/ -->\n<title>Schneeschuhtour Betten Dorf in Richtung Domo - Bettmeralp - Bettmeralp und Riederalp<\/title>\n<meta name=\"description\" content=\"Der Winterwanderweg 201 der Aletsch Arena bietet wundersch\u00f6ne Ausblicke und super Sujets zum Fotografieren.\" \/>\n<meta name=\"robots\" content=\"index, follow, max-snippet:-1, max-image-preview:large, max-video-preview:-1\" \/>\n<link rel=\"canonical\" href=\"https:\/\/ferienchalet-wallis.ch\/de\/schneeschuhtour-betten-dorf-in-richtung-domo-bettmeralp\/\" \/>\n<meta property=\"og:locale\" content=\"de_DE\" \/>\n<meta property=\"og:type\" content=\"article\" \/>\n<meta property=\"og:title\" content=\"Schneeschuhtour Betten Dorf in Richtung Domo - Bettmeralp - Bettmeralp und Riederalp\" \/>\n<meta property=\"og:description\" content=\"Der Winterwanderweg 201 der Aletsch Arena bietet wundersch\u00f6ne Ausblicke und super Sujets zum Fotografieren.\" \/>\n<meta property=\"og:url\" content=\"https:\/\/ferienchalet-wallis.ch\/de\/schneeschuhtour-betten-dorf-in-richtung-domo-bettmeralp\/\" \/>\n<meta property=\"og:site_name\" content=\"Bettmeralp und Riederalp\" \/>\n<meta property=\"article:published_time\" content=\"2023-12-05T09:15:54+00:00\" \/>\n<meta property=\"article:modified_time\" content=\"2023-12-05T10:14:52+00:00\" \/>\n<meta property=\"og:image\" content=\"https:\/\/ferienchalet-wallis.ch\/wp-content\/uploads\/2023\/12\/Winterwanderweg_Betten-Dorf_Bettmeralp.jpg\" \/>\n\t<meta property=\"og:image:width\" content=\"1024\" \/>\n\t<meta property=\"og:image:height\" content=\"768\" \/>\n\t<meta property=\"og:image:type\" content=\"image\/jpeg\" \/>\n<meta name=\"author\" content=\"WalliSaar\" \/>\n<meta name=\"twitter:card\" content=\"summary_large_image\" \/>\n<meta name=\"twitter:label1\" content=\"Verfasst von\" \/>\n\t<meta name=\"twitter:data1\" content=\"WalliSaar\" \/>\n\t<meta name=\"twitter:label2\" content=\"Gesch\u00e4tzte Lesezeit\" \/>\n\t<meta name=\"twitter:data2\" content=\"3\u00a0Minuten\" \/>\n<script type=\"application\/ld+json\" class=\"yoast-schema-graph\">{\"@context\":\"https:\\\/\\\/schema.org\",\"@graph\":[{\"@type\":\"Article\",\"@id\":\"https:\\\/\\\/ferienchalet-wallis.ch\\\/de\\\/schneeschuhtour-betten-dorf-in-richtung-domo-bettmeralp\\\/#article\",\"isPartOf\":{\"@id\":\"https:\\\/\\\/ferienchalet-wallis.ch\\\/de\\\/schneeschuhtour-betten-dorf-in-richtung-domo-bettmeralp\\\/\"},\"author\":{\"name\":\"WalliSaar\",\"@id\":\"https:\\\/\\\/ferienchalet-wallis.ch\\\/#\\\/schema\\\/person\\\/18b3f062b0514bc953799175b9bfdd2b\"},\"headline\":\"Schneeschuhtour Betten Dorf in Richtung Domo &#8211; Bettmeralp\",\"datePublished\":\"2023-12-05T09:15:54+00:00\",\"dateModified\":\"2023-12-05T10:14:52+00:00\",\"mainEntityOfPage\":{\"@id\":\"https:\\\/\\\/ferienchalet-wallis.ch\\\/de\\\/schneeschuhtour-betten-dorf-in-richtung-domo-bettmeralp\\\/\"},\"wordCount\":752,\"publisher\":{\"@id\":\"https:\\\/\\\/ferienchalet-wallis.ch\\\/#organization\"},\"image\":{\"@id\":\"https:\\\/\\\/ferienchalet-wallis.ch\\\/de\\\/schneeschuhtour-betten-dorf-in-richtung-domo-bettmeralp\\\/#primaryimage\"},\"thumbnailUrl\":\"https:\\\/\\\/ferienchalet-wallis.ch\\\/wp-content\\\/uploads\\\/2023\\\/12\\\/Winterwanderweg_Betten-Dorf_Bettmeralp.jpg\",\"articleSection\":[\"Bettmeralp\",\"Schlitteln\",\"Schneeschuhtouren\",\"Wintersport\"],\"inLanguage\":\"de\"},{\"@type\":\"WebPage\",\"@id\":\"https:\\\/\\\/ferienchalet-wallis.ch\\\/de\\\/schneeschuhtour-betten-dorf-in-richtung-domo-bettmeralp\\\/\",\"url\":\"https:\\\/\\\/ferienchalet-wallis.ch\\\/de\\\/schneeschuhtour-betten-dorf-in-richtung-domo-bettmeralp\\\/\",\"name\":\"Schneeschuhtour Betten Dorf in Richtung Domo - Bettmeralp - Bettmeralp und Riederalp\",\"isPartOf\":{\"@id\":\"https:\\\/\\\/ferienchalet-wallis.ch\\\/#website\"},\"primaryImageOfPage\":{\"@id\":\"https:\\\/\\\/ferienchalet-wallis.ch\\\/de\\\/schneeschuhtour-betten-dorf-in-richtung-domo-bettmeralp\\\/#primaryimage\"},\"image\":{\"@id\":\"https:\\\/\\\/ferienchalet-wallis.ch\\\/de\\\/schneeschuhtour-betten-dorf-in-richtung-domo-bettmeralp\\\/#primaryimage\"},\"thumbnailUrl\":\"https:\\\/\\\/ferienchalet-wallis.ch\\\/wp-content\\\/uploads\\\/2023\\\/12\\\/Winterwanderweg_Betten-Dorf_Bettmeralp.jpg\",\"datePublished\":\"2023-12-05T09:15:54+00:00\",\"dateModified\":\"2023-12-05T10:14:52+00:00\",\"description\":\"Der Winterwanderweg 201 der Aletsch Arena bietet wundersch\u00f6ne Ausblicke und super Sujets zum Fotografieren.\",\"breadcrumb\":{\"@id\":\"https:\\\/\\\/ferienchalet-wallis.ch\\\/de\\\/schneeschuhtour-betten-dorf-in-richtung-domo-bettmeralp\\\/#breadcrumb\"},\"inLanguage\":\"de\",\"potentialAction\":[{\"@type\":\"ReadAction\",\"target\":[\"https:\\\/\\\/ferienchalet-wallis.ch\\\/de\\\/schneeschuhtour-betten-dorf-in-richtung-domo-bettmeralp\\\/\"]}]},{\"@type\":\"ImageObject\",\"inLanguage\":\"de\",\"@id\":\"https:\\\/\\\/ferienchalet-wallis.ch\\\/de\\\/schneeschuhtour-betten-dorf-in-richtung-domo-bettmeralp\\\/#primaryimage\",\"url\":\"https:\\\/\\\/ferienchalet-wallis.ch\\\/wp-content\\\/uploads\\\/2023\\\/12\\\/Winterwanderweg_Betten-Dorf_Bettmeralp.jpg\",\"contentUrl\":\"https:\\\/\\\/ferienchalet-wallis.ch\\\/wp-content\\\/uploads\\\/2023\\\/12\\\/Winterwanderweg_Betten-Dorf_Bettmeralp.jpg\",\"width\":1024,\"height\":768},{\"@type\":\"BreadcrumbList\",\"@id\":\"https:\\\/\\\/ferienchalet-wallis.ch\\\/de\\\/schneeschuhtour-betten-dorf-in-richtung-domo-bettmeralp\\\/#breadcrumb\",\"itemListElement\":[{\"@type\":\"ListItem\",\"position\":1,\"name\":\"Home\",\"item\":\"https:\\\/\\\/ferienchalet-wallis.ch\\\/\"},{\"@type\":\"ListItem\",\"position\":2,\"name\":\"Schneeschuhtour Betten Dorf in Richtung Domo &#8211; Bettmeralp\"}]},{\"@type\":\"WebSite\",\"@id\":\"https:\\\/\\\/ferienchalet-wallis.ch\\\/#website\",\"url\":\"https:\\\/\\\/ferienchalet-wallis.ch\\\/\",\"name\":\"Bettmeralp und Riederalp\",\"description\":\"Kranzfelder Markus\",\"publisher\":{\"@id\":\"https:\\\/\\\/ferienchalet-wallis.ch\\\/#organization\"},\"potentialAction\":[{\"@type\":\"SearchAction\",\"target\":{\"@type\":\"EntryPoint\",\"urlTemplate\":\"https:\\\/\\\/ferienchalet-wallis.ch\\\/?s={search_term_string}\"},\"query-input\":{\"@type\":\"PropertyValueSpecification\",\"valueRequired\":true,\"valueName\":\"search_term_string\"}}],\"inLanguage\":\"de\"},{\"@type\":\"Organization\",\"@id\":\"https:\\\/\\\/ferienchalet-wallis.ch\\\/#organization\",\"name\":\"Liegenschaftsbetreuung \\\/ Vermietung \u2013 M. Kranzfelder\",\"url\":\"https:\\\/\\\/ferienchalet-wallis.ch\\\/\",\"logo\":{\"@type\":\"ImageObject\",\"inLanguage\":\"de\",\"@id\":\"https:\\\/\\\/ferienchalet-wallis.ch\\\/#\\\/schema\\\/logo\\\/image\\\/\",\"url\":\"https:\\\/\\\/ferienchalet-wallis.ch\\\/wp-content\\\/uploads\\\/2022\\\/01\\\/Logo_Kranzfelder.png\",\"contentUrl\":\"https:\\\/\\\/ferienchalet-wallis.ch\\\/wp-content\\\/uploads\\\/2022\\\/01\\\/Logo_Kranzfelder.png\",\"width\":1526,\"height\":447,\"caption\":\"Liegenschaftsbetreuung \\\/ Vermietung \u2013 M. Kranzfelder\"},\"image\":{\"@id\":\"https:\\\/\\\/ferienchalet-wallis.ch\\\/#\\\/schema\\\/logo\\\/image\\\/\"}},{\"@type\":\"Person\",\"@id\":\"https:\\\/\\\/ferienchalet-wallis.ch\\\/#\\\/schema\\\/person\\\/18b3f062b0514bc953799175b9bfdd2b\",\"name\":\"WalliSaar\",\"image\":{\"@type\":\"ImageObject\",\"inLanguage\":\"de\",\"@id\":\"https:\\\/\\\/secure.gravatar.com\\\/avatar\\\/1be7f9468eac0e02f655be9ab758a01ae5dc72d678841cc4898d463993c78d36?s=96&d=initials&r=g&initials=ru\",\"url\":\"https:\\\/\\\/secure.gravatar.com\\\/avatar\\\/1be7f9468eac0e02f655be9ab758a01ae5dc72d678841cc4898d463993c78d36?s=96&d=initials&r=g&initials=ru\",\"contentUrl\":\"https:\\\/\\\/secure.gravatar.com\\\/avatar\\\/1be7f9468eac0e02f655be9ab758a01ae5dc72d678841cc4898d463993c78d36?s=96&d=initials&r=g&initials=ru\",\"caption\":\"WalliSaar\"},\"description\":\"Mein Name ist Anja Ruch und ich schreibe die Blogbeitr\u00e4ge f\u00fcr das Ehepaar Markus &amp; Tabitha Kranzfelder. Der Name WalliSaar gr\u00fcndet sich auf meinen Wurzeln im Saarland und den neuen im Wallis. My name is Anja Ruch and I write the blog entries for the Markus &amp; Tabitha Kranzfelder couple. The name WalliSaar shows the connection to my old roots in Saarland and the new ones in Valais.\",\"sameAs\":[\"https:\\\/\\\/www.ferienchalet-wallis.ch\\\/blog\"],\"url\":\"https:\\\/\\\/ferienchalet-wallis.ch\\\/de\\\/author\\\/wallisaar\\\/\"}]}<\/script>\n<!-- \/ Yoast SEO plugin. -->","yoast_head_json":{"title":"Schneeschuhtour Betten Dorf in Richtung Domo - Bettmeralp - Bettmeralp und Riederalp","description":"Der Winterwanderweg 201 der Aletsch Arena bietet wundersch\u00f6ne Ausblicke und super Sujets zum Fotografieren.","robots":{"index":"index","follow":"follow","max-snippet":"max-snippet:-1","max-image-preview":"max-image-preview:large","max-video-preview":"max-video-preview:-1"},"canonical":"https:\/\/ferienchalet-wallis.ch\/de\/schneeschuhtour-betten-dorf-in-richtung-domo-bettmeralp\/","og_locale":"de_DE","og_type":"article","og_title":"Schneeschuhtour Betten Dorf in Richtung Domo - Bettmeralp - Bettmeralp und Riederalp","og_description":"Der Winterwanderweg 201 der Aletsch Arena bietet wundersch\u00f6ne Ausblicke und super Sujets zum Fotografieren.","og_url":"https:\/\/ferienchalet-wallis.ch\/de\/schneeschuhtour-betten-dorf-in-richtung-domo-bettmeralp\/","og_site_name":"Bettmeralp und Riederalp","article_published_time":"2023-12-05T09:15:54+00:00","article_modified_time":"2023-12-05T10:14:52+00:00","og_image":[{"width":1024,"height":768,"url":"https:\/\/ferienchalet-wallis.ch\/wp-content\/uploads\/2023\/12\/Winterwanderweg_Betten-Dorf_Bettmeralp.jpg","type":"image\/jpeg"}],"author":"WalliSaar","twitter_card":"summary_large_image","twitter_misc":{"Verfasst von":"WalliSaar","Gesch\u00e4tzte Lesezeit":"3\u00a0Minuten"},"schema":{"@context":"https:\/\/schema.org","@graph":[{"@type":"Article","@id":"https:\/\/ferienchalet-wallis.ch\/de\/schneeschuhtour-betten-dorf-in-richtung-domo-bettmeralp\/#article","isPartOf":{"@id":"https:\/\/ferienchalet-wallis.ch\/de\/schneeschuhtour-betten-dorf-in-richtung-domo-bettmeralp\/"},"author":{"name":"WalliSaar","@id":"https:\/\/ferienchalet-wallis.ch\/#\/schema\/person\/18b3f062b0514bc953799175b9bfdd2b"},"headline":"Schneeschuhtour Betten Dorf in Richtung Domo &#8211; Bettmeralp","datePublished":"2023-12-05T09:15:54+00:00","dateModified":"2023-12-05T10:14:52+00:00","mainEntityOfPage":{"@id":"https:\/\/ferienchalet-wallis.ch\/de\/schneeschuhtour-betten-dorf-in-richtung-domo-bettmeralp\/"},"wordCount":752,"publisher":{"@id":"https:\/\/ferienchalet-wallis.ch\/#organization"},"image":{"@id":"https:\/\/ferienchalet-wallis.ch\/de\/schneeschuhtour-betten-dorf-in-richtung-domo-bettmeralp\/#primaryimage"},"thumbnailUrl":"https:\/\/ferienchalet-wallis.ch\/wp-content\/uploads\/2023\/12\/Winterwanderweg_Betten-Dorf_Bettmeralp.jpg","articleSection":["Bettmeralp","Schlitteln","Schneeschuhtouren","Wintersport"],"inLanguage":"de"},{"@type":"WebPage","@id":"https:\/\/ferienchalet-wallis.ch\/de\/schneeschuhtour-betten-dorf-in-richtung-domo-bettmeralp\/","url":"https:\/\/ferienchalet-wallis.ch\/de\/schneeschuhtour-betten-dorf-in-richtung-domo-bettmeralp\/","name":"Schneeschuhtour Betten Dorf in Richtung Domo - Bettmeralp - Bettmeralp und Riederalp","isPartOf":{"@id":"https:\/\/ferienchalet-wallis.ch\/#website"},"primaryImageOfPage":{"@id":"https:\/\/ferienchalet-wallis.ch\/de\/schneeschuhtour-betten-dorf-in-richtung-domo-bettmeralp\/#primaryimage"},"image":{"@id":"https:\/\/ferienchalet-wallis.ch\/de\/schneeschuhtour-betten-dorf-in-richtung-domo-bettmeralp\/#primaryimage"},"thumbnailUrl":"https:\/\/ferienchalet-wallis.ch\/wp-content\/uploads\/2023\/12\/Winterwanderweg_Betten-Dorf_Bettmeralp.jpg","datePublished":"2023-12-05T09:15:54+00:00","dateModified":"2023-12-05T10:14:52+00:00","description":"Der Winterwanderweg 201 der Aletsch Arena bietet wundersch\u00f6ne Ausblicke und super Sujets zum Fotografieren.","breadcrumb":{"@id":"https:\/\/ferienchalet-wallis.ch\/de\/schneeschuhtour-betten-dorf-in-richtung-domo-bettmeralp\/#breadcrumb"},"inLanguage":"de","potentialAction":[{"@type":"ReadAction","target":["https:\/\/ferienchalet-wallis.ch\/de\/schneeschuhtour-betten-dorf-in-richtung-domo-bettmeralp\/"]}]},{"@type":"ImageObject","inLanguage":"de","@id":"https:\/\/ferienchalet-wallis.ch\/de\/schneeschuhtour-betten-dorf-in-richtung-domo-bettmeralp\/#primaryimage","url":"https:\/\/ferienchalet-wallis.ch\/wp-content\/uploads\/2023\/12\/Winterwanderweg_Betten-Dorf_Bettmeralp.jpg","contentUrl":"https:\/\/ferienchalet-wallis.ch\/wp-content\/uploads\/2023\/12\/Winterwanderweg_Betten-Dorf_Bettmeralp.jpg","width":1024,"height":768},{"@type":"BreadcrumbList","@id":"https:\/\/ferienchalet-wallis.ch\/de\/schneeschuhtour-betten-dorf-in-richtung-domo-bettmeralp\/#breadcrumb","itemListElement":[{"@type":"ListItem","position":1,"name":"Home","item":"https:\/\/ferienchalet-wallis.ch\/"},{"@type":"ListItem","position":2,"name":"Schneeschuhtour Betten Dorf in Richtung Domo &#8211; Bettmeralp"}]},{"@type":"WebSite","@id":"https:\/\/ferienchalet-wallis.ch\/#website","url":"https:\/\/ferienchalet-wallis.ch\/","name":"Bettmeralp und Riederalp","description":"Kranzfelder Markus","publisher":{"@id":"https:\/\/ferienchalet-wallis.ch\/#organization"},"potentialAction":[{"@type":"SearchAction","target":{"@type":"EntryPoint","urlTemplate":"https:\/\/ferienchalet-wallis.ch\/?s={search_term_string}"},"query-input":{"@type":"PropertyValueSpecification","valueRequired":true,"valueName":"search_term_string"}}],"inLanguage":"de"},{"@type":"Organization","@id":"https:\/\/ferienchalet-wallis.ch\/#organization","name":"Liegenschaftsbetreuung \/ Vermietung \u2013 M. Kranzfelder","url":"https:\/\/ferienchalet-wallis.ch\/","logo":{"@type":"ImageObject","inLanguage":"de","@id":"https:\/\/ferienchalet-wallis.ch\/#\/schema\/logo\/image\/","url":"https:\/\/ferienchalet-wallis.ch\/wp-content\/uploads\/2022\/01\/Logo_Kranzfelder.png","contentUrl":"https:\/\/ferienchalet-wallis.ch\/wp-content\/uploads\/2022\/01\/Logo_Kranzfelder.png","width":1526,"height":447,"caption":"Liegenschaftsbetreuung \/ Vermietung \u2013 M. Kranzfelder"},"image":{"@id":"https:\/\/ferienchalet-wallis.ch\/#\/schema\/logo\/image\/"}},{"@type":"Person","@id":"https:\/\/ferienchalet-wallis.ch\/#\/schema\/person\/18b3f062b0514bc953799175b9bfdd2b","name":"WalliSaar","image":{"@type":"ImageObject","inLanguage":"de","@id":"https:\/\/secure.gravatar.com\/avatar\/1be7f9468eac0e02f655be9ab758a01ae5dc72d678841cc4898d463993c78d36?s=96&d=initials&r=g&initials=ru","url":"https:\/\/secure.gravatar.com\/avatar\/1be7f9468eac0e02f655be9ab758a01ae5dc72d678841cc4898d463993c78d36?s=96&d=initials&r=g&initials=ru","contentUrl":"https:\/\/secure.gravatar.com\/avatar\/1be7f9468eac0e02f655be9ab758a01ae5dc72d678841cc4898d463993c78d36?s=96&d=initials&r=g&initials=ru","caption":"WalliSaar"},"description":"Mein Name ist Anja Ruch und ich schreibe die Blogbeitr\u00e4ge f\u00fcr das Ehepaar Markus &amp; Tabitha Kranzfelder. Der Name WalliSaar gr\u00fcndet sich auf meinen Wurzeln im Saarland und den neuen im Wallis. My name is Anja Ruch and I write the blog entries for the Markus &amp; Tabitha Kranzfelder couple. The name WalliSaar shows the connection to my old roots in Saarland and the new ones in Valais.","sameAs":["https:\/\/www.ferienchalet-wallis.ch\/blog"],"url":"https:\/\/ferienchalet-wallis.ch\/de\/author\/wallisaar\/"}]}},"_links":{"self":[{"href":"https:\/\/ferienchalet-wallis.ch\/de\/wp-json\/wp\/v2\/posts\/1814","targetHints":{"allow":["GET"]}}],"collection":[{"href":"https:\/\/ferienchalet-wallis.ch\/de\/wp-json\/wp\/v2\/posts"}],"about":[{"href":"https:\/\/ferienchalet-wallis.ch\/de\/wp-json\/wp\/v2\/types\/post"}],"author":[{"embeddable":true,"href":"https:\/\/ferienchalet-wallis.ch\/de\/wp-json\/wp\/v2\/users\/3"}],"replies":[{"embeddable":true,"href":"https:\/\/ferienchalet-wallis.ch\/de\/wp-json\/wp\/v2\/comments?post=1814"}],"version-history":[{"count":3,"href":"https:\/\/ferienchalet-wallis.ch\/de\/wp-json\/wp\/v2\/posts\/1814\/revisions"}],"predecessor-version":[{"id":1826,"href":"https:\/\/ferienchalet-wallis.ch\/de\/wp-json\/wp\/v2\/posts\/1814\/revisions\/1826"}],"wp:featuredmedia":[{"embeddable":true,"href":"https:\/\/ferienchalet-wallis.ch\/de\/wp-json\/wp\/v2\/media\/1815"}],"wp:attachment":[{"href":"https:\/\/ferienchalet-wallis.ch\/de\/wp-json\/wp\/v2\/media?parent=1814"}],"wp:term":[{"taxonomy":"category","embeddable":true,"href":"https:\/\/ferienchalet-wallis.ch\/de\/wp-json\/wp\/v2\/categories?post=1814"},{"taxonomy":"post_tag","embeddable":true,"href":"https:\/\/ferienchalet-wallis.ch\/de\/wp-json\/wp\/v2\/tags?post=1814"}],"curies":[{"name":"wp","href":"https:\/\/api.w.org\/{rel}","templated":true}]}}