{"id":1835,"date":"2023-12-19T09:37:44","date_gmt":"2023-12-19T09:37:44","guid":{"rendered":"https:\/\/ferienchalet-wallis.ch\/?p=1835"},"modified":"2023-12-19T09:39:21","modified_gmt":"2023-12-19T09:39:21","slug":"winterferien-in-den-skigebieten-am-aletschgletscher","status":"publish","type":"post","link":"https:\/\/ferienchalet-wallis.ch\/de\/winterferien-in-den-skigebieten-am-aletschgletscher\/","title":{"rendered":"Winterferien in den Skigebieten am Aletschgletscher"},"content":{"rendered":"\n<style type=\"text\/css\" data-created_by=\"avia_inline_auto\" id=\"style-css-av-lqc4pvxq-926d264f280eedf4a116157e7ad74a23\">\n#top .av-special-heading.av-lqc4pvxq-926d264f280eedf4a116157e7ad74a23{\npadding-bottom:10px;\n}\nbody .av-special-heading.av-lqc4pvxq-926d264f280eedf4a116157e7ad74a23 .av-special-heading-tag .heading-char{\nfont-size:25px;\n}\n.av-special-heading.av-lqc4pvxq-926d264f280eedf4a116157e7ad74a23 .av-subheading{\nfont-size:15px;\n}\n<\/style>\n<div  class='av-special-heading av-lqc4pvxq-926d264f280eedf4a116157e7ad74a23 av-special-heading-h2  avia-builder-el-0  el_before_av_textblock  avia-builder-el-first '><h2 class='av-special-heading-tag'  itemprop=\"headline\"  >Veranstaltungen f\u00fcr die Weihnachstferien<\/h2><div class=\"special-heading-border\"><div class=\"special-heading-inner-border\"><\/div><\/div><\/div>\n<section  class='av_textblock_section av-lqc4ynqr-73bd48e8e034b141137dba18fda67c38'  itemscope=\"itemscope\" itemtype=\"https:\/\/schema.org\/BlogPosting\" itemprop=\"blogPost\" ><div class='avia_textblock'  itemprop=\"text\" ><p>Alles in den Startl\u00f6chern? Schliesslich stehen die Weihnachtsferien kurz vor der T\u00fcr. Und diesmal muss man den Schnee auch nicht suchen gehen, sondern es gibt sch\u00f6n pr\u00e4parierte Pisten und das Urlaubsfeeling kann sich endlich mal wieder einstellen. Der letzte Winter ist vergessen. Jetzt gilt es, die Winterferien zu einem Erlebnis zu machen, von dem man wieder ein paar Monate zehren kann. Den Geist auff\u00fcllen mit sch\u00f6nen Erinnerungen. Zwei Veranstaltungen m\u00f6chte ich gerne vorschlagen. Beide finden Sie im <a href=\"https:\/\/www.aletscharena.ch\/weihnachten\" target=\"_blank\" rel=\"noopener\">Veranstaltungskalender der Aletsch Arena<\/a>.<\/p>\n<h3>Event f\u00fcr Kulturinteressierte<\/h3>\n<p>Los geht\u2019s schon am 27. Dezember mit einem Weihnachtskonzert auf der Bettmeralp. Das italienische Saxophonduo spielt klassische Werke von Bach bis Piazzolla. Auf ihrer Webseite <a href=\"https:\/\/www.saxofolliaproject.com\/\" target=\"_blank\" rel=\"noopener\">Saxofollia\u00a0<\/a>h\u00f6ren Sie Kostproben ihres K\u00f6nnens. Wenn sich Ihre Unterkunft auf der Riederalp befindet, gibt es einen verg\u00fcnstigten Shuttlebus mit der G\u00e4stekarte zur Bettmeralp, wo das Konzert stattfindet. Aber Sie wissen es bestimmt: ein gem\u00fctlicher Abendspaziergang \u00fcber die Aletschpromenade hat auch seinen Reiz.<\/p>\n<h3>Event f\u00fcr Sportfreaks<\/h3>\n<p>Am 04. Januar 2024 findet auf der Riederalp das Showspringen Big Airbag statt. Einfach mal vorbeischauen und dann selber ausprobieren. Informationen zum Big Airbag findet man <a href=\"https:\/\/www.aletscharena.ch\/planen-buchen\/angebote-erlebnisse\/angebot\/big-airbag\" target=\"_blank\" rel=\"noopener\">hier<\/a>. Der erste Sprung ist gratis.<\/p>\n<p>Nun bleibt mir nur noch zu sagen: Haben Sie eine sch\u00f6ne Zeit. Abschalten und eifach gniesse!<\/p>\n<p><em>Blase t\u00fcet en chalte Luft, frisch und gsund, d\u00e4 Winterduft<\/em><\/p>\n<\/div><\/section>\n<div class='flex_column av-8rx2ff-387abad5adb72f07abb9566b8923f28f av_one_half  avia-builder-el-2  el_after_av_textblock  avia-builder-el-last  first flex_column_div column-top-margin'   ><p><div  class='av-post-metadata-container av-7q3ed7-0f9496f66d407b9520b1f27d5dce2826 av-metadata-container-align-left  avia-builder-el-3  el_before_av_social_share  avia-builder-el-first  av-metadata-container-1'><div class='av-post-metadata-container-inner'><span class=\"av-post-metadata-content av-post-metadata-meta-content\"><span class=\"av-post-metadata-content av-post-metadata-author\"  itemprop=\"author\" ><span class=\"av-metadata-before av-metadata-before-author\">von<\/span><span class=\"av-post-metadata-author-link\" ><a href=\"https:\/\/ferienchalet-wallis.ch\/de\/author\/wallisaar\/\"  rel=\"author\">WalliSaar<\/a><\/span><\/span><span class=\"av-post-metadata-content av-post-metadata-separator\">\/<\/span><span class=\"av-post-metadata-content av-post-metadata-published\"><span class=\"av-post-metadata-published-date\" >Dezember 19, 2023<\/span><\/span><\/span><\/div><\/div><br \/>\n<div  class='av-social-sharing-box av-2yszmj-ad3950994dcea0a8e64be80c747d03a7 av-social-sharing-box-circle  avia-builder-el-4  el_after_av_post_metadata  avia-builder-el-last  av-social-sharing-box-color-bg av-social-sharing-box-same-width'><div class=\"av-share-box\"><h5 class='av-share-link-description av-no-toc '>Eintrag teilen<\/h5><ul class=\"av-share-box-list noLightbox\"><li class='av-share-link av-social-link-whatsapp' ><a target=\"_blank\" aria-label=\"Teilen auf WhatsApp\" href='https:\/\/api.whatsapp.com\/send?text=https:\/\/ferienchalet-wallis.ch\/de\/winterferien-in-den-skigebieten-am-aletschgletscher\/' aria-hidden='false' data-av_icon='\uf232' data-av_iconfont='entypo-fontello' title='' data-avia-related-tooltip='Teilen auf WhatsApp' rel=\"noopener\"><span class='avia_hidden_link_text'>Teilen auf WhatsApp<\/span><\/a><\/li><\/ul><\/div><\/div><\/p><\/div>\n","protected":false},"excerpt":{"rendered":"","protected":false},"author":3,"featured_media":1837,"comment_status":"closed","ping_status":"closed","sticky":false,"template":"","format":"standard","meta":{"footnotes":""},"categories":[6,8,7,20],"tags":[],"class_list":["post-1835","post","type-post","status-publish","format-standard","has-post-thumbnail","hentry","category-aletsch","category-bettmeralp","category-riederalp","category-veranstaltungen"],"yoast_head":"<!-- This site is optimized with the Yoast SEO plugin v27.4 - https:\/\/yoast.com\/product\/yoast-seo-wordpress\/ -->\n<title>Winterferien in den Skigebieten am Aletschgletscher - Bettmeralp und Riederalp<\/title>\n<meta name=\"description\" content=\"Jetzt ist Ferienzeit. In den Skigebieten am Aletschgletscher findet man Veranstaltungen f\u00fcr Kulturinteressierte und Sportfreaks.\" \/>\n<meta name=\"robots\" content=\"index, follow, max-snippet:-1, max-image-preview:large, max-video-preview:-1\" \/>\n<link rel=\"canonical\" href=\"https:\/\/ferienchalet-wallis.ch\/de\/winterferien-in-den-skigebieten-am-aletschgletscher\/\" \/>\n<meta property=\"og:locale\" content=\"de_DE\" \/>\n<meta property=\"og:type\" content=\"article\" \/>\n<meta property=\"og:title\" content=\"Winterferien in den Skigebieten am Aletschgletscher - Bettmeralp und Riederalp\" \/>\n<meta property=\"og:description\" content=\"Jetzt ist Ferienzeit. In den Skigebieten am Aletschgletscher findet man Veranstaltungen f\u00fcr Kulturinteressierte und Sportfreaks.\" \/>\n<meta property=\"og:url\" content=\"https:\/\/ferienchalet-wallis.ch\/de\/winterferien-in-den-skigebieten-am-aletschgletscher\/\" \/>\n<meta property=\"og:site_name\" content=\"Bettmeralp und Riederalp\" \/>\n<meta property=\"article:published_time\" content=\"2023-12-19T09:37:44+00:00\" \/>\n<meta property=\"article:modified_time\" content=\"2023-12-19T09:39:21+00:00\" \/>\n<meta property=\"og:image\" content=\"https:\/\/ferienchalet-wallis.ch\/wp-content\/uploads\/2023\/12\/Winterfeeling_Aletsch-Arena.jpg\" \/>\n\t<meta property=\"og:image:width\" content=\"1600\" \/>\n\t<meta property=\"og:image:height\" content=\"1068\" \/>\n\t<meta property=\"og:image:type\" content=\"image\/jpeg\" \/>\n<meta name=\"author\" content=\"WalliSaar\" \/>\n<meta name=\"twitter:card\" content=\"summary_large_image\" \/>\n<meta name=\"twitter:label1\" content=\"Verfasst von\" \/>\n\t<meta name=\"twitter:data1\" content=\"WalliSaar\" \/>\n\t<meta name=\"twitter:label2\" content=\"Gesch\u00e4tzte Lesezeit\" \/>\n\t<meta name=\"twitter:data2\" content=\"3\u00a0Minuten\" \/>\n<script type=\"application\/ld+json\" class=\"yoast-schema-graph\">{\"@context\":\"https:\\\/\\\/schema.org\",\"@graph\":[{\"@type\":\"Article\",\"@id\":\"https:\\\/\\\/ferienchalet-wallis.ch\\\/de\\\/winterferien-in-den-skigebieten-am-aletschgletscher\\\/#article\",\"isPartOf\":{\"@id\":\"https:\\\/\\\/ferienchalet-wallis.ch\\\/de\\\/winterferien-in-den-skigebieten-am-aletschgletscher\\\/\"},\"author\":{\"name\":\"WalliSaar\",\"@id\":\"https:\\\/\\\/ferienchalet-wallis.ch\\\/#\\\/schema\\\/person\\\/18b3f062b0514bc953799175b9bfdd2b\"},\"headline\":\"Winterferien in den Skigebieten am Aletschgletscher\",\"datePublished\":\"2023-12-19T09:37:44+00:00\",\"dateModified\":\"2023-12-19T09:39:21+00:00\",\"mainEntityOfPage\":{\"@id\":\"https:\\\/\\\/ferienchalet-wallis.ch\\\/de\\\/winterferien-in-den-skigebieten-am-aletschgletscher\\\/\"},\"wordCount\":698,\"publisher\":{\"@id\":\"https:\\\/\\\/ferienchalet-wallis.ch\\\/#organization\"},\"image\":{\"@id\":\"https:\\\/\\\/ferienchalet-wallis.ch\\\/de\\\/winterferien-in-den-skigebieten-am-aletschgletscher\\\/#primaryimage\"},\"thumbnailUrl\":\"https:\\\/\\\/ferienchalet-wallis.ch\\\/wp-content\\\/uploads\\\/2023\\\/12\\\/Winterfeeling_Aletsch-Arena.jpg\",\"articleSection\":[\"Aletsch\",\"Bettmeralp\",\"Riederalp\",\"Veranstaltungen\"],\"inLanguage\":\"de\"},{\"@type\":\"WebPage\",\"@id\":\"https:\\\/\\\/ferienchalet-wallis.ch\\\/de\\\/winterferien-in-den-skigebieten-am-aletschgletscher\\\/\",\"url\":\"https:\\\/\\\/ferienchalet-wallis.ch\\\/de\\\/winterferien-in-den-skigebieten-am-aletschgletscher\\\/\",\"name\":\"Winterferien in den Skigebieten am Aletschgletscher - Bettmeralp und Riederalp\",\"isPartOf\":{\"@id\":\"https:\\\/\\\/ferienchalet-wallis.ch\\\/#website\"},\"primaryImageOfPage\":{\"@id\":\"https:\\\/\\\/ferienchalet-wallis.ch\\\/de\\\/winterferien-in-den-skigebieten-am-aletschgletscher\\\/#primaryimage\"},\"image\":{\"@id\":\"https:\\\/\\\/ferienchalet-wallis.ch\\\/de\\\/winterferien-in-den-skigebieten-am-aletschgletscher\\\/#primaryimage\"},\"thumbnailUrl\":\"https:\\\/\\\/ferienchalet-wallis.ch\\\/wp-content\\\/uploads\\\/2023\\\/12\\\/Winterfeeling_Aletsch-Arena.jpg\",\"datePublished\":\"2023-12-19T09:37:44+00:00\",\"dateModified\":\"2023-12-19T09:39:21+00:00\",\"description\":\"Jetzt ist Ferienzeit. In den Skigebieten am Aletschgletscher findet man Veranstaltungen f\u00fcr Kulturinteressierte und Sportfreaks.\",\"breadcrumb\":{\"@id\":\"https:\\\/\\\/ferienchalet-wallis.ch\\\/de\\\/winterferien-in-den-skigebieten-am-aletschgletscher\\\/#breadcrumb\"},\"inLanguage\":\"de\",\"potentialAction\":[{\"@type\":\"ReadAction\",\"target\":[\"https:\\\/\\\/ferienchalet-wallis.ch\\\/de\\\/winterferien-in-den-skigebieten-am-aletschgletscher\\\/\"]}]},{\"@type\":\"ImageObject\",\"inLanguage\":\"de\",\"@id\":\"https:\\\/\\\/ferienchalet-wallis.ch\\\/de\\\/winterferien-in-den-skigebieten-am-aletschgletscher\\\/#primaryimage\",\"url\":\"https:\\\/\\\/ferienchalet-wallis.ch\\\/wp-content\\\/uploads\\\/2023\\\/12\\\/Winterfeeling_Aletsch-Arena.jpg\",\"contentUrl\":\"https:\\\/\\\/ferienchalet-wallis.ch\\\/wp-content\\\/uploads\\\/2023\\\/12\\\/Winterfeeling_Aletsch-Arena.jpg\",\"width\":1600,\"height\":1068,\"caption\":\"Aletscharena VS CH - Winterfeeling\"},{\"@type\":\"BreadcrumbList\",\"@id\":\"https:\\\/\\\/ferienchalet-wallis.ch\\\/de\\\/winterferien-in-den-skigebieten-am-aletschgletscher\\\/#breadcrumb\",\"itemListElement\":[{\"@type\":\"ListItem\",\"position\":1,\"name\":\"Home\",\"item\":\"https:\\\/\\\/ferienchalet-wallis.ch\\\/\"},{\"@type\":\"ListItem\",\"position\":2,\"name\":\"Winterferien in den Skigebieten am Aletschgletscher\"}]},{\"@type\":\"WebSite\",\"@id\":\"https:\\\/\\\/ferienchalet-wallis.ch\\\/#website\",\"url\":\"https:\\\/\\\/ferienchalet-wallis.ch\\\/\",\"name\":\"Bettmeralp und Riederalp\",\"description\":\"Kranzfelder Markus\",\"publisher\":{\"@id\":\"https:\\\/\\\/ferienchalet-wallis.ch\\\/#organization\"},\"potentialAction\":[{\"@type\":\"SearchAction\",\"target\":{\"@type\":\"EntryPoint\",\"urlTemplate\":\"https:\\\/\\\/ferienchalet-wallis.ch\\\/?s={search_term_string}\"},\"query-input\":{\"@type\":\"PropertyValueSpecification\",\"valueRequired\":true,\"valueName\":\"search_term_string\"}}],\"inLanguage\":\"de\"},{\"@type\":\"Organization\",\"@id\":\"https:\\\/\\\/ferienchalet-wallis.ch\\\/#organization\",\"name\":\"Liegenschaftsbetreuung \\\/ Vermietung \u2013 M. Kranzfelder\",\"url\":\"https:\\\/\\\/ferienchalet-wallis.ch\\\/\",\"logo\":{\"@type\":\"ImageObject\",\"inLanguage\":\"de\",\"@id\":\"https:\\\/\\\/ferienchalet-wallis.ch\\\/#\\\/schema\\\/logo\\\/image\\\/\",\"url\":\"https:\\\/\\\/ferienchalet-wallis.ch\\\/wp-content\\\/uploads\\\/2022\\\/01\\\/Logo_Kranzfelder.png\",\"contentUrl\":\"https:\\\/\\\/ferienchalet-wallis.ch\\\/wp-content\\\/uploads\\\/2022\\\/01\\\/Logo_Kranzfelder.png\",\"width\":1526,\"height\":447,\"caption\":\"Liegenschaftsbetreuung \\\/ Vermietung \u2013 M. Kranzfelder\"},\"image\":{\"@id\":\"https:\\\/\\\/ferienchalet-wallis.ch\\\/#\\\/schema\\\/logo\\\/image\\\/\"}},{\"@type\":\"Person\",\"@id\":\"https:\\\/\\\/ferienchalet-wallis.ch\\\/#\\\/schema\\\/person\\\/18b3f062b0514bc953799175b9bfdd2b\",\"name\":\"WalliSaar\",\"image\":{\"@type\":\"ImageObject\",\"inLanguage\":\"de\",\"@id\":\"https:\\\/\\\/secure.gravatar.com\\\/avatar\\\/1be7f9468eac0e02f655be9ab758a01ae5dc72d678841cc4898d463993c78d36?s=96&d=initials&r=g&initials=ru\",\"url\":\"https:\\\/\\\/secure.gravatar.com\\\/avatar\\\/1be7f9468eac0e02f655be9ab758a01ae5dc72d678841cc4898d463993c78d36?s=96&d=initials&r=g&initials=ru\",\"contentUrl\":\"https:\\\/\\\/secure.gravatar.com\\\/avatar\\\/1be7f9468eac0e02f655be9ab758a01ae5dc72d678841cc4898d463993c78d36?s=96&d=initials&r=g&initials=ru\",\"caption\":\"WalliSaar\"},\"description\":\"Mein Name ist Anja Ruch und ich schreibe die Blogbeitr\u00e4ge f\u00fcr das Ehepaar Markus &amp; Tabitha Kranzfelder. Der Name WalliSaar gr\u00fcndet sich auf meinen Wurzeln im Saarland und den neuen im Wallis. My name is Anja Ruch and I write the blog entries for the Markus &amp; Tabitha Kranzfelder couple. The name WalliSaar shows the connection to my old roots in Saarland and the new ones in Valais.\",\"sameAs\":[\"https:\\\/\\\/www.ferienchalet-wallis.ch\\\/blog\"],\"url\":\"https:\\\/\\\/ferienchalet-wallis.ch\\\/de\\\/author\\\/wallisaar\\\/\"}]}<\/script>\n<!-- \/ Yoast SEO plugin. -->","yoast_head_json":{"title":"Winterferien in den Skigebieten am Aletschgletscher - Bettmeralp und Riederalp","description":"Jetzt ist Ferienzeit. In den Skigebieten am Aletschgletscher findet man Veranstaltungen f\u00fcr Kulturinteressierte und Sportfreaks.","robots":{"index":"index","follow":"follow","max-snippet":"max-snippet:-1","max-image-preview":"max-image-preview:large","max-video-preview":"max-video-preview:-1"},"canonical":"https:\/\/ferienchalet-wallis.ch\/de\/winterferien-in-den-skigebieten-am-aletschgletscher\/","og_locale":"de_DE","og_type":"article","og_title":"Winterferien in den Skigebieten am Aletschgletscher - Bettmeralp und Riederalp","og_description":"Jetzt ist Ferienzeit. In den Skigebieten am Aletschgletscher findet man Veranstaltungen f\u00fcr Kulturinteressierte und Sportfreaks.","og_url":"https:\/\/ferienchalet-wallis.ch\/de\/winterferien-in-den-skigebieten-am-aletschgletscher\/","og_site_name":"Bettmeralp und Riederalp","article_published_time":"2023-12-19T09:37:44+00:00","article_modified_time":"2023-12-19T09:39:21+00:00","og_image":[{"width":1600,"height":1068,"url":"https:\/\/ferienchalet-wallis.ch\/wp-content\/uploads\/2023\/12\/Winterfeeling_Aletsch-Arena.jpg","type":"image\/jpeg"}],"author":"WalliSaar","twitter_card":"summary_large_image","twitter_misc":{"Verfasst von":"WalliSaar","Gesch\u00e4tzte Lesezeit":"3\u00a0Minuten"},"schema":{"@context":"https:\/\/schema.org","@graph":[{"@type":"Article","@id":"https:\/\/ferienchalet-wallis.ch\/de\/winterferien-in-den-skigebieten-am-aletschgletscher\/#article","isPartOf":{"@id":"https:\/\/ferienchalet-wallis.ch\/de\/winterferien-in-den-skigebieten-am-aletschgletscher\/"},"author":{"name":"WalliSaar","@id":"https:\/\/ferienchalet-wallis.ch\/#\/schema\/person\/18b3f062b0514bc953799175b9bfdd2b"},"headline":"Winterferien in den Skigebieten am Aletschgletscher","datePublished":"2023-12-19T09:37:44+00:00","dateModified":"2023-12-19T09:39:21+00:00","mainEntityOfPage":{"@id":"https:\/\/ferienchalet-wallis.ch\/de\/winterferien-in-den-skigebieten-am-aletschgletscher\/"},"wordCount":698,"publisher":{"@id":"https:\/\/ferienchalet-wallis.ch\/#organization"},"image":{"@id":"https:\/\/ferienchalet-wallis.ch\/de\/winterferien-in-den-skigebieten-am-aletschgletscher\/#primaryimage"},"thumbnailUrl":"https:\/\/ferienchalet-wallis.ch\/wp-content\/uploads\/2023\/12\/Winterfeeling_Aletsch-Arena.jpg","articleSection":["Aletsch","Bettmeralp","Riederalp","Veranstaltungen"],"inLanguage":"de"},{"@type":"WebPage","@id":"https:\/\/ferienchalet-wallis.ch\/de\/winterferien-in-den-skigebieten-am-aletschgletscher\/","url":"https:\/\/ferienchalet-wallis.ch\/de\/winterferien-in-den-skigebieten-am-aletschgletscher\/","name":"Winterferien in den Skigebieten am Aletschgletscher - Bettmeralp und Riederalp","isPartOf":{"@id":"https:\/\/ferienchalet-wallis.ch\/#website"},"primaryImageOfPage":{"@id":"https:\/\/ferienchalet-wallis.ch\/de\/winterferien-in-den-skigebieten-am-aletschgletscher\/#primaryimage"},"image":{"@id":"https:\/\/ferienchalet-wallis.ch\/de\/winterferien-in-den-skigebieten-am-aletschgletscher\/#primaryimage"},"thumbnailUrl":"https:\/\/ferienchalet-wallis.ch\/wp-content\/uploads\/2023\/12\/Winterfeeling_Aletsch-Arena.jpg","datePublished":"2023-12-19T09:37:44+00:00","dateModified":"2023-12-19T09:39:21+00:00","description":"Jetzt ist Ferienzeit. In den Skigebieten am Aletschgletscher findet man Veranstaltungen f\u00fcr Kulturinteressierte und Sportfreaks.","breadcrumb":{"@id":"https:\/\/ferienchalet-wallis.ch\/de\/winterferien-in-den-skigebieten-am-aletschgletscher\/#breadcrumb"},"inLanguage":"de","potentialAction":[{"@type":"ReadAction","target":["https:\/\/ferienchalet-wallis.ch\/de\/winterferien-in-den-skigebieten-am-aletschgletscher\/"]}]},{"@type":"ImageObject","inLanguage":"de","@id":"https:\/\/ferienchalet-wallis.ch\/de\/winterferien-in-den-skigebieten-am-aletschgletscher\/#primaryimage","url":"https:\/\/ferienchalet-wallis.ch\/wp-content\/uploads\/2023\/12\/Winterfeeling_Aletsch-Arena.jpg","contentUrl":"https:\/\/ferienchalet-wallis.ch\/wp-content\/uploads\/2023\/12\/Winterfeeling_Aletsch-Arena.jpg","width":1600,"height":1068,"caption":"Aletscharena VS CH - Winterfeeling"},{"@type":"BreadcrumbList","@id":"https:\/\/ferienchalet-wallis.ch\/de\/winterferien-in-den-skigebieten-am-aletschgletscher\/#breadcrumb","itemListElement":[{"@type":"ListItem","position":1,"name":"Home","item":"https:\/\/ferienchalet-wallis.ch\/"},{"@type":"ListItem","position":2,"name":"Winterferien in den Skigebieten am Aletschgletscher"}]},{"@type":"WebSite","@id":"https:\/\/ferienchalet-wallis.ch\/#website","url":"https:\/\/ferienchalet-wallis.ch\/","name":"Bettmeralp und Riederalp","description":"Kranzfelder Markus","publisher":{"@id":"https:\/\/ferienchalet-wallis.ch\/#organization"},"potentialAction":[{"@type":"SearchAction","target":{"@type":"EntryPoint","urlTemplate":"https:\/\/ferienchalet-wallis.ch\/?s={search_term_string}"},"query-input":{"@type":"PropertyValueSpecification","valueRequired":true,"valueName":"search_term_string"}}],"inLanguage":"de"},{"@type":"Organization","@id":"https:\/\/ferienchalet-wallis.ch\/#organization","name":"Liegenschaftsbetreuung \/ Vermietung \u2013 M. Kranzfelder","url":"https:\/\/ferienchalet-wallis.ch\/","logo":{"@type":"ImageObject","inLanguage":"de","@id":"https:\/\/ferienchalet-wallis.ch\/#\/schema\/logo\/image\/","url":"https:\/\/ferienchalet-wallis.ch\/wp-content\/uploads\/2022\/01\/Logo_Kranzfelder.png","contentUrl":"https:\/\/ferienchalet-wallis.ch\/wp-content\/uploads\/2022\/01\/Logo_Kranzfelder.png","width":1526,"height":447,"caption":"Liegenschaftsbetreuung \/ Vermietung \u2013 M. Kranzfelder"},"image":{"@id":"https:\/\/ferienchalet-wallis.ch\/#\/schema\/logo\/image\/"}},{"@type":"Person","@id":"https:\/\/ferienchalet-wallis.ch\/#\/schema\/person\/18b3f062b0514bc953799175b9bfdd2b","name":"WalliSaar","image":{"@type":"ImageObject","inLanguage":"de","@id":"https:\/\/secure.gravatar.com\/avatar\/1be7f9468eac0e02f655be9ab758a01ae5dc72d678841cc4898d463993c78d36?s=96&d=initials&r=g&initials=ru","url":"https:\/\/secure.gravatar.com\/avatar\/1be7f9468eac0e02f655be9ab758a01ae5dc72d678841cc4898d463993c78d36?s=96&d=initials&r=g&initials=ru","contentUrl":"https:\/\/secure.gravatar.com\/avatar\/1be7f9468eac0e02f655be9ab758a01ae5dc72d678841cc4898d463993c78d36?s=96&d=initials&r=g&initials=ru","caption":"WalliSaar"},"description":"Mein Name ist Anja Ruch und ich schreibe die Blogbeitr\u00e4ge f\u00fcr das Ehepaar Markus &amp; Tabitha Kranzfelder. Der Name WalliSaar gr\u00fcndet sich auf meinen Wurzeln im Saarland und den neuen im Wallis. My name is Anja Ruch and I write the blog entries for the Markus &amp; Tabitha Kranzfelder couple. The name WalliSaar shows the connection to my old roots in Saarland and the new ones in Valais.","sameAs":["https:\/\/www.ferienchalet-wallis.ch\/blog"],"url":"https:\/\/ferienchalet-wallis.ch\/de\/author\/wallisaar\/"}]}},"_links":{"self":[{"href":"https:\/\/ferienchalet-wallis.ch\/de\/wp-json\/wp\/v2\/posts\/1835","targetHints":{"allow":["GET"]}}],"collection":[{"href":"https:\/\/ferienchalet-wallis.ch\/de\/wp-json\/wp\/v2\/posts"}],"about":[{"href":"https:\/\/ferienchalet-wallis.ch\/de\/wp-json\/wp\/v2\/types\/post"}],"author":[{"embeddable":true,"href":"https:\/\/ferienchalet-wallis.ch\/de\/wp-json\/wp\/v2\/users\/3"}],"replies":[{"embeddable":true,"href":"https:\/\/ferienchalet-wallis.ch\/de\/wp-json\/wp\/v2\/comments?post=1835"}],"version-history":[{"count":2,"href":"https:\/\/ferienchalet-wallis.ch\/de\/wp-json\/wp\/v2\/posts\/1835\/revisions"}],"predecessor-version":[{"id":1839,"href":"https:\/\/ferienchalet-wallis.ch\/de\/wp-json\/wp\/v2\/posts\/1835\/revisions\/1839"}],"wp:featuredmedia":[{"embeddable":true,"href":"https:\/\/ferienchalet-wallis.ch\/de\/wp-json\/wp\/v2\/media\/1837"}],"wp:attachment":[{"href":"https:\/\/ferienchalet-wallis.ch\/de\/wp-json\/wp\/v2\/media?parent=1835"}],"wp:term":[{"taxonomy":"category","embeddable":true,"href":"https:\/\/ferienchalet-wallis.ch\/de\/wp-json\/wp\/v2\/categories?post=1835"},{"taxonomy":"post_tag","embeddable":true,"href":"https:\/\/ferienchalet-wallis.ch\/de\/wp-json\/wp\/v2\/tags?post=1835"}],"curies":[{"name":"wp","href":"https:\/\/api.w.org\/{rel}","templated":true}]}}