{"id":1843,"date":"2024-01-09T09:19:10","date_gmt":"2024-01-09T09:19:10","guid":{"rendered":"https:\/\/ferienchalet-wallis.ch\/?p=1843"},"modified":"2024-10-08T12:31:27","modified_gmt":"2024-10-08T12:31:27","slug":"winterwanderung-erlebnispfad-gratweg","status":"publish","type":"post","link":"https:\/\/ferienchalet-wallis.ch\/de\/winterwanderung-erlebnispfad-gratweg\/","title":{"rendered":"Winterwanderung Erlebnispfad Gratweg"},"content":{"rendered":"\n<style type=\"text\/css\" data-created_by=\"avia_inline_auto\" id=\"style-css-av-lr645s0j-9ffb75f195d9ec9af2313cf70aaaae91\">\n#top .av-special-heading.av-lr645s0j-9ffb75f195d9ec9af2313cf70aaaae91{\npadding-bottom:10px;\n}\nbody .av-special-heading.av-lr645s0j-9ffb75f195d9ec9af2313cf70aaaae91 .av-special-heading-tag .heading-char{\nfont-size:25px;\n}\n.av-special-heading.av-lr645s0j-9ffb75f195d9ec9af2313cf70aaaae91 .av-subheading{\nfont-size:15px;\n}\n<\/style>\n<div  class='av-special-heading av-lr645s0j-9ffb75f195d9ec9af2313cf70aaaae91 av-special-heading-h2  avia-builder-el-0  el_before_av_textblock  avia-builder-el-first '><h2 class='av-special-heading-tag'  itemprop=\"headline\"  >Gratwanderung Moosfluh &#8211; Riederfurka<\/h2><div class=\"special-heading-border\"><div class=\"special-heading-inner-border\"><\/div><\/div><\/div>\n<section  class='av_textblock_section av-lr64msdq-f69d32c5882e42b5f8f978f0d0caa50a'  itemscope=\"itemscope\" itemtype=\"https:\/\/schema.org\/BlogPosting\" itemprop=\"blogPost\" ><div class='avia_textblock'  itemprop=\"text\" ><p>Es gibt Tage im Winter, die sind so wolkenfrei, dass man sie mit viel Aussicht geniessen sollte. Vor allem, wenn man im Wallis Ferien macht. Und wie schon mehrmals in meinen Beitr\u00e4gen erw\u00e4hnt, ist die Sicht von der Aletsch Arena auf die vielen 4000er Berge ph\u00e4nomenal. Deswegen sollten Sie einen Tag Winterwandern in der H\u00f6he einplanen.<\/p>\n<h3>Erlebnispfad Gratweg Nr. 101<\/h3>\n<p>Der Gratweg beginnt an der Bergstation Moosfluh und dauert 1-2 Stunden. Ein g\u00fcnstiger Startbeginn ist zum Beispiel bei der Bergstation Riederalp. Nehmen Sie den Weg durchs Dorf bis zur Talstation Moosfluh. Wenn Sie dann die Gondelfahrt hinter sich gelassen haben, laufen Sie zuallererst zum Aussichtspunkt, um den imposanten Aletschgletscher zu besichtigen. Und dann geht\u2019s auch schon los.<\/p>\n<p>Linkerhand der Piste an der Bergstation Moosfluh beginnt der Winterwanderweg und ist ab diesem Zeitpunkt ausgeschildert. Der Winterwanderweg wechselt unterwegs an einer \u00fcbersichtlichen Stelle \u00fcber die Skipiste auf die andere Seite. Stetig geht es Auf und Ab Richtung Riederfurka. Wenn Sie beim Abw\u00e4rtslaufen bef\u00fcrchten zu rutschen, sollten Sie Spikes f\u00fcr Ihre Schuhe benutzen. Selbst ein Schlitten f\u00fcr die Kleinen, macht an manchen Wegabschnitten Sinn.<\/p>\n<h3>Alternative Wege mit Startpunkt auf der Bettmeralp<\/h3>\n<p>Wenn Sie auf der Bettmeralp \u00fcbernachten, gibt es mehrere Alternativen. Entweder wandern Sie \u00fcber die Aletschpromenade Richtung Riederalp zur besagten Talstation. Das wird Ihren Ausflug wohl um gut eine halbe Stunde verl\u00e4ngern. Oder Sie nehmen den Sessellift Blausee, steigen an der Mittelstation aus und laufen zum Winterwanderweg Nr. 104, um dann auf den Gratweg zu stossen. Leider habe ich f\u00fcr diese Wahl keine Information \u00fcber Wegl\u00e4nge und \u2013dauer.<\/p>\n<h3>Restaurant Riederfurka mit Aussicht auf die Villa Cassel<\/h3>\n<p>Der Weg endet unterhalb der Villa Cassel, die im Winter geschlossen ist. Ein St\u00fcck weiter finden Sie das Restaurant Riederfurka. Von dort geht der Weg abw\u00e4rts zur\u00fcck zur Bergstation Riederalp. Die Pause im <a href=\"https:\/\/www.aletscharena.ch\/aletsch-arena\/essen-trinken\/gastro\/restaurant-riederfurka\" target=\"_blank\" rel=\"noopener\">Restaurant Riederfurka<\/a> mit Blick auf die Villa Cassel wird Ihnen gut tun. Bei Sonnenschein auf der Terrasse sitzen, etwas zu Mittag essen oder wie ich es bevorzuge: Eine sch\u00f6ne Tasse Cappuccino mit einem St\u00fcck Kuchen, Sonne im Gesicht und Seele baumeln lassen.<\/p>\n<p><em>Drum m\u00fcesch dini Seel en biz la bamblu la, dier eppis gunnu und Freid am L\u00e4be ha.<\/em><\/p>\n<\/div><\/section>\n<div class='flex_column av-949dsz-a7efefd4380fe45a43f2ede9ca6b3b03 av_one_half  avia-builder-el-2  el_after_av_textblock  avia-builder-el-last  first flex_column_div column-top-margin'   ><p><div  class='av-post-metadata-container av-71lu9f-dfae6961f7963e16560a12309fec94b4 av-metadata-container-align-left  avia-builder-el-3  el_before_av_social_share  avia-builder-el-first  av-metadata-container-1'><div class='av-post-metadata-container-inner'><span class=\"av-post-metadata-content av-post-metadata-meta-content\"><span class=\"av-post-metadata-content av-post-metadata-author\"  itemprop=\"author\" ><span class=\"av-metadata-before av-metadata-before-author\">von<\/span><span class=\"av-post-metadata-author-link\" ><a href=\"https:\/\/ferienchalet-wallis.ch\/de\/author\/wallisaar\/\"  rel=\"author\">WalliSaar<\/a><\/span><\/span><span class=\"av-post-metadata-content av-post-metadata-separator\">\/<\/span><span class=\"av-post-metadata-content av-post-metadata-published\"><span class=\"av-post-metadata-published-date\" >Januar 9, 2024<\/span><\/span><\/span><\/div><\/div><br \/>\n<div  class='av-social-sharing-box av-23kdir-5ab7e974324b50108117e3b3d8fca16d av-social-sharing-box-circle  avia-builder-el-4  el_after_av_post_metadata  avia-builder-el-last  av-social-sharing-box-color-bg av-social-sharing-box-same-width'><div class=\"av-share-box\"><h5 class='av-share-link-description av-no-toc '>Eintrag teilen<\/h5><ul class=\"av-share-box-list noLightbox\"><li class='av-share-link av-social-link-whatsapp' ><a target=\"_blank\" aria-label=\"Teilen auf WhatsApp\" href='https:\/\/api.whatsapp.com\/send?text=https:\/\/ferienchalet-wallis.ch\/de\/winterwanderung-erlebnispfad-gratweg\/' aria-hidden='false' data-av_icon='\uf232' data-av_iconfont='entypo-fontello' title='' data-avia-related-tooltip='Teilen auf WhatsApp' rel=\"noopener\"><span class='avia_hidden_link_text'>Teilen auf WhatsApp<\/span><\/a><\/li><\/ul><\/div><\/div><\/p><\/div>\n","protected":false},"excerpt":{"rendered":"","protected":false},"author":3,"featured_media":1844,"comment_status":"closed","ping_status":"closed","sticky":false,"template":"","format":"standard","meta":{"footnotes":""},"categories":[7,12,18],"tags":[],"class_list":["post-1843","post","type-post","status-publish","format-standard","has-post-thumbnail","hentry","category-riederalp","category-wandern","category-wintersport"],"yoast_head":"<!-- This site is optimized with the Yoast SEO plugin v27.4 - https:\/\/yoast.com\/product\/yoast-seo-wordpress\/ -->\n<title>Winterwanderung Erlebnispfad Gratweg - Bettmeralp und Riederalp<\/title>\n<meta name=\"description\" content=\"Der Erlebnispfad Gratweg Nr. 101 beginnt an der Bergstation Moosfluh und endet auf der Riederfurka. Dauer 1-2 Stunden.\" \/>\n<meta name=\"robots\" content=\"index, follow, max-snippet:-1, max-image-preview:large, max-video-preview:-1\" \/>\n<link rel=\"canonical\" href=\"https:\/\/ferienchalet-wallis.ch\/de\/winterwanderung-erlebnispfad-gratweg\/\" \/>\n<meta property=\"og:locale\" content=\"de_DE\" \/>\n<meta property=\"og:type\" content=\"article\" \/>\n<meta property=\"og:title\" content=\"Winterwanderung Erlebnispfad Gratweg - Bettmeralp und Riederalp\" \/>\n<meta property=\"og:description\" content=\"Der Erlebnispfad Gratweg Nr. 101 beginnt an der Bergstation Moosfluh und endet auf der Riederfurka. Dauer 1-2 Stunden.\" \/>\n<meta property=\"og:url\" content=\"https:\/\/ferienchalet-wallis.ch\/de\/winterwanderung-erlebnispfad-gratweg\/\" \/>\n<meta property=\"og:site_name\" content=\"Bettmeralp und Riederalp\" \/>\n<meta property=\"article:published_time\" content=\"2024-01-09T09:19:10+00:00\" \/>\n<meta property=\"article:modified_time\" content=\"2024-10-08T12:31:27+00:00\" \/>\n<meta property=\"og:image\" content=\"https:\/\/ferienchalet-wallis.ch\/wp-content\/uploads\/2024\/01\/Gratwanderung_Moosfluh_Riederalp_.jpg\" \/>\n\t<meta property=\"og:image:width\" content=\"1280\" \/>\n\t<meta property=\"og:image:height\" content=\"960\" \/>\n\t<meta property=\"og:image:type\" content=\"image\/jpeg\" \/>\n<meta name=\"author\" content=\"WalliSaar\" \/>\n<meta name=\"twitter:card\" content=\"summary_large_image\" \/>\n<meta name=\"twitter:label1\" content=\"Verfasst von\" \/>\n\t<meta name=\"twitter:data1\" content=\"WalliSaar\" \/>\n\t<meta name=\"twitter:label2\" content=\"Gesch\u00e4tzte Lesezeit\" \/>\n\t<meta name=\"twitter:data2\" content=\"4\u00a0Minuten\" \/>\n<script type=\"application\/ld+json\" class=\"yoast-schema-graph\">{\"@context\":\"https:\\\/\\\/schema.org\",\"@graph\":[{\"@type\":\"Article\",\"@id\":\"https:\\\/\\\/ferienchalet-wallis.ch\\\/winterwanderung-erlebnispfad-gratweg\\\/#article\",\"isPartOf\":{\"@id\":\"https:\\\/\\\/ferienchalet-wallis.ch\\\/winterwanderung-erlebnispfad-gratweg\\\/\"},\"author\":{\"name\":\"WalliSaar\",\"@id\":\"https:\\\/\\\/ferienchalet-wallis.ch\\\/#\\\/schema\\\/person\\\/18b3f062b0514bc953799175b9bfdd2b\"},\"headline\":\"Winterwanderung Erlebnispfad Gratweg\",\"datePublished\":\"2024-01-09T09:19:10+00:00\",\"dateModified\":\"2024-10-08T12:31:27+00:00\",\"mainEntityOfPage\":{\"@id\":\"https:\\\/\\\/ferienchalet-wallis.ch\\\/winterwanderung-erlebnispfad-gratweg\\\/\"},\"wordCount\":842,\"publisher\":{\"@id\":\"https:\\\/\\\/ferienchalet-wallis.ch\\\/#organization\"},\"image\":{\"@id\":\"https:\\\/\\\/ferienchalet-wallis.ch\\\/winterwanderung-erlebnispfad-gratweg\\\/#primaryimage\"},\"thumbnailUrl\":\"https:\\\/\\\/ferienchalet-wallis.ch\\\/wp-content\\\/uploads\\\/2024\\\/01\\\/Gratwanderung_Moosfluh_Riederalp_.jpg\",\"articleSection\":[\"Riederalp\",\"Wandern\",\"Wintersport\"],\"inLanguage\":\"de\"},{\"@type\":\"WebPage\",\"@id\":\"https:\\\/\\\/ferienchalet-wallis.ch\\\/winterwanderung-erlebnispfad-gratweg\\\/\",\"url\":\"https:\\\/\\\/ferienchalet-wallis.ch\\\/winterwanderung-erlebnispfad-gratweg\\\/\",\"name\":\"Winterwanderung Erlebnispfad Gratweg - Bettmeralp und Riederalp\",\"isPartOf\":{\"@id\":\"https:\\\/\\\/ferienchalet-wallis.ch\\\/#website\"},\"primaryImageOfPage\":{\"@id\":\"https:\\\/\\\/ferienchalet-wallis.ch\\\/winterwanderung-erlebnispfad-gratweg\\\/#primaryimage\"},\"image\":{\"@id\":\"https:\\\/\\\/ferienchalet-wallis.ch\\\/winterwanderung-erlebnispfad-gratweg\\\/#primaryimage\"},\"thumbnailUrl\":\"https:\\\/\\\/ferienchalet-wallis.ch\\\/wp-content\\\/uploads\\\/2024\\\/01\\\/Gratwanderung_Moosfluh_Riederalp_.jpg\",\"datePublished\":\"2024-01-09T09:19:10+00:00\",\"dateModified\":\"2024-10-08T12:31:27+00:00\",\"description\":\"Der Erlebnispfad Gratweg Nr. 101 beginnt an der Bergstation Moosfluh und endet auf der Riederfurka. Dauer 1-2 Stunden.\",\"breadcrumb\":{\"@id\":\"https:\\\/\\\/ferienchalet-wallis.ch\\\/winterwanderung-erlebnispfad-gratweg\\\/#breadcrumb\"},\"inLanguage\":\"de\",\"potentialAction\":[{\"@type\":\"ReadAction\",\"target\":[\"https:\\\/\\\/ferienchalet-wallis.ch\\\/winterwanderung-erlebnispfad-gratweg\\\/\"]}]},{\"@type\":\"ImageObject\",\"inLanguage\":\"de\",\"@id\":\"https:\\\/\\\/ferienchalet-wallis.ch\\\/winterwanderung-erlebnispfad-gratweg\\\/#primaryimage\",\"url\":\"https:\\\/\\\/ferienchalet-wallis.ch\\\/wp-content\\\/uploads\\\/2024\\\/01\\\/Gratwanderung_Moosfluh_Riederalp_.jpg\",\"contentUrl\":\"https:\\\/\\\/ferienchalet-wallis.ch\\\/wp-content\\\/uploads\\\/2024\\\/01\\\/Gratwanderung_Moosfluh_Riederalp_.jpg\",\"width\":1280,\"height\":960},{\"@type\":\"BreadcrumbList\",\"@id\":\"https:\\\/\\\/ferienchalet-wallis.ch\\\/winterwanderung-erlebnispfad-gratweg\\\/#breadcrumb\",\"itemListElement\":[{\"@type\":\"ListItem\",\"position\":1,\"name\":\"Home\",\"item\":\"https:\\\/\\\/ferienchalet-wallis.ch\\\/\"},{\"@type\":\"ListItem\",\"position\":2,\"name\":\"Winterwanderung Erlebnispfad Gratweg\"}]},{\"@type\":\"WebSite\",\"@id\":\"https:\\\/\\\/ferienchalet-wallis.ch\\\/#website\",\"url\":\"https:\\\/\\\/ferienchalet-wallis.ch\\\/\",\"name\":\"Bettmeralp und Riederalp\",\"description\":\"Kranzfelder Markus\",\"publisher\":{\"@id\":\"https:\\\/\\\/ferienchalet-wallis.ch\\\/#organization\"},\"potentialAction\":[{\"@type\":\"SearchAction\",\"target\":{\"@type\":\"EntryPoint\",\"urlTemplate\":\"https:\\\/\\\/ferienchalet-wallis.ch\\\/?s={search_term_string}\"},\"query-input\":{\"@type\":\"PropertyValueSpecification\",\"valueRequired\":true,\"valueName\":\"search_term_string\"}}],\"inLanguage\":\"de\"},{\"@type\":\"Organization\",\"@id\":\"https:\\\/\\\/ferienchalet-wallis.ch\\\/#organization\",\"name\":\"Liegenschaftsbetreuung \\\/ Vermietung \u2013 M. Kranzfelder\",\"url\":\"https:\\\/\\\/ferienchalet-wallis.ch\\\/\",\"logo\":{\"@type\":\"ImageObject\",\"inLanguage\":\"de\",\"@id\":\"https:\\\/\\\/ferienchalet-wallis.ch\\\/#\\\/schema\\\/logo\\\/image\\\/\",\"url\":\"https:\\\/\\\/ferienchalet-wallis.ch\\\/wp-content\\\/uploads\\\/2022\\\/01\\\/Logo_Kranzfelder.png\",\"contentUrl\":\"https:\\\/\\\/ferienchalet-wallis.ch\\\/wp-content\\\/uploads\\\/2022\\\/01\\\/Logo_Kranzfelder.png\",\"width\":1526,\"height\":447,\"caption\":\"Liegenschaftsbetreuung \\\/ Vermietung \u2013 M. Kranzfelder\"},\"image\":{\"@id\":\"https:\\\/\\\/ferienchalet-wallis.ch\\\/#\\\/schema\\\/logo\\\/image\\\/\"}},{\"@type\":\"Person\",\"@id\":\"https:\\\/\\\/ferienchalet-wallis.ch\\\/#\\\/schema\\\/person\\\/18b3f062b0514bc953799175b9bfdd2b\",\"name\":\"WalliSaar\",\"image\":{\"@type\":\"ImageObject\",\"inLanguage\":\"de\",\"@id\":\"https:\\\/\\\/secure.gravatar.com\\\/avatar\\\/1be7f9468eac0e02f655be9ab758a01ae5dc72d678841cc4898d463993c78d36?s=96&d=initials&r=g&initials=ru\",\"url\":\"https:\\\/\\\/secure.gravatar.com\\\/avatar\\\/1be7f9468eac0e02f655be9ab758a01ae5dc72d678841cc4898d463993c78d36?s=96&d=initials&r=g&initials=ru\",\"contentUrl\":\"https:\\\/\\\/secure.gravatar.com\\\/avatar\\\/1be7f9468eac0e02f655be9ab758a01ae5dc72d678841cc4898d463993c78d36?s=96&d=initials&r=g&initials=ru\",\"caption\":\"WalliSaar\"},\"description\":\"Mein Name ist Anja Ruch und ich schreibe die Blogbeitr\u00e4ge f\u00fcr das Ehepaar Markus &amp; Tabitha Kranzfelder. Der Name WalliSaar gr\u00fcndet sich auf meinen Wurzeln im Saarland und den neuen im Wallis. My name is Anja Ruch and I write the blog entries for the Markus &amp; Tabitha Kranzfelder couple. The name WalliSaar shows the connection to my old roots in Saarland and the new ones in Valais.\",\"sameAs\":[\"https:\\\/\\\/www.ferienchalet-wallis.ch\\\/blog\"],\"url\":\"https:\\\/\\\/ferienchalet-wallis.ch\\\/de\\\/author\\\/wallisaar\\\/\"}]}<\/script>\n<!-- \/ Yoast SEO plugin. -->","yoast_head_json":{"title":"Winterwanderung Erlebnispfad Gratweg - Bettmeralp und Riederalp","description":"Der Erlebnispfad Gratweg Nr. 101 beginnt an der Bergstation Moosfluh und endet auf der Riederfurka. Dauer 1-2 Stunden.","robots":{"index":"index","follow":"follow","max-snippet":"max-snippet:-1","max-image-preview":"max-image-preview:large","max-video-preview":"max-video-preview:-1"},"canonical":"https:\/\/ferienchalet-wallis.ch\/de\/winterwanderung-erlebnispfad-gratweg\/","og_locale":"de_DE","og_type":"article","og_title":"Winterwanderung Erlebnispfad Gratweg - Bettmeralp und Riederalp","og_description":"Der Erlebnispfad Gratweg Nr. 101 beginnt an der Bergstation Moosfluh und endet auf der Riederfurka. Dauer 1-2 Stunden.","og_url":"https:\/\/ferienchalet-wallis.ch\/de\/winterwanderung-erlebnispfad-gratweg\/","og_site_name":"Bettmeralp und Riederalp","article_published_time":"2024-01-09T09:19:10+00:00","article_modified_time":"2024-10-08T12:31:27+00:00","og_image":[{"width":1280,"height":960,"url":"https:\/\/ferienchalet-wallis.ch\/wp-content\/uploads\/2024\/01\/Gratwanderung_Moosfluh_Riederalp_.jpg","type":"image\/jpeg"}],"author":"WalliSaar","twitter_card":"summary_large_image","twitter_misc":{"Verfasst von":"WalliSaar","Gesch\u00e4tzte Lesezeit":"4\u00a0Minuten"},"schema":{"@context":"https:\/\/schema.org","@graph":[{"@type":"Article","@id":"https:\/\/ferienchalet-wallis.ch\/winterwanderung-erlebnispfad-gratweg\/#article","isPartOf":{"@id":"https:\/\/ferienchalet-wallis.ch\/winterwanderung-erlebnispfad-gratweg\/"},"author":{"name":"WalliSaar","@id":"https:\/\/ferienchalet-wallis.ch\/#\/schema\/person\/18b3f062b0514bc953799175b9bfdd2b"},"headline":"Winterwanderung Erlebnispfad Gratweg","datePublished":"2024-01-09T09:19:10+00:00","dateModified":"2024-10-08T12:31:27+00:00","mainEntityOfPage":{"@id":"https:\/\/ferienchalet-wallis.ch\/winterwanderung-erlebnispfad-gratweg\/"},"wordCount":842,"publisher":{"@id":"https:\/\/ferienchalet-wallis.ch\/#organization"},"image":{"@id":"https:\/\/ferienchalet-wallis.ch\/winterwanderung-erlebnispfad-gratweg\/#primaryimage"},"thumbnailUrl":"https:\/\/ferienchalet-wallis.ch\/wp-content\/uploads\/2024\/01\/Gratwanderung_Moosfluh_Riederalp_.jpg","articleSection":["Riederalp","Wandern","Wintersport"],"inLanguage":"de"},{"@type":"WebPage","@id":"https:\/\/ferienchalet-wallis.ch\/winterwanderung-erlebnispfad-gratweg\/","url":"https:\/\/ferienchalet-wallis.ch\/winterwanderung-erlebnispfad-gratweg\/","name":"Winterwanderung Erlebnispfad Gratweg - Bettmeralp und Riederalp","isPartOf":{"@id":"https:\/\/ferienchalet-wallis.ch\/#website"},"primaryImageOfPage":{"@id":"https:\/\/ferienchalet-wallis.ch\/winterwanderung-erlebnispfad-gratweg\/#primaryimage"},"image":{"@id":"https:\/\/ferienchalet-wallis.ch\/winterwanderung-erlebnispfad-gratweg\/#primaryimage"},"thumbnailUrl":"https:\/\/ferienchalet-wallis.ch\/wp-content\/uploads\/2024\/01\/Gratwanderung_Moosfluh_Riederalp_.jpg","datePublished":"2024-01-09T09:19:10+00:00","dateModified":"2024-10-08T12:31:27+00:00","description":"Der Erlebnispfad Gratweg Nr. 101 beginnt an der Bergstation Moosfluh und endet auf der Riederfurka. Dauer 1-2 Stunden.","breadcrumb":{"@id":"https:\/\/ferienchalet-wallis.ch\/winterwanderung-erlebnispfad-gratweg\/#breadcrumb"},"inLanguage":"de","potentialAction":[{"@type":"ReadAction","target":["https:\/\/ferienchalet-wallis.ch\/winterwanderung-erlebnispfad-gratweg\/"]}]},{"@type":"ImageObject","inLanguage":"de","@id":"https:\/\/ferienchalet-wallis.ch\/winterwanderung-erlebnispfad-gratweg\/#primaryimage","url":"https:\/\/ferienchalet-wallis.ch\/wp-content\/uploads\/2024\/01\/Gratwanderung_Moosfluh_Riederalp_.jpg","contentUrl":"https:\/\/ferienchalet-wallis.ch\/wp-content\/uploads\/2024\/01\/Gratwanderung_Moosfluh_Riederalp_.jpg","width":1280,"height":960},{"@type":"BreadcrumbList","@id":"https:\/\/ferienchalet-wallis.ch\/winterwanderung-erlebnispfad-gratweg\/#breadcrumb","itemListElement":[{"@type":"ListItem","position":1,"name":"Home","item":"https:\/\/ferienchalet-wallis.ch\/"},{"@type":"ListItem","position":2,"name":"Winterwanderung Erlebnispfad Gratweg"}]},{"@type":"WebSite","@id":"https:\/\/ferienchalet-wallis.ch\/#website","url":"https:\/\/ferienchalet-wallis.ch\/","name":"Bettmeralp und Riederalp","description":"Kranzfelder Markus","publisher":{"@id":"https:\/\/ferienchalet-wallis.ch\/#organization"},"potentialAction":[{"@type":"SearchAction","target":{"@type":"EntryPoint","urlTemplate":"https:\/\/ferienchalet-wallis.ch\/?s={search_term_string}"},"query-input":{"@type":"PropertyValueSpecification","valueRequired":true,"valueName":"search_term_string"}}],"inLanguage":"de"},{"@type":"Organization","@id":"https:\/\/ferienchalet-wallis.ch\/#organization","name":"Liegenschaftsbetreuung \/ Vermietung \u2013 M. Kranzfelder","url":"https:\/\/ferienchalet-wallis.ch\/","logo":{"@type":"ImageObject","inLanguage":"de","@id":"https:\/\/ferienchalet-wallis.ch\/#\/schema\/logo\/image\/","url":"https:\/\/ferienchalet-wallis.ch\/wp-content\/uploads\/2022\/01\/Logo_Kranzfelder.png","contentUrl":"https:\/\/ferienchalet-wallis.ch\/wp-content\/uploads\/2022\/01\/Logo_Kranzfelder.png","width":1526,"height":447,"caption":"Liegenschaftsbetreuung \/ Vermietung \u2013 M. Kranzfelder"},"image":{"@id":"https:\/\/ferienchalet-wallis.ch\/#\/schema\/logo\/image\/"}},{"@type":"Person","@id":"https:\/\/ferienchalet-wallis.ch\/#\/schema\/person\/18b3f062b0514bc953799175b9bfdd2b","name":"WalliSaar","image":{"@type":"ImageObject","inLanguage":"de","@id":"https:\/\/secure.gravatar.com\/avatar\/1be7f9468eac0e02f655be9ab758a01ae5dc72d678841cc4898d463993c78d36?s=96&d=initials&r=g&initials=ru","url":"https:\/\/secure.gravatar.com\/avatar\/1be7f9468eac0e02f655be9ab758a01ae5dc72d678841cc4898d463993c78d36?s=96&d=initials&r=g&initials=ru","contentUrl":"https:\/\/secure.gravatar.com\/avatar\/1be7f9468eac0e02f655be9ab758a01ae5dc72d678841cc4898d463993c78d36?s=96&d=initials&r=g&initials=ru","caption":"WalliSaar"},"description":"Mein Name ist Anja Ruch und ich schreibe die Blogbeitr\u00e4ge f\u00fcr das Ehepaar Markus &amp; Tabitha Kranzfelder. Der Name WalliSaar gr\u00fcndet sich auf meinen Wurzeln im Saarland und den neuen im Wallis. My name is Anja Ruch and I write the blog entries for the Markus &amp; Tabitha Kranzfelder couple. The name WalliSaar shows the connection to my old roots in Saarland and the new ones in Valais.","sameAs":["https:\/\/www.ferienchalet-wallis.ch\/blog"],"url":"https:\/\/ferienchalet-wallis.ch\/de\/author\/wallisaar\/"}]}},"_links":{"self":[{"href":"https:\/\/ferienchalet-wallis.ch\/de\/wp-json\/wp\/v2\/posts\/1843","targetHints":{"allow":["GET"]}}],"collection":[{"href":"https:\/\/ferienchalet-wallis.ch\/de\/wp-json\/wp\/v2\/posts"}],"about":[{"href":"https:\/\/ferienchalet-wallis.ch\/de\/wp-json\/wp\/v2\/types\/post"}],"author":[{"embeddable":true,"href":"https:\/\/ferienchalet-wallis.ch\/de\/wp-json\/wp\/v2\/users\/3"}],"replies":[{"embeddable":true,"href":"https:\/\/ferienchalet-wallis.ch\/de\/wp-json\/wp\/v2\/comments?post=1843"}],"version-history":[{"count":9,"href":"https:\/\/ferienchalet-wallis.ch\/de\/wp-json\/wp\/v2\/posts\/1843\/revisions"}],"predecessor-version":[{"id":2156,"href":"https:\/\/ferienchalet-wallis.ch\/de\/wp-json\/wp\/v2\/posts\/1843\/revisions\/2156"}],"wp:featuredmedia":[{"embeddable":true,"href":"https:\/\/ferienchalet-wallis.ch\/de\/wp-json\/wp\/v2\/media\/1844"}],"wp:attachment":[{"href":"https:\/\/ferienchalet-wallis.ch\/de\/wp-json\/wp\/v2\/media?parent=1843"}],"wp:term":[{"taxonomy":"category","embeddable":true,"href":"https:\/\/ferienchalet-wallis.ch\/de\/wp-json\/wp\/v2\/categories?post=1843"},{"taxonomy":"post_tag","embeddable":true,"href":"https:\/\/ferienchalet-wallis.ch\/de\/wp-json\/wp\/v2\/tags?post=1843"}],"curies":[{"name":"wp","href":"https:\/\/api.w.org\/{rel}","templated":true}]}}