{"id":1862,"date":"2024-02-06T09:59:13","date_gmt":"2024-02-06T09:59:13","guid":{"rendered":"https:\/\/ferienchalet-wallis.ch\/?p=1862"},"modified":"2024-02-06T10:04:24","modified_gmt":"2024-02-06T10:04:24","slug":"gletschi-tour-fuer-kinder","status":"publish","type":"post","link":"https:\/\/ferienchalet-wallis.ch\/de\/gletschi-tour-fuer-kinder\/","title":{"rendered":"Gletschi-Tour f\u00fcr Kinder"},"content":{"rendered":"\n<style type=\"text\/css\" data-created_by=\"avia_inline_auto\" id=\"style-css-av-lsa68pox-71a30083425998ea5a3710279b9343a3\">\n#top .av-special-heading.av-lsa68pox-71a30083425998ea5a3710279b9343a3{\npadding-bottom:10px;\n}\nbody .av-special-heading.av-lsa68pox-71a30083425998ea5a3710279b9343a3 .av-special-heading-tag .heading-char{\nfont-size:25px;\n}\n.av-special-heading.av-lsa68pox-71a30083425998ea5a3710279b9343a3 .av-subheading{\nfont-size:15px;\n}\n<\/style>\n<div  class='av-special-heading av-lsa68pox-71a30083425998ea5a3710279b9343a3 av-special-heading-h2  avia-builder-el-0  el_before_av_textblock  avia-builder-el-first '><h2 class='av-special-heading-tag'  itemprop=\"headline\"  >Mit dem Gletschi quer durch die AletschArena<\/h2><div class=\"special-heading-border\"><div class=\"special-heading-inner-border\"><\/div><\/div><\/div>\n<section  class='av_textblock_section av-lsa6gokg-b65db2a1aeee0540a575f28cd7ee6e1e'  itemscope=\"itemscope\" itemtype=\"https:\/\/schema.org\/BlogPosting\" itemprop=\"blogPost\" ><div class='avia_textblock'  itemprop=\"text\" ><p>Das ist jetzt Winterspass f\u00fcr die ganze Familie. Und dem Gletschi nat\u00fcrlich. Denn schliesslich geht es auch um den kleinen Gletscherfloh. Der Gletschi h\u00e4lt sich n\u00e4mlich nur dort auf, wo er seinen Spass hat. Damit man ihn auch findet, gibt es spezielle Tafeln mit dem Gletschi drauf.<\/p>\n<h3>Gletschi-Tour<\/h3>\n<p>Wer die ganze Tour schaffen will, sollte sp\u00e4testens um 10 Uhr starten. Gestartet wird auf der Riederfurka. Die Tour f\u00fchrt durch das komplette Skigebiet der Aletsch Arena mit insgesamt 6 Gletschi-Stationen. An den Stationen k\u00f6nnen die Kinder ihre Gletschip\u00e4sse lochen. Alle Stationen abgefahren? Dann gibt es auch ein kleines Geschenk (erh\u00e4ltlich bis zum 6. April 2024) f\u00fcr so viel Ehrgeiz.<\/p>\n<h3>Kombinationen mit View-Points und Gletschi-Stationen<\/h3>\n<p>Wichtig ist: man muss die Tour nicht an einem Tag bew\u00e4ltigen. Dadurch hat man als Familie auch mal Zeit, an den verschiedenen View Points die Aussicht zu geniessen. View Points gibt es auf der Hohfluh, <a href=\"https:\/\/ferienchalet-wallis.ch\/view-point-moosfluh\/\">Moosfluh<\/a>, an den Bergstationen Bettmerhorn und Eggishorn. Und w\u00e4hrend also beispielsweise Ihre Teenager in den Funparks unterwegs sind, besuchen Sie mit den Kleinen die Gletschi-Stationen an den Talstationen Bettmerhorn und Wurzenbord. Oder Sie machen die Mittagspause an der B\u00e4ttmer-Hitta, wo sich eine weitere Gletschi-Station befindet. Alle Stationen werden hier nicht verraten, wo bleibt sonst der Spass?<\/p>\n<p>F\u00fcr die sportlichen Familienmitglieder l\u00e4sst sich die Gletschi-Tour gut mit der Gletscher-Panorama-Tour kombinieren. Zur Mittagspause findet sich sicher ein gemeinsamer Treffpunkt. Beide Tourenbeschriebe mit den entsprechenden Restaurants f\u00fcr die Mittagspause finden Sie <a href=\"https:\/\/www.aletscharena.ch\/aktivitaeten\/skifahren\/skirunden?utm_campaign=2023-24-Schnee&amp;utm_medium=email&amp;_hsmi=82121629&amp;_hsenc=p2ANqtz-_kYURPuzqG-eS89qGq9tvE-qkA9MWKwbTFdPGNo1ozPTbe55uMJSLOrhuGGd9vuUimnjUygxY8bWztziPXXBMwsgUhXg&amp;utm_content=82121629&amp;utm_source=hs_email#c44609\" target=\"_blank\" rel=\"noopener\">hier<\/a>.<\/p>\n<p>Der Gletschi hat \u00fcbrigens auch seine <a href=\"https:\/\/www.aletscharena.ch\/aletsch-arena\/familien\/gletschi\" target=\"_blank\" rel=\"noopener\">eigene Webseite<\/a>, damit man ihn besser kennenlernen kann. Und der Gletschi-Pass ist mit der G\u00e4stkarte gratis in den Infocentern der Aletsch Arena abholbar. Also, auf zu neuen Abenteuern mit dem Gletschi!<\/p>\n<p><em>Ich w\u00fcnsche di\u00e4r im Blick en St\u00e4re, so dass mu gseht, hesch z\u2019L\u00e4be g\u00e4re!<\/em><\/p>\n<\/div><\/section>\n<div class='flex_column av-9gwezq-eacb9bd752fde72c54e9da1391bc72b7 av_one_half  avia-builder-el-2  el_after_av_textblock  avia-builder-el-last  first flex_column_div column-top-margin'   ><p><div  class='av-post-metadata-container av-spznq-201f8bce1e9f9df4512192645e9c8266 av-metadata-container-align-left  avia-builder-el-3  el_before_av_social_share  avia-builder-el-first  av-metadata-container-1'><div class='av-post-metadata-container-inner'><span class=\"av-post-metadata-content av-post-metadata-meta-content\"><span class=\"av-post-metadata-content av-post-metadata-author\"  itemprop=\"author\" ><span class=\"av-metadata-before av-metadata-before-author\">von<\/span><span class=\"av-post-metadata-author-link\" ><a href=\"https:\/\/ferienchalet-wallis.ch\/de\/author\/wallisaar\/\"  rel=\"author\">WalliSaar<\/a><\/span><\/span><span class=\"av-post-metadata-content av-post-metadata-separator\">\/<\/span><span class=\"av-post-metadata-content av-post-metadata-published\"><span class=\"av-post-metadata-published-date\" >Februar 6, 2024<\/span><\/span><\/span><\/div><\/div><br \/>\n<div  class='av-social-sharing-box av-35d6qe-368a18be75d9b17576a70b426329f7bb av-social-sharing-box-circle  avia-builder-el-4  el_after_av_post_metadata  avia-builder-el-last  av-social-sharing-box-color-bg av-social-sharing-box-same-width'><div class=\"av-share-box\"><h5 class='av-share-link-description av-no-toc '>Eintrag teilen<\/h5><ul class=\"av-share-box-list noLightbox\"><li class='av-share-link av-social-link-whatsapp' ><a target=\"_blank\" aria-label=\"Teilen auf WhatsApp\" href='https:\/\/api.whatsapp.com\/send?text=https:\/\/ferienchalet-wallis.ch\/de\/gletschi-tour-fuer-kinder\/' aria-hidden='false' data-av_icon='\uf232' data-av_iconfont='entypo-fontello' title='' data-avia-related-tooltip='Teilen auf WhatsApp' rel=\"noopener\"><span class='avia_hidden_link_text'>Teilen auf WhatsApp<\/span><\/a><\/li><\/ul><\/div><\/div><\/p><\/div>\n","protected":false},"excerpt":{"rendered":"","protected":false},"author":3,"featured_media":1863,"comment_status":"closed","ping_status":"closed","sticky":false,"template":"","format":"standard","meta":{"footnotes":""},"categories":[6,17,18],"tags":[],"class_list":["post-1862","post","type-post","status-publish","format-standard","has-post-thumbnail","hentry","category-aletsch","category-kinder","category-wintersport"],"yoast_head":"<!-- This site is optimized with the Yoast SEO plugin v27.4 - https:\/\/yoast.com\/product\/yoast-seo-wordpress\/ -->\n<title>Gletschi-Tour f\u00fcr Kinder - Bettmeralp und Riederalp<\/title>\n<meta name=\"description\" content=\"Die Gletschi-Tour der Aletsch Arena bietet Unterhaltung und Skispass f\u00fcr Gross und Klein.\" \/>\n<meta name=\"robots\" content=\"index, follow, max-snippet:-1, max-image-preview:large, max-video-preview:-1\" \/>\n<link rel=\"canonical\" href=\"https:\/\/ferienchalet-wallis.ch\/de\/gletschi-tour-fuer-kinder\/\" \/>\n<meta property=\"og:locale\" content=\"de_DE\" \/>\n<meta property=\"og:type\" content=\"article\" \/>\n<meta property=\"og:title\" content=\"Gletschi-Tour f\u00fcr Kinder - Bettmeralp und Riederalp\" \/>\n<meta property=\"og:description\" content=\"Die Gletschi-Tour der Aletsch Arena bietet Unterhaltung und Skispass f\u00fcr Gross und Klein.\" \/>\n<meta property=\"og:url\" content=\"https:\/\/ferienchalet-wallis.ch\/de\/gletschi-tour-fuer-kinder\/\" \/>\n<meta property=\"og:site_name\" content=\"Bettmeralp und Riederalp\" \/>\n<meta property=\"article:published_time\" content=\"2024-02-06T09:59:13+00:00\" \/>\n<meta property=\"article:modified_time\" content=\"2024-02-06T10:04:24+00:00\" \/>\n<meta property=\"og:image\" content=\"https:\/\/ferienchalet-wallis.ch\/wp-content\/uploads\/2024\/02\/Gletschi-Tour.jpg\" \/>\n\t<meta property=\"og:image:width\" content=\"1280\" \/>\n\t<meta property=\"og:image:height\" content=\"853\" \/>\n\t<meta property=\"og:image:type\" content=\"image\/jpeg\" \/>\n<meta name=\"author\" content=\"WalliSaar\" \/>\n<meta name=\"twitter:card\" content=\"summary_large_image\" \/>\n<meta name=\"twitter:label1\" content=\"Verfasst von\" \/>\n\t<meta name=\"twitter:data1\" content=\"WalliSaar\" \/>\n\t<meta name=\"twitter:label2\" content=\"Gesch\u00e4tzte Lesezeit\" \/>\n\t<meta name=\"twitter:data2\" content=\"3\u00a0Minuten\" \/>\n<script type=\"application\/ld+json\" class=\"yoast-schema-graph\">{\"@context\":\"https:\\\/\\\/schema.org\",\"@graph\":[{\"@type\":\"Article\",\"@id\":\"https:\\\/\\\/ferienchalet-wallis.ch\\\/de\\\/gletschi-tour-fuer-kinder\\\/#article\",\"isPartOf\":{\"@id\":\"https:\\\/\\\/ferienchalet-wallis.ch\\\/de\\\/gletschi-tour-fuer-kinder\\\/\"},\"author\":{\"name\":\"WalliSaar\",\"@id\":\"https:\\\/\\\/ferienchalet-wallis.ch\\\/#\\\/schema\\\/person\\\/18b3f062b0514bc953799175b9bfdd2b\"},\"headline\":\"Gletschi-Tour f\u00fcr Kinder\",\"datePublished\":\"2024-02-06T09:59:13+00:00\",\"dateModified\":\"2024-02-06T10:04:24+00:00\",\"mainEntityOfPage\":{\"@id\":\"https:\\\/\\\/ferienchalet-wallis.ch\\\/de\\\/gletschi-tour-fuer-kinder\\\/\"},\"wordCount\":776,\"publisher\":{\"@id\":\"https:\\\/\\\/ferienchalet-wallis.ch\\\/#organization\"},\"image\":{\"@id\":\"https:\\\/\\\/ferienchalet-wallis.ch\\\/de\\\/gletschi-tour-fuer-kinder\\\/#primaryimage\"},\"thumbnailUrl\":\"https:\\\/\\\/ferienchalet-wallis.ch\\\/wp-content\\\/uploads\\\/2024\\\/02\\\/Gletschi-Tour.jpg\",\"articleSection\":[\"Aletsch\",\"Kinder\",\"Wintersport\"],\"inLanguage\":\"de\"},{\"@type\":\"WebPage\",\"@id\":\"https:\\\/\\\/ferienchalet-wallis.ch\\\/de\\\/gletschi-tour-fuer-kinder\\\/\",\"url\":\"https:\\\/\\\/ferienchalet-wallis.ch\\\/de\\\/gletschi-tour-fuer-kinder\\\/\",\"name\":\"Gletschi-Tour f\u00fcr Kinder - Bettmeralp und Riederalp\",\"isPartOf\":{\"@id\":\"https:\\\/\\\/ferienchalet-wallis.ch\\\/#website\"},\"primaryImageOfPage\":{\"@id\":\"https:\\\/\\\/ferienchalet-wallis.ch\\\/de\\\/gletschi-tour-fuer-kinder\\\/#primaryimage\"},\"image\":{\"@id\":\"https:\\\/\\\/ferienchalet-wallis.ch\\\/de\\\/gletschi-tour-fuer-kinder\\\/#primaryimage\"},\"thumbnailUrl\":\"https:\\\/\\\/ferienchalet-wallis.ch\\\/wp-content\\\/uploads\\\/2024\\\/02\\\/Gletschi-Tour.jpg\",\"datePublished\":\"2024-02-06T09:59:13+00:00\",\"dateModified\":\"2024-02-06T10:04:24+00:00\",\"description\":\"Die Gletschi-Tour der Aletsch Arena bietet Unterhaltung und Skispass f\u00fcr Gross und Klein.\",\"breadcrumb\":{\"@id\":\"https:\\\/\\\/ferienchalet-wallis.ch\\\/de\\\/gletschi-tour-fuer-kinder\\\/#breadcrumb\"},\"inLanguage\":\"de\",\"potentialAction\":[{\"@type\":\"ReadAction\",\"target\":[\"https:\\\/\\\/ferienchalet-wallis.ch\\\/de\\\/gletschi-tour-fuer-kinder\\\/\"]}]},{\"@type\":\"ImageObject\",\"inLanguage\":\"de\",\"@id\":\"https:\\\/\\\/ferienchalet-wallis.ch\\\/de\\\/gletschi-tour-fuer-kinder\\\/#primaryimage\",\"url\":\"https:\\\/\\\/ferienchalet-wallis.ch\\\/wp-content\\\/uploads\\\/2024\\\/02\\\/Gletschi-Tour.jpg\",\"contentUrl\":\"https:\\\/\\\/ferienchalet-wallis.ch\\\/wp-content\\\/uploads\\\/2024\\\/02\\\/Gletschi-Tour.jpg\",\"width\":1280,\"height\":853,\"caption\":\"Gletschi\"},{\"@type\":\"BreadcrumbList\",\"@id\":\"https:\\\/\\\/ferienchalet-wallis.ch\\\/de\\\/gletschi-tour-fuer-kinder\\\/#breadcrumb\",\"itemListElement\":[{\"@type\":\"ListItem\",\"position\":1,\"name\":\"Home\",\"item\":\"https:\\\/\\\/ferienchalet-wallis.ch\\\/\"},{\"@type\":\"ListItem\",\"position\":2,\"name\":\"Gletschi-Tour f\u00fcr Kinder\"}]},{\"@type\":\"WebSite\",\"@id\":\"https:\\\/\\\/ferienchalet-wallis.ch\\\/#website\",\"url\":\"https:\\\/\\\/ferienchalet-wallis.ch\\\/\",\"name\":\"Bettmeralp und Riederalp\",\"description\":\"Kranzfelder Markus\",\"publisher\":{\"@id\":\"https:\\\/\\\/ferienchalet-wallis.ch\\\/#organization\"},\"potentialAction\":[{\"@type\":\"SearchAction\",\"target\":{\"@type\":\"EntryPoint\",\"urlTemplate\":\"https:\\\/\\\/ferienchalet-wallis.ch\\\/?s={search_term_string}\"},\"query-input\":{\"@type\":\"PropertyValueSpecification\",\"valueRequired\":true,\"valueName\":\"search_term_string\"}}],\"inLanguage\":\"de\"},{\"@type\":\"Organization\",\"@id\":\"https:\\\/\\\/ferienchalet-wallis.ch\\\/#organization\",\"name\":\"Liegenschaftsbetreuung \\\/ Vermietung \u2013 M. Kranzfelder\",\"url\":\"https:\\\/\\\/ferienchalet-wallis.ch\\\/\",\"logo\":{\"@type\":\"ImageObject\",\"inLanguage\":\"de\",\"@id\":\"https:\\\/\\\/ferienchalet-wallis.ch\\\/#\\\/schema\\\/logo\\\/image\\\/\",\"url\":\"https:\\\/\\\/ferienchalet-wallis.ch\\\/wp-content\\\/uploads\\\/2022\\\/01\\\/Logo_Kranzfelder.png\",\"contentUrl\":\"https:\\\/\\\/ferienchalet-wallis.ch\\\/wp-content\\\/uploads\\\/2022\\\/01\\\/Logo_Kranzfelder.png\",\"width\":1526,\"height\":447,\"caption\":\"Liegenschaftsbetreuung \\\/ Vermietung \u2013 M. Kranzfelder\"},\"image\":{\"@id\":\"https:\\\/\\\/ferienchalet-wallis.ch\\\/#\\\/schema\\\/logo\\\/image\\\/\"}},{\"@type\":\"Person\",\"@id\":\"https:\\\/\\\/ferienchalet-wallis.ch\\\/#\\\/schema\\\/person\\\/18b3f062b0514bc953799175b9bfdd2b\",\"name\":\"WalliSaar\",\"image\":{\"@type\":\"ImageObject\",\"inLanguage\":\"de\",\"@id\":\"https:\\\/\\\/secure.gravatar.com\\\/avatar\\\/1be7f9468eac0e02f655be9ab758a01ae5dc72d678841cc4898d463993c78d36?s=96&d=initials&r=g&initials=ru\",\"url\":\"https:\\\/\\\/secure.gravatar.com\\\/avatar\\\/1be7f9468eac0e02f655be9ab758a01ae5dc72d678841cc4898d463993c78d36?s=96&d=initials&r=g&initials=ru\",\"contentUrl\":\"https:\\\/\\\/secure.gravatar.com\\\/avatar\\\/1be7f9468eac0e02f655be9ab758a01ae5dc72d678841cc4898d463993c78d36?s=96&d=initials&r=g&initials=ru\",\"caption\":\"WalliSaar\"},\"description\":\"Mein Name ist Anja Ruch und ich schreibe die Blogbeitr\u00e4ge f\u00fcr das Ehepaar Markus &amp; Tabitha Kranzfelder. Der Name WalliSaar gr\u00fcndet sich auf meinen Wurzeln im Saarland und den neuen im Wallis. My name is Anja Ruch and I write the blog entries for the Markus &amp; Tabitha Kranzfelder couple. The name WalliSaar shows the connection to my old roots in Saarland and the new ones in Valais.\",\"sameAs\":[\"https:\\\/\\\/www.ferienchalet-wallis.ch\\\/blog\"],\"url\":\"https:\\\/\\\/ferienchalet-wallis.ch\\\/de\\\/author\\\/wallisaar\\\/\"}]}<\/script>\n<!-- \/ Yoast SEO plugin. -->","yoast_head_json":{"title":"Gletschi-Tour f\u00fcr Kinder - Bettmeralp und Riederalp","description":"Die Gletschi-Tour der Aletsch Arena bietet Unterhaltung und Skispass f\u00fcr Gross und Klein.","robots":{"index":"index","follow":"follow","max-snippet":"max-snippet:-1","max-image-preview":"max-image-preview:large","max-video-preview":"max-video-preview:-1"},"canonical":"https:\/\/ferienchalet-wallis.ch\/de\/gletschi-tour-fuer-kinder\/","og_locale":"de_DE","og_type":"article","og_title":"Gletschi-Tour f\u00fcr Kinder - Bettmeralp und Riederalp","og_description":"Die Gletschi-Tour der Aletsch Arena bietet Unterhaltung und Skispass f\u00fcr Gross und Klein.","og_url":"https:\/\/ferienchalet-wallis.ch\/de\/gletschi-tour-fuer-kinder\/","og_site_name":"Bettmeralp und Riederalp","article_published_time":"2024-02-06T09:59:13+00:00","article_modified_time":"2024-02-06T10:04:24+00:00","og_image":[{"width":1280,"height":853,"url":"https:\/\/ferienchalet-wallis.ch\/wp-content\/uploads\/2024\/02\/Gletschi-Tour.jpg","type":"image\/jpeg"}],"author":"WalliSaar","twitter_card":"summary_large_image","twitter_misc":{"Verfasst von":"WalliSaar","Gesch\u00e4tzte Lesezeit":"3\u00a0Minuten"},"schema":{"@context":"https:\/\/schema.org","@graph":[{"@type":"Article","@id":"https:\/\/ferienchalet-wallis.ch\/de\/gletschi-tour-fuer-kinder\/#article","isPartOf":{"@id":"https:\/\/ferienchalet-wallis.ch\/de\/gletschi-tour-fuer-kinder\/"},"author":{"name":"WalliSaar","@id":"https:\/\/ferienchalet-wallis.ch\/#\/schema\/person\/18b3f062b0514bc953799175b9bfdd2b"},"headline":"Gletschi-Tour f\u00fcr Kinder","datePublished":"2024-02-06T09:59:13+00:00","dateModified":"2024-02-06T10:04:24+00:00","mainEntityOfPage":{"@id":"https:\/\/ferienchalet-wallis.ch\/de\/gletschi-tour-fuer-kinder\/"},"wordCount":776,"publisher":{"@id":"https:\/\/ferienchalet-wallis.ch\/#organization"},"image":{"@id":"https:\/\/ferienchalet-wallis.ch\/de\/gletschi-tour-fuer-kinder\/#primaryimage"},"thumbnailUrl":"https:\/\/ferienchalet-wallis.ch\/wp-content\/uploads\/2024\/02\/Gletschi-Tour.jpg","articleSection":["Aletsch","Kinder","Wintersport"],"inLanguage":"de"},{"@type":"WebPage","@id":"https:\/\/ferienchalet-wallis.ch\/de\/gletschi-tour-fuer-kinder\/","url":"https:\/\/ferienchalet-wallis.ch\/de\/gletschi-tour-fuer-kinder\/","name":"Gletschi-Tour f\u00fcr Kinder - Bettmeralp und Riederalp","isPartOf":{"@id":"https:\/\/ferienchalet-wallis.ch\/#website"},"primaryImageOfPage":{"@id":"https:\/\/ferienchalet-wallis.ch\/de\/gletschi-tour-fuer-kinder\/#primaryimage"},"image":{"@id":"https:\/\/ferienchalet-wallis.ch\/de\/gletschi-tour-fuer-kinder\/#primaryimage"},"thumbnailUrl":"https:\/\/ferienchalet-wallis.ch\/wp-content\/uploads\/2024\/02\/Gletschi-Tour.jpg","datePublished":"2024-02-06T09:59:13+00:00","dateModified":"2024-02-06T10:04:24+00:00","description":"Die Gletschi-Tour der Aletsch Arena bietet Unterhaltung und Skispass f\u00fcr Gross und Klein.","breadcrumb":{"@id":"https:\/\/ferienchalet-wallis.ch\/de\/gletschi-tour-fuer-kinder\/#breadcrumb"},"inLanguage":"de","potentialAction":[{"@type":"ReadAction","target":["https:\/\/ferienchalet-wallis.ch\/de\/gletschi-tour-fuer-kinder\/"]}]},{"@type":"ImageObject","inLanguage":"de","@id":"https:\/\/ferienchalet-wallis.ch\/de\/gletschi-tour-fuer-kinder\/#primaryimage","url":"https:\/\/ferienchalet-wallis.ch\/wp-content\/uploads\/2024\/02\/Gletschi-Tour.jpg","contentUrl":"https:\/\/ferienchalet-wallis.ch\/wp-content\/uploads\/2024\/02\/Gletschi-Tour.jpg","width":1280,"height":853,"caption":"Gletschi"},{"@type":"BreadcrumbList","@id":"https:\/\/ferienchalet-wallis.ch\/de\/gletschi-tour-fuer-kinder\/#breadcrumb","itemListElement":[{"@type":"ListItem","position":1,"name":"Home","item":"https:\/\/ferienchalet-wallis.ch\/"},{"@type":"ListItem","position":2,"name":"Gletschi-Tour f\u00fcr Kinder"}]},{"@type":"WebSite","@id":"https:\/\/ferienchalet-wallis.ch\/#website","url":"https:\/\/ferienchalet-wallis.ch\/","name":"Bettmeralp und Riederalp","description":"Kranzfelder Markus","publisher":{"@id":"https:\/\/ferienchalet-wallis.ch\/#organization"},"potentialAction":[{"@type":"SearchAction","target":{"@type":"EntryPoint","urlTemplate":"https:\/\/ferienchalet-wallis.ch\/?s={search_term_string}"},"query-input":{"@type":"PropertyValueSpecification","valueRequired":true,"valueName":"search_term_string"}}],"inLanguage":"de"},{"@type":"Organization","@id":"https:\/\/ferienchalet-wallis.ch\/#organization","name":"Liegenschaftsbetreuung \/ Vermietung \u2013 M. Kranzfelder","url":"https:\/\/ferienchalet-wallis.ch\/","logo":{"@type":"ImageObject","inLanguage":"de","@id":"https:\/\/ferienchalet-wallis.ch\/#\/schema\/logo\/image\/","url":"https:\/\/ferienchalet-wallis.ch\/wp-content\/uploads\/2022\/01\/Logo_Kranzfelder.png","contentUrl":"https:\/\/ferienchalet-wallis.ch\/wp-content\/uploads\/2022\/01\/Logo_Kranzfelder.png","width":1526,"height":447,"caption":"Liegenschaftsbetreuung \/ Vermietung \u2013 M. Kranzfelder"},"image":{"@id":"https:\/\/ferienchalet-wallis.ch\/#\/schema\/logo\/image\/"}},{"@type":"Person","@id":"https:\/\/ferienchalet-wallis.ch\/#\/schema\/person\/18b3f062b0514bc953799175b9bfdd2b","name":"WalliSaar","image":{"@type":"ImageObject","inLanguage":"de","@id":"https:\/\/secure.gravatar.com\/avatar\/1be7f9468eac0e02f655be9ab758a01ae5dc72d678841cc4898d463993c78d36?s=96&d=initials&r=g&initials=ru","url":"https:\/\/secure.gravatar.com\/avatar\/1be7f9468eac0e02f655be9ab758a01ae5dc72d678841cc4898d463993c78d36?s=96&d=initials&r=g&initials=ru","contentUrl":"https:\/\/secure.gravatar.com\/avatar\/1be7f9468eac0e02f655be9ab758a01ae5dc72d678841cc4898d463993c78d36?s=96&d=initials&r=g&initials=ru","caption":"WalliSaar"},"description":"Mein Name ist Anja Ruch und ich schreibe die Blogbeitr\u00e4ge f\u00fcr das Ehepaar Markus &amp; Tabitha Kranzfelder. Der Name WalliSaar gr\u00fcndet sich auf meinen Wurzeln im Saarland und den neuen im Wallis. My name is Anja Ruch and I write the blog entries for the Markus &amp; Tabitha Kranzfelder couple. The name WalliSaar shows the connection to my old roots in Saarland and the new ones in Valais.","sameAs":["https:\/\/www.ferienchalet-wallis.ch\/blog"],"url":"https:\/\/ferienchalet-wallis.ch\/de\/author\/wallisaar\/"}]}},"_links":{"self":[{"href":"https:\/\/ferienchalet-wallis.ch\/de\/wp-json\/wp\/v2\/posts\/1862","targetHints":{"allow":["GET"]}}],"collection":[{"href":"https:\/\/ferienchalet-wallis.ch\/de\/wp-json\/wp\/v2\/posts"}],"about":[{"href":"https:\/\/ferienchalet-wallis.ch\/de\/wp-json\/wp\/v2\/types\/post"}],"author":[{"embeddable":true,"href":"https:\/\/ferienchalet-wallis.ch\/de\/wp-json\/wp\/v2\/users\/3"}],"replies":[{"embeddable":true,"href":"https:\/\/ferienchalet-wallis.ch\/de\/wp-json\/wp\/v2\/comments?post=1862"}],"version-history":[{"count":3,"href":"https:\/\/ferienchalet-wallis.ch\/de\/wp-json\/wp\/v2\/posts\/1862\/revisions"}],"predecessor-version":[{"id":1866,"href":"https:\/\/ferienchalet-wallis.ch\/de\/wp-json\/wp\/v2\/posts\/1862\/revisions\/1866"}],"wp:featuredmedia":[{"embeddable":true,"href":"https:\/\/ferienchalet-wallis.ch\/de\/wp-json\/wp\/v2\/media\/1863"}],"wp:attachment":[{"href":"https:\/\/ferienchalet-wallis.ch\/de\/wp-json\/wp\/v2\/media?parent=1862"}],"wp:term":[{"taxonomy":"category","embeddable":true,"href":"https:\/\/ferienchalet-wallis.ch\/de\/wp-json\/wp\/v2\/categories?post=1862"},{"taxonomy":"post_tag","embeddable":true,"href":"https:\/\/ferienchalet-wallis.ch\/de\/wp-json\/wp\/v2\/tags?post=1862"}],"curies":[{"name":"wp","href":"https:\/\/api.w.org\/{rel}","templated":true}]}}