{"id":1869,"date":"2024-02-20T09:14:54","date_gmt":"2024-02-20T09:14:54","guid":{"rendered":"https:\/\/ferienchalet-wallis.ch\/?p=1869"},"modified":"2024-02-20T09:20:06","modified_gmt":"2024-02-20T09:20:06","slug":"spaziergang-im-golmenegg","status":"publish","type":"post","link":"https:\/\/ferienchalet-wallis.ch\/de\/spaziergang-im-golmenegg\/","title":{"rendered":"Spaziergang im Golmenegg\/Riederalp"},"content":{"rendered":"\n<style type=\"text\/css\" data-created_by=\"avia_inline_auto\" id=\"style-css-av-lsu4tmzm-3572fa9cf2461805811131dd6f32560d\">\n#top .av-special-heading.av-lsu4tmzm-3572fa9cf2461805811131dd6f32560d{\npadding-bottom:10px;\n}\nbody .av-special-heading.av-lsu4tmzm-3572fa9cf2461805811131dd6f32560d .av-special-heading-tag .heading-char{\nfont-size:25px;\n}\n.av-special-heading.av-lsu4tmzm-3572fa9cf2461805811131dd6f32560d .av-subheading{\nfont-size:15px;\n}\n<\/style>\n<div  class='av-special-heading av-lsu4tmzm-3572fa9cf2461805811131dd6f32560d av-special-heading-h2  avia-builder-el-0  el_before_av_textblock  avia-builder-el-first '><h2 class='av-special-heading-tag'  itemprop=\"headline\"  >Ausgedehnter Spaziergang im Golmenegg<\/h2><div class=\"special-heading-border\"><div class=\"special-heading-inner-border\"><\/div><\/div><\/div>\n<section  class='av_textblock_section av-lsu4z0m4-7b95d1c171b3538d7564c40882d79b52'  itemscope=\"itemscope\" itemtype=\"https:\/\/schema.org\/BlogPosting\" itemprop=\"blogPost\" ><div class='avia_textblock'  itemprop=\"text\" ><p>Geht es Ihnen auch so? Die eine H\u00e4lfte der Familie will Skifahren und zwar gleich nach der Ankunft. Die andere H\u00e4lfte braucht noch ein bisschen Zeit zum Akklimatisieren. Vielleicht noch eine Runde spazieren gehen, Aussicht dabei geniessen oder die abendliche Stille in sich aufnehmen. Schon mal in die Ferienwoche einstimmen. Auch daf\u00fcr gibt es sch\u00f6ne Ecken im Aletschgebiet. Das Golmenegg auf der Riederalp zum Beispiel. Googelt man dazu, ist die Tour als <a href=\"https:\/\/www.outdooractive.com\/de\/route\/winterwandern\/aletsch-arena\/winterwanderung-riederalp-golmenegg-restaurant-adler-und-retour\/23155369\/\" target=\"_blank\" rel=\"noopener\">Winterwanderung<\/a> ausgeschrieben. Wenn frischer Schnee gefallen ist, bietet sich auch eine Schneeschuhwanderung an.<\/p>\n<h3>Spaziergang zum Erholen<\/h3>\n<p>Wobei ich eine Dauer von anderthalb Stunden jetzt eher als ausgedehnten Spaziergang bezeichne. Das ist so ein Spaziergang nach dem Mittagessen oder f\u00fcr schlechtes Wetter. Oder eben nach der Anreise, alles ist ausgepackt und man will sich nach dem vielen Sitzen im Auto oder im Zug noch ein bisschen bewegen. Die Strecke l\u00e4sst sich auch prima mit Kind oder dem Hund laufen.<\/p>\n<h3>Teilstrecke verl\u00e4uft \u00fcber die Aletschpromenade<\/h3>\n<p>Man kann den Spaziergang von der Bettmeralp oder von der Riederalp aus machen. Von der Bettmeralp l\u00e4uft man \u00fcber die Aletschpromenade bis zum Restaurant Adler. Dort gegen\u00fcber, also zur Talseite hin, geht\u2019s los. Oder von der Riederalp l\u00e4uft man Richtung Aletschpromenade bis zur besagten Golmenegg und biegt an den Containern rechts ab. Der Rundwanderweg mit wenig Publikumsverkehr ist ausgeschildert, daf\u00fcr mit sch\u00f6nen Walliser H\u00e4usern geschm\u00fcckt und mit Aussicht auf die Walliser Berge.<\/p>\n<p><em>Hesch g\u2019w\u00e4rchet g\u2018n\u00fceg, g\u2018niess jetzt die R\u00fceh! D\u00fce furt dis P\u00e4ckeldi Sorge.<\/em><\/p>\n<\/div><\/section>\n<div class='flex_column av-92p0i5-d72b6d9500d6eb476720f752f50b7231 av_one_half  avia-builder-el-2  el_after_av_textblock  avia-builder-el-last  first flex_column_div column-top-margin'   ><p><div  class='av-post-metadata-container av-7cr2q5-112e7b61e41be86f3e8ce81b7c0aea7c av-metadata-container-align-left  avia-builder-el-3  el_before_av_social_share  avia-builder-el-first  av-metadata-container-1'><div class='av-post-metadata-container-inner'><span class=\"av-post-metadata-content av-post-metadata-meta-content\"><span class=\"av-post-metadata-content av-post-metadata-author\"  itemprop=\"author\" ><span class=\"av-metadata-before av-metadata-before-author\">von<\/span><span class=\"av-post-metadata-author-link\" ><a href=\"https:\/\/ferienchalet-wallis.ch\/de\/author\/wallisaar\/\"  rel=\"author\">WalliSaar<\/a><\/span><\/span><span class=\"av-post-metadata-content av-post-metadata-separator\">\/<\/span><span class=\"av-post-metadata-content av-post-metadata-published\"><span class=\"av-post-metadata-published-date\" >Februar 20, 2024<\/span><\/span><\/span><\/div><\/div><br \/>\n<div  class='av-social-sharing-box av-2bo331-3d737342157414023571cbac0a12c2f4 av-social-sharing-box-circle  avia-builder-el-4  el_after_av_post_metadata  avia-builder-el-last  av-social-sharing-box-color-bg av-social-sharing-box-same-width'><div class=\"av-share-box\"><h5 class='av-share-link-description av-no-toc '>Eintrag teilen<\/h5><ul class=\"av-share-box-list noLightbox\"><li class='av-share-link av-social-link-whatsapp' ><a target=\"_blank\" aria-label=\"Teilen auf WhatsApp\" href='https:\/\/api.whatsapp.com\/send?text=https:\/\/ferienchalet-wallis.ch\/de\/spaziergang-im-golmenegg\/' aria-hidden='false' data-av_icon='\uf232' data-av_iconfont='entypo-fontello' title='' data-avia-related-tooltip='Teilen auf WhatsApp' rel=\"noopener\"><span class='avia_hidden_link_text'>Teilen auf WhatsApp<\/span><\/a><\/li><\/ul><\/div><\/div><\/p><\/div>\n","protected":false},"excerpt":{"rendered":"","protected":false},"author":3,"featured_media":1870,"comment_status":"closed","ping_status":"closed","sticky":false,"template":"","format":"standard","meta":{"footnotes":""},"categories":[7,22,18],"tags":[],"class_list":["post-1869","post","type-post","status-publish","format-standard","has-post-thumbnail","hentry","category-riederalp","category-schneeschuhtouren","category-wintersport"],"yoast_head":"<!-- This site is optimized with the Yoast SEO plugin v27.4 - https:\/\/yoast.com\/product\/yoast-seo-wordpress\/ -->\n<title>Spaziergang im Golmenegg\/Riederalp - Bettmeralp und Riederalp<\/title>\n<meta name=\"description\" content=\"Ausgedehnter Spaziergang im Golmenegg auf der Riederalp mit Kind und Hund.\" \/>\n<meta name=\"robots\" content=\"index, follow, max-snippet:-1, max-image-preview:large, max-video-preview:-1\" \/>\n<link rel=\"canonical\" href=\"https:\/\/ferienchalet-wallis.ch\/de\/spaziergang-im-golmenegg\/\" \/>\n<meta property=\"og:locale\" content=\"de_DE\" \/>\n<meta property=\"og:type\" content=\"article\" \/>\n<meta property=\"og:title\" content=\"Spaziergang im Golmenegg\/Riederalp - Bettmeralp und Riederalp\" \/>\n<meta property=\"og:description\" content=\"Ausgedehnter Spaziergang im Golmenegg auf der Riederalp mit Kind und Hund.\" \/>\n<meta property=\"og:url\" content=\"https:\/\/ferienchalet-wallis.ch\/de\/spaziergang-im-golmenegg\/\" \/>\n<meta property=\"og:site_name\" content=\"Bettmeralp und Riederalp\" \/>\n<meta property=\"article:published_time\" content=\"2024-02-20T09:14:54+00:00\" \/>\n<meta property=\"article:modified_time\" content=\"2024-02-20T09:20:06+00:00\" \/>\n<meta property=\"og:image\" content=\"https:\/\/ferienchalet-wallis.ch\/wp-content\/uploads\/2024\/02\/Golmenegg.jpg\" \/>\n\t<meta property=\"og:image:width\" content=\"1600\" \/>\n\t<meta property=\"og:image:height\" content=\"1200\" \/>\n\t<meta property=\"og:image:type\" content=\"image\/jpeg\" \/>\n<meta name=\"author\" content=\"WalliSaar\" \/>\n<meta name=\"twitter:card\" content=\"summary_large_image\" \/>\n<meta name=\"twitter:label1\" content=\"Verfasst von\" \/>\n\t<meta name=\"twitter:data1\" content=\"WalliSaar\" \/>\n\t<meta name=\"twitter:label2\" content=\"Gesch\u00e4tzte Lesezeit\" \/>\n\t<meta name=\"twitter:data2\" content=\"3\u00a0Minuten\" \/>\n<script type=\"application\/ld+json\" class=\"yoast-schema-graph\">{\"@context\":\"https:\\\/\\\/schema.org\",\"@graph\":[{\"@type\":\"Article\",\"@id\":\"https:\\\/\\\/ferienchalet-wallis.ch\\\/de\\\/spaziergang-im-golmenegg\\\/#article\",\"isPartOf\":{\"@id\":\"https:\\\/\\\/ferienchalet-wallis.ch\\\/de\\\/spaziergang-im-golmenegg\\\/\"},\"author\":{\"name\":\"WalliSaar\",\"@id\":\"https:\\\/\\\/ferienchalet-wallis.ch\\\/#\\\/schema\\\/person\\\/18b3f062b0514bc953799175b9bfdd2b\"},\"headline\":\"Spaziergang im Golmenegg\\\/Riederalp\",\"datePublished\":\"2024-02-20T09:14:54+00:00\",\"dateModified\":\"2024-02-20T09:20:06+00:00\",\"mainEntityOfPage\":{\"@id\":\"https:\\\/\\\/ferienchalet-wallis.ch\\\/de\\\/spaziergang-im-golmenegg\\\/\"},\"wordCount\":730,\"publisher\":{\"@id\":\"https:\\\/\\\/ferienchalet-wallis.ch\\\/#organization\"},\"image\":{\"@id\":\"https:\\\/\\\/ferienchalet-wallis.ch\\\/de\\\/spaziergang-im-golmenegg\\\/#primaryimage\"},\"thumbnailUrl\":\"https:\\\/\\\/ferienchalet-wallis.ch\\\/wp-content\\\/uploads\\\/2024\\\/02\\\/Golmenegg.jpg\",\"articleSection\":[\"Riederalp\",\"Schneeschuhtouren\",\"Wintersport\"],\"inLanguage\":\"de\"},{\"@type\":\"WebPage\",\"@id\":\"https:\\\/\\\/ferienchalet-wallis.ch\\\/de\\\/spaziergang-im-golmenegg\\\/\",\"url\":\"https:\\\/\\\/ferienchalet-wallis.ch\\\/de\\\/spaziergang-im-golmenegg\\\/\",\"name\":\"Spaziergang im Golmenegg\\\/Riederalp - Bettmeralp und Riederalp\",\"isPartOf\":{\"@id\":\"https:\\\/\\\/ferienchalet-wallis.ch\\\/#website\"},\"primaryImageOfPage\":{\"@id\":\"https:\\\/\\\/ferienchalet-wallis.ch\\\/de\\\/spaziergang-im-golmenegg\\\/#primaryimage\"},\"image\":{\"@id\":\"https:\\\/\\\/ferienchalet-wallis.ch\\\/de\\\/spaziergang-im-golmenegg\\\/#primaryimage\"},\"thumbnailUrl\":\"https:\\\/\\\/ferienchalet-wallis.ch\\\/wp-content\\\/uploads\\\/2024\\\/02\\\/Golmenegg.jpg\",\"datePublished\":\"2024-02-20T09:14:54+00:00\",\"dateModified\":\"2024-02-20T09:20:06+00:00\",\"description\":\"Ausgedehnter Spaziergang im Golmenegg auf der Riederalp mit Kind und Hund.\",\"breadcrumb\":{\"@id\":\"https:\\\/\\\/ferienchalet-wallis.ch\\\/de\\\/spaziergang-im-golmenegg\\\/#breadcrumb\"},\"inLanguage\":\"de\",\"potentialAction\":[{\"@type\":\"ReadAction\",\"target\":[\"https:\\\/\\\/ferienchalet-wallis.ch\\\/de\\\/spaziergang-im-golmenegg\\\/\"]}]},{\"@type\":\"ImageObject\",\"inLanguage\":\"de\",\"@id\":\"https:\\\/\\\/ferienchalet-wallis.ch\\\/de\\\/spaziergang-im-golmenegg\\\/#primaryimage\",\"url\":\"https:\\\/\\\/ferienchalet-wallis.ch\\\/wp-content\\\/uploads\\\/2024\\\/02\\\/Golmenegg.jpg\",\"contentUrl\":\"https:\\\/\\\/ferienchalet-wallis.ch\\\/wp-content\\\/uploads\\\/2024\\\/02\\\/Golmenegg.jpg\",\"width\":1600,\"height\":1200,\"caption\":\"Golmenegg\"},{\"@type\":\"BreadcrumbList\",\"@id\":\"https:\\\/\\\/ferienchalet-wallis.ch\\\/de\\\/spaziergang-im-golmenegg\\\/#breadcrumb\",\"itemListElement\":[{\"@type\":\"ListItem\",\"position\":1,\"name\":\"Home\",\"item\":\"https:\\\/\\\/ferienchalet-wallis.ch\\\/\"},{\"@type\":\"ListItem\",\"position\":2,\"name\":\"Spaziergang im Golmenegg\\\/Riederalp\"}]},{\"@type\":\"WebSite\",\"@id\":\"https:\\\/\\\/ferienchalet-wallis.ch\\\/#website\",\"url\":\"https:\\\/\\\/ferienchalet-wallis.ch\\\/\",\"name\":\"Bettmeralp und Riederalp\",\"description\":\"Kranzfelder Markus\",\"publisher\":{\"@id\":\"https:\\\/\\\/ferienchalet-wallis.ch\\\/#organization\"},\"potentialAction\":[{\"@type\":\"SearchAction\",\"target\":{\"@type\":\"EntryPoint\",\"urlTemplate\":\"https:\\\/\\\/ferienchalet-wallis.ch\\\/?s={search_term_string}\"},\"query-input\":{\"@type\":\"PropertyValueSpecification\",\"valueRequired\":true,\"valueName\":\"search_term_string\"}}],\"inLanguage\":\"de\"},{\"@type\":\"Organization\",\"@id\":\"https:\\\/\\\/ferienchalet-wallis.ch\\\/#organization\",\"name\":\"Liegenschaftsbetreuung \\\/ Vermietung \u2013 M. Kranzfelder\",\"url\":\"https:\\\/\\\/ferienchalet-wallis.ch\\\/\",\"logo\":{\"@type\":\"ImageObject\",\"inLanguage\":\"de\",\"@id\":\"https:\\\/\\\/ferienchalet-wallis.ch\\\/#\\\/schema\\\/logo\\\/image\\\/\",\"url\":\"https:\\\/\\\/ferienchalet-wallis.ch\\\/wp-content\\\/uploads\\\/2022\\\/01\\\/Logo_Kranzfelder.png\",\"contentUrl\":\"https:\\\/\\\/ferienchalet-wallis.ch\\\/wp-content\\\/uploads\\\/2022\\\/01\\\/Logo_Kranzfelder.png\",\"width\":1526,\"height\":447,\"caption\":\"Liegenschaftsbetreuung \\\/ Vermietung \u2013 M. Kranzfelder\"},\"image\":{\"@id\":\"https:\\\/\\\/ferienchalet-wallis.ch\\\/#\\\/schema\\\/logo\\\/image\\\/\"}},{\"@type\":\"Person\",\"@id\":\"https:\\\/\\\/ferienchalet-wallis.ch\\\/#\\\/schema\\\/person\\\/18b3f062b0514bc953799175b9bfdd2b\",\"name\":\"WalliSaar\",\"image\":{\"@type\":\"ImageObject\",\"inLanguage\":\"de\",\"@id\":\"https:\\\/\\\/secure.gravatar.com\\\/avatar\\\/1be7f9468eac0e02f655be9ab758a01ae5dc72d678841cc4898d463993c78d36?s=96&d=initials&r=g&initials=ru\",\"url\":\"https:\\\/\\\/secure.gravatar.com\\\/avatar\\\/1be7f9468eac0e02f655be9ab758a01ae5dc72d678841cc4898d463993c78d36?s=96&d=initials&r=g&initials=ru\",\"contentUrl\":\"https:\\\/\\\/secure.gravatar.com\\\/avatar\\\/1be7f9468eac0e02f655be9ab758a01ae5dc72d678841cc4898d463993c78d36?s=96&d=initials&r=g&initials=ru\",\"caption\":\"WalliSaar\"},\"description\":\"Mein Name ist Anja Ruch und ich schreibe die Blogbeitr\u00e4ge f\u00fcr das Ehepaar Markus &amp; Tabitha Kranzfelder. Der Name WalliSaar gr\u00fcndet sich auf meinen Wurzeln im Saarland und den neuen im Wallis. My name is Anja Ruch and I write the blog entries for the Markus &amp; Tabitha Kranzfelder couple. The name WalliSaar shows the connection to my old roots in Saarland and the new ones in Valais.\",\"sameAs\":[\"https:\\\/\\\/www.ferienchalet-wallis.ch\\\/blog\"],\"url\":\"https:\\\/\\\/ferienchalet-wallis.ch\\\/de\\\/author\\\/wallisaar\\\/\"}]}<\/script>\n<!-- \/ Yoast SEO plugin. -->","yoast_head_json":{"title":"Spaziergang im Golmenegg\/Riederalp - Bettmeralp und Riederalp","description":"Ausgedehnter Spaziergang im Golmenegg auf der Riederalp mit Kind und Hund.","robots":{"index":"index","follow":"follow","max-snippet":"max-snippet:-1","max-image-preview":"max-image-preview:large","max-video-preview":"max-video-preview:-1"},"canonical":"https:\/\/ferienchalet-wallis.ch\/de\/spaziergang-im-golmenegg\/","og_locale":"de_DE","og_type":"article","og_title":"Spaziergang im Golmenegg\/Riederalp - Bettmeralp und Riederalp","og_description":"Ausgedehnter Spaziergang im Golmenegg auf der Riederalp mit Kind und Hund.","og_url":"https:\/\/ferienchalet-wallis.ch\/de\/spaziergang-im-golmenegg\/","og_site_name":"Bettmeralp und Riederalp","article_published_time":"2024-02-20T09:14:54+00:00","article_modified_time":"2024-02-20T09:20:06+00:00","og_image":[{"width":1600,"height":1200,"url":"https:\/\/ferienchalet-wallis.ch\/wp-content\/uploads\/2024\/02\/Golmenegg.jpg","type":"image\/jpeg"}],"author":"WalliSaar","twitter_card":"summary_large_image","twitter_misc":{"Verfasst von":"WalliSaar","Gesch\u00e4tzte Lesezeit":"3\u00a0Minuten"},"schema":{"@context":"https:\/\/schema.org","@graph":[{"@type":"Article","@id":"https:\/\/ferienchalet-wallis.ch\/de\/spaziergang-im-golmenegg\/#article","isPartOf":{"@id":"https:\/\/ferienchalet-wallis.ch\/de\/spaziergang-im-golmenegg\/"},"author":{"name":"WalliSaar","@id":"https:\/\/ferienchalet-wallis.ch\/#\/schema\/person\/18b3f062b0514bc953799175b9bfdd2b"},"headline":"Spaziergang im Golmenegg\/Riederalp","datePublished":"2024-02-20T09:14:54+00:00","dateModified":"2024-02-20T09:20:06+00:00","mainEntityOfPage":{"@id":"https:\/\/ferienchalet-wallis.ch\/de\/spaziergang-im-golmenegg\/"},"wordCount":730,"publisher":{"@id":"https:\/\/ferienchalet-wallis.ch\/#organization"},"image":{"@id":"https:\/\/ferienchalet-wallis.ch\/de\/spaziergang-im-golmenegg\/#primaryimage"},"thumbnailUrl":"https:\/\/ferienchalet-wallis.ch\/wp-content\/uploads\/2024\/02\/Golmenegg.jpg","articleSection":["Riederalp","Schneeschuhtouren","Wintersport"],"inLanguage":"de"},{"@type":"WebPage","@id":"https:\/\/ferienchalet-wallis.ch\/de\/spaziergang-im-golmenegg\/","url":"https:\/\/ferienchalet-wallis.ch\/de\/spaziergang-im-golmenegg\/","name":"Spaziergang im Golmenegg\/Riederalp - Bettmeralp und Riederalp","isPartOf":{"@id":"https:\/\/ferienchalet-wallis.ch\/#website"},"primaryImageOfPage":{"@id":"https:\/\/ferienchalet-wallis.ch\/de\/spaziergang-im-golmenegg\/#primaryimage"},"image":{"@id":"https:\/\/ferienchalet-wallis.ch\/de\/spaziergang-im-golmenegg\/#primaryimage"},"thumbnailUrl":"https:\/\/ferienchalet-wallis.ch\/wp-content\/uploads\/2024\/02\/Golmenegg.jpg","datePublished":"2024-02-20T09:14:54+00:00","dateModified":"2024-02-20T09:20:06+00:00","description":"Ausgedehnter Spaziergang im Golmenegg auf der Riederalp mit Kind und Hund.","breadcrumb":{"@id":"https:\/\/ferienchalet-wallis.ch\/de\/spaziergang-im-golmenegg\/#breadcrumb"},"inLanguage":"de","potentialAction":[{"@type":"ReadAction","target":["https:\/\/ferienchalet-wallis.ch\/de\/spaziergang-im-golmenegg\/"]}]},{"@type":"ImageObject","inLanguage":"de","@id":"https:\/\/ferienchalet-wallis.ch\/de\/spaziergang-im-golmenegg\/#primaryimage","url":"https:\/\/ferienchalet-wallis.ch\/wp-content\/uploads\/2024\/02\/Golmenegg.jpg","contentUrl":"https:\/\/ferienchalet-wallis.ch\/wp-content\/uploads\/2024\/02\/Golmenegg.jpg","width":1600,"height":1200,"caption":"Golmenegg"},{"@type":"BreadcrumbList","@id":"https:\/\/ferienchalet-wallis.ch\/de\/spaziergang-im-golmenegg\/#breadcrumb","itemListElement":[{"@type":"ListItem","position":1,"name":"Home","item":"https:\/\/ferienchalet-wallis.ch\/"},{"@type":"ListItem","position":2,"name":"Spaziergang im Golmenegg\/Riederalp"}]},{"@type":"WebSite","@id":"https:\/\/ferienchalet-wallis.ch\/#website","url":"https:\/\/ferienchalet-wallis.ch\/","name":"Bettmeralp und Riederalp","description":"Kranzfelder Markus","publisher":{"@id":"https:\/\/ferienchalet-wallis.ch\/#organization"},"potentialAction":[{"@type":"SearchAction","target":{"@type":"EntryPoint","urlTemplate":"https:\/\/ferienchalet-wallis.ch\/?s={search_term_string}"},"query-input":{"@type":"PropertyValueSpecification","valueRequired":true,"valueName":"search_term_string"}}],"inLanguage":"de"},{"@type":"Organization","@id":"https:\/\/ferienchalet-wallis.ch\/#organization","name":"Liegenschaftsbetreuung \/ Vermietung \u2013 M. Kranzfelder","url":"https:\/\/ferienchalet-wallis.ch\/","logo":{"@type":"ImageObject","inLanguage":"de","@id":"https:\/\/ferienchalet-wallis.ch\/#\/schema\/logo\/image\/","url":"https:\/\/ferienchalet-wallis.ch\/wp-content\/uploads\/2022\/01\/Logo_Kranzfelder.png","contentUrl":"https:\/\/ferienchalet-wallis.ch\/wp-content\/uploads\/2022\/01\/Logo_Kranzfelder.png","width":1526,"height":447,"caption":"Liegenschaftsbetreuung \/ Vermietung \u2013 M. Kranzfelder"},"image":{"@id":"https:\/\/ferienchalet-wallis.ch\/#\/schema\/logo\/image\/"}},{"@type":"Person","@id":"https:\/\/ferienchalet-wallis.ch\/#\/schema\/person\/18b3f062b0514bc953799175b9bfdd2b","name":"WalliSaar","image":{"@type":"ImageObject","inLanguage":"de","@id":"https:\/\/secure.gravatar.com\/avatar\/1be7f9468eac0e02f655be9ab758a01ae5dc72d678841cc4898d463993c78d36?s=96&d=initials&r=g&initials=ru","url":"https:\/\/secure.gravatar.com\/avatar\/1be7f9468eac0e02f655be9ab758a01ae5dc72d678841cc4898d463993c78d36?s=96&d=initials&r=g&initials=ru","contentUrl":"https:\/\/secure.gravatar.com\/avatar\/1be7f9468eac0e02f655be9ab758a01ae5dc72d678841cc4898d463993c78d36?s=96&d=initials&r=g&initials=ru","caption":"WalliSaar"},"description":"Mein Name ist Anja Ruch und ich schreibe die Blogbeitr\u00e4ge f\u00fcr das Ehepaar Markus &amp; Tabitha Kranzfelder. Der Name WalliSaar gr\u00fcndet sich auf meinen Wurzeln im Saarland und den neuen im Wallis. My name is Anja Ruch and I write the blog entries for the Markus &amp; Tabitha Kranzfelder couple. The name WalliSaar shows the connection to my old roots in Saarland and the new ones in Valais.","sameAs":["https:\/\/www.ferienchalet-wallis.ch\/blog"],"url":"https:\/\/ferienchalet-wallis.ch\/de\/author\/wallisaar\/"}]}},"_links":{"self":[{"href":"https:\/\/ferienchalet-wallis.ch\/de\/wp-json\/wp\/v2\/posts\/1869","targetHints":{"allow":["GET"]}}],"collection":[{"href":"https:\/\/ferienchalet-wallis.ch\/de\/wp-json\/wp\/v2\/posts"}],"about":[{"href":"https:\/\/ferienchalet-wallis.ch\/de\/wp-json\/wp\/v2\/types\/post"}],"author":[{"embeddable":true,"href":"https:\/\/ferienchalet-wallis.ch\/de\/wp-json\/wp\/v2\/users\/3"}],"replies":[{"embeddable":true,"href":"https:\/\/ferienchalet-wallis.ch\/de\/wp-json\/wp\/v2\/comments?post=1869"}],"version-history":[{"count":5,"href":"https:\/\/ferienchalet-wallis.ch\/de\/wp-json\/wp\/v2\/posts\/1869\/revisions"}],"predecessor-version":[{"id":1875,"href":"https:\/\/ferienchalet-wallis.ch\/de\/wp-json\/wp\/v2\/posts\/1869\/revisions\/1875"}],"wp:featuredmedia":[{"embeddable":true,"href":"https:\/\/ferienchalet-wallis.ch\/de\/wp-json\/wp\/v2\/media\/1870"}],"wp:attachment":[{"href":"https:\/\/ferienchalet-wallis.ch\/de\/wp-json\/wp\/v2\/media?parent=1869"}],"wp:term":[{"taxonomy":"category","embeddable":true,"href":"https:\/\/ferienchalet-wallis.ch\/de\/wp-json\/wp\/v2\/categories?post=1869"},{"taxonomy":"post_tag","embeddable":true,"href":"https:\/\/ferienchalet-wallis.ch\/de\/wp-json\/wp\/v2\/tags?post=1869"}],"curies":[{"name":"wp","href":"https:\/\/api.w.org\/{rel}","templated":true}]}}