{"id":1878,"date":"2024-03-05T10:25:58","date_gmt":"2024-03-05T10:25:58","guid":{"rendered":"https:\/\/ferienchalet-wallis.ch\/?p=1878"},"modified":"2024-03-05T13:00:04","modified_gmt":"2024-03-05T13:00:04","slug":"veranstaltungen-fuer-kinder-im-aletschgebiet","status":"publish","type":"post","link":"https:\/\/ferienchalet-wallis.ch\/de\/veranstaltungen-fuer-kinder-im-aletschgebiet\/","title":{"rendered":"Kinderanimationen im Aletschgebiet"},"content":{"rendered":"\n<style type=\"text\/css\" data-created_by=\"avia_inline_auto\" id=\"style-css-av-lte6v4w0-b75f64037b5f75d67bfa4692d647787c\">\n#top .av-special-heading.av-lte6v4w0-b75f64037b5f75d67bfa4692d647787c{\npadding-bottom:10px;\n}\nbody .av-special-heading.av-lte6v4w0-b75f64037b5f75d67bfa4692d647787c .av-special-heading-tag .heading-char{\nfont-size:25px;\n}\n.av-special-heading.av-lte6v4w0-b75f64037b5f75d67bfa4692d647787c .av-subheading{\nfont-size:15px;\n}\n<\/style>\n<div  class='av-special-heading av-lte6v4w0-b75f64037b5f75d67bfa4692d647787c av-special-heading-h2  avia-builder-el-0  el_before_av_textblock  avia-builder-el-first '><h2 class='av-special-heading-tag'  itemprop=\"headline\"  >Unternehmungen f\u00fcr das Kind<\/h2><div class=\"special-heading-border\"><div class=\"special-heading-inner-border\"><\/div><\/div><\/div>\n<section  class='av_textblock_section av-lte6wapm-2b2bee3239e165451de6407dd239c649'  itemscope=\"itemscope\" itemtype=\"https:\/\/schema.org\/BlogPosting\" itemprop=\"blogPost\" ><div class='avia_textblock'  itemprop=\"text\" ><p>Heute gibt\u2019s mal ein paar Informationen, was man alles mit seinem Kind unternehmen kann oder wie oder wo man das Kind unterbringt, w\u00e4hrend man Skifahren geht. Bei Schlechtwetter bietet sich das Gletschiland als Indoor-Besch\u00e4ftigung an.<\/p>\n<h3>Kinderanimation<\/h3>\n<p>F\u00fcr die Kleinsten gibt es nat\u00fcrlich die Kinderanimation. Neben dem Kinderhort auf der Bettmeralp gibt es noch unterschiedliche Kinderanimationsprogramme. Teilweise ist die Teilnahme kostenlos oder die Preise sind moderat.<\/p>\n<table width=\"0\">\n<tbody>\n<tr>\n<td width=\"242\">Was + Infos<\/td>\n<td width=\"101\">Wo<\/td>\n<td width=\"81\">Wann<\/td>\n<td width=\"90\">Wieviel<\/td>\n<\/tr>\n<tr>\n<td width=\"242\"><a href=\"https:\/\/www.aletscharena.ch\/planen-buchen\/angebote-erlebnisse\/angebot\/betreuung-kinderhort-bettmeralp\" target=\"_blank\" rel=\"noopener\">Kinderhort<\/a><\/td>\n<td width=\"101\">Bettmeralp<\/td>\n<td width=\"81\">T\u00e4glich -09.30-13.30<\/td>\n<td width=\"90\">Ab 15 CHF<\/td>\n<\/tr>\n<tr>\n<td width=\"242\"><a href=\"https:\/\/www.aletscharena.ch\/planen-buchen\/angebote-erlebnisse\/angebot\/kinderanimations-programm-bettmeralp\" target=\"_blank\" rel=\"noopener\">Kinderanimationsprogramm<\/a><\/td>\n<td width=\"101\">Skischule Bettmeralp<\/td>\n<td width=\"81\">T\u00e4glich -14-16 Uhr<\/td>\n<td width=\"90\">Ab 15 CHF<\/td>\n<\/tr>\n<tr>\n<td width=\"242\"><a href=\"https:\/\/www.aletscharena.ch\/planen-buchen\/angebote-erlebnisse\/angebot\/maerlistunde\" target=\"_blank\" rel=\"noopener\">M\u00e4rlistunde<\/a><\/td>\n<td width=\"101\">Fiesch, Pr\u00e4fektenhaus<\/td>\n<td width=\"81\">Jeden Dienstag17 Uhr<\/td>\n<td width=\"90\">kostenlos<\/td>\n<\/tr>\n<tr>\n<td width=\"242\"><a href=\"https:\/\/www.aletscharena.ch\/aletsch-arena\/poi\/gletschiland\" target=\"_blank\" rel=\"noopener\">Gletschiland<\/a><\/td>\n<td width=\"101\">Sportzentrum Bachtla, Bettmeralp<\/td>\n<td width=\"81\">T\u00e4glich &#8211; 10-19 Uhr<\/td>\n<td width=\"90\">10 CHF Tageseintritt<\/td>\n<\/tr>\n<tr>\n<td width=\"242\"><a href=\"https:\/\/www.aletscharena.ch\/aletsch-arena\/poi\/natureisbahn\" target=\"_blank\" rel=\"noopener\">Natureisbahn<\/a><\/td>\n<td width=\"101\">Sportzentrum Bachtla, Bettmeralp<\/td>\n<td width=\"81\">Abh\u00e4ngig vom Wetter<\/td>\n<td width=\"90\">kostenlos<\/td>\n<\/tr>\n<tr>\n<td width=\"242\"><a href=\"https:\/\/www.aletscharena.ch\/aletsch-arena\/poi\/snowtubing\" target=\"_blank\" rel=\"noopener\">Snowtubing<\/a><\/td>\n<td width=\"101\">Bettmeralp &#8211; B\u00e4ttmerhitta<\/td>\n<td width=\"81\">T\u00e4glich- 9-16 Uhr<\/td>\n<td width=\"90\">Kostenlos<\/td>\n<\/tr>\n<\/tbody>\n<\/table>\n<\/div><\/section>\n<section  class='av_textblock_section av-lte76a23-23a1e502a2c8e80478fac24be399fbfc'  itemscope=\"itemscope\" itemtype=\"https:\/\/schema.org\/BlogPosting\" itemprop=\"blogPost\" ><div class='avia_textblock'  itemprop=\"text\" ><h3>Snowgarden<\/h3>\n<p>Auf allen 3 Alpen finden Sie Snowgarden zum Skifahren lernen und \u00fcben<\/p>\n<table width=\"0\">\n<tbody>\n<tr>\n<td width=\"101\">Ort<\/td>\n<td width=\"81\">Mindestalter<\/td>\n<td width=\"90\">Eintritt<\/td>\n<\/tr>\n<tr>\n<td width=\"101\">Prinzenland Bettmeralp neben dem Sportzentrum Bachtla<\/td>\n<td width=\"81\">ab 3 Jahren<\/td>\n<td width=\"90\"><a href=\"https:\/\/www.schneesportbettmeralp.ch\/snowli-kids\/prinzenland-1\/\" target=\"_blank\" rel=\"noopener\">Preise erfahren<\/a><\/td>\n<\/tr>\n<tr>\n<td width=\"101\">Snowgarden Riederalp neben dem Kinderskilift der Skiarena Alpenrose<\/td>\n<td width=\"81\">ab 2.5 Jahren<\/td>\n<td width=\"90\">10 CHF ohne Skipass<\/td>\n<\/tr>\n<tr>\n<td width=\"101\">Kids Village Fiescheralp<\/td>\n<td width=\"81\">ab 4 Jahren<\/td>\n<td width=\"90\">Eintritt frei<\/td>\n<\/tr>\n<\/tbody>\n<\/table>\n<p>Sie wohnen auf der Bettmeralp und Ihr Kind mag nicht zum Snowgarden laufen? Dann nutzen Sie den <a href=\"https:\/\/www.aletscharena.ch\/planen-buchen\/angebote-erlebnisse\/angebot\/snowli-express\" target=\"_blank\" rel=\"noopener\">Snowli-Express<\/a>.<\/p>\n<p>Entdecken Sie die Wintersportregion am Aletschgletscher gemeinsam mit Ihrem Kind.<\/p>\n<p><em>Das Platzji ghert mir, doch zeig ichs \u00f6i dir, m\u00fcesch halt chli mit mir cho.<\/em><\/p>\n<\/div><\/section>\n<div class='flex_column av-8t87zq-e53afeb0ce1fb7123c167c357ceb0bff av_one_half  avia-builder-el-3  el_after_av_textblock  avia-builder-el-last  first flex_column_div column-top-margin'   ><p><div  class='av-post-metadata-container av-714wpy-f1960ec02a65541d112621724a33d9ee av-metadata-container-align-left  avia-builder-el-4  el_before_av_social_share  avia-builder-el-first  av-metadata-container-1'><div class='av-post-metadata-container-inner'><span class=\"av-post-metadata-content av-post-metadata-meta-content\"><span class=\"av-post-metadata-content av-post-metadata-author\"  itemprop=\"author\" ><span class=\"av-metadata-before av-metadata-before-author\">von<\/span><span class=\"av-post-metadata-author-link\" ><a href=\"https:\/\/ferienchalet-wallis.ch\/de\/author\/wallisaar\/\"  rel=\"author\">WalliSaar<\/a><\/span><\/span><span class=\"av-post-metadata-content av-post-metadata-separator\">\/<\/span><span class=\"av-post-metadata-content av-post-metadata-published\"><span class=\"av-post-metadata-published-date\" >M\u00e4rz 5, 2024<\/span><\/span><\/span><\/div><\/div><br \/>\n<div  class='av-social-sharing-box av-b9zna-a97e48b90252d109ea766ac06cbdcebd av-social-sharing-box-circle  avia-builder-el-5  el_after_av_post_metadata  avia-builder-el-last  av-social-sharing-box-color-bg av-social-sharing-box-same-width'><div class=\"av-share-box\"><h5 class='av-share-link-description av-no-toc '>Eintrag teilen<\/h5><ul class=\"av-share-box-list noLightbox\"><li class='av-share-link av-social-link-whatsapp' ><a target=\"_blank\" aria-label=\"Teilen auf WhatsApp\" href='https:\/\/api.whatsapp.com\/send?text=https:\/\/ferienchalet-wallis.ch\/de\/veranstaltungen-fuer-kinder-im-aletschgebiet\/' aria-hidden='false' data-av_icon='\uf232' data-av_iconfont='entypo-fontello' title='' data-avia-related-tooltip='Teilen auf WhatsApp' rel=\"noopener\"><span class='avia_hidden_link_text'>Teilen auf WhatsApp<\/span><\/a><\/li><\/ul><\/div><\/div><\/p><\/div>\n","protected":false},"excerpt":{"rendered":"","protected":false},"author":3,"featured_media":405,"comment_status":"closed","ping_status":"closed","sticky":false,"template":"","format":"standard","meta":{"footnotes":""},"categories":[6,17,18],"tags":[],"class_list":["post-1878","post","type-post","status-publish","format-standard","has-post-thumbnail","hentry","category-aletsch","category-kinder","category-wintersport"],"yoast_head":"<!-- This site is optimized with the Yoast SEO plugin v27.4 - https:\/\/yoast.com\/product\/yoast-seo-wordpress\/ -->\n<title>Kinderanimationen im Aletschgebiet - Bettmeralp und Riederalp<\/title>\n<meta name=\"description\" content=\"Informationen rund ums Kind: was unternimmt man mit seinem Kind im Aletschgebiet unternehmen und wie oder wo bringt man das Kind unter, w\u00e4hrend man Skifahren geht.\" \/>\n<meta name=\"robots\" content=\"index, follow, max-snippet:-1, max-image-preview:large, max-video-preview:-1\" \/>\n<link rel=\"canonical\" href=\"https:\/\/ferienchalet-wallis.ch\/de\/veranstaltungen-fuer-kinder-im-aletschgebiet\/\" \/>\n<meta property=\"og:locale\" content=\"de_DE\" \/>\n<meta property=\"og:type\" content=\"article\" \/>\n<meta property=\"og:title\" content=\"Kinderanimationen im Aletschgebiet - Bettmeralp und Riederalp\" \/>\n<meta property=\"og:description\" content=\"Informationen rund ums Kind: was unternimmt man mit seinem Kind im Aletschgebiet unternehmen und wie oder wo bringt man das Kind unter, w\u00e4hrend man Skifahren geht.\" \/>\n<meta property=\"og:url\" content=\"https:\/\/ferienchalet-wallis.ch\/de\/veranstaltungen-fuer-kinder-im-aletschgebiet\/\" \/>\n<meta property=\"og:site_name\" content=\"Bettmeralp und Riederalp\" \/>\n<meta property=\"article:published_time\" content=\"2024-03-05T10:25:58+00:00\" \/>\n<meta property=\"article:modified_time\" content=\"2024-03-05T13:00:04+00:00\" \/>\n<meta property=\"og:image\" content=\"https:\/\/ferienchalet-wallis.ch\/wp-content\/uploads\/2022\/04\/DSC_6425-1030x685.jpg\" \/>\n\t<meta property=\"og:image:width\" content=\"1030\" \/>\n\t<meta property=\"og:image:height\" content=\"685\" \/>\n\t<meta property=\"og:image:type\" content=\"image\/jpeg\" \/>\n<meta name=\"author\" content=\"WalliSaar\" \/>\n<meta name=\"twitter:card\" content=\"summary_large_image\" \/>\n<meta name=\"twitter:label1\" content=\"Verfasst von\" \/>\n\t<meta name=\"twitter:data1\" content=\"WalliSaar\" \/>\n\t<meta name=\"twitter:label2\" content=\"Gesch\u00e4tzte Lesezeit\" \/>\n\t<meta name=\"twitter:data2\" content=\"3\u00a0Minuten\" \/>\n<script type=\"application\/ld+json\" class=\"yoast-schema-graph\">{\"@context\":\"https:\\\/\\\/schema.org\",\"@graph\":[{\"@type\":\"Article\",\"@id\":\"https:\\\/\\\/ferienchalet-wallis.ch\\\/en\\\/veranstaltungen-fuer-kinder-im-aletschgebiet\\\/#article\",\"isPartOf\":{\"@id\":\"https:\\\/\\\/ferienchalet-wallis.ch\\\/en\\\/veranstaltungen-fuer-kinder-im-aletschgebiet\\\/\"},\"author\":{\"name\":\"WalliSaar\",\"@id\":\"https:\\\/\\\/ferienchalet-wallis.ch\\\/#\\\/schema\\\/person\\\/18b3f062b0514bc953799175b9bfdd2b\"},\"headline\":\"Kinderanimationen im Aletschgebiet\",\"datePublished\":\"2024-03-05T10:25:58+00:00\",\"dateModified\":\"2024-03-05T13:00:04+00:00\",\"mainEntityOfPage\":{\"@id\":\"https:\\\/\\\/ferienchalet-wallis.ch\\\/en\\\/veranstaltungen-fuer-kinder-im-aletschgebiet\\\/\"},\"wordCount\":725,\"publisher\":{\"@id\":\"https:\\\/\\\/ferienchalet-wallis.ch\\\/#organization\"},\"image\":{\"@id\":\"https:\\\/\\\/ferienchalet-wallis.ch\\\/en\\\/veranstaltungen-fuer-kinder-im-aletschgebiet\\\/#primaryimage\"},\"thumbnailUrl\":\"https:\\\/\\\/ferienchalet-wallis.ch\\\/wp-content\\\/uploads\\\/2022\\\/04\\\/DSC_6425-scaled.jpg\",\"articleSection\":[\"Aletsch\",\"Kinder\",\"Wintersport\"],\"inLanguage\":\"de\"},{\"@type\":\"WebPage\",\"@id\":\"https:\\\/\\\/ferienchalet-wallis.ch\\\/en\\\/veranstaltungen-fuer-kinder-im-aletschgebiet\\\/\",\"url\":\"https:\\\/\\\/ferienchalet-wallis.ch\\\/en\\\/veranstaltungen-fuer-kinder-im-aletschgebiet\\\/\",\"name\":\"Kinderanimationen im Aletschgebiet - Bettmeralp und Riederalp\",\"isPartOf\":{\"@id\":\"https:\\\/\\\/ferienchalet-wallis.ch\\\/#website\"},\"primaryImageOfPage\":{\"@id\":\"https:\\\/\\\/ferienchalet-wallis.ch\\\/en\\\/veranstaltungen-fuer-kinder-im-aletschgebiet\\\/#primaryimage\"},\"image\":{\"@id\":\"https:\\\/\\\/ferienchalet-wallis.ch\\\/en\\\/veranstaltungen-fuer-kinder-im-aletschgebiet\\\/#primaryimage\"},\"thumbnailUrl\":\"https:\\\/\\\/ferienchalet-wallis.ch\\\/wp-content\\\/uploads\\\/2022\\\/04\\\/DSC_6425-scaled.jpg\",\"datePublished\":\"2024-03-05T10:25:58+00:00\",\"dateModified\":\"2024-03-05T13:00:04+00:00\",\"description\":\"Informationen rund ums Kind: was unternimmt man mit seinem Kind im Aletschgebiet unternehmen und wie oder wo bringt man das Kind unter, w\u00e4hrend man Skifahren geht.\",\"breadcrumb\":{\"@id\":\"https:\\\/\\\/ferienchalet-wallis.ch\\\/en\\\/veranstaltungen-fuer-kinder-im-aletschgebiet\\\/#breadcrumb\"},\"inLanguage\":\"de\",\"potentialAction\":[{\"@type\":\"ReadAction\",\"target\":[\"https:\\\/\\\/ferienchalet-wallis.ch\\\/en\\\/veranstaltungen-fuer-kinder-im-aletschgebiet\\\/\"]}]},{\"@type\":\"ImageObject\",\"inLanguage\":\"de\",\"@id\":\"https:\\\/\\\/ferienchalet-wallis.ch\\\/en\\\/veranstaltungen-fuer-kinder-im-aletschgebiet\\\/#primaryimage\",\"url\":\"https:\\\/\\\/ferienchalet-wallis.ch\\\/wp-content\\\/uploads\\\/2022\\\/04\\\/DSC_6425-scaled.jpg\",\"contentUrl\":\"https:\\\/\\\/ferienchalet-wallis.ch\\\/wp-content\\\/uploads\\\/2022\\\/04\\\/DSC_6425-scaled.jpg\",\"width\":2560,\"height\":1703,\"caption\":\"Kinderskischule Riederalp\"},{\"@type\":\"BreadcrumbList\",\"@id\":\"https:\\\/\\\/ferienchalet-wallis.ch\\\/en\\\/veranstaltungen-fuer-kinder-im-aletschgebiet\\\/#breadcrumb\",\"itemListElement\":[{\"@type\":\"ListItem\",\"position\":1,\"name\":\"Home\",\"item\":\"https:\\\/\\\/ferienchalet-wallis.ch\\\/\"},{\"@type\":\"ListItem\",\"position\":2,\"name\":\"Kinderanimationen im Aletschgebiet\"}]},{\"@type\":\"WebSite\",\"@id\":\"https:\\\/\\\/ferienchalet-wallis.ch\\\/#website\",\"url\":\"https:\\\/\\\/ferienchalet-wallis.ch\\\/\",\"name\":\"Bettmeralp und Riederalp\",\"description\":\"Kranzfelder Markus\",\"publisher\":{\"@id\":\"https:\\\/\\\/ferienchalet-wallis.ch\\\/#organization\"},\"potentialAction\":[{\"@type\":\"SearchAction\",\"target\":{\"@type\":\"EntryPoint\",\"urlTemplate\":\"https:\\\/\\\/ferienchalet-wallis.ch\\\/?s={search_term_string}\"},\"query-input\":{\"@type\":\"PropertyValueSpecification\",\"valueRequired\":true,\"valueName\":\"search_term_string\"}}],\"inLanguage\":\"de\"},{\"@type\":\"Organization\",\"@id\":\"https:\\\/\\\/ferienchalet-wallis.ch\\\/#organization\",\"name\":\"Liegenschaftsbetreuung \\\/ Vermietung \u2013 M. Kranzfelder\",\"url\":\"https:\\\/\\\/ferienchalet-wallis.ch\\\/\",\"logo\":{\"@type\":\"ImageObject\",\"inLanguage\":\"de\",\"@id\":\"https:\\\/\\\/ferienchalet-wallis.ch\\\/#\\\/schema\\\/logo\\\/image\\\/\",\"url\":\"https:\\\/\\\/ferienchalet-wallis.ch\\\/wp-content\\\/uploads\\\/2022\\\/01\\\/Logo_Kranzfelder.png\",\"contentUrl\":\"https:\\\/\\\/ferienchalet-wallis.ch\\\/wp-content\\\/uploads\\\/2022\\\/01\\\/Logo_Kranzfelder.png\",\"width\":1526,\"height\":447,\"caption\":\"Liegenschaftsbetreuung \\\/ Vermietung \u2013 M. Kranzfelder\"},\"image\":{\"@id\":\"https:\\\/\\\/ferienchalet-wallis.ch\\\/#\\\/schema\\\/logo\\\/image\\\/\"}},{\"@type\":\"Person\",\"@id\":\"https:\\\/\\\/ferienchalet-wallis.ch\\\/#\\\/schema\\\/person\\\/18b3f062b0514bc953799175b9bfdd2b\",\"name\":\"WalliSaar\",\"image\":{\"@type\":\"ImageObject\",\"inLanguage\":\"de\",\"@id\":\"https:\\\/\\\/secure.gravatar.com\\\/avatar\\\/1be7f9468eac0e02f655be9ab758a01ae5dc72d678841cc4898d463993c78d36?s=96&d=initials&r=g&initials=ru\",\"url\":\"https:\\\/\\\/secure.gravatar.com\\\/avatar\\\/1be7f9468eac0e02f655be9ab758a01ae5dc72d678841cc4898d463993c78d36?s=96&d=initials&r=g&initials=ru\",\"contentUrl\":\"https:\\\/\\\/secure.gravatar.com\\\/avatar\\\/1be7f9468eac0e02f655be9ab758a01ae5dc72d678841cc4898d463993c78d36?s=96&d=initials&r=g&initials=ru\",\"caption\":\"WalliSaar\"},\"description\":\"Mein Name ist Anja Ruch und ich schreibe die Blogbeitr\u00e4ge f\u00fcr das Ehepaar Markus &amp; Tabitha Kranzfelder. Der Name WalliSaar gr\u00fcndet sich auf meinen Wurzeln im Saarland und den neuen im Wallis. My name is Anja Ruch and I write the blog entries for the Markus &amp; Tabitha Kranzfelder couple. The name WalliSaar shows the connection to my old roots in Saarland and the new ones in Valais.\",\"sameAs\":[\"https:\\\/\\\/www.ferienchalet-wallis.ch\\\/blog\"],\"url\":\"https:\\\/\\\/ferienchalet-wallis.ch\\\/de\\\/author\\\/wallisaar\\\/\"}]}<\/script>\n<!-- \/ Yoast SEO plugin. -->","yoast_head_json":{"title":"Kinderanimationen im Aletschgebiet - Bettmeralp und Riederalp","description":"Informationen rund ums Kind: was unternimmt man mit seinem Kind im Aletschgebiet unternehmen und wie oder wo bringt man das Kind unter, w\u00e4hrend man Skifahren geht.","robots":{"index":"index","follow":"follow","max-snippet":"max-snippet:-1","max-image-preview":"max-image-preview:large","max-video-preview":"max-video-preview:-1"},"canonical":"https:\/\/ferienchalet-wallis.ch\/de\/veranstaltungen-fuer-kinder-im-aletschgebiet\/","og_locale":"de_DE","og_type":"article","og_title":"Kinderanimationen im Aletschgebiet - Bettmeralp und Riederalp","og_description":"Informationen rund ums Kind: was unternimmt man mit seinem Kind im Aletschgebiet unternehmen und wie oder wo bringt man das Kind unter, w\u00e4hrend man Skifahren geht.","og_url":"https:\/\/ferienchalet-wallis.ch\/de\/veranstaltungen-fuer-kinder-im-aletschgebiet\/","og_site_name":"Bettmeralp und Riederalp","article_published_time":"2024-03-05T10:25:58+00:00","article_modified_time":"2024-03-05T13:00:04+00:00","og_image":[{"width":1030,"height":685,"url":"https:\/\/ferienchalet-wallis.ch\/wp-content\/uploads\/2022\/04\/DSC_6425-1030x685.jpg","type":"image\/jpeg"}],"author":"WalliSaar","twitter_card":"summary_large_image","twitter_misc":{"Verfasst von":"WalliSaar","Gesch\u00e4tzte Lesezeit":"3\u00a0Minuten"},"schema":{"@context":"https:\/\/schema.org","@graph":[{"@type":"Article","@id":"https:\/\/ferienchalet-wallis.ch\/en\/veranstaltungen-fuer-kinder-im-aletschgebiet\/#article","isPartOf":{"@id":"https:\/\/ferienchalet-wallis.ch\/en\/veranstaltungen-fuer-kinder-im-aletschgebiet\/"},"author":{"name":"WalliSaar","@id":"https:\/\/ferienchalet-wallis.ch\/#\/schema\/person\/18b3f062b0514bc953799175b9bfdd2b"},"headline":"Kinderanimationen im Aletschgebiet","datePublished":"2024-03-05T10:25:58+00:00","dateModified":"2024-03-05T13:00:04+00:00","mainEntityOfPage":{"@id":"https:\/\/ferienchalet-wallis.ch\/en\/veranstaltungen-fuer-kinder-im-aletschgebiet\/"},"wordCount":725,"publisher":{"@id":"https:\/\/ferienchalet-wallis.ch\/#organization"},"image":{"@id":"https:\/\/ferienchalet-wallis.ch\/en\/veranstaltungen-fuer-kinder-im-aletschgebiet\/#primaryimage"},"thumbnailUrl":"https:\/\/ferienchalet-wallis.ch\/wp-content\/uploads\/2022\/04\/DSC_6425-scaled.jpg","articleSection":["Aletsch","Kinder","Wintersport"],"inLanguage":"de"},{"@type":"WebPage","@id":"https:\/\/ferienchalet-wallis.ch\/en\/veranstaltungen-fuer-kinder-im-aletschgebiet\/","url":"https:\/\/ferienchalet-wallis.ch\/en\/veranstaltungen-fuer-kinder-im-aletschgebiet\/","name":"Kinderanimationen im Aletschgebiet - Bettmeralp und Riederalp","isPartOf":{"@id":"https:\/\/ferienchalet-wallis.ch\/#website"},"primaryImageOfPage":{"@id":"https:\/\/ferienchalet-wallis.ch\/en\/veranstaltungen-fuer-kinder-im-aletschgebiet\/#primaryimage"},"image":{"@id":"https:\/\/ferienchalet-wallis.ch\/en\/veranstaltungen-fuer-kinder-im-aletschgebiet\/#primaryimage"},"thumbnailUrl":"https:\/\/ferienchalet-wallis.ch\/wp-content\/uploads\/2022\/04\/DSC_6425-scaled.jpg","datePublished":"2024-03-05T10:25:58+00:00","dateModified":"2024-03-05T13:00:04+00:00","description":"Informationen rund ums Kind: was unternimmt man mit seinem Kind im Aletschgebiet unternehmen und wie oder wo bringt man das Kind unter, w\u00e4hrend man Skifahren geht.","breadcrumb":{"@id":"https:\/\/ferienchalet-wallis.ch\/en\/veranstaltungen-fuer-kinder-im-aletschgebiet\/#breadcrumb"},"inLanguage":"de","potentialAction":[{"@type":"ReadAction","target":["https:\/\/ferienchalet-wallis.ch\/en\/veranstaltungen-fuer-kinder-im-aletschgebiet\/"]}]},{"@type":"ImageObject","inLanguage":"de","@id":"https:\/\/ferienchalet-wallis.ch\/en\/veranstaltungen-fuer-kinder-im-aletschgebiet\/#primaryimage","url":"https:\/\/ferienchalet-wallis.ch\/wp-content\/uploads\/2022\/04\/DSC_6425-scaled.jpg","contentUrl":"https:\/\/ferienchalet-wallis.ch\/wp-content\/uploads\/2022\/04\/DSC_6425-scaled.jpg","width":2560,"height":1703,"caption":"Kinderskischule Riederalp"},{"@type":"BreadcrumbList","@id":"https:\/\/ferienchalet-wallis.ch\/en\/veranstaltungen-fuer-kinder-im-aletschgebiet\/#breadcrumb","itemListElement":[{"@type":"ListItem","position":1,"name":"Home","item":"https:\/\/ferienchalet-wallis.ch\/"},{"@type":"ListItem","position":2,"name":"Kinderanimationen im Aletschgebiet"}]},{"@type":"WebSite","@id":"https:\/\/ferienchalet-wallis.ch\/#website","url":"https:\/\/ferienchalet-wallis.ch\/","name":"Bettmeralp und Riederalp","description":"Kranzfelder Markus","publisher":{"@id":"https:\/\/ferienchalet-wallis.ch\/#organization"},"potentialAction":[{"@type":"SearchAction","target":{"@type":"EntryPoint","urlTemplate":"https:\/\/ferienchalet-wallis.ch\/?s={search_term_string}"},"query-input":{"@type":"PropertyValueSpecification","valueRequired":true,"valueName":"search_term_string"}}],"inLanguage":"de"},{"@type":"Organization","@id":"https:\/\/ferienchalet-wallis.ch\/#organization","name":"Liegenschaftsbetreuung \/ Vermietung \u2013 M. Kranzfelder","url":"https:\/\/ferienchalet-wallis.ch\/","logo":{"@type":"ImageObject","inLanguage":"de","@id":"https:\/\/ferienchalet-wallis.ch\/#\/schema\/logo\/image\/","url":"https:\/\/ferienchalet-wallis.ch\/wp-content\/uploads\/2022\/01\/Logo_Kranzfelder.png","contentUrl":"https:\/\/ferienchalet-wallis.ch\/wp-content\/uploads\/2022\/01\/Logo_Kranzfelder.png","width":1526,"height":447,"caption":"Liegenschaftsbetreuung \/ Vermietung \u2013 M. Kranzfelder"},"image":{"@id":"https:\/\/ferienchalet-wallis.ch\/#\/schema\/logo\/image\/"}},{"@type":"Person","@id":"https:\/\/ferienchalet-wallis.ch\/#\/schema\/person\/18b3f062b0514bc953799175b9bfdd2b","name":"WalliSaar","image":{"@type":"ImageObject","inLanguage":"de","@id":"https:\/\/secure.gravatar.com\/avatar\/1be7f9468eac0e02f655be9ab758a01ae5dc72d678841cc4898d463993c78d36?s=96&d=initials&r=g&initials=ru","url":"https:\/\/secure.gravatar.com\/avatar\/1be7f9468eac0e02f655be9ab758a01ae5dc72d678841cc4898d463993c78d36?s=96&d=initials&r=g&initials=ru","contentUrl":"https:\/\/secure.gravatar.com\/avatar\/1be7f9468eac0e02f655be9ab758a01ae5dc72d678841cc4898d463993c78d36?s=96&d=initials&r=g&initials=ru","caption":"WalliSaar"},"description":"Mein Name ist Anja Ruch und ich schreibe die Blogbeitr\u00e4ge f\u00fcr das Ehepaar Markus &amp; Tabitha Kranzfelder. Der Name WalliSaar gr\u00fcndet sich auf meinen Wurzeln im Saarland und den neuen im Wallis. My name is Anja Ruch and I write the blog entries for the Markus &amp; Tabitha Kranzfelder couple. The name WalliSaar shows the connection to my old roots in Saarland and the new ones in Valais.","sameAs":["https:\/\/www.ferienchalet-wallis.ch\/blog"],"url":"https:\/\/ferienchalet-wallis.ch\/de\/author\/wallisaar\/"}]}},"_links":{"self":[{"href":"https:\/\/ferienchalet-wallis.ch\/de\/wp-json\/wp\/v2\/posts\/1878","targetHints":{"allow":["GET"]}}],"collection":[{"href":"https:\/\/ferienchalet-wallis.ch\/de\/wp-json\/wp\/v2\/posts"}],"about":[{"href":"https:\/\/ferienchalet-wallis.ch\/de\/wp-json\/wp\/v2\/types\/post"}],"author":[{"embeddable":true,"href":"https:\/\/ferienchalet-wallis.ch\/de\/wp-json\/wp\/v2\/users\/3"}],"replies":[{"embeddable":true,"href":"https:\/\/ferienchalet-wallis.ch\/de\/wp-json\/wp\/v2\/comments?post=1878"}],"version-history":[{"count":11,"href":"https:\/\/ferienchalet-wallis.ch\/de\/wp-json\/wp\/v2\/posts\/1878\/revisions"}],"predecessor-version":[{"id":1890,"href":"https:\/\/ferienchalet-wallis.ch\/de\/wp-json\/wp\/v2\/posts\/1878\/revisions\/1890"}],"wp:featuredmedia":[{"embeddable":true,"href":"https:\/\/ferienchalet-wallis.ch\/de\/wp-json\/wp\/v2\/media\/405"}],"wp:attachment":[{"href":"https:\/\/ferienchalet-wallis.ch\/de\/wp-json\/wp\/v2\/media?parent=1878"}],"wp:term":[{"taxonomy":"category","embeddable":true,"href":"https:\/\/ferienchalet-wallis.ch\/de\/wp-json\/wp\/v2\/categories?post=1878"},{"taxonomy":"post_tag","embeddable":true,"href":"https:\/\/ferienchalet-wallis.ch\/de\/wp-json\/wp\/v2\/tags?post=1878"}],"curies":[{"name":"wp","href":"https:\/\/api.w.org\/{rel}","templated":true}]}}