{"id":1921,"date":"2024-05-07T12:20:40","date_gmt":"2024-05-07T12:20:40","guid":{"rendered":"https:\/\/ferienchalet-wallis.ch\/?p=1921"},"modified":"2024-05-21T12:06:10","modified_gmt":"2024-05-21T12:06:10","slug":"die-wandersaison-am-aletsch-beginnt-am-08-06-24","status":"publish","type":"post","link":"https:\/\/ferienchalet-wallis.ch\/de\/die-wandersaison-am-aletsch-beginnt-am-08-06-24\/","title":{"rendered":"Wandern \u00fcber die H\u00e4ngebr\u00fccke am Aletsch"},"content":{"rendered":"\n<style type=\"text\/css\" data-created_by=\"avia_inline_auto\" id=\"style-css-av-lvwce1cw-f242761d38a69c2083345743670017ce\">\n#top .av-special-heading.av-lvwce1cw-f242761d38a69c2083345743670017ce{\npadding-bottom:10px;\n}\nbody .av-special-heading.av-lvwce1cw-f242761d38a69c2083345743670017ce .av-special-heading-tag .heading-char{\nfont-size:25px;\n}\n.av-special-heading.av-lvwce1cw-f242761d38a69c2083345743670017ce .av-subheading{\nfont-size:15px;\n}\n<\/style>\n<div  class='av-special-heading av-lvwce1cw-f242761d38a69c2083345743670017ce av-special-heading-h2  avia-builder-el-0  el_before_av_textblock  avia-builder-el-first '><h2 class='av-special-heading-tag'  itemprop=\"headline\"  >Die Wandersaison mit einer h\u00e4ngenden Herausforderung beginnen<\/h2><div class=\"special-heading-border\"><div class=\"special-heading-inner-border\"><\/div><\/div><\/div>\n<section  class='av_textblock_section av-lvwclpkl-de9f502ec17703336f1e9afe32fb4a96'  itemscope=\"itemscope\" itemtype=\"https:\/\/schema.org\/BlogPosting\" itemprop=\"blogPost\" ><div class='avia_textblock'  itemprop=\"text\" ><p>Ja, manchmal muss man im Leben die Grenzen des Machbaren etwas weiterstecken. Darum schreibe ich heute \u00fcber die H\u00e4ngebr\u00fccke Belalp \u2013 Riederalp. Manch ge\u00fcbter Wanderer fragt sich jetzt vielleicht, wo da die Herausforderung sein soll. Doch Wanderer ist nicht gleich Wanderer. Und anspruchsvoll ist die Strecke allemal. Erstens sollte man mit H\u00e4ngebr\u00fccken, dem damit verbundenen Schwanken und der H\u00f6he gelassen umgehen k\u00f6nnen. Und zweitens ist die Dauer der Wanderung auch nicht zu verachten, denn man ist zwischen 4.5 und 5 Stunden unterwegs.<\/p>\n<p>Die angegebene <a href=\"https:\/\/www.aletscharena.ch\/aktivitaeten\/tour\/haengebruecke-riederalp-belalp\" target=\"_blank\" rel=\"noopener\">Wegbeschreibung<\/a> startet auf der Riederalp. Wir sind von der Belalp gestartet, weshalb ich lediglich die Herausforderungen konkretisiere.<\/p>\n<h3>Gutes Schuhwerk erforderlich<\/h3>\n<p>Am besten benutzen Sie die alte Kabinenbahn hoch zur Bergstation der Belalp. Dann ist der Weg rechterhand zum Hotel Belalp\/Aletschbord etwas k\u00fcrzer als mit der Gondelbahn. So richtig los geht es dann erst am Aletschbord mit einem steilen Abstieg. Hat man den hinter sich, ist der weitere Wegverlauf wiederum entspannt, mehr oder weniger flaches Terrain und Wald. Zur H\u00e4ngebr\u00fccke geht der Weg \u00fcber felsiges Gel\u00e4nde bergab. Da der Felsen je nach Wetter wirklich glatt ist, tragen Sie gute Wanderschuhe. Wenn Sie H\u00e4ngebr\u00fccken so m\u00f6gen wie ich, nicht lange \u00fcberlegen und flott passieren. Auf der anderen Seite ist der Aufstieg spannend. Einfach nicht nach unten schauen.<\/p>\n<h3>Pause am Gr\u00fcnsee und bei der Villa Cassel<\/h3>\n<p>Wie w\u00e4r\u2019s mit einer Pause am Gr\u00fcnsee? Picknicken und ausruhen. Anschliessend wandern Sie stetig bergan durch den <a href=\"https:\/\/ferienchalet-wallis.ch\/der-aletschwald\/\" target=\"_blank\" rel=\"noopener\">Aletschwald<\/a>, sehen vielleicht Bergg\u00e4msen und geniessen diesen nat\u00fcrlichen Wald. Am Ende Ihrer Wanderung stehen Sie vor der Villa Cassel. Mein Tipp: Einkehren und selbstgemachten Kuchen geniessen.<\/p>\n<p>Diese Wanderung ist neuerdings auch <a href=\"https:\/\/www.aletscharena.ch\/planen-buchen\/angebote-erlebnisse\/angebot\/nachtwanderung-bettmeralp-belalp?utm_campaign=2023-24-Outdoor&#038;utm_medium=email&#038;_hsenc=p2ANqtz--aGZhiEthdV8EKI06nMqjJ4wEtNCVvXAKgHzbuTa387AJ3H5yvIu9io1-Urfz2JmejeQiH1rBG66FxAmjUbHOgJF-CRw&#038;_hsmi=87017512&#038;utm_content=87017512&#038;utm_source=hs_email\" target=\"_blank\" rel=\"noopener\">nachts mit einem Bergf\u00fchrer<\/a> m\u00f6glich.\u00a0Am Ende bin ich als Flachlandtiroler ganz sch\u00f6n kaputt gewesen. Aber gl\u00fccklich!<\/p>\n<p><em>Wie sch\u00f6n isch doch z\u2019L\u00e4be im jungfrische Mai, der Himmel so blau und z\u2018 Deiche so frei<\/em><\/p>\n<\/div><\/section>\n<div class='flex_column av-9ii2nb-88a8a7a929dcc1f5ec987f757c417591 av_one_half  avia-builder-el-2  el_after_av_textblock  avia-builder-el-last  first flex_column_div column-top-margin'   ><p><div  class='av-post-metadata-container av-75q5tj-1802d56295318d9e74149310567f5390 av-metadata-container-align-left  avia-builder-el-3  el_before_av_social_share  avia-builder-el-first  av-metadata-container-1'><div class='av-post-metadata-container-inner'><span class=\"av-post-metadata-content av-post-metadata-meta-content\"><span class=\"av-post-metadata-content av-post-metadata-author\"  itemprop=\"author\" ><span class=\"av-metadata-before av-metadata-before-author\">von<\/span><span class=\"av-post-metadata-author-link\" ><a href=\"https:\/\/ferienchalet-wallis.ch\/de\/author\/wallisaar\/\"  rel=\"author\">WalliSaar<\/a><\/span><\/span><span class=\"av-post-metadata-content av-post-metadata-separator\">\/<\/span><span class=\"av-post-metadata-content av-post-metadata-published\"><span class=\"av-post-metadata-published-date\" >Mai 7, 2024<\/span><\/span><\/span><\/div><\/div><br \/>\n<div  class='av-social-sharing-box av-33h12f-fbc5e0ada3eee4c8f70ce99c82e40978 av-social-sharing-box-circle  avia-builder-el-4  el_after_av_post_metadata  avia-builder-el-last  av-social-sharing-box-color-bg av-social-sharing-box-same-width'><div class=\"av-share-box\"><h5 class='av-share-link-description av-no-toc '>Eintrag teilen<\/h5><ul class=\"av-share-box-list noLightbox\"><li class='av-share-link av-social-link-whatsapp' ><a target=\"_blank\" aria-label=\"Teilen auf WhatsApp\" href='https:\/\/api.whatsapp.com\/send?text=https:\/\/ferienchalet-wallis.ch\/de\/die-wandersaison-am-aletsch-beginnt-am-08-06-24\/' aria-hidden='false' data-av_icon='\uf232' data-av_iconfont='entypo-fontello' title='' data-avia-related-tooltip='Teilen auf WhatsApp' rel=\"noopener\"><span class='avia_hidden_link_text'>Teilen auf WhatsApp<\/span><\/a><\/li><\/ul><\/div><\/div><\/p><\/div>\n","protected":false},"excerpt":{"rendered":"","protected":false},"author":3,"featured_media":1913,"comment_status":"closed","ping_status":"closed","sticky":false,"template":"","format":"standard","meta":{"footnotes":""},"categories":[6,7,12],"tags":[],"class_list":["post-1921","post","type-post","status-publish","format-standard","has-post-thumbnail","hentry","category-aletsch","category-riederalp","category-wandern"],"yoast_head":"<!-- This site is optimized with the Yoast SEO plugin v27.4 - https:\/\/yoast.com\/product\/yoast-seo-wordpress\/ -->\n<title>Wandern \u00fcber die H\u00e4ngebr\u00fccke am Aletsch - Bettmeralp und Riederalp<\/title>\n<meta name=\"description\" content=\"Wanderung zur H\u00e4ngebr\u00fccke im Aletschgebiet mit Beschreibung der Wanderstrecke. F\u00fcr Ge\u00fcbte.\" \/>\n<meta name=\"robots\" content=\"index, follow, max-snippet:-1, max-image-preview:large, max-video-preview:-1\" \/>\n<link rel=\"canonical\" href=\"https:\/\/ferienchalet-wallis.ch\/de\/die-wandersaison-am-aletsch-beginnt-am-08-06-24\/\" \/>\n<meta property=\"og:locale\" content=\"de_DE\" \/>\n<meta property=\"og:type\" content=\"article\" \/>\n<meta property=\"og:title\" content=\"Wandern \u00fcber die H\u00e4ngebr\u00fccke am Aletsch - Bettmeralp und Riederalp\" \/>\n<meta property=\"og:description\" content=\"Wanderung zur H\u00e4ngebr\u00fccke im Aletschgebiet mit Beschreibung der Wanderstrecke. F\u00fcr Ge\u00fcbte.\" \/>\n<meta property=\"og:url\" content=\"https:\/\/ferienchalet-wallis.ch\/de\/die-wandersaison-am-aletsch-beginnt-am-08-06-24\/\" \/>\n<meta property=\"og:site_name\" content=\"Bettmeralp und Riederalp\" \/>\n<meta property=\"article:published_time\" content=\"2024-05-07T12:20:40+00:00\" \/>\n<meta property=\"article:modified_time\" content=\"2024-05-21T12:06:10+00:00\" \/>\n<meta property=\"og:image\" content=\"https:\/\/ferienchalet-wallis.ch\/wp-content\/uploads\/2024\/05\/Haengebruecke-Sommer-Aletsch-Arena-Christian-Perret-1030x687.jpg\" \/>\n\t<meta property=\"og:image:width\" content=\"1030\" \/>\n\t<meta property=\"og:image:height\" content=\"687\" \/>\n\t<meta property=\"og:image:type\" content=\"image\/jpeg\" \/>\n<meta name=\"author\" content=\"WalliSaar\" \/>\n<meta name=\"twitter:card\" content=\"summary_large_image\" \/>\n<meta name=\"twitter:label1\" content=\"Verfasst von\" \/>\n\t<meta name=\"twitter:data1\" content=\"WalliSaar\" \/>\n\t<meta name=\"twitter:label2\" content=\"Gesch\u00e4tzte Lesezeit\" \/>\n\t<meta name=\"twitter:data2\" content=\"4\u00a0Minuten\" \/>\n<script type=\"application\/ld+json\" class=\"yoast-schema-graph\">{\"@context\":\"https:\\\/\\\/schema.org\",\"@graph\":[{\"@type\":\"Article\",\"@id\":\"https:\\\/\\\/ferienchalet-wallis.ch\\\/de\\\/die-wandersaison-am-aletsch-beginnt-am-08-06-24\\\/#article\",\"isPartOf\":{\"@id\":\"https:\\\/\\\/ferienchalet-wallis.ch\\\/de\\\/die-wandersaison-am-aletsch-beginnt-am-08-06-24\\\/\"},\"author\":{\"name\":\"WalliSaar\",\"@id\":\"https:\\\/\\\/ferienchalet-wallis.ch\\\/#\\\/schema\\\/person\\\/18b3f062b0514bc953799175b9bfdd2b\"},\"headline\":\"Wandern \u00fcber die H\u00e4ngebr\u00fccke am Aletsch\",\"datePublished\":\"2024-05-07T12:20:40+00:00\",\"dateModified\":\"2024-05-21T12:06:10+00:00\",\"mainEntityOfPage\":{\"@id\":\"https:\\\/\\\/ferienchalet-wallis.ch\\\/de\\\/die-wandersaison-am-aletsch-beginnt-am-08-06-24\\\/\"},\"wordCount\":801,\"publisher\":{\"@id\":\"https:\\\/\\\/ferienchalet-wallis.ch\\\/#organization\"},\"image\":{\"@id\":\"https:\\\/\\\/ferienchalet-wallis.ch\\\/de\\\/die-wandersaison-am-aletsch-beginnt-am-08-06-24\\\/#primaryimage\"},\"thumbnailUrl\":\"https:\\\/\\\/ferienchalet-wallis.ch\\\/wp-content\\\/uploads\\\/2024\\\/05\\\/Haengebruecke-Sommer-Aletsch-Arena-Christian-Perret.jpg\",\"articleSection\":[\"Aletsch\",\"Riederalp\",\"Wandern\"],\"inLanguage\":\"de\"},{\"@type\":\"WebPage\",\"@id\":\"https:\\\/\\\/ferienchalet-wallis.ch\\\/de\\\/die-wandersaison-am-aletsch-beginnt-am-08-06-24\\\/\",\"url\":\"https:\\\/\\\/ferienchalet-wallis.ch\\\/de\\\/die-wandersaison-am-aletsch-beginnt-am-08-06-24\\\/\",\"name\":\"Wandern \u00fcber die H\u00e4ngebr\u00fccke am Aletsch - Bettmeralp und Riederalp\",\"isPartOf\":{\"@id\":\"https:\\\/\\\/ferienchalet-wallis.ch\\\/#website\"},\"primaryImageOfPage\":{\"@id\":\"https:\\\/\\\/ferienchalet-wallis.ch\\\/de\\\/die-wandersaison-am-aletsch-beginnt-am-08-06-24\\\/#primaryimage\"},\"image\":{\"@id\":\"https:\\\/\\\/ferienchalet-wallis.ch\\\/de\\\/die-wandersaison-am-aletsch-beginnt-am-08-06-24\\\/#primaryimage\"},\"thumbnailUrl\":\"https:\\\/\\\/ferienchalet-wallis.ch\\\/wp-content\\\/uploads\\\/2024\\\/05\\\/Haengebruecke-Sommer-Aletsch-Arena-Christian-Perret.jpg\",\"datePublished\":\"2024-05-07T12:20:40+00:00\",\"dateModified\":\"2024-05-21T12:06:10+00:00\",\"description\":\"Wanderung zur H\u00e4ngebr\u00fccke im Aletschgebiet mit Beschreibung der Wanderstrecke. F\u00fcr Ge\u00fcbte.\",\"breadcrumb\":{\"@id\":\"https:\\\/\\\/ferienchalet-wallis.ch\\\/de\\\/die-wandersaison-am-aletsch-beginnt-am-08-06-24\\\/#breadcrumb\"},\"inLanguage\":\"de\",\"potentialAction\":[{\"@type\":\"ReadAction\",\"target\":[\"https:\\\/\\\/ferienchalet-wallis.ch\\\/de\\\/die-wandersaison-am-aletsch-beginnt-am-08-06-24\\\/\"]}]},{\"@type\":\"ImageObject\",\"inLanguage\":\"de\",\"@id\":\"https:\\\/\\\/ferienchalet-wallis.ch\\\/de\\\/die-wandersaison-am-aletsch-beginnt-am-08-06-24\\\/#primaryimage\",\"url\":\"https:\\\/\\\/ferienchalet-wallis.ch\\\/wp-content\\\/uploads\\\/2024\\\/05\\\/Haengebruecke-Sommer-Aletsch-Arena-Christian-Perret.jpg\",\"contentUrl\":\"https:\\\/\\\/ferienchalet-wallis.ch\\\/wp-content\\\/uploads\\\/2024\\\/05\\\/Haengebruecke-Sommer-Aletsch-Arena-Christian-Perret.jpg\",\"width\":2500,\"height\":1667,\"caption\":\"Sommer, H\u00e4ngebr\u00fccke, Wandern, Riederalp, Belalp, Aletschgletscher, Gletscherzunge, Gletscherm\u00f6rane, Rundweg\"},{\"@type\":\"BreadcrumbList\",\"@id\":\"https:\\\/\\\/ferienchalet-wallis.ch\\\/de\\\/die-wandersaison-am-aletsch-beginnt-am-08-06-24\\\/#breadcrumb\",\"itemListElement\":[{\"@type\":\"ListItem\",\"position\":1,\"name\":\"Home\",\"item\":\"https:\\\/\\\/ferienchalet-wallis.ch\\\/\"},{\"@type\":\"ListItem\",\"position\":2,\"name\":\"Wandern \u00fcber die H\u00e4ngebr\u00fccke am Aletsch\"}]},{\"@type\":\"WebSite\",\"@id\":\"https:\\\/\\\/ferienchalet-wallis.ch\\\/#website\",\"url\":\"https:\\\/\\\/ferienchalet-wallis.ch\\\/\",\"name\":\"Bettmeralp und Riederalp\",\"description\":\"Kranzfelder Markus\",\"publisher\":{\"@id\":\"https:\\\/\\\/ferienchalet-wallis.ch\\\/#organization\"},\"potentialAction\":[{\"@type\":\"SearchAction\",\"target\":{\"@type\":\"EntryPoint\",\"urlTemplate\":\"https:\\\/\\\/ferienchalet-wallis.ch\\\/?s={search_term_string}\"},\"query-input\":{\"@type\":\"PropertyValueSpecification\",\"valueRequired\":true,\"valueName\":\"search_term_string\"}}],\"inLanguage\":\"de\"},{\"@type\":\"Organization\",\"@id\":\"https:\\\/\\\/ferienchalet-wallis.ch\\\/#organization\",\"name\":\"Liegenschaftsbetreuung \\\/ Vermietung \u2013 M. Kranzfelder\",\"url\":\"https:\\\/\\\/ferienchalet-wallis.ch\\\/\",\"logo\":{\"@type\":\"ImageObject\",\"inLanguage\":\"de\",\"@id\":\"https:\\\/\\\/ferienchalet-wallis.ch\\\/#\\\/schema\\\/logo\\\/image\\\/\",\"url\":\"https:\\\/\\\/ferienchalet-wallis.ch\\\/wp-content\\\/uploads\\\/2022\\\/01\\\/Logo_Kranzfelder.png\",\"contentUrl\":\"https:\\\/\\\/ferienchalet-wallis.ch\\\/wp-content\\\/uploads\\\/2022\\\/01\\\/Logo_Kranzfelder.png\",\"width\":1526,\"height\":447,\"caption\":\"Liegenschaftsbetreuung \\\/ Vermietung \u2013 M. Kranzfelder\"},\"image\":{\"@id\":\"https:\\\/\\\/ferienchalet-wallis.ch\\\/#\\\/schema\\\/logo\\\/image\\\/\"}},{\"@type\":\"Person\",\"@id\":\"https:\\\/\\\/ferienchalet-wallis.ch\\\/#\\\/schema\\\/person\\\/18b3f062b0514bc953799175b9bfdd2b\",\"name\":\"WalliSaar\",\"image\":{\"@type\":\"ImageObject\",\"inLanguage\":\"de\",\"@id\":\"https:\\\/\\\/secure.gravatar.com\\\/avatar\\\/1be7f9468eac0e02f655be9ab758a01ae5dc72d678841cc4898d463993c78d36?s=96&d=initials&r=g&initials=ru\",\"url\":\"https:\\\/\\\/secure.gravatar.com\\\/avatar\\\/1be7f9468eac0e02f655be9ab758a01ae5dc72d678841cc4898d463993c78d36?s=96&d=initials&r=g&initials=ru\",\"contentUrl\":\"https:\\\/\\\/secure.gravatar.com\\\/avatar\\\/1be7f9468eac0e02f655be9ab758a01ae5dc72d678841cc4898d463993c78d36?s=96&d=initials&r=g&initials=ru\",\"caption\":\"WalliSaar\"},\"description\":\"Mein Name ist Anja Ruch und ich schreibe die Blogbeitr\u00e4ge f\u00fcr das Ehepaar Markus &amp; Tabitha Kranzfelder. Der Name WalliSaar gr\u00fcndet sich auf meinen Wurzeln im Saarland und den neuen im Wallis. My name is Anja Ruch and I write the blog entries for the Markus &amp; Tabitha Kranzfelder couple. The name WalliSaar shows the connection to my old roots in Saarland and the new ones in Valais.\",\"sameAs\":[\"https:\\\/\\\/www.ferienchalet-wallis.ch\\\/blog\"],\"url\":\"https:\\\/\\\/ferienchalet-wallis.ch\\\/de\\\/author\\\/wallisaar\\\/\"}]}<\/script>\n<!-- \/ Yoast SEO plugin. -->","yoast_head_json":{"title":"Wandern \u00fcber die H\u00e4ngebr\u00fccke am Aletsch - Bettmeralp und Riederalp","description":"Wanderung zur H\u00e4ngebr\u00fccke im Aletschgebiet mit Beschreibung der Wanderstrecke. F\u00fcr Ge\u00fcbte.","robots":{"index":"index","follow":"follow","max-snippet":"max-snippet:-1","max-image-preview":"max-image-preview:large","max-video-preview":"max-video-preview:-1"},"canonical":"https:\/\/ferienchalet-wallis.ch\/de\/die-wandersaison-am-aletsch-beginnt-am-08-06-24\/","og_locale":"de_DE","og_type":"article","og_title":"Wandern \u00fcber die H\u00e4ngebr\u00fccke am Aletsch - Bettmeralp und Riederalp","og_description":"Wanderung zur H\u00e4ngebr\u00fccke im Aletschgebiet mit Beschreibung der Wanderstrecke. F\u00fcr Ge\u00fcbte.","og_url":"https:\/\/ferienchalet-wallis.ch\/de\/die-wandersaison-am-aletsch-beginnt-am-08-06-24\/","og_site_name":"Bettmeralp und Riederalp","article_published_time":"2024-05-07T12:20:40+00:00","article_modified_time":"2024-05-21T12:06:10+00:00","og_image":[{"width":1030,"height":687,"url":"https:\/\/ferienchalet-wallis.ch\/wp-content\/uploads\/2024\/05\/Haengebruecke-Sommer-Aletsch-Arena-Christian-Perret-1030x687.jpg","type":"image\/jpeg"}],"author":"WalliSaar","twitter_card":"summary_large_image","twitter_misc":{"Verfasst von":"WalliSaar","Gesch\u00e4tzte Lesezeit":"4\u00a0Minuten"},"schema":{"@context":"https:\/\/schema.org","@graph":[{"@type":"Article","@id":"https:\/\/ferienchalet-wallis.ch\/de\/die-wandersaison-am-aletsch-beginnt-am-08-06-24\/#article","isPartOf":{"@id":"https:\/\/ferienchalet-wallis.ch\/de\/die-wandersaison-am-aletsch-beginnt-am-08-06-24\/"},"author":{"name":"WalliSaar","@id":"https:\/\/ferienchalet-wallis.ch\/#\/schema\/person\/18b3f062b0514bc953799175b9bfdd2b"},"headline":"Wandern \u00fcber die H\u00e4ngebr\u00fccke am Aletsch","datePublished":"2024-05-07T12:20:40+00:00","dateModified":"2024-05-21T12:06:10+00:00","mainEntityOfPage":{"@id":"https:\/\/ferienchalet-wallis.ch\/de\/die-wandersaison-am-aletsch-beginnt-am-08-06-24\/"},"wordCount":801,"publisher":{"@id":"https:\/\/ferienchalet-wallis.ch\/#organization"},"image":{"@id":"https:\/\/ferienchalet-wallis.ch\/de\/die-wandersaison-am-aletsch-beginnt-am-08-06-24\/#primaryimage"},"thumbnailUrl":"https:\/\/ferienchalet-wallis.ch\/wp-content\/uploads\/2024\/05\/Haengebruecke-Sommer-Aletsch-Arena-Christian-Perret.jpg","articleSection":["Aletsch","Riederalp","Wandern"],"inLanguage":"de"},{"@type":"WebPage","@id":"https:\/\/ferienchalet-wallis.ch\/de\/die-wandersaison-am-aletsch-beginnt-am-08-06-24\/","url":"https:\/\/ferienchalet-wallis.ch\/de\/die-wandersaison-am-aletsch-beginnt-am-08-06-24\/","name":"Wandern \u00fcber die H\u00e4ngebr\u00fccke am Aletsch - Bettmeralp und Riederalp","isPartOf":{"@id":"https:\/\/ferienchalet-wallis.ch\/#website"},"primaryImageOfPage":{"@id":"https:\/\/ferienchalet-wallis.ch\/de\/die-wandersaison-am-aletsch-beginnt-am-08-06-24\/#primaryimage"},"image":{"@id":"https:\/\/ferienchalet-wallis.ch\/de\/die-wandersaison-am-aletsch-beginnt-am-08-06-24\/#primaryimage"},"thumbnailUrl":"https:\/\/ferienchalet-wallis.ch\/wp-content\/uploads\/2024\/05\/Haengebruecke-Sommer-Aletsch-Arena-Christian-Perret.jpg","datePublished":"2024-05-07T12:20:40+00:00","dateModified":"2024-05-21T12:06:10+00:00","description":"Wanderung zur H\u00e4ngebr\u00fccke im Aletschgebiet mit Beschreibung der Wanderstrecke. F\u00fcr Ge\u00fcbte.","breadcrumb":{"@id":"https:\/\/ferienchalet-wallis.ch\/de\/die-wandersaison-am-aletsch-beginnt-am-08-06-24\/#breadcrumb"},"inLanguage":"de","potentialAction":[{"@type":"ReadAction","target":["https:\/\/ferienchalet-wallis.ch\/de\/die-wandersaison-am-aletsch-beginnt-am-08-06-24\/"]}]},{"@type":"ImageObject","inLanguage":"de","@id":"https:\/\/ferienchalet-wallis.ch\/de\/die-wandersaison-am-aletsch-beginnt-am-08-06-24\/#primaryimage","url":"https:\/\/ferienchalet-wallis.ch\/wp-content\/uploads\/2024\/05\/Haengebruecke-Sommer-Aletsch-Arena-Christian-Perret.jpg","contentUrl":"https:\/\/ferienchalet-wallis.ch\/wp-content\/uploads\/2024\/05\/Haengebruecke-Sommer-Aletsch-Arena-Christian-Perret.jpg","width":2500,"height":1667,"caption":"Sommer, H\u00e4ngebr\u00fccke, Wandern, Riederalp, Belalp, Aletschgletscher, Gletscherzunge, Gletscherm\u00f6rane, Rundweg"},{"@type":"BreadcrumbList","@id":"https:\/\/ferienchalet-wallis.ch\/de\/die-wandersaison-am-aletsch-beginnt-am-08-06-24\/#breadcrumb","itemListElement":[{"@type":"ListItem","position":1,"name":"Home","item":"https:\/\/ferienchalet-wallis.ch\/"},{"@type":"ListItem","position":2,"name":"Wandern \u00fcber die H\u00e4ngebr\u00fccke am Aletsch"}]},{"@type":"WebSite","@id":"https:\/\/ferienchalet-wallis.ch\/#website","url":"https:\/\/ferienchalet-wallis.ch\/","name":"Bettmeralp und Riederalp","description":"Kranzfelder Markus","publisher":{"@id":"https:\/\/ferienchalet-wallis.ch\/#organization"},"potentialAction":[{"@type":"SearchAction","target":{"@type":"EntryPoint","urlTemplate":"https:\/\/ferienchalet-wallis.ch\/?s={search_term_string}"},"query-input":{"@type":"PropertyValueSpecification","valueRequired":true,"valueName":"search_term_string"}}],"inLanguage":"de"},{"@type":"Organization","@id":"https:\/\/ferienchalet-wallis.ch\/#organization","name":"Liegenschaftsbetreuung \/ Vermietung \u2013 M. Kranzfelder","url":"https:\/\/ferienchalet-wallis.ch\/","logo":{"@type":"ImageObject","inLanguage":"de","@id":"https:\/\/ferienchalet-wallis.ch\/#\/schema\/logo\/image\/","url":"https:\/\/ferienchalet-wallis.ch\/wp-content\/uploads\/2022\/01\/Logo_Kranzfelder.png","contentUrl":"https:\/\/ferienchalet-wallis.ch\/wp-content\/uploads\/2022\/01\/Logo_Kranzfelder.png","width":1526,"height":447,"caption":"Liegenschaftsbetreuung \/ Vermietung \u2013 M. Kranzfelder"},"image":{"@id":"https:\/\/ferienchalet-wallis.ch\/#\/schema\/logo\/image\/"}},{"@type":"Person","@id":"https:\/\/ferienchalet-wallis.ch\/#\/schema\/person\/18b3f062b0514bc953799175b9bfdd2b","name":"WalliSaar","image":{"@type":"ImageObject","inLanguage":"de","@id":"https:\/\/secure.gravatar.com\/avatar\/1be7f9468eac0e02f655be9ab758a01ae5dc72d678841cc4898d463993c78d36?s=96&d=initials&r=g&initials=ru","url":"https:\/\/secure.gravatar.com\/avatar\/1be7f9468eac0e02f655be9ab758a01ae5dc72d678841cc4898d463993c78d36?s=96&d=initials&r=g&initials=ru","contentUrl":"https:\/\/secure.gravatar.com\/avatar\/1be7f9468eac0e02f655be9ab758a01ae5dc72d678841cc4898d463993c78d36?s=96&d=initials&r=g&initials=ru","caption":"WalliSaar"},"description":"Mein Name ist Anja Ruch und ich schreibe die Blogbeitr\u00e4ge f\u00fcr das Ehepaar Markus &amp; Tabitha Kranzfelder. Der Name WalliSaar gr\u00fcndet sich auf meinen Wurzeln im Saarland und den neuen im Wallis. My name is Anja Ruch and I write the blog entries for the Markus &amp; Tabitha Kranzfelder couple. The name WalliSaar shows the connection to my old roots in Saarland and the new ones in Valais.","sameAs":["https:\/\/www.ferienchalet-wallis.ch\/blog"],"url":"https:\/\/ferienchalet-wallis.ch\/de\/author\/wallisaar\/"}]}},"_links":{"self":[{"href":"https:\/\/ferienchalet-wallis.ch\/de\/wp-json\/wp\/v2\/posts\/1921","targetHints":{"allow":["GET"]}}],"collection":[{"href":"https:\/\/ferienchalet-wallis.ch\/de\/wp-json\/wp\/v2\/posts"}],"about":[{"href":"https:\/\/ferienchalet-wallis.ch\/de\/wp-json\/wp\/v2\/types\/post"}],"author":[{"embeddable":true,"href":"https:\/\/ferienchalet-wallis.ch\/de\/wp-json\/wp\/v2\/users\/3"}],"replies":[{"embeddable":true,"href":"https:\/\/ferienchalet-wallis.ch\/de\/wp-json\/wp\/v2\/comments?post=1921"}],"version-history":[{"count":6,"href":"https:\/\/ferienchalet-wallis.ch\/de\/wp-json\/wp\/v2\/posts\/1921\/revisions"}],"predecessor-version":[{"id":1965,"href":"https:\/\/ferienchalet-wallis.ch\/de\/wp-json\/wp\/v2\/posts\/1921\/revisions\/1965"}],"wp:featuredmedia":[{"embeddable":true,"href":"https:\/\/ferienchalet-wallis.ch\/de\/wp-json\/wp\/v2\/media\/1913"}],"wp:attachment":[{"href":"https:\/\/ferienchalet-wallis.ch\/de\/wp-json\/wp\/v2\/media?parent=1921"}],"wp:term":[{"taxonomy":"category","embeddable":true,"href":"https:\/\/ferienchalet-wallis.ch\/de\/wp-json\/wp\/v2\/categories?post=1921"},{"taxonomy":"post_tag","embeddable":true,"href":"https:\/\/ferienchalet-wallis.ch\/de\/wp-json\/wp\/v2\/tags?post=1921"}],"curies":[{"name":"wp","href":"https:\/\/api.w.org\/{rel}","templated":true}]}}