{"id":1978,"date":"2024-05-21T13:54:06","date_gmt":"2024-05-21T13:54:06","guid":{"rendered":"https:\/\/ferienchalet-wallis.ch\/?p=1978"},"modified":"2024-05-21T14:07:52","modified_gmt":"2024-05-21T14:07:52","slug":"aletsch-halbmarathon-familientag","status":"publish","type":"post","link":"https:\/\/ferienchalet-wallis.ch\/de\/aletsch-halbmarathon-familientag\/","title":{"rendered":"Der Aletsch Halbmarathon &#8211; ein Familientag?"},"content":{"rendered":"\n<style type=\"text\/css\" data-created_by=\"avia_inline_auto\" id=\"style-css-av-lwgf14ds-426d73cf03d4dae72284f35aaaed3ad6\">\n#top .av-special-heading.av-lwgf14ds-426d73cf03d4dae72284f35aaaed3ad6{\npadding-bottom:10px;\n}\nbody .av-special-heading.av-lwgf14ds-426d73cf03d4dae72284f35aaaed3ad6 .av-special-heading-tag .heading-char{\nfont-size:25px;\n}\n.av-special-heading.av-lwgf14ds-426d73cf03d4dae72284f35aaaed3ad6 .av-subheading{\nfont-size:15px;\n}\n<\/style>\n<div  class='av-special-heading av-lwgf14ds-426d73cf03d4dae72284f35aaaed3ad6 av-special-heading-h2  avia-builder-el-0  el_before_av_textblock  avia-builder-el-first '><h2 class='av-special-heading-tag'  itemprop=\"headline\"  >Ein Wochenende mit einem Halbmarathon<\/h2><div class=\"special-heading-border\"><div class=\"special-heading-inner-border\"><\/div><\/div><\/div>\n<section  class='av_textblock_section av-lwgf48rx-9ac5445322db60c0d2015ceee447cd52'  itemscope=\"itemscope\" itemtype=\"https:\/\/schema.org\/BlogPosting\" itemprop=\"blogPost\" ><div class='avia_textblock'  itemprop=\"text\" ><p>Alle Jahre wieder findet an einem Juni Wochenende im Aletschgebiet der <a href=\"https:\/\/www.aletscharena.ch\/aletsch-arena\/veranstaltungen\/veranstaltung\/aletsch-halbmarathon-weekend\" target=\"_blank\" rel=\"noopener\">Aletsch Halbmarathon<\/a> statt, das bedeutet 21.1 km Laufen inmitten der Walliser Bergwelt. Die Strecke besteht aus 7.6 km Naturweg, 12.1 km Pfad und 1.3 km Strasse. Der h\u00f6chste Punkt liegt auf dem Bettmerhorn in ca. 2\u2018600 m H\u00f6he und der tiefste bei der Bergstation auf ca. 1\u2018900 H\u00f6henmetern. Bei diesem 3-st\u00fcndigen Berglauf sollten Sie zwischendrin immer mal wieder einen Blick auf die sch\u00f6ne Bergwelt werfen ohne Ihr Ziel aus den Augen zu verlieren.<\/p>\n<h3>Ein Familientag mit einem Marathon<\/h3>\n<p>Das Besondere an diesem Halbmarathon ist: die ganze Familie kann teilnehmen, denn samstags gibt es einen Gletschi-Lauf, einen Aletsch Minilauf und einen Aletsch Sprint. Denn wer sagt denn, dass nur Erwachsene Halbmarathon laufen d\u00fcrfen? Spannend finde ich das! Als Familie zusammen an einem Marathon teilnehmen. Und im Aletschgebiet mit zus\u00e4tzlicher Herausforderung, n\u00e4mlich \u00fcber Stock und Stein. Gar nicht so einfach, oder?<\/p>\n<h3>Trailrunning Strecken im Aletschgebiet<\/h3>\n<p>Das sollte man \u00fcben und sich schon mal mit der Strecke vertraut machen. Nichtdestotrotz gibt es auch noch einige andere Trailrunning-Strecken. Man geht also nicht nur zum Wandern an den Aletschgletscher. Man kann das sehr gut mit Lauftraining verbinden. Interessante Trailrunningstrecken finden Sie <a href=\"https:\/\/www.outdooractive.com\/de\/trailrunning-strecken\/aletsch-arena\/trailrunning-strecken-in-der-aletsch-arena\/127426264\/\" target=\"_blank\" rel=\"noopener\">hier<\/a>.<\/p>\n<p>Der Familientag ist f\u00fcr den 22. Juni 2024 angesetzt und der Halbmarathon-Tag am Tag darauf. Aktivieren Sie Ihre Trailrunner Freunde zu einem aktiven Wochenende am Aletschgletscher. Und wo \u00fcbernachten mit so vielen Personen? Unter <a href=\"https:\/\/ferienchalet-wallis.ch\/verfuegbarkeiten\/\">Verf\u00fcgbarkeiten<\/a> sehen Sie auf einen Blick alle freie Ferienwohnungen f\u00fcr den gew\u00fcnschten Zeitraum.<\/p>\n<p>Bess\u00e4r als en Gsundheitskur isch z L\u00f6ife uber d W\u00e4ga und d Natur<\/p>\n<\/div><\/section>\n<div class='flex_column av-83fapa-7a9f61825136e9134d746c3cec5d7ab6 av_one_half  avia-builder-el-2  el_after_av_textblock  avia-builder-el-last  first flex_column_div column-top-margin'   ><p><div  class='av-post-metadata-container av-5702wu-3a82d381678e0037bc079a2fecffd14f av-metadata-container-align-left  avia-builder-el-3  el_before_av_social_share  avia-builder-el-first  av-metadata-container-1'><div class='av-post-metadata-container-inner'><span class=\"av-post-metadata-content av-post-metadata-meta-content\"><span class=\"av-post-metadata-content av-post-metadata-author\"  itemprop=\"author\" ><span class=\"av-metadata-before av-metadata-before-author\">von<\/span><span class=\"av-post-metadata-author-link\" ><a href=\"https:\/\/ferienchalet-wallis.ch\/de\/author\/wallisaar\/\"  rel=\"author\">WalliSaar<\/a><\/span><\/span><span class=\"av-post-metadata-content av-post-metadata-separator\">\/<\/span><span class=\"av-post-metadata-content av-post-metadata-published\"><span class=\"av-post-metadata-published-date\" >Mai 21, 2024<\/span><\/span><\/span><\/div><\/div><br \/>\n<div  class='av-social-sharing-box av-lwgf0qqx-cc577d4370dcd8120a2eee1f5610aa0f av-social-sharing-box-circle  avia-builder-el-4  el_after_av_post_metadata  avia-builder-el-last  av-social-sharing-box-color-bg av-social-sharing-box-same-width'><div class=\"av-share-box\"><h5 class='av-share-link-description av-no-toc '>Eintrag teilen<\/h5><ul class=\"av-share-box-list noLightbox\"><li class='av-share-link av-social-link-whatsapp' ><a target=\"_blank\" aria-label=\"Teilen auf WhatsApp\" href='https:\/\/api.whatsapp.com\/send?text=https:\/\/ferienchalet-wallis.ch\/de\/aletsch-halbmarathon-familientag\/' aria-hidden='false' data-av_icon='\uf232' data-av_iconfont='entypo-fontello' title='' data-avia-related-tooltip='Teilen auf WhatsApp' rel=\"noopener\"><span class='avia_hidden_link_text'>Teilen auf WhatsApp<\/span><\/a><\/li><\/ul><\/div><\/div><\/p><\/div>\n","protected":false},"excerpt":{"rendered":"","protected":false},"author":3,"featured_media":1967,"comment_status":"closed","ping_status":"closed","sticky":false,"template":"","format":"standard","meta":{"footnotes":""},"categories":[6,20],"tags":[],"class_list":["post-1978","post","type-post","status-publish","format-standard","has-post-thumbnail","hentry","category-aletsch","category-veranstaltungen"],"yoast_head":"<!-- This site is optimized with the Yoast SEO plugin v27.4 - https:\/\/yoast.com\/product\/yoast-seo-wordpress\/ -->\n<title>Der Aletsch Halbmarathon - ein Familientag? - Bettmeralp und Riederalp<\/title>\n<meta name=\"description\" content=\"Der Aletsch Halbmarathon findet dieses Jahr vom 22. bis 23. Juni 2024 statt. \u00dcbernachtungsm\u00f6glichkeiten finden Sie hier.\" \/>\n<meta name=\"robots\" content=\"index, follow, max-snippet:-1, max-image-preview:large, max-video-preview:-1\" \/>\n<link rel=\"canonical\" href=\"https:\/\/ferienchalet-wallis.ch\/de\/aletsch-halbmarathon-familientag\/\" \/>\n<meta property=\"og:locale\" content=\"de_DE\" \/>\n<meta property=\"og:type\" content=\"article\" \/>\n<meta property=\"og:title\" content=\"Der Aletsch Halbmarathon - ein Familientag? - Bettmeralp und Riederalp\" \/>\n<meta property=\"og:description\" content=\"Der Aletsch Halbmarathon findet dieses Jahr vom 22. bis 23. Juni 2024 statt. \u00dcbernachtungsm\u00f6glichkeiten finden Sie hier.\" \/>\n<meta property=\"og:url\" content=\"https:\/\/ferienchalet-wallis.ch\/de\/aletsch-halbmarathon-familientag\/\" \/>\n<meta property=\"og:site_name\" content=\"Bettmeralp und Riederalp\" \/>\n<meta property=\"article:published_time\" content=\"2024-05-21T13:54:06+00:00\" \/>\n<meta property=\"article:modified_time\" content=\"2024-05-21T14:07:52+00:00\" \/>\n<meta property=\"og:image\" content=\"https:\/\/ferienchalet-wallis.ch\/wp-content\/uploads\/2024\/05\/Aletsch_Halbmarathon.jpg\" \/>\n\t<meta property=\"og:image:width\" content=\"1200\" \/>\n\t<meta property=\"og:image:height\" content=\"800\" \/>\n\t<meta property=\"og:image:type\" content=\"image\/jpeg\" \/>\n<meta name=\"author\" content=\"WalliSaar\" \/>\n<meta name=\"twitter:card\" content=\"summary_large_image\" \/>\n<meta name=\"twitter:label1\" content=\"Verfasst von\" \/>\n\t<meta name=\"twitter:data1\" content=\"WalliSaar\" \/>\n\t<meta name=\"twitter:label2\" content=\"Gesch\u00e4tzte Lesezeit\" \/>\n\t<meta name=\"twitter:data2\" content=\"3\u00a0Minuten\" \/>\n<script type=\"application\/ld+json\" class=\"yoast-schema-graph\">{\"@context\":\"https:\\\/\\\/schema.org\",\"@graph\":[{\"@type\":\"Article\",\"@id\":\"https:\\\/\\\/ferienchalet-wallis.ch\\\/de\\\/aletsch-halbmarathon-familientag\\\/#article\",\"isPartOf\":{\"@id\":\"https:\\\/\\\/ferienchalet-wallis.ch\\\/de\\\/aletsch-halbmarathon-familientag\\\/\"},\"author\":{\"name\":\"WalliSaar\",\"@id\":\"https:\\\/\\\/ferienchalet-wallis.ch\\\/#\\\/schema\\\/person\\\/18b3f062b0514bc953799175b9bfdd2b\"},\"headline\":\"Der Aletsch Halbmarathon &#8211; ein Familientag?\",\"datePublished\":\"2024-05-21T13:54:06+00:00\",\"dateModified\":\"2024-05-21T14:07:52+00:00\",\"mainEntityOfPage\":{\"@id\":\"https:\\\/\\\/ferienchalet-wallis.ch\\\/de\\\/aletsch-halbmarathon-familientag\\\/\"},\"wordCount\":733,\"publisher\":{\"@id\":\"https:\\\/\\\/ferienchalet-wallis.ch\\\/#organization\"},\"image\":{\"@id\":\"https:\\\/\\\/ferienchalet-wallis.ch\\\/de\\\/aletsch-halbmarathon-familientag\\\/#primaryimage\"},\"thumbnailUrl\":\"https:\\\/\\\/ferienchalet-wallis.ch\\\/wp-content\\\/uploads\\\/2024\\\/05\\\/Aletsch_Halbmarathon.jpg\",\"articleSection\":[\"Aletsch\",\"Veranstaltungen\"],\"inLanguage\":\"de\"},{\"@type\":\"WebPage\",\"@id\":\"https:\\\/\\\/ferienchalet-wallis.ch\\\/de\\\/aletsch-halbmarathon-familientag\\\/\",\"url\":\"https:\\\/\\\/ferienchalet-wallis.ch\\\/de\\\/aletsch-halbmarathon-familientag\\\/\",\"name\":\"Der Aletsch Halbmarathon - ein Familientag? - Bettmeralp und Riederalp\",\"isPartOf\":{\"@id\":\"https:\\\/\\\/ferienchalet-wallis.ch\\\/#website\"},\"primaryImageOfPage\":{\"@id\":\"https:\\\/\\\/ferienchalet-wallis.ch\\\/de\\\/aletsch-halbmarathon-familientag\\\/#primaryimage\"},\"image\":{\"@id\":\"https:\\\/\\\/ferienchalet-wallis.ch\\\/de\\\/aletsch-halbmarathon-familientag\\\/#primaryimage\"},\"thumbnailUrl\":\"https:\\\/\\\/ferienchalet-wallis.ch\\\/wp-content\\\/uploads\\\/2024\\\/05\\\/Aletsch_Halbmarathon.jpg\",\"datePublished\":\"2024-05-21T13:54:06+00:00\",\"dateModified\":\"2024-05-21T14:07:52+00:00\",\"description\":\"Der Aletsch Halbmarathon findet dieses Jahr vom 22. bis 23. Juni 2024 statt. \u00dcbernachtungsm\u00f6glichkeiten finden Sie hier.\",\"breadcrumb\":{\"@id\":\"https:\\\/\\\/ferienchalet-wallis.ch\\\/de\\\/aletsch-halbmarathon-familientag\\\/#breadcrumb\"},\"inLanguage\":\"de\",\"potentialAction\":[{\"@type\":\"ReadAction\",\"target\":[\"https:\\\/\\\/ferienchalet-wallis.ch\\\/de\\\/aletsch-halbmarathon-familientag\\\/\"]}]},{\"@type\":\"ImageObject\",\"inLanguage\":\"de\",\"@id\":\"https:\\\/\\\/ferienchalet-wallis.ch\\\/de\\\/aletsch-halbmarathon-familientag\\\/#primaryimage\",\"url\":\"https:\\\/\\\/ferienchalet-wallis.ch\\\/wp-content\\\/uploads\\\/2024\\\/05\\\/Aletsch_Halbmarathon.jpg\",\"contentUrl\":\"https:\\\/\\\/ferienchalet-wallis.ch\\\/wp-content\\\/uploads\\\/2024\\\/05\\\/Aletsch_Halbmarathon.jpg\",\"width\":1200,\"height\":800,\"caption\":\"Aletsch_Halbmarathon\"},{\"@type\":\"BreadcrumbList\",\"@id\":\"https:\\\/\\\/ferienchalet-wallis.ch\\\/de\\\/aletsch-halbmarathon-familientag\\\/#breadcrumb\",\"itemListElement\":[{\"@type\":\"ListItem\",\"position\":1,\"name\":\"Home\",\"item\":\"https:\\\/\\\/ferienchalet-wallis.ch\\\/\"},{\"@type\":\"ListItem\",\"position\":2,\"name\":\"Der Aletsch Halbmarathon &#8211; ein Familientag?\"}]},{\"@type\":\"WebSite\",\"@id\":\"https:\\\/\\\/ferienchalet-wallis.ch\\\/#website\",\"url\":\"https:\\\/\\\/ferienchalet-wallis.ch\\\/\",\"name\":\"Bettmeralp und Riederalp\",\"description\":\"Kranzfelder Markus\",\"publisher\":{\"@id\":\"https:\\\/\\\/ferienchalet-wallis.ch\\\/#organization\"},\"potentialAction\":[{\"@type\":\"SearchAction\",\"target\":{\"@type\":\"EntryPoint\",\"urlTemplate\":\"https:\\\/\\\/ferienchalet-wallis.ch\\\/?s={search_term_string}\"},\"query-input\":{\"@type\":\"PropertyValueSpecification\",\"valueRequired\":true,\"valueName\":\"search_term_string\"}}],\"inLanguage\":\"de\"},{\"@type\":\"Organization\",\"@id\":\"https:\\\/\\\/ferienchalet-wallis.ch\\\/#organization\",\"name\":\"Liegenschaftsbetreuung \\\/ Vermietung \u2013 M. Kranzfelder\",\"url\":\"https:\\\/\\\/ferienchalet-wallis.ch\\\/\",\"logo\":{\"@type\":\"ImageObject\",\"inLanguage\":\"de\",\"@id\":\"https:\\\/\\\/ferienchalet-wallis.ch\\\/#\\\/schema\\\/logo\\\/image\\\/\",\"url\":\"https:\\\/\\\/ferienchalet-wallis.ch\\\/wp-content\\\/uploads\\\/2022\\\/01\\\/Logo_Kranzfelder.png\",\"contentUrl\":\"https:\\\/\\\/ferienchalet-wallis.ch\\\/wp-content\\\/uploads\\\/2022\\\/01\\\/Logo_Kranzfelder.png\",\"width\":1526,\"height\":447,\"caption\":\"Liegenschaftsbetreuung \\\/ Vermietung \u2013 M. Kranzfelder\"},\"image\":{\"@id\":\"https:\\\/\\\/ferienchalet-wallis.ch\\\/#\\\/schema\\\/logo\\\/image\\\/\"}},{\"@type\":\"Person\",\"@id\":\"https:\\\/\\\/ferienchalet-wallis.ch\\\/#\\\/schema\\\/person\\\/18b3f062b0514bc953799175b9bfdd2b\",\"name\":\"WalliSaar\",\"image\":{\"@type\":\"ImageObject\",\"inLanguage\":\"de\",\"@id\":\"https:\\\/\\\/secure.gravatar.com\\\/avatar\\\/1be7f9468eac0e02f655be9ab758a01ae5dc72d678841cc4898d463993c78d36?s=96&d=initials&r=g&initials=ru\",\"url\":\"https:\\\/\\\/secure.gravatar.com\\\/avatar\\\/1be7f9468eac0e02f655be9ab758a01ae5dc72d678841cc4898d463993c78d36?s=96&d=initials&r=g&initials=ru\",\"contentUrl\":\"https:\\\/\\\/secure.gravatar.com\\\/avatar\\\/1be7f9468eac0e02f655be9ab758a01ae5dc72d678841cc4898d463993c78d36?s=96&d=initials&r=g&initials=ru\",\"caption\":\"WalliSaar\"},\"description\":\"Mein Name ist Anja Ruch und ich schreibe die Blogbeitr\u00e4ge f\u00fcr das Ehepaar Markus &amp; Tabitha Kranzfelder. Der Name WalliSaar gr\u00fcndet sich auf meinen Wurzeln im Saarland und den neuen im Wallis. My name is Anja Ruch and I write the blog entries for the Markus &amp; Tabitha Kranzfelder couple. The name WalliSaar shows the connection to my old roots in Saarland and the new ones in Valais.\",\"sameAs\":[\"https:\\\/\\\/www.ferienchalet-wallis.ch\\\/blog\"],\"url\":\"https:\\\/\\\/ferienchalet-wallis.ch\\\/de\\\/author\\\/wallisaar\\\/\"}]}<\/script>\n<!-- \/ Yoast SEO plugin. -->","yoast_head_json":{"title":"Der Aletsch Halbmarathon - ein Familientag? - Bettmeralp und Riederalp","description":"Der Aletsch Halbmarathon findet dieses Jahr vom 22. bis 23. Juni 2024 statt. \u00dcbernachtungsm\u00f6glichkeiten finden Sie hier.","robots":{"index":"index","follow":"follow","max-snippet":"max-snippet:-1","max-image-preview":"max-image-preview:large","max-video-preview":"max-video-preview:-1"},"canonical":"https:\/\/ferienchalet-wallis.ch\/de\/aletsch-halbmarathon-familientag\/","og_locale":"de_DE","og_type":"article","og_title":"Der Aletsch Halbmarathon - ein Familientag? - Bettmeralp und Riederalp","og_description":"Der Aletsch Halbmarathon findet dieses Jahr vom 22. bis 23. Juni 2024 statt. \u00dcbernachtungsm\u00f6glichkeiten finden Sie hier.","og_url":"https:\/\/ferienchalet-wallis.ch\/de\/aletsch-halbmarathon-familientag\/","og_site_name":"Bettmeralp und Riederalp","article_published_time":"2024-05-21T13:54:06+00:00","article_modified_time":"2024-05-21T14:07:52+00:00","og_image":[{"width":1200,"height":800,"url":"https:\/\/ferienchalet-wallis.ch\/wp-content\/uploads\/2024\/05\/Aletsch_Halbmarathon.jpg","type":"image\/jpeg"}],"author":"WalliSaar","twitter_card":"summary_large_image","twitter_misc":{"Verfasst von":"WalliSaar","Gesch\u00e4tzte Lesezeit":"3\u00a0Minuten"},"schema":{"@context":"https:\/\/schema.org","@graph":[{"@type":"Article","@id":"https:\/\/ferienchalet-wallis.ch\/de\/aletsch-halbmarathon-familientag\/#article","isPartOf":{"@id":"https:\/\/ferienchalet-wallis.ch\/de\/aletsch-halbmarathon-familientag\/"},"author":{"name":"WalliSaar","@id":"https:\/\/ferienchalet-wallis.ch\/#\/schema\/person\/18b3f062b0514bc953799175b9bfdd2b"},"headline":"Der Aletsch Halbmarathon &#8211; ein Familientag?","datePublished":"2024-05-21T13:54:06+00:00","dateModified":"2024-05-21T14:07:52+00:00","mainEntityOfPage":{"@id":"https:\/\/ferienchalet-wallis.ch\/de\/aletsch-halbmarathon-familientag\/"},"wordCount":733,"publisher":{"@id":"https:\/\/ferienchalet-wallis.ch\/#organization"},"image":{"@id":"https:\/\/ferienchalet-wallis.ch\/de\/aletsch-halbmarathon-familientag\/#primaryimage"},"thumbnailUrl":"https:\/\/ferienchalet-wallis.ch\/wp-content\/uploads\/2024\/05\/Aletsch_Halbmarathon.jpg","articleSection":["Aletsch","Veranstaltungen"],"inLanguage":"de"},{"@type":"WebPage","@id":"https:\/\/ferienchalet-wallis.ch\/de\/aletsch-halbmarathon-familientag\/","url":"https:\/\/ferienchalet-wallis.ch\/de\/aletsch-halbmarathon-familientag\/","name":"Der Aletsch Halbmarathon - ein Familientag? - Bettmeralp und Riederalp","isPartOf":{"@id":"https:\/\/ferienchalet-wallis.ch\/#website"},"primaryImageOfPage":{"@id":"https:\/\/ferienchalet-wallis.ch\/de\/aletsch-halbmarathon-familientag\/#primaryimage"},"image":{"@id":"https:\/\/ferienchalet-wallis.ch\/de\/aletsch-halbmarathon-familientag\/#primaryimage"},"thumbnailUrl":"https:\/\/ferienchalet-wallis.ch\/wp-content\/uploads\/2024\/05\/Aletsch_Halbmarathon.jpg","datePublished":"2024-05-21T13:54:06+00:00","dateModified":"2024-05-21T14:07:52+00:00","description":"Der Aletsch Halbmarathon findet dieses Jahr vom 22. bis 23. Juni 2024 statt. \u00dcbernachtungsm\u00f6glichkeiten finden Sie hier.","breadcrumb":{"@id":"https:\/\/ferienchalet-wallis.ch\/de\/aletsch-halbmarathon-familientag\/#breadcrumb"},"inLanguage":"de","potentialAction":[{"@type":"ReadAction","target":["https:\/\/ferienchalet-wallis.ch\/de\/aletsch-halbmarathon-familientag\/"]}]},{"@type":"ImageObject","inLanguage":"de","@id":"https:\/\/ferienchalet-wallis.ch\/de\/aletsch-halbmarathon-familientag\/#primaryimage","url":"https:\/\/ferienchalet-wallis.ch\/wp-content\/uploads\/2024\/05\/Aletsch_Halbmarathon.jpg","contentUrl":"https:\/\/ferienchalet-wallis.ch\/wp-content\/uploads\/2024\/05\/Aletsch_Halbmarathon.jpg","width":1200,"height":800,"caption":"Aletsch_Halbmarathon"},{"@type":"BreadcrumbList","@id":"https:\/\/ferienchalet-wallis.ch\/de\/aletsch-halbmarathon-familientag\/#breadcrumb","itemListElement":[{"@type":"ListItem","position":1,"name":"Home","item":"https:\/\/ferienchalet-wallis.ch\/"},{"@type":"ListItem","position":2,"name":"Der Aletsch Halbmarathon &#8211; ein Familientag?"}]},{"@type":"WebSite","@id":"https:\/\/ferienchalet-wallis.ch\/#website","url":"https:\/\/ferienchalet-wallis.ch\/","name":"Bettmeralp und Riederalp","description":"Kranzfelder Markus","publisher":{"@id":"https:\/\/ferienchalet-wallis.ch\/#organization"},"potentialAction":[{"@type":"SearchAction","target":{"@type":"EntryPoint","urlTemplate":"https:\/\/ferienchalet-wallis.ch\/?s={search_term_string}"},"query-input":{"@type":"PropertyValueSpecification","valueRequired":true,"valueName":"search_term_string"}}],"inLanguage":"de"},{"@type":"Organization","@id":"https:\/\/ferienchalet-wallis.ch\/#organization","name":"Liegenschaftsbetreuung \/ Vermietung \u2013 M. Kranzfelder","url":"https:\/\/ferienchalet-wallis.ch\/","logo":{"@type":"ImageObject","inLanguage":"de","@id":"https:\/\/ferienchalet-wallis.ch\/#\/schema\/logo\/image\/","url":"https:\/\/ferienchalet-wallis.ch\/wp-content\/uploads\/2022\/01\/Logo_Kranzfelder.png","contentUrl":"https:\/\/ferienchalet-wallis.ch\/wp-content\/uploads\/2022\/01\/Logo_Kranzfelder.png","width":1526,"height":447,"caption":"Liegenschaftsbetreuung \/ Vermietung \u2013 M. Kranzfelder"},"image":{"@id":"https:\/\/ferienchalet-wallis.ch\/#\/schema\/logo\/image\/"}},{"@type":"Person","@id":"https:\/\/ferienchalet-wallis.ch\/#\/schema\/person\/18b3f062b0514bc953799175b9bfdd2b","name":"WalliSaar","image":{"@type":"ImageObject","inLanguage":"de","@id":"https:\/\/secure.gravatar.com\/avatar\/1be7f9468eac0e02f655be9ab758a01ae5dc72d678841cc4898d463993c78d36?s=96&d=initials&r=g&initials=ru","url":"https:\/\/secure.gravatar.com\/avatar\/1be7f9468eac0e02f655be9ab758a01ae5dc72d678841cc4898d463993c78d36?s=96&d=initials&r=g&initials=ru","contentUrl":"https:\/\/secure.gravatar.com\/avatar\/1be7f9468eac0e02f655be9ab758a01ae5dc72d678841cc4898d463993c78d36?s=96&d=initials&r=g&initials=ru","caption":"WalliSaar"},"description":"Mein Name ist Anja Ruch und ich schreibe die Blogbeitr\u00e4ge f\u00fcr das Ehepaar Markus &amp; Tabitha Kranzfelder. Der Name WalliSaar gr\u00fcndet sich auf meinen Wurzeln im Saarland und den neuen im Wallis. My name is Anja Ruch and I write the blog entries for the Markus &amp; Tabitha Kranzfelder couple. The name WalliSaar shows the connection to my old roots in Saarland and the new ones in Valais.","sameAs":["https:\/\/www.ferienchalet-wallis.ch\/blog"],"url":"https:\/\/ferienchalet-wallis.ch\/de\/author\/wallisaar\/"}]}},"_links":{"self":[{"href":"https:\/\/ferienchalet-wallis.ch\/de\/wp-json\/wp\/v2\/posts\/1978","targetHints":{"allow":["GET"]}}],"collection":[{"href":"https:\/\/ferienchalet-wallis.ch\/de\/wp-json\/wp\/v2\/posts"}],"about":[{"href":"https:\/\/ferienchalet-wallis.ch\/de\/wp-json\/wp\/v2\/types\/post"}],"author":[{"embeddable":true,"href":"https:\/\/ferienchalet-wallis.ch\/de\/wp-json\/wp\/v2\/users\/3"}],"replies":[{"embeddable":true,"href":"https:\/\/ferienchalet-wallis.ch\/de\/wp-json\/wp\/v2\/comments?post=1978"}],"version-history":[{"count":5,"href":"https:\/\/ferienchalet-wallis.ch\/de\/wp-json\/wp\/v2\/posts\/1978\/revisions"}],"predecessor-version":[{"id":1983,"href":"https:\/\/ferienchalet-wallis.ch\/de\/wp-json\/wp\/v2\/posts\/1978\/revisions\/1983"}],"wp:featuredmedia":[{"embeddable":true,"href":"https:\/\/ferienchalet-wallis.ch\/de\/wp-json\/wp\/v2\/media\/1967"}],"wp:attachment":[{"href":"https:\/\/ferienchalet-wallis.ch\/de\/wp-json\/wp\/v2\/media?parent=1978"}],"wp:term":[{"taxonomy":"category","embeddable":true,"href":"https:\/\/ferienchalet-wallis.ch\/de\/wp-json\/wp\/v2\/categories?post=1978"},{"taxonomy":"post_tag","embeddable":true,"href":"https:\/\/ferienchalet-wallis.ch\/de\/wp-json\/wp\/v2\/tags?post=1978"}],"curies":[{"name":"wp","href":"https:\/\/api.w.org\/{rel}","templated":true}]}}