{"id":2013,"date":"2024-06-18T15:01:41","date_gmt":"2024-06-18T15:01:41","guid":{"rendered":"https:\/\/ferienchalet-wallis.ch\/?p=2013"},"modified":"2024-06-26T08:22:30","modified_gmt":"2024-06-26T08:22:30","slug":"aktive-alternativen-zum-halbmarathon","status":"publish","type":"post","link":"https:\/\/ferienchalet-wallis.ch\/de\/aktive-alternativen-zum-halbmarathon\/","title":{"rendered":"Aktive Alternativen zum Aletsch Halbmarathon"},"content":{"rendered":"\n<style type=\"text\/css\" data-created_by=\"avia_inline_auto\" id=\"style-css-av-lxkh2pgl-6ab5614953f8993e24b0a9b3007f7a4a\">\n#top .av-special-heading.av-lxkh2pgl-6ab5614953f8993e24b0a9b3007f7a4a{\npadding-bottom:10px;\n}\nbody .av-special-heading.av-lxkh2pgl-6ab5614953f8993e24b0a9b3007f7a4a .av-special-heading-tag .heading-char{\nfont-size:25px;\n}\n.av-special-heading.av-lxkh2pgl-6ab5614953f8993e24b0a9b3007f7a4a .av-subheading{\nfont-size:15px;\n}\n<\/style>\n<div  class='av-special-heading av-lxkh2pgl-6ab5614953f8993e24b0a9b3007f7a4a av-special-heading-h2  avia-builder-el-0  el_before_av_textblock  avia-builder-el-first '><h2 class='av-special-heading-tag'  itemprop=\"headline\"  >Hotspots zum Halbmarathon<\/h2><div class=\"special-heading-border\"><div class=\"special-heading-inner-border\"><\/div><\/div><\/div>\n<section  class='av_textblock_section av-lxkh31md-c894496c14c8c0ef4ca5808b6013f480'  itemscope=\"itemscope\" itemtype=\"https:\/\/schema.org\/BlogPosting\" itemprop=\"blogPost\" ><div class='avia_textblock'  itemprop=\"text\" ><p>Wie bereits berichtet, findet kommendes Wochenende der <a href=\"https:\/\/ferienchalet-wallis.ch\/aletsch-halbmarathon-familientag\/\">Aletsch Halbmarathon<\/a> statt. Der Laufklassiker bietet generell Trainingsm\u00f6glichkeiten und ist auch ein guter Start, um das Aletschgebiet kennenzulernen. Sie begleiten einen Teilnehmer zum Aletsch Halbmarathon und m\u00f6chten gerne selbst aktiv sein? Dann nutzen Sie die Hotspots f\u00fcr Ihre eigenen Interessen mit ein bisschen Musik, einer wunderbaren Aussicht und einer Besichtigung der Villa Cassel.<\/p>\n<h3>Hotspot Sportzentrum Bachtla mit Konzert der Swiss Mountain Brass Band<\/h3>\n<p>Am Samstag, den 22. Juni 2024, laufen auch die J\u00fcngsten Marathon. Die Preisverleihung findet am Sportzentrum Bachtla auf der Bettmeralp statt. Dort spielt die Swiss Mountain Brass Band von 15-16 Uhr ein Konzert. Einfach mal eine <a href=\"https:\/\/www.youtube.com\/watch?v=15dJTmIhvUk\" target=\"_blank\" rel=\"noopener\">Kostprobe dieser Live-Band<\/a> anh\u00f6ren. Unterhaltung mit Verpflegung ist also geboten.<\/p>\n<h3>Hotspot Moosfluh View Point<\/h3>\n<p>Sie m\u00f6chten lieber Bergpanoramen bestaunen, w\u00e4hrend andere ihrer Laufleidenschaft nachgehen? Dann geht es am Sonntag von der Riederalp auf den Viewpoint Moosfluh mit der Seilbahn, um die herrliche Aussicht auf den Aletschgletscher zu geniessen.<\/p>\n<h3>Hotspot Riederfurka<\/h3>\n<p>W\u00e4hrend andere ihren Halbmarathon bew\u00e4ltigen, geniessen Sie eine Tasse Kaffee mit einem St\u00fcck selbstgebackenem Kuchen. Vielleicht besuchen Sie noch am gleichen Ort das <a href=\"https:\/\/www.aletscharena.ch\/weltnaturerbe\/pro-natura-zentrum\" target=\"_blank\" rel=\"noopener\">Pro Natura Zentrum Aletsch.<\/a> Erhalten Sie einen informativen Einblick in das einzigartige Naturschutzgebiet des UNESCO-Welterbes Schweizer Alpen Jungfrau-Aletsch.<\/p>\n<p>Ganz bestimmt sind Sie am Ende des Tages nicht weniger m\u00fcde als ihr Marathon laufendes \u201eGschpani\u201c.<\/p>\n<p><em>Wie saaft isches mir da obina, so nah dem Gletscher z\u00fce&#8230;<\/em><\/p>\n<\/div><\/section>\n<div class='flex_column av-9iknb8-725caa78ed881a3aeefe0e12786c002b av_one_half  avia-builder-el-2  el_after_av_textblock  avia-builder-el-last  first flex_column_div column-top-margin'   ><p><div  class='av-post-metadata-container av-79mjwk-f0a34393cf308a55353caeed85c2f37f av-metadata-container-align-left  avia-builder-el-3  el_before_av_social_share  avia-builder-el-first  av-metadata-container-1'><div class='av-post-metadata-container-inner'><span class=\"av-post-metadata-content av-post-metadata-meta-content\"><span class=\"av-post-metadata-content av-post-metadata-author\"  itemprop=\"author\" ><span class=\"av-metadata-before av-metadata-before-author\">von<\/span><span class=\"av-post-metadata-author-link\" ><a href=\"https:\/\/ferienchalet-wallis.ch\/de\/author\/wallisaar\/\"  rel=\"author\">WalliSaar<\/a><\/span><\/span><span class=\"av-post-metadata-content av-post-metadata-separator\">\/<\/span><span class=\"av-post-metadata-content av-post-metadata-published\"><span class=\"av-post-metadata-published-date\" >Juni 18, 2024<\/span><\/span><\/span><\/div><\/div><br \/>\n<div  class='av-social-sharing-box av-xwok-c6e67a9c915f627d9ccbf8876f96f8e1 av-social-sharing-box-circle  avia-builder-el-4  el_after_av_post_metadata  avia-builder-el-last  av-social-sharing-box-color-bg av-social-sharing-box-same-width'><div class=\"av-share-box\"><h5 class='av-share-link-description av-no-toc '>Eintrag teilen<\/h5><ul class=\"av-share-box-list noLightbox\"><li class='av-share-link av-social-link-whatsapp' ><a target=\"_blank\" aria-label=\"Teilen auf WhatsApp\" href='https:\/\/api.whatsapp.com\/send?text=https:\/\/ferienchalet-wallis.ch\/de\/aktive-alternativen-zum-halbmarathon\/' aria-hidden='false' data-av_icon='\uf232' data-av_iconfont='entypo-fontello' title='' data-avia-related-tooltip='Teilen auf WhatsApp' rel=\"noopener\"><span class='avia_hidden_link_text'>Teilen auf WhatsApp<\/span><\/a><\/li><\/ul><\/div><\/div><\/p><\/div>\n","protected":false},"excerpt":{"rendered":"","protected":false},"author":3,"featured_media":2005,"comment_status":"closed","ping_status":"closed","sticky":false,"template":"","format":"standard","meta":{"footnotes":""},"categories":[6,20],"tags":[],"class_list":["post-2013","post","type-post","status-publish","format-standard","has-post-thumbnail","hentry","category-aletsch","category-veranstaltungen"],"yoast_head":"<!-- This site is optimized with the Yoast SEO plugin v27.4 - https:\/\/yoast.com\/product\/yoast-seo-wordpress\/ -->\n<title>Aktive Alternativen zum Aletsch Halbmarathon - Bettmeralp und Riederalp<\/title>\n<meta name=\"description\" content=\"Ausflugstipp: Alternative zum Halbmarathon: Hotspots geniessen wie Villa Cassel und ViewPoint Moosfluh\" \/>\n<meta name=\"robots\" content=\"index, follow, max-snippet:-1, max-image-preview:large, max-video-preview:-1\" \/>\n<link rel=\"canonical\" href=\"https:\/\/ferienchalet-wallis.ch\/de\/aktive-alternativen-zum-halbmarathon\/\" \/>\n<meta property=\"og:locale\" content=\"de_DE\" \/>\n<meta property=\"og:type\" content=\"article\" \/>\n<meta property=\"og:title\" content=\"Aktive Alternativen zum Aletsch Halbmarathon - Bettmeralp und Riederalp\" \/>\n<meta property=\"og:description\" content=\"Ausflugstipp: Alternative zum Halbmarathon: Hotspots geniessen wie Villa Cassel und ViewPoint Moosfluh\" \/>\n<meta property=\"og:url\" content=\"https:\/\/ferienchalet-wallis.ch\/de\/aktive-alternativen-zum-halbmarathon\/\" \/>\n<meta property=\"og:site_name\" content=\"Bettmeralp und Riederalp\" \/>\n<meta property=\"article:published_time\" content=\"2024-06-18T15:01:41+00:00\" \/>\n<meta property=\"article:modified_time\" content=\"2024-06-26T08:22:30+00:00\" \/>\n<meta property=\"og:image\" content=\"https:\/\/ferienchalet-wallis.ch\/wp-content\/uploads\/2024\/06\/Bank-Am-Grosse-Aletschgletscher-Moosfluh-Aletsch-Arena-Karin-Bittel.jpg\" \/>\n\t<meta property=\"og:image:width\" content=\"2503\" \/>\n\t<meta property=\"og:image:height\" content=\"1663\" \/>\n\t<meta property=\"og:image:type\" content=\"image\/jpeg\" \/>\n<meta name=\"author\" content=\"WalliSaar\" \/>\n<meta name=\"twitter:card\" content=\"summary_large_image\" \/>\n<meta name=\"twitter:label1\" content=\"Verfasst von\" \/>\n\t<meta name=\"twitter:data1\" content=\"WalliSaar\" \/>\n\t<meta name=\"twitter:label2\" content=\"Gesch\u00e4tzte Lesezeit\" \/>\n\t<meta name=\"twitter:data2\" content=\"3\u00a0Minuten\" \/>\n<script type=\"application\/ld+json\" class=\"yoast-schema-graph\">{\"@context\":\"https:\\\/\\\/schema.org\",\"@graph\":[{\"@type\":\"Article\",\"@id\":\"https:\\\/\\\/ferienchalet-wallis.ch\\\/aktive-alternativen-zum-halbmarathon\\\/#article\",\"isPartOf\":{\"@id\":\"https:\\\/\\\/ferienchalet-wallis.ch\\\/aktive-alternativen-zum-halbmarathon\\\/\"},\"author\":{\"name\":\"WalliSaar\",\"@id\":\"https:\\\/\\\/ferienchalet-wallis.ch\\\/#\\\/schema\\\/person\\\/18b3f062b0514bc953799175b9bfdd2b\"},\"headline\":\"Aktive Alternativen zum Aletsch Halbmarathon\",\"datePublished\":\"2024-06-18T15:01:41+00:00\",\"dateModified\":\"2024-06-26T08:22:30+00:00\",\"mainEntityOfPage\":{\"@id\":\"https:\\\/\\\/ferienchalet-wallis.ch\\\/aktive-alternativen-zum-halbmarathon\\\/\"},\"wordCount\":697,\"publisher\":{\"@id\":\"https:\\\/\\\/ferienchalet-wallis.ch\\\/#organization\"},\"image\":{\"@id\":\"https:\\\/\\\/ferienchalet-wallis.ch\\\/aktive-alternativen-zum-halbmarathon\\\/#primaryimage\"},\"thumbnailUrl\":\"https:\\\/\\\/ferienchalet-wallis.ch\\\/wp-content\\\/uploads\\\/2024\\\/06\\\/Bank-Am-Grosse-Aletschgletscher-Moosfluh-Aletsch-Arena-Karin-Bittel-e1771250163768.jpg\",\"articleSection\":[\"Aletsch\",\"Veranstaltungen\"],\"inLanguage\":\"de\"},{\"@type\":\"WebPage\",\"@id\":\"https:\\\/\\\/ferienchalet-wallis.ch\\\/aktive-alternativen-zum-halbmarathon\\\/\",\"url\":\"https:\\\/\\\/ferienchalet-wallis.ch\\\/aktive-alternativen-zum-halbmarathon\\\/\",\"name\":\"Aktive Alternativen zum Aletsch Halbmarathon - Bettmeralp und Riederalp\",\"isPartOf\":{\"@id\":\"https:\\\/\\\/ferienchalet-wallis.ch\\\/#website\"},\"primaryImageOfPage\":{\"@id\":\"https:\\\/\\\/ferienchalet-wallis.ch\\\/aktive-alternativen-zum-halbmarathon\\\/#primaryimage\"},\"image\":{\"@id\":\"https:\\\/\\\/ferienchalet-wallis.ch\\\/aktive-alternativen-zum-halbmarathon\\\/#primaryimage\"},\"thumbnailUrl\":\"https:\\\/\\\/ferienchalet-wallis.ch\\\/wp-content\\\/uploads\\\/2024\\\/06\\\/Bank-Am-Grosse-Aletschgletscher-Moosfluh-Aletsch-Arena-Karin-Bittel-e1771250163768.jpg\",\"datePublished\":\"2024-06-18T15:01:41+00:00\",\"dateModified\":\"2024-06-26T08:22:30+00:00\",\"description\":\"Ausflugstipp: Alternative zum Halbmarathon: Hotspots geniessen wie Villa Cassel und ViewPoint Moosfluh\",\"breadcrumb\":{\"@id\":\"https:\\\/\\\/ferienchalet-wallis.ch\\\/aktive-alternativen-zum-halbmarathon\\\/#breadcrumb\"},\"inLanguage\":\"de\",\"potentialAction\":[{\"@type\":\"ReadAction\",\"target\":[\"https:\\\/\\\/ferienchalet-wallis.ch\\\/aktive-alternativen-zum-halbmarathon\\\/\"]}]},{\"@type\":\"ImageObject\",\"inLanguage\":\"de\",\"@id\":\"https:\\\/\\\/ferienchalet-wallis.ch\\\/aktive-alternativen-zum-halbmarathon\\\/#primaryimage\",\"url\":\"https:\\\/\\\/ferienchalet-wallis.ch\\\/wp-content\\\/uploads\\\/2024\\\/06\\\/Bank-Am-Grosse-Aletschgletscher-Moosfluh-Aletsch-Arena-Karin-Bittel-e1771250163768.jpg\",\"contentUrl\":\"https:\\\/\\\/ferienchalet-wallis.ch\\\/wp-content\\\/uploads\\\/2024\\\/06\\\/Bank-Am-Grosse-Aletschgletscher-Moosfluh-Aletsch-Arena-Karin-Bittel-e1771250163768.jpg\",\"width\":1600,\"height\":1063},{\"@type\":\"BreadcrumbList\",\"@id\":\"https:\\\/\\\/ferienchalet-wallis.ch\\\/aktive-alternativen-zum-halbmarathon\\\/#breadcrumb\",\"itemListElement\":[{\"@type\":\"ListItem\",\"position\":1,\"name\":\"Home\",\"item\":\"https:\\\/\\\/ferienchalet-wallis.ch\\\/\"},{\"@type\":\"ListItem\",\"position\":2,\"name\":\"Aktive Alternativen zum Aletsch Halbmarathon\"}]},{\"@type\":\"WebSite\",\"@id\":\"https:\\\/\\\/ferienchalet-wallis.ch\\\/#website\",\"url\":\"https:\\\/\\\/ferienchalet-wallis.ch\\\/\",\"name\":\"Bettmeralp und Riederalp\",\"description\":\"Kranzfelder Markus\",\"publisher\":{\"@id\":\"https:\\\/\\\/ferienchalet-wallis.ch\\\/#organization\"},\"potentialAction\":[{\"@type\":\"SearchAction\",\"target\":{\"@type\":\"EntryPoint\",\"urlTemplate\":\"https:\\\/\\\/ferienchalet-wallis.ch\\\/?s={search_term_string}\"},\"query-input\":{\"@type\":\"PropertyValueSpecification\",\"valueRequired\":true,\"valueName\":\"search_term_string\"}}],\"inLanguage\":\"de\"},{\"@type\":\"Organization\",\"@id\":\"https:\\\/\\\/ferienchalet-wallis.ch\\\/#organization\",\"name\":\"Liegenschaftsbetreuung \\\/ Vermietung \u2013 M. Kranzfelder\",\"url\":\"https:\\\/\\\/ferienchalet-wallis.ch\\\/\",\"logo\":{\"@type\":\"ImageObject\",\"inLanguage\":\"de\",\"@id\":\"https:\\\/\\\/ferienchalet-wallis.ch\\\/#\\\/schema\\\/logo\\\/image\\\/\",\"url\":\"https:\\\/\\\/ferienchalet-wallis.ch\\\/wp-content\\\/uploads\\\/2022\\\/01\\\/Logo_Kranzfelder.png\",\"contentUrl\":\"https:\\\/\\\/ferienchalet-wallis.ch\\\/wp-content\\\/uploads\\\/2022\\\/01\\\/Logo_Kranzfelder.png\",\"width\":1526,\"height\":447,\"caption\":\"Liegenschaftsbetreuung \\\/ Vermietung \u2013 M. Kranzfelder\"},\"image\":{\"@id\":\"https:\\\/\\\/ferienchalet-wallis.ch\\\/#\\\/schema\\\/logo\\\/image\\\/\"}},{\"@type\":\"Person\",\"@id\":\"https:\\\/\\\/ferienchalet-wallis.ch\\\/#\\\/schema\\\/person\\\/18b3f062b0514bc953799175b9bfdd2b\",\"name\":\"WalliSaar\",\"image\":{\"@type\":\"ImageObject\",\"inLanguage\":\"de\",\"@id\":\"https:\\\/\\\/secure.gravatar.com\\\/avatar\\\/1be7f9468eac0e02f655be9ab758a01ae5dc72d678841cc4898d463993c78d36?s=96&d=initials&r=g&initials=ru\",\"url\":\"https:\\\/\\\/secure.gravatar.com\\\/avatar\\\/1be7f9468eac0e02f655be9ab758a01ae5dc72d678841cc4898d463993c78d36?s=96&d=initials&r=g&initials=ru\",\"contentUrl\":\"https:\\\/\\\/secure.gravatar.com\\\/avatar\\\/1be7f9468eac0e02f655be9ab758a01ae5dc72d678841cc4898d463993c78d36?s=96&d=initials&r=g&initials=ru\",\"caption\":\"WalliSaar\"},\"description\":\"Mein Name ist Anja Ruch und ich schreibe die Blogbeitr\u00e4ge f\u00fcr das Ehepaar Markus &amp; Tabitha Kranzfelder. Der Name WalliSaar gr\u00fcndet sich auf meinen Wurzeln im Saarland und den neuen im Wallis. My name is Anja Ruch and I write the blog entries for the Markus &amp; Tabitha Kranzfelder couple. The name WalliSaar shows the connection to my old roots in Saarland and the new ones in Valais.\",\"sameAs\":[\"https:\\\/\\\/www.ferienchalet-wallis.ch\\\/blog\"],\"url\":\"https:\\\/\\\/ferienchalet-wallis.ch\\\/de\\\/author\\\/wallisaar\\\/\"}]}<\/script>\n<!-- \/ Yoast SEO plugin. -->","yoast_head_json":{"title":"Aktive Alternativen zum Aletsch Halbmarathon - Bettmeralp und Riederalp","description":"Ausflugstipp: Alternative zum Halbmarathon: Hotspots geniessen wie Villa Cassel und ViewPoint Moosfluh","robots":{"index":"index","follow":"follow","max-snippet":"max-snippet:-1","max-image-preview":"max-image-preview:large","max-video-preview":"max-video-preview:-1"},"canonical":"https:\/\/ferienchalet-wallis.ch\/de\/aktive-alternativen-zum-halbmarathon\/","og_locale":"de_DE","og_type":"article","og_title":"Aktive Alternativen zum Aletsch Halbmarathon - Bettmeralp und Riederalp","og_description":"Ausflugstipp: Alternative zum Halbmarathon: Hotspots geniessen wie Villa Cassel und ViewPoint Moosfluh","og_url":"https:\/\/ferienchalet-wallis.ch\/de\/aktive-alternativen-zum-halbmarathon\/","og_site_name":"Bettmeralp und Riederalp","article_published_time":"2024-06-18T15:01:41+00:00","article_modified_time":"2024-06-26T08:22:30+00:00","og_image":[{"width":2503,"height":1663,"url":"https:\/\/ferienchalet-wallis.ch\/wp-content\/uploads\/2024\/06\/Bank-Am-Grosse-Aletschgletscher-Moosfluh-Aletsch-Arena-Karin-Bittel.jpg","type":"image\/jpeg"}],"author":"WalliSaar","twitter_card":"summary_large_image","twitter_misc":{"Verfasst von":"WalliSaar","Gesch\u00e4tzte Lesezeit":"3\u00a0Minuten"},"schema":{"@context":"https:\/\/schema.org","@graph":[{"@type":"Article","@id":"https:\/\/ferienchalet-wallis.ch\/aktive-alternativen-zum-halbmarathon\/#article","isPartOf":{"@id":"https:\/\/ferienchalet-wallis.ch\/aktive-alternativen-zum-halbmarathon\/"},"author":{"name":"WalliSaar","@id":"https:\/\/ferienchalet-wallis.ch\/#\/schema\/person\/18b3f062b0514bc953799175b9bfdd2b"},"headline":"Aktive Alternativen zum Aletsch Halbmarathon","datePublished":"2024-06-18T15:01:41+00:00","dateModified":"2024-06-26T08:22:30+00:00","mainEntityOfPage":{"@id":"https:\/\/ferienchalet-wallis.ch\/aktive-alternativen-zum-halbmarathon\/"},"wordCount":697,"publisher":{"@id":"https:\/\/ferienchalet-wallis.ch\/#organization"},"image":{"@id":"https:\/\/ferienchalet-wallis.ch\/aktive-alternativen-zum-halbmarathon\/#primaryimage"},"thumbnailUrl":"https:\/\/ferienchalet-wallis.ch\/wp-content\/uploads\/2024\/06\/Bank-Am-Grosse-Aletschgletscher-Moosfluh-Aletsch-Arena-Karin-Bittel-e1771250163768.jpg","articleSection":["Aletsch","Veranstaltungen"],"inLanguage":"de"},{"@type":"WebPage","@id":"https:\/\/ferienchalet-wallis.ch\/aktive-alternativen-zum-halbmarathon\/","url":"https:\/\/ferienchalet-wallis.ch\/aktive-alternativen-zum-halbmarathon\/","name":"Aktive Alternativen zum Aletsch Halbmarathon - Bettmeralp und Riederalp","isPartOf":{"@id":"https:\/\/ferienchalet-wallis.ch\/#website"},"primaryImageOfPage":{"@id":"https:\/\/ferienchalet-wallis.ch\/aktive-alternativen-zum-halbmarathon\/#primaryimage"},"image":{"@id":"https:\/\/ferienchalet-wallis.ch\/aktive-alternativen-zum-halbmarathon\/#primaryimage"},"thumbnailUrl":"https:\/\/ferienchalet-wallis.ch\/wp-content\/uploads\/2024\/06\/Bank-Am-Grosse-Aletschgletscher-Moosfluh-Aletsch-Arena-Karin-Bittel-e1771250163768.jpg","datePublished":"2024-06-18T15:01:41+00:00","dateModified":"2024-06-26T08:22:30+00:00","description":"Ausflugstipp: Alternative zum Halbmarathon: Hotspots geniessen wie Villa Cassel und ViewPoint Moosfluh","breadcrumb":{"@id":"https:\/\/ferienchalet-wallis.ch\/aktive-alternativen-zum-halbmarathon\/#breadcrumb"},"inLanguage":"de","potentialAction":[{"@type":"ReadAction","target":["https:\/\/ferienchalet-wallis.ch\/aktive-alternativen-zum-halbmarathon\/"]}]},{"@type":"ImageObject","inLanguage":"de","@id":"https:\/\/ferienchalet-wallis.ch\/aktive-alternativen-zum-halbmarathon\/#primaryimage","url":"https:\/\/ferienchalet-wallis.ch\/wp-content\/uploads\/2024\/06\/Bank-Am-Grosse-Aletschgletscher-Moosfluh-Aletsch-Arena-Karin-Bittel-e1771250163768.jpg","contentUrl":"https:\/\/ferienchalet-wallis.ch\/wp-content\/uploads\/2024\/06\/Bank-Am-Grosse-Aletschgletscher-Moosfluh-Aletsch-Arena-Karin-Bittel-e1771250163768.jpg","width":1600,"height":1063},{"@type":"BreadcrumbList","@id":"https:\/\/ferienchalet-wallis.ch\/aktive-alternativen-zum-halbmarathon\/#breadcrumb","itemListElement":[{"@type":"ListItem","position":1,"name":"Home","item":"https:\/\/ferienchalet-wallis.ch\/"},{"@type":"ListItem","position":2,"name":"Aktive Alternativen zum Aletsch Halbmarathon"}]},{"@type":"WebSite","@id":"https:\/\/ferienchalet-wallis.ch\/#website","url":"https:\/\/ferienchalet-wallis.ch\/","name":"Bettmeralp und Riederalp","description":"Kranzfelder Markus","publisher":{"@id":"https:\/\/ferienchalet-wallis.ch\/#organization"},"potentialAction":[{"@type":"SearchAction","target":{"@type":"EntryPoint","urlTemplate":"https:\/\/ferienchalet-wallis.ch\/?s={search_term_string}"},"query-input":{"@type":"PropertyValueSpecification","valueRequired":true,"valueName":"search_term_string"}}],"inLanguage":"de"},{"@type":"Organization","@id":"https:\/\/ferienchalet-wallis.ch\/#organization","name":"Liegenschaftsbetreuung \/ Vermietung \u2013 M. Kranzfelder","url":"https:\/\/ferienchalet-wallis.ch\/","logo":{"@type":"ImageObject","inLanguage":"de","@id":"https:\/\/ferienchalet-wallis.ch\/#\/schema\/logo\/image\/","url":"https:\/\/ferienchalet-wallis.ch\/wp-content\/uploads\/2022\/01\/Logo_Kranzfelder.png","contentUrl":"https:\/\/ferienchalet-wallis.ch\/wp-content\/uploads\/2022\/01\/Logo_Kranzfelder.png","width":1526,"height":447,"caption":"Liegenschaftsbetreuung \/ Vermietung \u2013 M. Kranzfelder"},"image":{"@id":"https:\/\/ferienchalet-wallis.ch\/#\/schema\/logo\/image\/"}},{"@type":"Person","@id":"https:\/\/ferienchalet-wallis.ch\/#\/schema\/person\/18b3f062b0514bc953799175b9bfdd2b","name":"WalliSaar","image":{"@type":"ImageObject","inLanguage":"de","@id":"https:\/\/secure.gravatar.com\/avatar\/1be7f9468eac0e02f655be9ab758a01ae5dc72d678841cc4898d463993c78d36?s=96&d=initials&r=g&initials=ru","url":"https:\/\/secure.gravatar.com\/avatar\/1be7f9468eac0e02f655be9ab758a01ae5dc72d678841cc4898d463993c78d36?s=96&d=initials&r=g&initials=ru","contentUrl":"https:\/\/secure.gravatar.com\/avatar\/1be7f9468eac0e02f655be9ab758a01ae5dc72d678841cc4898d463993c78d36?s=96&d=initials&r=g&initials=ru","caption":"WalliSaar"},"description":"Mein Name ist Anja Ruch und ich schreibe die Blogbeitr\u00e4ge f\u00fcr das Ehepaar Markus &amp; Tabitha Kranzfelder. Der Name WalliSaar gr\u00fcndet sich auf meinen Wurzeln im Saarland und den neuen im Wallis. My name is Anja Ruch and I write the blog entries for the Markus &amp; Tabitha Kranzfelder couple. The name WalliSaar shows the connection to my old roots in Saarland and the new ones in Valais.","sameAs":["https:\/\/www.ferienchalet-wallis.ch\/blog"],"url":"https:\/\/ferienchalet-wallis.ch\/de\/author\/wallisaar\/"}]}},"_links":{"self":[{"href":"https:\/\/ferienchalet-wallis.ch\/de\/wp-json\/wp\/v2\/posts\/2013","targetHints":{"allow":["GET"]}}],"collection":[{"href":"https:\/\/ferienchalet-wallis.ch\/de\/wp-json\/wp\/v2\/posts"}],"about":[{"href":"https:\/\/ferienchalet-wallis.ch\/de\/wp-json\/wp\/v2\/types\/post"}],"author":[{"embeddable":true,"href":"https:\/\/ferienchalet-wallis.ch\/de\/wp-json\/wp\/v2\/users\/3"}],"replies":[{"embeddable":true,"href":"https:\/\/ferienchalet-wallis.ch\/de\/wp-json\/wp\/v2\/comments?post=2013"}],"version-history":[{"count":3,"href":"https:\/\/ferienchalet-wallis.ch\/de\/wp-json\/wp\/v2\/posts\/2013\/revisions"}],"predecessor-version":[{"id":2025,"href":"https:\/\/ferienchalet-wallis.ch\/de\/wp-json\/wp\/v2\/posts\/2013\/revisions\/2025"}],"wp:featuredmedia":[{"embeddable":true,"href":"https:\/\/ferienchalet-wallis.ch\/de\/wp-json\/wp\/v2\/media\/2005"}],"wp:attachment":[{"href":"https:\/\/ferienchalet-wallis.ch\/de\/wp-json\/wp\/v2\/media?parent=2013"}],"wp:term":[{"taxonomy":"category","embeddable":true,"href":"https:\/\/ferienchalet-wallis.ch\/de\/wp-json\/wp\/v2\/categories?post=2013"},{"taxonomy":"post_tag","embeddable":true,"href":"https:\/\/ferienchalet-wallis.ch\/de\/wp-json\/wp\/v2\/tags?post=2013"}],"curies":[{"name":"wp","href":"https:\/\/api.w.org\/{rel}","templated":true}]}}