{"id":2041,"date":"2024-07-23T12:34:37","date_gmt":"2024-07-23T12:34:37","guid":{"rendered":"https:\/\/ferienchalet-wallis.ch\/?p=2041"},"modified":"2024-07-23T12:58:35","modified_gmt":"2024-07-23T12:58:35","slug":"sommerfeste_am_aletsch","status":"publish","type":"post","link":"https:\/\/ferienchalet-wallis.ch\/de\/sommerfeste_am_aletsch\/","title":{"rendered":"Sommerfeste am Aletsch"},"content":{"rendered":"\n<style type=\"text\/css\" data-created_by=\"avia_inline_auto\" id=\"style-css-av-lyye4g7u-7354be7adc25f0fe6db2fdf0a5de829c\">\n#top .av-special-heading.av-lyye4g7u-7354be7adc25f0fe6db2fdf0a5de829c{\npadding-bottom:10px;\n}\nbody .av-special-heading.av-lyye4g7u-7354be7adc25f0fe6db2fdf0a5de829c .av-special-heading-tag .heading-char{\nfont-size:25px;\n}\n.av-special-heading.av-lyye4g7u-7354be7adc25f0fe6db2fdf0a5de829c .av-subheading{\nfont-size:15px;\n}\n<\/style>\n<div  class='av-special-heading av-lyye4g7u-7354be7adc25f0fe6db2fdf0a5de829c av-special-heading-h2  avia-builder-el-0  el_before_av_textblock  avia-builder-el-first '><h2 class='av-special-heading-tag'  itemprop=\"headline\"  >Sommer und gute Stimmung<\/h2><div class=\"special-heading-border\"><div class=\"special-heading-inner-border\"><\/div><\/div><\/div>\r\n<section  class='av_textblock_section av-lyye46j5-ecc1312bf8701f5b53385e95e32f24eb'  itemscope=\"itemscope\" itemtype=\"https:\/\/schema.org\/BlogPosting\" itemprop=\"blogPost\" ><div class='avia_textblock'  itemprop=\"text\" ><\/p>\n<p>Was verbindet man mit einem guten Sommer? Warmes Wetter nat\u00fcrlich. Und draussen sitzen, grillen oder Essen gehen auf einer Restaurantterrasse. Im Wasser plantschen mit den Kindern oder auf dem Stand Up Paddle Board die Natur geniessen. Was auch immer es ist: Sommer verbindet man mit Ferien, Freizeit, Festen und Neues erleben. Oder aber auch Altbew\u00e4hrtes, weil es einem ein Gef\u00fchl von Heimat gibt. Denn dort, wo dein Herz ist, wird dein Zuhause sein. G\u00e4ll?!<\/p>\n<p>Drum will ich Ihnen wieder einmal die Aletschregion w\u00e4rmstens ans Herz legen. Denn ich wohne schliesslich hier und weiss, dass das Wallis neben beeindruckender Bergkulisse auch sch\u00f6n warm und sonnig ist. Aktuell gibt es im Juli noch zwei Sommerfeste.<\/p>\n<h3>Seefest am 28. Juli 2024<\/h3>\n<p>Auf der Bettmeralp am gleichnamigen See findet dieses <a href=\"https:\/\/www.aletscharena.ch\/aletsch-arena\/veranstaltungen\/veranstaltung\/seefest\" target=\"_blank\" rel=\"noopener\">Fest<\/a> zum 52. Mal statt mit Tanz, Musik und Essen nat\u00fcrlich. Einheimische sind auch zugegen, darum wird auch das Vereinsleben gelebt.<\/p>\n<h3>Sommernachtsfest am 31. Juli 2024<\/h3>\n<p>Am Abend vor dem Nationalfeiertag findet im Fieschertal das <a href=\"https:\/\/www.aletscharena.ch\/aletsch-arena\/veranstaltungen\/veranstaltung\/sommernachtsfest-fieschertal\" target=\"_blank\" rel=\"noopener\">Sommernachtsfest<\/a> statt. Auch hier gibt es Musik und Verpflegung.<\/p>\n<h3>Feste am 01. August 2024<\/h3>\n<p>Das Fest zum Nationalfeiertag findet wie \u00fcberall an mehreren Orten im Oberwallis statt. Das Rahmenprogramm dazu schauen Sie sich bitte unter den nachfolgenden Links an. Manche bieten Kinderanimation dazu, ein paar sind hier angef\u00fchrt:<\/p>\n<p><a href=\"https:\/\/www.aletscharena.ch\/aletsch-arena\/veranstaltungen\/veranstaltung\/1-augustfeier-auf-der-bettmeralp\" target=\"_blank\" rel=\"noopener\">Bettmeralp &#8211; Lampionsbasteln<\/a><\/p>\n<p><a href=\"https:\/\/www.aletscharena.ch\/aletsch-arena\/veranstaltungen\/veranstaltung\/1-augustfeier-auf-der-riederalp\" target=\"_blank\" rel=\"noopener\">Riederalp \u2013 Laternenschnitzen und -umzug<\/a><\/p>\n<p><a href=\"https:\/\/www.aletscharena.ch\/aletsch-arena\/veranstaltungen\/veranstaltung\/1-augustfeier-fiesch\" target=\"_blank\" rel=\"noopener\">Fiesch \u2013 Kinderschminken und Clownshow<\/a><\/p>\n<p><a href=\"https:\/\/www.aletscharena.ch\/aletsch-arena\/veranstaltungen\/veranstaltung\/1-augustfeier-moerel-filet\" target=\"_blank\" rel=\"noopener\">M\u00f6rel-Filet &#8211; H\u00fcpfburg<\/a><\/p>\n<p><em>Der Summer isch cho ine B\u00e4rga &#8211; Alperose bliend im Sunnestrahl<\/em><\/p>\n<p><\/p>\n<\/div><\/section>\r\n<div class='flex_column av-8laqc9-8038ac7ff16fa39e48414d401dab87f1 av_one_half  avia-builder-el-2  el_after_av_textblock  avia-builder-el-last  first flex_column_div column-top-margin'   ><p><div  class='av-post-metadata-container av-77ogs9-f9d930df9595ddca3eaf784076925f8f av-metadata-container-align-left  avia-builder-el-3  el_before_av_social_share  avia-builder-el-first  av-metadata-container-1'><div class='av-post-metadata-container-inner'><span class=\"av-post-metadata-content av-post-metadata-meta-content\"><span class=\"av-post-metadata-content av-post-metadata-author\"  itemprop=\"author\" ><span class=\"av-metadata-before av-metadata-before-author\">von<\/span><span class=\"av-post-metadata-author-link\" ><a href=\"https:\/\/ferienchalet-wallis.ch\/de\/author\/wallisaar\/\"  rel=\"author\">WalliSaar<\/a><\/span><\/span><span class=\"av-post-metadata-content av-post-metadata-separator\">\/<\/span><span class=\"av-post-metadata-content av-post-metadata-published\"><span class=\"av-post-metadata-published-date\" >Juli 23, 2024<\/span><\/span><\/span><\/div><\/div><br \/>\n<div  class='av-social-sharing-box av-326b2h-0e3fb9e00c2e84c946a67762f0695c03 av-social-sharing-box-circle  avia-builder-el-4  el_after_av_post_metadata  avia-builder-el-last  av-social-sharing-box-color-bg av-social-sharing-box-same-width'><div class=\"av-share-box\"><h5 class='av-share-link-description av-no-toc '>Eintrag teilen<\/h5><ul class=\"av-share-box-list noLightbox\"><li class='av-share-link av-social-link-whatsapp' ><a target=\"_blank\" aria-label=\"Teilen auf WhatsApp\" href='https:\/\/api.whatsapp.com\/send?text=https:\/\/ferienchalet-wallis.ch\/de\/sommerfeste_am_aletsch\/' aria-hidden='false' data-av_icon='\uf232' data-av_iconfont='entypo-fontello' title='' data-avia-related-tooltip='Teilen auf WhatsApp' rel=\"noopener\"><span class='avia_hidden_link_text'>Teilen auf WhatsApp<\/span><\/a><\/li><\/ul><\/div><\/div><\/p><\/div>","protected":false},"excerpt":{"rendered":"","protected":false},"author":3,"featured_media":2043,"comment_status":"closed","ping_status":"closed","sticky":false,"template":"","format":"standard","meta":{"footnotes":""},"categories":[6,8,20],"tags":[],"class_list":["post-2041","post","type-post","status-publish","format-standard","has-post-thumbnail","hentry","category-aletsch","category-bettmeralp","category-veranstaltungen"],"yoast_head":"<!-- This site is optimized with the Yoast SEO plugin v27.4 - https:\/\/yoast.com\/product\/yoast-seo-wordpress\/ -->\n<title>Sommerfeste am Aletsch - Bettmeralp und Riederalp<\/title>\n<meta name=\"description\" content=\"Wie jedes Jahr finden in der Aletschregion verschiedene Sommerfeste statt. Unterhaltung f\u00fcr Gross und Klein mit Musik und Verpflegung.\" \/>\n<meta name=\"robots\" content=\"index, follow, max-snippet:-1, max-image-preview:large, max-video-preview:-1\" \/>\n<link rel=\"canonical\" href=\"https:\/\/ferienchalet-wallis.ch\/de\/sommerfeste_am_aletsch\/\" \/>\n<meta property=\"og:locale\" content=\"de_DE\" \/>\n<meta property=\"og:type\" content=\"article\" \/>\n<meta property=\"og:title\" content=\"Sommerfeste am Aletsch - Bettmeralp und Riederalp\" \/>\n<meta property=\"og:description\" content=\"Wie jedes Jahr finden in der Aletschregion verschiedene Sommerfeste statt. Unterhaltung f\u00fcr Gross und Klein mit Musik und Verpflegung.\" \/>\n<meta property=\"og:url\" content=\"https:\/\/ferienchalet-wallis.ch\/de\/sommerfeste_am_aletsch\/\" \/>\n<meta property=\"og:site_name\" content=\"Bettmeralp und Riederalp\" \/>\n<meta property=\"article:published_time\" content=\"2024-07-23T12:34:37+00:00\" \/>\n<meta property=\"article:modified_time\" content=\"2024-07-23T12:58:35+00:00\" \/>\n<meta property=\"og:image\" content=\"https:\/\/ferienchalet-wallis.ch\/wp-content\/uploads\/2024\/07\/Seefest_Bettmersee.jpg\" \/>\n\t<meta property=\"og:image:width\" content=\"1000\" \/>\n\t<meta property=\"og:image:height\" content=\"750\" \/>\n\t<meta property=\"og:image:type\" content=\"image\/jpeg\" \/>\n<meta name=\"author\" content=\"WalliSaar\" \/>\n<meta name=\"twitter:card\" content=\"summary_large_image\" \/>\n<meta name=\"twitter:label1\" content=\"Verfasst von\" \/>\n\t<meta name=\"twitter:data1\" content=\"WalliSaar\" \/>\n\t<meta name=\"twitter:label2\" content=\"Gesch\u00e4tzte Lesezeit\" \/>\n\t<meta name=\"twitter:data2\" content=\"3\u00a0Minuten\" \/>\n<script type=\"application\/ld+json\" class=\"yoast-schema-graph\">{\"@context\":\"https:\\\/\\\/schema.org\",\"@graph\":[{\"@type\":\"Article\",\"@id\":\"https:\\\/\\\/ferienchalet-wallis.ch\\\/sommerfeste_am_aletsch\\\/#article\",\"isPartOf\":{\"@id\":\"https:\\\/\\\/ferienchalet-wallis.ch\\\/sommerfeste_am_aletsch\\\/\"},\"author\":{\"name\":\"WalliSaar\",\"@id\":\"https:\\\/\\\/ferienchalet-wallis.ch\\\/#\\\/schema\\\/person\\\/18b3f062b0514bc953799175b9bfdd2b\"},\"headline\":\"Sommerfeste am Aletsch\",\"datePublished\":\"2024-07-23T12:34:37+00:00\",\"dateModified\":\"2024-07-23T12:58:35+00:00\",\"mainEntityOfPage\":{\"@id\":\"https:\\\/\\\/ferienchalet-wallis.ch\\\/sommerfeste_am_aletsch\\\/\"},\"wordCount\":704,\"publisher\":{\"@id\":\"https:\\\/\\\/ferienchalet-wallis.ch\\\/#organization\"},\"image\":{\"@id\":\"https:\\\/\\\/ferienchalet-wallis.ch\\\/sommerfeste_am_aletsch\\\/#primaryimage\"},\"thumbnailUrl\":\"https:\\\/\\\/ferienchalet-wallis.ch\\\/wp-content\\\/uploads\\\/2024\\\/07\\\/Seefest_Bettmersee.jpg\",\"articleSection\":[\"Aletsch\",\"Bettmeralp\",\"Veranstaltungen\"],\"inLanguage\":\"de\"},{\"@type\":\"WebPage\",\"@id\":\"https:\\\/\\\/ferienchalet-wallis.ch\\\/sommerfeste_am_aletsch\\\/\",\"url\":\"https:\\\/\\\/ferienchalet-wallis.ch\\\/sommerfeste_am_aletsch\\\/\",\"name\":\"Sommerfeste am Aletsch - Bettmeralp und Riederalp\",\"isPartOf\":{\"@id\":\"https:\\\/\\\/ferienchalet-wallis.ch\\\/#website\"},\"primaryImageOfPage\":{\"@id\":\"https:\\\/\\\/ferienchalet-wallis.ch\\\/sommerfeste_am_aletsch\\\/#primaryimage\"},\"image\":{\"@id\":\"https:\\\/\\\/ferienchalet-wallis.ch\\\/sommerfeste_am_aletsch\\\/#primaryimage\"},\"thumbnailUrl\":\"https:\\\/\\\/ferienchalet-wallis.ch\\\/wp-content\\\/uploads\\\/2024\\\/07\\\/Seefest_Bettmersee.jpg\",\"datePublished\":\"2024-07-23T12:34:37+00:00\",\"dateModified\":\"2024-07-23T12:58:35+00:00\",\"description\":\"Wie jedes Jahr finden in der Aletschregion verschiedene Sommerfeste statt. Unterhaltung f\u00fcr Gross und Klein mit Musik und Verpflegung.\",\"breadcrumb\":{\"@id\":\"https:\\\/\\\/ferienchalet-wallis.ch\\\/sommerfeste_am_aletsch\\\/#breadcrumb\"},\"inLanguage\":\"de\",\"potentialAction\":[{\"@type\":\"ReadAction\",\"target\":[\"https:\\\/\\\/ferienchalet-wallis.ch\\\/sommerfeste_am_aletsch\\\/\"]}]},{\"@type\":\"ImageObject\",\"inLanguage\":\"de\",\"@id\":\"https:\\\/\\\/ferienchalet-wallis.ch\\\/sommerfeste_am_aletsch\\\/#primaryimage\",\"url\":\"https:\\\/\\\/ferienchalet-wallis.ch\\\/wp-content\\\/uploads\\\/2024\\\/07\\\/Seefest_Bettmersee.jpg\",\"contentUrl\":\"https:\\\/\\\/ferienchalet-wallis.ch\\\/wp-content\\\/uploads\\\/2024\\\/07\\\/Seefest_Bettmersee.jpg\",\"width\":1000,\"height\":750,\"caption\":\"Seeweekend Bettmeralp\"},{\"@type\":\"BreadcrumbList\",\"@id\":\"https:\\\/\\\/ferienchalet-wallis.ch\\\/sommerfeste_am_aletsch\\\/#breadcrumb\",\"itemListElement\":[{\"@type\":\"ListItem\",\"position\":1,\"name\":\"Home\",\"item\":\"https:\\\/\\\/ferienchalet-wallis.ch\\\/\"},{\"@type\":\"ListItem\",\"position\":2,\"name\":\"Sommerfeste am Aletsch\"}]},{\"@type\":\"WebSite\",\"@id\":\"https:\\\/\\\/ferienchalet-wallis.ch\\\/#website\",\"url\":\"https:\\\/\\\/ferienchalet-wallis.ch\\\/\",\"name\":\"Bettmeralp und Riederalp\",\"description\":\"Kranzfelder Markus\",\"publisher\":{\"@id\":\"https:\\\/\\\/ferienchalet-wallis.ch\\\/#organization\"},\"potentialAction\":[{\"@type\":\"SearchAction\",\"target\":{\"@type\":\"EntryPoint\",\"urlTemplate\":\"https:\\\/\\\/ferienchalet-wallis.ch\\\/?s={search_term_string}\"},\"query-input\":{\"@type\":\"PropertyValueSpecification\",\"valueRequired\":true,\"valueName\":\"search_term_string\"}}],\"inLanguage\":\"de\"},{\"@type\":\"Organization\",\"@id\":\"https:\\\/\\\/ferienchalet-wallis.ch\\\/#organization\",\"name\":\"Liegenschaftsbetreuung \\\/ Vermietung \u2013 M. Kranzfelder\",\"url\":\"https:\\\/\\\/ferienchalet-wallis.ch\\\/\",\"logo\":{\"@type\":\"ImageObject\",\"inLanguage\":\"de\",\"@id\":\"https:\\\/\\\/ferienchalet-wallis.ch\\\/#\\\/schema\\\/logo\\\/image\\\/\",\"url\":\"https:\\\/\\\/ferienchalet-wallis.ch\\\/wp-content\\\/uploads\\\/2022\\\/01\\\/Logo_Kranzfelder.png\",\"contentUrl\":\"https:\\\/\\\/ferienchalet-wallis.ch\\\/wp-content\\\/uploads\\\/2022\\\/01\\\/Logo_Kranzfelder.png\",\"width\":1526,\"height\":447,\"caption\":\"Liegenschaftsbetreuung \\\/ Vermietung \u2013 M. Kranzfelder\"},\"image\":{\"@id\":\"https:\\\/\\\/ferienchalet-wallis.ch\\\/#\\\/schema\\\/logo\\\/image\\\/\"}},{\"@type\":\"Person\",\"@id\":\"https:\\\/\\\/ferienchalet-wallis.ch\\\/#\\\/schema\\\/person\\\/18b3f062b0514bc953799175b9bfdd2b\",\"name\":\"WalliSaar\",\"image\":{\"@type\":\"ImageObject\",\"inLanguage\":\"de\",\"@id\":\"https:\\\/\\\/secure.gravatar.com\\\/avatar\\\/1be7f9468eac0e02f655be9ab758a01ae5dc72d678841cc4898d463993c78d36?s=96&d=initials&r=g&initials=ru\",\"url\":\"https:\\\/\\\/secure.gravatar.com\\\/avatar\\\/1be7f9468eac0e02f655be9ab758a01ae5dc72d678841cc4898d463993c78d36?s=96&d=initials&r=g&initials=ru\",\"contentUrl\":\"https:\\\/\\\/secure.gravatar.com\\\/avatar\\\/1be7f9468eac0e02f655be9ab758a01ae5dc72d678841cc4898d463993c78d36?s=96&d=initials&r=g&initials=ru\",\"caption\":\"WalliSaar\"},\"description\":\"Mein Name ist Anja Ruch und ich schreibe die Blogbeitr\u00e4ge f\u00fcr das Ehepaar Markus &amp; Tabitha Kranzfelder. Der Name WalliSaar gr\u00fcndet sich auf meinen Wurzeln im Saarland und den neuen im Wallis. My name is Anja Ruch and I write the blog entries for the Markus &amp; Tabitha Kranzfelder couple. The name WalliSaar shows the connection to my old roots in Saarland and the new ones in Valais.\",\"sameAs\":[\"https:\\\/\\\/www.ferienchalet-wallis.ch\\\/blog\"],\"url\":\"https:\\\/\\\/ferienchalet-wallis.ch\\\/de\\\/author\\\/wallisaar\\\/\"}]}<\/script>\n<!-- \/ Yoast SEO plugin. -->","yoast_head_json":{"title":"Sommerfeste am Aletsch - Bettmeralp und Riederalp","description":"Wie jedes Jahr finden in der Aletschregion verschiedene Sommerfeste statt. Unterhaltung f\u00fcr Gross und Klein mit Musik und Verpflegung.","robots":{"index":"index","follow":"follow","max-snippet":"max-snippet:-1","max-image-preview":"max-image-preview:large","max-video-preview":"max-video-preview:-1"},"canonical":"https:\/\/ferienchalet-wallis.ch\/de\/sommerfeste_am_aletsch\/","og_locale":"de_DE","og_type":"article","og_title":"Sommerfeste am Aletsch - Bettmeralp und Riederalp","og_description":"Wie jedes Jahr finden in der Aletschregion verschiedene Sommerfeste statt. Unterhaltung f\u00fcr Gross und Klein mit Musik und Verpflegung.","og_url":"https:\/\/ferienchalet-wallis.ch\/de\/sommerfeste_am_aletsch\/","og_site_name":"Bettmeralp und Riederalp","article_published_time":"2024-07-23T12:34:37+00:00","article_modified_time":"2024-07-23T12:58:35+00:00","og_image":[{"width":1000,"height":750,"url":"https:\/\/ferienchalet-wallis.ch\/wp-content\/uploads\/2024\/07\/Seefest_Bettmersee.jpg","type":"image\/jpeg"}],"author":"WalliSaar","twitter_card":"summary_large_image","twitter_misc":{"Verfasst von":"WalliSaar","Gesch\u00e4tzte Lesezeit":"3\u00a0Minuten"},"schema":{"@context":"https:\/\/schema.org","@graph":[{"@type":"Article","@id":"https:\/\/ferienchalet-wallis.ch\/sommerfeste_am_aletsch\/#article","isPartOf":{"@id":"https:\/\/ferienchalet-wallis.ch\/sommerfeste_am_aletsch\/"},"author":{"name":"WalliSaar","@id":"https:\/\/ferienchalet-wallis.ch\/#\/schema\/person\/18b3f062b0514bc953799175b9bfdd2b"},"headline":"Sommerfeste am Aletsch","datePublished":"2024-07-23T12:34:37+00:00","dateModified":"2024-07-23T12:58:35+00:00","mainEntityOfPage":{"@id":"https:\/\/ferienchalet-wallis.ch\/sommerfeste_am_aletsch\/"},"wordCount":704,"publisher":{"@id":"https:\/\/ferienchalet-wallis.ch\/#organization"},"image":{"@id":"https:\/\/ferienchalet-wallis.ch\/sommerfeste_am_aletsch\/#primaryimage"},"thumbnailUrl":"https:\/\/ferienchalet-wallis.ch\/wp-content\/uploads\/2024\/07\/Seefest_Bettmersee.jpg","articleSection":["Aletsch","Bettmeralp","Veranstaltungen"],"inLanguage":"de"},{"@type":"WebPage","@id":"https:\/\/ferienchalet-wallis.ch\/sommerfeste_am_aletsch\/","url":"https:\/\/ferienchalet-wallis.ch\/sommerfeste_am_aletsch\/","name":"Sommerfeste am Aletsch - Bettmeralp und Riederalp","isPartOf":{"@id":"https:\/\/ferienchalet-wallis.ch\/#website"},"primaryImageOfPage":{"@id":"https:\/\/ferienchalet-wallis.ch\/sommerfeste_am_aletsch\/#primaryimage"},"image":{"@id":"https:\/\/ferienchalet-wallis.ch\/sommerfeste_am_aletsch\/#primaryimage"},"thumbnailUrl":"https:\/\/ferienchalet-wallis.ch\/wp-content\/uploads\/2024\/07\/Seefest_Bettmersee.jpg","datePublished":"2024-07-23T12:34:37+00:00","dateModified":"2024-07-23T12:58:35+00:00","description":"Wie jedes Jahr finden in der Aletschregion verschiedene Sommerfeste statt. Unterhaltung f\u00fcr Gross und Klein mit Musik und Verpflegung.","breadcrumb":{"@id":"https:\/\/ferienchalet-wallis.ch\/sommerfeste_am_aletsch\/#breadcrumb"},"inLanguage":"de","potentialAction":[{"@type":"ReadAction","target":["https:\/\/ferienchalet-wallis.ch\/sommerfeste_am_aletsch\/"]}]},{"@type":"ImageObject","inLanguage":"de","@id":"https:\/\/ferienchalet-wallis.ch\/sommerfeste_am_aletsch\/#primaryimage","url":"https:\/\/ferienchalet-wallis.ch\/wp-content\/uploads\/2024\/07\/Seefest_Bettmersee.jpg","contentUrl":"https:\/\/ferienchalet-wallis.ch\/wp-content\/uploads\/2024\/07\/Seefest_Bettmersee.jpg","width":1000,"height":750,"caption":"Seeweekend Bettmeralp"},{"@type":"BreadcrumbList","@id":"https:\/\/ferienchalet-wallis.ch\/sommerfeste_am_aletsch\/#breadcrumb","itemListElement":[{"@type":"ListItem","position":1,"name":"Home","item":"https:\/\/ferienchalet-wallis.ch\/"},{"@type":"ListItem","position":2,"name":"Sommerfeste am Aletsch"}]},{"@type":"WebSite","@id":"https:\/\/ferienchalet-wallis.ch\/#website","url":"https:\/\/ferienchalet-wallis.ch\/","name":"Bettmeralp und Riederalp","description":"Kranzfelder Markus","publisher":{"@id":"https:\/\/ferienchalet-wallis.ch\/#organization"},"potentialAction":[{"@type":"SearchAction","target":{"@type":"EntryPoint","urlTemplate":"https:\/\/ferienchalet-wallis.ch\/?s={search_term_string}"},"query-input":{"@type":"PropertyValueSpecification","valueRequired":true,"valueName":"search_term_string"}}],"inLanguage":"de"},{"@type":"Organization","@id":"https:\/\/ferienchalet-wallis.ch\/#organization","name":"Liegenschaftsbetreuung \/ Vermietung \u2013 M. Kranzfelder","url":"https:\/\/ferienchalet-wallis.ch\/","logo":{"@type":"ImageObject","inLanguage":"de","@id":"https:\/\/ferienchalet-wallis.ch\/#\/schema\/logo\/image\/","url":"https:\/\/ferienchalet-wallis.ch\/wp-content\/uploads\/2022\/01\/Logo_Kranzfelder.png","contentUrl":"https:\/\/ferienchalet-wallis.ch\/wp-content\/uploads\/2022\/01\/Logo_Kranzfelder.png","width":1526,"height":447,"caption":"Liegenschaftsbetreuung \/ Vermietung \u2013 M. Kranzfelder"},"image":{"@id":"https:\/\/ferienchalet-wallis.ch\/#\/schema\/logo\/image\/"}},{"@type":"Person","@id":"https:\/\/ferienchalet-wallis.ch\/#\/schema\/person\/18b3f062b0514bc953799175b9bfdd2b","name":"WalliSaar","image":{"@type":"ImageObject","inLanguage":"de","@id":"https:\/\/secure.gravatar.com\/avatar\/1be7f9468eac0e02f655be9ab758a01ae5dc72d678841cc4898d463993c78d36?s=96&d=initials&r=g&initials=ru","url":"https:\/\/secure.gravatar.com\/avatar\/1be7f9468eac0e02f655be9ab758a01ae5dc72d678841cc4898d463993c78d36?s=96&d=initials&r=g&initials=ru","contentUrl":"https:\/\/secure.gravatar.com\/avatar\/1be7f9468eac0e02f655be9ab758a01ae5dc72d678841cc4898d463993c78d36?s=96&d=initials&r=g&initials=ru","caption":"WalliSaar"},"description":"Mein Name ist Anja Ruch und ich schreibe die Blogbeitr\u00e4ge f\u00fcr das Ehepaar Markus &amp; Tabitha Kranzfelder. Der Name WalliSaar gr\u00fcndet sich auf meinen Wurzeln im Saarland und den neuen im Wallis. My name is Anja Ruch and I write the blog entries for the Markus &amp; Tabitha Kranzfelder couple. The name WalliSaar shows the connection to my old roots in Saarland and the new ones in Valais.","sameAs":["https:\/\/www.ferienchalet-wallis.ch\/blog"],"url":"https:\/\/ferienchalet-wallis.ch\/de\/author\/wallisaar\/"}]}},"_links":{"self":[{"href":"https:\/\/ferienchalet-wallis.ch\/de\/wp-json\/wp\/v2\/posts\/2041","targetHints":{"allow":["GET"]}}],"collection":[{"href":"https:\/\/ferienchalet-wallis.ch\/de\/wp-json\/wp\/v2\/posts"}],"about":[{"href":"https:\/\/ferienchalet-wallis.ch\/de\/wp-json\/wp\/v2\/types\/post"}],"author":[{"embeddable":true,"href":"https:\/\/ferienchalet-wallis.ch\/de\/wp-json\/wp\/v2\/users\/3"}],"replies":[{"embeddable":true,"href":"https:\/\/ferienchalet-wallis.ch\/de\/wp-json\/wp\/v2\/comments?post=2041"}],"version-history":[{"count":6,"href":"https:\/\/ferienchalet-wallis.ch\/de\/wp-json\/wp\/v2\/posts\/2041\/revisions"}],"predecessor-version":[{"id":2050,"href":"https:\/\/ferienchalet-wallis.ch\/de\/wp-json\/wp\/v2\/posts\/2041\/revisions\/2050"}],"wp:featuredmedia":[{"embeddable":true,"href":"https:\/\/ferienchalet-wallis.ch\/de\/wp-json\/wp\/v2\/media\/2043"}],"wp:attachment":[{"href":"https:\/\/ferienchalet-wallis.ch\/de\/wp-json\/wp\/v2\/media?parent=2041"}],"wp:term":[{"taxonomy":"category","embeddable":true,"href":"https:\/\/ferienchalet-wallis.ch\/de\/wp-json\/wp\/v2\/categories?post=2041"},{"taxonomy":"post_tag","embeddable":true,"href":"https:\/\/ferienchalet-wallis.ch\/de\/wp-json\/wp\/v2\/tags?post=2041"}],"curies":[{"name":"wp","href":"https:\/\/api.w.org\/{rel}","templated":true}]}}