{"id":2092,"date":"2024-08-20T08:11:36","date_gmt":"2024-08-20T08:11:36","guid":{"rendered":"https:\/\/ferienchalet-wallis.ch\/?p=2092"},"modified":"2024-08-27T09:43:42","modified_gmt":"2024-08-27T09:43:42","slug":"wanderung-zum-maerjelensee-im-aletschgebiet","status":"publish","type":"post","link":"https:\/\/ferienchalet-wallis.ch\/de\/wanderung-zum-maerjelensee-im-aletschgebiet\/","title":{"rendered":"Wanderung zum M\u00e4rjelensee am Aletsch"},"content":{"rendered":"\n<style type=\"text\/css\" data-created_by=\"avia_inline_auto\" id=\"style-css-av-m024hnzc-68d158fcf249cc956e25508e045825a5\">\n#top .av-special-heading.av-m024hnzc-68d158fcf249cc956e25508e045825a5{\npadding-bottom:10px;\n}\nbody .av-special-heading.av-m024hnzc-68d158fcf249cc956e25508e045825a5 .av-special-heading-tag .heading-char{\nfont-size:25px;\n}\n.av-special-heading.av-m024hnzc-68d158fcf249cc956e25508e045825a5 .av-subheading{\nfont-size:15px;\n}\n<\/style>\n<div  class='av-special-heading av-m024hnzc-68d158fcf249cc956e25508e045825a5 av-special-heading-h2  avia-builder-el-0  el_before_av_textblock  avia-builder-el-first '><h2 class='av-special-heading-tag'  itemprop=\"headline\"  >Wanderung Bettmerhorn \u2013 M\u00e4rjelensee<\/h2><div class=\"special-heading-border\"><div class=\"special-heading-inner-border\"><\/div><\/div><\/div>\n<section  class='av_textblock_section av-m024uku1-df8b91cf5ccb66d992f28e54482d174c'  itemscope=\"itemscope\" itemtype=\"https:\/\/schema.org\/BlogPosting\" itemprop=\"blogPost\" ><div class='avia_textblock'  itemprop=\"text\" ><p>Diese Wanderung kann ich nur empfehlen. Mein Mann und ich haben sie bei heissem Sommerwetter gemacht. Was eine gute Idee gewesen ist, denn durch einen leichten Wind vom Gletscher her, liess es sich bei den Temperaturen angenehm wandern. Beginnt man die Wandertour ab der Bergstation Bettmerhorn hat man gute zwei Stunden lang einen steten Blick auf den Aletschgletscher. Von der Bergstation unterhalb des Bettmerhorns bis zur Bergstation der Fiescheralp dauert die Strecke ungef\u00e4hr dreieinhalb Stunden.<\/p>\n<h3>Start am Bettmerhorn<\/h3>\n<p>Ab Bergstation Bettmeralp ging es zu Fuss bis zur Gondelbahn, die unterhalb vom Bettmerhorn endet. Dort angekommen haben wir uns zuerst zu dem Viewpoint auf den Aletschgletscher begeben, um die Aussicht zu geniessen. Direkt am Viewpoint startet der Wanderweg abw\u00e4rts \u00fcber felsige Stufen und man h\u00e4lt sich immer rechts. Unterwegs passiert man noch eine Ansammlung von Steinm\u00e4nnchen, immer mit Blick auf den Gletscher. Der felsige Weg endet an einer Weggabelung und man nimmt die Abzweigung rechts Richtung M\u00e4rjelensee. Ab hier hat man viel Zeit f\u00fcr sch\u00f6ne pers\u00f6nliche Fotos mit und ohne Aletschgletscher.<\/p>\n<h3>Blick zum Konkordiaplatz<\/h3>\n<p>Nach ca. anderthalb Stunden passiert man ein Zauntor, ab dann wird der Weg wieder felsiger. Wieder geht es sich rechts haltend \u00fcber Stock und Stein abw\u00e4rts. Nach vorne schauend sehen Sie schon den M\u00e4rjelensee. Nach hinten schauend werfen Sie nach einen Blick auf den Konkordiaplatz. Dort fliessen die vier Firnmulden Grosser Aletschfirn, Jungfraufirn, Ewigschneef\u00e4ld und Gr\u00fcneggfirn zusammen und bilden die Mittelmor\u00e4nen, die dem grossen Aletschgletscher seine Form geben.<\/p>\n<h3>M\u00e4rjelensee und Restaurant Gletscherstube<\/h3>\n<p>Und schon steht man am sch\u00f6nen Gletscherrandsee, dem <a href=\"https:\/\/ourheritage.ch\/article\/wieso-der-marjelensee-einst-gefurchtet-wurde\" target=\"_blank\" rel=\"noopener\">M\u00e4rjelensee<\/a>. Wobei das Wort See einem heutzutage etwas \u00fcbertrieben erscheint. Aber zu anderen Zeiten, als der Gletscher noch viel Schmelzwasser in den See abf\u00fchrte, war dieser See gef\u00e4hrlich. Bei \u00dcberlauf verursachte der See verheerende Sch\u00e4den im Fieschertal. Heute kaum mehr vorstellbar.<\/p>\n<p>Vom M\u00e4rjelensee aus sieht man schon das Restaurant <a href=\"https:\/\/www.aletscharena.ch\/planen-buchen\/unterkuenfte\/unterkunft\/gletscherstube\" target=\"_blank\" rel=\"noopener\">Gletscherstube<\/a>, wo es auf der gut besuchten Terrasse eine wohlverdiente Pause mit selbstgebackenem Kuchen und Holunderbl\u00fctensirup gibt.<\/p>\n<h3>T\u00e4lliwege, Tunnel und Fiescheralp<\/h3>\n<p>Ab der Gletscherstube sind drei Tourvarianten m\u00f6glich: Unters T\u00e4lli f\u00fchrt um den Berg herum. Die Route \u00fcber den T\u00e4lligrat ist gut zusehen von der Gletscherstube aus. Die dritte Wanderroute f\u00fchrt durch den Tunnel, dessen Eingang praktisch gegen\u00fcber der Gletscherstube zu finden ist. Der Tunnel ist schnurgerade, man sieht tats\u00e4chlich das Licht am Ende des Tunnels und es ist wirklich kalt darin, aber in einer Viertelstunde ist man durchgelaufen. Eine leichte Jacke w\u00e4re nicht schlecht gewesen. Alle Wege kommen mehr oder weniger hinter dem Tunnel wieder zusammen. Von dort geht\u2019s weiter bis zur Bergstation Fiescheralp. Nach einer halbe Stunde Gehzeit endet dort die Wandertour. Von der Fiescheralp gibt es verschiedene M\u00f6glichkeiten wieder zur Bettmeralp zur\u00fcckzukommen.<\/p>\n<p><em>Gang am Morje frieh zum Seeji, luschtig gurglets Bachji dri<\/em><\/p>\n<\/div><\/section>\n<div class='flex_column av-9scdf0-5d6713b9568ca4a5ed814a5e9145e251 av_one_half  avia-builder-el-2  el_after_av_textblock  avia-builder-el-last  first flex_column_div column-top-margin'   ><p><div  class='av-post-metadata-container av-pk6m4-e844bd001aa979fddb8639c59dae5430 av-metadata-container-align-left  avia-builder-el-3  el_before_av_social_share  avia-builder-el-first  av-metadata-container-1'><div class='av-post-metadata-container-inner'><span class=\"av-post-metadata-content av-post-metadata-meta-content\"><span class=\"av-post-metadata-content av-post-metadata-author\"  itemprop=\"author\" ><span class=\"av-metadata-before av-metadata-before-author\">von<\/span><span class=\"av-post-metadata-author-link\" ><a href=\"https:\/\/ferienchalet-wallis.ch\/de\/author\/wallisaar\/\"  rel=\"author\">WalliSaar<\/a><\/span><\/span><span class=\"av-post-metadata-content av-post-metadata-separator\">\/<\/span><span class=\"av-post-metadata-content av-post-metadata-published\"><span class=\"av-post-metadata-published-date\" >August 20, 2024<\/span><\/span><\/span><\/div><\/div><br \/>\n<div  class='av-social-sharing-box av-29k024-230208b2875669dc3d0bbf043cc9fd24 av-social-sharing-box-circle  avia-builder-el-4  el_after_av_post_metadata  avia-builder-el-last  av-social-sharing-box-color-bg av-social-sharing-box-same-width'><div class=\"av-share-box\"><h5 class='av-share-link-description av-no-toc '>Eintrag teilen<\/h5><ul class=\"av-share-box-list noLightbox\"><li class='av-share-link av-social-link-whatsapp' ><a target=\"_blank\" aria-label=\"Teilen auf WhatsApp\" href='https:\/\/api.whatsapp.com\/send?text=https:\/\/ferienchalet-wallis.ch\/de\/wanderung-zum-maerjelensee-im-aletschgebiet\/' aria-hidden='false' data-av_icon='\uf232' data-av_iconfont='entypo-fontello' title='' data-avia-related-tooltip='Teilen auf WhatsApp' rel=\"noopener\"><span class='avia_hidden_link_text'>Teilen auf WhatsApp<\/span><\/a><\/li><\/ul><\/div><\/div><\/p><\/div>\n","protected":false},"excerpt":{"rendered":"","protected":false},"author":3,"featured_media":2093,"comment_status":"closed","ping_status":"closed","sticky":false,"template":"","format":"standard","meta":{"footnotes":""},"categories":[6,8,11,12],"tags":[],"class_list":["post-2092","post","type-post","status-publish","format-standard","has-post-thumbnail","hentry","category-aletsch","category-bettmeralp","category-fiescheralp","category-wandern"],"yoast_head":"<!-- This site is optimized with the Yoast SEO plugin v27.4 - https:\/\/yoast.com\/product\/yoast-seo-wordpress\/ -->\n<title>Wanderung zum M\u00e4rjelensee am Aletsch - Bettmeralp und Riederalp<\/title>\n<meta name=\"description\" content=\"Eine Wanderung an einem sch\u00f6nen Tag vom Bettmerhorn zum M\u00e4rjelensee mit einer Pause an der Gletscherstube.\" \/>\n<meta name=\"robots\" content=\"index, follow, max-snippet:-1, max-image-preview:large, max-video-preview:-1\" \/>\n<link rel=\"canonical\" href=\"https:\/\/ferienchalet-wallis.ch\/de\/wanderung-zum-maerjelensee-im-aletschgebiet\/\" \/>\n<meta property=\"og:locale\" content=\"de_DE\" \/>\n<meta property=\"og:type\" content=\"article\" \/>\n<meta property=\"og:title\" content=\"Wanderung zum M\u00e4rjelensee am Aletsch - Bettmeralp und Riederalp\" \/>\n<meta property=\"og:description\" content=\"Eine Wanderung an einem sch\u00f6nen Tag vom Bettmerhorn zum M\u00e4rjelensee mit einer Pause an der Gletscherstube.\" \/>\n<meta property=\"og:url\" content=\"https:\/\/ferienchalet-wallis.ch\/de\/wanderung-zum-maerjelensee-im-aletschgebiet\/\" \/>\n<meta property=\"og:site_name\" content=\"Bettmeralp und Riederalp\" \/>\n<meta property=\"article:published_time\" content=\"2024-08-20T08:11:36+00:00\" \/>\n<meta property=\"article:modified_time\" content=\"2024-08-27T09:43:42+00:00\" \/>\n<meta property=\"og:image\" content=\"https:\/\/ferienchalet-wallis.ch\/wp-content\/uploads\/2024\/08\/Aletschgletscher-2.jpg\" \/>\n\t<meta property=\"og:image:width\" content=\"2048\" \/>\n\t<meta property=\"og:image:height\" content=\"960\" \/>\n\t<meta property=\"og:image:type\" content=\"image\/jpeg\" \/>\n<meta name=\"author\" content=\"WalliSaar\" \/>\n<meta name=\"twitter:card\" content=\"summary_large_image\" \/>\n<meta name=\"twitter:label1\" content=\"Verfasst von\" \/>\n\t<meta name=\"twitter:data1\" content=\"WalliSaar\" \/>\n\t<meta name=\"twitter:label2\" content=\"Gesch\u00e4tzte Lesezeit\" \/>\n\t<meta name=\"twitter:data2\" content=\"4\u00a0Minuten\" \/>\n<script type=\"application\/ld+json\" class=\"yoast-schema-graph\">{\"@context\":\"https:\\\/\\\/schema.org\",\"@graph\":[{\"@type\":\"Article\",\"@id\":\"https:\\\/\\\/ferienchalet-wallis.ch\\\/wanderung-zum-maerjelensee-im-aletschgebiet\\\/#article\",\"isPartOf\":{\"@id\":\"https:\\\/\\\/ferienchalet-wallis.ch\\\/wanderung-zum-maerjelensee-im-aletschgebiet\\\/\"},\"author\":{\"name\":\"WalliSaar\",\"@id\":\"https:\\\/\\\/ferienchalet-wallis.ch\\\/#\\\/schema\\\/person\\\/18b3f062b0514bc953799175b9bfdd2b\"},\"headline\":\"Wanderung zum M\u00e4rjelensee am Aletsch\",\"datePublished\":\"2024-08-20T08:11:36+00:00\",\"dateModified\":\"2024-08-27T09:43:42+00:00\",\"mainEntityOfPage\":{\"@id\":\"https:\\\/\\\/ferienchalet-wallis.ch\\\/wanderung-zum-maerjelensee-im-aletschgebiet\\\/\"},\"wordCount\":948,\"publisher\":{\"@id\":\"https:\\\/\\\/ferienchalet-wallis.ch\\\/#organization\"},\"image\":{\"@id\":\"https:\\\/\\\/ferienchalet-wallis.ch\\\/wanderung-zum-maerjelensee-im-aletschgebiet\\\/#primaryimage\"},\"thumbnailUrl\":\"https:\\\/\\\/ferienchalet-wallis.ch\\\/wp-content\\\/uploads\\\/2024\\\/08\\\/Aletschgletscher-2.jpg\",\"articleSection\":[\"Aletsch\",\"Bettmeralp\",\"Fiescheralp\",\"Wandern\"],\"inLanguage\":\"de\"},{\"@type\":\"WebPage\",\"@id\":\"https:\\\/\\\/ferienchalet-wallis.ch\\\/wanderung-zum-maerjelensee-im-aletschgebiet\\\/\",\"url\":\"https:\\\/\\\/ferienchalet-wallis.ch\\\/wanderung-zum-maerjelensee-im-aletschgebiet\\\/\",\"name\":\"Wanderung zum M\u00e4rjelensee am Aletsch - Bettmeralp und Riederalp\",\"isPartOf\":{\"@id\":\"https:\\\/\\\/ferienchalet-wallis.ch\\\/#website\"},\"primaryImageOfPage\":{\"@id\":\"https:\\\/\\\/ferienchalet-wallis.ch\\\/wanderung-zum-maerjelensee-im-aletschgebiet\\\/#primaryimage\"},\"image\":{\"@id\":\"https:\\\/\\\/ferienchalet-wallis.ch\\\/wanderung-zum-maerjelensee-im-aletschgebiet\\\/#primaryimage\"},\"thumbnailUrl\":\"https:\\\/\\\/ferienchalet-wallis.ch\\\/wp-content\\\/uploads\\\/2024\\\/08\\\/Aletschgletscher-2.jpg\",\"datePublished\":\"2024-08-20T08:11:36+00:00\",\"dateModified\":\"2024-08-27T09:43:42+00:00\",\"description\":\"Eine Wanderung an einem sch\u00f6nen Tag vom Bettmerhorn zum M\u00e4rjelensee mit einer Pause an der Gletscherstube.\",\"breadcrumb\":{\"@id\":\"https:\\\/\\\/ferienchalet-wallis.ch\\\/wanderung-zum-maerjelensee-im-aletschgebiet\\\/#breadcrumb\"},\"inLanguage\":\"de\",\"potentialAction\":[{\"@type\":\"ReadAction\",\"target\":[\"https:\\\/\\\/ferienchalet-wallis.ch\\\/wanderung-zum-maerjelensee-im-aletschgebiet\\\/\"]}]},{\"@type\":\"ImageObject\",\"inLanguage\":\"de\",\"@id\":\"https:\\\/\\\/ferienchalet-wallis.ch\\\/wanderung-zum-maerjelensee-im-aletschgebiet\\\/#primaryimage\",\"url\":\"https:\\\/\\\/ferienchalet-wallis.ch\\\/wp-content\\\/uploads\\\/2024\\\/08\\\/Aletschgletscher-2.jpg\",\"contentUrl\":\"https:\\\/\\\/ferienchalet-wallis.ch\\\/wp-content\\\/uploads\\\/2024\\\/08\\\/Aletschgletscher-2.jpg\",\"width\":2048,\"height\":960,\"caption\":\"Aletschgletscher\"},{\"@type\":\"BreadcrumbList\",\"@id\":\"https:\\\/\\\/ferienchalet-wallis.ch\\\/wanderung-zum-maerjelensee-im-aletschgebiet\\\/#breadcrumb\",\"itemListElement\":[{\"@type\":\"ListItem\",\"position\":1,\"name\":\"Home\",\"item\":\"https:\\\/\\\/ferienchalet-wallis.ch\\\/\"},{\"@type\":\"ListItem\",\"position\":2,\"name\":\"Wanderung zum M\u00e4rjelensee am Aletsch\"}]},{\"@type\":\"WebSite\",\"@id\":\"https:\\\/\\\/ferienchalet-wallis.ch\\\/#website\",\"url\":\"https:\\\/\\\/ferienchalet-wallis.ch\\\/\",\"name\":\"Bettmeralp und Riederalp\",\"description\":\"Kranzfelder Markus\",\"publisher\":{\"@id\":\"https:\\\/\\\/ferienchalet-wallis.ch\\\/#organization\"},\"potentialAction\":[{\"@type\":\"SearchAction\",\"target\":{\"@type\":\"EntryPoint\",\"urlTemplate\":\"https:\\\/\\\/ferienchalet-wallis.ch\\\/?s={search_term_string}\"},\"query-input\":{\"@type\":\"PropertyValueSpecification\",\"valueRequired\":true,\"valueName\":\"search_term_string\"}}],\"inLanguage\":\"de\"},{\"@type\":\"Organization\",\"@id\":\"https:\\\/\\\/ferienchalet-wallis.ch\\\/#organization\",\"name\":\"Liegenschaftsbetreuung \\\/ Vermietung \u2013 M. Kranzfelder\",\"url\":\"https:\\\/\\\/ferienchalet-wallis.ch\\\/\",\"logo\":{\"@type\":\"ImageObject\",\"inLanguage\":\"de\",\"@id\":\"https:\\\/\\\/ferienchalet-wallis.ch\\\/#\\\/schema\\\/logo\\\/image\\\/\",\"url\":\"https:\\\/\\\/ferienchalet-wallis.ch\\\/wp-content\\\/uploads\\\/2022\\\/01\\\/Logo_Kranzfelder.png\",\"contentUrl\":\"https:\\\/\\\/ferienchalet-wallis.ch\\\/wp-content\\\/uploads\\\/2022\\\/01\\\/Logo_Kranzfelder.png\",\"width\":1526,\"height\":447,\"caption\":\"Liegenschaftsbetreuung \\\/ Vermietung \u2013 M. Kranzfelder\"},\"image\":{\"@id\":\"https:\\\/\\\/ferienchalet-wallis.ch\\\/#\\\/schema\\\/logo\\\/image\\\/\"}},{\"@type\":\"Person\",\"@id\":\"https:\\\/\\\/ferienchalet-wallis.ch\\\/#\\\/schema\\\/person\\\/18b3f062b0514bc953799175b9bfdd2b\",\"name\":\"WalliSaar\",\"image\":{\"@type\":\"ImageObject\",\"inLanguage\":\"de\",\"@id\":\"https:\\\/\\\/secure.gravatar.com\\\/avatar\\\/1be7f9468eac0e02f655be9ab758a01ae5dc72d678841cc4898d463993c78d36?s=96&d=initials&r=g&initials=ru\",\"url\":\"https:\\\/\\\/secure.gravatar.com\\\/avatar\\\/1be7f9468eac0e02f655be9ab758a01ae5dc72d678841cc4898d463993c78d36?s=96&d=initials&r=g&initials=ru\",\"contentUrl\":\"https:\\\/\\\/secure.gravatar.com\\\/avatar\\\/1be7f9468eac0e02f655be9ab758a01ae5dc72d678841cc4898d463993c78d36?s=96&d=initials&r=g&initials=ru\",\"caption\":\"WalliSaar\"},\"description\":\"Mein Name ist Anja Ruch und ich schreibe die Blogbeitr\u00e4ge f\u00fcr das Ehepaar Markus &amp; Tabitha Kranzfelder. Der Name WalliSaar gr\u00fcndet sich auf meinen Wurzeln im Saarland und den neuen im Wallis. My name is Anja Ruch and I write the blog entries for the Markus &amp; Tabitha Kranzfelder couple. The name WalliSaar shows the connection to my old roots in Saarland and the new ones in Valais.\",\"sameAs\":[\"https:\\\/\\\/www.ferienchalet-wallis.ch\\\/blog\"],\"url\":\"https:\\\/\\\/ferienchalet-wallis.ch\\\/de\\\/author\\\/wallisaar\\\/\"}]}<\/script>\n<!-- \/ Yoast SEO plugin. -->","yoast_head_json":{"title":"Wanderung zum M\u00e4rjelensee am Aletsch - Bettmeralp und Riederalp","description":"Eine Wanderung an einem sch\u00f6nen Tag vom Bettmerhorn zum M\u00e4rjelensee mit einer Pause an der Gletscherstube.","robots":{"index":"index","follow":"follow","max-snippet":"max-snippet:-1","max-image-preview":"max-image-preview:large","max-video-preview":"max-video-preview:-1"},"canonical":"https:\/\/ferienchalet-wallis.ch\/de\/wanderung-zum-maerjelensee-im-aletschgebiet\/","og_locale":"de_DE","og_type":"article","og_title":"Wanderung zum M\u00e4rjelensee am Aletsch - Bettmeralp und Riederalp","og_description":"Eine Wanderung an einem sch\u00f6nen Tag vom Bettmerhorn zum M\u00e4rjelensee mit einer Pause an der Gletscherstube.","og_url":"https:\/\/ferienchalet-wallis.ch\/de\/wanderung-zum-maerjelensee-im-aletschgebiet\/","og_site_name":"Bettmeralp und Riederalp","article_published_time":"2024-08-20T08:11:36+00:00","article_modified_time":"2024-08-27T09:43:42+00:00","og_image":[{"width":2048,"height":960,"url":"https:\/\/ferienchalet-wallis.ch\/wp-content\/uploads\/2024\/08\/Aletschgletscher-2.jpg","type":"image\/jpeg"}],"author":"WalliSaar","twitter_card":"summary_large_image","twitter_misc":{"Verfasst von":"WalliSaar","Gesch\u00e4tzte Lesezeit":"4\u00a0Minuten"},"schema":{"@context":"https:\/\/schema.org","@graph":[{"@type":"Article","@id":"https:\/\/ferienchalet-wallis.ch\/wanderung-zum-maerjelensee-im-aletschgebiet\/#article","isPartOf":{"@id":"https:\/\/ferienchalet-wallis.ch\/wanderung-zum-maerjelensee-im-aletschgebiet\/"},"author":{"name":"WalliSaar","@id":"https:\/\/ferienchalet-wallis.ch\/#\/schema\/person\/18b3f062b0514bc953799175b9bfdd2b"},"headline":"Wanderung zum M\u00e4rjelensee am Aletsch","datePublished":"2024-08-20T08:11:36+00:00","dateModified":"2024-08-27T09:43:42+00:00","mainEntityOfPage":{"@id":"https:\/\/ferienchalet-wallis.ch\/wanderung-zum-maerjelensee-im-aletschgebiet\/"},"wordCount":948,"publisher":{"@id":"https:\/\/ferienchalet-wallis.ch\/#organization"},"image":{"@id":"https:\/\/ferienchalet-wallis.ch\/wanderung-zum-maerjelensee-im-aletschgebiet\/#primaryimage"},"thumbnailUrl":"https:\/\/ferienchalet-wallis.ch\/wp-content\/uploads\/2024\/08\/Aletschgletscher-2.jpg","articleSection":["Aletsch","Bettmeralp","Fiescheralp","Wandern"],"inLanguage":"de"},{"@type":"WebPage","@id":"https:\/\/ferienchalet-wallis.ch\/wanderung-zum-maerjelensee-im-aletschgebiet\/","url":"https:\/\/ferienchalet-wallis.ch\/wanderung-zum-maerjelensee-im-aletschgebiet\/","name":"Wanderung zum M\u00e4rjelensee am Aletsch - Bettmeralp und Riederalp","isPartOf":{"@id":"https:\/\/ferienchalet-wallis.ch\/#website"},"primaryImageOfPage":{"@id":"https:\/\/ferienchalet-wallis.ch\/wanderung-zum-maerjelensee-im-aletschgebiet\/#primaryimage"},"image":{"@id":"https:\/\/ferienchalet-wallis.ch\/wanderung-zum-maerjelensee-im-aletschgebiet\/#primaryimage"},"thumbnailUrl":"https:\/\/ferienchalet-wallis.ch\/wp-content\/uploads\/2024\/08\/Aletschgletscher-2.jpg","datePublished":"2024-08-20T08:11:36+00:00","dateModified":"2024-08-27T09:43:42+00:00","description":"Eine Wanderung an einem sch\u00f6nen Tag vom Bettmerhorn zum M\u00e4rjelensee mit einer Pause an der Gletscherstube.","breadcrumb":{"@id":"https:\/\/ferienchalet-wallis.ch\/wanderung-zum-maerjelensee-im-aletschgebiet\/#breadcrumb"},"inLanguage":"de","potentialAction":[{"@type":"ReadAction","target":["https:\/\/ferienchalet-wallis.ch\/wanderung-zum-maerjelensee-im-aletschgebiet\/"]}]},{"@type":"ImageObject","inLanguage":"de","@id":"https:\/\/ferienchalet-wallis.ch\/wanderung-zum-maerjelensee-im-aletschgebiet\/#primaryimage","url":"https:\/\/ferienchalet-wallis.ch\/wp-content\/uploads\/2024\/08\/Aletschgletscher-2.jpg","contentUrl":"https:\/\/ferienchalet-wallis.ch\/wp-content\/uploads\/2024\/08\/Aletschgletscher-2.jpg","width":2048,"height":960,"caption":"Aletschgletscher"},{"@type":"BreadcrumbList","@id":"https:\/\/ferienchalet-wallis.ch\/wanderung-zum-maerjelensee-im-aletschgebiet\/#breadcrumb","itemListElement":[{"@type":"ListItem","position":1,"name":"Home","item":"https:\/\/ferienchalet-wallis.ch\/"},{"@type":"ListItem","position":2,"name":"Wanderung zum M\u00e4rjelensee am Aletsch"}]},{"@type":"WebSite","@id":"https:\/\/ferienchalet-wallis.ch\/#website","url":"https:\/\/ferienchalet-wallis.ch\/","name":"Bettmeralp und Riederalp","description":"Kranzfelder Markus","publisher":{"@id":"https:\/\/ferienchalet-wallis.ch\/#organization"},"potentialAction":[{"@type":"SearchAction","target":{"@type":"EntryPoint","urlTemplate":"https:\/\/ferienchalet-wallis.ch\/?s={search_term_string}"},"query-input":{"@type":"PropertyValueSpecification","valueRequired":true,"valueName":"search_term_string"}}],"inLanguage":"de"},{"@type":"Organization","@id":"https:\/\/ferienchalet-wallis.ch\/#organization","name":"Liegenschaftsbetreuung \/ Vermietung \u2013 M. Kranzfelder","url":"https:\/\/ferienchalet-wallis.ch\/","logo":{"@type":"ImageObject","inLanguage":"de","@id":"https:\/\/ferienchalet-wallis.ch\/#\/schema\/logo\/image\/","url":"https:\/\/ferienchalet-wallis.ch\/wp-content\/uploads\/2022\/01\/Logo_Kranzfelder.png","contentUrl":"https:\/\/ferienchalet-wallis.ch\/wp-content\/uploads\/2022\/01\/Logo_Kranzfelder.png","width":1526,"height":447,"caption":"Liegenschaftsbetreuung \/ Vermietung \u2013 M. Kranzfelder"},"image":{"@id":"https:\/\/ferienchalet-wallis.ch\/#\/schema\/logo\/image\/"}},{"@type":"Person","@id":"https:\/\/ferienchalet-wallis.ch\/#\/schema\/person\/18b3f062b0514bc953799175b9bfdd2b","name":"WalliSaar","image":{"@type":"ImageObject","inLanguage":"de","@id":"https:\/\/secure.gravatar.com\/avatar\/1be7f9468eac0e02f655be9ab758a01ae5dc72d678841cc4898d463993c78d36?s=96&d=initials&r=g&initials=ru","url":"https:\/\/secure.gravatar.com\/avatar\/1be7f9468eac0e02f655be9ab758a01ae5dc72d678841cc4898d463993c78d36?s=96&d=initials&r=g&initials=ru","contentUrl":"https:\/\/secure.gravatar.com\/avatar\/1be7f9468eac0e02f655be9ab758a01ae5dc72d678841cc4898d463993c78d36?s=96&d=initials&r=g&initials=ru","caption":"WalliSaar"},"description":"Mein Name ist Anja Ruch und ich schreibe die Blogbeitr\u00e4ge f\u00fcr das Ehepaar Markus &amp; Tabitha Kranzfelder. Der Name WalliSaar gr\u00fcndet sich auf meinen Wurzeln im Saarland und den neuen im Wallis. My name is Anja Ruch and I write the blog entries for the Markus &amp; Tabitha Kranzfelder couple. The name WalliSaar shows the connection to my old roots in Saarland and the new ones in Valais.","sameAs":["https:\/\/www.ferienchalet-wallis.ch\/blog"],"url":"https:\/\/ferienchalet-wallis.ch\/de\/author\/wallisaar\/"}]}},"_links":{"self":[{"href":"https:\/\/ferienchalet-wallis.ch\/de\/wp-json\/wp\/v2\/posts\/2092","targetHints":{"allow":["GET"]}}],"collection":[{"href":"https:\/\/ferienchalet-wallis.ch\/de\/wp-json\/wp\/v2\/posts"}],"about":[{"href":"https:\/\/ferienchalet-wallis.ch\/de\/wp-json\/wp\/v2\/types\/post"}],"author":[{"embeddable":true,"href":"https:\/\/ferienchalet-wallis.ch\/de\/wp-json\/wp\/v2\/users\/3"}],"replies":[{"embeddable":true,"href":"https:\/\/ferienchalet-wallis.ch\/de\/wp-json\/wp\/v2\/comments?post=2092"}],"version-history":[{"count":9,"href":"https:\/\/ferienchalet-wallis.ch\/de\/wp-json\/wp\/v2\/posts\/2092\/revisions"}],"predecessor-version":[{"id":2123,"href":"https:\/\/ferienchalet-wallis.ch\/de\/wp-json\/wp\/v2\/posts\/2092\/revisions\/2123"}],"wp:featuredmedia":[{"embeddable":true,"href":"https:\/\/ferienchalet-wallis.ch\/de\/wp-json\/wp\/v2\/media\/2093"}],"wp:attachment":[{"href":"https:\/\/ferienchalet-wallis.ch\/de\/wp-json\/wp\/v2\/media?parent=2092"}],"wp:term":[{"taxonomy":"category","embeddable":true,"href":"https:\/\/ferienchalet-wallis.ch\/de\/wp-json\/wp\/v2\/categories?post=2092"},{"taxonomy":"post_tag","embeddable":true,"href":"https:\/\/ferienchalet-wallis.ch\/de\/wp-json\/wp\/v2\/tags?post=2092"}],"curies":[{"name":"wp","href":"https:\/\/api.w.org\/{rel}","templated":true}]}}