{"id":2146,"date":"2024-10-08T11:58:51","date_gmt":"2024-10-08T11:58:51","guid":{"rendered":"https:\/\/ferienchalet-wallis.ch\/?p=2146"},"modified":"2024-10-08T12:11:40","modified_gmt":"2024-10-08T12:11:40","slug":"5-wanderrouten-im-aletschgebiet","status":"publish","type":"post","link":"https:\/\/ferienchalet-wallis.ch\/de\/5-wanderrouten-im-aletschgebiet\/","title":{"rendered":"5 Wanderrouten im Aletschgebiet"},"content":{"rendered":"\n<style type=\"text\/css\" data-created_by=\"avia_inline_auto\" id=\"style-css-av-m20dcn17-01613c3700f6ba18dcb77cdd46c99ad5\">\n#top .av-special-heading.av-m20dcn17-01613c3700f6ba18dcb77cdd46c99ad5{\npadding-bottom:10px;\n}\nbody .av-special-heading.av-m20dcn17-01613c3700f6ba18dcb77cdd46c99ad5 .av-special-heading-tag .heading-char{\nfont-size:25px;\n}\n.av-special-heading.av-m20dcn17-01613c3700f6ba18dcb77cdd46c99ad5 .av-subheading{\nfont-size:15px;\n}\n<\/style>\n<div  class='av-special-heading av-m20dcn17-01613c3700f6ba18dcb77cdd46c99ad5 av-special-heading-h2  avia-builder-el-0  el_before_av_textblock  avia-builder-el-first '><h2 class='av-special-heading-tag'  itemprop=\"headline\"  >Lieblingsstrecken von Riederalp bis Fiescheralp<\/h2><div class=\"special-heading-border\"><div class=\"special-heading-inner-border\"><\/div><\/div><\/div>\n<section  class='av_textblock_section av-m20dogo5-bf1e6ff382c91683cd0c9cff54bf53f7'  itemscope=\"itemscope\" itemtype=\"https:\/\/schema.org\/BlogPosting\" itemprop=\"blogPost\" ><div class='avia_textblock'  itemprop=\"text\" ><p>Wenn man im Wallis wohnt, gibt es schier unersch\u00f6pfliche M\u00f6glichkeiten zu wandern. Das tolle Panorama auf die vielen 4000er Berggipfel und nat\u00fcrlich der gewaltige Aletschgletscher geh\u00f6ren definitv dazu. Deswegen stelle ich Ihnen meine Lieblingsstrecken im Aletschgebiet kurz vor:<\/p>\n<h3>Nummer 1 \u2013 Wanderung von der Bergstation am Betterhorn zum M\u00e4rjelensee<\/h3>\n<p>Diese <a href=\"https:\/\/ferienchalet-wallis.ch\/wanderung-zum-maerjelensee-im-aletschgebiet\/\" target=\"_blank\" rel=\"noopener\">4-st\u00fcndige Wanderung<\/a> hab ich auf diesem Blog vor kurzem vorgestellt und sie ist wirklich grandios, weil man einfach sehr lange w\u00e4hrend der Wanderung den Aletschgletscher betrachtet. Der Weg geht anfangs \u00fcber H\u00f6ckli und St\u00f6ckli, was ihn spannend macht und gegen Ende wird man mit dem kleinen romantischen M\u00e4rjelensee belohnt. Die Gletscherstube lohnt f\u00fcr eine Pause und rundet diesen Wandertag ab.<\/p>\n<h3>Nummer 2 \u2013 Wanderung von der Belalp \u00fcber die H\u00e4ngebr\u00fccke zur Riederalp<\/h3>\n<p>Sie wandern gute 5 Stunden und bis sie die <a href=\"https:\/\/ferienchalet-wallis.ch\/die-wandersaison-am-aletsch-beginnt-am-08-06-24\/\" target=\"_blank\" rel=\"noopener\">H\u00e4ngebr\u00fccke<\/a> erreichen, sind Sie locker schon 3 Stunden unterwegs. Darum empfehle ich eine Pause kurz vor oder nach der H\u00e4ngebr\u00fccke. Die Schlucht \u00fcber die 125 m lange H\u00e4ngebr\u00fccke ist eindr\u00fccklich und danach geht\u2019s durch den wirklich sehr nat\u00fcrlichen Aletschwald. Natur pur! Der Wanderweg endet am <a href=\"https:\/\/www.facebook.com\/restaurantriederfurka\/\" target=\"_blank\" rel=\"noopener\">Restaurant Riederfurka<\/a>. Kaufen Sie das <a href=\"https:\/\/www.aletscharena.ch\/planen-buchen\/angebote-erlebnisse\/angebot\/rundreiseticket-belalp-riederalp\" target=\"_blank\" rel=\"noopener\">Rundwanderticket<\/a>.<\/p>\n<h3>Nummer 3 \u2013 Gratwanderung von der Bettmeralp zur Riederalp mit Pausen an den ViewPoints<\/h3>\n<p>Die <a href=\"https:\/\/ferienchalet-wallis.ch\/winderwanderung-erlebnispfad-gradweg\/\" target=\"_blank\" rel=\"noopener\">Gratwanderung<\/a> dauert zweieinhalb Stunden und ist nicht beschwerlich. Der Gratweg ist auch f\u00fcr Kinder geeignet. Man l\u00e4uft der Sonne entgegen und geniesst derweil das Panorama. Nutzen Sie die ViewPoints auf den Gletscher. Zum Abschluss wieder einkehren, diesmal in die Villa Cassel mit dem Pro Natura Zentrum. Diese Wanderung ist auch im Winter m\u00f6glich.<\/p>\n<h3>Nummer 4 \u2013 Spaziergang von der Fiescheralp zur Bettermalp<\/h3>\n<p>Das ist jetzt definitiv mehr ein Ausflug. Manchmal hat man Tage, da m\u00fcssen es halt keine stundenlangen Wanderungen sein, da will man <a href=\"https:\/\/ferienchalet-wallis.ch\/winterwanderung-fiescheralp-riederalp\/\" target=\"_blank\" rel=\"noopener\">einfach sein<\/a>. Und das ist so eine Strecke. In der Wandersaison isst man unterwegs Blaubeeren, in der Skisaison will man vielleicht mal einen Tag Skipause einlegen. Sie k\u00f6nnen f\u00fcr ihr Kind den Schlitten mitnehmen oder Schneeschuhlaufen. Kehren Sie in die B\u00e4ttmerhitta ein. Sie ist urig und es gibt gutes Essen.<\/p>\n<h3>Nummer 5 \u2013 Spaziergang von der Bettmeralp nach Betten<\/h3>\n<p>Ein ausgedehnter Spaziergang, der stetig bergab geht. Aber es gibt wirklich sch\u00f6ne Maiens\u00e4sse zu betrachten. Das macht auch <a href=\"https:\/\/ferienchalet-wallis.ch\/schneeschuhtour-betten-dorf-in-richtung-domo-bettmeralp\/\" target=\"_blank\" rel=\"noopener\">im Winter mit dem Schlitten<\/a> Spass. Zu Fuss braucht man 2 Stunden bis man an der Zwischenstation in Betten ist. Geschlittelt mit kleinen Pausen \u2013 schliesslich gilt es die Maiens\u00e4sse zu bewundern samt Aussicht \u2013 dauert\u2019s eine halbe Stunde. Wie, schon vorbei mit Schlitteln? Kein Problem. Flugs in die Gondelbahn gesprungen und den ganzen Spass wiederholen.<\/p>\n<p><em>Mu m\u00fcess hewwu we s hibsch isch \ud83d\ude09<\/em><\/p>\n<\/div><\/section>\n<div class='flex_column av-9o1u6q-dd0c044e6fefbfdd672e39b2699810f9 av_one_half  avia-builder-el-2  el_after_av_textblock  avia-builder-el-last  first flex_column_div column-top-margin'   ><p><div  class='av-post-metadata-container av-7ot3xu-8603e7be3346e439d6da9f121ea141fd av-metadata-container-align-left  avia-builder-el-3  el_before_av_social_share  avia-builder-el-first  av-metadata-container-1'><div class='av-post-metadata-container-inner'><span class=\"av-post-metadata-content av-post-metadata-meta-content\"><span class=\"av-post-metadata-content av-post-metadata-author\"  itemprop=\"author\" ><span class=\"av-metadata-before av-metadata-before-author\">von<\/span><span class=\"av-post-metadata-author-link\" ><a href=\"https:\/\/ferienchalet-wallis.ch\/de\/author\/wallisaar\/\"  rel=\"author\">WalliSaar<\/a><\/span><\/span><span class=\"av-post-metadata-content av-post-metadata-separator\">\/<\/span><span class=\"av-post-metadata-content av-post-metadata-published\"><span class=\"av-post-metadata-published-date\" >Oktober 8, 2024<\/span><\/span><\/span><\/div><\/div><br \/>\n<div  class='av-social-sharing-box av-25hebm-8885c3870413eaf5039f16323acb973f av-social-sharing-box-circle  avia-builder-el-4  el_after_av_post_metadata  avia-builder-el-last  av-social-sharing-box-color-bg av-social-sharing-box-same-width'><div class=\"av-share-box\"><h5 class='av-share-link-description av-no-toc '>Eintrag teilen<\/h5><ul class=\"av-share-box-list noLightbox\"><li class='av-share-link av-social-link-whatsapp' ><a target=\"_blank\" aria-label=\"Teilen auf WhatsApp\" href='https:\/\/api.whatsapp.com\/send?text=https:\/\/ferienchalet-wallis.ch\/de\/5-wanderrouten-im-aletschgebiet\/' aria-hidden='false' data-av_icon='\uf232' data-av_iconfont='entypo-fontello' title='' data-avia-related-tooltip='Teilen auf WhatsApp' rel=\"noopener\"><span class='avia_hidden_link_text'>Teilen auf WhatsApp<\/span><\/a><\/li><\/ul><\/div><\/div><\/p><\/div>\n","protected":false},"excerpt":{"rendered":"","protected":false},"author":3,"featured_media":2147,"comment_status":"closed","ping_status":"closed","sticky":false,"template":"","format":"standard","meta":{"footnotes":""},"categories":[6,12],"tags":[],"class_list":["post-2146","post","type-post","status-publish","format-standard","has-post-thumbnail","hentry","category-aletsch","category-wandern"],"yoast_head":"<!-- This site is optimized with the Yoast SEO plugin v27.5 - https:\/\/yoast.com\/product\/yoast-seo-wordpress\/ -->\n<title>5 Wanderrouten im Aletschgebiet - Bettmeralp und Riederalp<\/title>\n<meta name=\"description\" content=\"Meine 5 Lieblingsstrecken zum Wandern rund um den Aletschgletscher kurz vorgestellt.\" \/>\n<meta name=\"robots\" content=\"index, follow, max-snippet:-1, max-image-preview:large, max-video-preview:-1\" \/>\n<link rel=\"canonical\" href=\"https:\/\/ferienchalet-wallis.ch\/de\/5-wanderrouten-im-aletschgebiet\/\" \/>\n<meta property=\"og:locale\" content=\"de_DE\" \/>\n<meta property=\"og:type\" content=\"article\" \/>\n<meta property=\"og:title\" content=\"5 Wanderrouten im Aletschgebiet - Bettmeralp und Riederalp\" \/>\n<meta property=\"og:description\" content=\"Meine 5 Lieblingsstrecken zum Wandern rund um den Aletschgletscher kurz vorgestellt.\" \/>\n<meta property=\"og:url\" content=\"https:\/\/ferienchalet-wallis.ch\/de\/5-wanderrouten-im-aletschgebiet\/\" \/>\n<meta property=\"og:site_name\" content=\"Bettmeralp und Riederalp\" \/>\n<meta property=\"article:published_time\" content=\"2024-10-08T11:58:51+00:00\" \/>\n<meta property=\"article:modified_time\" content=\"2024-10-08T12:11:40+00:00\" \/>\n<meta property=\"og:image\" content=\"https:\/\/ferienchalet-wallis.ch\/wp-content\/uploads\/2024\/10\/Wandern_Aletsch.jpg\" \/>\n\t<meta property=\"og:image:width\" content=\"2048\" \/>\n\t<meta property=\"og:image:height\" content=\"1200\" \/>\n\t<meta property=\"og:image:type\" content=\"image\/jpeg\" \/>\n<meta name=\"author\" content=\"WalliSaar\" \/>\n<meta name=\"twitter:card\" content=\"summary_large_image\" \/>\n<meta name=\"twitter:label1\" content=\"Verfasst von\" \/>\n\t<meta name=\"twitter:data1\" content=\"WalliSaar\" \/>\n\t<meta name=\"twitter:label2\" content=\"Gesch\u00e4tzte Lesezeit\" \/>\n\t<meta name=\"twitter:data2\" content=\"4\u00a0Minuten\" \/>\n<script type=\"application\/ld+json\" class=\"yoast-schema-graph\">{\"@context\":\"https:\\\/\\\/schema.org\",\"@graph\":[{\"@type\":\"Article\",\"@id\":\"https:\\\/\\\/ferienchalet-wallis.ch\\\/5-wanderrouten-im-aletschgebiet\\\/#article\",\"isPartOf\":{\"@id\":\"https:\\\/\\\/ferienchalet-wallis.ch\\\/5-wanderrouten-im-aletschgebiet\\\/\"},\"author\":{\"name\":\"WalliSaar\",\"@id\":\"https:\\\/\\\/ferienchalet-wallis.ch\\\/#\\\/schema\\\/person\\\/18b3f062b0514bc953799175b9bfdd2b\"},\"headline\":\"5 Wanderrouten im Aletschgebiet\",\"datePublished\":\"2024-10-08T11:58:51+00:00\",\"dateModified\":\"2024-10-08T12:11:40+00:00\",\"mainEntityOfPage\":{\"@id\":\"https:\\\/\\\/ferienchalet-wallis.ch\\\/5-wanderrouten-im-aletschgebiet\\\/\"},\"wordCount\":907,\"publisher\":{\"@id\":\"https:\\\/\\\/ferienchalet-wallis.ch\\\/#organization\"},\"image\":{\"@id\":\"https:\\\/\\\/ferienchalet-wallis.ch\\\/5-wanderrouten-im-aletschgebiet\\\/#primaryimage\"},\"thumbnailUrl\":\"https:\\\/\\\/ferienchalet-wallis.ch\\\/wp-content\\\/uploads\\\/2024\\\/10\\\/Wandern_Aletsch.jpg\",\"articleSection\":[\"Aletsch\",\"Wandern\"],\"inLanguage\":\"de\"},{\"@type\":\"WebPage\",\"@id\":\"https:\\\/\\\/ferienchalet-wallis.ch\\\/5-wanderrouten-im-aletschgebiet\\\/\",\"url\":\"https:\\\/\\\/ferienchalet-wallis.ch\\\/5-wanderrouten-im-aletschgebiet\\\/\",\"name\":\"5 Wanderrouten im Aletschgebiet - Bettmeralp und Riederalp\",\"isPartOf\":{\"@id\":\"https:\\\/\\\/ferienchalet-wallis.ch\\\/#website\"},\"primaryImageOfPage\":{\"@id\":\"https:\\\/\\\/ferienchalet-wallis.ch\\\/5-wanderrouten-im-aletschgebiet\\\/#primaryimage\"},\"image\":{\"@id\":\"https:\\\/\\\/ferienchalet-wallis.ch\\\/5-wanderrouten-im-aletschgebiet\\\/#primaryimage\"},\"thumbnailUrl\":\"https:\\\/\\\/ferienchalet-wallis.ch\\\/wp-content\\\/uploads\\\/2024\\\/10\\\/Wandern_Aletsch.jpg\",\"datePublished\":\"2024-10-08T11:58:51+00:00\",\"dateModified\":\"2024-10-08T12:11:40+00:00\",\"description\":\"Meine 5 Lieblingsstrecken zum Wandern rund um den Aletschgletscher kurz vorgestellt.\",\"breadcrumb\":{\"@id\":\"https:\\\/\\\/ferienchalet-wallis.ch\\\/5-wanderrouten-im-aletschgebiet\\\/#breadcrumb\"},\"inLanguage\":\"de\",\"potentialAction\":[{\"@type\":\"ReadAction\",\"target\":[\"https:\\\/\\\/ferienchalet-wallis.ch\\\/5-wanderrouten-im-aletschgebiet\\\/\"]}]},{\"@type\":\"ImageObject\",\"inLanguage\":\"de\",\"@id\":\"https:\\\/\\\/ferienchalet-wallis.ch\\\/5-wanderrouten-im-aletschgebiet\\\/#primaryimage\",\"url\":\"https:\\\/\\\/ferienchalet-wallis.ch\\\/wp-content\\\/uploads\\\/2024\\\/10\\\/Wandern_Aletsch.jpg\",\"contentUrl\":\"https:\\\/\\\/ferienchalet-wallis.ch\\\/wp-content\\\/uploads\\\/2024\\\/10\\\/Wandern_Aletsch.jpg\",\"width\":2048,\"height\":1200},{\"@type\":\"BreadcrumbList\",\"@id\":\"https:\\\/\\\/ferienchalet-wallis.ch\\\/5-wanderrouten-im-aletschgebiet\\\/#breadcrumb\",\"itemListElement\":[{\"@type\":\"ListItem\",\"position\":1,\"name\":\"Home\",\"item\":\"https:\\\/\\\/ferienchalet-wallis.ch\\\/\"},{\"@type\":\"ListItem\",\"position\":2,\"name\":\"5 Wanderrouten im Aletschgebiet\"}]},{\"@type\":\"WebSite\",\"@id\":\"https:\\\/\\\/ferienchalet-wallis.ch\\\/#website\",\"url\":\"https:\\\/\\\/ferienchalet-wallis.ch\\\/\",\"name\":\"Bettmeralp und Riederalp\",\"description\":\"Kranzfelder Markus\",\"publisher\":{\"@id\":\"https:\\\/\\\/ferienchalet-wallis.ch\\\/#organization\"},\"potentialAction\":[{\"@type\":\"SearchAction\",\"target\":{\"@type\":\"EntryPoint\",\"urlTemplate\":\"https:\\\/\\\/ferienchalet-wallis.ch\\\/?s={search_term_string}\"},\"query-input\":{\"@type\":\"PropertyValueSpecification\",\"valueRequired\":true,\"valueName\":\"search_term_string\"}}],\"inLanguage\":\"de\"},{\"@type\":\"Organization\",\"@id\":\"https:\\\/\\\/ferienchalet-wallis.ch\\\/#organization\",\"name\":\"Liegenschaftsbetreuung \\\/ Vermietung \u2013 M. Kranzfelder\",\"url\":\"https:\\\/\\\/ferienchalet-wallis.ch\\\/\",\"logo\":{\"@type\":\"ImageObject\",\"inLanguage\":\"de\",\"@id\":\"https:\\\/\\\/ferienchalet-wallis.ch\\\/#\\\/schema\\\/logo\\\/image\\\/\",\"url\":\"https:\\\/\\\/ferienchalet-wallis.ch\\\/wp-content\\\/uploads\\\/2022\\\/01\\\/Logo_Kranzfelder.png\",\"contentUrl\":\"https:\\\/\\\/ferienchalet-wallis.ch\\\/wp-content\\\/uploads\\\/2022\\\/01\\\/Logo_Kranzfelder.png\",\"width\":1526,\"height\":447,\"caption\":\"Liegenschaftsbetreuung \\\/ Vermietung \u2013 M. Kranzfelder\"},\"image\":{\"@id\":\"https:\\\/\\\/ferienchalet-wallis.ch\\\/#\\\/schema\\\/logo\\\/image\\\/\"}},{\"@type\":\"Person\",\"@id\":\"https:\\\/\\\/ferienchalet-wallis.ch\\\/#\\\/schema\\\/person\\\/18b3f062b0514bc953799175b9bfdd2b\",\"name\":\"WalliSaar\",\"image\":{\"@type\":\"ImageObject\",\"inLanguage\":\"de\",\"@id\":\"https:\\\/\\\/secure.gravatar.com\\\/avatar\\\/1be7f9468eac0e02f655be9ab758a01ae5dc72d678841cc4898d463993c78d36?s=96&d=initials&r=g&initials=ru\",\"url\":\"https:\\\/\\\/secure.gravatar.com\\\/avatar\\\/1be7f9468eac0e02f655be9ab758a01ae5dc72d678841cc4898d463993c78d36?s=96&d=initials&r=g&initials=ru\",\"contentUrl\":\"https:\\\/\\\/secure.gravatar.com\\\/avatar\\\/1be7f9468eac0e02f655be9ab758a01ae5dc72d678841cc4898d463993c78d36?s=96&d=initials&r=g&initials=ru\",\"caption\":\"WalliSaar\"},\"description\":\"Mein Name ist Anja Ruch und ich schreibe die Blogbeitr\u00e4ge f\u00fcr das Ehepaar Markus &amp; Tabitha Kranzfelder. Der Name WalliSaar gr\u00fcndet sich auf meinen Wurzeln im Saarland und den neuen im Wallis. My name is Anja Ruch and I write the blog entries for the Markus &amp; Tabitha Kranzfelder couple. The name WalliSaar shows the connection to my old roots in Saarland and the new ones in Valais.\",\"sameAs\":[\"https:\\\/\\\/www.ferienchalet-wallis.ch\\\/blog\"],\"url\":\"https:\\\/\\\/ferienchalet-wallis.ch\\\/de\\\/author\\\/wallisaar\\\/\"}]}<\/script>\n<!-- \/ Yoast SEO plugin. -->","yoast_head_json":{"title":"5 Wanderrouten im Aletschgebiet - Bettmeralp und Riederalp","description":"Meine 5 Lieblingsstrecken zum Wandern rund um den Aletschgletscher kurz vorgestellt.","robots":{"index":"index","follow":"follow","max-snippet":"max-snippet:-1","max-image-preview":"max-image-preview:large","max-video-preview":"max-video-preview:-1"},"canonical":"https:\/\/ferienchalet-wallis.ch\/de\/5-wanderrouten-im-aletschgebiet\/","og_locale":"de_DE","og_type":"article","og_title":"5 Wanderrouten im Aletschgebiet - Bettmeralp und Riederalp","og_description":"Meine 5 Lieblingsstrecken zum Wandern rund um den Aletschgletscher kurz vorgestellt.","og_url":"https:\/\/ferienchalet-wallis.ch\/de\/5-wanderrouten-im-aletschgebiet\/","og_site_name":"Bettmeralp und Riederalp","article_published_time":"2024-10-08T11:58:51+00:00","article_modified_time":"2024-10-08T12:11:40+00:00","og_image":[{"width":2048,"height":1200,"url":"https:\/\/ferienchalet-wallis.ch\/wp-content\/uploads\/2024\/10\/Wandern_Aletsch.jpg","type":"image\/jpeg"}],"author":"WalliSaar","twitter_card":"summary_large_image","twitter_misc":{"Verfasst von":"WalliSaar","Gesch\u00e4tzte Lesezeit":"4\u00a0Minuten"},"schema":{"@context":"https:\/\/schema.org","@graph":[{"@type":"Article","@id":"https:\/\/ferienchalet-wallis.ch\/5-wanderrouten-im-aletschgebiet\/#article","isPartOf":{"@id":"https:\/\/ferienchalet-wallis.ch\/5-wanderrouten-im-aletschgebiet\/"},"author":{"name":"WalliSaar","@id":"https:\/\/ferienchalet-wallis.ch\/#\/schema\/person\/18b3f062b0514bc953799175b9bfdd2b"},"headline":"5 Wanderrouten im Aletschgebiet","datePublished":"2024-10-08T11:58:51+00:00","dateModified":"2024-10-08T12:11:40+00:00","mainEntityOfPage":{"@id":"https:\/\/ferienchalet-wallis.ch\/5-wanderrouten-im-aletschgebiet\/"},"wordCount":907,"publisher":{"@id":"https:\/\/ferienchalet-wallis.ch\/#organization"},"image":{"@id":"https:\/\/ferienchalet-wallis.ch\/5-wanderrouten-im-aletschgebiet\/#primaryimage"},"thumbnailUrl":"https:\/\/ferienchalet-wallis.ch\/wp-content\/uploads\/2024\/10\/Wandern_Aletsch.jpg","articleSection":["Aletsch","Wandern"],"inLanguage":"de"},{"@type":"WebPage","@id":"https:\/\/ferienchalet-wallis.ch\/5-wanderrouten-im-aletschgebiet\/","url":"https:\/\/ferienchalet-wallis.ch\/5-wanderrouten-im-aletschgebiet\/","name":"5 Wanderrouten im Aletschgebiet - Bettmeralp und Riederalp","isPartOf":{"@id":"https:\/\/ferienchalet-wallis.ch\/#website"},"primaryImageOfPage":{"@id":"https:\/\/ferienchalet-wallis.ch\/5-wanderrouten-im-aletschgebiet\/#primaryimage"},"image":{"@id":"https:\/\/ferienchalet-wallis.ch\/5-wanderrouten-im-aletschgebiet\/#primaryimage"},"thumbnailUrl":"https:\/\/ferienchalet-wallis.ch\/wp-content\/uploads\/2024\/10\/Wandern_Aletsch.jpg","datePublished":"2024-10-08T11:58:51+00:00","dateModified":"2024-10-08T12:11:40+00:00","description":"Meine 5 Lieblingsstrecken zum Wandern rund um den Aletschgletscher kurz vorgestellt.","breadcrumb":{"@id":"https:\/\/ferienchalet-wallis.ch\/5-wanderrouten-im-aletschgebiet\/#breadcrumb"},"inLanguage":"de","potentialAction":[{"@type":"ReadAction","target":["https:\/\/ferienchalet-wallis.ch\/5-wanderrouten-im-aletschgebiet\/"]}]},{"@type":"ImageObject","inLanguage":"de","@id":"https:\/\/ferienchalet-wallis.ch\/5-wanderrouten-im-aletschgebiet\/#primaryimage","url":"https:\/\/ferienchalet-wallis.ch\/wp-content\/uploads\/2024\/10\/Wandern_Aletsch.jpg","contentUrl":"https:\/\/ferienchalet-wallis.ch\/wp-content\/uploads\/2024\/10\/Wandern_Aletsch.jpg","width":2048,"height":1200},{"@type":"BreadcrumbList","@id":"https:\/\/ferienchalet-wallis.ch\/5-wanderrouten-im-aletschgebiet\/#breadcrumb","itemListElement":[{"@type":"ListItem","position":1,"name":"Home","item":"https:\/\/ferienchalet-wallis.ch\/"},{"@type":"ListItem","position":2,"name":"5 Wanderrouten im Aletschgebiet"}]},{"@type":"WebSite","@id":"https:\/\/ferienchalet-wallis.ch\/#website","url":"https:\/\/ferienchalet-wallis.ch\/","name":"Bettmeralp und Riederalp","description":"Kranzfelder Markus","publisher":{"@id":"https:\/\/ferienchalet-wallis.ch\/#organization"},"potentialAction":[{"@type":"SearchAction","target":{"@type":"EntryPoint","urlTemplate":"https:\/\/ferienchalet-wallis.ch\/?s={search_term_string}"},"query-input":{"@type":"PropertyValueSpecification","valueRequired":true,"valueName":"search_term_string"}}],"inLanguage":"de"},{"@type":"Organization","@id":"https:\/\/ferienchalet-wallis.ch\/#organization","name":"Liegenschaftsbetreuung \/ Vermietung \u2013 M. Kranzfelder","url":"https:\/\/ferienchalet-wallis.ch\/","logo":{"@type":"ImageObject","inLanguage":"de","@id":"https:\/\/ferienchalet-wallis.ch\/#\/schema\/logo\/image\/","url":"https:\/\/ferienchalet-wallis.ch\/wp-content\/uploads\/2022\/01\/Logo_Kranzfelder.png","contentUrl":"https:\/\/ferienchalet-wallis.ch\/wp-content\/uploads\/2022\/01\/Logo_Kranzfelder.png","width":1526,"height":447,"caption":"Liegenschaftsbetreuung \/ Vermietung \u2013 M. Kranzfelder"},"image":{"@id":"https:\/\/ferienchalet-wallis.ch\/#\/schema\/logo\/image\/"}},{"@type":"Person","@id":"https:\/\/ferienchalet-wallis.ch\/#\/schema\/person\/18b3f062b0514bc953799175b9bfdd2b","name":"WalliSaar","image":{"@type":"ImageObject","inLanguage":"de","@id":"https:\/\/secure.gravatar.com\/avatar\/1be7f9468eac0e02f655be9ab758a01ae5dc72d678841cc4898d463993c78d36?s=96&d=initials&r=g&initials=ru","url":"https:\/\/secure.gravatar.com\/avatar\/1be7f9468eac0e02f655be9ab758a01ae5dc72d678841cc4898d463993c78d36?s=96&d=initials&r=g&initials=ru","contentUrl":"https:\/\/secure.gravatar.com\/avatar\/1be7f9468eac0e02f655be9ab758a01ae5dc72d678841cc4898d463993c78d36?s=96&d=initials&r=g&initials=ru","caption":"WalliSaar"},"description":"Mein Name ist Anja Ruch und ich schreibe die Blogbeitr\u00e4ge f\u00fcr das Ehepaar Markus &amp; Tabitha Kranzfelder. Der Name WalliSaar gr\u00fcndet sich auf meinen Wurzeln im Saarland und den neuen im Wallis. My name is Anja Ruch and I write the blog entries for the Markus &amp; Tabitha Kranzfelder couple. The name WalliSaar shows the connection to my old roots in Saarland and the new ones in Valais.","sameAs":["https:\/\/www.ferienchalet-wallis.ch\/blog"],"url":"https:\/\/ferienchalet-wallis.ch\/de\/author\/wallisaar\/"}]}},"_links":{"self":[{"href":"https:\/\/ferienchalet-wallis.ch\/de\/wp-json\/wp\/v2\/posts\/2146","targetHints":{"allow":["GET"]}}],"collection":[{"href":"https:\/\/ferienchalet-wallis.ch\/de\/wp-json\/wp\/v2\/posts"}],"about":[{"href":"https:\/\/ferienchalet-wallis.ch\/de\/wp-json\/wp\/v2\/types\/post"}],"author":[{"embeddable":true,"href":"https:\/\/ferienchalet-wallis.ch\/de\/wp-json\/wp\/v2\/users\/3"}],"replies":[{"embeddable":true,"href":"https:\/\/ferienchalet-wallis.ch\/de\/wp-json\/wp\/v2\/comments?post=2146"}],"version-history":[{"count":6,"href":"https:\/\/ferienchalet-wallis.ch\/de\/wp-json\/wp\/v2\/posts\/2146\/revisions"}],"predecessor-version":[{"id":2149,"href":"https:\/\/ferienchalet-wallis.ch\/de\/wp-json\/wp\/v2\/posts\/2146\/revisions\/2149"}],"wp:featuredmedia":[{"embeddable":true,"href":"https:\/\/ferienchalet-wallis.ch\/de\/wp-json\/wp\/v2\/media\/2147"}],"wp:attachment":[{"href":"https:\/\/ferienchalet-wallis.ch\/de\/wp-json\/wp\/v2\/media?parent=2146"}],"wp:term":[{"taxonomy":"category","embeddable":true,"href":"https:\/\/ferienchalet-wallis.ch\/de\/wp-json\/wp\/v2\/categories?post=2146"},{"taxonomy":"post_tag","embeddable":true,"href":"https:\/\/ferienchalet-wallis.ch\/de\/wp-json\/wp\/v2\/tags?post=2146"}],"curies":[{"name":"wp","href":"https:\/\/api.w.org\/{rel}","templated":true}]}}