{"id":2220,"date":"2024-12-10T10:42:30","date_gmt":"2024-12-10T10:42:30","guid":{"rendered":"https:\/\/ferienchalet-wallis.ch\/?p=2220"},"modified":"2024-12-10T10:42:30","modified_gmt":"2024-12-10T10:42:30","slug":"aletsch-wintertraeff-zur-saisoneroeffnung-2024","status":"publish","type":"post","link":"https:\/\/ferienchalet-wallis.ch\/de\/aletsch-wintertraeff-zur-saisoneroeffnung-2024\/","title":{"rendered":"Aletsch-Wintertr\u00e4ff zur Saisoner\u00f6ffnung 2024"},"content":{"rendered":"\n<style type=\"text\/css\" data-created_by=\"avia_inline_auto\" id=\"style-css-av-m4ib7b7j-c4fc9eb1899ed1ae6a3ce921b26afde1\">\n#top .av-special-heading.av-m4ib7b7j-c4fc9eb1899ed1ae6a3ce921b26afde1{\npadding-bottom:10px;\n}\nbody .av-special-heading.av-m4ib7b7j-c4fc9eb1899ed1ae6a3ce921b26afde1 .av-special-heading-tag .heading-char{\nfont-size:25px;\n}\n.av-special-heading.av-m4ib7b7j-c4fc9eb1899ed1ae6a3ce921b26afde1 .av-subheading{\nfont-size:15px;\n}\n<\/style>\n<div  class='av-special-heading av-m4ib7b7j-c4fc9eb1899ed1ae6a3ce921b26afde1 av-special-heading-h2  avia-builder-el-0  el_before_av_textblock  avia-builder-el-first '><h2 class='av-special-heading-tag'  itemprop=\"headline\"  >Aletsch Veranstaltungen zum Winterstart<\/h2><div class=\"special-heading-border\"><div class=\"special-heading-inner-border\"><\/div><\/div><\/div>\n<section  class='av_textblock_section av-m4ibireo-4da671c3f9cd216af78728aff35090f8'  itemscope=\"itemscope\" itemtype=\"https:\/\/schema.org\/BlogPosting\" itemprop=\"blogPost\" ><div class='avia_textblock'  itemprop=\"text\" ><p>Vom 13. Bis 15. Dezember 2024 findet zum 5. Mal der Aletsch-Tr\u00e4ff mit Veranstaltungen an unterschiedlichen Standorten statt. Und zwar nicht nur auf dem Aletsch Plateau selbst, sondern auch unten im Tal. Das finde ich besonders sch\u00f6n, weil dadurch Einheimische und G\u00e4ste in Kontakt kommen k\u00f6nnen. Wie immer ist f\u00fcr das leibliche Wohl und f\u00fcr Stimmung gesorgt.<\/p>\n<h3>Tradition und Live Musik<\/h3>\n<p>Wie sich das f\u00fcr ein Alpengebiet geh\u00f6rt, wird Traditionelles geboten wie der Challenclub Riederalp und alte Dorfgeschichten werden erz\u00e4hlt. Am Samstag gibt es auf dem Dorfplatz der Bettmeralp einen Bergweihnachtsmarkt mit Konzert und Kinderanimation. Falls Sie Essen gehen m\u00f6chten, w\u00e4hlen Sie je nach Gusto zwischen einem netten Plausch mit Fondue oder Raclette oder melden sich zum Cordon Bleu Festival oder Wine &amp; Dine an.<\/p>\n<p>Die Live Musik bedient verschiedene Genres wie Schlagermusik von Deejay Biene oder Techno von DJ Sonny Wern, Rockmusik von Pink Miami oder dem Duo Bullseye bis zu \u00c4lplermusik mit den Gr\u00e4ngjerb\u00fcebe, um nur einige zu erw\u00e4hnen.<\/p>\n<p>Samstags und sonntags testen Sie Ski samt Skilehrer. Informieren Sie sich \u00fcber die Tests bei den beiden Sportausr\u00fcstungsanbietern <a href=\"https:\/\/www.aletschsport.ch\/service\/\" target=\"_blank\" rel=\"noopener\">Aletschsport<\/a> und <a href=\"https:\/\/intersport-buercher.ch\/de\/Ueber-uns\/News\/Newsmeldung?newsid=30\" target=\"_blank\" rel=\"noopener\">Intersport<\/a>. Das ausf\u00fchrliche <a href=\"https:\/\/www.aletscharena.ch\/aletsch-arena\/veranstaltungen\/wintertraeff\" target=\"_blank\" rel=\"noopener\">Programm<\/a> finden Sie auf der Webseite der Aletsch Arena.<\/p>\n<p><em>\u00c4s isch \u00e4s Gf\u00fchl nid zum beschribe, w\u00e4 mu so andri M\u00e4nsche erfr\u00f6it<\/em><\/p>\n<\/div><\/section>\n<div class='flex_column av-av_one_half-a93934ecd89fbb8a9566d39e89cd3725 av_one_half  avia-builder-el-2  el_after_av_textblock  avia-builder-el-last  first flex_column_div column-top-margin'   ><p><div  class='av-post-metadata-container av-av_post_metadata-423c7d605f54a9eceebb3c30257fc51e av-metadata-container-align-left  avia-builder-el-3  el_before_av_social_share  avia-builder-el-first  av-metadata-container-1'><div class='av-post-metadata-container-inner'><span class=\"av-post-metadata-content av-post-metadata-meta-content\"><span class=\"av-post-metadata-content av-post-metadata-author\"  itemprop=\"author\" ><span class=\"av-metadata-before av-metadata-before-author\">von<\/span><span class=\"av-post-metadata-author-link\" ><a href=\"https:\/\/ferienchalet-wallis.ch\/de\/author\/wallisaar\/\"  rel=\"author\">WalliSaar<\/a><\/span><\/span><span class=\"av-post-metadata-content av-post-metadata-separator\">\/<\/span><span class=\"av-post-metadata-content av-post-metadata-published\"><span class=\"av-post-metadata-published-date\" >Dezember 10, 2024<\/span><\/span><\/span><\/div><\/div><br \/>\n<div  class='av-social-sharing-box av-av_social_share-a3f4c4fca46abcb509afa2ad775446d0 av-social-sharing-box-circle  avia-builder-el-4  el_after_av_post_metadata  avia-builder-el-last  av-social-sharing-box-color-bg av-social-sharing-box-same-width'><div class=\"av-share-box\"><h5 class='av-share-link-description av-no-toc '>Eintrag teilen<\/h5><ul class=\"av-share-box-list noLightbox\"><li class='av-share-link av-social-link-whatsapp' ><a target=\"_blank\" aria-label=\"Teilen auf WhatsApp\" href='https:\/\/api.whatsapp.com\/send?text=https:\/\/ferienchalet-wallis.ch\/de\/aletsch-wintertraeff-zur-saisoneroeffnung-2024\/' aria-hidden='false' data-av_icon='\uf232' data-av_iconfont='entypo-fontello' title='' data-avia-related-tooltip='Teilen auf WhatsApp' rel=\"noopener\"><span class='avia_hidden_link_text'>Teilen auf WhatsApp<\/span><\/a><\/li><\/ul><\/div><\/div><\/p><\/div>\n","protected":false},"excerpt":{"rendered":"","protected":false},"author":3,"featured_media":2221,"comment_status":"closed","ping_status":"closed","sticky":false,"template":"","format":"standard","meta":{"footnotes":""},"categories":[6,20,24],"tags":[],"class_list":["post-2220","post","type-post","status-publish","format-standard","has-post-thumbnail","hentry","category-aletsch","category-veranstaltungen","category-winter"],"yoast_head":"<!-- This site is optimized with the Yoast SEO plugin v27.4 - https:\/\/yoast.com\/product\/yoast-seo-wordpress\/ -->\n<title>Aletsch-Wintertr\u00e4ff zur Saisoner\u00f6ffnung 2024 - Bettmeralp und Riederalp<\/title>\n<meta name=\"description\" content=\"Der Aletsch Wintertreff findet zum 5. Mal in der Aletsch Arena statt. Grosses Rahmenprogramm vom 13. bis 15. Dezember 2024.\" \/>\n<meta name=\"robots\" content=\"index, follow, max-snippet:-1, max-image-preview:large, max-video-preview:-1\" \/>\n<link rel=\"canonical\" href=\"https:\/\/ferienchalet-wallis.ch\/de\/aletsch-wintertraeff-zur-saisoneroeffnung-2024\/\" \/>\n<meta property=\"og:locale\" content=\"de_DE\" \/>\n<meta property=\"og:type\" content=\"article\" \/>\n<meta property=\"og:title\" content=\"Aletsch-Wintertr\u00e4ff zur Saisoner\u00f6ffnung 2024 - Bettmeralp und Riederalp\" \/>\n<meta property=\"og:description\" content=\"Der Aletsch Wintertreff findet zum 5. Mal in der Aletsch Arena statt. Grosses Rahmenprogramm vom 13. bis 15. Dezember 2024.\" \/>\n<meta property=\"og:url\" content=\"https:\/\/ferienchalet-wallis.ch\/de\/aletsch-wintertraeff-zur-saisoneroeffnung-2024\/\" \/>\n<meta property=\"og:site_name\" content=\"Bettmeralp und Riederalp\" \/>\n<meta property=\"article:published_time\" content=\"2024-12-10T10:42:30+00:00\" \/>\n<meta property=\"og:image\" content=\"https:\/\/ferienchalet-wallis.ch\/wp-content\/uploads\/2024\/12\/Aletsch_Wintertreff.jpg\" \/>\n\t<meta property=\"og:image:width\" content=\"2048\" \/>\n\t<meta property=\"og:image:height\" content=\"1367\" \/>\n\t<meta property=\"og:image:type\" content=\"image\/jpeg\" \/>\n<meta name=\"author\" content=\"WalliSaar\" \/>\n<meta name=\"twitter:card\" content=\"summary_large_image\" \/>\n<meta name=\"twitter:label1\" content=\"Verfasst von\" \/>\n\t<meta name=\"twitter:data1\" content=\"WalliSaar\" \/>\n\t<meta name=\"twitter:label2\" content=\"Gesch\u00e4tzte Lesezeit\" \/>\n\t<meta name=\"twitter:data2\" content=\"1\u00a0Minute\" \/>\n<script type=\"application\/ld+json\" class=\"yoast-schema-graph\">{\"@context\":\"https:\\\/\\\/schema.org\",\"@graph\":[{\"@type\":\"Article\",\"@id\":\"https:\\\/\\\/ferienchalet-wallis.ch\\\/aletsch-wintertraeff-zur-saisoneroeffnung-2024\\\/#article\",\"isPartOf\":{\"@id\":\"https:\\\/\\\/ferienchalet-wallis.ch\\\/aletsch-wintertraeff-zur-saisoneroeffnung-2024\\\/\"},\"author\":{\"name\":\"WalliSaar\",\"@id\":\"https:\\\/\\\/ferienchalet-wallis.ch\\\/#\\\/schema\\\/person\\\/18b3f062b0514bc953799175b9bfdd2b\"},\"headline\":\"Aletsch-Wintertr\u00e4ff zur Saisoner\u00f6ffnung 2024\",\"datePublished\":\"2024-12-10T10:42:30+00:00\",\"mainEntityOfPage\":{\"@id\":\"https:\\\/\\\/ferienchalet-wallis.ch\\\/aletsch-wintertraeff-zur-saisoneroeffnung-2024\\\/\"},\"wordCount\":679,\"publisher\":{\"@id\":\"https:\\\/\\\/ferienchalet-wallis.ch\\\/#organization\"},\"image\":{\"@id\":\"https:\\\/\\\/ferienchalet-wallis.ch\\\/aletsch-wintertraeff-zur-saisoneroeffnung-2024\\\/#primaryimage\"},\"thumbnailUrl\":\"https:\\\/\\\/ferienchalet-wallis.ch\\\/wp-content\\\/uploads\\\/2024\\\/12\\\/Aletsch_Wintertreff-e1771250193853.jpg\",\"articleSection\":[\"Aletsch\",\"Veranstaltungen\",\"Winter\"],\"inLanguage\":\"de\"},{\"@type\":\"WebPage\",\"@id\":\"https:\\\/\\\/ferienchalet-wallis.ch\\\/aletsch-wintertraeff-zur-saisoneroeffnung-2024\\\/\",\"url\":\"https:\\\/\\\/ferienchalet-wallis.ch\\\/aletsch-wintertraeff-zur-saisoneroeffnung-2024\\\/\",\"name\":\"Aletsch-Wintertr\u00e4ff zur Saisoner\u00f6ffnung 2024 - Bettmeralp und Riederalp\",\"isPartOf\":{\"@id\":\"https:\\\/\\\/ferienchalet-wallis.ch\\\/#website\"},\"primaryImageOfPage\":{\"@id\":\"https:\\\/\\\/ferienchalet-wallis.ch\\\/aletsch-wintertraeff-zur-saisoneroeffnung-2024\\\/#primaryimage\"},\"image\":{\"@id\":\"https:\\\/\\\/ferienchalet-wallis.ch\\\/aletsch-wintertraeff-zur-saisoneroeffnung-2024\\\/#primaryimage\"},\"thumbnailUrl\":\"https:\\\/\\\/ferienchalet-wallis.ch\\\/wp-content\\\/uploads\\\/2024\\\/12\\\/Aletsch_Wintertreff-e1771250193853.jpg\",\"datePublished\":\"2024-12-10T10:42:30+00:00\",\"description\":\"Der Aletsch Wintertreff findet zum 5. Mal in der Aletsch Arena statt. Grosses Rahmenprogramm vom 13. bis 15. Dezember 2024.\",\"breadcrumb\":{\"@id\":\"https:\\\/\\\/ferienchalet-wallis.ch\\\/aletsch-wintertraeff-zur-saisoneroeffnung-2024\\\/#breadcrumb\"},\"inLanguage\":\"de\",\"potentialAction\":[{\"@type\":\"ReadAction\",\"target\":[\"https:\\\/\\\/ferienchalet-wallis.ch\\\/aletsch-wintertraeff-zur-saisoneroeffnung-2024\\\/\"]}]},{\"@type\":\"ImageObject\",\"inLanguage\":\"de\",\"@id\":\"https:\\\/\\\/ferienchalet-wallis.ch\\\/aletsch-wintertraeff-zur-saisoneroeffnung-2024\\\/#primaryimage\",\"url\":\"https:\\\/\\\/ferienchalet-wallis.ch\\\/wp-content\\\/uploads\\\/2024\\\/12\\\/Aletsch_Wintertreff-e1771250193853.jpg\",\"contentUrl\":\"https:\\\/\\\/ferienchalet-wallis.ch\\\/wp-content\\\/uploads\\\/2024\\\/12\\\/Aletsch_Wintertreff-e1771250193853.jpg\",\"width\":1600,\"height\":1068,\"caption\":\"Aletsch_Wintertreff\"},{\"@type\":\"BreadcrumbList\",\"@id\":\"https:\\\/\\\/ferienchalet-wallis.ch\\\/aletsch-wintertraeff-zur-saisoneroeffnung-2024\\\/#breadcrumb\",\"itemListElement\":[{\"@type\":\"ListItem\",\"position\":1,\"name\":\"Home\",\"item\":\"https:\\\/\\\/ferienchalet-wallis.ch\\\/\"},{\"@type\":\"ListItem\",\"position\":2,\"name\":\"Aletsch-Wintertr\u00e4ff zur Saisoner\u00f6ffnung 2024\"}]},{\"@type\":\"WebSite\",\"@id\":\"https:\\\/\\\/ferienchalet-wallis.ch\\\/#website\",\"url\":\"https:\\\/\\\/ferienchalet-wallis.ch\\\/\",\"name\":\"Bettmeralp und Riederalp\",\"description\":\"Kranzfelder Markus\",\"publisher\":{\"@id\":\"https:\\\/\\\/ferienchalet-wallis.ch\\\/#organization\"},\"potentialAction\":[{\"@type\":\"SearchAction\",\"target\":{\"@type\":\"EntryPoint\",\"urlTemplate\":\"https:\\\/\\\/ferienchalet-wallis.ch\\\/?s={search_term_string}\"},\"query-input\":{\"@type\":\"PropertyValueSpecification\",\"valueRequired\":true,\"valueName\":\"search_term_string\"}}],\"inLanguage\":\"de\"},{\"@type\":\"Organization\",\"@id\":\"https:\\\/\\\/ferienchalet-wallis.ch\\\/#organization\",\"name\":\"Liegenschaftsbetreuung \\\/ Vermietung \u2013 M. Kranzfelder\",\"url\":\"https:\\\/\\\/ferienchalet-wallis.ch\\\/\",\"logo\":{\"@type\":\"ImageObject\",\"inLanguage\":\"de\",\"@id\":\"https:\\\/\\\/ferienchalet-wallis.ch\\\/#\\\/schema\\\/logo\\\/image\\\/\",\"url\":\"https:\\\/\\\/ferienchalet-wallis.ch\\\/wp-content\\\/uploads\\\/2022\\\/01\\\/Logo_Kranzfelder.png\",\"contentUrl\":\"https:\\\/\\\/ferienchalet-wallis.ch\\\/wp-content\\\/uploads\\\/2022\\\/01\\\/Logo_Kranzfelder.png\",\"width\":1526,\"height\":447,\"caption\":\"Liegenschaftsbetreuung \\\/ Vermietung \u2013 M. Kranzfelder\"},\"image\":{\"@id\":\"https:\\\/\\\/ferienchalet-wallis.ch\\\/#\\\/schema\\\/logo\\\/image\\\/\"}},{\"@type\":\"Person\",\"@id\":\"https:\\\/\\\/ferienchalet-wallis.ch\\\/#\\\/schema\\\/person\\\/18b3f062b0514bc953799175b9bfdd2b\",\"name\":\"WalliSaar\",\"image\":{\"@type\":\"ImageObject\",\"inLanguage\":\"de\",\"@id\":\"https:\\\/\\\/secure.gravatar.com\\\/avatar\\\/1be7f9468eac0e02f655be9ab758a01ae5dc72d678841cc4898d463993c78d36?s=96&d=initials&r=g&initials=ru\",\"url\":\"https:\\\/\\\/secure.gravatar.com\\\/avatar\\\/1be7f9468eac0e02f655be9ab758a01ae5dc72d678841cc4898d463993c78d36?s=96&d=initials&r=g&initials=ru\",\"contentUrl\":\"https:\\\/\\\/secure.gravatar.com\\\/avatar\\\/1be7f9468eac0e02f655be9ab758a01ae5dc72d678841cc4898d463993c78d36?s=96&d=initials&r=g&initials=ru\",\"caption\":\"WalliSaar\"},\"description\":\"Mein Name ist Anja Ruch und ich schreibe die Blogbeitr\u00e4ge f\u00fcr das Ehepaar Markus &amp; Tabitha Kranzfelder. Der Name WalliSaar gr\u00fcndet sich auf meinen Wurzeln im Saarland und den neuen im Wallis. My name is Anja Ruch and I write the blog entries for the Markus &amp; Tabitha Kranzfelder couple. The name WalliSaar shows the connection to my old roots in Saarland and the new ones in Valais.\",\"sameAs\":[\"https:\\\/\\\/www.ferienchalet-wallis.ch\\\/blog\"],\"url\":\"https:\\\/\\\/ferienchalet-wallis.ch\\\/de\\\/author\\\/wallisaar\\\/\"}]}<\/script>\n<!-- \/ Yoast SEO plugin. -->","yoast_head_json":{"title":"Aletsch-Wintertr\u00e4ff zur Saisoner\u00f6ffnung 2024 - Bettmeralp und Riederalp","description":"Der Aletsch Wintertreff findet zum 5. Mal in der Aletsch Arena statt. Grosses Rahmenprogramm vom 13. bis 15. Dezember 2024.","robots":{"index":"index","follow":"follow","max-snippet":"max-snippet:-1","max-image-preview":"max-image-preview:large","max-video-preview":"max-video-preview:-1"},"canonical":"https:\/\/ferienchalet-wallis.ch\/de\/aletsch-wintertraeff-zur-saisoneroeffnung-2024\/","og_locale":"de_DE","og_type":"article","og_title":"Aletsch-Wintertr\u00e4ff zur Saisoner\u00f6ffnung 2024 - Bettmeralp und Riederalp","og_description":"Der Aletsch Wintertreff findet zum 5. Mal in der Aletsch Arena statt. Grosses Rahmenprogramm vom 13. bis 15. Dezember 2024.","og_url":"https:\/\/ferienchalet-wallis.ch\/de\/aletsch-wintertraeff-zur-saisoneroeffnung-2024\/","og_site_name":"Bettmeralp und Riederalp","article_published_time":"2024-12-10T10:42:30+00:00","og_image":[{"width":2048,"height":1367,"url":"https:\/\/ferienchalet-wallis.ch\/wp-content\/uploads\/2024\/12\/Aletsch_Wintertreff.jpg","type":"image\/jpeg"}],"author":"WalliSaar","twitter_card":"summary_large_image","twitter_misc":{"Verfasst von":"WalliSaar","Gesch\u00e4tzte Lesezeit":"1\u00a0Minute"},"schema":{"@context":"https:\/\/schema.org","@graph":[{"@type":"Article","@id":"https:\/\/ferienchalet-wallis.ch\/aletsch-wintertraeff-zur-saisoneroeffnung-2024\/#article","isPartOf":{"@id":"https:\/\/ferienchalet-wallis.ch\/aletsch-wintertraeff-zur-saisoneroeffnung-2024\/"},"author":{"name":"WalliSaar","@id":"https:\/\/ferienchalet-wallis.ch\/#\/schema\/person\/18b3f062b0514bc953799175b9bfdd2b"},"headline":"Aletsch-Wintertr\u00e4ff zur Saisoner\u00f6ffnung 2024","datePublished":"2024-12-10T10:42:30+00:00","mainEntityOfPage":{"@id":"https:\/\/ferienchalet-wallis.ch\/aletsch-wintertraeff-zur-saisoneroeffnung-2024\/"},"wordCount":679,"publisher":{"@id":"https:\/\/ferienchalet-wallis.ch\/#organization"},"image":{"@id":"https:\/\/ferienchalet-wallis.ch\/aletsch-wintertraeff-zur-saisoneroeffnung-2024\/#primaryimage"},"thumbnailUrl":"https:\/\/ferienchalet-wallis.ch\/wp-content\/uploads\/2024\/12\/Aletsch_Wintertreff-e1771250193853.jpg","articleSection":["Aletsch","Veranstaltungen","Winter"],"inLanguage":"de"},{"@type":"WebPage","@id":"https:\/\/ferienchalet-wallis.ch\/aletsch-wintertraeff-zur-saisoneroeffnung-2024\/","url":"https:\/\/ferienchalet-wallis.ch\/aletsch-wintertraeff-zur-saisoneroeffnung-2024\/","name":"Aletsch-Wintertr\u00e4ff zur Saisoner\u00f6ffnung 2024 - Bettmeralp und Riederalp","isPartOf":{"@id":"https:\/\/ferienchalet-wallis.ch\/#website"},"primaryImageOfPage":{"@id":"https:\/\/ferienchalet-wallis.ch\/aletsch-wintertraeff-zur-saisoneroeffnung-2024\/#primaryimage"},"image":{"@id":"https:\/\/ferienchalet-wallis.ch\/aletsch-wintertraeff-zur-saisoneroeffnung-2024\/#primaryimage"},"thumbnailUrl":"https:\/\/ferienchalet-wallis.ch\/wp-content\/uploads\/2024\/12\/Aletsch_Wintertreff-e1771250193853.jpg","datePublished":"2024-12-10T10:42:30+00:00","description":"Der Aletsch Wintertreff findet zum 5. Mal in der Aletsch Arena statt. Grosses Rahmenprogramm vom 13. bis 15. Dezember 2024.","breadcrumb":{"@id":"https:\/\/ferienchalet-wallis.ch\/aletsch-wintertraeff-zur-saisoneroeffnung-2024\/#breadcrumb"},"inLanguage":"de","potentialAction":[{"@type":"ReadAction","target":["https:\/\/ferienchalet-wallis.ch\/aletsch-wintertraeff-zur-saisoneroeffnung-2024\/"]}]},{"@type":"ImageObject","inLanguage":"de","@id":"https:\/\/ferienchalet-wallis.ch\/aletsch-wintertraeff-zur-saisoneroeffnung-2024\/#primaryimage","url":"https:\/\/ferienchalet-wallis.ch\/wp-content\/uploads\/2024\/12\/Aletsch_Wintertreff-e1771250193853.jpg","contentUrl":"https:\/\/ferienchalet-wallis.ch\/wp-content\/uploads\/2024\/12\/Aletsch_Wintertreff-e1771250193853.jpg","width":1600,"height":1068,"caption":"Aletsch_Wintertreff"},{"@type":"BreadcrumbList","@id":"https:\/\/ferienchalet-wallis.ch\/aletsch-wintertraeff-zur-saisoneroeffnung-2024\/#breadcrumb","itemListElement":[{"@type":"ListItem","position":1,"name":"Home","item":"https:\/\/ferienchalet-wallis.ch\/"},{"@type":"ListItem","position":2,"name":"Aletsch-Wintertr\u00e4ff zur Saisoner\u00f6ffnung 2024"}]},{"@type":"WebSite","@id":"https:\/\/ferienchalet-wallis.ch\/#website","url":"https:\/\/ferienchalet-wallis.ch\/","name":"Bettmeralp und Riederalp","description":"Kranzfelder Markus","publisher":{"@id":"https:\/\/ferienchalet-wallis.ch\/#organization"},"potentialAction":[{"@type":"SearchAction","target":{"@type":"EntryPoint","urlTemplate":"https:\/\/ferienchalet-wallis.ch\/?s={search_term_string}"},"query-input":{"@type":"PropertyValueSpecification","valueRequired":true,"valueName":"search_term_string"}}],"inLanguage":"de"},{"@type":"Organization","@id":"https:\/\/ferienchalet-wallis.ch\/#organization","name":"Liegenschaftsbetreuung \/ Vermietung \u2013 M. Kranzfelder","url":"https:\/\/ferienchalet-wallis.ch\/","logo":{"@type":"ImageObject","inLanguage":"de","@id":"https:\/\/ferienchalet-wallis.ch\/#\/schema\/logo\/image\/","url":"https:\/\/ferienchalet-wallis.ch\/wp-content\/uploads\/2022\/01\/Logo_Kranzfelder.png","contentUrl":"https:\/\/ferienchalet-wallis.ch\/wp-content\/uploads\/2022\/01\/Logo_Kranzfelder.png","width":1526,"height":447,"caption":"Liegenschaftsbetreuung \/ Vermietung \u2013 M. Kranzfelder"},"image":{"@id":"https:\/\/ferienchalet-wallis.ch\/#\/schema\/logo\/image\/"}},{"@type":"Person","@id":"https:\/\/ferienchalet-wallis.ch\/#\/schema\/person\/18b3f062b0514bc953799175b9bfdd2b","name":"WalliSaar","image":{"@type":"ImageObject","inLanguage":"de","@id":"https:\/\/secure.gravatar.com\/avatar\/1be7f9468eac0e02f655be9ab758a01ae5dc72d678841cc4898d463993c78d36?s=96&d=initials&r=g&initials=ru","url":"https:\/\/secure.gravatar.com\/avatar\/1be7f9468eac0e02f655be9ab758a01ae5dc72d678841cc4898d463993c78d36?s=96&d=initials&r=g&initials=ru","contentUrl":"https:\/\/secure.gravatar.com\/avatar\/1be7f9468eac0e02f655be9ab758a01ae5dc72d678841cc4898d463993c78d36?s=96&d=initials&r=g&initials=ru","caption":"WalliSaar"},"description":"Mein Name ist Anja Ruch und ich schreibe die Blogbeitr\u00e4ge f\u00fcr das Ehepaar Markus &amp; Tabitha Kranzfelder. Der Name WalliSaar gr\u00fcndet sich auf meinen Wurzeln im Saarland und den neuen im Wallis. My name is Anja Ruch and I write the blog entries for the Markus &amp; Tabitha Kranzfelder couple. The name WalliSaar shows the connection to my old roots in Saarland and the new ones in Valais.","sameAs":["https:\/\/www.ferienchalet-wallis.ch\/blog"],"url":"https:\/\/ferienchalet-wallis.ch\/de\/author\/wallisaar\/"}]}},"_links":{"self":[{"href":"https:\/\/ferienchalet-wallis.ch\/de\/wp-json\/wp\/v2\/posts\/2220","targetHints":{"allow":["GET"]}}],"collection":[{"href":"https:\/\/ferienchalet-wallis.ch\/de\/wp-json\/wp\/v2\/posts"}],"about":[{"href":"https:\/\/ferienchalet-wallis.ch\/de\/wp-json\/wp\/v2\/types\/post"}],"author":[{"embeddable":true,"href":"https:\/\/ferienchalet-wallis.ch\/de\/wp-json\/wp\/v2\/users\/3"}],"replies":[{"embeddable":true,"href":"https:\/\/ferienchalet-wallis.ch\/de\/wp-json\/wp\/v2\/comments?post=2220"}],"version-history":[{"count":2,"href":"https:\/\/ferienchalet-wallis.ch\/de\/wp-json\/wp\/v2\/posts\/2220\/revisions"}],"predecessor-version":[{"id":2225,"href":"https:\/\/ferienchalet-wallis.ch\/de\/wp-json\/wp\/v2\/posts\/2220\/revisions\/2225"}],"wp:featuredmedia":[{"embeddable":true,"href":"https:\/\/ferienchalet-wallis.ch\/de\/wp-json\/wp\/v2\/media\/2221"}],"wp:attachment":[{"href":"https:\/\/ferienchalet-wallis.ch\/de\/wp-json\/wp\/v2\/media?parent=2220"}],"wp:term":[{"taxonomy":"category","embeddable":true,"href":"https:\/\/ferienchalet-wallis.ch\/de\/wp-json\/wp\/v2\/categories?post=2220"},{"taxonomy":"post_tag","embeddable":true,"href":"https:\/\/ferienchalet-wallis.ch\/de\/wp-json\/wp\/v2\/tags?post=2220"}],"curies":[{"name":"wp","href":"https:\/\/api.w.org\/{rel}","templated":true}]}}