{"id":2227,"date":"2024-12-17T14:25:38","date_gmt":"2024-12-17T14:25:38","guid":{"rendered":"https:\/\/ferienchalet-wallis.ch\/?p=2227"},"modified":"2024-12-17T14:49:28","modified_gmt":"2024-12-17T14:49:28","slug":"zeitvertreib-fuer-kinder-in-den-weihnachtsferien","status":"publish","type":"post","link":"https:\/\/ferienchalet-wallis.ch\/de\/zeitvertreib-fuer-kinder-in-den-weihnachtsferien\/","title":{"rendered":"Zeitvertreib f\u00fcr Kinder in den Weihnachtsferien 2024"},"content":{"rendered":"\n<style type=\"text\/css\" data-created_by=\"avia_inline_auto\" id=\"style-css-av-m4sibdc8-6ea97601e8bbefa964e0f10ba4eaf1cb\">\n#top .av-special-heading.av-m4sibdc8-6ea97601e8bbefa964e0f10ba4eaf1cb{\npadding-bottom:10px;\n}\nbody .av-special-heading.av-m4sibdc8-6ea97601e8bbefa964e0f10ba4eaf1cb .av-special-heading-tag .heading-char{\nfont-size:25px;\n}\n.av-special-heading.av-m4sibdc8-6ea97601e8bbefa964e0f10ba4eaf1cb .av-subheading{\nfont-size:15px;\n}\n<\/style>\n<div  class='av-special-heading av-m4sibdc8-6ea97601e8bbefa964e0f10ba4eaf1cb av-special-heading-h2  avia-builder-el-0  el_before_av_textblock  avia-builder-el-first '><h2 class='av-special-heading-tag'  itemprop=\"headline\"  >Kinderunterhaltung der Aletsch Arena<\/h2><div class=\"special-heading-border\"><div class=\"special-heading-inner-border\"><\/div><\/div><\/div>\n<section  class='av_textblock_section av-m4sj57yw-7c259ffcb6f0d3b6dbffa6447f6d372f'  itemscope=\"itemscope\" itemtype=\"https:\/\/schema.org\/BlogPosting\" itemprop=\"blogPost\" ><div class='avia_textblock'  itemprop=\"text\" ><h3>Unterhaltung f\u00fcr draussen<\/h3>\n<p>Kinder lieben Action und davon findet man genug M\u00f6glichkeiten in der Aletsch Arena. Die angebotenen Aktivit\u00e4ten f\u00fcr die Winterferien 2024 sind f\u00fcr Kinder geeignet und ein Elternteil sollte dabei sein. Klicken Sie in der Tabelle unter der \u00dcberschrift <em>Unterhaltung<\/em> auf den Namen, um zu detaillierteren Informationen der Aletsch Arena zu gelangen. Unter dem Punkt Snowgarden finden Sie unter der \u00dcberschrift <em>Alp<\/em> die Skischulen der jeweiligen Alp verlinkt.<\/p>\n<table>\n<tbody>\n<tr>\n<td width=\"118\"><strong>Unterhaltung<\/strong><\/td>\n<td width=\"90\"><strong>Wochentag<\/strong><\/td>\n<td width=\"81\"><strong>Uhrzeit<\/strong><\/td>\n<td width=\"98\"><strong>Ort<\/strong><\/td>\n<td width=\"87\"><strong>Alp<\/strong><\/td>\n<td width=\"91\"><strong>Zus\u00e4tzliche Infos<\/strong><\/td>\n<\/tr>\n<tr>\n<td width=\"118\"><a href=\"https:\/\/www.aletscharena.ch\/aletsch-arena\/veranstaltungen\/veranstaltung\/kinderdisco\" target=\"_blank\" rel=\"noopener\">Kinderdisco<\/a><\/td>\n<td width=\"90\">Montag, 30.12.24<\/td>\n<td width=\"81\">15-18 Uhr<\/td>\n<td width=\"98\">Restaurant Matterhorn<\/td>\n<td width=\"87\">Riederalp<\/td>\n<td width=\"91\">kostenlos<\/td>\n<\/tr>\n<tr>\n<td width=\"118\"><a href=\"https:\/\/www.aletscharena.ch\/planen-buchen\/angebote-erlebnisse\/angebot\/meet-und-greet-mit-gletschi\" target=\"_blank\" rel=\"noopener\">Meet und Greet mit Gletschi<\/a><\/td>\n<td width=\"90\">Immer Sonntags<\/td>\n<td width=\"81\">10-11 Uhr<\/td>\n<td width=\"98\">Dorfplatz<\/td>\n<td width=\"87\">Bettmeralp<\/td>\n<td width=\"91\">kostenlos<\/td>\n<\/tr>\n<tr>\n<td width=\"118\"><a href=\"https:\/\/www.aletscharena.ch\/aktivitaeten\/skifahren\/skirunden?utm_campaign=2023-24-Schnee&amp;utm_medium=email&amp;_hsmi=82121629&amp;_hsenc=p2ANqtz-_kYURPuzqG-eS89qGq9tvE-qkA9MWKwbTFdPGNo1ozPTbe55uMJSLOrhuGGd9vuUimnjUygxY8bWztziPXXBMwsgUhXg&amp;utm_content=82121629&amp;utm_source=hs_email#c44609\" target=\"_blank\" rel=\"noopener\">Gletschi-Tour<\/a><\/td>\n<td width=\"90\">T\u00e4glich<\/td>\n<td width=\"81\">9-16 Uhr<\/td>\n<td width=\"98\">Start an Riederfurka<\/td>\n<td width=\"87\">Riederalp<\/td>\n<td width=\"91\">Pistenspass<\/td>\n<\/tr>\n<tr>\n<td width=\"118\"><a href=\"https:\/\/www.aletscharena.ch\/aletsch-arena\/poi\/gletschiland#opening-times\" target=\"_blank\" rel=\"noopener\">Gletschiland<\/a><\/td>\n<td width=\"90\">T\u00e4glich<\/td>\n<td width=\"81\">10-21 Uhr<\/td>\n<td width=\"98\">Sportzentrum Bachtla<\/td>\n<td width=\"87\">Bettmeralp<\/td>\n<td width=\"91\">10 CHF Eintritt<\/td>\n<\/tr>\n<tr>\n<td width=\"118\"><a href=\"https:\/\/www.aletscharena.ch\/aletsch-arena\/poi\/gletschi-family-funslope\" target=\"_blank\" rel=\"noopener\">Gletschi Family Funslope<\/a><\/td>\n<td width=\"90\">T\u00e4glich<\/td>\n<td width=\"81\">9-16 Uhr<\/td>\n<td width=\"98\">Skigebiet<\/td>\n<td width=\"87\">Bettmeralp<\/td>\n<td width=\"91\">Pistenspass<\/td>\n<\/tr>\n<tr>\n<td width=\"118\"><a href=\"https:\/\/www.aletscharena.ch\/aletsch-arena\/poi\/snowtubing\" target=\"_blank\" rel=\"noopener\">Snowtubing<\/a><\/td>\n<td width=\"90\">T\u00e4glich<\/td>\n<td width=\"81\">9-16 Uhr<\/td>\n<td width=\"98\">Restaurant B\u00e4ttmerhitta<\/td>\n<td width=\"87\">Bettmeralp<\/td>\n<td width=\"91\">kostenlos<\/td>\n<\/tr>\n<tr>\n<td width=\"118\"><a href=\"https:\/\/www.aletscharena.ch\/aletsch-arena\/poi\/kindersonnenland\" target=\"_blank\" rel=\"noopener\">Kindersonnenland<\/a><\/td>\n<td width=\"90\">T\u00e4glich<\/td>\n<td width=\"81\">T\u00e4glich<\/td>\n<td width=\"98\">Bei der Kapelle<\/td>\n<td width=\"87\">Bettmeralp<\/td>\n<td width=\"91\">kostenlos<\/td>\n<\/tr>\n<tr>\n<td width=\"118\">Snowgarden &#8211; siehe Alp<\/td>\n<td width=\"90\">T\u00e4glich<\/td>\n<td width=\"81\">unterschiedlich<\/td>\n<td width=\"98\">Skischulen der jeweiligen Alp der Aletsch Arena<\/td>\n<td width=\"87\"><a href=\"https:\/\/www.skischule-riederalp.ch\/ski-snowboard\/kinder-jugendliche\/gruppenkurse\/ski-snowgarden\/\" target=\"_blank\" rel=\"noopener\">Riederalp<\/a>, <a href=\"https:\/\/www.schneesportbettmeralp.ch\/snowli-kids\/snowgarden-1\/\" target=\"_blank\" rel=\"noopener\">Bettmeralp<\/a>, <a href=\"https:\/\/schneesport-fiesch.ch\/kinder\/#kinder_snowgarden\" target=\"_blank\" rel=\"noopener\">Fiescheralp<\/a><\/td>\n<td width=\"91\">Klicken Sie auf die Alp, um zur gew\u00e4hlten Skischule zu gelangen.<\/td>\n<\/tr>\n<\/tbody>\n<\/table>\n<h3>Schlechtwetter-Programm f\u00fcr drinnen<\/h3>\n<p>Falls das Wetter Sie nicht animieren sollte, sich draussen zu bewegen oder Ihr Kind m\u00fcde ist, nutzen Sie doch die <a href=\"https:\/\/www.aletscharena.ch\/aletsch-arena\/familien\/gletschi\" target=\"_blank\" rel=\"noopener\">Webseite vom Gletschi<\/a> mit Gletschis Wintererlebnissen zum Vorlesen oder Anh\u00f6ren. Zus\u00e4tzlich gibt es Malvorlagen zum Download. Also: Malstifte einstecken.<\/p>\n<p>Geniessen Sie das Jahresende mit Ihrer Familie &#8211; draussen im Schnee, drinnen in der Ferienunterkunft oder auf der Piste mit einem ordentlichen Jutz.<\/p>\n<p><em>Was choschtbar isch, s\u2019chas niemer n\u00e4h, va myner Zyt wellt&#8216; ich dier g\u00e4<\/em><\/p>\n<\/div><\/section>\n<div class='flex_column av-9txtf7-378152c618af365c6a3f2a3cacfa6d44 av_one_half  avia-builder-el-2  el_after_av_textblock  avia-builder-el-last  first flex_column_div column-top-margin'   ><p><div  class='av-post-metadata-container av-70rub7-60c25737b595d868f0c802e49afbd482 av-metadata-container-align-left  avia-builder-el-3  el_before_av_social_share  avia-builder-el-first  av-metadata-container-1'><div class='av-post-metadata-container-inner'><span class=\"av-post-metadata-content av-post-metadata-meta-content\"><span class=\"av-post-metadata-content av-post-metadata-author\"  itemprop=\"author\" ><span class=\"av-metadata-before av-metadata-before-author\">von<\/span><span class=\"av-post-metadata-author-link\" ><a href=\"https:\/\/ferienchalet-wallis.ch\/de\/author\/wallisaar\/\"  rel=\"author\">WalliSaar<\/a><\/span><\/span><span class=\"av-post-metadata-content av-post-metadata-separator\">\/<\/span><span class=\"av-post-metadata-content av-post-metadata-published\"><span class=\"av-post-metadata-published-date\" >Dezember 17, 2024<\/span><\/span><\/span><\/div><\/div><br \/>\n<div  class='av-social-sharing-box av-243gjn-6bc7a1a6bdb285c05cc0c4c566d4335a av-social-sharing-box-circle  avia-builder-el-4  el_after_av_post_metadata  avia-builder-el-last  av-social-sharing-box-color-bg av-social-sharing-box-same-width'><div class=\"av-share-box\"><h5 class='av-share-link-description av-no-toc '>Eintrag teilen<\/h5><ul class=\"av-share-box-list noLightbox\"><li class='av-share-link av-social-link-whatsapp' ><a target=\"_blank\" aria-label=\"Teilen auf WhatsApp\" href='https:\/\/api.whatsapp.com\/send?text=https:\/\/ferienchalet-wallis.ch\/de\/zeitvertreib-fuer-kinder-in-den-weihnachtsferien\/' aria-hidden='false' data-av_icon='\uf232' data-av_iconfont='entypo-fontello' title='' data-avia-related-tooltip='Teilen auf WhatsApp' rel=\"noopener\"><span class='avia_hidden_link_text'>Teilen auf WhatsApp<\/span><\/a><\/li><\/ul><\/div><\/div><\/p><\/div>\n","protected":false},"excerpt":{"rendered":"","protected":false},"author":3,"featured_media":2228,"comment_status":"closed","ping_status":"closed","sticky":false,"template":"","format":"standard","meta":{"footnotes":""},"categories":[6,17,24],"tags":[],"class_list":["post-2227","post","type-post","status-publish","format-standard","has-post-thumbnail","hentry","category-aletsch","category-kinder","category-winter"],"yoast_head":"<!-- This site is optimized with the Yoast SEO plugin v27.4 - https:\/\/yoast.com\/product\/yoast-seo-wordpress\/ -->\n<title>Zeitvertreib f\u00fcr Kinder in den Weihnachtsferien 2024 - Bettmeralp und Riederalp<\/title>\n<meta name=\"description\" content=\"Zeitvertreib f\u00fcr Kinder im Skigebiet der Aletsch Arena f\u00fcr draussen und drinnen.\" \/>\n<meta name=\"robots\" content=\"index, follow, max-snippet:-1, max-image-preview:large, max-video-preview:-1\" \/>\n<link rel=\"canonical\" href=\"https:\/\/ferienchalet-wallis.ch\/de\/zeitvertreib-fuer-kinder-in-den-weihnachtsferien\/\" \/>\n<meta property=\"og:locale\" content=\"de_DE\" \/>\n<meta property=\"og:type\" content=\"article\" \/>\n<meta property=\"og:title\" content=\"Zeitvertreib f\u00fcr Kinder in den Weihnachtsferien 2024 - Bettmeralp und Riederalp\" \/>\n<meta property=\"og:description\" content=\"Zeitvertreib f\u00fcr Kinder im Skigebiet der Aletsch Arena f\u00fcr draussen und drinnen.\" \/>\n<meta property=\"og:url\" content=\"https:\/\/ferienchalet-wallis.ch\/de\/zeitvertreib-fuer-kinder-in-den-weihnachtsferien\/\" \/>\n<meta property=\"og:site_name\" content=\"Bettmeralp und Riederalp\" \/>\n<meta property=\"article:published_time\" content=\"2024-12-17T14:25:38+00:00\" \/>\n<meta property=\"article:modified_time\" content=\"2024-12-17T14:49:28+00:00\" \/>\n<meta property=\"og:image\" content=\"https:\/\/ferienchalet-wallis.ch\/wp-content\/uploads\/2024\/12\/Familienferien.jpg\" \/>\n\t<meta property=\"og:image:width\" content=\"2048\" \/>\n\t<meta property=\"og:image:height\" content=\"1366\" \/>\n\t<meta property=\"og:image:type\" content=\"image\/jpeg\" \/>\n<meta name=\"author\" content=\"WalliSaar\" \/>\n<meta name=\"twitter:card\" content=\"summary_large_image\" \/>\n<meta name=\"twitter:label1\" content=\"Verfasst von\" \/>\n\t<meta name=\"twitter:data1\" content=\"WalliSaar\" \/>\n\t<meta name=\"twitter:label2\" content=\"Gesch\u00e4tzte Lesezeit\" \/>\n\t<meta name=\"twitter:data2\" content=\"3\u00a0Minuten\" \/>\n<script type=\"application\/ld+json\" class=\"yoast-schema-graph\">{\"@context\":\"https:\\\/\\\/schema.org\",\"@graph\":[{\"@type\":\"Article\",\"@id\":\"https:\\\/\\\/ferienchalet-wallis.ch\\\/zeitvertreib-fuer-kinder-in-den-weihnachtsferien\\\/#article\",\"isPartOf\":{\"@id\":\"https:\\\/\\\/ferienchalet-wallis.ch\\\/zeitvertreib-fuer-kinder-in-den-weihnachtsferien\\\/\"},\"author\":{\"name\":\"WalliSaar\",\"@id\":\"https:\\\/\\\/ferienchalet-wallis.ch\\\/#\\\/schema\\\/person\\\/18b3f062b0514bc953799175b9bfdd2b\"},\"headline\":\"Zeitvertreib f\u00fcr Kinder in den Weihnachtsferien 2024\",\"datePublished\":\"2024-12-17T14:25:38+00:00\",\"dateModified\":\"2024-12-17T14:49:28+00:00\",\"mainEntityOfPage\":{\"@id\":\"https:\\\/\\\/ferienchalet-wallis.ch\\\/zeitvertreib-fuer-kinder-in-den-weihnachtsferien\\\/\"},\"wordCount\":735,\"publisher\":{\"@id\":\"https:\\\/\\\/ferienchalet-wallis.ch\\\/#organization\"},\"image\":{\"@id\":\"https:\\\/\\\/ferienchalet-wallis.ch\\\/zeitvertreib-fuer-kinder-in-den-weihnachtsferien\\\/#primaryimage\"},\"thumbnailUrl\":\"https:\\\/\\\/ferienchalet-wallis.ch\\\/wp-content\\\/uploads\\\/2024\\\/12\\\/Familienferien.jpg\",\"articleSection\":[\"Aletsch\",\"Kinder\",\"Winter\"],\"inLanguage\":\"de\"},{\"@type\":\"WebPage\",\"@id\":\"https:\\\/\\\/ferienchalet-wallis.ch\\\/zeitvertreib-fuer-kinder-in-den-weihnachtsferien\\\/\",\"url\":\"https:\\\/\\\/ferienchalet-wallis.ch\\\/zeitvertreib-fuer-kinder-in-den-weihnachtsferien\\\/\",\"name\":\"Zeitvertreib f\u00fcr Kinder in den Weihnachtsferien 2024 - Bettmeralp und Riederalp\",\"isPartOf\":{\"@id\":\"https:\\\/\\\/ferienchalet-wallis.ch\\\/#website\"},\"primaryImageOfPage\":{\"@id\":\"https:\\\/\\\/ferienchalet-wallis.ch\\\/zeitvertreib-fuer-kinder-in-den-weihnachtsferien\\\/#primaryimage\"},\"image\":{\"@id\":\"https:\\\/\\\/ferienchalet-wallis.ch\\\/zeitvertreib-fuer-kinder-in-den-weihnachtsferien\\\/#primaryimage\"},\"thumbnailUrl\":\"https:\\\/\\\/ferienchalet-wallis.ch\\\/wp-content\\\/uploads\\\/2024\\\/12\\\/Familienferien.jpg\",\"datePublished\":\"2024-12-17T14:25:38+00:00\",\"dateModified\":\"2024-12-17T14:49:28+00:00\",\"description\":\"Zeitvertreib f\u00fcr Kinder im Skigebiet der Aletsch Arena f\u00fcr draussen und drinnen.\",\"breadcrumb\":{\"@id\":\"https:\\\/\\\/ferienchalet-wallis.ch\\\/zeitvertreib-fuer-kinder-in-den-weihnachtsferien\\\/#breadcrumb\"},\"inLanguage\":\"de\",\"potentialAction\":[{\"@type\":\"ReadAction\",\"target\":[\"https:\\\/\\\/ferienchalet-wallis.ch\\\/zeitvertreib-fuer-kinder-in-den-weihnachtsferien\\\/\"]}]},{\"@type\":\"ImageObject\",\"inLanguage\":\"de\",\"@id\":\"https:\\\/\\\/ferienchalet-wallis.ch\\\/zeitvertreib-fuer-kinder-in-den-weihnachtsferien\\\/#primaryimage\",\"url\":\"https:\\\/\\\/ferienchalet-wallis.ch\\\/wp-content\\\/uploads\\\/2024\\\/12\\\/Familienferien.jpg\",\"contentUrl\":\"https:\\\/\\\/ferienchalet-wallis.ch\\\/wp-content\\\/uploads\\\/2024\\\/12\\\/Familienferien.jpg\",\"width\":2048,\"height\":1366,\"caption\":\"Familienferien\"},{\"@type\":\"BreadcrumbList\",\"@id\":\"https:\\\/\\\/ferienchalet-wallis.ch\\\/zeitvertreib-fuer-kinder-in-den-weihnachtsferien\\\/#breadcrumb\",\"itemListElement\":[{\"@type\":\"ListItem\",\"position\":1,\"name\":\"Home\",\"item\":\"https:\\\/\\\/ferienchalet-wallis.ch\\\/\"},{\"@type\":\"ListItem\",\"position\":2,\"name\":\"Zeitvertreib f\u00fcr Kinder in den Weihnachtsferien 2024\"}]},{\"@type\":\"WebSite\",\"@id\":\"https:\\\/\\\/ferienchalet-wallis.ch\\\/#website\",\"url\":\"https:\\\/\\\/ferienchalet-wallis.ch\\\/\",\"name\":\"Bettmeralp und Riederalp\",\"description\":\"Kranzfelder Markus\",\"publisher\":{\"@id\":\"https:\\\/\\\/ferienchalet-wallis.ch\\\/#organization\"},\"potentialAction\":[{\"@type\":\"SearchAction\",\"target\":{\"@type\":\"EntryPoint\",\"urlTemplate\":\"https:\\\/\\\/ferienchalet-wallis.ch\\\/?s={search_term_string}\"},\"query-input\":{\"@type\":\"PropertyValueSpecification\",\"valueRequired\":true,\"valueName\":\"search_term_string\"}}],\"inLanguage\":\"de\"},{\"@type\":\"Organization\",\"@id\":\"https:\\\/\\\/ferienchalet-wallis.ch\\\/#organization\",\"name\":\"Liegenschaftsbetreuung \\\/ Vermietung \u2013 M. Kranzfelder\",\"url\":\"https:\\\/\\\/ferienchalet-wallis.ch\\\/\",\"logo\":{\"@type\":\"ImageObject\",\"inLanguage\":\"de\",\"@id\":\"https:\\\/\\\/ferienchalet-wallis.ch\\\/#\\\/schema\\\/logo\\\/image\\\/\",\"url\":\"https:\\\/\\\/ferienchalet-wallis.ch\\\/wp-content\\\/uploads\\\/2022\\\/01\\\/Logo_Kranzfelder.png\",\"contentUrl\":\"https:\\\/\\\/ferienchalet-wallis.ch\\\/wp-content\\\/uploads\\\/2022\\\/01\\\/Logo_Kranzfelder.png\",\"width\":1526,\"height\":447,\"caption\":\"Liegenschaftsbetreuung \\\/ Vermietung \u2013 M. Kranzfelder\"},\"image\":{\"@id\":\"https:\\\/\\\/ferienchalet-wallis.ch\\\/#\\\/schema\\\/logo\\\/image\\\/\"}},{\"@type\":\"Person\",\"@id\":\"https:\\\/\\\/ferienchalet-wallis.ch\\\/#\\\/schema\\\/person\\\/18b3f062b0514bc953799175b9bfdd2b\",\"name\":\"WalliSaar\",\"image\":{\"@type\":\"ImageObject\",\"inLanguage\":\"de\",\"@id\":\"https:\\\/\\\/secure.gravatar.com\\\/avatar\\\/1be7f9468eac0e02f655be9ab758a01ae5dc72d678841cc4898d463993c78d36?s=96&d=initials&r=g&initials=ru\",\"url\":\"https:\\\/\\\/secure.gravatar.com\\\/avatar\\\/1be7f9468eac0e02f655be9ab758a01ae5dc72d678841cc4898d463993c78d36?s=96&d=initials&r=g&initials=ru\",\"contentUrl\":\"https:\\\/\\\/secure.gravatar.com\\\/avatar\\\/1be7f9468eac0e02f655be9ab758a01ae5dc72d678841cc4898d463993c78d36?s=96&d=initials&r=g&initials=ru\",\"caption\":\"WalliSaar\"},\"description\":\"Mein Name ist Anja Ruch und ich schreibe die Blogbeitr\u00e4ge f\u00fcr das Ehepaar Markus &amp; Tabitha Kranzfelder. Der Name WalliSaar gr\u00fcndet sich auf meinen Wurzeln im Saarland und den neuen im Wallis. My name is Anja Ruch and I write the blog entries for the Markus &amp; Tabitha Kranzfelder couple. The name WalliSaar shows the connection to my old roots in Saarland and the new ones in Valais.\",\"sameAs\":[\"https:\\\/\\\/www.ferienchalet-wallis.ch\\\/blog\"],\"url\":\"https:\\\/\\\/ferienchalet-wallis.ch\\\/de\\\/author\\\/wallisaar\\\/\"}]}<\/script>\n<!-- \/ Yoast SEO plugin. -->","yoast_head_json":{"title":"Zeitvertreib f\u00fcr Kinder in den Weihnachtsferien 2024 - Bettmeralp und Riederalp","description":"Zeitvertreib f\u00fcr Kinder im Skigebiet der Aletsch Arena f\u00fcr draussen und drinnen.","robots":{"index":"index","follow":"follow","max-snippet":"max-snippet:-1","max-image-preview":"max-image-preview:large","max-video-preview":"max-video-preview:-1"},"canonical":"https:\/\/ferienchalet-wallis.ch\/de\/zeitvertreib-fuer-kinder-in-den-weihnachtsferien\/","og_locale":"de_DE","og_type":"article","og_title":"Zeitvertreib f\u00fcr Kinder in den Weihnachtsferien 2024 - Bettmeralp und Riederalp","og_description":"Zeitvertreib f\u00fcr Kinder im Skigebiet der Aletsch Arena f\u00fcr draussen und drinnen.","og_url":"https:\/\/ferienchalet-wallis.ch\/de\/zeitvertreib-fuer-kinder-in-den-weihnachtsferien\/","og_site_name":"Bettmeralp und Riederalp","article_published_time":"2024-12-17T14:25:38+00:00","article_modified_time":"2024-12-17T14:49:28+00:00","og_image":[{"width":2048,"height":1366,"url":"https:\/\/ferienchalet-wallis.ch\/wp-content\/uploads\/2024\/12\/Familienferien.jpg","type":"image\/jpeg"}],"author":"WalliSaar","twitter_card":"summary_large_image","twitter_misc":{"Verfasst von":"WalliSaar","Gesch\u00e4tzte Lesezeit":"3\u00a0Minuten"},"schema":{"@context":"https:\/\/schema.org","@graph":[{"@type":"Article","@id":"https:\/\/ferienchalet-wallis.ch\/zeitvertreib-fuer-kinder-in-den-weihnachtsferien\/#article","isPartOf":{"@id":"https:\/\/ferienchalet-wallis.ch\/zeitvertreib-fuer-kinder-in-den-weihnachtsferien\/"},"author":{"name":"WalliSaar","@id":"https:\/\/ferienchalet-wallis.ch\/#\/schema\/person\/18b3f062b0514bc953799175b9bfdd2b"},"headline":"Zeitvertreib f\u00fcr Kinder in den Weihnachtsferien 2024","datePublished":"2024-12-17T14:25:38+00:00","dateModified":"2024-12-17T14:49:28+00:00","mainEntityOfPage":{"@id":"https:\/\/ferienchalet-wallis.ch\/zeitvertreib-fuer-kinder-in-den-weihnachtsferien\/"},"wordCount":735,"publisher":{"@id":"https:\/\/ferienchalet-wallis.ch\/#organization"},"image":{"@id":"https:\/\/ferienchalet-wallis.ch\/zeitvertreib-fuer-kinder-in-den-weihnachtsferien\/#primaryimage"},"thumbnailUrl":"https:\/\/ferienchalet-wallis.ch\/wp-content\/uploads\/2024\/12\/Familienferien.jpg","articleSection":["Aletsch","Kinder","Winter"],"inLanguage":"de"},{"@type":"WebPage","@id":"https:\/\/ferienchalet-wallis.ch\/zeitvertreib-fuer-kinder-in-den-weihnachtsferien\/","url":"https:\/\/ferienchalet-wallis.ch\/zeitvertreib-fuer-kinder-in-den-weihnachtsferien\/","name":"Zeitvertreib f\u00fcr Kinder in den Weihnachtsferien 2024 - Bettmeralp und Riederalp","isPartOf":{"@id":"https:\/\/ferienchalet-wallis.ch\/#website"},"primaryImageOfPage":{"@id":"https:\/\/ferienchalet-wallis.ch\/zeitvertreib-fuer-kinder-in-den-weihnachtsferien\/#primaryimage"},"image":{"@id":"https:\/\/ferienchalet-wallis.ch\/zeitvertreib-fuer-kinder-in-den-weihnachtsferien\/#primaryimage"},"thumbnailUrl":"https:\/\/ferienchalet-wallis.ch\/wp-content\/uploads\/2024\/12\/Familienferien.jpg","datePublished":"2024-12-17T14:25:38+00:00","dateModified":"2024-12-17T14:49:28+00:00","description":"Zeitvertreib f\u00fcr Kinder im Skigebiet der Aletsch Arena f\u00fcr draussen und drinnen.","breadcrumb":{"@id":"https:\/\/ferienchalet-wallis.ch\/zeitvertreib-fuer-kinder-in-den-weihnachtsferien\/#breadcrumb"},"inLanguage":"de","potentialAction":[{"@type":"ReadAction","target":["https:\/\/ferienchalet-wallis.ch\/zeitvertreib-fuer-kinder-in-den-weihnachtsferien\/"]}]},{"@type":"ImageObject","inLanguage":"de","@id":"https:\/\/ferienchalet-wallis.ch\/zeitvertreib-fuer-kinder-in-den-weihnachtsferien\/#primaryimage","url":"https:\/\/ferienchalet-wallis.ch\/wp-content\/uploads\/2024\/12\/Familienferien.jpg","contentUrl":"https:\/\/ferienchalet-wallis.ch\/wp-content\/uploads\/2024\/12\/Familienferien.jpg","width":2048,"height":1366,"caption":"Familienferien"},{"@type":"BreadcrumbList","@id":"https:\/\/ferienchalet-wallis.ch\/zeitvertreib-fuer-kinder-in-den-weihnachtsferien\/#breadcrumb","itemListElement":[{"@type":"ListItem","position":1,"name":"Home","item":"https:\/\/ferienchalet-wallis.ch\/"},{"@type":"ListItem","position":2,"name":"Zeitvertreib f\u00fcr Kinder in den Weihnachtsferien 2024"}]},{"@type":"WebSite","@id":"https:\/\/ferienchalet-wallis.ch\/#website","url":"https:\/\/ferienchalet-wallis.ch\/","name":"Bettmeralp und Riederalp","description":"Kranzfelder Markus","publisher":{"@id":"https:\/\/ferienchalet-wallis.ch\/#organization"},"potentialAction":[{"@type":"SearchAction","target":{"@type":"EntryPoint","urlTemplate":"https:\/\/ferienchalet-wallis.ch\/?s={search_term_string}"},"query-input":{"@type":"PropertyValueSpecification","valueRequired":true,"valueName":"search_term_string"}}],"inLanguage":"de"},{"@type":"Organization","@id":"https:\/\/ferienchalet-wallis.ch\/#organization","name":"Liegenschaftsbetreuung \/ Vermietung \u2013 M. Kranzfelder","url":"https:\/\/ferienchalet-wallis.ch\/","logo":{"@type":"ImageObject","inLanguage":"de","@id":"https:\/\/ferienchalet-wallis.ch\/#\/schema\/logo\/image\/","url":"https:\/\/ferienchalet-wallis.ch\/wp-content\/uploads\/2022\/01\/Logo_Kranzfelder.png","contentUrl":"https:\/\/ferienchalet-wallis.ch\/wp-content\/uploads\/2022\/01\/Logo_Kranzfelder.png","width":1526,"height":447,"caption":"Liegenschaftsbetreuung \/ Vermietung \u2013 M. Kranzfelder"},"image":{"@id":"https:\/\/ferienchalet-wallis.ch\/#\/schema\/logo\/image\/"}},{"@type":"Person","@id":"https:\/\/ferienchalet-wallis.ch\/#\/schema\/person\/18b3f062b0514bc953799175b9bfdd2b","name":"WalliSaar","image":{"@type":"ImageObject","inLanguage":"de","@id":"https:\/\/secure.gravatar.com\/avatar\/1be7f9468eac0e02f655be9ab758a01ae5dc72d678841cc4898d463993c78d36?s=96&d=initials&r=g&initials=ru","url":"https:\/\/secure.gravatar.com\/avatar\/1be7f9468eac0e02f655be9ab758a01ae5dc72d678841cc4898d463993c78d36?s=96&d=initials&r=g&initials=ru","contentUrl":"https:\/\/secure.gravatar.com\/avatar\/1be7f9468eac0e02f655be9ab758a01ae5dc72d678841cc4898d463993c78d36?s=96&d=initials&r=g&initials=ru","caption":"WalliSaar"},"description":"Mein Name ist Anja Ruch und ich schreibe die Blogbeitr\u00e4ge f\u00fcr das Ehepaar Markus &amp; Tabitha Kranzfelder. Der Name WalliSaar gr\u00fcndet sich auf meinen Wurzeln im Saarland und den neuen im Wallis. My name is Anja Ruch and I write the blog entries for the Markus &amp; Tabitha Kranzfelder couple. The name WalliSaar shows the connection to my old roots in Saarland and the new ones in Valais.","sameAs":["https:\/\/www.ferienchalet-wallis.ch\/blog"],"url":"https:\/\/ferienchalet-wallis.ch\/de\/author\/wallisaar\/"}]}},"_links":{"self":[{"href":"https:\/\/ferienchalet-wallis.ch\/de\/wp-json\/wp\/v2\/posts\/2227","targetHints":{"allow":["GET"]}}],"collection":[{"href":"https:\/\/ferienchalet-wallis.ch\/de\/wp-json\/wp\/v2\/posts"}],"about":[{"href":"https:\/\/ferienchalet-wallis.ch\/de\/wp-json\/wp\/v2\/types\/post"}],"author":[{"embeddable":true,"href":"https:\/\/ferienchalet-wallis.ch\/de\/wp-json\/wp\/v2\/users\/3"}],"replies":[{"embeddable":true,"href":"https:\/\/ferienchalet-wallis.ch\/de\/wp-json\/wp\/v2\/comments?post=2227"}],"version-history":[{"count":8,"href":"https:\/\/ferienchalet-wallis.ch\/de\/wp-json\/wp\/v2\/posts\/2227\/revisions"}],"predecessor-version":[{"id":2237,"href":"https:\/\/ferienchalet-wallis.ch\/de\/wp-json\/wp\/v2\/posts\/2227\/revisions\/2237"}],"wp:featuredmedia":[{"embeddable":true,"href":"https:\/\/ferienchalet-wallis.ch\/de\/wp-json\/wp\/v2\/media\/2228"}],"wp:attachment":[{"href":"https:\/\/ferienchalet-wallis.ch\/de\/wp-json\/wp\/v2\/media?parent=2227"}],"wp:term":[{"taxonomy":"category","embeddable":true,"href":"https:\/\/ferienchalet-wallis.ch\/de\/wp-json\/wp\/v2\/categories?post=2227"},{"taxonomy":"post_tag","embeddable":true,"href":"https:\/\/ferienchalet-wallis.ch\/de\/wp-json\/wp\/v2\/tags?post=2227"}],"curies":[{"name":"wp","href":"https:\/\/api.w.org\/{rel}","templated":true}]}}