{"id":2275,"date":"2025-01-28T09:43:31","date_gmt":"2025-01-28T09:43:31","guid":{"rendered":"https:\/\/ferienchalet-wallis.ch\/?p=2275"},"modified":"2025-01-30T13:06:21","modified_gmt":"2025-01-30T13:06:21","slug":"huettenerlebnisse-in-der-aletsch-arena","status":"publish","type":"post","link":"https:\/\/ferienchalet-wallis.ch\/de\/huettenerlebnisse-in-der-aletsch-arena\/","title":{"rendered":"H\u00fcttenerlebnisse in der Aletsch Arena"},"content":{"rendered":"\n<style type=\"text\/css\" data-created_by=\"avia_inline_auto\" id=\"style-css-av-m6gai5mv-d924bd2dce8a8f45b4b8e7e7ce697d46\">\n#top .av-special-heading.av-m6gai5mv-d924bd2dce8a8f45b4b8e7e7ce697d46{\npadding-bottom:10px;\n}\nbody .av-special-heading.av-m6gai5mv-d924bd2dce8a8f45b4b8e7e7ce697d46 .av-special-heading-tag .heading-char{\nfont-size:25px;\n}\n.av-special-heading.av-m6gai5mv-d924bd2dce8a8f45b4b8e7e7ce697d46 .av-subheading{\nfont-size:15px;\n}\n<\/style>\n<div  class='av-special-heading av-m6gai5mv-d924bd2dce8a8f45b4b8e7e7ce697d46 av-special-heading-h2  avia-builder-el-0  el_before_av_image  avia-builder-el-first '><h2 class='av-special-heading-tag'  itemprop=\"headline\"  >Restaurant B\u00e4ttmerhitta auf der Bettmeralp<\/h2><div class=\"special-heading-border\"><div class=\"special-heading-inner-border\"><\/div><\/div><\/div>\n\n<style type=\"text\/css\" data-created_by=\"avia_inline_auto\" id=\"style-css-av-m6gag74n-2f91a8ce433a6cd6914ac8217f8f1296\">\n.avia-image-container.av-m6gag74n-2f91a8ce433a6cd6914ac8217f8f1296 .av-image-caption-overlay-center{\ncolor:#ffffff;\n}\n<\/style>\n<div  class='avia-image-container av-m6gag74n-2f91a8ce433a6cd6914ac8217f8f1296 av-styling- avia-align-center  avia-builder-el-1  el_after_av_heading  el_before_av_textblock '  itemprop=\"image\" itemscope=\"itemscope\" itemtype=\"https:\/\/schema.org\/ImageObject\" ><div class=\"avia-image-container-inner\"><div class=\"avia-image-overlay-wrap\"><img decoding=\"async\" class='wp-image-2276 avia-img-lazy-loading-not-2276 avia_image' src=\"https:\/\/ferienchalet-wallis.ch\/wp-content\/uploads\/2025\/01\/Bettmeralp_Baettmerhitta_Jaegerstube-1500x630.jpg\" alt='Bettmeralp_B\u00e4ttmerhitta_J\u00e4gerstube' title='Bettmeralp_B\u00e4ttmerhitta_J\u00e4gerstube'  height=\"630\" width=\"1500\"  itemprop=\"thumbnailUrl\"  \/><\/div><\/div><\/div>\n<section  class='av_textblock_section av-m6ga64c8-128ff5db1e2bcbc6eeb50e506062bafc'  itemscope=\"itemscope\" itemtype=\"https:\/\/schema.org\/BlogPosting\" itemprop=\"blogPost\" ><div class='avia_textblock'  itemprop=\"text\" ><p>Vor kurzem haben wir das Restaurant B\u00e4ttmerhitta in der Aletsch Arena besucht. Bei einer gem\u00fctlichen Wanderung von der Fiescheralp Richtung Bettmeralp wollten wir eigentlich eine Cremeschnitte essen gehen. Reger Betrieb hat uns erwartet. Tats\u00e4chlich ist so viel los gewesen, dass wir warten mussten. Das spricht schon mal f\u00fcr den H\u00fcttenbetrieb, finde ich. Nachdem wir unseren Platz hatten, entschieden wir uns etwas Warmes zu essen statt nur Kaffee und Kuchen zu nehmen. Eine gute Entscheidung!<\/p>\n<h3>Familiengef\u00fchrter Betrieb mit Walliser Gerichten<\/h3>\n<p>Mir gef\u00e4llt das urige Ambiente in dieser Alpenbeiz und auch ausserhalb wirkt alles sehr entspannt. Die langen Tische laden ein zusammen zu sitzen, so als w\u00fcrde man sich kennen. Leider weiss ich nicht, wie lange die B\u00e4ttmerhitta schon in famili\u00e4ren H\u00e4nden ist. Die Bilder innerhalb des Restaurants sind jedenfalls nicht neueren Datums.<\/p>\n<p>Das Rezept des Gerichts meiner Wahl \u2013 eine Cholera \u2013 stammt jedenfalls schon von der Oma Helene. Zuf\u00e4llig sass der Neffe des Wirts am Nebentisch und hat es mir erz\u00e4hlt. Mein Mann hat sich f\u00fcr die Rindsbratwurst mit Safranrisotto entschieden. Ich habe das Risotto gekostet und mir haben beide Gerichte sehr gut geschmeckt. Bedauerlicherweise ist f\u00fcr die Cremeschnitte der Bauch zu voll gewesen.<\/p>\n<h3>Angebote rund um die H\u00fctte<\/h3>\n<p>Googelt man nach B\u00e4ttmerhitta, stellt man fest, dass die H\u00fctte sommers wie winters sich grosser Beliebtheit erfreut. Auf sonnigem Plateau bietet sie im Sommer eine <a href=\"https:\/\/ferienchalet-wallis.ch\/kindererlebnis-mit-holzkugelbahn\/\">Holzkugelbahn f\u00fcr Kinder<\/a> und ein <a href=\"https:\/\/www.aletscharena.ch\/aktivitaeten\/tour\/2-etappe-fiescheralp-baettmerhitta-martisberg-lax-fiesch\" target=\"_blank\" rel=\"noopener\">Singletrail f\u00fcr Mountainbiker<\/a> f\u00fchrt am Restaurant vorbei.<\/p>\n<p>Im Winter findet man neben der H\u00fctte eine <a href=\"https:\/\/www.aletscharena.ch\/aletsch-arena\/poi\/snowtubing\" target=\"_blank\" rel=\"noopener\">Snowtubing Bahn <\/a>und auch Erwachsene kommen nicht zu kurz, denn an jedem Vollmond kann man in der Bettmerh\u00fctte ein Fondueplausch geniessen. Termine und Preise finden Sie <a href=\"https:\/\/www.aletscharena.ch\/planen-buchen\/angebote-erlebnisse\/angebot\/vollmondfondue-baettmerhitta\" target=\"_blank\" rel=\"noopener\">hier<\/a>.<\/p>\n<p>Gwundernasi gemacht? Ich muss auch nochmal hin. Schliesslich steht meine Cremeschnitte noch aus.<\/p>\n<p><em>G&#8217;mietlich sii in &#8217;ner Hitta? Wier si derbi.<\/em><\/p>\n<\/div><\/section>\n<div class='flex_column av-8whooz-f3648e85e253d42cf78ae2269cbcf3d4 av_one_half  avia-builder-el-3  el_after_av_textblock  avia-builder-el-last  first flex_column_div column-top-margin'   ><p><div  class='av-post-metadata-container av-7u30gj-5836e3bcf92dea7c0c8d7488bf7b70a3 av-metadata-container-align-left  avia-builder-el-4  el_before_av_social_share  avia-builder-el-first  av-metadata-container-1'><div class='av-post-metadata-container-inner'><span class=\"av-post-metadata-content av-post-metadata-meta-content\"><span class=\"av-post-metadata-content av-post-metadata-author\"  itemprop=\"author\" ><span class=\"av-metadata-before av-metadata-before-author\">von<\/span><span class=\"av-post-metadata-author-link\" ><a href=\"https:\/\/ferienchalet-wallis.ch\/de\/author\/wallisaar\/\"  rel=\"author\">WalliSaar<\/a><\/span><\/span><span class=\"av-post-metadata-content av-post-metadata-separator\">\/<\/span><span class=\"av-post-metadata-content av-post-metadata-published\"><span class=\"av-post-metadata-published-date\" >Januar 28, 2025<\/span><\/span><\/span><\/div><\/div><br \/>\n<div  class='av-social-sharing-box av-2g9cgz-a401cee795aa28eacee8d1e298819af6 av-social-sharing-box-circle  avia-builder-el-5  el_after_av_post_metadata  avia-builder-el-last  av-social-sharing-box-color-bg av-social-sharing-box-same-width'><div class=\"av-share-box\"><h5 class='av-share-link-description av-no-toc '>Eintrag teilen<\/h5><ul class=\"av-share-box-list noLightbox\"><li class='av-share-link av-social-link-whatsapp' ><a target=\"_blank\" aria-label=\"Teilen auf WhatsApp\" href='https:\/\/api.whatsapp.com\/send?text=https:\/\/ferienchalet-wallis.ch\/de\/huettenerlebnisse-in-der-aletsch-arena\/' aria-hidden='false' data-av_icon='\uf232' data-av_iconfont='entypo-fontello' title='' data-avia-related-tooltip='Teilen auf WhatsApp' rel=\"noopener\"><span class='avia_hidden_link_text'>Teilen auf WhatsApp<\/span><\/a><\/li><\/ul><\/div><\/div><\/p><\/div>\n","protected":false},"excerpt":{"rendered":"","protected":false},"author":3,"featured_media":2276,"comment_status":"closed","ping_status":"closed","sticky":false,"template":"","format":"standard","meta":{"footnotes":""},"categories":[6,25,24],"tags":[],"class_list":["post-2275","post","type-post","status-publish","format-standard","has-post-thumbnail","hentry","category-aletsch","category-huettenerlebnis","category-winter"],"yoast_head":"<!-- This site is optimized with the Yoast SEO plugin v27.4 - https:\/\/yoast.com\/product\/yoast-seo-wordpress\/ -->\n<title>H\u00fcttenerlebnisse in der Aletsch Arena - Bettmeralp und Riederalp<\/title>\n<meta name=\"description\" content=\"Das Restaurant B\u00e4ttmerhitta zwischen Fiescheralp und Bettmeralp kurz vorgestellt. Winters und sommers bei den G\u00e4sten sehr beliebt.\" \/>\n<meta name=\"robots\" content=\"index, follow, max-snippet:-1, max-image-preview:large, max-video-preview:-1\" \/>\n<link rel=\"canonical\" href=\"https:\/\/ferienchalet-wallis.ch\/de\/huettenerlebnisse-in-der-aletsch-arena\/\" \/>\n<meta property=\"og:locale\" content=\"de_DE\" \/>\n<meta property=\"og:type\" content=\"article\" \/>\n<meta property=\"og:title\" content=\"H\u00fcttenerlebnisse in der Aletsch Arena - Bettmeralp und Riederalp\" \/>\n<meta property=\"og:description\" content=\"Das Restaurant B\u00e4ttmerhitta zwischen Fiescheralp und Bettmeralp kurz vorgestellt. Winters und sommers bei den G\u00e4sten sehr beliebt.\" \/>\n<meta property=\"og:url\" content=\"https:\/\/ferienchalet-wallis.ch\/de\/huettenerlebnisse-in-der-aletsch-arena\/\" \/>\n<meta property=\"og:site_name\" content=\"Bettmeralp und Riederalp\" \/>\n<meta property=\"article:published_time\" content=\"2025-01-28T09:43:31+00:00\" \/>\n<meta property=\"article:modified_time\" content=\"2025-01-30T13:06:21+00:00\" \/>\n<meta property=\"og:image\" content=\"https:\/\/ferienchalet-wallis.ch\/wp-content\/uploads\/2025\/01\/Bettmeralp_Baettmerhitta_Jaegerstube.jpg\" \/>\n\t<meta property=\"og:image:width\" content=\"2048\" \/>\n\t<meta property=\"og:image:height\" content=\"1365\" \/>\n\t<meta property=\"og:image:type\" content=\"image\/jpeg\" \/>\n<meta name=\"author\" content=\"WalliSaar\" \/>\n<meta name=\"twitter:card\" content=\"summary_large_image\" \/>\n<meta name=\"twitter:label1\" content=\"Verfasst von\" \/>\n\t<meta name=\"twitter:data1\" content=\"WalliSaar\" \/>\n\t<meta name=\"twitter:label2\" content=\"Gesch\u00e4tzte Lesezeit\" \/>\n\t<meta name=\"twitter:data2\" content=\"4\u00a0Minuten\" \/>\n<script type=\"application\/ld+json\" class=\"yoast-schema-graph\">{\"@context\":\"https:\\\/\\\/schema.org\",\"@graph\":[{\"@type\":\"Article\",\"@id\":\"https:\\\/\\\/ferienchalet-wallis.ch\\\/huettenerlebnisse-in-der-aletsch-arena\\\/#article\",\"isPartOf\":{\"@id\":\"https:\\\/\\\/ferienchalet-wallis.ch\\\/huettenerlebnisse-in-der-aletsch-arena\\\/\"},\"author\":{\"name\":\"WalliSaar\",\"@id\":\"https:\\\/\\\/ferienchalet-wallis.ch\\\/#\\\/schema\\\/person\\\/18b3f062b0514bc953799175b9bfdd2b\"},\"headline\":\"H\u00fcttenerlebnisse in der Aletsch Arena\",\"datePublished\":\"2025-01-28T09:43:31+00:00\",\"dateModified\":\"2025-01-30T13:06:21+00:00\",\"mainEntityOfPage\":{\"@id\":\"https:\\\/\\\/ferienchalet-wallis.ch\\\/huettenerlebnisse-in-der-aletsch-arena\\\/\"},\"wordCount\":871,\"publisher\":{\"@id\":\"https:\\\/\\\/ferienchalet-wallis.ch\\\/#organization\"},\"image\":{\"@id\":\"https:\\\/\\\/ferienchalet-wallis.ch\\\/huettenerlebnisse-in-der-aletsch-arena\\\/#primaryimage\"},\"thumbnailUrl\":\"https:\\\/\\\/ferienchalet-wallis.ch\\\/wp-content\\\/uploads\\\/2025\\\/01\\\/Bettmeralp_Baettmerhitta_Jaegerstube.jpg\",\"articleSection\":[\"Aletsch\",\"H\u00fcttenerlebnis\",\"Winter\"],\"inLanguage\":\"de\"},{\"@type\":\"WebPage\",\"@id\":\"https:\\\/\\\/ferienchalet-wallis.ch\\\/huettenerlebnisse-in-der-aletsch-arena\\\/\",\"url\":\"https:\\\/\\\/ferienchalet-wallis.ch\\\/huettenerlebnisse-in-der-aletsch-arena\\\/\",\"name\":\"H\u00fcttenerlebnisse in der Aletsch Arena - Bettmeralp und Riederalp\",\"isPartOf\":{\"@id\":\"https:\\\/\\\/ferienchalet-wallis.ch\\\/#website\"},\"primaryImageOfPage\":{\"@id\":\"https:\\\/\\\/ferienchalet-wallis.ch\\\/huettenerlebnisse-in-der-aletsch-arena\\\/#primaryimage\"},\"image\":{\"@id\":\"https:\\\/\\\/ferienchalet-wallis.ch\\\/huettenerlebnisse-in-der-aletsch-arena\\\/#primaryimage\"},\"thumbnailUrl\":\"https:\\\/\\\/ferienchalet-wallis.ch\\\/wp-content\\\/uploads\\\/2025\\\/01\\\/Bettmeralp_Baettmerhitta_Jaegerstube.jpg\",\"datePublished\":\"2025-01-28T09:43:31+00:00\",\"dateModified\":\"2025-01-30T13:06:21+00:00\",\"description\":\"Das Restaurant B\u00e4ttmerhitta zwischen Fiescheralp und Bettmeralp kurz vorgestellt. Winters und sommers bei den G\u00e4sten sehr beliebt.\",\"breadcrumb\":{\"@id\":\"https:\\\/\\\/ferienchalet-wallis.ch\\\/huettenerlebnisse-in-der-aletsch-arena\\\/#breadcrumb\"},\"inLanguage\":\"de\",\"potentialAction\":[{\"@type\":\"ReadAction\",\"target\":[\"https:\\\/\\\/ferienchalet-wallis.ch\\\/huettenerlebnisse-in-der-aletsch-arena\\\/\"]}]},{\"@type\":\"ImageObject\",\"inLanguage\":\"de\",\"@id\":\"https:\\\/\\\/ferienchalet-wallis.ch\\\/huettenerlebnisse-in-der-aletsch-arena\\\/#primaryimage\",\"url\":\"https:\\\/\\\/ferienchalet-wallis.ch\\\/wp-content\\\/uploads\\\/2025\\\/01\\\/Bettmeralp_Baettmerhitta_Jaegerstube.jpg\",\"contentUrl\":\"https:\\\/\\\/ferienchalet-wallis.ch\\\/wp-content\\\/uploads\\\/2025\\\/01\\\/Bettmeralp_Baettmerhitta_Jaegerstube.jpg\",\"width\":2048,\"height\":1365,\"caption\":\"Bettmeralp_B\u00e4ttmerhitta_J\u00e4gerstube\"},{\"@type\":\"BreadcrumbList\",\"@id\":\"https:\\\/\\\/ferienchalet-wallis.ch\\\/huettenerlebnisse-in-der-aletsch-arena\\\/#breadcrumb\",\"itemListElement\":[{\"@type\":\"ListItem\",\"position\":1,\"name\":\"Home\",\"item\":\"https:\\\/\\\/ferienchalet-wallis.ch\\\/\"},{\"@type\":\"ListItem\",\"position\":2,\"name\":\"H\u00fcttenerlebnisse in der Aletsch Arena\"}]},{\"@type\":\"WebSite\",\"@id\":\"https:\\\/\\\/ferienchalet-wallis.ch\\\/#website\",\"url\":\"https:\\\/\\\/ferienchalet-wallis.ch\\\/\",\"name\":\"Bettmeralp und Riederalp\",\"description\":\"Kranzfelder Markus\",\"publisher\":{\"@id\":\"https:\\\/\\\/ferienchalet-wallis.ch\\\/#organization\"},\"potentialAction\":[{\"@type\":\"SearchAction\",\"target\":{\"@type\":\"EntryPoint\",\"urlTemplate\":\"https:\\\/\\\/ferienchalet-wallis.ch\\\/?s={search_term_string}\"},\"query-input\":{\"@type\":\"PropertyValueSpecification\",\"valueRequired\":true,\"valueName\":\"search_term_string\"}}],\"inLanguage\":\"de\"},{\"@type\":\"Organization\",\"@id\":\"https:\\\/\\\/ferienchalet-wallis.ch\\\/#organization\",\"name\":\"Liegenschaftsbetreuung \\\/ Vermietung \u2013 M. Kranzfelder\",\"url\":\"https:\\\/\\\/ferienchalet-wallis.ch\\\/\",\"logo\":{\"@type\":\"ImageObject\",\"inLanguage\":\"de\",\"@id\":\"https:\\\/\\\/ferienchalet-wallis.ch\\\/#\\\/schema\\\/logo\\\/image\\\/\",\"url\":\"https:\\\/\\\/ferienchalet-wallis.ch\\\/wp-content\\\/uploads\\\/2022\\\/01\\\/Logo_Kranzfelder.png\",\"contentUrl\":\"https:\\\/\\\/ferienchalet-wallis.ch\\\/wp-content\\\/uploads\\\/2022\\\/01\\\/Logo_Kranzfelder.png\",\"width\":1526,\"height\":447,\"caption\":\"Liegenschaftsbetreuung \\\/ Vermietung \u2013 M. Kranzfelder\"},\"image\":{\"@id\":\"https:\\\/\\\/ferienchalet-wallis.ch\\\/#\\\/schema\\\/logo\\\/image\\\/\"}},{\"@type\":\"Person\",\"@id\":\"https:\\\/\\\/ferienchalet-wallis.ch\\\/#\\\/schema\\\/person\\\/18b3f062b0514bc953799175b9bfdd2b\",\"name\":\"WalliSaar\",\"image\":{\"@type\":\"ImageObject\",\"inLanguage\":\"de\",\"@id\":\"https:\\\/\\\/secure.gravatar.com\\\/avatar\\\/1be7f9468eac0e02f655be9ab758a01ae5dc72d678841cc4898d463993c78d36?s=96&d=initials&r=g&initials=ru\",\"url\":\"https:\\\/\\\/secure.gravatar.com\\\/avatar\\\/1be7f9468eac0e02f655be9ab758a01ae5dc72d678841cc4898d463993c78d36?s=96&d=initials&r=g&initials=ru\",\"contentUrl\":\"https:\\\/\\\/secure.gravatar.com\\\/avatar\\\/1be7f9468eac0e02f655be9ab758a01ae5dc72d678841cc4898d463993c78d36?s=96&d=initials&r=g&initials=ru\",\"caption\":\"WalliSaar\"},\"description\":\"Mein Name ist Anja Ruch und ich schreibe die Blogbeitr\u00e4ge f\u00fcr das Ehepaar Markus &amp; Tabitha Kranzfelder. Der Name WalliSaar gr\u00fcndet sich auf meinen Wurzeln im Saarland und den neuen im Wallis. My name is Anja Ruch and I write the blog entries for the Markus &amp; Tabitha Kranzfelder couple. The name WalliSaar shows the connection to my old roots in Saarland and the new ones in Valais.\",\"sameAs\":[\"https:\\\/\\\/www.ferienchalet-wallis.ch\\\/blog\"],\"url\":\"https:\\\/\\\/ferienchalet-wallis.ch\\\/de\\\/author\\\/wallisaar\\\/\"}]}<\/script>\n<!-- \/ Yoast SEO plugin. -->","yoast_head_json":{"title":"H\u00fcttenerlebnisse in der Aletsch Arena - Bettmeralp und Riederalp","description":"Das Restaurant B\u00e4ttmerhitta zwischen Fiescheralp und Bettmeralp kurz vorgestellt. Winters und sommers bei den G\u00e4sten sehr beliebt.","robots":{"index":"index","follow":"follow","max-snippet":"max-snippet:-1","max-image-preview":"max-image-preview:large","max-video-preview":"max-video-preview:-1"},"canonical":"https:\/\/ferienchalet-wallis.ch\/de\/huettenerlebnisse-in-der-aletsch-arena\/","og_locale":"de_DE","og_type":"article","og_title":"H\u00fcttenerlebnisse in der Aletsch Arena - Bettmeralp und Riederalp","og_description":"Das Restaurant B\u00e4ttmerhitta zwischen Fiescheralp und Bettmeralp kurz vorgestellt. Winters und sommers bei den G\u00e4sten sehr beliebt.","og_url":"https:\/\/ferienchalet-wallis.ch\/de\/huettenerlebnisse-in-der-aletsch-arena\/","og_site_name":"Bettmeralp und Riederalp","article_published_time":"2025-01-28T09:43:31+00:00","article_modified_time":"2025-01-30T13:06:21+00:00","og_image":[{"width":2048,"height":1365,"url":"https:\/\/ferienchalet-wallis.ch\/wp-content\/uploads\/2025\/01\/Bettmeralp_Baettmerhitta_Jaegerstube.jpg","type":"image\/jpeg"}],"author":"WalliSaar","twitter_card":"summary_large_image","twitter_misc":{"Verfasst von":"WalliSaar","Gesch\u00e4tzte Lesezeit":"4\u00a0Minuten"},"schema":{"@context":"https:\/\/schema.org","@graph":[{"@type":"Article","@id":"https:\/\/ferienchalet-wallis.ch\/huettenerlebnisse-in-der-aletsch-arena\/#article","isPartOf":{"@id":"https:\/\/ferienchalet-wallis.ch\/huettenerlebnisse-in-der-aletsch-arena\/"},"author":{"name":"WalliSaar","@id":"https:\/\/ferienchalet-wallis.ch\/#\/schema\/person\/18b3f062b0514bc953799175b9bfdd2b"},"headline":"H\u00fcttenerlebnisse in der Aletsch Arena","datePublished":"2025-01-28T09:43:31+00:00","dateModified":"2025-01-30T13:06:21+00:00","mainEntityOfPage":{"@id":"https:\/\/ferienchalet-wallis.ch\/huettenerlebnisse-in-der-aletsch-arena\/"},"wordCount":871,"publisher":{"@id":"https:\/\/ferienchalet-wallis.ch\/#organization"},"image":{"@id":"https:\/\/ferienchalet-wallis.ch\/huettenerlebnisse-in-der-aletsch-arena\/#primaryimage"},"thumbnailUrl":"https:\/\/ferienchalet-wallis.ch\/wp-content\/uploads\/2025\/01\/Bettmeralp_Baettmerhitta_Jaegerstube.jpg","articleSection":["Aletsch","H\u00fcttenerlebnis","Winter"],"inLanguage":"de"},{"@type":"WebPage","@id":"https:\/\/ferienchalet-wallis.ch\/huettenerlebnisse-in-der-aletsch-arena\/","url":"https:\/\/ferienchalet-wallis.ch\/huettenerlebnisse-in-der-aletsch-arena\/","name":"H\u00fcttenerlebnisse in der Aletsch Arena - Bettmeralp und Riederalp","isPartOf":{"@id":"https:\/\/ferienchalet-wallis.ch\/#website"},"primaryImageOfPage":{"@id":"https:\/\/ferienchalet-wallis.ch\/huettenerlebnisse-in-der-aletsch-arena\/#primaryimage"},"image":{"@id":"https:\/\/ferienchalet-wallis.ch\/huettenerlebnisse-in-der-aletsch-arena\/#primaryimage"},"thumbnailUrl":"https:\/\/ferienchalet-wallis.ch\/wp-content\/uploads\/2025\/01\/Bettmeralp_Baettmerhitta_Jaegerstube.jpg","datePublished":"2025-01-28T09:43:31+00:00","dateModified":"2025-01-30T13:06:21+00:00","description":"Das Restaurant B\u00e4ttmerhitta zwischen Fiescheralp und Bettmeralp kurz vorgestellt. Winters und sommers bei den G\u00e4sten sehr beliebt.","breadcrumb":{"@id":"https:\/\/ferienchalet-wallis.ch\/huettenerlebnisse-in-der-aletsch-arena\/#breadcrumb"},"inLanguage":"de","potentialAction":[{"@type":"ReadAction","target":["https:\/\/ferienchalet-wallis.ch\/huettenerlebnisse-in-der-aletsch-arena\/"]}]},{"@type":"ImageObject","inLanguage":"de","@id":"https:\/\/ferienchalet-wallis.ch\/huettenerlebnisse-in-der-aletsch-arena\/#primaryimage","url":"https:\/\/ferienchalet-wallis.ch\/wp-content\/uploads\/2025\/01\/Bettmeralp_Baettmerhitta_Jaegerstube.jpg","contentUrl":"https:\/\/ferienchalet-wallis.ch\/wp-content\/uploads\/2025\/01\/Bettmeralp_Baettmerhitta_Jaegerstube.jpg","width":2048,"height":1365,"caption":"Bettmeralp_B\u00e4ttmerhitta_J\u00e4gerstube"},{"@type":"BreadcrumbList","@id":"https:\/\/ferienchalet-wallis.ch\/huettenerlebnisse-in-der-aletsch-arena\/#breadcrumb","itemListElement":[{"@type":"ListItem","position":1,"name":"Home","item":"https:\/\/ferienchalet-wallis.ch\/"},{"@type":"ListItem","position":2,"name":"H\u00fcttenerlebnisse in der Aletsch Arena"}]},{"@type":"WebSite","@id":"https:\/\/ferienchalet-wallis.ch\/#website","url":"https:\/\/ferienchalet-wallis.ch\/","name":"Bettmeralp und Riederalp","description":"Kranzfelder Markus","publisher":{"@id":"https:\/\/ferienchalet-wallis.ch\/#organization"},"potentialAction":[{"@type":"SearchAction","target":{"@type":"EntryPoint","urlTemplate":"https:\/\/ferienchalet-wallis.ch\/?s={search_term_string}"},"query-input":{"@type":"PropertyValueSpecification","valueRequired":true,"valueName":"search_term_string"}}],"inLanguage":"de"},{"@type":"Organization","@id":"https:\/\/ferienchalet-wallis.ch\/#organization","name":"Liegenschaftsbetreuung \/ Vermietung \u2013 M. Kranzfelder","url":"https:\/\/ferienchalet-wallis.ch\/","logo":{"@type":"ImageObject","inLanguage":"de","@id":"https:\/\/ferienchalet-wallis.ch\/#\/schema\/logo\/image\/","url":"https:\/\/ferienchalet-wallis.ch\/wp-content\/uploads\/2022\/01\/Logo_Kranzfelder.png","contentUrl":"https:\/\/ferienchalet-wallis.ch\/wp-content\/uploads\/2022\/01\/Logo_Kranzfelder.png","width":1526,"height":447,"caption":"Liegenschaftsbetreuung \/ Vermietung \u2013 M. Kranzfelder"},"image":{"@id":"https:\/\/ferienchalet-wallis.ch\/#\/schema\/logo\/image\/"}},{"@type":"Person","@id":"https:\/\/ferienchalet-wallis.ch\/#\/schema\/person\/18b3f062b0514bc953799175b9bfdd2b","name":"WalliSaar","image":{"@type":"ImageObject","inLanguage":"de","@id":"https:\/\/secure.gravatar.com\/avatar\/1be7f9468eac0e02f655be9ab758a01ae5dc72d678841cc4898d463993c78d36?s=96&d=initials&r=g&initials=ru","url":"https:\/\/secure.gravatar.com\/avatar\/1be7f9468eac0e02f655be9ab758a01ae5dc72d678841cc4898d463993c78d36?s=96&d=initials&r=g&initials=ru","contentUrl":"https:\/\/secure.gravatar.com\/avatar\/1be7f9468eac0e02f655be9ab758a01ae5dc72d678841cc4898d463993c78d36?s=96&d=initials&r=g&initials=ru","caption":"WalliSaar"},"description":"Mein Name ist Anja Ruch und ich schreibe die Blogbeitr\u00e4ge f\u00fcr das Ehepaar Markus &amp; Tabitha Kranzfelder. Der Name WalliSaar gr\u00fcndet sich auf meinen Wurzeln im Saarland und den neuen im Wallis. My name is Anja Ruch and I write the blog entries for the Markus &amp; Tabitha Kranzfelder couple. The name WalliSaar shows the connection to my old roots in Saarland and the new ones in Valais.","sameAs":["https:\/\/www.ferienchalet-wallis.ch\/blog"],"url":"https:\/\/ferienchalet-wallis.ch\/de\/author\/wallisaar\/"}]}},"_links":{"self":[{"href":"https:\/\/ferienchalet-wallis.ch\/de\/wp-json\/wp\/v2\/posts\/2275","targetHints":{"allow":["GET"]}}],"collection":[{"href":"https:\/\/ferienchalet-wallis.ch\/de\/wp-json\/wp\/v2\/posts"}],"about":[{"href":"https:\/\/ferienchalet-wallis.ch\/de\/wp-json\/wp\/v2\/types\/post"}],"author":[{"embeddable":true,"href":"https:\/\/ferienchalet-wallis.ch\/de\/wp-json\/wp\/v2\/users\/3"}],"replies":[{"embeddable":true,"href":"https:\/\/ferienchalet-wallis.ch\/de\/wp-json\/wp\/v2\/comments?post=2275"}],"version-history":[{"count":13,"href":"https:\/\/ferienchalet-wallis.ch\/de\/wp-json\/wp\/v2\/posts\/2275\/revisions"}],"predecessor-version":[{"id":2294,"href":"https:\/\/ferienchalet-wallis.ch\/de\/wp-json\/wp\/v2\/posts\/2275\/revisions\/2294"}],"wp:featuredmedia":[{"embeddable":true,"href":"https:\/\/ferienchalet-wallis.ch\/de\/wp-json\/wp\/v2\/media\/2276"}],"wp:attachment":[{"href":"https:\/\/ferienchalet-wallis.ch\/de\/wp-json\/wp\/v2\/media?parent=2275"}],"wp:term":[{"taxonomy":"category","embeddable":true,"href":"https:\/\/ferienchalet-wallis.ch\/de\/wp-json\/wp\/v2\/categories?post=2275"},{"taxonomy":"post_tag","embeddable":true,"href":"https:\/\/ferienchalet-wallis.ch\/de\/wp-json\/wp\/v2\/tags?post=2275"}],"curies":[{"name":"wp","href":"https:\/\/api.w.org\/{rel}","templated":true}]}}