{"id":2314,"date":"2025-02-24T15:41:58","date_gmt":"2025-02-24T15:41:58","guid":{"rendered":"https:\/\/ferienchalet-wallis.ch\/?p=2314"},"modified":"2025-02-24T16:04:48","modified_gmt":"2025-02-24T16:04:48","slug":"sport-und-musik-events-am-aletsch","status":"publish","type":"post","link":"https:\/\/ferienchalet-wallis.ch\/de\/sport-und-musik-events-am-aletsch\/","title":{"rendered":"Sport- und Musik-Events am Aletsch"},"content":{"rendered":"\n<style type=\"text\/css\" data-created_by=\"avia_inline_auto\" id=\"style-css-av-m7j7jtwf-c32debbd7fa2a6f0a426c70785535493\">\n#top .av-special-heading.av-m7j7jtwf-c32debbd7fa2a6f0a426c70785535493{\npadding-bottom:10px;\n}\nbody .av-special-heading.av-m7j7jtwf-c32debbd7fa2a6f0a426c70785535493 .av-special-heading-tag .heading-char{\nfont-size:25px;\n}\n.av-special-heading.av-m7j7jtwf-c32debbd7fa2a6f0a426c70785535493 .av-subheading{\nfont-size:15px;\n}\n<\/style>\n<div  class='av-special-heading av-m7j7jtwf-c32debbd7fa2a6f0a426c70785535493 av-special-heading-h2  avia-builder-el-0  el_before_av_image  avia-builder-el-first '><h2 class='av-special-heading-tag'  itemprop=\"headline\"  >Februar-Events am Aletschgletscher<\/h2><div class=\"special-heading-border\"><div class=\"special-heading-inner-border\"><\/div><\/div><\/div>\n\n<style type=\"text\/css\" data-created_by=\"avia_inline_auto\" id=\"style-css-av-m7j83aof-a4e96a4978c16d672195ecbab3eb9bee\">\n.avia-image-container.av-m7j83aof-a4e96a4978c16d672195ecbab3eb9bee .av-image-caption-overlay-center{\ncolor:#ffffff;\n}\n<\/style>\n<div  class='avia-image-container av-m7j83aof-a4e96a4978c16d672195ecbab3eb9bee av-styling- avia-align-center  avia-builder-el-1  el_after_av_heading  el_before_av_image '  itemprop=\"image\" itemscope=\"itemscope\" itemtype=\"https:\/\/schema.org\/ImageObject\" ><div class=\"avia-image-container-inner\"><div class=\"avia-image-overlay-wrap\"><img decoding=\"async\" class='wp-image-2315 avia-img-lazy-loading-not-2315 avia_image' src=\"https:\/\/ferienchalet-wallis.ch\/wp-content\/uploads\/2025\/02\/Februar_Aletsch-Arena-1500x630.jpg\" alt='Aletsch-Arena' title='Aletsch-Arena'  height=\"630\" width=\"1500\"  itemprop=\"thumbnailUrl\"  \/><\/div><\/div><\/div>\n\n<section  class='av_textblock_section av-m7j7t902-0f3c33c388dd260f23627b0df69f7a4e'  itemscope=\"itemscope\" itemtype=\"https:\/\/schema.org\/BlogPosting\" itemprop=\"blogPost\" ><div class='avia_textblock'  itemprop=\"text\" ><p>Man kann ja nun wirklich nicht behaupten, dass die Aletsch Arena als Skiregion nix zu bieten hat. Wenn ich mir den aktuellen Veranstaltungskalender anschaue, ist wieder f\u00fcr jeden etwas dabei. F\u00fcr Kulturhungrige gibt es Klassische Musik, f\u00fcr die junge Generation Tanzmusik und Sportbegeisterte kommen ausserhalb der t\u00e4glichen Winteraktivit\u00e4ten auch nicht zu kurz.<\/p>\n<h3>Restaurant Matterhorn auf der Riederalp l\u00e4sst auflegen<\/h3>\n<p>F\u00fcr alle Junggebliebenen legen DJ P\u00e4ch und Schwarz am Samstag, den 1. M\u00e4rz 2025 ab 13 Uhr Tanzmusik auf. Mal <a href=\"https:\/\/soundcloud.com\/dj-paech\" target=\"_blank\" rel=\"noopener\">kurz reinh\u00f6ren<\/a>?<\/p>\n<h3>13. Aletsch Classic Festival auf der Bettmeralp<\/h3>\n<p>Jeden Mittwoch-Abend findet im Zentrum St. Michael ein klassisches Konzert statt. Freier Eintritt! Am 5. M\u00e4rz ab 19.30 Uhr h\u00f6ren Sie Werke von Barock bis in die Moderne mit dem Solo- und Orchestermusiker Francesco Gibellini, der in verschiedenen Ensembles auftritt, aktuell mit dem Trio Three T. Eine Kostprobe seiner Konzerte in anderer Zusammensetzung gibt es <a href=\"https:\/\/www.youtube.com\/watch?v=flIubUYEEOc\" target=\"_blank\" rel=\"noopener\">hier<\/a>.<\/p>\n<h3>Nacht-Parallelslalom auf der Bettmeralp<\/h3>\n<p>Seit langem findet mal wieder ein <a href=\"https:\/\/www.aletscharena.ch\/aletsch-arena\/veranstaltungen\/veranstaltung\/nacht-parallelslalom\" target=\"_blank\" rel=\"noopener\">Nachtparallel Slalomrennen<\/a> aller Altersgruppen statt. Der Termin f\u00fcr das Abendevent ist am 04. M\u00e4rz 2025 und die Startgeb\u00fchr betr\u00e4gt 10 CHF, Anmeldung bis 3. M\u00e4rz 2025.<\/p>\n<h3>Showspringen Big Airbag auf der Riederalp<\/h3>\n<p>2 Tage sp\u00e4ter am 6. M\u00e4rz 2025 folgt schon das n\u00e4chste Abendevent auf der Riederalp. Atemberaubende Spr\u00fcnge auf den Big Airbag. Auf der <a href=\"https:\/\/www.facebook.com\/AletschArena\/videos\/habt-ihr-den-neuen-big-air-bag-auf-der-riederalp-schon-ausprobiert-%EF%B8%8F-wer-traut-s\/639077743337427\/\" target=\"_blank\" rel=\"noopener\">Facebook-Seite der Aletsch-Arena<\/a> gibt es einen kleinen Einblick.<\/p>\n<p>Interesse geweckt? Aha, Sie wollen wissen, wie das Wetter wird. Diese Woche vielleicht etwas Neuschnee, n\u00e4chste Woche setzt sich schon wieder Hochdruckwetter durch. Noch Fragen?<\/p>\n<p><em>Was dich drickt het wird verschwinde, denn d\u2019W\u00e4lt gseht anersch \u00fcs hier obina<\/em><\/p>\n<\/div><\/section>\n<div class='flex_column av-8hhzpm-14daed1cb401c4be57cd03a473f776e5 av_one_half  avia-builder-el-4  el_after_av_textblock  avia-builder-el-last  first flex_column_div column-top-margin'   ><p><div  class='av-post-metadata-container av-80nfai-2055005cb78fa6704541db2bf461b81c av-metadata-container-align-left  avia-builder-el-5  el_before_av_social_share  avia-builder-el-first  av-metadata-container-1'><div class='av-post-metadata-container-inner'><span class=\"av-post-metadata-content av-post-metadata-meta-content\"><span class=\"av-post-metadata-content av-post-metadata-author\"  itemprop=\"author\" ><span class=\"av-metadata-before av-metadata-before-author\">von<\/span><span class=\"av-post-metadata-author-link\" ><a href=\"https:\/\/ferienchalet-wallis.ch\/de\/author\/wallisaar\/\"  rel=\"author\">WalliSaar<\/a><\/span><\/span><span class=\"av-post-metadata-content av-post-metadata-separator\">\/<\/span><span class=\"av-post-metadata-content av-post-metadata-published\"><span class=\"av-post-metadata-published-date\" >Februar 24, 2025<\/span><\/span><\/span><\/div><\/div><br \/>\n<div  class='av-social-sharing-box av-2zf2qy-a0a9f2a0fe4fbd7dcc7951364cb1de49 av-social-sharing-box-circle  avia-builder-el-6  el_after_av_post_metadata  avia-builder-el-last  av-social-sharing-box-color-bg av-social-sharing-box-same-width'><div class=\"av-share-box\"><h5 class='av-share-link-description av-no-toc '>Eintrag teilen<\/h5><ul class=\"av-share-box-list noLightbox\"><li class='av-share-link av-social-link-whatsapp' ><a target=\"_blank\" aria-label=\"Teilen auf WhatsApp\" href='https:\/\/api.whatsapp.com\/send?text=https:\/\/ferienchalet-wallis.ch\/de\/sport-und-musik-events-am-aletsch\/' aria-hidden='false' data-av_icon='\uf232' data-av_iconfont='entypo-fontello' title='' data-avia-related-tooltip='Teilen auf WhatsApp' rel=\"noopener\"><span class='avia_hidden_link_text'>Teilen auf WhatsApp<\/span><\/a><\/li><\/ul><\/div><\/div><\/p><\/div>\n","protected":false},"excerpt":{"rendered":"","protected":false},"author":3,"featured_media":2315,"comment_status":"closed","ping_status":"closed","sticky":false,"template":"","format":"standard","meta":{"footnotes":""},"categories":[6,20,24],"tags":[],"class_list":["post-2314","post","type-post","status-publish","format-standard","has-post-thumbnail","hentry","category-aletsch","category-veranstaltungen","category-winter"],"yoast_head":"<!-- This site is optimized with the Yoast SEO plugin v27.4 - https:\/\/yoast.com\/product\/yoast-seo-wordpress\/ -->\n<title>Sport- und Musik-Events am Aletsch - Bettmeralp und Riederalp<\/title>\n<meta name=\"description\" content=\"Schnell noch freie Ferienwohnungen in der Aletsch Arena im Februar 2025 buchen.\" \/>\n<meta name=\"robots\" content=\"index, follow, max-snippet:-1, max-image-preview:large, max-video-preview:-1\" \/>\n<link rel=\"canonical\" href=\"https:\/\/ferienchalet-wallis.ch\/de\/sport-und-musik-events-am-aletsch\/\" \/>\n<meta property=\"og:locale\" content=\"de_DE\" \/>\n<meta property=\"og:type\" content=\"article\" \/>\n<meta property=\"og:title\" content=\"Sport- und Musik-Events am Aletsch - Bettmeralp und Riederalp\" \/>\n<meta property=\"og:description\" content=\"Schnell noch freie Ferienwohnungen in der Aletsch Arena im Februar 2025 buchen.\" \/>\n<meta property=\"og:url\" content=\"https:\/\/ferienchalet-wallis.ch\/de\/sport-und-musik-events-am-aletsch\/\" \/>\n<meta property=\"og:site_name\" content=\"Bettmeralp und Riederalp\" \/>\n<meta property=\"article:published_time\" content=\"2025-02-24T15:41:58+00:00\" \/>\n<meta property=\"article:modified_time\" content=\"2025-02-24T16:04:48+00:00\" \/>\n<meta property=\"og:image\" content=\"https:\/\/ferienchalet-wallis.ch\/wp-content\/uploads\/2025\/02\/Februar_Aletsch-Arena.jpg\" \/>\n\t<meta property=\"og:image:width\" content=\"2048\" \/>\n\t<meta property=\"og:image:height\" content=\"1365\" \/>\n\t<meta property=\"og:image:type\" content=\"image\/jpeg\" \/>\n<meta name=\"author\" content=\"WalliSaar\" \/>\n<meta name=\"twitter:card\" content=\"summary_large_image\" \/>\n<meta name=\"twitter:label1\" content=\"Verfasst von\" \/>\n\t<meta name=\"twitter:data1\" content=\"WalliSaar\" \/>\n\t<meta name=\"twitter:label2\" content=\"Gesch\u00e4tzte Lesezeit\" \/>\n\t<meta name=\"twitter:data2\" content=\"4\u00a0Minuten\" \/>\n<script type=\"application\/ld+json\" class=\"yoast-schema-graph\">{\"@context\":\"https:\\\/\\\/schema.org\",\"@graph\":[{\"@type\":\"Article\",\"@id\":\"https:\\\/\\\/ferienchalet-wallis.ch\\\/sport-und-musik-events-am-aletsch\\\/#article\",\"isPartOf\":{\"@id\":\"https:\\\/\\\/ferienchalet-wallis.ch\\\/sport-und-musik-events-am-aletsch\\\/\"},\"author\":{\"name\":\"WalliSaar\",\"@id\":\"https:\\\/\\\/ferienchalet-wallis.ch\\\/#\\\/schema\\\/person\\\/18b3f062b0514bc953799175b9bfdd2b\"},\"headline\":\"Sport- und Musik-Events am Aletsch\",\"datePublished\":\"2025-02-24T15:41:58+00:00\",\"dateModified\":\"2025-02-24T16:04:48+00:00\",\"mainEntityOfPage\":{\"@id\":\"https:\\\/\\\/ferienchalet-wallis.ch\\\/sport-und-musik-events-am-aletsch\\\/\"},\"wordCount\":879,\"publisher\":{\"@id\":\"https:\\\/\\\/ferienchalet-wallis.ch\\\/#organization\"},\"image\":{\"@id\":\"https:\\\/\\\/ferienchalet-wallis.ch\\\/sport-und-musik-events-am-aletsch\\\/#primaryimage\"},\"thumbnailUrl\":\"https:\\\/\\\/ferienchalet-wallis.ch\\\/wp-content\\\/uploads\\\/2025\\\/02\\\/Februar_Aletsch-Arena.jpg\",\"articleSection\":[\"Aletsch\",\"Veranstaltungen\",\"Winter\"],\"inLanguage\":\"de\"},{\"@type\":\"WebPage\",\"@id\":\"https:\\\/\\\/ferienchalet-wallis.ch\\\/sport-und-musik-events-am-aletsch\\\/\",\"url\":\"https:\\\/\\\/ferienchalet-wallis.ch\\\/sport-und-musik-events-am-aletsch\\\/\",\"name\":\"Sport- und Musik-Events am Aletsch - Bettmeralp und Riederalp\",\"isPartOf\":{\"@id\":\"https:\\\/\\\/ferienchalet-wallis.ch\\\/#website\"},\"primaryImageOfPage\":{\"@id\":\"https:\\\/\\\/ferienchalet-wallis.ch\\\/sport-und-musik-events-am-aletsch\\\/#primaryimage\"},\"image\":{\"@id\":\"https:\\\/\\\/ferienchalet-wallis.ch\\\/sport-und-musik-events-am-aletsch\\\/#primaryimage\"},\"thumbnailUrl\":\"https:\\\/\\\/ferienchalet-wallis.ch\\\/wp-content\\\/uploads\\\/2025\\\/02\\\/Februar_Aletsch-Arena.jpg\",\"datePublished\":\"2025-02-24T15:41:58+00:00\",\"dateModified\":\"2025-02-24T16:04:48+00:00\",\"description\":\"Schnell noch freie Ferienwohnungen in der Aletsch Arena im Februar 2025 buchen.\",\"breadcrumb\":{\"@id\":\"https:\\\/\\\/ferienchalet-wallis.ch\\\/sport-und-musik-events-am-aletsch\\\/#breadcrumb\"},\"inLanguage\":\"de\",\"potentialAction\":[{\"@type\":\"ReadAction\",\"target\":[\"https:\\\/\\\/ferienchalet-wallis.ch\\\/sport-und-musik-events-am-aletsch\\\/\"]}]},{\"@type\":\"ImageObject\",\"inLanguage\":\"de\",\"@id\":\"https:\\\/\\\/ferienchalet-wallis.ch\\\/sport-und-musik-events-am-aletsch\\\/#primaryimage\",\"url\":\"https:\\\/\\\/ferienchalet-wallis.ch\\\/wp-content\\\/uploads\\\/2025\\\/02\\\/Februar_Aletsch-Arena.jpg\",\"contentUrl\":\"https:\\\/\\\/ferienchalet-wallis.ch\\\/wp-content\\\/uploads\\\/2025\\\/02\\\/Februar_Aletsch-Arena.jpg\",\"width\":2048,\"height\":1365,\"caption\":\"Februar_Aletsch-Arena\"},{\"@type\":\"BreadcrumbList\",\"@id\":\"https:\\\/\\\/ferienchalet-wallis.ch\\\/sport-und-musik-events-am-aletsch\\\/#breadcrumb\",\"itemListElement\":[{\"@type\":\"ListItem\",\"position\":1,\"name\":\"Home\",\"item\":\"https:\\\/\\\/ferienchalet-wallis.ch\\\/\"},{\"@type\":\"ListItem\",\"position\":2,\"name\":\"Sport- und Musik-Events am Aletsch\"}]},{\"@type\":\"WebSite\",\"@id\":\"https:\\\/\\\/ferienchalet-wallis.ch\\\/#website\",\"url\":\"https:\\\/\\\/ferienchalet-wallis.ch\\\/\",\"name\":\"Bettmeralp und Riederalp\",\"description\":\"Kranzfelder Markus\",\"publisher\":{\"@id\":\"https:\\\/\\\/ferienchalet-wallis.ch\\\/#organization\"},\"potentialAction\":[{\"@type\":\"SearchAction\",\"target\":{\"@type\":\"EntryPoint\",\"urlTemplate\":\"https:\\\/\\\/ferienchalet-wallis.ch\\\/?s={search_term_string}\"},\"query-input\":{\"@type\":\"PropertyValueSpecification\",\"valueRequired\":true,\"valueName\":\"search_term_string\"}}],\"inLanguage\":\"de\"},{\"@type\":\"Organization\",\"@id\":\"https:\\\/\\\/ferienchalet-wallis.ch\\\/#organization\",\"name\":\"Liegenschaftsbetreuung \\\/ Vermietung \u2013 M. Kranzfelder\",\"url\":\"https:\\\/\\\/ferienchalet-wallis.ch\\\/\",\"logo\":{\"@type\":\"ImageObject\",\"inLanguage\":\"de\",\"@id\":\"https:\\\/\\\/ferienchalet-wallis.ch\\\/#\\\/schema\\\/logo\\\/image\\\/\",\"url\":\"https:\\\/\\\/ferienchalet-wallis.ch\\\/wp-content\\\/uploads\\\/2022\\\/01\\\/Logo_Kranzfelder.png\",\"contentUrl\":\"https:\\\/\\\/ferienchalet-wallis.ch\\\/wp-content\\\/uploads\\\/2022\\\/01\\\/Logo_Kranzfelder.png\",\"width\":1526,\"height\":447,\"caption\":\"Liegenschaftsbetreuung \\\/ Vermietung \u2013 M. Kranzfelder\"},\"image\":{\"@id\":\"https:\\\/\\\/ferienchalet-wallis.ch\\\/#\\\/schema\\\/logo\\\/image\\\/\"}},{\"@type\":\"Person\",\"@id\":\"https:\\\/\\\/ferienchalet-wallis.ch\\\/#\\\/schema\\\/person\\\/18b3f062b0514bc953799175b9bfdd2b\",\"name\":\"WalliSaar\",\"image\":{\"@type\":\"ImageObject\",\"inLanguage\":\"de\",\"@id\":\"https:\\\/\\\/secure.gravatar.com\\\/avatar\\\/1be7f9468eac0e02f655be9ab758a01ae5dc72d678841cc4898d463993c78d36?s=96&d=initials&r=g&initials=ru\",\"url\":\"https:\\\/\\\/secure.gravatar.com\\\/avatar\\\/1be7f9468eac0e02f655be9ab758a01ae5dc72d678841cc4898d463993c78d36?s=96&d=initials&r=g&initials=ru\",\"contentUrl\":\"https:\\\/\\\/secure.gravatar.com\\\/avatar\\\/1be7f9468eac0e02f655be9ab758a01ae5dc72d678841cc4898d463993c78d36?s=96&d=initials&r=g&initials=ru\",\"caption\":\"WalliSaar\"},\"description\":\"Mein Name ist Anja Ruch und ich schreibe die Blogbeitr\u00e4ge f\u00fcr das Ehepaar Markus &amp; Tabitha Kranzfelder. Der Name WalliSaar gr\u00fcndet sich auf meinen Wurzeln im Saarland und den neuen im Wallis. My name is Anja Ruch and I write the blog entries for the Markus &amp; Tabitha Kranzfelder couple. The name WalliSaar shows the connection to my old roots in Saarland and the new ones in Valais.\",\"sameAs\":[\"https:\\\/\\\/www.ferienchalet-wallis.ch\\\/blog\"],\"url\":\"https:\\\/\\\/ferienchalet-wallis.ch\\\/de\\\/author\\\/wallisaar\\\/\"}]}<\/script>\n<!-- \/ Yoast SEO plugin. -->","yoast_head_json":{"title":"Sport- und Musik-Events am Aletsch - Bettmeralp und Riederalp","description":"Schnell noch freie Ferienwohnungen in der Aletsch Arena im Februar 2025 buchen.","robots":{"index":"index","follow":"follow","max-snippet":"max-snippet:-1","max-image-preview":"max-image-preview:large","max-video-preview":"max-video-preview:-1"},"canonical":"https:\/\/ferienchalet-wallis.ch\/de\/sport-und-musik-events-am-aletsch\/","og_locale":"de_DE","og_type":"article","og_title":"Sport- und Musik-Events am Aletsch - Bettmeralp und Riederalp","og_description":"Schnell noch freie Ferienwohnungen in der Aletsch Arena im Februar 2025 buchen.","og_url":"https:\/\/ferienchalet-wallis.ch\/de\/sport-und-musik-events-am-aletsch\/","og_site_name":"Bettmeralp und Riederalp","article_published_time":"2025-02-24T15:41:58+00:00","article_modified_time":"2025-02-24T16:04:48+00:00","og_image":[{"width":2048,"height":1365,"url":"https:\/\/ferienchalet-wallis.ch\/wp-content\/uploads\/2025\/02\/Februar_Aletsch-Arena.jpg","type":"image\/jpeg"}],"author":"WalliSaar","twitter_card":"summary_large_image","twitter_misc":{"Verfasst von":"WalliSaar","Gesch\u00e4tzte Lesezeit":"4\u00a0Minuten"},"schema":{"@context":"https:\/\/schema.org","@graph":[{"@type":"Article","@id":"https:\/\/ferienchalet-wallis.ch\/sport-und-musik-events-am-aletsch\/#article","isPartOf":{"@id":"https:\/\/ferienchalet-wallis.ch\/sport-und-musik-events-am-aletsch\/"},"author":{"name":"WalliSaar","@id":"https:\/\/ferienchalet-wallis.ch\/#\/schema\/person\/18b3f062b0514bc953799175b9bfdd2b"},"headline":"Sport- und Musik-Events am Aletsch","datePublished":"2025-02-24T15:41:58+00:00","dateModified":"2025-02-24T16:04:48+00:00","mainEntityOfPage":{"@id":"https:\/\/ferienchalet-wallis.ch\/sport-und-musik-events-am-aletsch\/"},"wordCount":879,"publisher":{"@id":"https:\/\/ferienchalet-wallis.ch\/#organization"},"image":{"@id":"https:\/\/ferienchalet-wallis.ch\/sport-und-musik-events-am-aletsch\/#primaryimage"},"thumbnailUrl":"https:\/\/ferienchalet-wallis.ch\/wp-content\/uploads\/2025\/02\/Februar_Aletsch-Arena.jpg","articleSection":["Aletsch","Veranstaltungen","Winter"],"inLanguage":"de"},{"@type":"WebPage","@id":"https:\/\/ferienchalet-wallis.ch\/sport-und-musik-events-am-aletsch\/","url":"https:\/\/ferienchalet-wallis.ch\/sport-und-musik-events-am-aletsch\/","name":"Sport- und Musik-Events am Aletsch - Bettmeralp und Riederalp","isPartOf":{"@id":"https:\/\/ferienchalet-wallis.ch\/#website"},"primaryImageOfPage":{"@id":"https:\/\/ferienchalet-wallis.ch\/sport-und-musik-events-am-aletsch\/#primaryimage"},"image":{"@id":"https:\/\/ferienchalet-wallis.ch\/sport-und-musik-events-am-aletsch\/#primaryimage"},"thumbnailUrl":"https:\/\/ferienchalet-wallis.ch\/wp-content\/uploads\/2025\/02\/Februar_Aletsch-Arena.jpg","datePublished":"2025-02-24T15:41:58+00:00","dateModified":"2025-02-24T16:04:48+00:00","description":"Schnell noch freie Ferienwohnungen in der Aletsch Arena im Februar 2025 buchen.","breadcrumb":{"@id":"https:\/\/ferienchalet-wallis.ch\/sport-und-musik-events-am-aletsch\/#breadcrumb"},"inLanguage":"de","potentialAction":[{"@type":"ReadAction","target":["https:\/\/ferienchalet-wallis.ch\/sport-und-musik-events-am-aletsch\/"]}]},{"@type":"ImageObject","inLanguage":"de","@id":"https:\/\/ferienchalet-wallis.ch\/sport-und-musik-events-am-aletsch\/#primaryimage","url":"https:\/\/ferienchalet-wallis.ch\/wp-content\/uploads\/2025\/02\/Februar_Aletsch-Arena.jpg","contentUrl":"https:\/\/ferienchalet-wallis.ch\/wp-content\/uploads\/2025\/02\/Februar_Aletsch-Arena.jpg","width":2048,"height":1365,"caption":"Februar_Aletsch-Arena"},{"@type":"BreadcrumbList","@id":"https:\/\/ferienchalet-wallis.ch\/sport-und-musik-events-am-aletsch\/#breadcrumb","itemListElement":[{"@type":"ListItem","position":1,"name":"Home","item":"https:\/\/ferienchalet-wallis.ch\/"},{"@type":"ListItem","position":2,"name":"Sport- und Musik-Events am Aletsch"}]},{"@type":"WebSite","@id":"https:\/\/ferienchalet-wallis.ch\/#website","url":"https:\/\/ferienchalet-wallis.ch\/","name":"Bettmeralp und Riederalp","description":"Kranzfelder Markus","publisher":{"@id":"https:\/\/ferienchalet-wallis.ch\/#organization"},"potentialAction":[{"@type":"SearchAction","target":{"@type":"EntryPoint","urlTemplate":"https:\/\/ferienchalet-wallis.ch\/?s={search_term_string}"},"query-input":{"@type":"PropertyValueSpecification","valueRequired":true,"valueName":"search_term_string"}}],"inLanguage":"de"},{"@type":"Organization","@id":"https:\/\/ferienchalet-wallis.ch\/#organization","name":"Liegenschaftsbetreuung \/ Vermietung \u2013 M. Kranzfelder","url":"https:\/\/ferienchalet-wallis.ch\/","logo":{"@type":"ImageObject","inLanguage":"de","@id":"https:\/\/ferienchalet-wallis.ch\/#\/schema\/logo\/image\/","url":"https:\/\/ferienchalet-wallis.ch\/wp-content\/uploads\/2022\/01\/Logo_Kranzfelder.png","contentUrl":"https:\/\/ferienchalet-wallis.ch\/wp-content\/uploads\/2022\/01\/Logo_Kranzfelder.png","width":1526,"height":447,"caption":"Liegenschaftsbetreuung \/ Vermietung \u2013 M. Kranzfelder"},"image":{"@id":"https:\/\/ferienchalet-wallis.ch\/#\/schema\/logo\/image\/"}},{"@type":"Person","@id":"https:\/\/ferienchalet-wallis.ch\/#\/schema\/person\/18b3f062b0514bc953799175b9bfdd2b","name":"WalliSaar","image":{"@type":"ImageObject","inLanguage":"de","@id":"https:\/\/secure.gravatar.com\/avatar\/1be7f9468eac0e02f655be9ab758a01ae5dc72d678841cc4898d463993c78d36?s=96&d=initials&r=g&initials=ru","url":"https:\/\/secure.gravatar.com\/avatar\/1be7f9468eac0e02f655be9ab758a01ae5dc72d678841cc4898d463993c78d36?s=96&d=initials&r=g&initials=ru","contentUrl":"https:\/\/secure.gravatar.com\/avatar\/1be7f9468eac0e02f655be9ab758a01ae5dc72d678841cc4898d463993c78d36?s=96&d=initials&r=g&initials=ru","caption":"WalliSaar"},"description":"Mein Name ist Anja Ruch und ich schreibe die Blogbeitr\u00e4ge f\u00fcr das Ehepaar Markus &amp; Tabitha Kranzfelder. Der Name WalliSaar gr\u00fcndet sich auf meinen Wurzeln im Saarland und den neuen im Wallis. My name is Anja Ruch and I write the blog entries for the Markus &amp; Tabitha Kranzfelder couple. The name WalliSaar shows the connection to my old roots in Saarland and the new ones in Valais.","sameAs":["https:\/\/www.ferienchalet-wallis.ch\/blog"],"url":"https:\/\/ferienchalet-wallis.ch\/de\/author\/wallisaar\/"}]}},"_links":{"self":[{"href":"https:\/\/ferienchalet-wallis.ch\/de\/wp-json\/wp\/v2\/posts\/2314","targetHints":{"allow":["GET"]}}],"collection":[{"href":"https:\/\/ferienchalet-wallis.ch\/de\/wp-json\/wp\/v2\/posts"}],"about":[{"href":"https:\/\/ferienchalet-wallis.ch\/de\/wp-json\/wp\/v2\/types\/post"}],"author":[{"embeddable":true,"href":"https:\/\/ferienchalet-wallis.ch\/de\/wp-json\/wp\/v2\/users\/3"}],"replies":[{"embeddable":true,"href":"https:\/\/ferienchalet-wallis.ch\/de\/wp-json\/wp\/v2\/comments?post=2314"}],"version-history":[{"count":5,"href":"https:\/\/ferienchalet-wallis.ch\/de\/wp-json\/wp\/v2\/posts\/2314\/revisions"}],"predecessor-version":[{"id":2322,"href":"https:\/\/ferienchalet-wallis.ch\/de\/wp-json\/wp\/v2\/posts\/2314\/revisions\/2322"}],"wp:featuredmedia":[{"embeddable":true,"href":"https:\/\/ferienchalet-wallis.ch\/de\/wp-json\/wp\/v2\/media\/2315"}],"wp:attachment":[{"href":"https:\/\/ferienchalet-wallis.ch\/de\/wp-json\/wp\/v2\/media?parent=2314"}],"wp:term":[{"taxonomy":"category","embeddable":true,"href":"https:\/\/ferienchalet-wallis.ch\/de\/wp-json\/wp\/v2\/categories?post=2314"},{"taxonomy":"post_tag","embeddable":true,"href":"https:\/\/ferienchalet-wallis.ch\/de\/wp-json\/wp\/v2\/tags?post=2314"}],"curies":[{"name":"wp","href":"https:\/\/api.w.org\/{rel}","templated":true}]}}