{"id":2325,"date":"2025-03-06T15:27:40","date_gmt":"2025-03-06T15:27:40","guid":{"rendered":"https:\/\/ferienchalet-wallis.ch\/?p=2325"},"modified":"2025-03-06T15:34:59","modified_gmt":"2025-03-06T15:34:59","slug":"winterwanderung-riederalp-chueestall","status":"publish","type":"post","link":"https:\/\/ferienchalet-wallis.ch\/de\/winterwanderung-riederalp-chueestall\/","title":{"rendered":"Winterwanderung Riederalp Ch\u00fcestall"},"content":{"rendered":"\n<style type=\"text\/css\" data-created_by=\"avia_inline_auto\" id=\"style-css-av-m7xhq22x-573688c86e789be922193cf2a99ab6f9\">\n#top .av-special-heading.av-m7xhq22x-573688c86e789be922193cf2a99ab6f9{\npadding-bottom:10px;\n}\nbody .av-special-heading.av-m7xhq22x-573688c86e789be922193cf2a99ab6f9 .av-special-heading-tag .heading-char{\nfont-size:25px;\n}\n.av-special-heading.av-m7xhq22x-573688c86e789be922193cf2a99ab6f9 .av-subheading{\nfont-size:15px;\n}\n<\/style>\n<div  class='av-special-heading av-m7xhq22x-573688c86e789be922193cf2a99ab6f9 av-special-heading-h2  avia-builder-el-0  el_before_av_image  avia-builder-el-first '><h2 class='av-special-heading-tag'  itemprop=\"headline\"  >Winterwandern Riederalp &#8211; Ch\u00fcestall &#8211; Bettmersee &#8211; Riederalp<\/h2><div class=\"special-heading-border\"><div class=\"special-heading-inner-border\"><\/div><\/div><\/div>\n\n<style type=\"text\/css\" data-created_by=\"avia_inline_auto\" id=\"style-css-av-m7xhr2y9-17cee7127bb0543ffa5f92ed6892e428\">\n.avia-image-container.av-m7xhr2y9-17cee7127bb0543ffa5f92ed6892e428 .av-image-caption-overlay-center{\ncolor:#ffffff;\n}\n<\/style>\n<div  class='avia-image-container av-m7xhr2y9-17cee7127bb0543ffa5f92ed6892e428 av-styling- avia-align-center  avia-builder-el-1  el_after_av_heading  el_before_av_textblock '  itemprop=\"image\" itemscope=\"itemscope\" itemtype=\"https:\/\/schema.org\/ImageObject\" ><div class=\"avia-image-container-inner\"><div class=\"avia-image-overlay-wrap\"><img decoding=\"async\" class='wp-image-2326 avia-img-lazy-loading-not-2326 avia_image' src=\"https:\/\/ferienchalet-wallis.ch\/wp-content\/uploads\/2025\/03\/Aletschgletscher_Viewpoint_Moosfluh-1500x630.jpg\" alt='Aletschgletscher_Viewpoint_Moosfluh' title='Aletschgletscher_Viewpoint_Moosfluh'  height=\"630\" width=\"1500\"  itemprop=\"thumbnailUrl\"  \/><\/div><\/div><\/div>\n<section  class='av_textblock_section av-m7xhxpuj-1352c0069a386ba715c223f5e120a837'  itemscope=\"itemscope\" itemtype=\"https:\/\/schema.org\/BlogPosting\" itemprop=\"blogPost\" ><div class='avia_textblock'  itemprop=\"text\" ><p>Bombenwetter aktuell oder was meinen Sie? Jedenfalls hat mich das animiert mit meiner Jodellehrerin einen Ausflug auf die Riederalp zu machen. Bei allersch\u00f6nstem Wetter sind wir morgens um halb 11 losgelaufen ab der Bergstation Riederalp Mitte.<\/p>\n<p>Da startet der Winterwanderweg und verl\u00e4uft durchs Dorf bis zur Gondelstation Moosfluh. Schon in der Gondel geniesst man erstmals die Fernsicht mit Blick bis zum Matterhorn. Am Viewpoint Moosfluh erfreut man sich an der Rundsicht auf die Walliser Alpen und nat\u00fcrlich vor allem am grandiosen Blick auf den schneebedeckten Aletschgletscher.<\/p>\n<h3>Viewpoint Moosfluh bis zum Restaurant Ch\u00fcestall<\/h3>\n<p>Linkerhand von Viewpoint und Skipiste beginnt der Winterwanderweg und verl\u00e4uft stetig bergab. Weil auf diesem Weg auch geschlittelt wird und die Kombination steiler Weg und Rutschgefahr nicht jedem liegt, empfehle ich Ihnen Spikes f\u00fcr ihre Winterschuhe. Nach ca. einer halben Stunde \u00fcberqueren Sie erstmals die Skipiste und nach weiteren 100 m sehen Sie schon den Wegweiser Richtung Restaurant Ch\u00fcestall.<\/p>\n<h3>Pause im Restaurant Ch\u00fcestall<\/h3>\n<p>Nach gut einer Stunde erreicht man das Restaurant. Ich empfehle Ihnen eine Pause zu machen. Unter H\u00fcttenerlebnisse gibt es einen separaten Beitrag zum Restaurant Ch\u00fcestall. Nach der Pause halten Sie sich links Richtung Scheenubodu. Sie m\u00fcssen ein kurzes St\u00fcck der Skipiste folgen. Am Bettmersee entlang folgt der Weg wieder Richtung Riederalp.<\/p>\n<p>Sie werden mehrere Wegweiser auf diesem Winterwanderweg vorfinden. Sie k\u00f6nnen auch Richtung Riederfurka laufen und kommen auf den <a href=\"https:\/\/ferienchalet-wallis.ch\/winterwanderweg-moosfluh-riederalp\/\">Winterwanderweg<\/a>, von dem ich im Januar 2025 berichtet habe. Verhungern oder verdursten werden Sie unterwegs ganz sicher nicht. \u00dcberall gibt es Einkehrm\u00f6glichkeiten und was will man bei Walliser Gerichten schon verkehrt machen? Schmeckt halt immer am Aletsch.<\/p>\n<p><em>Besser z&#8217;vil gessu, als z&#8217;vil gredt<\/em><\/p>\n<\/div><\/section>\n<div class='flex_column av-9t8j05-fa93ed5fb2644a5a78dbc7fa69d40a33 av_one_half  avia-builder-el-3  el_after_av_textblock  avia-builder-el-last  first flex_column_div column-top-margin'   ><p><div  class='av-post-metadata-container av-7p2rat-84fc6b7ff73848caff517019edf72dcf av-metadata-container-align-left  avia-builder-el-4  el_before_av_social_share  avia-builder-el-first  av-metadata-container-1'><div class='av-post-metadata-container-inner'><span class=\"av-post-metadata-content av-post-metadata-meta-content\"><span class=\"av-post-metadata-content av-post-metadata-author\"  itemprop=\"author\" ><span class=\"av-metadata-before av-metadata-before-author\">von<\/span><span class=\"av-post-metadata-author-link\" ><a href=\"https:\/\/ferienchalet-wallis.ch\/de\/author\/wallisaar\/\"  rel=\"author\">WalliSaar<\/a><\/span><\/span><span class=\"av-post-metadata-content av-post-metadata-separator\">\/<\/span><span class=\"av-post-metadata-content av-post-metadata-published\"><span class=\"av-post-metadata-published-date\" >M\u00e4rz 6, 2025<\/span><\/span><\/span><\/div><\/div><br \/>\n<div  class='av-social-sharing-box av-1wkjj9-acfd4b525c8fa69d24ea66d3b053eae1 av-social-sharing-box-circle  avia-builder-el-5  el_after_av_post_metadata  avia-builder-el-last  av-social-sharing-box-color-bg av-social-sharing-box-same-width'><div class=\"av-share-box\"><h5 class='av-share-link-description av-no-toc '>Eintrag teilen<\/h5><ul class=\"av-share-box-list noLightbox\"><li class='av-share-link av-social-link-whatsapp' ><a target=\"_blank\" aria-label=\"Teilen auf WhatsApp\" href='https:\/\/api.whatsapp.com\/send?text=https:\/\/ferienchalet-wallis.ch\/de\/winterwanderung-riederalp-chueestall\/' aria-hidden='false' data-av_icon='\uf232' data-av_iconfont='entypo-fontello' title='' data-avia-related-tooltip='Teilen auf WhatsApp' rel=\"noopener\"><span class='avia_hidden_link_text'>Teilen auf WhatsApp<\/span><\/a><\/li><\/ul><\/div><\/div><\/p><\/div>\n","protected":false},"excerpt":{"rendered":"","protected":false},"author":3,"featured_media":2326,"comment_status":"closed","ping_status":"closed","sticky":false,"template":"","format":"standard","meta":{"footnotes":""},"categories":[6,7,24],"tags":[],"class_list":["post-2325","post","type-post","status-publish","format-standard","has-post-thumbnail","hentry","category-aletsch","category-riederalp","category-winter"],"yoast_head":"<!-- This site is optimized with the Yoast SEO plugin v27.4 - https:\/\/yoast.com\/product\/yoast-seo-wordpress\/ -->\n<title>Winterwanderung Riederalp Ch\u00fcestall - Bettmeralp und Riederalp<\/title>\n<meta name=\"description\" content=\"Winterwandern am Aletsch. Geniessen Sie die Aussicht am Viewpoint Moosfluh und wandern Sie zum Restaurant Ch\u00fcestall bei grandioser Aussicht.\" \/>\n<meta name=\"robots\" content=\"index, follow, max-snippet:-1, max-image-preview:large, max-video-preview:-1\" \/>\n<link rel=\"canonical\" href=\"https:\/\/ferienchalet-wallis.ch\/de\/winterwanderung-riederalp-chueestall\/\" \/>\n<meta property=\"og:locale\" content=\"de_DE\" \/>\n<meta property=\"og:type\" content=\"article\" \/>\n<meta property=\"og:title\" content=\"Winterwanderung Riederalp Ch\u00fcestall - Bettmeralp und Riederalp\" \/>\n<meta property=\"og:description\" content=\"Winterwandern am Aletsch. Geniessen Sie die Aussicht am Viewpoint Moosfluh und wandern Sie zum Restaurant Ch\u00fcestall bei grandioser Aussicht.\" \/>\n<meta property=\"og:url\" content=\"https:\/\/ferienchalet-wallis.ch\/de\/winterwanderung-riederalp-chueestall\/\" \/>\n<meta property=\"og:site_name\" content=\"Bettmeralp und Riederalp\" \/>\n<meta property=\"article:published_time\" content=\"2025-03-06T15:27:40+00:00\" \/>\n<meta property=\"article:modified_time\" content=\"2025-03-06T15:34:59+00:00\" \/>\n<meta property=\"og:image\" content=\"https:\/\/ferienchalet-wallis.ch\/wp-content\/uploads\/2025\/03\/Aletschgletscher_Viewpoint_Moosfluh.jpg\" \/>\n\t<meta property=\"og:image:width\" content=\"2048\" \/>\n\t<meta property=\"og:image:height\" content=\"1536\" \/>\n\t<meta property=\"og:image:type\" content=\"image\/jpeg\" \/>\n<meta name=\"author\" content=\"WalliSaar\" \/>\n<meta name=\"twitter:card\" content=\"summary_large_image\" \/>\n<meta name=\"twitter:label1\" content=\"Verfasst von\" \/>\n\t<meta name=\"twitter:data1\" content=\"WalliSaar\" \/>\n\t<meta name=\"twitter:label2\" content=\"Gesch\u00e4tzte Lesezeit\" \/>\n\t<meta name=\"twitter:data2\" content=\"3\u00a0Minuten\" \/>\n<script type=\"application\/ld+json\" class=\"yoast-schema-graph\">{\"@context\":\"https:\\\/\\\/schema.org\",\"@graph\":[{\"@type\":\"Article\",\"@id\":\"https:\\\/\\\/ferienchalet-wallis.ch\\\/winterwanderung-riederalp-chueestall\\\/#article\",\"isPartOf\":{\"@id\":\"https:\\\/\\\/ferienchalet-wallis.ch\\\/winterwanderung-riederalp-chueestall\\\/\"},\"author\":{\"name\":\"WalliSaar\",\"@id\":\"https:\\\/\\\/ferienchalet-wallis.ch\\\/#\\\/schema\\\/person\\\/18b3f062b0514bc953799175b9bfdd2b\"},\"headline\":\"Winterwanderung Riederalp Ch\u00fcestall\",\"datePublished\":\"2025-03-06T15:27:40+00:00\",\"dateModified\":\"2025-03-06T15:34:59+00:00\",\"mainEntityOfPage\":{\"@id\":\"https:\\\/\\\/ferienchalet-wallis.ch\\\/winterwanderung-riederalp-chueestall\\\/\"},\"wordCount\":832,\"publisher\":{\"@id\":\"https:\\\/\\\/ferienchalet-wallis.ch\\\/#organization\"},\"image\":{\"@id\":\"https:\\\/\\\/ferienchalet-wallis.ch\\\/winterwanderung-riederalp-chueestall\\\/#primaryimage\"},\"thumbnailUrl\":\"https:\\\/\\\/ferienchalet-wallis.ch\\\/wp-content\\\/uploads\\\/2025\\\/03\\\/Aletschgletscher_Viewpoint_Moosfluh.jpg\",\"articleSection\":[\"Aletsch\",\"Riederalp\",\"Winter\"],\"inLanguage\":\"de\"},{\"@type\":\"WebPage\",\"@id\":\"https:\\\/\\\/ferienchalet-wallis.ch\\\/winterwanderung-riederalp-chueestall\\\/\",\"url\":\"https:\\\/\\\/ferienchalet-wallis.ch\\\/winterwanderung-riederalp-chueestall\\\/\",\"name\":\"Winterwanderung Riederalp Ch\u00fcestall - Bettmeralp und Riederalp\",\"isPartOf\":{\"@id\":\"https:\\\/\\\/ferienchalet-wallis.ch\\\/#website\"},\"primaryImageOfPage\":{\"@id\":\"https:\\\/\\\/ferienchalet-wallis.ch\\\/winterwanderung-riederalp-chueestall\\\/#primaryimage\"},\"image\":{\"@id\":\"https:\\\/\\\/ferienchalet-wallis.ch\\\/winterwanderung-riederalp-chueestall\\\/#primaryimage\"},\"thumbnailUrl\":\"https:\\\/\\\/ferienchalet-wallis.ch\\\/wp-content\\\/uploads\\\/2025\\\/03\\\/Aletschgletscher_Viewpoint_Moosfluh.jpg\",\"datePublished\":\"2025-03-06T15:27:40+00:00\",\"dateModified\":\"2025-03-06T15:34:59+00:00\",\"description\":\"Winterwandern am Aletsch. Geniessen Sie die Aussicht am Viewpoint Moosfluh und wandern Sie zum Restaurant Ch\u00fcestall bei grandioser Aussicht.\",\"breadcrumb\":{\"@id\":\"https:\\\/\\\/ferienchalet-wallis.ch\\\/winterwanderung-riederalp-chueestall\\\/#breadcrumb\"},\"inLanguage\":\"de\",\"potentialAction\":[{\"@type\":\"ReadAction\",\"target\":[\"https:\\\/\\\/ferienchalet-wallis.ch\\\/winterwanderung-riederalp-chueestall\\\/\"]}]},{\"@type\":\"ImageObject\",\"inLanguage\":\"de\",\"@id\":\"https:\\\/\\\/ferienchalet-wallis.ch\\\/winterwanderung-riederalp-chueestall\\\/#primaryimage\",\"url\":\"https:\\\/\\\/ferienchalet-wallis.ch\\\/wp-content\\\/uploads\\\/2025\\\/03\\\/Aletschgletscher_Viewpoint_Moosfluh.jpg\",\"contentUrl\":\"https:\\\/\\\/ferienchalet-wallis.ch\\\/wp-content\\\/uploads\\\/2025\\\/03\\\/Aletschgletscher_Viewpoint_Moosfluh.jpg\",\"width\":2048,\"height\":1536,\"caption\":\"Aletschgletscher_Viewpoint_Moosfluh\"},{\"@type\":\"BreadcrumbList\",\"@id\":\"https:\\\/\\\/ferienchalet-wallis.ch\\\/winterwanderung-riederalp-chueestall\\\/#breadcrumb\",\"itemListElement\":[{\"@type\":\"ListItem\",\"position\":1,\"name\":\"Home\",\"item\":\"https:\\\/\\\/ferienchalet-wallis.ch\\\/\"},{\"@type\":\"ListItem\",\"position\":2,\"name\":\"Winterwanderung Riederalp Ch\u00fcestall\"}]},{\"@type\":\"WebSite\",\"@id\":\"https:\\\/\\\/ferienchalet-wallis.ch\\\/#website\",\"url\":\"https:\\\/\\\/ferienchalet-wallis.ch\\\/\",\"name\":\"Bettmeralp und Riederalp\",\"description\":\"Kranzfelder Markus\",\"publisher\":{\"@id\":\"https:\\\/\\\/ferienchalet-wallis.ch\\\/#organization\"},\"potentialAction\":[{\"@type\":\"SearchAction\",\"target\":{\"@type\":\"EntryPoint\",\"urlTemplate\":\"https:\\\/\\\/ferienchalet-wallis.ch\\\/?s={search_term_string}\"},\"query-input\":{\"@type\":\"PropertyValueSpecification\",\"valueRequired\":true,\"valueName\":\"search_term_string\"}}],\"inLanguage\":\"de\"},{\"@type\":\"Organization\",\"@id\":\"https:\\\/\\\/ferienchalet-wallis.ch\\\/#organization\",\"name\":\"Liegenschaftsbetreuung \\\/ Vermietung \u2013 M. Kranzfelder\",\"url\":\"https:\\\/\\\/ferienchalet-wallis.ch\\\/\",\"logo\":{\"@type\":\"ImageObject\",\"inLanguage\":\"de\",\"@id\":\"https:\\\/\\\/ferienchalet-wallis.ch\\\/#\\\/schema\\\/logo\\\/image\\\/\",\"url\":\"https:\\\/\\\/ferienchalet-wallis.ch\\\/wp-content\\\/uploads\\\/2022\\\/01\\\/Logo_Kranzfelder.png\",\"contentUrl\":\"https:\\\/\\\/ferienchalet-wallis.ch\\\/wp-content\\\/uploads\\\/2022\\\/01\\\/Logo_Kranzfelder.png\",\"width\":1526,\"height\":447,\"caption\":\"Liegenschaftsbetreuung \\\/ Vermietung \u2013 M. Kranzfelder\"},\"image\":{\"@id\":\"https:\\\/\\\/ferienchalet-wallis.ch\\\/#\\\/schema\\\/logo\\\/image\\\/\"}},{\"@type\":\"Person\",\"@id\":\"https:\\\/\\\/ferienchalet-wallis.ch\\\/#\\\/schema\\\/person\\\/18b3f062b0514bc953799175b9bfdd2b\",\"name\":\"WalliSaar\",\"image\":{\"@type\":\"ImageObject\",\"inLanguage\":\"de\",\"@id\":\"https:\\\/\\\/secure.gravatar.com\\\/avatar\\\/1be7f9468eac0e02f655be9ab758a01ae5dc72d678841cc4898d463993c78d36?s=96&d=initials&r=g&initials=ru\",\"url\":\"https:\\\/\\\/secure.gravatar.com\\\/avatar\\\/1be7f9468eac0e02f655be9ab758a01ae5dc72d678841cc4898d463993c78d36?s=96&d=initials&r=g&initials=ru\",\"contentUrl\":\"https:\\\/\\\/secure.gravatar.com\\\/avatar\\\/1be7f9468eac0e02f655be9ab758a01ae5dc72d678841cc4898d463993c78d36?s=96&d=initials&r=g&initials=ru\",\"caption\":\"WalliSaar\"},\"description\":\"Mein Name ist Anja Ruch und ich schreibe die Blogbeitr\u00e4ge f\u00fcr das Ehepaar Markus &amp; Tabitha Kranzfelder. Der Name WalliSaar gr\u00fcndet sich auf meinen Wurzeln im Saarland und den neuen im Wallis. My name is Anja Ruch and I write the blog entries for the Markus &amp; Tabitha Kranzfelder couple. The name WalliSaar shows the connection to my old roots in Saarland and the new ones in Valais.\",\"sameAs\":[\"https:\\\/\\\/www.ferienchalet-wallis.ch\\\/blog\"],\"url\":\"https:\\\/\\\/ferienchalet-wallis.ch\\\/de\\\/author\\\/wallisaar\\\/\"}]}<\/script>\n<!-- \/ Yoast SEO plugin. -->","yoast_head_json":{"title":"Winterwanderung Riederalp Ch\u00fcestall - Bettmeralp und Riederalp","description":"Winterwandern am Aletsch. Geniessen Sie die Aussicht am Viewpoint Moosfluh und wandern Sie zum Restaurant Ch\u00fcestall bei grandioser Aussicht.","robots":{"index":"index","follow":"follow","max-snippet":"max-snippet:-1","max-image-preview":"max-image-preview:large","max-video-preview":"max-video-preview:-1"},"canonical":"https:\/\/ferienchalet-wallis.ch\/de\/winterwanderung-riederalp-chueestall\/","og_locale":"de_DE","og_type":"article","og_title":"Winterwanderung Riederalp Ch\u00fcestall - Bettmeralp und Riederalp","og_description":"Winterwandern am Aletsch. Geniessen Sie die Aussicht am Viewpoint Moosfluh und wandern Sie zum Restaurant Ch\u00fcestall bei grandioser Aussicht.","og_url":"https:\/\/ferienchalet-wallis.ch\/de\/winterwanderung-riederalp-chueestall\/","og_site_name":"Bettmeralp und Riederalp","article_published_time":"2025-03-06T15:27:40+00:00","article_modified_time":"2025-03-06T15:34:59+00:00","og_image":[{"width":2048,"height":1536,"url":"https:\/\/ferienchalet-wallis.ch\/wp-content\/uploads\/2025\/03\/Aletschgletscher_Viewpoint_Moosfluh.jpg","type":"image\/jpeg"}],"author":"WalliSaar","twitter_card":"summary_large_image","twitter_misc":{"Verfasst von":"WalliSaar","Gesch\u00e4tzte Lesezeit":"3\u00a0Minuten"},"schema":{"@context":"https:\/\/schema.org","@graph":[{"@type":"Article","@id":"https:\/\/ferienchalet-wallis.ch\/winterwanderung-riederalp-chueestall\/#article","isPartOf":{"@id":"https:\/\/ferienchalet-wallis.ch\/winterwanderung-riederalp-chueestall\/"},"author":{"name":"WalliSaar","@id":"https:\/\/ferienchalet-wallis.ch\/#\/schema\/person\/18b3f062b0514bc953799175b9bfdd2b"},"headline":"Winterwanderung Riederalp Ch\u00fcestall","datePublished":"2025-03-06T15:27:40+00:00","dateModified":"2025-03-06T15:34:59+00:00","mainEntityOfPage":{"@id":"https:\/\/ferienchalet-wallis.ch\/winterwanderung-riederalp-chueestall\/"},"wordCount":832,"publisher":{"@id":"https:\/\/ferienchalet-wallis.ch\/#organization"},"image":{"@id":"https:\/\/ferienchalet-wallis.ch\/winterwanderung-riederalp-chueestall\/#primaryimage"},"thumbnailUrl":"https:\/\/ferienchalet-wallis.ch\/wp-content\/uploads\/2025\/03\/Aletschgletscher_Viewpoint_Moosfluh.jpg","articleSection":["Aletsch","Riederalp","Winter"],"inLanguage":"de"},{"@type":"WebPage","@id":"https:\/\/ferienchalet-wallis.ch\/winterwanderung-riederalp-chueestall\/","url":"https:\/\/ferienchalet-wallis.ch\/winterwanderung-riederalp-chueestall\/","name":"Winterwanderung Riederalp Ch\u00fcestall - Bettmeralp und Riederalp","isPartOf":{"@id":"https:\/\/ferienchalet-wallis.ch\/#website"},"primaryImageOfPage":{"@id":"https:\/\/ferienchalet-wallis.ch\/winterwanderung-riederalp-chueestall\/#primaryimage"},"image":{"@id":"https:\/\/ferienchalet-wallis.ch\/winterwanderung-riederalp-chueestall\/#primaryimage"},"thumbnailUrl":"https:\/\/ferienchalet-wallis.ch\/wp-content\/uploads\/2025\/03\/Aletschgletscher_Viewpoint_Moosfluh.jpg","datePublished":"2025-03-06T15:27:40+00:00","dateModified":"2025-03-06T15:34:59+00:00","description":"Winterwandern am Aletsch. Geniessen Sie die Aussicht am Viewpoint Moosfluh und wandern Sie zum Restaurant Ch\u00fcestall bei grandioser Aussicht.","breadcrumb":{"@id":"https:\/\/ferienchalet-wallis.ch\/winterwanderung-riederalp-chueestall\/#breadcrumb"},"inLanguage":"de","potentialAction":[{"@type":"ReadAction","target":["https:\/\/ferienchalet-wallis.ch\/winterwanderung-riederalp-chueestall\/"]}]},{"@type":"ImageObject","inLanguage":"de","@id":"https:\/\/ferienchalet-wallis.ch\/winterwanderung-riederalp-chueestall\/#primaryimage","url":"https:\/\/ferienchalet-wallis.ch\/wp-content\/uploads\/2025\/03\/Aletschgletscher_Viewpoint_Moosfluh.jpg","contentUrl":"https:\/\/ferienchalet-wallis.ch\/wp-content\/uploads\/2025\/03\/Aletschgletscher_Viewpoint_Moosfluh.jpg","width":2048,"height":1536,"caption":"Aletschgletscher_Viewpoint_Moosfluh"},{"@type":"BreadcrumbList","@id":"https:\/\/ferienchalet-wallis.ch\/winterwanderung-riederalp-chueestall\/#breadcrumb","itemListElement":[{"@type":"ListItem","position":1,"name":"Home","item":"https:\/\/ferienchalet-wallis.ch\/"},{"@type":"ListItem","position":2,"name":"Winterwanderung Riederalp Ch\u00fcestall"}]},{"@type":"WebSite","@id":"https:\/\/ferienchalet-wallis.ch\/#website","url":"https:\/\/ferienchalet-wallis.ch\/","name":"Bettmeralp und Riederalp","description":"Kranzfelder Markus","publisher":{"@id":"https:\/\/ferienchalet-wallis.ch\/#organization"},"potentialAction":[{"@type":"SearchAction","target":{"@type":"EntryPoint","urlTemplate":"https:\/\/ferienchalet-wallis.ch\/?s={search_term_string}"},"query-input":{"@type":"PropertyValueSpecification","valueRequired":true,"valueName":"search_term_string"}}],"inLanguage":"de"},{"@type":"Organization","@id":"https:\/\/ferienchalet-wallis.ch\/#organization","name":"Liegenschaftsbetreuung \/ Vermietung \u2013 M. Kranzfelder","url":"https:\/\/ferienchalet-wallis.ch\/","logo":{"@type":"ImageObject","inLanguage":"de","@id":"https:\/\/ferienchalet-wallis.ch\/#\/schema\/logo\/image\/","url":"https:\/\/ferienchalet-wallis.ch\/wp-content\/uploads\/2022\/01\/Logo_Kranzfelder.png","contentUrl":"https:\/\/ferienchalet-wallis.ch\/wp-content\/uploads\/2022\/01\/Logo_Kranzfelder.png","width":1526,"height":447,"caption":"Liegenschaftsbetreuung \/ Vermietung \u2013 M. Kranzfelder"},"image":{"@id":"https:\/\/ferienchalet-wallis.ch\/#\/schema\/logo\/image\/"}},{"@type":"Person","@id":"https:\/\/ferienchalet-wallis.ch\/#\/schema\/person\/18b3f062b0514bc953799175b9bfdd2b","name":"WalliSaar","image":{"@type":"ImageObject","inLanguage":"de","@id":"https:\/\/secure.gravatar.com\/avatar\/1be7f9468eac0e02f655be9ab758a01ae5dc72d678841cc4898d463993c78d36?s=96&d=initials&r=g&initials=ru","url":"https:\/\/secure.gravatar.com\/avatar\/1be7f9468eac0e02f655be9ab758a01ae5dc72d678841cc4898d463993c78d36?s=96&d=initials&r=g&initials=ru","contentUrl":"https:\/\/secure.gravatar.com\/avatar\/1be7f9468eac0e02f655be9ab758a01ae5dc72d678841cc4898d463993c78d36?s=96&d=initials&r=g&initials=ru","caption":"WalliSaar"},"description":"Mein Name ist Anja Ruch und ich schreibe die Blogbeitr\u00e4ge f\u00fcr das Ehepaar Markus &amp; Tabitha Kranzfelder. Der Name WalliSaar gr\u00fcndet sich auf meinen Wurzeln im Saarland und den neuen im Wallis. My name is Anja Ruch and I write the blog entries for the Markus &amp; Tabitha Kranzfelder couple. The name WalliSaar shows the connection to my old roots in Saarland and the new ones in Valais.","sameAs":["https:\/\/www.ferienchalet-wallis.ch\/blog"],"url":"https:\/\/ferienchalet-wallis.ch\/de\/author\/wallisaar\/"}]}},"_links":{"self":[{"href":"https:\/\/ferienchalet-wallis.ch\/de\/wp-json\/wp\/v2\/posts\/2325","targetHints":{"allow":["GET"]}}],"collection":[{"href":"https:\/\/ferienchalet-wallis.ch\/de\/wp-json\/wp\/v2\/posts"}],"about":[{"href":"https:\/\/ferienchalet-wallis.ch\/de\/wp-json\/wp\/v2\/types\/post"}],"author":[{"embeddable":true,"href":"https:\/\/ferienchalet-wallis.ch\/de\/wp-json\/wp\/v2\/users\/3"}],"replies":[{"embeddable":true,"href":"https:\/\/ferienchalet-wallis.ch\/de\/wp-json\/wp\/v2\/comments?post=2325"}],"version-history":[{"count":4,"href":"https:\/\/ferienchalet-wallis.ch\/de\/wp-json\/wp\/v2\/posts\/2325\/revisions"}],"predecessor-version":[{"id":2331,"href":"https:\/\/ferienchalet-wallis.ch\/de\/wp-json\/wp\/v2\/posts\/2325\/revisions\/2331"}],"wp:featuredmedia":[{"embeddable":true,"href":"https:\/\/ferienchalet-wallis.ch\/de\/wp-json\/wp\/v2\/media\/2326"}],"wp:attachment":[{"href":"https:\/\/ferienchalet-wallis.ch\/de\/wp-json\/wp\/v2\/media?parent=2325"}],"wp:term":[{"taxonomy":"category","embeddable":true,"href":"https:\/\/ferienchalet-wallis.ch\/de\/wp-json\/wp\/v2\/categories?post=2325"},{"taxonomy":"post_tag","embeddable":true,"href":"https:\/\/ferienchalet-wallis.ch\/de\/wp-json\/wp\/v2\/tags?post=2325"}],"curies":[{"name":"wp","href":"https:\/\/api.w.org\/{rel}","templated":true}]}}