{"id":2357,"date":"2025-04-08T14:39:55","date_gmt":"2025-04-08T14:39:55","guid":{"rendered":"https:\/\/ferienchalet-wallis.ch\/?p=2357"},"modified":"2026-04-07T13:01:08","modified_gmt":"2026-04-07T13:01:08","slug":"skitouren-in-der-aletschregion","status":"publish","type":"post","link":"https:\/\/ferienchalet-wallis.ch\/de\/skitouren-in-der-aletschregion\/","title":{"rendered":"Skitouren in der Aletschregion"},"content":{"rendered":"\n<style type=\"text\/css\" data-created_by=\"avia_inline_auto\" id=\"style-css-av-m98lf7lw-b07dea8fce37d35f4853cb2efbff0927\">\n#top .av-special-heading.av-m98lf7lw-b07dea8fce37d35f4853cb2efbff0927{\npadding-bottom:10px;\n}\nbody .av-special-heading.av-m98lf7lw-b07dea8fce37d35f4853cb2efbff0927 .av-special-heading-tag .heading-char{\nfont-size:25px;\n}\n.av-special-heading.av-m98lf7lw-b07dea8fce37d35f4853cb2efbff0927 .av-subheading{\nfont-size:15px;\n}\n<\/style>\n<div  class='av-special-heading av-m98lf7lw-b07dea8fce37d35f4853cb2efbff0927 av-special-heading-h2  avia-builder-el-0  el_before_av_image  avia-builder-el-first '><h2 class='av-special-heading-tag'  itemprop=\"headline\"  >Zeit f\u00fcr Skitouren im Wallis<\/h2><div class=\"special-heading-border\"><div class=\"special-heading-inner-border\"><\/div><\/div><\/div>\n\n<style type=\"text\/css\" data-created_by=\"avia_inline_auto\" id=\"style-css-av-m98lutg4-36ade158d4d5486f447d551b22c1a2d5\">\n.avia-image-container.av-m98lutg4-36ade158d4d5486f447d551b22c1a2d5 .av-image-caption-overlay-center{\ncolor:#ffffff;\n}\n<\/style>\n<div  class='avia-image-container av-m98lutg4-36ade158d4d5486f447d551b22c1a2d5 av-styling- avia-align-center  avia-builder-el-1  el_after_av_heading  el_before_av_textblock '  itemprop=\"image\" itemscope=\"itemscope\" itemtype=\"https:\/\/schema.org\/ImageObject\" ><div class=\"avia-image-container-inner\"><div class=\"avia-image-overlay-wrap\"><img decoding=\"async\" class='wp-image-2358 avia-img-lazy-loading-not-2358 avia_image' src=\"https:\/\/ferienchalet-wallis.ch\/wp-content\/uploads\/2025\/04\/Skitouren-Wallis-Aletsch-1500x630.jpg\" alt='H\u00f6henweg Moosfluh - Riederfurka' title='H\u00f6henweg Moosfluh - Riederfurka'  height=\"630\" width=\"1500\"  itemprop=\"thumbnailUrl\"  \/><\/div><\/div><\/div>\n<section  class='av_textblock_section av-m98lqvv3-6e86badc51f7888cdf4a5a3e8c86d5d7'  itemscope=\"itemscope\" itemtype=\"https:\/\/schema.org\/BlogPosting\" itemprop=\"blogPost\" ><div class='avia_textblock'  itemprop=\"text\" ><p>Skitouring erfreut sich immer gr\u00f6sserer Beliebtheit und hat sich zu einem Trendsport entwickelt. Man muss zwar fr\u00fch los, hat daf\u00fcr aber auch ein intensives Natur- und Sporterlebnis. Wer Skitouren will, sollte eine gute Kondition haben und regelm\u00e4ssig seine Skigymnastik machen, um Beine und R\u00fccken zu st\u00e4rken. Auch der Umgang mit der Ausr\u00fcstung und Lawinenkunde sind wichtige Sicherheitsaspekte. Grunds\u00e4tzlich sollte man das Skifahren neben der Piste beherrschen.<\/p>\n<h3>Skitouren f\u00fcr Anf\u00e4nger<\/h3>\n<p>Die Aletsch Arena bietet Skitouren in Begleitung eines erfahrenen Bergf\u00fchrers an. Angebote gibt\u2019s bis in den April. Da die Skisaison am Ostermontag endet, wird es Zeit, dieses Angebot einmal zu probieren. Am besten gleich bei einer erfahrenen <a href=\"https:\/\/www.bergsteigerschule-riederalp.ch\/de\/angebot-winter.html\" target=\"_blank\" rel=\"noopener\">Bergsteigerschule<\/a> buchen. Die Preise beginnen <a href=\"https:\/\/www.aletscharena.ch\/planen-buchen\/angebote-erlebnisse\/angebot\/skitour-zu-den-katzenloechern\" target=\"_blank\" rel=\"noopener\">bei 180 CHF zu den Katzenl\u00f6chern<\/a>. Im Oktober 2023 sind wir diese Tour Richtung Katzenl\u00f6cher <a href=\"https:\/\/ferienchalet-wallis.ch\/rundwanderung-richtung-chatzulecher\/\">gewandert<\/a> und wie immer mit ph\u00e4nomenaler Aussicht auf den Aletschgletscher belohnt worden.<\/p>\n<h3>Touren f\u00fcr erfahrene Skitourengeher<\/h3>\n<p>Beim Nachforschen zum Thema Bergsport, nutze ich gerne die Webseite <a href=\"https:\/\/www.outdooractive.com\/de\/\" target=\"_blank\" rel=\"noopener\">outdooractive.com<\/a>. Auch f\u00fcr die Wintersportart Skitouring finden sich <a href=\"https:\/\/www.outdooractive.com\/de\/skitouren\/bettmeralp\/skitouren-in-betten\/24525851\/\" target=\"_blank\" rel=\"noopener\">im Wallis 10 Skirouten von leicht bis schwer<\/a>. Als leichte Skitour mit Zustieg ab der Bettmeralp ist zum Beispiel der Rotstock-Nordgipfel und ab der Riederalp das Geisshorn gelistet. Egal f\u00fcr welche Tour Sie sich entscheiden, die Walliser Bergwelt wird Sie beeindrucken.<\/p>\n<p><em>Wenn iner Morger\u00fceh en n\u00f6ie Tag erwacht, j\u00fctz ich embr\u00fcf zum Himmilszelt, \u00fcs teifer Freid aner B\u00e4\u00e4rgwelt<\/em><\/p>\n<\/div><\/section>\n<div class='flex_column av-8hcf4l-b6eb26d420a00fe2ab75675b3cd6ece0 av_one_half  avia-builder-el-3  el_after_av_textblock  avia-builder-el-last  first flex_column_div column-top-margin'   ><p><div  class='av-post-metadata-container av-6vny1h-e6899cdb648fcb290d1514630fd974b1 av-metadata-container-align-left  avia-builder-el-4  el_before_av_social_share  avia-builder-el-first  av-metadata-container-1'><div class='av-post-metadata-container-inner'><span class=\"av-post-metadata-content av-post-metadata-meta-content\"><span class=\"av-post-metadata-content av-post-metadata-author\"  itemprop=\"author\" ><span class=\"av-metadata-before av-metadata-before-author\">von<\/span><span class=\"av-post-metadata-author-link\" ><a href=\"https:\/\/ferienchalet-wallis.ch\/de\/author\/wallisaar\/\"  rel=\"author\">WalliSaar<\/a><\/span><\/span><span class=\"av-post-metadata-content av-post-metadata-separator\">\/<\/span><span class=\"av-post-metadata-content av-post-metadata-published\"><span class=\"av-post-metadata-published-date\" >April 8, 2025<\/span><\/span><\/span><\/div><\/div><br \/>\n<div  class='av-social-sharing-box av-2du43p-1ddae92564e6b7cc811930439ab33078 av-social-sharing-box-circle  avia-builder-el-5  el_after_av_post_metadata  avia-builder-el-last  av-social-sharing-box-color-bg av-social-sharing-box-same-width'><div class=\"av-share-box\"><h5 class='av-share-link-description av-no-toc '>Eintrag teilen<\/h5><ul class=\"av-share-box-list noLightbox\"><li class='av-share-link av-social-link-whatsapp' ><a target=\"_blank\" aria-label=\"Teilen auf WhatsApp\" href='https:\/\/api.whatsapp.com\/send?text=https:\/\/ferienchalet-wallis.ch\/de\/skitouren-in-der-aletschregion\/' aria-hidden='false' data-av_icon='\uf232' data-av_iconfont='entypo-fontello' title='' data-avia-related-tooltip='Teilen auf WhatsApp' rel=\"noopener\"><span class='avia_hidden_link_text'>Teilen auf WhatsApp<\/span><\/a><\/li><\/ul><\/div><\/div><\/p><\/div>\n","protected":false},"excerpt":{"rendered":"","protected":false},"author":3,"featured_media":2358,"comment_status":"closed","ping_status":"closed","sticky":false,"template":"","format":"standard","meta":{"footnotes":""},"categories":[6,26,18],"tags":[],"class_list":["post-2357","post","type-post","status-publish","format-standard","has-post-thumbnail","hentry","category-aletsch","category-skitouring","category-wintersport"],"yoast_head":"<!-- This site is optimized with the Yoast SEO plugin v27.4 - https:\/\/yoast.com\/product\/yoast-seo-wordpress\/ -->\n<title>Skitouren in der Aletschregion - Bettmeralp und Riederalp<\/title>\n<meta name=\"description\" content=\"Skitouren im Wallis. Am Aletschgletscher zum Geisshorn touren. Als Anf\u00e4nger mit eine Skitour mit Bergf\u00fchrer buchen.\" \/>\n<meta name=\"robots\" content=\"index, follow, max-snippet:-1, max-image-preview:large, max-video-preview:-1\" \/>\n<link rel=\"canonical\" href=\"https:\/\/ferienchalet-wallis.ch\/de\/skitouren-in-der-aletschregion\/\" \/>\n<meta property=\"og:locale\" content=\"de_DE\" \/>\n<meta property=\"og:type\" content=\"article\" \/>\n<meta property=\"og:title\" content=\"Skitouren in der Aletschregion - Bettmeralp und Riederalp\" \/>\n<meta property=\"og:description\" content=\"Skitouren im Wallis. Am Aletschgletscher zum Geisshorn touren. Als Anf\u00e4nger mit eine Skitour mit Bergf\u00fchrer buchen.\" \/>\n<meta property=\"og:url\" content=\"https:\/\/ferienchalet-wallis.ch\/de\/skitouren-in-der-aletschregion\/\" \/>\n<meta property=\"og:site_name\" content=\"Bettmeralp und Riederalp\" \/>\n<meta property=\"article:published_time\" content=\"2025-04-08T14:39:55+00:00\" \/>\n<meta property=\"article:modified_time\" content=\"2026-04-07T13:01:08+00:00\" \/>\n<meta property=\"og:image\" content=\"https:\/\/ferienchalet-wallis.ch\/wp-content\/uploads\/2025\/04\/Skitouren-Wallis-Aletsch-e1771250215587.jpg\" \/>\n\t<meta property=\"og:image:width\" content=\"1600\" \/>\n\t<meta property=\"og:image:height\" content=\"1068\" \/>\n\t<meta property=\"og:image:type\" content=\"image\/jpeg\" \/>\n<meta name=\"author\" content=\"WalliSaar\" \/>\n<meta name=\"twitter:card\" content=\"summary_large_image\" \/>\n<meta name=\"twitter:label1\" content=\"Verfasst von\" \/>\n\t<meta name=\"twitter:data1\" content=\"WalliSaar\" \/>\n\t<meta name=\"twitter:label2\" content=\"Gesch\u00e4tzte Lesezeit\" \/>\n\t<meta name=\"twitter:data2\" content=\"3\u00a0Minuten\" \/>\n<script type=\"application\/ld+json\" class=\"yoast-schema-graph\">{\"@context\":\"https:\\\/\\\/schema.org\",\"@graph\":[{\"@type\":\"Article\",\"@id\":\"https:\\\/\\\/ferienchalet-wallis.ch\\\/skitouren-in-der-aletschregion\\\/#article\",\"isPartOf\":{\"@id\":\"https:\\\/\\\/ferienchalet-wallis.ch\\\/skitouren-in-der-aletschregion\\\/\"},\"author\":{\"name\":\"WalliSaar\",\"@id\":\"https:\\\/\\\/ferienchalet-wallis.ch\\\/#\\\/schema\\\/person\\\/18b3f062b0514bc953799175b9bfdd2b\"},\"headline\":\"Skitouren in der Aletschregion\",\"datePublished\":\"2025-04-08T14:39:55+00:00\",\"dateModified\":\"2026-04-07T13:01:08+00:00\",\"mainEntityOfPage\":{\"@id\":\"https:\\\/\\\/ferienchalet-wallis.ch\\\/skitouren-in-der-aletschregion\\\/\"},\"wordCount\":790,\"publisher\":{\"@id\":\"https:\\\/\\\/ferienchalet-wallis.ch\\\/#organization\"},\"image\":{\"@id\":\"https:\\\/\\\/ferienchalet-wallis.ch\\\/skitouren-in-der-aletschregion\\\/#primaryimage\"},\"thumbnailUrl\":\"https:\\\/\\\/ferienchalet-wallis.ch\\\/wp-content\\\/uploads\\\/2025\\\/04\\\/Skitouren-Wallis-Aletsch-e1771250215587.jpg\",\"articleSection\":[\"Aletsch\",\"Skitouring\",\"Wintersport\"],\"inLanguage\":\"de\"},{\"@type\":\"WebPage\",\"@id\":\"https:\\\/\\\/ferienchalet-wallis.ch\\\/skitouren-in-der-aletschregion\\\/\",\"url\":\"https:\\\/\\\/ferienchalet-wallis.ch\\\/skitouren-in-der-aletschregion\\\/\",\"name\":\"Skitouren in der Aletschregion - Bettmeralp und Riederalp\",\"isPartOf\":{\"@id\":\"https:\\\/\\\/ferienchalet-wallis.ch\\\/#website\"},\"primaryImageOfPage\":{\"@id\":\"https:\\\/\\\/ferienchalet-wallis.ch\\\/skitouren-in-der-aletschregion\\\/#primaryimage\"},\"image\":{\"@id\":\"https:\\\/\\\/ferienchalet-wallis.ch\\\/skitouren-in-der-aletschregion\\\/#primaryimage\"},\"thumbnailUrl\":\"https:\\\/\\\/ferienchalet-wallis.ch\\\/wp-content\\\/uploads\\\/2025\\\/04\\\/Skitouren-Wallis-Aletsch-e1771250215587.jpg\",\"datePublished\":\"2025-04-08T14:39:55+00:00\",\"dateModified\":\"2026-04-07T13:01:08+00:00\",\"description\":\"Skitouren im Wallis. Am Aletschgletscher zum Geisshorn touren. Als Anf\u00e4nger mit eine Skitour mit Bergf\u00fchrer buchen.\",\"breadcrumb\":{\"@id\":\"https:\\\/\\\/ferienchalet-wallis.ch\\\/skitouren-in-der-aletschregion\\\/#breadcrumb\"},\"inLanguage\":\"de\",\"potentialAction\":[{\"@type\":\"ReadAction\",\"target\":[\"https:\\\/\\\/ferienchalet-wallis.ch\\\/skitouren-in-der-aletschregion\\\/\"]}]},{\"@type\":\"ImageObject\",\"inLanguage\":\"de\",\"@id\":\"https:\\\/\\\/ferienchalet-wallis.ch\\\/skitouren-in-der-aletschregion\\\/#primaryimage\",\"url\":\"https:\\\/\\\/ferienchalet-wallis.ch\\\/wp-content\\\/uploads\\\/2025\\\/04\\\/Skitouren-Wallis-Aletsch-e1771250215587.jpg\",\"contentUrl\":\"https:\\\/\\\/ferienchalet-wallis.ch\\\/wp-content\\\/uploads\\\/2025\\\/04\\\/Skitouren-Wallis-Aletsch-e1771250215587.jpg\",\"width\":1600,\"height\":1068,\"caption\":\"Skitouren-Wallis-Aletsch\"},{\"@type\":\"BreadcrumbList\",\"@id\":\"https:\\\/\\\/ferienchalet-wallis.ch\\\/skitouren-in-der-aletschregion\\\/#breadcrumb\",\"itemListElement\":[{\"@type\":\"ListItem\",\"position\":1,\"name\":\"Home\",\"item\":\"https:\\\/\\\/ferienchalet-wallis.ch\\\/\"},{\"@type\":\"ListItem\",\"position\":2,\"name\":\"Skitouren in der Aletschregion\"}]},{\"@type\":\"WebSite\",\"@id\":\"https:\\\/\\\/ferienchalet-wallis.ch\\\/#website\",\"url\":\"https:\\\/\\\/ferienchalet-wallis.ch\\\/\",\"name\":\"Bettmeralp und Riederalp\",\"description\":\"Kranzfelder Markus\",\"publisher\":{\"@id\":\"https:\\\/\\\/ferienchalet-wallis.ch\\\/#organization\"},\"potentialAction\":[{\"@type\":\"SearchAction\",\"target\":{\"@type\":\"EntryPoint\",\"urlTemplate\":\"https:\\\/\\\/ferienchalet-wallis.ch\\\/?s={search_term_string}\"},\"query-input\":{\"@type\":\"PropertyValueSpecification\",\"valueRequired\":true,\"valueName\":\"search_term_string\"}}],\"inLanguage\":\"de\"},{\"@type\":\"Organization\",\"@id\":\"https:\\\/\\\/ferienchalet-wallis.ch\\\/#organization\",\"name\":\"Liegenschaftsbetreuung \\\/ Vermietung \u2013 M. Kranzfelder\",\"url\":\"https:\\\/\\\/ferienchalet-wallis.ch\\\/\",\"logo\":{\"@type\":\"ImageObject\",\"inLanguage\":\"de\",\"@id\":\"https:\\\/\\\/ferienchalet-wallis.ch\\\/#\\\/schema\\\/logo\\\/image\\\/\",\"url\":\"https:\\\/\\\/ferienchalet-wallis.ch\\\/wp-content\\\/uploads\\\/2022\\\/01\\\/Logo_Kranzfelder.png\",\"contentUrl\":\"https:\\\/\\\/ferienchalet-wallis.ch\\\/wp-content\\\/uploads\\\/2022\\\/01\\\/Logo_Kranzfelder.png\",\"width\":1526,\"height\":447,\"caption\":\"Liegenschaftsbetreuung \\\/ Vermietung \u2013 M. Kranzfelder\"},\"image\":{\"@id\":\"https:\\\/\\\/ferienchalet-wallis.ch\\\/#\\\/schema\\\/logo\\\/image\\\/\"}},{\"@type\":\"Person\",\"@id\":\"https:\\\/\\\/ferienchalet-wallis.ch\\\/#\\\/schema\\\/person\\\/18b3f062b0514bc953799175b9bfdd2b\",\"name\":\"WalliSaar\",\"image\":{\"@type\":\"ImageObject\",\"inLanguage\":\"de\",\"@id\":\"https:\\\/\\\/secure.gravatar.com\\\/avatar\\\/1be7f9468eac0e02f655be9ab758a01ae5dc72d678841cc4898d463993c78d36?s=96&d=initials&r=g&initials=ru\",\"url\":\"https:\\\/\\\/secure.gravatar.com\\\/avatar\\\/1be7f9468eac0e02f655be9ab758a01ae5dc72d678841cc4898d463993c78d36?s=96&d=initials&r=g&initials=ru\",\"contentUrl\":\"https:\\\/\\\/secure.gravatar.com\\\/avatar\\\/1be7f9468eac0e02f655be9ab758a01ae5dc72d678841cc4898d463993c78d36?s=96&d=initials&r=g&initials=ru\",\"caption\":\"WalliSaar\"},\"description\":\"Mein Name ist Anja Ruch und ich schreibe die Blogbeitr\u00e4ge f\u00fcr das Ehepaar Markus &amp; Tabitha Kranzfelder. Der Name WalliSaar gr\u00fcndet sich auf meinen Wurzeln im Saarland und den neuen im Wallis. My name is Anja Ruch and I write the blog entries for the Markus &amp; Tabitha Kranzfelder couple. The name WalliSaar shows the connection to my old roots in Saarland and the new ones in Valais.\",\"sameAs\":[\"https:\\\/\\\/www.ferienchalet-wallis.ch\\\/blog\"],\"url\":\"https:\\\/\\\/ferienchalet-wallis.ch\\\/de\\\/author\\\/wallisaar\\\/\"}]}<\/script>\n<!-- \/ Yoast SEO plugin. -->","yoast_head_json":{"title":"Skitouren in der Aletschregion - Bettmeralp und Riederalp","description":"Skitouren im Wallis. Am Aletschgletscher zum Geisshorn touren. Als Anf\u00e4nger mit eine Skitour mit Bergf\u00fchrer buchen.","robots":{"index":"index","follow":"follow","max-snippet":"max-snippet:-1","max-image-preview":"max-image-preview:large","max-video-preview":"max-video-preview:-1"},"canonical":"https:\/\/ferienchalet-wallis.ch\/de\/skitouren-in-der-aletschregion\/","og_locale":"de_DE","og_type":"article","og_title":"Skitouren in der Aletschregion - Bettmeralp und Riederalp","og_description":"Skitouren im Wallis. Am Aletschgletscher zum Geisshorn touren. Als Anf\u00e4nger mit eine Skitour mit Bergf\u00fchrer buchen.","og_url":"https:\/\/ferienchalet-wallis.ch\/de\/skitouren-in-der-aletschregion\/","og_site_name":"Bettmeralp und Riederalp","article_published_time":"2025-04-08T14:39:55+00:00","article_modified_time":"2026-04-07T13:01:08+00:00","og_image":[{"width":1600,"height":1068,"url":"https:\/\/ferienchalet-wallis.ch\/wp-content\/uploads\/2025\/04\/Skitouren-Wallis-Aletsch-e1771250215587.jpg","type":"image\/jpeg"}],"author":"WalliSaar","twitter_card":"summary_large_image","twitter_misc":{"Verfasst von":"WalliSaar","Gesch\u00e4tzte Lesezeit":"3\u00a0Minuten"},"schema":{"@context":"https:\/\/schema.org","@graph":[{"@type":"Article","@id":"https:\/\/ferienchalet-wallis.ch\/skitouren-in-der-aletschregion\/#article","isPartOf":{"@id":"https:\/\/ferienchalet-wallis.ch\/skitouren-in-der-aletschregion\/"},"author":{"name":"WalliSaar","@id":"https:\/\/ferienchalet-wallis.ch\/#\/schema\/person\/18b3f062b0514bc953799175b9bfdd2b"},"headline":"Skitouren in der Aletschregion","datePublished":"2025-04-08T14:39:55+00:00","dateModified":"2026-04-07T13:01:08+00:00","mainEntityOfPage":{"@id":"https:\/\/ferienchalet-wallis.ch\/skitouren-in-der-aletschregion\/"},"wordCount":790,"publisher":{"@id":"https:\/\/ferienchalet-wallis.ch\/#organization"},"image":{"@id":"https:\/\/ferienchalet-wallis.ch\/skitouren-in-der-aletschregion\/#primaryimage"},"thumbnailUrl":"https:\/\/ferienchalet-wallis.ch\/wp-content\/uploads\/2025\/04\/Skitouren-Wallis-Aletsch-e1771250215587.jpg","articleSection":["Aletsch","Skitouring","Wintersport"],"inLanguage":"de"},{"@type":"WebPage","@id":"https:\/\/ferienchalet-wallis.ch\/skitouren-in-der-aletschregion\/","url":"https:\/\/ferienchalet-wallis.ch\/skitouren-in-der-aletschregion\/","name":"Skitouren in der Aletschregion - Bettmeralp und Riederalp","isPartOf":{"@id":"https:\/\/ferienchalet-wallis.ch\/#website"},"primaryImageOfPage":{"@id":"https:\/\/ferienchalet-wallis.ch\/skitouren-in-der-aletschregion\/#primaryimage"},"image":{"@id":"https:\/\/ferienchalet-wallis.ch\/skitouren-in-der-aletschregion\/#primaryimage"},"thumbnailUrl":"https:\/\/ferienchalet-wallis.ch\/wp-content\/uploads\/2025\/04\/Skitouren-Wallis-Aletsch-e1771250215587.jpg","datePublished":"2025-04-08T14:39:55+00:00","dateModified":"2026-04-07T13:01:08+00:00","description":"Skitouren im Wallis. Am Aletschgletscher zum Geisshorn touren. Als Anf\u00e4nger mit eine Skitour mit Bergf\u00fchrer buchen.","breadcrumb":{"@id":"https:\/\/ferienchalet-wallis.ch\/skitouren-in-der-aletschregion\/#breadcrumb"},"inLanguage":"de","potentialAction":[{"@type":"ReadAction","target":["https:\/\/ferienchalet-wallis.ch\/skitouren-in-der-aletschregion\/"]}]},{"@type":"ImageObject","inLanguage":"de","@id":"https:\/\/ferienchalet-wallis.ch\/skitouren-in-der-aletschregion\/#primaryimage","url":"https:\/\/ferienchalet-wallis.ch\/wp-content\/uploads\/2025\/04\/Skitouren-Wallis-Aletsch-e1771250215587.jpg","contentUrl":"https:\/\/ferienchalet-wallis.ch\/wp-content\/uploads\/2025\/04\/Skitouren-Wallis-Aletsch-e1771250215587.jpg","width":1600,"height":1068,"caption":"Skitouren-Wallis-Aletsch"},{"@type":"BreadcrumbList","@id":"https:\/\/ferienchalet-wallis.ch\/skitouren-in-der-aletschregion\/#breadcrumb","itemListElement":[{"@type":"ListItem","position":1,"name":"Home","item":"https:\/\/ferienchalet-wallis.ch\/"},{"@type":"ListItem","position":2,"name":"Skitouren in der Aletschregion"}]},{"@type":"WebSite","@id":"https:\/\/ferienchalet-wallis.ch\/#website","url":"https:\/\/ferienchalet-wallis.ch\/","name":"Bettmeralp und Riederalp","description":"Kranzfelder Markus","publisher":{"@id":"https:\/\/ferienchalet-wallis.ch\/#organization"},"potentialAction":[{"@type":"SearchAction","target":{"@type":"EntryPoint","urlTemplate":"https:\/\/ferienchalet-wallis.ch\/?s={search_term_string}"},"query-input":{"@type":"PropertyValueSpecification","valueRequired":true,"valueName":"search_term_string"}}],"inLanguage":"de"},{"@type":"Organization","@id":"https:\/\/ferienchalet-wallis.ch\/#organization","name":"Liegenschaftsbetreuung \/ Vermietung \u2013 M. Kranzfelder","url":"https:\/\/ferienchalet-wallis.ch\/","logo":{"@type":"ImageObject","inLanguage":"de","@id":"https:\/\/ferienchalet-wallis.ch\/#\/schema\/logo\/image\/","url":"https:\/\/ferienchalet-wallis.ch\/wp-content\/uploads\/2022\/01\/Logo_Kranzfelder.png","contentUrl":"https:\/\/ferienchalet-wallis.ch\/wp-content\/uploads\/2022\/01\/Logo_Kranzfelder.png","width":1526,"height":447,"caption":"Liegenschaftsbetreuung \/ Vermietung \u2013 M. Kranzfelder"},"image":{"@id":"https:\/\/ferienchalet-wallis.ch\/#\/schema\/logo\/image\/"}},{"@type":"Person","@id":"https:\/\/ferienchalet-wallis.ch\/#\/schema\/person\/18b3f062b0514bc953799175b9bfdd2b","name":"WalliSaar","image":{"@type":"ImageObject","inLanguage":"de","@id":"https:\/\/secure.gravatar.com\/avatar\/1be7f9468eac0e02f655be9ab758a01ae5dc72d678841cc4898d463993c78d36?s=96&d=initials&r=g&initials=ru","url":"https:\/\/secure.gravatar.com\/avatar\/1be7f9468eac0e02f655be9ab758a01ae5dc72d678841cc4898d463993c78d36?s=96&d=initials&r=g&initials=ru","contentUrl":"https:\/\/secure.gravatar.com\/avatar\/1be7f9468eac0e02f655be9ab758a01ae5dc72d678841cc4898d463993c78d36?s=96&d=initials&r=g&initials=ru","caption":"WalliSaar"},"description":"Mein Name ist Anja Ruch und ich schreibe die Blogbeitr\u00e4ge f\u00fcr das Ehepaar Markus &amp; Tabitha Kranzfelder. Der Name WalliSaar gr\u00fcndet sich auf meinen Wurzeln im Saarland und den neuen im Wallis. My name is Anja Ruch and I write the blog entries for the Markus &amp; Tabitha Kranzfelder couple. The name WalliSaar shows the connection to my old roots in Saarland and the new ones in Valais.","sameAs":["https:\/\/www.ferienchalet-wallis.ch\/blog"],"url":"https:\/\/ferienchalet-wallis.ch\/de\/author\/wallisaar\/"}]}},"_links":{"self":[{"href":"https:\/\/ferienchalet-wallis.ch\/de\/wp-json\/wp\/v2\/posts\/2357","targetHints":{"allow":["GET"]}}],"collection":[{"href":"https:\/\/ferienchalet-wallis.ch\/de\/wp-json\/wp\/v2\/posts"}],"about":[{"href":"https:\/\/ferienchalet-wallis.ch\/de\/wp-json\/wp\/v2\/types\/post"}],"author":[{"embeddable":true,"href":"https:\/\/ferienchalet-wallis.ch\/de\/wp-json\/wp\/v2\/users\/3"}],"replies":[{"embeddable":true,"href":"https:\/\/ferienchalet-wallis.ch\/de\/wp-json\/wp\/v2\/comments?post=2357"}],"version-history":[{"count":7,"href":"https:\/\/ferienchalet-wallis.ch\/de\/wp-json\/wp\/v2\/posts\/2357\/revisions"}],"predecessor-version":[{"id":3014,"href":"https:\/\/ferienchalet-wallis.ch\/de\/wp-json\/wp\/v2\/posts\/2357\/revisions\/3014"}],"wp:featuredmedia":[{"embeddable":true,"href":"https:\/\/ferienchalet-wallis.ch\/de\/wp-json\/wp\/v2\/media\/2358"}],"wp:attachment":[{"href":"https:\/\/ferienchalet-wallis.ch\/de\/wp-json\/wp\/v2\/media?parent=2357"}],"wp:term":[{"taxonomy":"category","embeddable":true,"href":"https:\/\/ferienchalet-wallis.ch\/de\/wp-json\/wp\/v2\/categories?post=2357"},{"taxonomy":"post_tag","embeddable":true,"href":"https:\/\/ferienchalet-wallis.ch\/de\/wp-json\/wp\/v2\/tags?post=2357"}],"curies":[{"name":"wp","href":"https:\/\/api.w.org\/{rel}","templated":true}]}}