{"id":2398,"date":"2025-05-27T13:42:51","date_gmt":"2025-05-27T13:42:51","guid":{"rendered":"https:\/\/ferienchalet-wallis.ch\/?p=2398"},"modified":"2025-05-27T13:52:36","modified_gmt":"2025-05-27T13:52:36","slug":"birkhahn-wochenende-am-14-juni-2025","status":"publish","type":"post","link":"https:\/\/ferienchalet-wallis.ch\/de\/birkhahn-wochenende-am-14-juni-2025\/","title":{"rendered":"Birkhahn-Wochenende am 14. Juni 2025"},"content":{"rendered":"\n<style type=\"text\/css\" data-created_by=\"avia_inline_auto\" id=\"style-css-av-apmq32-5b253520d3810f8a8cbd7b522f913ebb\">\n#top .av-special-heading.av-apmq32-5b253520d3810f8a8cbd7b522f913ebb{\npadding-bottom:10px;\n}\nbody .av-special-heading.av-apmq32-5b253520d3810f8a8cbd7b522f913ebb .av-special-heading-tag .heading-char{\nfont-size:25px;\n}\n.av-special-heading.av-apmq32-5b253520d3810f8a8cbd7b522f913ebb .av-subheading{\nfont-size:15px;\n}\n<\/style>\n<div  class='av-special-heading av-apmq32-5b253520d3810f8a8cbd7b522f913ebb av-special-heading-h2  avia-builder-el-0  el_before_av_image  avia-builder-el-first '><h2 class='av-special-heading-tag'  itemprop=\"headline\"  >Birkh\u00e4hne beobachten<\/h2><div class=\"special-heading-border\"><div class=\"special-heading-inner-border\"><\/div><\/div><\/div>\n\n<style type=\"text\/css\" data-created_by=\"avia_inline_auto\" id=\"style-css-av-mb6k8khd-712a9d9e18fed52a483ed01c11d2053c\">\n.avia-image-container.av-mb6k8khd-712a9d9e18fed52a483ed01c11d2053c .av-image-caption-overlay-center{\ncolor:#ffffff;\n}\n<\/style>\n<div  class='avia-image-container av-mb6k8khd-712a9d9e18fed52a483ed01c11d2053c av-styling- avia-align-center  avia-builder-el-1  el_after_av_heading  el_before_av_textblock '  itemprop=\"image\" itemscope=\"itemscope\" itemtype=\"https:\/\/schema.org\/ImageObject\" ><div class=\"avia-image-container-inner\"><div class=\"avia-image-overlay-wrap\"><img decoding=\"async\" class='wp-image-2399 avia-img-lazy-loading-not-2399 avia_image' src=\"https:\/\/ferienchalet-wallis.ch\/wp-content\/uploads\/2025\/05\/Aletschwald-1500x630.jpg\" alt='Aletschwald' title='Aletschwald'  height=\"630\" width=\"1500\"  itemprop=\"thumbnailUrl\"  \/><\/div><\/div><\/div>\n<section  class='av_textblock_section av-mb6kc4m3-52ae3a0872dda04d2586c455352b693b'  itemscope=\"itemscope\" itemtype=\"https:\/\/schema.org\/BlogPosting\" itemprop=\"blogPost\" ><div class='avia_textblock'  itemprop=\"text\" ><p>Und nochmal Natur pur. Pro Natura am Aletsch bietet ein Wochenende mit dem Birkhahn an, um dessen Lebensraum und Verhaltensweise zu beobachten. Ich muss ehrlich sagen: ich habe \u00fcberhaupt keine Ahnung, was den Birkhahn betrifft. Also habe ich erstmal ein bisschen recherchiert.<\/p>\n<h3>Der Birkhahn kurz vorgestellt<\/h3>\n<p>Der Birkhahn ordnet man den Rauhfussh\u00fchnern zu wegen den gefiederten F\u00fcssen. Das M\u00e4nnchen ist gr\u00f6sser als das Weibchen und hat wie immer h\u00fcbschere Federn. Der Hahn kullert beim Rufen w\u00e4hrend der Balz, was kilometerweit zu h\u00f6ren ist. Das Nahrungsangebot reicht von Knospen und Bl\u00fcten \u00fcber Insekten und Spinnen. Die Henne legt 7 bis 10 Eier von Ende Mai bis Anfang Juni. Die K\u00fcken sind schon nach 4 Wochen selbst\u00e4ndig. Und wenn sich der Birkhahn mit seiner Angebeteten gepaart hat, interessiert ihn alles Weitere nicht die Bohne. Weder Nestbau noch Brutpflege. Naja.. nicht alle Vogelpaare verhalten sich gleich, was?<\/p>\n<p>Weitere spezifische Merkmale finden Sie auf der <a href=\"https:\/\/www.vogelwarte.ch\/de\/voegel-der-schweiz\/birkhuhn\/\" target=\"_blank\" rel=\"noopener\">Schweizer Vogelwarte Webseite.<\/a> Dort k\u00f6nnen Sie sich auch den Ruf des Birkhahns anh\u00f6ren.<\/p>\n<p>Leider ist der Kurs bei <a href=\"https:\/\/www.pronatura-aletsch.ch\/de\/birkhahn-wochenende?startDate=14.06.2025&amp;endDate=15.06.2025\" target=\"_blank\" rel=\"noopener\">Pro Natura Zentrum Aletsch<\/a> bereits ausgebucht. Trotzdem empfehle ich einen Anruf zwecks Teilnahme und Sie \u00fcbernachten einfach in einer der <a href=\"https:\/\/ferienchalet-wallis.ch\/verfuegbarkeiten\/\" target=\"_blank\" rel=\"noopener\">freien Ferienwohnungen<\/a>.<\/p>\n<p><em>Im B\u00f6imschlag gar lieblich m\u00e4ngs Vogeldi singt<\/em><\/p>\n<\/div><\/section>\n<div class='flex_column av-8npbwe-e611a3eb17b259e8a7b0642fb58b79ff av_one_half  avia-builder-el-3  el_after_av_textblock  avia-builder-el-last  first flex_column_div column-top-margin'   ><p><div  class='av-post-metadata-container av-6u3d1a-2e8787a6b8c8b267c2d59e9f846091f3 av-metadata-container-align-left  avia-builder-el-4  el_before_av_social_share  avia-builder-el-first  av-metadata-container-1'><div class='av-post-metadata-container-inner'><span class=\"av-post-metadata-content av-post-metadata-meta-content\"><span class=\"av-post-metadata-content av-post-metadata-author\"  itemprop=\"author\" ><span class=\"av-metadata-before av-metadata-before-author\">von<\/span><span class=\"av-post-metadata-author-link\" ><a href=\"https:\/\/ferienchalet-wallis.ch\/de\/author\/wallisaar\/\"  rel=\"author\">WalliSaar<\/a><\/span><\/span><span class=\"av-post-metadata-content av-post-metadata-separator\">\/<\/span><span class=\"av-post-metadata-content av-post-metadata-published\"><span class=\"av-post-metadata-published-date\" >Mai 27, 2025<\/span><\/span><\/span><\/div><\/div><br \/>\n<div  class='av-social-sharing-box av-2vqeku-de06fcd389b7dd1fa6e3d409a2565c7a av-social-sharing-box-circle  avia-builder-el-5  el_after_av_post_metadata  avia-builder-el-last  av-social-sharing-box-color-bg av-social-sharing-box-same-width'><div class=\"av-share-box\"><h5 class='av-share-link-description av-no-toc '>Eintrag teilen<\/h5><ul class=\"av-share-box-list noLightbox\"><li class='av-share-link av-social-link-whatsapp' ><a target=\"_blank\" aria-label=\"Teilen auf WhatsApp\" href='https:\/\/api.whatsapp.com\/send?text=https:\/\/ferienchalet-wallis.ch\/de\/birkhahn-wochenende-am-14-juni-2025\/' aria-hidden='false' data-av_icon='\uf232' data-av_iconfont='entypo-fontello' title='' data-avia-related-tooltip='Teilen auf WhatsApp' rel=\"noopener\"><span class='avia_hidden_link_text'>Teilen auf WhatsApp<\/span><\/a><\/li><\/ul><\/div><\/div><\/p><\/div>\n","protected":false},"excerpt":{"rendered":"","protected":false},"author":3,"featured_media":2399,"comment_status":"closed","ping_status":"closed","sticky":false,"template":"","format":"standard","meta":{"footnotes":""},"categories":[6,27],"tags":[],"class_list":["post-2398","post","type-post","status-publish","format-standard","has-post-thumbnail","hentry","category-aletsch","category-naturerlebnis"],"yoast_head":"<!-- This site is optimized with the Yoast SEO plugin v27.4 - https:\/\/yoast.com\/product\/yoast-seo-wordpress\/ -->\n<title>Birkhahn-Wochenende am 14. Juni 2025 - Bettmeralp und Riederalp<\/title>\n<meta name=\"description\" content=\"Den Birkhahn in der Aletsch-Region beobachten am 14. Juni 2025.\" \/>\n<meta name=\"robots\" content=\"index, follow, max-snippet:-1, max-image-preview:large, max-video-preview:-1\" \/>\n<link rel=\"canonical\" href=\"https:\/\/ferienchalet-wallis.ch\/de\/birkhahn-wochenende-am-14-juni-2025\/\" \/>\n<meta property=\"og:locale\" content=\"de_DE\" \/>\n<meta property=\"og:type\" content=\"article\" \/>\n<meta property=\"og:title\" content=\"Birkhahn-Wochenende am 14. Juni 2025 - Bettmeralp und Riederalp\" \/>\n<meta property=\"og:description\" content=\"Den Birkhahn in der Aletsch-Region beobachten am 14. Juni 2025.\" \/>\n<meta property=\"og:url\" content=\"https:\/\/ferienchalet-wallis.ch\/de\/birkhahn-wochenende-am-14-juni-2025\/\" \/>\n<meta property=\"og:site_name\" content=\"Bettmeralp und Riederalp\" \/>\n<meta property=\"article:published_time\" content=\"2025-05-27T13:42:51+00:00\" \/>\n<meta property=\"article:modified_time\" content=\"2025-05-27T13:52:36+00:00\" \/>\n<meta property=\"og:image\" content=\"https:\/\/ferienchalet-wallis.ch\/wp-content\/uploads\/2025\/05\/Aletschwald.jpg\" \/>\n\t<meta property=\"og:image:width\" content=\"2048\" \/>\n\t<meta property=\"og:image:height\" content=\"1362\" \/>\n\t<meta property=\"og:image:type\" content=\"image\/jpeg\" \/>\n<meta name=\"author\" content=\"WalliSaar\" \/>\n<meta name=\"twitter:card\" content=\"summary_large_image\" \/>\n<meta name=\"twitter:label1\" content=\"Verfasst von\" \/>\n\t<meta name=\"twitter:data1\" content=\"WalliSaar\" \/>\n\t<meta name=\"twitter:label2\" content=\"Gesch\u00e4tzte Lesezeit\" \/>\n\t<meta name=\"twitter:data2\" content=\"3\u00a0Minuten\" \/>\n<script type=\"application\/ld+json\" class=\"yoast-schema-graph\">{\"@context\":\"https:\\\/\\\/schema.org\",\"@graph\":[{\"@type\":\"Article\",\"@id\":\"https:\\\/\\\/ferienchalet-wallis.ch\\\/birkhahn-wochenende-am-14-juni-2025\\\/#article\",\"isPartOf\":{\"@id\":\"https:\\\/\\\/ferienchalet-wallis.ch\\\/birkhahn-wochenende-am-14-juni-2025\\\/\"},\"author\":{\"name\":\"WalliSaar\",\"@id\":\"https:\\\/\\\/ferienchalet-wallis.ch\\\/#\\\/schema\\\/person\\\/18b3f062b0514bc953799175b9bfdd2b\"},\"headline\":\"Birkhahn-Wochenende am 14. Juni 2025\",\"datePublished\":\"2025-05-27T13:42:51+00:00\",\"dateModified\":\"2025-05-27T13:52:36+00:00\",\"mainEntityOfPage\":{\"@id\":\"https:\\\/\\\/ferienchalet-wallis.ch\\\/birkhahn-wochenende-am-14-juni-2025\\\/\"},\"wordCount\":749,\"publisher\":{\"@id\":\"https:\\\/\\\/ferienchalet-wallis.ch\\\/#organization\"},\"image\":{\"@id\":\"https:\\\/\\\/ferienchalet-wallis.ch\\\/birkhahn-wochenende-am-14-juni-2025\\\/#primaryimage\"},\"thumbnailUrl\":\"https:\\\/\\\/ferienchalet-wallis.ch\\\/wp-content\\\/uploads\\\/2025\\\/05\\\/Aletschwald.jpg\",\"articleSection\":[\"Aletsch\",\"Naturerlebnis\"],\"inLanguage\":\"de\"},{\"@type\":\"WebPage\",\"@id\":\"https:\\\/\\\/ferienchalet-wallis.ch\\\/birkhahn-wochenende-am-14-juni-2025\\\/\",\"url\":\"https:\\\/\\\/ferienchalet-wallis.ch\\\/birkhahn-wochenende-am-14-juni-2025\\\/\",\"name\":\"Birkhahn-Wochenende am 14. Juni 2025 - Bettmeralp und Riederalp\",\"isPartOf\":{\"@id\":\"https:\\\/\\\/ferienchalet-wallis.ch\\\/#website\"},\"primaryImageOfPage\":{\"@id\":\"https:\\\/\\\/ferienchalet-wallis.ch\\\/birkhahn-wochenende-am-14-juni-2025\\\/#primaryimage\"},\"image\":{\"@id\":\"https:\\\/\\\/ferienchalet-wallis.ch\\\/birkhahn-wochenende-am-14-juni-2025\\\/#primaryimage\"},\"thumbnailUrl\":\"https:\\\/\\\/ferienchalet-wallis.ch\\\/wp-content\\\/uploads\\\/2025\\\/05\\\/Aletschwald.jpg\",\"datePublished\":\"2025-05-27T13:42:51+00:00\",\"dateModified\":\"2025-05-27T13:52:36+00:00\",\"description\":\"Den Birkhahn in der Aletsch-Region beobachten am 14. Juni 2025.\",\"breadcrumb\":{\"@id\":\"https:\\\/\\\/ferienchalet-wallis.ch\\\/birkhahn-wochenende-am-14-juni-2025\\\/#breadcrumb\"},\"inLanguage\":\"de\",\"potentialAction\":[{\"@type\":\"ReadAction\",\"target\":[\"https:\\\/\\\/ferienchalet-wallis.ch\\\/birkhahn-wochenende-am-14-juni-2025\\\/\"]}]},{\"@type\":\"ImageObject\",\"inLanguage\":\"de\",\"@id\":\"https:\\\/\\\/ferienchalet-wallis.ch\\\/birkhahn-wochenende-am-14-juni-2025\\\/#primaryimage\",\"url\":\"https:\\\/\\\/ferienchalet-wallis.ch\\\/wp-content\\\/uploads\\\/2025\\\/05\\\/Aletschwald.jpg\",\"contentUrl\":\"https:\\\/\\\/ferienchalet-wallis.ch\\\/wp-content\\\/uploads\\\/2025\\\/05\\\/Aletschwald.jpg\",\"width\":2048,\"height\":1362,\"caption\":\"Aletschwald\"},{\"@type\":\"BreadcrumbList\",\"@id\":\"https:\\\/\\\/ferienchalet-wallis.ch\\\/birkhahn-wochenende-am-14-juni-2025\\\/#breadcrumb\",\"itemListElement\":[{\"@type\":\"ListItem\",\"position\":1,\"name\":\"Home\",\"item\":\"https:\\\/\\\/ferienchalet-wallis.ch\\\/\"},{\"@type\":\"ListItem\",\"position\":2,\"name\":\"Birkhahn-Wochenende am 14. Juni 2025\"}]},{\"@type\":\"WebSite\",\"@id\":\"https:\\\/\\\/ferienchalet-wallis.ch\\\/#website\",\"url\":\"https:\\\/\\\/ferienchalet-wallis.ch\\\/\",\"name\":\"Bettmeralp und Riederalp\",\"description\":\"Kranzfelder Markus\",\"publisher\":{\"@id\":\"https:\\\/\\\/ferienchalet-wallis.ch\\\/#organization\"},\"potentialAction\":[{\"@type\":\"SearchAction\",\"target\":{\"@type\":\"EntryPoint\",\"urlTemplate\":\"https:\\\/\\\/ferienchalet-wallis.ch\\\/?s={search_term_string}\"},\"query-input\":{\"@type\":\"PropertyValueSpecification\",\"valueRequired\":true,\"valueName\":\"search_term_string\"}}],\"inLanguage\":\"de\"},{\"@type\":\"Organization\",\"@id\":\"https:\\\/\\\/ferienchalet-wallis.ch\\\/#organization\",\"name\":\"Liegenschaftsbetreuung \\\/ Vermietung \u2013 M. Kranzfelder\",\"url\":\"https:\\\/\\\/ferienchalet-wallis.ch\\\/\",\"logo\":{\"@type\":\"ImageObject\",\"inLanguage\":\"de\",\"@id\":\"https:\\\/\\\/ferienchalet-wallis.ch\\\/#\\\/schema\\\/logo\\\/image\\\/\",\"url\":\"https:\\\/\\\/ferienchalet-wallis.ch\\\/wp-content\\\/uploads\\\/2022\\\/01\\\/Logo_Kranzfelder.png\",\"contentUrl\":\"https:\\\/\\\/ferienchalet-wallis.ch\\\/wp-content\\\/uploads\\\/2022\\\/01\\\/Logo_Kranzfelder.png\",\"width\":1526,\"height\":447,\"caption\":\"Liegenschaftsbetreuung \\\/ Vermietung \u2013 M. Kranzfelder\"},\"image\":{\"@id\":\"https:\\\/\\\/ferienchalet-wallis.ch\\\/#\\\/schema\\\/logo\\\/image\\\/\"}},{\"@type\":\"Person\",\"@id\":\"https:\\\/\\\/ferienchalet-wallis.ch\\\/#\\\/schema\\\/person\\\/18b3f062b0514bc953799175b9bfdd2b\",\"name\":\"WalliSaar\",\"image\":{\"@type\":\"ImageObject\",\"inLanguage\":\"de\",\"@id\":\"https:\\\/\\\/secure.gravatar.com\\\/avatar\\\/1be7f9468eac0e02f655be9ab758a01ae5dc72d678841cc4898d463993c78d36?s=96&d=initials&r=g&initials=ru\",\"url\":\"https:\\\/\\\/secure.gravatar.com\\\/avatar\\\/1be7f9468eac0e02f655be9ab758a01ae5dc72d678841cc4898d463993c78d36?s=96&d=initials&r=g&initials=ru\",\"contentUrl\":\"https:\\\/\\\/secure.gravatar.com\\\/avatar\\\/1be7f9468eac0e02f655be9ab758a01ae5dc72d678841cc4898d463993c78d36?s=96&d=initials&r=g&initials=ru\",\"caption\":\"WalliSaar\"},\"description\":\"Mein Name ist Anja Ruch und ich schreibe die Blogbeitr\u00e4ge f\u00fcr das Ehepaar Markus &amp; Tabitha Kranzfelder. Der Name WalliSaar gr\u00fcndet sich auf meinen Wurzeln im Saarland und den neuen im Wallis. My name is Anja Ruch and I write the blog entries for the Markus &amp; Tabitha Kranzfelder couple. The name WalliSaar shows the connection to my old roots in Saarland and the new ones in Valais.\",\"sameAs\":[\"https:\\\/\\\/www.ferienchalet-wallis.ch\\\/blog\"],\"url\":\"https:\\\/\\\/ferienchalet-wallis.ch\\\/de\\\/author\\\/wallisaar\\\/\"}]}<\/script>\n<!-- \/ Yoast SEO plugin. -->","yoast_head_json":{"title":"Birkhahn-Wochenende am 14. Juni 2025 - Bettmeralp und Riederalp","description":"Den Birkhahn in der Aletsch-Region beobachten am 14. Juni 2025.","robots":{"index":"index","follow":"follow","max-snippet":"max-snippet:-1","max-image-preview":"max-image-preview:large","max-video-preview":"max-video-preview:-1"},"canonical":"https:\/\/ferienchalet-wallis.ch\/de\/birkhahn-wochenende-am-14-juni-2025\/","og_locale":"de_DE","og_type":"article","og_title":"Birkhahn-Wochenende am 14. Juni 2025 - Bettmeralp und Riederalp","og_description":"Den Birkhahn in der Aletsch-Region beobachten am 14. Juni 2025.","og_url":"https:\/\/ferienchalet-wallis.ch\/de\/birkhahn-wochenende-am-14-juni-2025\/","og_site_name":"Bettmeralp und Riederalp","article_published_time":"2025-05-27T13:42:51+00:00","article_modified_time":"2025-05-27T13:52:36+00:00","og_image":[{"width":2048,"height":1362,"url":"https:\/\/ferienchalet-wallis.ch\/wp-content\/uploads\/2025\/05\/Aletschwald.jpg","type":"image\/jpeg"}],"author":"WalliSaar","twitter_card":"summary_large_image","twitter_misc":{"Verfasst von":"WalliSaar","Gesch\u00e4tzte Lesezeit":"3\u00a0Minuten"},"schema":{"@context":"https:\/\/schema.org","@graph":[{"@type":"Article","@id":"https:\/\/ferienchalet-wallis.ch\/birkhahn-wochenende-am-14-juni-2025\/#article","isPartOf":{"@id":"https:\/\/ferienchalet-wallis.ch\/birkhahn-wochenende-am-14-juni-2025\/"},"author":{"name":"WalliSaar","@id":"https:\/\/ferienchalet-wallis.ch\/#\/schema\/person\/18b3f062b0514bc953799175b9bfdd2b"},"headline":"Birkhahn-Wochenende am 14. Juni 2025","datePublished":"2025-05-27T13:42:51+00:00","dateModified":"2025-05-27T13:52:36+00:00","mainEntityOfPage":{"@id":"https:\/\/ferienchalet-wallis.ch\/birkhahn-wochenende-am-14-juni-2025\/"},"wordCount":749,"publisher":{"@id":"https:\/\/ferienchalet-wallis.ch\/#organization"},"image":{"@id":"https:\/\/ferienchalet-wallis.ch\/birkhahn-wochenende-am-14-juni-2025\/#primaryimage"},"thumbnailUrl":"https:\/\/ferienchalet-wallis.ch\/wp-content\/uploads\/2025\/05\/Aletschwald.jpg","articleSection":["Aletsch","Naturerlebnis"],"inLanguage":"de"},{"@type":"WebPage","@id":"https:\/\/ferienchalet-wallis.ch\/birkhahn-wochenende-am-14-juni-2025\/","url":"https:\/\/ferienchalet-wallis.ch\/birkhahn-wochenende-am-14-juni-2025\/","name":"Birkhahn-Wochenende am 14. Juni 2025 - Bettmeralp und Riederalp","isPartOf":{"@id":"https:\/\/ferienchalet-wallis.ch\/#website"},"primaryImageOfPage":{"@id":"https:\/\/ferienchalet-wallis.ch\/birkhahn-wochenende-am-14-juni-2025\/#primaryimage"},"image":{"@id":"https:\/\/ferienchalet-wallis.ch\/birkhahn-wochenende-am-14-juni-2025\/#primaryimage"},"thumbnailUrl":"https:\/\/ferienchalet-wallis.ch\/wp-content\/uploads\/2025\/05\/Aletschwald.jpg","datePublished":"2025-05-27T13:42:51+00:00","dateModified":"2025-05-27T13:52:36+00:00","description":"Den Birkhahn in der Aletsch-Region beobachten am 14. Juni 2025.","breadcrumb":{"@id":"https:\/\/ferienchalet-wallis.ch\/birkhahn-wochenende-am-14-juni-2025\/#breadcrumb"},"inLanguage":"de","potentialAction":[{"@type":"ReadAction","target":["https:\/\/ferienchalet-wallis.ch\/birkhahn-wochenende-am-14-juni-2025\/"]}]},{"@type":"ImageObject","inLanguage":"de","@id":"https:\/\/ferienchalet-wallis.ch\/birkhahn-wochenende-am-14-juni-2025\/#primaryimage","url":"https:\/\/ferienchalet-wallis.ch\/wp-content\/uploads\/2025\/05\/Aletschwald.jpg","contentUrl":"https:\/\/ferienchalet-wallis.ch\/wp-content\/uploads\/2025\/05\/Aletschwald.jpg","width":2048,"height":1362,"caption":"Aletschwald"},{"@type":"BreadcrumbList","@id":"https:\/\/ferienchalet-wallis.ch\/birkhahn-wochenende-am-14-juni-2025\/#breadcrumb","itemListElement":[{"@type":"ListItem","position":1,"name":"Home","item":"https:\/\/ferienchalet-wallis.ch\/"},{"@type":"ListItem","position":2,"name":"Birkhahn-Wochenende am 14. Juni 2025"}]},{"@type":"WebSite","@id":"https:\/\/ferienchalet-wallis.ch\/#website","url":"https:\/\/ferienchalet-wallis.ch\/","name":"Bettmeralp und Riederalp","description":"Kranzfelder Markus","publisher":{"@id":"https:\/\/ferienchalet-wallis.ch\/#organization"},"potentialAction":[{"@type":"SearchAction","target":{"@type":"EntryPoint","urlTemplate":"https:\/\/ferienchalet-wallis.ch\/?s={search_term_string}"},"query-input":{"@type":"PropertyValueSpecification","valueRequired":true,"valueName":"search_term_string"}}],"inLanguage":"de"},{"@type":"Organization","@id":"https:\/\/ferienchalet-wallis.ch\/#organization","name":"Liegenschaftsbetreuung \/ Vermietung \u2013 M. Kranzfelder","url":"https:\/\/ferienchalet-wallis.ch\/","logo":{"@type":"ImageObject","inLanguage":"de","@id":"https:\/\/ferienchalet-wallis.ch\/#\/schema\/logo\/image\/","url":"https:\/\/ferienchalet-wallis.ch\/wp-content\/uploads\/2022\/01\/Logo_Kranzfelder.png","contentUrl":"https:\/\/ferienchalet-wallis.ch\/wp-content\/uploads\/2022\/01\/Logo_Kranzfelder.png","width":1526,"height":447,"caption":"Liegenschaftsbetreuung \/ Vermietung \u2013 M. Kranzfelder"},"image":{"@id":"https:\/\/ferienchalet-wallis.ch\/#\/schema\/logo\/image\/"}},{"@type":"Person","@id":"https:\/\/ferienchalet-wallis.ch\/#\/schema\/person\/18b3f062b0514bc953799175b9bfdd2b","name":"WalliSaar","image":{"@type":"ImageObject","inLanguage":"de","@id":"https:\/\/secure.gravatar.com\/avatar\/1be7f9468eac0e02f655be9ab758a01ae5dc72d678841cc4898d463993c78d36?s=96&d=initials&r=g&initials=ru","url":"https:\/\/secure.gravatar.com\/avatar\/1be7f9468eac0e02f655be9ab758a01ae5dc72d678841cc4898d463993c78d36?s=96&d=initials&r=g&initials=ru","contentUrl":"https:\/\/secure.gravatar.com\/avatar\/1be7f9468eac0e02f655be9ab758a01ae5dc72d678841cc4898d463993c78d36?s=96&d=initials&r=g&initials=ru","caption":"WalliSaar"},"description":"Mein Name ist Anja Ruch und ich schreibe die Blogbeitr\u00e4ge f\u00fcr das Ehepaar Markus &amp; Tabitha Kranzfelder. Der Name WalliSaar gr\u00fcndet sich auf meinen Wurzeln im Saarland und den neuen im Wallis. My name is Anja Ruch and I write the blog entries for the Markus &amp; Tabitha Kranzfelder couple. The name WalliSaar shows the connection to my old roots in Saarland and the new ones in Valais.","sameAs":["https:\/\/www.ferienchalet-wallis.ch\/blog"],"url":"https:\/\/ferienchalet-wallis.ch\/de\/author\/wallisaar\/"}]}},"_links":{"self":[{"href":"https:\/\/ferienchalet-wallis.ch\/de\/wp-json\/wp\/v2\/posts\/2398","targetHints":{"allow":["GET"]}}],"collection":[{"href":"https:\/\/ferienchalet-wallis.ch\/de\/wp-json\/wp\/v2\/posts"}],"about":[{"href":"https:\/\/ferienchalet-wallis.ch\/de\/wp-json\/wp\/v2\/types\/post"}],"author":[{"embeddable":true,"href":"https:\/\/ferienchalet-wallis.ch\/de\/wp-json\/wp\/v2\/users\/3"}],"replies":[{"embeddable":true,"href":"https:\/\/ferienchalet-wallis.ch\/de\/wp-json\/wp\/v2\/comments?post=2398"}],"version-history":[{"count":4,"href":"https:\/\/ferienchalet-wallis.ch\/de\/wp-json\/wp\/v2\/posts\/2398\/revisions"}],"predecessor-version":[{"id":2404,"href":"https:\/\/ferienchalet-wallis.ch\/de\/wp-json\/wp\/v2\/posts\/2398\/revisions\/2404"}],"wp:featuredmedia":[{"embeddable":true,"href":"https:\/\/ferienchalet-wallis.ch\/de\/wp-json\/wp\/v2\/media\/2399"}],"wp:attachment":[{"href":"https:\/\/ferienchalet-wallis.ch\/de\/wp-json\/wp\/v2\/media?parent=2398"}],"wp:term":[{"taxonomy":"category","embeddable":true,"href":"https:\/\/ferienchalet-wallis.ch\/de\/wp-json\/wp\/v2\/categories?post=2398"},{"taxonomy":"post_tag","embeddable":true,"href":"https:\/\/ferienchalet-wallis.ch\/de\/wp-json\/wp\/v2\/tags?post=2398"}],"curies":[{"name":"wp","href":"https:\/\/api.w.org\/{rel}","templated":true}]}}