{"id":2412,"date":"2025-06-17T12:12:26","date_gmt":"2025-06-17T12:12:26","guid":{"rendered":"https:\/\/ferienchalet-wallis.ch\/?p=2412"},"modified":"2025-06-17T12:28:12","modified_gmt":"2025-06-17T12:28:12","slug":"aletsch-halbmarathon-am-28-juni-2025","status":"publish","type":"post","link":"https:\/\/ferienchalet-wallis.ch\/de\/aletsch-halbmarathon-am-28-juni-2025\/","title":{"rendered":"Aletsch Halbmarathon am 28. und 29. Juni 2025"},"content":{"rendered":"\n<style type=\"text\/css\" data-created_by=\"avia_inline_auto\" id=\"style-css-av-auyjyk-c296a79d5cb37851f75ef917307ce89e\">\n#top .av-special-heading.av-auyjyk-c296a79d5cb37851f75ef917307ce89e{\npadding-bottom:10px;\n}\nbody .av-special-heading.av-auyjyk-c296a79d5cb37851f75ef917307ce89e .av-special-heading-tag .heading-char{\nfont-size:25px;\n}\n.av-special-heading.av-auyjyk-c296a79d5cb37851f75ef917307ce89e .av-subheading{\nfont-size:15px;\n}\n<\/style>\n<div  class='av-special-heading av-auyjyk-c296a79d5cb37851f75ef917307ce89e av-special-heading-h2  avia-builder-el-0  el_before_av_image  avia-builder-el-first '><h2 class='av-special-heading-tag'  itemprop=\"headline\"  >Noch 11 Tage \u2013 Der Countdown l\u00e4uft<\/h2><div class=\"special-heading-border\"><div class=\"special-heading-inner-border\"><\/div><\/div><\/div>\n\n<style type=\"text\/css\" data-created_by=\"avia_inline_auto\" id=\"style-css-av-mc0hbj25-fa49d170a5311246493463cf48150c0a\">\n.avia-image-container.av-mc0hbj25-fa49d170a5311246493463cf48150c0a .av-image-caption-overlay-center{\ncolor:#ffffff;\n}\n<\/style>\n<div  class='avia-image-container av-mc0hbj25-fa49d170a5311246493463cf48150c0a av-styling- avia-align-center  avia-builder-el-1  el_after_av_heading  el_before_av_textblock '  itemprop=\"image\" itemscope=\"itemscope\" itemtype=\"https:\/\/schema.org\/ImageObject\" ><div class=\"avia-image-container-inner\"><div class=\"avia-image-overlay-wrap\"><img decoding=\"async\" class='wp-image-2413 avia-img-lazy-loading-not-2413 avia_image' src=\"https:\/\/ferienchalet-wallis.ch\/wp-content\/uploads\/2025\/06\/Aletsch-Halbmarathon-1024x630.jpg\" alt='Aletsch-Halbmarathon' title='Aletsch-Halbmarathon'  height=\"630\" width=\"1024\"  itemprop=\"thumbnailUrl\" srcset=\"https:\/\/ferienchalet-wallis.ch\/wp-content\/uploads\/2025\/06\/Aletsch-Halbmarathon-1024x630.jpg 1024w, https:\/\/ferienchalet-wallis.ch\/wp-content\/uploads\/2025\/06\/Aletsch-Halbmarathon-18x12.jpg 18w\" sizes=\"(max-width: 1024px) 100vw, 1024px\" \/><\/div><\/div><\/div>\n<section  class='av_textblock_section av-mc0hgczk-32936b38840c684e8ff0e6db6537982e'  itemscope=\"itemscope\" itemtype=\"https:\/\/schema.org\/BlogPosting\" itemprop=\"blogPost\" ><div class='avia_textblock'  itemprop=\"text\" ><p>Und dann wird gelaufen, was das Zeug h\u00e4lt. Wie jedes Jahr findet der Aletsch Halbmarathon \u00fcber 21.1 km statt. Was die Laufstrecke so interessant macht, ist \u2013 wie soll es auch anders sein? \u2013 die Aussicht. Ich weiss zwar nicht, wie gut man w\u00e4hrend dem Laufen noch den Anblick von Gletscher und Alpen geniessen kann. Aber nicht jeder Marathon bietet grandiose Aussichten, das ist sicher.<\/p>\n<h3>Samstag ist Familienlauf<\/h3>\n<p>Am Samstag um 14 Uhr beginnt die Jugend mit dem Aletschlauf \u00fcber eine Distanz von 2.7 km. Eine halbe Stunde sp\u00e4ter folgt der Gletschilauf f\u00fcr Jahrg\u00e4nger 2012 bis 2015 \u00fcber 2 km. Der Minilauf f\u00fcr die unter Zehnj\u00e4hrigen startet um 15 Uhr, was auch Eltern die M\u00f6glichkeit gibt, ihren Nachwuchs mental zu unterst\u00fctzen, indem sie mitlaufen. Da die Laufstrecken f\u00fcr Jugendliche und Kinder nicht so lang sind, ist es f\u00fcr die Eltern eine Kostprobe, wie sich so ein Marathon anf\u00fchlt und ob man diesen selbst in Erw\u00e4gung ziehen m\u00f6chte. Jedenfalls ist es eine st\u00e4rkende Massnahme, etwas als Familie zusammen zu machen und vielleicht ein gemeinsames Familienprojekt f\u00fcr die Zukunft.<\/p>\n<h3>Sonntag ist Halbmarathon<\/h3>\n<p>Startgeld schon bezahlt? Der Aletsch Lauf beginnt um 10 Uhr und sogar Nordic Walker k\u00f6nnen teilnehmen. Teilnehmen k\u00f6nnen alle im Alter zwischen 20 und 70 plus.\u00a0Das Programm finden Sie <a href=\"https:\/\/www.aletsch-halbmarathon.ch\/?action=get_file&amp;id=9&amp;resource_link_id=3c2\" target=\"_blank\" rel=\"noopener\">hier<\/a> und die <a href=\"https:\/\/onreg.datasport.com\/de\/aletsch-halbmarathon-2025\" target=\"_blank\" rel=\"noopener\">Anmeldung<\/a> nicht vergessen.<\/p>\n<h3>Unterhaltungsprogramm f\u00fcr Zuschauer<\/h3>\n<p>F\u00fcr gute Laune garantieren unter anderem Festwirtschaften mit Live-Musik auf der Moosfluh und dem Bettmerhorn sowie beim Sportzentrum Bachtla. Und vers\u00e4umen Sie nicht die <a href=\"https:\/\/www.aletsch-halbmarathon.ch\/de\/fuer-zuschauer\/hotspots\" target=\"_blank\" rel=\"noopener\">Hotspots<\/a> aufzusuchen und die L\u00e4ufer anzufeuern.<\/p>\n<p><em>Juchheie ihr Litji, da bin ich \u00f6i z\u2019ha, wenn\u2019s obschi in d\u2019Berga soll gah<\/em><\/p>\n<\/div><\/section>\n<div class='flex_column av-8fs1uk-49b6b8525797800aca89f311cb54a8aa av_one_half  avia-builder-el-3  el_after_av_textblock  avia-builder-el-last  first flex_column_div column-top-margin'   ><p><div  class='av-post-metadata-container av-7vet8s-7d101fb1b3248cb25ea7862214ee8974 av-metadata-container-align-left  avia-builder-el-4  el_before_av_social_share  avia-builder-el-first  av-metadata-container-1'><div class='av-post-metadata-container-inner'><span class=\"av-post-metadata-content av-post-metadata-meta-content\"><span class=\"av-post-metadata-content av-post-metadata-author\"  itemprop=\"author\" ><span class=\"av-metadata-before av-metadata-before-author\">von<\/span><span class=\"av-post-metadata-author-link\" ><a href=\"https:\/\/ferienchalet-wallis.ch\/de\/author\/wallisaar\/\"  rel=\"author\">WalliSaar<\/a><\/span><\/span><span class=\"av-post-metadata-content av-post-metadata-separator\">\/<\/span><span class=\"av-post-metadata-content av-post-metadata-published\"><span class=\"av-post-metadata-published-date\" >Juni 17, 2025<\/span><\/span><\/span><\/div><\/div><br \/>\n<div  class='av-social-sharing-box av-20ed0s-3b1b2d9563ed07a9ee69382acde28e38 av-social-sharing-box-circle  avia-builder-el-5  el_after_av_post_metadata  avia-builder-el-last  av-social-sharing-box-color-bg av-social-sharing-box-same-width'><div class=\"av-share-box\"><h5 class='av-share-link-description av-no-toc '>Eintrag teilen<\/h5><ul class=\"av-share-box-list noLightbox\"><li class='av-share-link av-social-link-whatsapp' ><a target=\"_blank\" aria-label=\"Teilen auf WhatsApp\" href='https:\/\/api.whatsapp.com\/send?text=https:\/\/ferienchalet-wallis.ch\/de\/aletsch-halbmarathon-am-28-juni-2025\/' aria-hidden='false' data-av_icon='\uf232' data-av_iconfont='entypo-fontello' title='' data-avia-related-tooltip='Teilen auf WhatsApp' rel=\"noopener\"><span class='avia_hidden_link_text'>Teilen auf WhatsApp<\/span><\/a><\/li><\/ul><\/div><\/div><\/p><\/div>\n","protected":false},"excerpt":{"rendered":"","protected":false},"author":3,"featured_media":2413,"comment_status":"closed","ping_status":"closed","sticky":false,"template":"","format":"standard","meta":{"footnotes":""},"categories":[6,20],"tags":[],"class_list":["post-2412","post","type-post","status-publish","format-standard","has-post-thumbnail","hentry","category-aletsch","category-veranstaltungen"],"yoast_head":"<!-- This site is optimized with the Yoast SEO plugin v27.4 - https:\/\/yoast.com\/product\/yoast-seo-wordpress\/ -->\n<title>Aletsch Halbmarathon am 28. und 29. Juni 2025 - Bettmeralp und Riederalp<\/title>\n<meta name=\"description\" content=\"Der Aletsch Halbmarathon 2025 f\u00fcr Gross und Klein findet am 28. und 29. Juni statt mit Festwirtschaft und Live-Musik.\" \/>\n<meta name=\"robots\" content=\"index, follow, max-snippet:-1, max-image-preview:large, max-video-preview:-1\" \/>\n<link rel=\"canonical\" href=\"https:\/\/ferienchalet-wallis.ch\/de\/aletsch-halbmarathon-am-28-juni-2025\/\" \/>\n<meta property=\"og:locale\" content=\"de_DE\" \/>\n<meta property=\"og:type\" content=\"article\" \/>\n<meta property=\"og:title\" content=\"Aletsch Halbmarathon am 28. und 29. Juni 2025 - Bettmeralp und Riederalp\" \/>\n<meta property=\"og:description\" content=\"Der Aletsch Halbmarathon 2025 f\u00fcr Gross und Klein findet am 28. und 29. Juni statt mit Festwirtschaft und Live-Musik.\" \/>\n<meta property=\"og:url\" content=\"https:\/\/ferienchalet-wallis.ch\/de\/aletsch-halbmarathon-am-28-juni-2025\/\" \/>\n<meta property=\"og:site_name\" content=\"Bettmeralp und Riederalp\" \/>\n<meta property=\"article:published_time\" content=\"2025-06-17T12:12:26+00:00\" \/>\n<meta property=\"article:modified_time\" content=\"2025-06-17T12:28:12+00:00\" \/>\n<meta property=\"og:image\" content=\"https:\/\/ferienchalet-wallis.ch\/wp-content\/uploads\/2025\/06\/Aletsch-Halbmarathon.jpg\" \/>\n\t<meta property=\"og:image:width\" content=\"1024\" \/>\n\t<meta property=\"og:image:height\" content=\"680\" \/>\n\t<meta property=\"og:image:type\" content=\"image\/jpeg\" \/>\n<meta name=\"author\" content=\"WalliSaar\" \/>\n<meta name=\"twitter:card\" content=\"summary_large_image\" \/>\n<meta name=\"twitter:label1\" content=\"Verfasst von\" \/>\n\t<meta name=\"twitter:data1\" content=\"WalliSaar\" \/>\n\t<meta name=\"twitter:label2\" content=\"Gesch\u00e4tzte Lesezeit\" \/>\n\t<meta name=\"twitter:data2\" content=\"3\u00a0Minuten\" \/>\n<script type=\"application\/ld+json\" class=\"yoast-schema-graph\">{\"@context\":\"https:\\\/\\\/schema.org\",\"@graph\":[{\"@type\":\"Article\",\"@id\":\"https:\\\/\\\/ferienchalet-wallis.ch\\\/aletsch-halbmarathon-am-28-juni-2025\\\/#article\",\"isPartOf\":{\"@id\":\"https:\\\/\\\/ferienchalet-wallis.ch\\\/aletsch-halbmarathon-am-28-juni-2025\\\/\"},\"author\":{\"name\":\"WalliSaar\",\"@id\":\"https:\\\/\\\/ferienchalet-wallis.ch\\\/#\\\/schema\\\/person\\\/18b3f062b0514bc953799175b9bfdd2b\"},\"headline\":\"Aletsch Halbmarathon am 28. und 29. Juni 2025\",\"datePublished\":\"2025-06-17T12:12:26+00:00\",\"dateModified\":\"2025-06-17T12:28:12+00:00\",\"mainEntityOfPage\":{\"@id\":\"https:\\\/\\\/ferienchalet-wallis.ch\\\/aletsch-halbmarathon-am-28-juni-2025\\\/\"},\"wordCount\":819,\"publisher\":{\"@id\":\"https:\\\/\\\/ferienchalet-wallis.ch\\\/#organization\"},\"image\":{\"@id\":\"https:\\\/\\\/ferienchalet-wallis.ch\\\/aletsch-halbmarathon-am-28-juni-2025\\\/#primaryimage\"},\"thumbnailUrl\":\"https:\\\/\\\/ferienchalet-wallis.ch\\\/wp-content\\\/uploads\\\/2025\\\/06\\\/Aletsch-Halbmarathon.jpg\",\"articleSection\":[\"Aletsch\",\"Veranstaltungen\"],\"inLanguage\":\"de\"},{\"@type\":\"WebPage\",\"@id\":\"https:\\\/\\\/ferienchalet-wallis.ch\\\/aletsch-halbmarathon-am-28-juni-2025\\\/\",\"url\":\"https:\\\/\\\/ferienchalet-wallis.ch\\\/aletsch-halbmarathon-am-28-juni-2025\\\/\",\"name\":\"Aletsch Halbmarathon am 28. und 29. Juni 2025 - Bettmeralp und Riederalp\",\"isPartOf\":{\"@id\":\"https:\\\/\\\/ferienchalet-wallis.ch\\\/#website\"},\"primaryImageOfPage\":{\"@id\":\"https:\\\/\\\/ferienchalet-wallis.ch\\\/aletsch-halbmarathon-am-28-juni-2025\\\/#primaryimage\"},\"image\":{\"@id\":\"https:\\\/\\\/ferienchalet-wallis.ch\\\/aletsch-halbmarathon-am-28-juni-2025\\\/#primaryimage\"},\"thumbnailUrl\":\"https:\\\/\\\/ferienchalet-wallis.ch\\\/wp-content\\\/uploads\\\/2025\\\/06\\\/Aletsch-Halbmarathon.jpg\",\"datePublished\":\"2025-06-17T12:12:26+00:00\",\"dateModified\":\"2025-06-17T12:28:12+00:00\",\"description\":\"Der Aletsch Halbmarathon 2025 f\u00fcr Gross und Klein findet am 28. und 29. Juni statt mit Festwirtschaft und Live-Musik.\",\"breadcrumb\":{\"@id\":\"https:\\\/\\\/ferienchalet-wallis.ch\\\/aletsch-halbmarathon-am-28-juni-2025\\\/#breadcrumb\"},\"inLanguage\":\"de\",\"potentialAction\":[{\"@type\":\"ReadAction\",\"target\":[\"https:\\\/\\\/ferienchalet-wallis.ch\\\/aletsch-halbmarathon-am-28-juni-2025\\\/\"]}]},{\"@type\":\"ImageObject\",\"inLanguage\":\"de\",\"@id\":\"https:\\\/\\\/ferienchalet-wallis.ch\\\/aletsch-halbmarathon-am-28-juni-2025\\\/#primaryimage\",\"url\":\"https:\\\/\\\/ferienchalet-wallis.ch\\\/wp-content\\\/uploads\\\/2025\\\/06\\\/Aletsch-Halbmarathon.jpg\",\"contentUrl\":\"https:\\\/\\\/ferienchalet-wallis.ch\\\/wp-content\\\/uploads\\\/2025\\\/06\\\/Aletsch-Halbmarathon.jpg\",\"width\":1024,\"height\":680,\"caption\":\"Aletsch-Halbmarathon\"},{\"@type\":\"BreadcrumbList\",\"@id\":\"https:\\\/\\\/ferienchalet-wallis.ch\\\/aletsch-halbmarathon-am-28-juni-2025\\\/#breadcrumb\",\"itemListElement\":[{\"@type\":\"ListItem\",\"position\":1,\"name\":\"Home\",\"item\":\"https:\\\/\\\/ferienchalet-wallis.ch\\\/\"},{\"@type\":\"ListItem\",\"position\":2,\"name\":\"Aletsch Halbmarathon am 28. und 29. Juni 2025\"}]},{\"@type\":\"WebSite\",\"@id\":\"https:\\\/\\\/ferienchalet-wallis.ch\\\/#website\",\"url\":\"https:\\\/\\\/ferienchalet-wallis.ch\\\/\",\"name\":\"Bettmeralp und Riederalp\",\"description\":\"Kranzfelder Markus\",\"publisher\":{\"@id\":\"https:\\\/\\\/ferienchalet-wallis.ch\\\/#organization\"},\"potentialAction\":[{\"@type\":\"SearchAction\",\"target\":{\"@type\":\"EntryPoint\",\"urlTemplate\":\"https:\\\/\\\/ferienchalet-wallis.ch\\\/?s={search_term_string}\"},\"query-input\":{\"@type\":\"PropertyValueSpecification\",\"valueRequired\":true,\"valueName\":\"search_term_string\"}}],\"inLanguage\":\"de\"},{\"@type\":\"Organization\",\"@id\":\"https:\\\/\\\/ferienchalet-wallis.ch\\\/#organization\",\"name\":\"Liegenschaftsbetreuung \\\/ Vermietung \u2013 M. Kranzfelder\",\"url\":\"https:\\\/\\\/ferienchalet-wallis.ch\\\/\",\"logo\":{\"@type\":\"ImageObject\",\"inLanguage\":\"de\",\"@id\":\"https:\\\/\\\/ferienchalet-wallis.ch\\\/#\\\/schema\\\/logo\\\/image\\\/\",\"url\":\"https:\\\/\\\/ferienchalet-wallis.ch\\\/wp-content\\\/uploads\\\/2022\\\/01\\\/Logo_Kranzfelder.png\",\"contentUrl\":\"https:\\\/\\\/ferienchalet-wallis.ch\\\/wp-content\\\/uploads\\\/2022\\\/01\\\/Logo_Kranzfelder.png\",\"width\":1526,\"height\":447,\"caption\":\"Liegenschaftsbetreuung \\\/ Vermietung \u2013 M. Kranzfelder\"},\"image\":{\"@id\":\"https:\\\/\\\/ferienchalet-wallis.ch\\\/#\\\/schema\\\/logo\\\/image\\\/\"}},{\"@type\":\"Person\",\"@id\":\"https:\\\/\\\/ferienchalet-wallis.ch\\\/#\\\/schema\\\/person\\\/18b3f062b0514bc953799175b9bfdd2b\",\"name\":\"WalliSaar\",\"image\":{\"@type\":\"ImageObject\",\"inLanguage\":\"de\",\"@id\":\"https:\\\/\\\/secure.gravatar.com\\\/avatar\\\/1be7f9468eac0e02f655be9ab758a01ae5dc72d678841cc4898d463993c78d36?s=96&d=initials&r=g&initials=ru\",\"url\":\"https:\\\/\\\/secure.gravatar.com\\\/avatar\\\/1be7f9468eac0e02f655be9ab758a01ae5dc72d678841cc4898d463993c78d36?s=96&d=initials&r=g&initials=ru\",\"contentUrl\":\"https:\\\/\\\/secure.gravatar.com\\\/avatar\\\/1be7f9468eac0e02f655be9ab758a01ae5dc72d678841cc4898d463993c78d36?s=96&d=initials&r=g&initials=ru\",\"caption\":\"WalliSaar\"},\"description\":\"Mein Name ist Anja Ruch und ich schreibe die Blogbeitr\u00e4ge f\u00fcr das Ehepaar Markus &amp; Tabitha Kranzfelder. Der Name WalliSaar gr\u00fcndet sich auf meinen Wurzeln im Saarland und den neuen im Wallis. My name is Anja Ruch and I write the blog entries for the Markus &amp; Tabitha Kranzfelder couple. The name WalliSaar shows the connection to my old roots in Saarland and the new ones in Valais.\",\"sameAs\":[\"https:\\\/\\\/www.ferienchalet-wallis.ch\\\/blog\"],\"url\":\"https:\\\/\\\/ferienchalet-wallis.ch\\\/de\\\/author\\\/wallisaar\\\/\"}]}<\/script>\n<!-- \/ Yoast SEO plugin. -->","yoast_head_json":{"title":"Aletsch Halbmarathon am 28. und 29. Juni 2025 - Bettmeralp und Riederalp","description":"Der Aletsch Halbmarathon 2025 f\u00fcr Gross und Klein findet am 28. und 29. Juni statt mit Festwirtschaft und Live-Musik.","robots":{"index":"index","follow":"follow","max-snippet":"max-snippet:-1","max-image-preview":"max-image-preview:large","max-video-preview":"max-video-preview:-1"},"canonical":"https:\/\/ferienchalet-wallis.ch\/de\/aletsch-halbmarathon-am-28-juni-2025\/","og_locale":"de_DE","og_type":"article","og_title":"Aletsch Halbmarathon am 28. und 29. Juni 2025 - Bettmeralp und Riederalp","og_description":"Der Aletsch Halbmarathon 2025 f\u00fcr Gross und Klein findet am 28. und 29. Juni statt mit Festwirtschaft und Live-Musik.","og_url":"https:\/\/ferienchalet-wallis.ch\/de\/aletsch-halbmarathon-am-28-juni-2025\/","og_site_name":"Bettmeralp und Riederalp","article_published_time":"2025-06-17T12:12:26+00:00","article_modified_time":"2025-06-17T12:28:12+00:00","og_image":[{"width":1024,"height":680,"url":"https:\/\/ferienchalet-wallis.ch\/wp-content\/uploads\/2025\/06\/Aletsch-Halbmarathon.jpg","type":"image\/jpeg"}],"author":"WalliSaar","twitter_card":"summary_large_image","twitter_misc":{"Verfasst von":"WalliSaar","Gesch\u00e4tzte Lesezeit":"3\u00a0Minuten"},"schema":{"@context":"https:\/\/schema.org","@graph":[{"@type":"Article","@id":"https:\/\/ferienchalet-wallis.ch\/aletsch-halbmarathon-am-28-juni-2025\/#article","isPartOf":{"@id":"https:\/\/ferienchalet-wallis.ch\/aletsch-halbmarathon-am-28-juni-2025\/"},"author":{"name":"WalliSaar","@id":"https:\/\/ferienchalet-wallis.ch\/#\/schema\/person\/18b3f062b0514bc953799175b9bfdd2b"},"headline":"Aletsch Halbmarathon am 28. und 29. Juni 2025","datePublished":"2025-06-17T12:12:26+00:00","dateModified":"2025-06-17T12:28:12+00:00","mainEntityOfPage":{"@id":"https:\/\/ferienchalet-wallis.ch\/aletsch-halbmarathon-am-28-juni-2025\/"},"wordCount":819,"publisher":{"@id":"https:\/\/ferienchalet-wallis.ch\/#organization"},"image":{"@id":"https:\/\/ferienchalet-wallis.ch\/aletsch-halbmarathon-am-28-juni-2025\/#primaryimage"},"thumbnailUrl":"https:\/\/ferienchalet-wallis.ch\/wp-content\/uploads\/2025\/06\/Aletsch-Halbmarathon.jpg","articleSection":["Aletsch","Veranstaltungen"],"inLanguage":"de"},{"@type":"WebPage","@id":"https:\/\/ferienchalet-wallis.ch\/aletsch-halbmarathon-am-28-juni-2025\/","url":"https:\/\/ferienchalet-wallis.ch\/aletsch-halbmarathon-am-28-juni-2025\/","name":"Aletsch Halbmarathon am 28. und 29. Juni 2025 - Bettmeralp und Riederalp","isPartOf":{"@id":"https:\/\/ferienchalet-wallis.ch\/#website"},"primaryImageOfPage":{"@id":"https:\/\/ferienchalet-wallis.ch\/aletsch-halbmarathon-am-28-juni-2025\/#primaryimage"},"image":{"@id":"https:\/\/ferienchalet-wallis.ch\/aletsch-halbmarathon-am-28-juni-2025\/#primaryimage"},"thumbnailUrl":"https:\/\/ferienchalet-wallis.ch\/wp-content\/uploads\/2025\/06\/Aletsch-Halbmarathon.jpg","datePublished":"2025-06-17T12:12:26+00:00","dateModified":"2025-06-17T12:28:12+00:00","description":"Der Aletsch Halbmarathon 2025 f\u00fcr Gross und Klein findet am 28. und 29. Juni statt mit Festwirtschaft und Live-Musik.","breadcrumb":{"@id":"https:\/\/ferienchalet-wallis.ch\/aletsch-halbmarathon-am-28-juni-2025\/#breadcrumb"},"inLanguage":"de","potentialAction":[{"@type":"ReadAction","target":["https:\/\/ferienchalet-wallis.ch\/aletsch-halbmarathon-am-28-juni-2025\/"]}]},{"@type":"ImageObject","inLanguage":"de","@id":"https:\/\/ferienchalet-wallis.ch\/aletsch-halbmarathon-am-28-juni-2025\/#primaryimage","url":"https:\/\/ferienchalet-wallis.ch\/wp-content\/uploads\/2025\/06\/Aletsch-Halbmarathon.jpg","contentUrl":"https:\/\/ferienchalet-wallis.ch\/wp-content\/uploads\/2025\/06\/Aletsch-Halbmarathon.jpg","width":1024,"height":680,"caption":"Aletsch-Halbmarathon"},{"@type":"BreadcrumbList","@id":"https:\/\/ferienchalet-wallis.ch\/aletsch-halbmarathon-am-28-juni-2025\/#breadcrumb","itemListElement":[{"@type":"ListItem","position":1,"name":"Home","item":"https:\/\/ferienchalet-wallis.ch\/"},{"@type":"ListItem","position":2,"name":"Aletsch Halbmarathon am 28. und 29. Juni 2025"}]},{"@type":"WebSite","@id":"https:\/\/ferienchalet-wallis.ch\/#website","url":"https:\/\/ferienchalet-wallis.ch\/","name":"Bettmeralp und Riederalp","description":"Kranzfelder Markus","publisher":{"@id":"https:\/\/ferienchalet-wallis.ch\/#organization"},"potentialAction":[{"@type":"SearchAction","target":{"@type":"EntryPoint","urlTemplate":"https:\/\/ferienchalet-wallis.ch\/?s={search_term_string}"},"query-input":{"@type":"PropertyValueSpecification","valueRequired":true,"valueName":"search_term_string"}}],"inLanguage":"de"},{"@type":"Organization","@id":"https:\/\/ferienchalet-wallis.ch\/#organization","name":"Liegenschaftsbetreuung \/ Vermietung \u2013 M. Kranzfelder","url":"https:\/\/ferienchalet-wallis.ch\/","logo":{"@type":"ImageObject","inLanguage":"de","@id":"https:\/\/ferienchalet-wallis.ch\/#\/schema\/logo\/image\/","url":"https:\/\/ferienchalet-wallis.ch\/wp-content\/uploads\/2022\/01\/Logo_Kranzfelder.png","contentUrl":"https:\/\/ferienchalet-wallis.ch\/wp-content\/uploads\/2022\/01\/Logo_Kranzfelder.png","width":1526,"height":447,"caption":"Liegenschaftsbetreuung \/ Vermietung \u2013 M. Kranzfelder"},"image":{"@id":"https:\/\/ferienchalet-wallis.ch\/#\/schema\/logo\/image\/"}},{"@type":"Person","@id":"https:\/\/ferienchalet-wallis.ch\/#\/schema\/person\/18b3f062b0514bc953799175b9bfdd2b","name":"WalliSaar","image":{"@type":"ImageObject","inLanguage":"de","@id":"https:\/\/secure.gravatar.com\/avatar\/1be7f9468eac0e02f655be9ab758a01ae5dc72d678841cc4898d463993c78d36?s=96&d=initials&r=g&initials=ru","url":"https:\/\/secure.gravatar.com\/avatar\/1be7f9468eac0e02f655be9ab758a01ae5dc72d678841cc4898d463993c78d36?s=96&d=initials&r=g&initials=ru","contentUrl":"https:\/\/secure.gravatar.com\/avatar\/1be7f9468eac0e02f655be9ab758a01ae5dc72d678841cc4898d463993c78d36?s=96&d=initials&r=g&initials=ru","caption":"WalliSaar"},"description":"Mein Name ist Anja Ruch und ich schreibe die Blogbeitr\u00e4ge f\u00fcr das Ehepaar Markus &amp; Tabitha Kranzfelder. Der Name WalliSaar gr\u00fcndet sich auf meinen Wurzeln im Saarland und den neuen im Wallis. My name is Anja Ruch and I write the blog entries for the Markus &amp; Tabitha Kranzfelder couple. The name WalliSaar shows the connection to my old roots in Saarland and the new ones in Valais.","sameAs":["https:\/\/www.ferienchalet-wallis.ch\/blog"],"url":"https:\/\/ferienchalet-wallis.ch\/de\/author\/wallisaar\/"}]}},"_links":{"self":[{"href":"https:\/\/ferienchalet-wallis.ch\/de\/wp-json\/wp\/v2\/posts\/2412","targetHints":{"allow":["GET"]}}],"collection":[{"href":"https:\/\/ferienchalet-wallis.ch\/de\/wp-json\/wp\/v2\/posts"}],"about":[{"href":"https:\/\/ferienchalet-wallis.ch\/de\/wp-json\/wp\/v2\/types\/post"}],"author":[{"embeddable":true,"href":"https:\/\/ferienchalet-wallis.ch\/de\/wp-json\/wp\/v2\/users\/3"}],"replies":[{"embeddable":true,"href":"https:\/\/ferienchalet-wallis.ch\/de\/wp-json\/wp\/v2\/comments?post=2412"}],"version-history":[{"count":6,"href":"https:\/\/ferienchalet-wallis.ch\/de\/wp-json\/wp\/v2\/posts\/2412\/revisions"}],"predecessor-version":[{"id":2418,"href":"https:\/\/ferienchalet-wallis.ch\/de\/wp-json\/wp\/v2\/posts\/2412\/revisions\/2418"}],"wp:featuredmedia":[{"embeddable":true,"href":"https:\/\/ferienchalet-wallis.ch\/de\/wp-json\/wp\/v2\/media\/2413"}],"wp:attachment":[{"href":"https:\/\/ferienchalet-wallis.ch\/de\/wp-json\/wp\/v2\/media?parent=2412"}],"wp:term":[{"taxonomy":"category","embeddable":true,"href":"https:\/\/ferienchalet-wallis.ch\/de\/wp-json\/wp\/v2\/categories?post=2412"},{"taxonomy":"post_tag","embeddable":true,"href":"https:\/\/ferienchalet-wallis.ch\/de\/wp-json\/wp\/v2\/tags?post=2412"}],"curies":[{"name":"wp","href":"https:\/\/api.w.org\/{rel}","templated":true}]}}