{"id":2423,"date":"2025-06-25T09:38:19","date_gmt":"2025-06-25T09:38:19","guid":{"rendered":"https:\/\/ferienchalet-wallis.ch\/?p=2423"},"modified":"2025-06-25T11:43:23","modified_gmt":"2025-06-25T11:43:23","slug":"bergseen-am-aletsch","status":"publish","type":"post","link":"https:\/\/ferienchalet-wallis.ch\/de\/bergseen-am-aletsch\/","title":{"rendered":"Bergseen am Aletsch zum Abk\u00fchlen"},"content":{"rendered":"\n<style type=\"text\/css\" data-created_by=\"avia_inline_auto\" id=\"style-css-av-mcbqr2io-c3f515a3e15835d12af03a0497c0fad9\">\n#top .av-special-heading.av-mcbqr2io-c3f515a3e15835d12af03a0497c0fad9{\npadding-bottom:10px;\n}\nbody .av-special-heading.av-mcbqr2io-c3f515a3e15835d12af03a0497c0fad9 .av-special-heading-tag .heading-char{\nfont-size:25px;\n}\n.av-special-heading.av-mcbqr2io-c3f515a3e15835d12af03a0497c0fad9 .av-subheading{\nfont-size:15px;\n}\n<\/style>\n<div  class='av-special-heading av-mcbqr2io-c3f515a3e15835d12af03a0497c0fad9 av-special-heading-h2  avia-builder-el-0  el_before_av_image  avia-builder-el-first '><h2 class='av-special-heading-tag'  itemprop=\"headline\"  >Tipps gegen die Sommerhitze<\/h2><div class=\"special-heading-border\"><div class=\"special-heading-inner-border\"><\/div><\/div><\/div>\n\n<style type=\"text\/css\" data-created_by=\"avia_inline_auto\" id=\"style-css-av-mcbqvkhs-9e2b043cd960c4547a144b4dd4a3876b\">\n.avia-image-container.av-mcbqvkhs-9e2b043cd960c4547a144b4dd4a3876b .av-image-caption-overlay-center{\ncolor:#ffffff;\n}\n<\/style>\n<div  class='avia-image-container av-mcbqvkhs-9e2b043cd960c4547a144b4dd4a3876b av-styling- avia-align-center  avia-builder-el-1  el_after_av_heading  el_before_av_textblock '  itemprop=\"image\" itemscope=\"itemscope\" itemtype=\"https:\/\/schema.org\/ImageObject\" ><div class=\"avia-image-container-inner\"><div class=\"avia-image-overlay-wrap\"><img decoding=\"async\" class='wp-image-2424 avia-img-lazy-loading-not-2424 avia_image' src=\"https:\/\/ferienchalet-wallis.ch\/wp-content\/uploads\/2025\/06\/Bergsee_Aletsch-Arena-1500x630.jpg\" alt='Bergsee Aletsch Arena' title='Bergsee Aletsch Arena'  height=\"630\" width=\"1500\"  itemprop=\"thumbnailUrl\"  \/><\/div><\/div><\/div>\n<section  class='av_textblock_section av-mcbrg5mb-e3a8d2b7e5c4b692d8cf6ad4f2202281'  itemscope=\"itemscope\" itemtype=\"https:\/\/schema.org\/BlogPosting\" itemprop=\"blogPost\" ><div class='avia_textblock'  itemprop=\"text\" ><p>Da hab ich doch gestern einen <a href=\"https:\/\/www.srf.ch\/meteo\/meteo-stories\/sommertage-ohne-ende-hitziger-juni-2025\" target=\"_blank\" rel=\"noopener\">Bericht \u00fcber die aktuelle Hitze auf SRF<\/a> gesehen mit einem Bild vom Aletschgletscher und ein Mann k\u00fchlt seine Beine an einer Wasserstelle. Das Bild dazu spricht B\u00e4nde \u00fcber den Hitzerekord im Juni 2025.<\/p>\n<p>Bergseen sind demnach prima geeignet f\u00fcr eine kleine Abk\u00fchlung. In der Aletsch Arena gibt es davon drei Gr\u00f6ssere und auch ganz Kleine. Toll ist auch, dass man im Aletschgebiet eine Wanderung von See zu See machen kann.<\/p>\n<h3>3-Seen-Wanderung: Badesee, Erholungsort und Gletschersee<\/h3>\n<p>Diese <a href=\"https:\/\/www.aletscharena.ch\/planen-buchen\/tour\/grosse-drei-seen-wanderung-bettmersee-blausee-maerjelensee\" target=\"_blank\" rel=\"noopener\">Wanderung<\/a> ist anspruchsvoll, denn sie dauert \u00fcber sechs Stunden. Im Prinzip l\u00e4uft man von der Bergstation Bettmeralp zum Bettmersee, der zum Baden einl\u00e4d. Danach geht es zum Erholungsort Blausee und von dort Richtung Roti Chumma. Ab da gibt es bereits einen Beitrag \u00fcber die <a href=\"https:\/\/ferienchalet-wallis.ch\/wanderung-zum-maerjelensee-im-aletschgebiet\/\" target=\"_blank\" rel=\"noopener\">Wanderung zum M\u00e4rjelensee<\/a>, der Gletschersee am Aletsch. Der Unterschied der beiden Wanderungen besteht darin, dass wir vom Viewpoint Bettmerhorn abgestiegen sind, was die Gesamtstrecke um 2 Stunden verk\u00fcrzt. Der Weg entlang am Aletschgletscher bleibt der gleiche, aber man l\u00e4uft nur am M\u00e4rjelensee vorbei statt an drei Seen.<\/p>\n<h3>Weitere Wasserstellen in der Aletsch Arena<\/h3>\n<p>Weitere kleine Wasserstellen sind der Schonboden See und der Laxerputz. Ersterer liegt in der N\u00e4he des <a href=\"https:\/\/ferienchalet-wallis.ch\/huettenerlebnisse-in-der-aletsch-arena\/\" target=\"_blank\" rel=\"noopener\">Restaurants B\u00e4ttmerhitta<\/a> und der Anglersee Laxerputz liegt auf der <a href=\"https:\/\/ferienchalet-wallis.ch\/schneeschuhtour-betten-dorf-in-richtung-domo-bettmeralp\/\">Schlittelstrecke<\/a>, die im Sommer auch herrliche Aussichten bietet mit sch\u00f6nen Maiens\u00e4ss. Um die F\u00fcsse zu erfrischen reichen diese Wasserstellen allemal. Eine weitere Gelegenheit bei Hitze etwas f\u00fcr die m\u00fcden F\u00fcsse zu tun, findet sich auch bei der <a href=\"https:\/\/ferienchalet-wallis.ch\/neue-kneippanlage-auf-der-riederalp\/\">Kneippanlage auf der Riederalp<\/a>. Geniessen Sie Ihre Wanderferien und probieren Sie die Tipps zum Abk\u00fchlen am Aletschgletscher doch einmal aus. Badesachen einstecken nicht vergessen!<\/p>\n<p><em>Gang am Morge frieh zum Seeji, luschtig gurglet\u2018s Bachji dri<\/em><\/p>\n<\/div><\/section>\n<div class='flex_column av-9o9cgn-bdfe7e056238941ad1c482640ff512a5 av_one_half  avia-builder-el-3  el_after_av_textblock  avia-builder-el-last  first flex_column_div column-top-margin'   ><p><div  class='av-post-metadata-container av-86g6t3-9e94fc042141070dda9b0aac5576c33f av-metadata-container-align-left  avia-builder-el-4  el_before_av_social_share  avia-builder-el-first  av-metadata-container-1'><div class='av-post-metadata-container-inner'><span class=\"av-post-metadata-content av-post-metadata-meta-content\"><span class=\"av-post-metadata-content av-post-metadata-author\"  itemprop=\"author\" ><span class=\"av-metadata-before av-metadata-before-author\">von<\/span><span class=\"av-post-metadata-author-link\" ><a href=\"https:\/\/ferienchalet-wallis.ch\/de\/author\/wallisaar\/\"  rel=\"author\">WalliSaar<\/a><\/span><\/span><span class=\"av-post-metadata-content av-post-metadata-separator\">\/<\/span><span class=\"av-post-metadata-content av-post-metadata-published\"><span class=\"av-post-metadata-published-date\" >Juni 25, 2025<\/span><\/span><\/span><\/div><\/div><br \/>\n<div  class='av-social-sharing-box av-beptj-6077c65fce7d5920111863241df60936 av-social-sharing-box-circle  avia-builder-el-5  el_after_av_post_metadata  avia-builder-el-last  av-social-sharing-box-color-bg av-social-sharing-box-same-width'><div class=\"av-share-box\"><h5 class='av-share-link-description av-no-toc '>Eintrag teilen<\/h5><ul class=\"av-share-box-list noLightbox\"><li class='av-share-link av-social-link-whatsapp' ><a target=\"_blank\" aria-label=\"Teilen auf WhatsApp\" href='https:\/\/api.whatsapp.com\/send?text=https:\/\/ferienchalet-wallis.ch\/de\/bergseen-am-aletsch\/' aria-hidden='false' data-av_icon='\uf232' data-av_iconfont='entypo-fontello' title='' data-avia-related-tooltip='Teilen auf WhatsApp' rel=\"noopener\"><span class='avia_hidden_link_text'>Teilen auf WhatsApp<\/span><\/a><\/li><\/ul><\/div><\/div><\/p><\/div>\n","protected":false},"excerpt":{"rendered":"","protected":false},"author":3,"featured_media":2424,"comment_status":"closed","ping_status":"closed","sticky":false,"template":"","format":"standard","meta":{"footnotes":""},"categories":[6,27,12],"tags":[],"class_list":["post-2423","post","type-post","status-publish","format-standard","has-post-thumbnail","hentry","category-aletsch","category-naturerlebnis","category-wandern"],"yoast_head":"<!-- This site is optimized with the Yoast SEO plugin v27.4 - https:\/\/yoast.com\/product\/yoast-seo-wordpress\/ -->\n<title>Bergseen am Aletsch zum Abk\u00fchlen - Bettmeralp und Riederalp<\/title>\n<meta name=\"description\" content=\"An Bergseen Abk\u00fchlung finden. 3-Seen-Wanderung in der Aletsch Arena.\" \/>\n<meta name=\"robots\" content=\"index, follow, max-snippet:-1, max-image-preview:large, max-video-preview:-1\" \/>\n<link rel=\"canonical\" href=\"https:\/\/ferienchalet-wallis.ch\/de\/bergseen-am-aletsch\/\" \/>\n<meta property=\"og:locale\" content=\"de_DE\" \/>\n<meta property=\"og:type\" content=\"article\" \/>\n<meta property=\"og:title\" content=\"Bergseen am Aletsch zum Abk\u00fchlen - Bettmeralp und Riederalp\" \/>\n<meta property=\"og:description\" content=\"An Bergseen Abk\u00fchlung finden. 3-Seen-Wanderung in der Aletsch Arena.\" \/>\n<meta property=\"og:url\" content=\"https:\/\/ferienchalet-wallis.ch\/de\/bergseen-am-aletsch\/\" \/>\n<meta property=\"og:site_name\" content=\"Bettmeralp und Riederalp\" \/>\n<meta property=\"article:published_time\" content=\"2025-06-25T09:38:19+00:00\" \/>\n<meta property=\"article:modified_time\" content=\"2025-06-25T11:43:23+00:00\" \/>\n<meta property=\"og:image\" content=\"https:\/\/ferienchalet-wallis.ch\/wp-content\/uploads\/2025\/06\/Bergsee_Aletsch-Arena.jpg\" \/>\n\t<meta property=\"og:image:width\" content=\"2047\" \/>\n\t<meta property=\"og:image:height\" content=\"1366\" \/>\n\t<meta property=\"og:image:type\" content=\"image\/jpeg\" \/>\n<meta name=\"author\" content=\"WalliSaar\" \/>\n<meta name=\"twitter:card\" content=\"summary_large_image\" \/>\n<meta name=\"twitter:label1\" content=\"Verfasst von\" \/>\n\t<meta name=\"twitter:data1\" content=\"WalliSaar\" \/>\n\t<meta name=\"twitter:label2\" content=\"Gesch\u00e4tzte Lesezeit\" \/>\n\t<meta name=\"twitter:data2\" content=\"4\u00a0Minuten\" \/>\n<script type=\"application\/ld+json\" class=\"yoast-schema-graph\">{\"@context\":\"https:\\\/\\\/schema.org\",\"@graph\":[{\"@type\":\"Article\",\"@id\":\"https:\\\/\\\/ferienchalet-wallis.ch\\\/bergseen-am-aletsch\\\/#article\",\"isPartOf\":{\"@id\":\"https:\\\/\\\/ferienchalet-wallis.ch\\\/bergseen-am-aletsch\\\/\"},\"author\":{\"name\":\"WalliSaar\",\"@id\":\"https:\\\/\\\/ferienchalet-wallis.ch\\\/#\\\/schema\\\/person\\\/18b3f062b0514bc953799175b9bfdd2b\"},\"headline\":\"Bergseen am Aletsch zum Abk\u00fchlen\",\"datePublished\":\"2025-06-25T09:38:19+00:00\",\"dateModified\":\"2025-06-25T11:43:23+00:00\",\"mainEntityOfPage\":{\"@id\":\"https:\\\/\\\/ferienchalet-wallis.ch\\\/bergseen-am-aletsch\\\/\"},\"wordCount\":839,\"publisher\":{\"@id\":\"https:\\\/\\\/ferienchalet-wallis.ch\\\/#organization\"},\"image\":{\"@id\":\"https:\\\/\\\/ferienchalet-wallis.ch\\\/bergseen-am-aletsch\\\/#primaryimage\"},\"thumbnailUrl\":\"https:\\\/\\\/ferienchalet-wallis.ch\\\/wp-content\\\/uploads\\\/2025\\\/06\\\/Bergsee_Aletsch-Arena.jpg\",\"articleSection\":[\"Aletsch\",\"Naturerlebnis\",\"Wandern\"],\"inLanguage\":\"de\"},{\"@type\":\"WebPage\",\"@id\":\"https:\\\/\\\/ferienchalet-wallis.ch\\\/bergseen-am-aletsch\\\/\",\"url\":\"https:\\\/\\\/ferienchalet-wallis.ch\\\/bergseen-am-aletsch\\\/\",\"name\":\"Bergseen am Aletsch zum Abk\u00fchlen - Bettmeralp und Riederalp\",\"isPartOf\":{\"@id\":\"https:\\\/\\\/ferienchalet-wallis.ch\\\/#website\"},\"primaryImageOfPage\":{\"@id\":\"https:\\\/\\\/ferienchalet-wallis.ch\\\/bergseen-am-aletsch\\\/#primaryimage\"},\"image\":{\"@id\":\"https:\\\/\\\/ferienchalet-wallis.ch\\\/bergseen-am-aletsch\\\/#primaryimage\"},\"thumbnailUrl\":\"https:\\\/\\\/ferienchalet-wallis.ch\\\/wp-content\\\/uploads\\\/2025\\\/06\\\/Bergsee_Aletsch-Arena.jpg\",\"datePublished\":\"2025-06-25T09:38:19+00:00\",\"dateModified\":\"2025-06-25T11:43:23+00:00\",\"description\":\"An Bergseen Abk\u00fchlung finden. 3-Seen-Wanderung in der Aletsch Arena.\",\"breadcrumb\":{\"@id\":\"https:\\\/\\\/ferienchalet-wallis.ch\\\/bergseen-am-aletsch\\\/#breadcrumb\"},\"inLanguage\":\"de\",\"potentialAction\":[{\"@type\":\"ReadAction\",\"target\":[\"https:\\\/\\\/ferienchalet-wallis.ch\\\/bergseen-am-aletsch\\\/\"]}]},{\"@type\":\"ImageObject\",\"inLanguage\":\"de\",\"@id\":\"https:\\\/\\\/ferienchalet-wallis.ch\\\/bergseen-am-aletsch\\\/#primaryimage\",\"url\":\"https:\\\/\\\/ferienchalet-wallis.ch\\\/wp-content\\\/uploads\\\/2025\\\/06\\\/Bergsee_Aletsch-Arena.jpg\",\"contentUrl\":\"https:\\\/\\\/ferienchalet-wallis.ch\\\/wp-content\\\/uploads\\\/2025\\\/06\\\/Bergsee_Aletsch-Arena.jpg\",\"width\":2047,\"height\":1366,\"caption\":\"Bergsee-Aletsch-Arena\"},{\"@type\":\"BreadcrumbList\",\"@id\":\"https:\\\/\\\/ferienchalet-wallis.ch\\\/bergseen-am-aletsch\\\/#breadcrumb\",\"itemListElement\":[{\"@type\":\"ListItem\",\"position\":1,\"name\":\"Home\",\"item\":\"https:\\\/\\\/ferienchalet-wallis.ch\\\/\"},{\"@type\":\"ListItem\",\"position\":2,\"name\":\"Bergseen am Aletsch zum Abk\u00fchlen\"}]},{\"@type\":\"WebSite\",\"@id\":\"https:\\\/\\\/ferienchalet-wallis.ch\\\/#website\",\"url\":\"https:\\\/\\\/ferienchalet-wallis.ch\\\/\",\"name\":\"Bettmeralp und Riederalp\",\"description\":\"Kranzfelder Markus\",\"publisher\":{\"@id\":\"https:\\\/\\\/ferienchalet-wallis.ch\\\/#organization\"},\"potentialAction\":[{\"@type\":\"SearchAction\",\"target\":{\"@type\":\"EntryPoint\",\"urlTemplate\":\"https:\\\/\\\/ferienchalet-wallis.ch\\\/?s={search_term_string}\"},\"query-input\":{\"@type\":\"PropertyValueSpecification\",\"valueRequired\":true,\"valueName\":\"search_term_string\"}}],\"inLanguage\":\"de\"},{\"@type\":\"Organization\",\"@id\":\"https:\\\/\\\/ferienchalet-wallis.ch\\\/#organization\",\"name\":\"Liegenschaftsbetreuung \\\/ Vermietung \u2013 M. Kranzfelder\",\"url\":\"https:\\\/\\\/ferienchalet-wallis.ch\\\/\",\"logo\":{\"@type\":\"ImageObject\",\"inLanguage\":\"de\",\"@id\":\"https:\\\/\\\/ferienchalet-wallis.ch\\\/#\\\/schema\\\/logo\\\/image\\\/\",\"url\":\"https:\\\/\\\/ferienchalet-wallis.ch\\\/wp-content\\\/uploads\\\/2022\\\/01\\\/Logo_Kranzfelder.png\",\"contentUrl\":\"https:\\\/\\\/ferienchalet-wallis.ch\\\/wp-content\\\/uploads\\\/2022\\\/01\\\/Logo_Kranzfelder.png\",\"width\":1526,\"height\":447,\"caption\":\"Liegenschaftsbetreuung \\\/ Vermietung \u2013 M. Kranzfelder\"},\"image\":{\"@id\":\"https:\\\/\\\/ferienchalet-wallis.ch\\\/#\\\/schema\\\/logo\\\/image\\\/\"}},{\"@type\":\"Person\",\"@id\":\"https:\\\/\\\/ferienchalet-wallis.ch\\\/#\\\/schema\\\/person\\\/18b3f062b0514bc953799175b9bfdd2b\",\"name\":\"WalliSaar\",\"image\":{\"@type\":\"ImageObject\",\"inLanguage\":\"de\",\"@id\":\"https:\\\/\\\/secure.gravatar.com\\\/avatar\\\/1be7f9468eac0e02f655be9ab758a01ae5dc72d678841cc4898d463993c78d36?s=96&d=initials&r=g&initials=ru\",\"url\":\"https:\\\/\\\/secure.gravatar.com\\\/avatar\\\/1be7f9468eac0e02f655be9ab758a01ae5dc72d678841cc4898d463993c78d36?s=96&d=initials&r=g&initials=ru\",\"contentUrl\":\"https:\\\/\\\/secure.gravatar.com\\\/avatar\\\/1be7f9468eac0e02f655be9ab758a01ae5dc72d678841cc4898d463993c78d36?s=96&d=initials&r=g&initials=ru\",\"caption\":\"WalliSaar\"},\"description\":\"Mein Name ist Anja Ruch und ich schreibe die Blogbeitr\u00e4ge f\u00fcr das Ehepaar Markus &amp; Tabitha Kranzfelder. Der Name WalliSaar gr\u00fcndet sich auf meinen Wurzeln im Saarland und den neuen im Wallis. My name is Anja Ruch and I write the blog entries for the Markus &amp; Tabitha Kranzfelder couple. The name WalliSaar shows the connection to my old roots in Saarland and the new ones in Valais.\",\"sameAs\":[\"https:\\\/\\\/www.ferienchalet-wallis.ch\\\/blog\"],\"url\":\"https:\\\/\\\/ferienchalet-wallis.ch\\\/de\\\/author\\\/wallisaar\\\/\"}]}<\/script>\n<!-- \/ Yoast SEO plugin. -->","yoast_head_json":{"title":"Bergseen am Aletsch zum Abk\u00fchlen - Bettmeralp und Riederalp","description":"An Bergseen Abk\u00fchlung finden. 3-Seen-Wanderung in der Aletsch Arena.","robots":{"index":"index","follow":"follow","max-snippet":"max-snippet:-1","max-image-preview":"max-image-preview:large","max-video-preview":"max-video-preview:-1"},"canonical":"https:\/\/ferienchalet-wallis.ch\/de\/bergseen-am-aletsch\/","og_locale":"de_DE","og_type":"article","og_title":"Bergseen am Aletsch zum Abk\u00fchlen - Bettmeralp und Riederalp","og_description":"An Bergseen Abk\u00fchlung finden. 3-Seen-Wanderung in der Aletsch Arena.","og_url":"https:\/\/ferienchalet-wallis.ch\/de\/bergseen-am-aletsch\/","og_site_name":"Bettmeralp und Riederalp","article_published_time":"2025-06-25T09:38:19+00:00","article_modified_time":"2025-06-25T11:43:23+00:00","og_image":[{"width":2047,"height":1366,"url":"https:\/\/ferienchalet-wallis.ch\/wp-content\/uploads\/2025\/06\/Bergsee_Aletsch-Arena.jpg","type":"image\/jpeg"}],"author":"WalliSaar","twitter_card":"summary_large_image","twitter_misc":{"Verfasst von":"WalliSaar","Gesch\u00e4tzte Lesezeit":"4\u00a0Minuten"},"schema":{"@context":"https:\/\/schema.org","@graph":[{"@type":"Article","@id":"https:\/\/ferienchalet-wallis.ch\/bergseen-am-aletsch\/#article","isPartOf":{"@id":"https:\/\/ferienchalet-wallis.ch\/bergseen-am-aletsch\/"},"author":{"name":"WalliSaar","@id":"https:\/\/ferienchalet-wallis.ch\/#\/schema\/person\/18b3f062b0514bc953799175b9bfdd2b"},"headline":"Bergseen am Aletsch zum Abk\u00fchlen","datePublished":"2025-06-25T09:38:19+00:00","dateModified":"2025-06-25T11:43:23+00:00","mainEntityOfPage":{"@id":"https:\/\/ferienchalet-wallis.ch\/bergseen-am-aletsch\/"},"wordCount":839,"publisher":{"@id":"https:\/\/ferienchalet-wallis.ch\/#organization"},"image":{"@id":"https:\/\/ferienchalet-wallis.ch\/bergseen-am-aletsch\/#primaryimage"},"thumbnailUrl":"https:\/\/ferienchalet-wallis.ch\/wp-content\/uploads\/2025\/06\/Bergsee_Aletsch-Arena.jpg","articleSection":["Aletsch","Naturerlebnis","Wandern"],"inLanguage":"de"},{"@type":"WebPage","@id":"https:\/\/ferienchalet-wallis.ch\/bergseen-am-aletsch\/","url":"https:\/\/ferienchalet-wallis.ch\/bergseen-am-aletsch\/","name":"Bergseen am Aletsch zum Abk\u00fchlen - Bettmeralp und Riederalp","isPartOf":{"@id":"https:\/\/ferienchalet-wallis.ch\/#website"},"primaryImageOfPage":{"@id":"https:\/\/ferienchalet-wallis.ch\/bergseen-am-aletsch\/#primaryimage"},"image":{"@id":"https:\/\/ferienchalet-wallis.ch\/bergseen-am-aletsch\/#primaryimage"},"thumbnailUrl":"https:\/\/ferienchalet-wallis.ch\/wp-content\/uploads\/2025\/06\/Bergsee_Aletsch-Arena.jpg","datePublished":"2025-06-25T09:38:19+00:00","dateModified":"2025-06-25T11:43:23+00:00","description":"An Bergseen Abk\u00fchlung finden. 3-Seen-Wanderung in der Aletsch Arena.","breadcrumb":{"@id":"https:\/\/ferienchalet-wallis.ch\/bergseen-am-aletsch\/#breadcrumb"},"inLanguage":"de","potentialAction":[{"@type":"ReadAction","target":["https:\/\/ferienchalet-wallis.ch\/bergseen-am-aletsch\/"]}]},{"@type":"ImageObject","inLanguage":"de","@id":"https:\/\/ferienchalet-wallis.ch\/bergseen-am-aletsch\/#primaryimage","url":"https:\/\/ferienchalet-wallis.ch\/wp-content\/uploads\/2025\/06\/Bergsee_Aletsch-Arena.jpg","contentUrl":"https:\/\/ferienchalet-wallis.ch\/wp-content\/uploads\/2025\/06\/Bergsee_Aletsch-Arena.jpg","width":2047,"height":1366,"caption":"Bergsee-Aletsch-Arena"},{"@type":"BreadcrumbList","@id":"https:\/\/ferienchalet-wallis.ch\/bergseen-am-aletsch\/#breadcrumb","itemListElement":[{"@type":"ListItem","position":1,"name":"Home","item":"https:\/\/ferienchalet-wallis.ch\/"},{"@type":"ListItem","position":2,"name":"Bergseen am Aletsch zum Abk\u00fchlen"}]},{"@type":"WebSite","@id":"https:\/\/ferienchalet-wallis.ch\/#website","url":"https:\/\/ferienchalet-wallis.ch\/","name":"Bettmeralp und Riederalp","description":"Kranzfelder Markus","publisher":{"@id":"https:\/\/ferienchalet-wallis.ch\/#organization"},"potentialAction":[{"@type":"SearchAction","target":{"@type":"EntryPoint","urlTemplate":"https:\/\/ferienchalet-wallis.ch\/?s={search_term_string}"},"query-input":{"@type":"PropertyValueSpecification","valueRequired":true,"valueName":"search_term_string"}}],"inLanguage":"de"},{"@type":"Organization","@id":"https:\/\/ferienchalet-wallis.ch\/#organization","name":"Liegenschaftsbetreuung \/ Vermietung \u2013 M. Kranzfelder","url":"https:\/\/ferienchalet-wallis.ch\/","logo":{"@type":"ImageObject","inLanguage":"de","@id":"https:\/\/ferienchalet-wallis.ch\/#\/schema\/logo\/image\/","url":"https:\/\/ferienchalet-wallis.ch\/wp-content\/uploads\/2022\/01\/Logo_Kranzfelder.png","contentUrl":"https:\/\/ferienchalet-wallis.ch\/wp-content\/uploads\/2022\/01\/Logo_Kranzfelder.png","width":1526,"height":447,"caption":"Liegenschaftsbetreuung \/ Vermietung \u2013 M. Kranzfelder"},"image":{"@id":"https:\/\/ferienchalet-wallis.ch\/#\/schema\/logo\/image\/"}},{"@type":"Person","@id":"https:\/\/ferienchalet-wallis.ch\/#\/schema\/person\/18b3f062b0514bc953799175b9bfdd2b","name":"WalliSaar","image":{"@type":"ImageObject","inLanguage":"de","@id":"https:\/\/secure.gravatar.com\/avatar\/1be7f9468eac0e02f655be9ab758a01ae5dc72d678841cc4898d463993c78d36?s=96&d=initials&r=g&initials=ru","url":"https:\/\/secure.gravatar.com\/avatar\/1be7f9468eac0e02f655be9ab758a01ae5dc72d678841cc4898d463993c78d36?s=96&d=initials&r=g&initials=ru","contentUrl":"https:\/\/secure.gravatar.com\/avatar\/1be7f9468eac0e02f655be9ab758a01ae5dc72d678841cc4898d463993c78d36?s=96&d=initials&r=g&initials=ru","caption":"WalliSaar"},"description":"Mein Name ist Anja Ruch und ich schreibe die Blogbeitr\u00e4ge f\u00fcr das Ehepaar Markus &amp; Tabitha Kranzfelder. Der Name WalliSaar gr\u00fcndet sich auf meinen Wurzeln im Saarland und den neuen im Wallis. My name is Anja Ruch and I write the blog entries for the Markus &amp; Tabitha Kranzfelder couple. The name WalliSaar shows the connection to my old roots in Saarland and the new ones in Valais.","sameAs":["https:\/\/www.ferienchalet-wallis.ch\/blog"],"url":"https:\/\/ferienchalet-wallis.ch\/de\/author\/wallisaar\/"}]}},"_links":{"self":[{"href":"https:\/\/ferienchalet-wallis.ch\/de\/wp-json\/wp\/v2\/posts\/2423","targetHints":{"allow":["GET"]}}],"collection":[{"href":"https:\/\/ferienchalet-wallis.ch\/de\/wp-json\/wp\/v2\/posts"}],"about":[{"href":"https:\/\/ferienchalet-wallis.ch\/de\/wp-json\/wp\/v2\/types\/post"}],"author":[{"embeddable":true,"href":"https:\/\/ferienchalet-wallis.ch\/de\/wp-json\/wp\/v2\/users\/3"}],"replies":[{"embeddable":true,"href":"https:\/\/ferienchalet-wallis.ch\/de\/wp-json\/wp\/v2\/comments?post=2423"}],"version-history":[{"count":5,"href":"https:\/\/ferienchalet-wallis.ch\/de\/wp-json\/wp\/v2\/posts\/2423\/revisions"}],"predecessor-version":[{"id":2431,"href":"https:\/\/ferienchalet-wallis.ch\/de\/wp-json\/wp\/v2\/posts\/2423\/revisions\/2431"}],"wp:featuredmedia":[{"embeddable":true,"href":"https:\/\/ferienchalet-wallis.ch\/de\/wp-json\/wp\/v2\/media\/2424"}],"wp:attachment":[{"href":"https:\/\/ferienchalet-wallis.ch\/de\/wp-json\/wp\/v2\/media?parent=2423"}],"wp:term":[{"taxonomy":"category","embeddable":true,"href":"https:\/\/ferienchalet-wallis.ch\/de\/wp-json\/wp\/v2\/categories?post=2423"},{"taxonomy":"post_tag","embeddable":true,"href":"https:\/\/ferienchalet-wallis.ch\/de\/wp-json\/wp\/v2\/tags?post=2423"}],"curies":[{"name":"wp","href":"https:\/\/api.w.org\/{rel}","templated":true}]}}