{"id":2433,"date":"2025-07-16T07:41:09","date_gmt":"2025-07-16T07:41:09","guid":{"rendered":"https:\/\/ferienchalet-wallis.ch\/?p=2433"},"modified":"2025-07-16T08:04:17","modified_gmt":"2025-07-16T08:04:17","slug":"was-ein-zirkus","status":"publish","type":"post","link":"https:\/\/ferienchalet-wallis.ch\/de\/was-ein-zirkus\/","title":{"rendered":"Was ein Zirkus"},"content":{"rendered":"\n<style type=\"text\/css\" data-created_by=\"avia_inline_auto\" id=\"style-css-av-md5n2tc5-ff93e5f785238dde1a5a730afb5aab4b\">\n#top .av-special-heading.av-md5n2tc5-ff93e5f785238dde1a5a730afb5aab4b{\npadding-bottom:10px;\n}\nbody .av-special-heading.av-md5n2tc5-ff93e5f785238dde1a5a730afb5aab4b .av-special-heading-tag .heading-char{\nfont-size:25px;\n}\n.av-special-heading.av-md5n2tc5-ff93e5f785238dde1a5a730afb5aab4b .av-subheading{\nfont-size:15px;\n}\n<\/style>\n<div  class='av-special-heading av-md5n2tc5-ff93e5f785238dde1a5a730afb5aab4b av-special-heading-h2  avia-builder-el-0  el_before_av_image  avia-builder-el-first '><h2 class='av-special-heading-tag'  itemprop=\"headline\"  >Zirkuserlebnisse mit Kindern<\/h2><div class=\"special-heading-border\"><div class=\"special-heading-inner-border\"><\/div><\/div><\/div>\n\n<style type=\"text\/css\" data-created_by=\"avia_inline_auto\" id=\"style-css-av-md5n21x9-47c4c2862a20d7b61fe1bbcbea7be3dc\">\n.avia-image-container.av-md5n21x9-47c4c2862a20d7b61fe1bbcbea7be3dc .av-image-caption-overlay-center{\ncolor:#ffffff;\n}\n<\/style>\n<div  class='avia-image-container av-md5n21x9-47c4c2862a20d7b61fe1bbcbea7be3dc av-styling- avia-align-center  avia-builder-el-1  el_after_av_heading  el_before_av_textblock '  itemprop=\"image\" itemscope=\"itemscope\" itemtype=\"https:\/\/schema.org\/ImageObject\" ><div class=\"avia-image-container-inner\"><div class=\"avia-image-overlay-wrap\"><img decoding=\"async\" class='wp-image-2434 avia-img-lazy-loading-not-2434 avia_image' src=\"https:\/\/ferienchalet-wallis.ch\/wp-content\/uploads\/2025\/07\/Mitmachzirkus_Aletsch-1500x630.jpg\" alt='Mitmachzirkus Aletsch Arena' title='Mitmachzirkus Aletsch Arena'  height=\"630\" width=\"1500\"  itemprop=\"thumbnailUrl\"  \/><\/div><\/div><\/div>\n<section  class='av_textblock_section av-md5n9gol-78fbea24b5459df31d4efe89ec7ba563'  itemscope=\"itemscope\" itemtype=\"https:\/\/schema.org\/BlogPosting\" itemprop=\"blogPost\" ><div class='avia_textblock'  itemprop=\"text\" ><p>Wer geht als Kind nicht gerne in den Zirkus? Ich zumindest habe es geliebt. Selbst heute noch als Erwachsener ist ein Zirkusbesuch immer noch spannend. Oder sind Sie noch nicht im Cirque du soleil gewesen? Dann sollten Sie das definitiv einmal tun. Und f\u00fcr die ganze Familie gibt es diesen Juli auf der Bettmeralp auch wieder Zirkus. Dann tritt allerdings Ihr Kind auf und zwar im Mitmachzirkus der Zirkusschule Marotte. Das hat es in meiner Kindheit nicht gegeben. Leider. Ich h\u00e4tte mitgemacht.<\/p>\n<h3>Kinderzirkus mit der Zirkusschule Marotte<\/h3>\n<p>Die <a href=\"https:\/\/marotte.ch\/zirkusschule\/angebot\/ferien\/243.2.77.0.html\" target=\"_blank\" rel=\"noopener\">Zirkusschule Marotte<\/a> bietet jedes Jahr ein Ferienprogramm an, das auch auf der Bettmeralp stattfindet. Ausgebildete Zirkusp\u00e4dagogen zeigen den Kindern t\u00e4glich akrobatische Lektionen, wodurch sie auf liebevolle Art die Kinder nach ihrer individuellen Veranlagung f\u00f6rdern. Der Kurs ist an Kinder bis 16 Jahre gerichtet. Die <a href=\"https:\/\/shop.aletscharena.ch\/de\/products\/mitmachzirkus-fuer-kinder?_gl=1*42279a*_gcl_au*NTkxOTEzNzAzLjE3NDI0MTgwNjA.*FPAU*NTkxOTEzNzAzLjE3NDI0MTgwNjA.\" target=\"_blank\" rel=\"noopener\">Anmeldung<\/a> erfolgt auf der Webseite der Aletsch Arena. Kursbeginn ist<strong> ab n\u00e4chsten Montag, 21.07.2025<\/strong>. Eile ist also angesagt. Wenn Sie Zeit und Muse haben, k\u00f6nnen Sie sich auf Youtube das komplette <a href=\"https:\/\/www.youtube.com\/watch?v=PEXSs7Sd0BI\" target=\"_blank\" rel=\"noopener\">Programm von 2024<\/a> anschauen.<\/p>\n<h3>Artistisches M\u00e4rchentheater im weissen Zelt<\/h3>\n<p>Und wenn wir schon \u00fcber Zirkus reden, m\u00f6chte ich auch noch den <a href=\"https:\/\/nicole-et-martin.ch\/de\/about\/\" target=\"_blank\" rel=\"noopener\">M\u00e4rchenzirkus von Nicole und Martin<\/a> erw\u00e4hnen. Diese Beiden f\u00fchren mit ihrem Team auf der Riederalp ein M\u00e4rchentheater auf mit akrobatischen Einlagen <strong>vom 31. Juli bis 03. August 2025<\/strong>. An diesen 4 Tagen wird jeweils ein M\u00e4rchen aufgef\u00fchrt mit anschliessendem Kennenlernen der K\u00fcnstler. Die Auff\u00fchrungen sind f\u00fcr die ganze Familie mit Kindern ab 5 Jahren gedacht. Der Eintritt kostet 25 CHF pro Erwachsener und 15 CHF pro Kind. Mit der G\u00e4stekarte der Aletsch Arena erhalten Sie 50% Reduktion.<\/p>\n<p><em>Wer nid tanze und turne cha, wer kei Freid am L\u00e4bbe het, der sellti nid in e Zirkus gah, der sellti blibe deheim im Bett<\/em><\/p>\n<\/div><\/section>\n<div class='flex_column av-x76kh-47386b0ed6e51e7ec096884d47529e1e av_one_half  avia-builder-el-3  el_after_av_textblock  avia-builder-el-last  first flex_column_div column-top-margin'   ><p><div  class='av-post-metadata-container av-6s9k8h-95a48e3cb7dcdde9fd10981d44036e31 av-metadata-container-align-left  avia-builder-el-4  el_before_av_social_share  avia-builder-el-first  av-metadata-container-1'><div class='av-post-metadata-container-inner'><span class=\"av-post-metadata-content av-post-metadata-meta-content\"><span class=\"av-post-metadata-content av-post-metadata-author\"  itemprop=\"author\" ><span class=\"av-metadata-before av-metadata-before-author\">von<\/span><span class=\"av-post-metadata-author-link\" ><a href=\"https:\/\/ferienchalet-wallis.ch\/de\/author\/wallisaar\/\"  rel=\"author\">WalliSaar<\/a><\/span><\/span><span class=\"av-post-metadata-content av-post-metadata-separator\">\/<\/span><span class=\"av-post-metadata-content av-post-metadata-published\"><span class=\"av-post-metadata-published-date\" >Juli 16, 2025<\/span><\/span><\/span><\/div><\/div><br \/>\n<div  class='av-social-sharing-box av-21kddt-6a97f29f761b46181158b1baeaad6db7 av-social-sharing-box-circle  avia-builder-el-5  el_after_av_post_metadata  avia-builder-el-last  av-social-sharing-box-color-bg av-social-sharing-box-same-width'><div class=\"av-share-box\"><h5 class='av-share-link-description av-no-toc '>Eintrag teilen<\/h5><ul class=\"av-share-box-list noLightbox\"><li class='av-share-link av-social-link-whatsapp' ><a target=\"_blank\" aria-label=\"Teilen auf WhatsApp\" href='https:\/\/api.whatsapp.com\/send?text=https:\/\/ferienchalet-wallis.ch\/de\/was-ein-zirkus\/' aria-hidden='false' data-av_icon='\uf232' data-av_iconfont='entypo-fontello' title='' data-avia-related-tooltip='Teilen auf WhatsApp' rel=\"noopener\"><span class='avia_hidden_link_text'>Teilen auf WhatsApp<\/span><\/a><\/li><\/ul><\/div><\/div><\/p><\/div>\n","protected":false},"excerpt":{"rendered":"","protected":false},"author":3,"featured_media":2434,"comment_status":"closed","ping_status":"closed","sticky":false,"template":"","format":"standard","meta":{"footnotes":""},"categories":[6,8,17,7,20],"tags":[],"class_list":["post-2433","post","type-post","status-publish","format-standard","has-post-thumbnail","hentry","category-aletsch","category-bettmeralp","category-kinder","category-riederalp","category-veranstaltungen"],"yoast_head":"<!-- This site is optimized with the Yoast SEO plugin v27.4 - https:\/\/yoast.com\/product\/yoast-seo-wordpress\/ -->\n<title>Was ein Zirkus - Bettmeralp und Riederalp<\/title>\n<meta name=\"description\" content=\"Am Aletsch gibt es auch 2025 Zirkusevents. Sogar mit Teilnahme und Gestaltung durch Ihre Kinder.\" \/>\n<meta name=\"robots\" content=\"index, follow, max-snippet:-1, max-image-preview:large, max-video-preview:-1\" \/>\n<link rel=\"canonical\" href=\"https:\/\/ferienchalet-wallis.ch\/de\/was-ein-zirkus\/\" \/>\n<meta property=\"og:locale\" content=\"de_DE\" \/>\n<meta property=\"og:type\" content=\"article\" \/>\n<meta property=\"og:title\" content=\"Was ein Zirkus - Bettmeralp und Riederalp\" \/>\n<meta property=\"og:description\" content=\"Am Aletsch gibt es auch 2025 Zirkusevents. Sogar mit Teilnahme und Gestaltung durch Ihre Kinder.\" \/>\n<meta property=\"og:url\" content=\"https:\/\/ferienchalet-wallis.ch\/de\/was-ein-zirkus\/\" \/>\n<meta property=\"og:site_name\" content=\"Bettmeralp und Riederalp\" \/>\n<meta property=\"article:published_time\" content=\"2025-07-16T07:41:09+00:00\" \/>\n<meta property=\"article:modified_time\" content=\"2025-07-16T08:04:17+00:00\" \/>\n<meta property=\"og:image\" content=\"https:\/\/ferienchalet-wallis.ch\/wp-content\/uploads\/2025\/07\/Mitmachzirkus_Aletsch.jpg\" \/>\n\t<meta property=\"og:image:width\" content=\"2560\" \/>\n\t<meta property=\"og:image:height\" content=\"1707\" \/>\n\t<meta property=\"og:image:type\" content=\"image\/jpeg\" \/>\n<meta name=\"author\" content=\"WalliSaar\" \/>\n<meta name=\"twitter:card\" content=\"summary_large_image\" \/>\n<meta name=\"twitter:label1\" content=\"Verfasst von\" \/>\n\t<meta name=\"twitter:data1\" content=\"WalliSaar\" \/>\n\t<meta name=\"twitter:label2\" content=\"Gesch\u00e4tzte Lesezeit\" \/>\n\t<meta name=\"twitter:data2\" content=\"4\u00a0Minuten\" \/>\n<script type=\"application\/ld+json\" class=\"yoast-schema-graph\">{\"@context\":\"https:\\\/\\\/schema.org\",\"@graph\":[{\"@type\":\"Article\",\"@id\":\"https:\\\/\\\/ferienchalet-wallis.ch\\\/was-ein-zirkus\\\/#article\",\"isPartOf\":{\"@id\":\"https:\\\/\\\/ferienchalet-wallis.ch\\\/was-ein-zirkus\\\/\"},\"author\":{\"name\":\"WalliSaar\",\"@id\":\"https:\\\/\\\/ferienchalet-wallis.ch\\\/#\\\/schema\\\/person\\\/18b3f062b0514bc953799175b9bfdd2b\"},\"headline\":\"Was ein Zirkus\",\"datePublished\":\"2025-07-16T07:41:09+00:00\",\"dateModified\":\"2025-07-16T08:04:17+00:00\",\"mainEntityOfPage\":{\"@id\":\"https:\\\/\\\/ferienchalet-wallis.ch\\\/was-ein-zirkus\\\/\"},\"wordCount\":842,\"publisher\":{\"@id\":\"https:\\\/\\\/ferienchalet-wallis.ch\\\/#organization\"},\"image\":{\"@id\":\"https:\\\/\\\/ferienchalet-wallis.ch\\\/was-ein-zirkus\\\/#primaryimage\"},\"thumbnailUrl\":\"https:\\\/\\\/ferienchalet-wallis.ch\\\/wp-content\\\/uploads\\\/2025\\\/07\\\/Mitmachzirkus_Aletsch.jpg\",\"articleSection\":[\"Aletsch\",\"Bettmeralp\",\"Kinder\",\"Riederalp\",\"Veranstaltungen\"],\"inLanguage\":\"de\"},{\"@type\":\"WebPage\",\"@id\":\"https:\\\/\\\/ferienchalet-wallis.ch\\\/was-ein-zirkus\\\/\",\"url\":\"https:\\\/\\\/ferienchalet-wallis.ch\\\/was-ein-zirkus\\\/\",\"name\":\"Was ein Zirkus - Bettmeralp und Riederalp\",\"isPartOf\":{\"@id\":\"https:\\\/\\\/ferienchalet-wallis.ch\\\/#website\"},\"primaryImageOfPage\":{\"@id\":\"https:\\\/\\\/ferienchalet-wallis.ch\\\/was-ein-zirkus\\\/#primaryimage\"},\"image\":{\"@id\":\"https:\\\/\\\/ferienchalet-wallis.ch\\\/was-ein-zirkus\\\/#primaryimage\"},\"thumbnailUrl\":\"https:\\\/\\\/ferienchalet-wallis.ch\\\/wp-content\\\/uploads\\\/2025\\\/07\\\/Mitmachzirkus_Aletsch.jpg\",\"datePublished\":\"2025-07-16T07:41:09+00:00\",\"dateModified\":\"2025-07-16T08:04:17+00:00\",\"description\":\"Am Aletsch gibt es auch 2025 Zirkusevents. Sogar mit Teilnahme und Gestaltung durch Ihre Kinder.\",\"breadcrumb\":{\"@id\":\"https:\\\/\\\/ferienchalet-wallis.ch\\\/was-ein-zirkus\\\/#breadcrumb\"},\"inLanguage\":\"de\",\"potentialAction\":[{\"@type\":\"ReadAction\",\"target\":[\"https:\\\/\\\/ferienchalet-wallis.ch\\\/was-ein-zirkus\\\/\"]}]},{\"@type\":\"ImageObject\",\"inLanguage\":\"de\",\"@id\":\"https:\\\/\\\/ferienchalet-wallis.ch\\\/was-ein-zirkus\\\/#primaryimage\",\"url\":\"https:\\\/\\\/ferienchalet-wallis.ch\\\/wp-content\\\/uploads\\\/2025\\\/07\\\/Mitmachzirkus_Aletsch.jpg\",\"contentUrl\":\"https:\\\/\\\/ferienchalet-wallis.ch\\\/wp-content\\\/uploads\\\/2025\\\/07\\\/Mitmachzirkus_Aletsch.jpg\",\"width\":2560,\"height\":1707,\"caption\":\"2022-Mitmachzirkus auf der Bettmeralp in der Aletsch Arena\"},{\"@type\":\"BreadcrumbList\",\"@id\":\"https:\\\/\\\/ferienchalet-wallis.ch\\\/was-ein-zirkus\\\/#breadcrumb\",\"itemListElement\":[{\"@type\":\"ListItem\",\"position\":1,\"name\":\"Home\",\"item\":\"https:\\\/\\\/ferienchalet-wallis.ch\\\/\"},{\"@type\":\"ListItem\",\"position\":2,\"name\":\"Was ein Zirkus\"}]},{\"@type\":\"WebSite\",\"@id\":\"https:\\\/\\\/ferienchalet-wallis.ch\\\/#website\",\"url\":\"https:\\\/\\\/ferienchalet-wallis.ch\\\/\",\"name\":\"Bettmeralp und Riederalp\",\"description\":\"Kranzfelder Markus\",\"publisher\":{\"@id\":\"https:\\\/\\\/ferienchalet-wallis.ch\\\/#organization\"},\"potentialAction\":[{\"@type\":\"SearchAction\",\"target\":{\"@type\":\"EntryPoint\",\"urlTemplate\":\"https:\\\/\\\/ferienchalet-wallis.ch\\\/?s={search_term_string}\"},\"query-input\":{\"@type\":\"PropertyValueSpecification\",\"valueRequired\":true,\"valueName\":\"search_term_string\"}}],\"inLanguage\":\"de\"},{\"@type\":\"Organization\",\"@id\":\"https:\\\/\\\/ferienchalet-wallis.ch\\\/#organization\",\"name\":\"Liegenschaftsbetreuung \\\/ Vermietung \u2013 M. Kranzfelder\",\"url\":\"https:\\\/\\\/ferienchalet-wallis.ch\\\/\",\"logo\":{\"@type\":\"ImageObject\",\"inLanguage\":\"de\",\"@id\":\"https:\\\/\\\/ferienchalet-wallis.ch\\\/#\\\/schema\\\/logo\\\/image\\\/\",\"url\":\"https:\\\/\\\/ferienchalet-wallis.ch\\\/wp-content\\\/uploads\\\/2022\\\/01\\\/Logo_Kranzfelder.png\",\"contentUrl\":\"https:\\\/\\\/ferienchalet-wallis.ch\\\/wp-content\\\/uploads\\\/2022\\\/01\\\/Logo_Kranzfelder.png\",\"width\":1526,\"height\":447,\"caption\":\"Liegenschaftsbetreuung \\\/ Vermietung \u2013 M. Kranzfelder\"},\"image\":{\"@id\":\"https:\\\/\\\/ferienchalet-wallis.ch\\\/#\\\/schema\\\/logo\\\/image\\\/\"}},{\"@type\":\"Person\",\"@id\":\"https:\\\/\\\/ferienchalet-wallis.ch\\\/#\\\/schema\\\/person\\\/18b3f062b0514bc953799175b9bfdd2b\",\"name\":\"WalliSaar\",\"image\":{\"@type\":\"ImageObject\",\"inLanguage\":\"de\",\"@id\":\"https:\\\/\\\/secure.gravatar.com\\\/avatar\\\/1be7f9468eac0e02f655be9ab758a01ae5dc72d678841cc4898d463993c78d36?s=96&d=initials&r=g&initials=ru\",\"url\":\"https:\\\/\\\/secure.gravatar.com\\\/avatar\\\/1be7f9468eac0e02f655be9ab758a01ae5dc72d678841cc4898d463993c78d36?s=96&d=initials&r=g&initials=ru\",\"contentUrl\":\"https:\\\/\\\/secure.gravatar.com\\\/avatar\\\/1be7f9468eac0e02f655be9ab758a01ae5dc72d678841cc4898d463993c78d36?s=96&d=initials&r=g&initials=ru\",\"caption\":\"WalliSaar\"},\"description\":\"Mein Name ist Anja Ruch und ich schreibe die Blogbeitr\u00e4ge f\u00fcr das Ehepaar Markus &amp; Tabitha Kranzfelder. Der Name WalliSaar gr\u00fcndet sich auf meinen Wurzeln im Saarland und den neuen im Wallis. My name is Anja Ruch and I write the blog entries for the Markus &amp; Tabitha Kranzfelder couple. The name WalliSaar shows the connection to my old roots in Saarland and the new ones in Valais.\",\"sameAs\":[\"https:\\\/\\\/www.ferienchalet-wallis.ch\\\/blog\"],\"url\":\"https:\\\/\\\/ferienchalet-wallis.ch\\\/de\\\/author\\\/wallisaar\\\/\"}]}<\/script>\n<!-- \/ Yoast SEO plugin. -->","yoast_head_json":{"title":"Was ein Zirkus - Bettmeralp und Riederalp","description":"Am Aletsch gibt es auch 2025 Zirkusevents. Sogar mit Teilnahme und Gestaltung durch Ihre Kinder.","robots":{"index":"index","follow":"follow","max-snippet":"max-snippet:-1","max-image-preview":"max-image-preview:large","max-video-preview":"max-video-preview:-1"},"canonical":"https:\/\/ferienchalet-wallis.ch\/de\/was-ein-zirkus\/","og_locale":"de_DE","og_type":"article","og_title":"Was ein Zirkus - Bettmeralp und Riederalp","og_description":"Am Aletsch gibt es auch 2025 Zirkusevents. Sogar mit Teilnahme und Gestaltung durch Ihre Kinder.","og_url":"https:\/\/ferienchalet-wallis.ch\/de\/was-ein-zirkus\/","og_site_name":"Bettmeralp und Riederalp","article_published_time":"2025-07-16T07:41:09+00:00","article_modified_time":"2025-07-16T08:04:17+00:00","og_image":[{"width":2560,"height":1707,"url":"https:\/\/ferienchalet-wallis.ch\/wp-content\/uploads\/2025\/07\/Mitmachzirkus_Aletsch.jpg","type":"image\/jpeg"}],"author":"WalliSaar","twitter_card":"summary_large_image","twitter_misc":{"Verfasst von":"WalliSaar","Gesch\u00e4tzte Lesezeit":"4\u00a0Minuten"},"schema":{"@context":"https:\/\/schema.org","@graph":[{"@type":"Article","@id":"https:\/\/ferienchalet-wallis.ch\/was-ein-zirkus\/#article","isPartOf":{"@id":"https:\/\/ferienchalet-wallis.ch\/was-ein-zirkus\/"},"author":{"name":"WalliSaar","@id":"https:\/\/ferienchalet-wallis.ch\/#\/schema\/person\/18b3f062b0514bc953799175b9bfdd2b"},"headline":"Was ein Zirkus","datePublished":"2025-07-16T07:41:09+00:00","dateModified":"2025-07-16T08:04:17+00:00","mainEntityOfPage":{"@id":"https:\/\/ferienchalet-wallis.ch\/was-ein-zirkus\/"},"wordCount":842,"publisher":{"@id":"https:\/\/ferienchalet-wallis.ch\/#organization"},"image":{"@id":"https:\/\/ferienchalet-wallis.ch\/was-ein-zirkus\/#primaryimage"},"thumbnailUrl":"https:\/\/ferienchalet-wallis.ch\/wp-content\/uploads\/2025\/07\/Mitmachzirkus_Aletsch.jpg","articleSection":["Aletsch","Bettmeralp","Kinder","Riederalp","Veranstaltungen"],"inLanguage":"de"},{"@type":"WebPage","@id":"https:\/\/ferienchalet-wallis.ch\/was-ein-zirkus\/","url":"https:\/\/ferienchalet-wallis.ch\/was-ein-zirkus\/","name":"Was ein Zirkus - Bettmeralp und Riederalp","isPartOf":{"@id":"https:\/\/ferienchalet-wallis.ch\/#website"},"primaryImageOfPage":{"@id":"https:\/\/ferienchalet-wallis.ch\/was-ein-zirkus\/#primaryimage"},"image":{"@id":"https:\/\/ferienchalet-wallis.ch\/was-ein-zirkus\/#primaryimage"},"thumbnailUrl":"https:\/\/ferienchalet-wallis.ch\/wp-content\/uploads\/2025\/07\/Mitmachzirkus_Aletsch.jpg","datePublished":"2025-07-16T07:41:09+00:00","dateModified":"2025-07-16T08:04:17+00:00","description":"Am Aletsch gibt es auch 2025 Zirkusevents. Sogar mit Teilnahme und Gestaltung durch Ihre Kinder.","breadcrumb":{"@id":"https:\/\/ferienchalet-wallis.ch\/was-ein-zirkus\/#breadcrumb"},"inLanguage":"de","potentialAction":[{"@type":"ReadAction","target":["https:\/\/ferienchalet-wallis.ch\/was-ein-zirkus\/"]}]},{"@type":"ImageObject","inLanguage":"de","@id":"https:\/\/ferienchalet-wallis.ch\/was-ein-zirkus\/#primaryimage","url":"https:\/\/ferienchalet-wallis.ch\/wp-content\/uploads\/2025\/07\/Mitmachzirkus_Aletsch.jpg","contentUrl":"https:\/\/ferienchalet-wallis.ch\/wp-content\/uploads\/2025\/07\/Mitmachzirkus_Aletsch.jpg","width":2560,"height":1707,"caption":"2022-Mitmachzirkus auf der Bettmeralp in der Aletsch Arena"},{"@type":"BreadcrumbList","@id":"https:\/\/ferienchalet-wallis.ch\/was-ein-zirkus\/#breadcrumb","itemListElement":[{"@type":"ListItem","position":1,"name":"Home","item":"https:\/\/ferienchalet-wallis.ch\/"},{"@type":"ListItem","position":2,"name":"Was ein Zirkus"}]},{"@type":"WebSite","@id":"https:\/\/ferienchalet-wallis.ch\/#website","url":"https:\/\/ferienchalet-wallis.ch\/","name":"Bettmeralp und Riederalp","description":"Kranzfelder Markus","publisher":{"@id":"https:\/\/ferienchalet-wallis.ch\/#organization"},"potentialAction":[{"@type":"SearchAction","target":{"@type":"EntryPoint","urlTemplate":"https:\/\/ferienchalet-wallis.ch\/?s={search_term_string}"},"query-input":{"@type":"PropertyValueSpecification","valueRequired":true,"valueName":"search_term_string"}}],"inLanguage":"de"},{"@type":"Organization","@id":"https:\/\/ferienchalet-wallis.ch\/#organization","name":"Liegenschaftsbetreuung \/ Vermietung \u2013 M. Kranzfelder","url":"https:\/\/ferienchalet-wallis.ch\/","logo":{"@type":"ImageObject","inLanguage":"de","@id":"https:\/\/ferienchalet-wallis.ch\/#\/schema\/logo\/image\/","url":"https:\/\/ferienchalet-wallis.ch\/wp-content\/uploads\/2022\/01\/Logo_Kranzfelder.png","contentUrl":"https:\/\/ferienchalet-wallis.ch\/wp-content\/uploads\/2022\/01\/Logo_Kranzfelder.png","width":1526,"height":447,"caption":"Liegenschaftsbetreuung \/ Vermietung \u2013 M. Kranzfelder"},"image":{"@id":"https:\/\/ferienchalet-wallis.ch\/#\/schema\/logo\/image\/"}},{"@type":"Person","@id":"https:\/\/ferienchalet-wallis.ch\/#\/schema\/person\/18b3f062b0514bc953799175b9bfdd2b","name":"WalliSaar","image":{"@type":"ImageObject","inLanguage":"de","@id":"https:\/\/secure.gravatar.com\/avatar\/1be7f9468eac0e02f655be9ab758a01ae5dc72d678841cc4898d463993c78d36?s=96&d=initials&r=g&initials=ru","url":"https:\/\/secure.gravatar.com\/avatar\/1be7f9468eac0e02f655be9ab758a01ae5dc72d678841cc4898d463993c78d36?s=96&d=initials&r=g&initials=ru","contentUrl":"https:\/\/secure.gravatar.com\/avatar\/1be7f9468eac0e02f655be9ab758a01ae5dc72d678841cc4898d463993c78d36?s=96&d=initials&r=g&initials=ru","caption":"WalliSaar"},"description":"Mein Name ist Anja Ruch und ich schreibe die Blogbeitr\u00e4ge f\u00fcr das Ehepaar Markus &amp; Tabitha Kranzfelder. Der Name WalliSaar gr\u00fcndet sich auf meinen Wurzeln im Saarland und den neuen im Wallis. My name is Anja Ruch and I write the blog entries for the Markus &amp; Tabitha Kranzfelder couple. The name WalliSaar shows the connection to my old roots in Saarland and the new ones in Valais.","sameAs":["https:\/\/www.ferienchalet-wallis.ch\/blog"],"url":"https:\/\/ferienchalet-wallis.ch\/de\/author\/wallisaar\/"}]}},"_links":{"self":[{"href":"https:\/\/ferienchalet-wallis.ch\/de\/wp-json\/wp\/v2\/posts\/2433","targetHints":{"allow":["GET"]}}],"collection":[{"href":"https:\/\/ferienchalet-wallis.ch\/de\/wp-json\/wp\/v2\/posts"}],"about":[{"href":"https:\/\/ferienchalet-wallis.ch\/de\/wp-json\/wp\/v2\/types\/post"}],"author":[{"embeddable":true,"href":"https:\/\/ferienchalet-wallis.ch\/de\/wp-json\/wp\/v2\/users\/3"}],"replies":[{"embeddable":true,"href":"https:\/\/ferienchalet-wallis.ch\/de\/wp-json\/wp\/v2\/comments?post=2433"}],"version-history":[{"count":3,"href":"https:\/\/ferienchalet-wallis.ch\/de\/wp-json\/wp\/v2\/posts\/2433\/revisions"}],"predecessor-version":[{"id":2438,"href":"https:\/\/ferienchalet-wallis.ch\/de\/wp-json\/wp\/v2\/posts\/2433\/revisions\/2438"}],"wp:featuredmedia":[{"embeddable":true,"href":"https:\/\/ferienchalet-wallis.ch\/de\/wp-json\/wp\/v2\/media\/2434"}],"wp:attachment":[{"href":"https:\/\/ferienchalet-wallis.ch\/de\/wp-json\/wp\/v2\/media?parent=2433"}],"wp:term":[{"taxonomy":"category","embeddable":true,"href":"https:\/\/ferienchalet-wallis.ch\/de\/wp-json\/wp\/v2\/categories?post=2433"},{"taxonomy":"post_tag","embeddable":true,"href":"https:\/\/ferienchalet-wallis.ch\/de\/wp-json\/wp\/v2\/tags?post=2433"}],"curies":[{"name":"wp","href":"https:\/\/api.w.org\/{rel}","templated":true}]}}