{"id":2463,"date":"2025-08-12T12:36:10","date_gmt":"2025-08-12T12:36:10","guid":{"rendered":"https:\/\/ferienchalet-wallis.ch\/?p=2463"},"modified":"2025-08-12T13:02:54","modified_gmt":"2025-08-12T13:02:54","slug":"uci-mtb-wm-2025-disziplin-enduro-und-cross-country","status":"publish","type":"post","link":"https:\/\/ferienchalet-wallis.ch\/de\/uci-mtb-wm-2025-disziplin-enduro-und-cross-country\/","title":{"rendered":"UCI-Mountainbike-Weltmeisterschaften im Wallis vom 30.08. bis 14.09.25"},"content":{"rendered":"\n<style type=\"text\/css\" data-created_by=\"avia_inline_auto\" id=\"style-css-av-me8il2yu-71dcf393d73064cbd4b92041e0886608\">\n#top .av-special-heading.av-me8il2yu-71dcf393d73064cbd4b92041e0886608{\npadding-bottom:10px;\n}\nbody .av-special-heading.av-me8il2yu-71dcf393d73064cbd4b92041e0886608 .av-special-heading-tag .heading-char{\nfont-size:25px;\n}\n.av-special-heading.av-me8il2yu-71dcf393d73064cbd4b92041e0886608 .av-subheading{\nfont-size:15px;\n}\n<\/style>\n<div  class='av-special-heading av-me8il2yu-71dcf393d73064cbd4b92041e0886608 av-special-heading-h2  avia-builder-el-0  el_before_av_image  avia-builder-el-first '><h2 class='av-special-heading-tag'  itemprop=\"headline\"  >UCI-MTB-WM 2025 &#8211; Enduro und Cross Country in der Aletschregion<\/h2><div class=\"special-heading-border\"><div class=\"special-heading-inner-border\"><\/div><\/div><\/div>\n\n<style type=\"text\/css\" data-created_by=\"avia_inline_auto\" id=\"style-css-av-me8incqt-ba1d7aaa4bbc0c2a7c244956012842a9\">\n.avia-image-container.av-me8incqt-ba1d7aaa4bbc0c2a7c244956012842a9 .av-image-caption-overlay-center{\ncolor:#ffffff;\n}\n<\/style>\n<div  class='avia-image-container av-me8incqt-ba1d7aaa4bbc0c2a7c244956012842a9 av-styling- avia-align-center  avia-builder-el-1  el_after_av_heading  el_before_av_textblock '  itemprop=\"image\" itemscope=\"itemscope\" itemtype=\"https:\/\/schema.org\/ImageObject\" ><div class=\"avia-image-container-inner\"><div class=\"avia-image-overlay-wrap\"><img decoding=\"async\" class='wp-image-2464 avia-img-lazy-loading-not-2464 avia_image' src=\"https:\/\/ferienchalet-wallis.ch\/wp-content\/uploads\/2025\/08\/MTB-Trail-Aletsch-1500x630.jpg\" alt='MTB-Trail im Aletschgebiet' title='MTB-Trail im Aletschgebiet'  height=\"630\" width=\"1500\"  itemprop=\"thumbnailUrl\"  \/><\/div><\/div><\/div>\n<section  class='av_textblock_section av-me8ivogh-363d3b9a181cdb192a5429d370726f8d'  itemscope=\"itemscope\" itemtype=\"https:\/\/schema.org\/BlogPosting\" itemprop=\"blogPost\" ><div class='avia_textblock'  itemprop=\"text\" ><p>Ende August 2025 bis Mitte September starten im Wallis die UCI MTB Weltmeisterschaften mit 8 Disziplinarten. Unter <a href=\"https:\/\/www.valais2025.ch\/de\" target=\"_blank\" rel=\"noopener\">Valais2025<\/a> finden Sie alle Austragungsorte und die dort auszuf\u00fchrenden Disziplinarten.\u00a0Das Opening startet am 30. August in Sion und die Finaltage enden ab dem 10. September bis zum 14. September 2025 in Crans-Montana.<\/p>\n<h3>Enduro und Cross-Country<\/h3>\n<p>Am Aletsch werden die Disziplinarten Enduro und E-Enduro und E-MTB-Cross-Country durchgef\u00fchrt. Enduro ist eine Disziplin, bei der die Fahrer \u2013 vergleichbar dem Rallyesport \u2013 abwechselnd mehrere Teilstrecken erf\u00fcllen m\u00fcssen, die dann bewertet werden. Von den Anforderungen an die Fahrer ist Enduro eine Mischung zwischen Cross-Country (kreuz und quer durchs Gel\u00e4nde) und Downhill.<\/p>\n<p>Die Strecke f\u00fcr die Enduro Wettk\u00e4mpfe und die Zuschauerspots werden erst eine Woche vor dem Rennen ver\u00f6ffentlicht. Start und Ziel ist in Fiesch. Die E-MTB Cross Country Wettk\u00e4mpfe finden im Bikepark Bellwald statt mit Start und Ziel an der Talstation Bellwald.<\/p>\n<p>Am 31. August 2025 erfolgen die Swiss Enduro Series und einen Tag sp\u00e4ter die Rennen der Enduro und E-Enduro WM. Am 4. September 2025 wird das Rennen der E-MTB Cross Country WM durchgef\u00fchrt. Jeweils einen Tag davor sind die Trainingstage der WM-Teilnehmer.<\/p>\n<h3>Die WM mit MTB-Ferien im Aletschgebiet verbinden<\/h3>\n<p>Ist MTB dein Ding? Das Wallis v\u00f6llig unbekannt? Den gr\u00f6ssten Gletscher der Alpen noch nie live gesehen? Ja, dann los und mal ein paar Tage <a href=\"https:\/\/ferienchalet-wallis.ch\/verfuegbarkeiten\/\" target=\"_blank\" rel=\"noopener\">Ferien im Aletschgebiet<\/a> machen und die 7 Enduro-Trails shredden oder vielleicht als <a href=\"https:\/\/www.valais2025.ch\/de\/venues\/bellwald\" target=\"_blank\" rel=\"noopener\">Teammitglied, Aussteller oder Zuschauer<\/a> WM-Teilnehmer abfeiern.<\/p>\n<p><em>Kei Gnad fer d&#8217;Wad<\/em><\/p>\n<\/div><\/section>\n<div class='flex_column av-8v0j9b-7a40bb2b8ce37c046f76a7f4857b1621 av_one_half  avia-builder-el-3  el_after_av_textblock  avia-builder-el-last  first flex_column_div column-top-margin'   ><p><div  class='av-post-metadata-container av-8488r3-220aa3bcd35a68bbac211ec24814d46f av-metadata-container-align-left  avia-builder-el-4  el_before_av_social_share  avia-builder-el-first  av-metadata-container-1'><div class='av-post-metadata-container-inner'><span class=\"av-post-metadata-content av-post-metadata-meta-content\"><span class=\"av-post-metadata-content av-post-metadata-author\"  itemprop=\"author\" ><span class=\"av-metadata-before av-metadata-before-author\">von<\/span><span class=\"av-post-metadata-author-link\" ><a href=\"https:\/\/ferienchalet-wallis.ch\/de\/author\/wallisaar\/\"  rel=\"author\">WalliSaar<\/a><\/span><\/span><span class=\"av-post-metadata-content av-post-metadata-separator\">\/<\/span><span class=\"av-post-metadata-content av-post-metadata-published\"><span class=\"av-post-metadata-published-date\" >August 12, 2025<\/span><\/span><\/span><\/div><\/div><br \/>\n<div  class='av-social-sharing-box av-1tq3db-acf0ac72d71762e2d0ebd8fa106ea84d av-social-sharing-box-circle  avia-builder-el-5  el_after_av_post_metadata  avia-builder-el-last  av-social-sharing-box-color-bg av-social-sharing-box-same-width'><div class=\"av-share-box\"><h5 class='av-share-link-description av-no-toc '>Eintrag teilen<\/h5><ul class=\"av-share-box-list noLightbox\"><li class='av-share-link av-social-link-whatsapp' ><a target=\"_blank\" aria-label=\"Teilen auf WhatsApp\" href='https:\/\/api.whatsapp.com\/send?text=https:\/\/ferienchalet-wallis.ch\/de\/uci-mtb-wm-2025-disziplin-enduro-und-cross-country\/' aria-hidden='false' data-av_icon='\uf232' data-av_iconfont='entypo-fontello' title='' data-avia-related-tooltip='Teilen auf WhatsApp' rel=\"noopener\"><span class='avia_hidden_link_text'>Teilen auf WhatsApp<\/span><\/a><\/li><\/ul><\/div><\/div><\/p><\/div>\n","protected":false},"excerpt":{"rendered":"","protected":false},"author":3,"featured_media":2464,"comment_status":"closed","ping_status":"closed","sticky":false,"template":"","format":"standard","meta":{"footnotes":""},"categories":[6],"tags":[],"class_list":["post-2463","post","type-post","status-publish","format-standard","has-post-thumbnail","hentry","category-aletsch"],"yoast_head":"<!-- This site is optimized with the Yoast SEO plugin v27.4 - https:\/\/yoast.com\/product\/yoast-seo-wordpress\/ -->\n<title>UCI-Mountainbike-Weltmeisterschaften im Wallis vom 30.08. bis 14.09.25 - Bettmeralp und Riederalp<\/title>\n<meta name=\"description\" content=\"Das Event im Wallis: UCI-Mountainbike-Weltmeisterschaften 30.08.-14.09.25. Enduro und Cross-Country WM-Teilnehmer am Aletsch pushen.\" \/>\n<meta name=\"robots\" content=\"index, follow, max-snippet:-1, max-image-preview:large, max-video-preview:-1\" \/>\n<link rel=\"canonical\" href=\"https:\/\/ferienchalet-wallis.ch\/de\/uci-mtb-wm-2025-disziplin-enduro-und-cross-country\/\" \/>\n<meta property=\"og:locale\" content=\"de_DE\" \/>\n<meta property=\"og:type\" content=\"article\" \/>\n<meta property=\"og:title\" content=\"UCI-Mountainbike-Weltmeisterschaften im Wallis vom 30.08. bis 14.09.25 - Bettmeralp und Riederalp\" \/>\n<meta property=\"og:description\" content=\"Das Event im Wallis: UCI-Mountainbike-Weltmeisterschaften 30.08.-14.09.25. Enduro und Cross-Country WM-Teilnehmer am Aletsch pushen.\" \/>\n<meta property=\"og:url\" content=\"https:\/\/ferienchalet-wallis.ch\/de\/uci-mtb-wm-2025-disziplin-enduro-und-cross-country\/\" \/>\n<meta property=\"og:site_name\" content=\"Bettmeralp und Riederalp\" \/>\n<meta property=\"article:published_time\" content=\"2025-08-12T12:36:10+00:00\" \/>\n<meta property=\"article:modified_time\" content=\"2025-08-12T13:02:54+00:00\" \/>\n<meta property=\"og:image\" content=\"https:\/\/ferienchalet-wallis.ch\/wp-content\/uploads\/2025\/08\/MTB-Trail-Aletsch.jpg\" \/>\n\t<meta property=\"og:image:width\" content=\"2047\" \/>\n\t<meta property=\"og:image:height\" content=\"1366\" \/>\n\t<meta property=\"og:image:type\" content=\"image\/jpeg\" \/>\n<meta name=\"author\" content=\"WalliSaar\" \/>\n<meta name=\"twitter:card\" content=\"summary_large_image\" \/>\n<meta name=\"twitter:label1\" content=\"Verfasst von\" \/>\n\t<meta name=\"twitter:data1\" content=\"WalliSaar\" \/>\n\t<meta name=\"twitter:label2\" content=\"Gesch\u00e4tzte Lesezeit\" \/>\n\t<meta name=\"twitter:data2\" content=\"3\u00a0Minuten\" \/>\n<script type=\"application\/ld+json\" class=\"yoast-schema-graph\">{\"@context\":\"https:\\\/\\\/schema.org\",\"@graph\":[{\"@type\":\"Article\",\"@id\":\"https:\\\/\\\/ferienchalet-wallis.ch\\\/uci-mtb-wm-2025-disziplin-enduro-und-cross-country\\\/#article\",\"isPartOf\":{\"@id\":\"https:\\\/\\\/ferienchalet-wallis.ch\\\/uci-mtb-wm-2025-disziplin-enduro-und-cross-country\\\/\"},\"author\":{\"name\":\"WalliSaar\",\"@id\":\"https:\\\/\\\/ferienchalet-wallis.ch\\\/#\\\/schema\\\/person\\\/18b3f062b0514bc953799175b9bfdd2b\"},\"headline\":\"UCI-Mountainbike-Weltmeisterschaften im Wallis vom 30.08. bis 14.09.25\",\"datePublished\":\"2025-08-12T12:36:10+00:00\",\"dateModified\":\"2025-08-12T13:02:54+00:00\",\"mainEntityOfPage\":{\"@id\":\"https:\\\/\\\/ferienchalet-wallis.ch\\\/uci-mtb-wm-2025-disziplin-enduro-und-cross-country\\\/\"},\"wordCount\":794,\"publisher\":{\"@id\":\"https:\\\/\\\/ferienchalet-wallis.ch\\\/#organization\"},\"image\":{\"@id\":\"https:\\\/\\\/ferienchalet-wallis.ch\\\/uci-mtb-wm-2025-disziplin-enduro-und-cross-country\\\/#primaryimage\"},\"thumbnailUrl\":\"https:\\\/\\\/ferienchalet-wallis.ch\\\/wp-content\\\/uploads\\\/2025\\\/08\\\/MTB-Trail-Aletsch.jpg\",\"articleSection\":[\"Aletsch\"],\"inLanguage\":\"de\"},{\"@type\":\"WebPage\",\"@id\":\"https:\\\/\\\/ferienchalet-wallis.ch\\\/uci-mtb-wm-2025-disziplin-enduro-und-cross-country\\\/\",\"url\":\"https:\\\/\\\/ferienchalet-wallis.ch\\\/uci-mtb-wm-2025-disziplin-enduro-und-cross-country\\\/\",\"name\":\"UCI-Mountainbike-Weltmeisterschaften im Wallis vom 30.08. bis 14.09.25 - Bettmeralp und Riederalp\",\"isPartOf\":{\"@id\":\"https:\\\/\\\/ferienchalet-wallis.ch\\\/#website\"},\"primaryImageOfPage\":{\"@id\":\"https:\\\/\\\/ferienchalet-wallis.ch\\\/uci-mtb-wm-2025-disziplin-enduro-und-cross-country\\\/#primaryimage\"},\"image\":{\"@id\":\"https:\\\/\\\/ferienchalet-wallis.ch\\\/uci-mtb-wm-2025-disziplin-enduro-und-cross-country\\\/#primaryimage\"},\"thumbnailUrl\":\"https:\\\/\\\/ferienchalet-wallis.ch\\\/wp-content\\\/uploads\\\/2025\\\/08\\\/MTB-Trail-Aletsch.jpg\",\"datePublished\":\"2025-08-12T12:36:10+00:00\",\"dateModified\":\"2025-08-12T13:02:54+00:00\",\"description\":\"Das Event im Wallis: UCI-Mountainbike-Weltmeisterschaften 30.08.-14.09.25. Enduro und Cross-Country WM-Teilnehmer am Aletsch pushen.\",\"breadcrumb\":{\"@id\":\"https:\\\/\\\/ferienchalet-wallis.ch\\\/uci-mtb-wm-2025-disziplin-enduro-und-cross-country\\\/#breadcrumb\"},\"inLanguage\":\"de\",\"potentialAction\":[{\"@type\":\"ReadAction\",\"target\":[\"https:\\\/\\\/ferienchalet-wallis.ch\\\/uci-mtb-wm-2025-disziplin-enduro-und-cross-country\\\/\"]}]},{\"@type\":\"ImageObject\",\"inLanguage\":\"de\",\"@id\":\"https:\\\/\\\/ferienchalet-wallis.ch\\\/uci-mtb-wm-2025-disziplin-enduro-und-cross-country\\\/#primaryimage\",\"url\":\"https:\\\/\\\/ferienchalet-wallis.ch\\\/wp-content\\\/uploads\\\/2025\\\/08\\\/MTB-Trail-Aletsch.jpg\",\"contentUrl\":\"https:\\\/\\\/ferienchalet-wallis.ch\\\/wp-content\\\/uploads\\\/2025\\\/08\\\/MTB-Trail-Aletsch.jpg\",\"width\":2047,\"height\":1366,\"caption\":\"MTB-Trail im Aletschgebiet\"},{\"@type\":\"BreadcrumbList\",\"@id\":\"https:\\\/\\\/ferienchalet-wallis.ch\\\/uci-mtb-wm-2025-disziplin-enduro-und-cross-country\\\/#breadcrumb\",\"itemListElement\":[{\"@type\":\"ListItem\",\"position\":1,\"name\":\"Home\",\"item\":\"https:\\\/\\\/ferienchalet-wallis.ch\\\/\"},{\"@type\":\"ListItem\",\"position\":2,\"name\":\"UCI-Mountainbike-Weltmeisterschaften im Wallis vom 30.08. bis 14.09.25\"}]},{\"@type\":\"WebSite\",\"@id\":\"https:\\\/\\\/ferienchalet-wallis.ch\\\/#website\",\"url\":\"https:\\\/\\\/ferienchalet-wallis.ch\\\/\",\"name\":\"Bettmeralp und Riederalp\",\"description\":\"Kranzfelder Markus\",\"publisher\":{\"@id\":\"https:\\\/\\\/ferienchalet-wallis.ch\\\/#organization\"},\"potentialAction\":[{\"@type\":\"SearchAction\",\"target\":{\"@type\":\"EntryPoint\",\"urlTemplate\":\"https:\\\/\\\/ferienchalet-wallis.ch\\\/?s={search_term_string}\"},\"query-input\":{\"@type\":\"PropertyValueSpecification\",\"valueRequired\":true,\"valueName\":\"search_term_string\"}}],\"inLanguage\":\"de\"},{\"@type\":\"Organization\",\"@id\":\"https:\\\/\\\/ferienchalet-wallis.ch\\\/#organization\",\"name\":\"Liegenschaftsbetreuung \\\/ Vermietung \u2013 M. Kranzfelder\",\"url\":\"https:\\\/\\\/ferienchalet-wallis.ch\\\/\",\"logo\":{\"@type\":\"ImageObject\",\"inLanguage\":\"de\",\"@id\":\"https:\\\/\\\/ferienchalet-wallis.ch\\\/#\\\/schema\\\/logo\\\/image\\\/\",\"url\":\"https:\\\/\\\/ferienchalet-wallis.ch\\\/wp-content\\\/uploads\\\/2022\\\/01\\\/Logo_Kranzfelder.png\",\"contentUrl\":\"https:\\\/\\\/ferienchalet-wallis.ch\\\/wp-content\\\/uploads\\\/2022\\\/01\\\/Logo_Kranzfelder.png\",\"width\":1526,\"height\":447,\"caption\":\"Liegenschaftsbetreuung \\\/ Vermietung \u2013 M. Kranzfelder\"},\"image\":{\"@id\":\"https:\\\/\\\/ferienchalet-wallis.ch\\\/#\\\/schema\\\/logo\\\/image\\\/\"}},{\"@type\":\"Person\",\"@id\":\"https:\\\/\\\/ferienchalet-wallis.ch\\\/#\\\/schema\\\/person\\\/18b3f062b0514bc953799175b9bfdd2b\",\"name\":\"WalliSaar\",\"image\":{\"@type\":\"ImageObject\",\"inLanguage\":\"de\",\"@id\":\"https:\\\/\\\/secure.gravatar.com\\\/avatar\\\/1be7f9468eac0e02f655be9ab758a01ae5dc72d678841cc4898d463993c78d36?s=96&d=initials&r=g&initials=ru\",\"url\":\"https:\\\/\\\/secure.gravatar.com\\\/avatar\\\/1be7f9468eac0e02f655be9ab758a01ae5dc72d678841cc4898d463993c78d36?s=96&d=initials&r=g&initials=ru\",\"contentUrl\":\"https:\\\/\\\/secure.gravatar.com\\\/avatar\\\/1be7f9468eac0e02f655be9ab758a01ae5dc72d678841cc4898d463993c78d36?s=96&d=initials&r=g&initials=ru\",\"caption\":\"WalliSaar\"},\"description\":\"Mein Name ist Anja Ruch und ich schreibe die Blogbeitr\u00e4ge f\u00fcr das Ehepaar Markus &amp; Tabitha Kranzfelder. Der Name WalliSaar gr\u00fcndet sich auf meinen Wurzeln im Saarland und den neuen im Wallis. My name is Anja Ruch and I write the blog entries for the Markus &amp; Tabitha Kranzfelder couple. The name WalliSaar shows the connection to my old roots in Saarland and the new ones in Valais.\",\"sameAs\":[\"https:\\\/\\\/www.ferienchalet-wallis.ch\\\/blog\"],\"url\":\"https:\\\/\\\/ferienchalet-wallis.ch\\\/de\\\/author\\\/wallisaar\\\/\"}]}<\/script>\n<!-- \/ Yoast SEO plugin. -->","yoast_head_json":{"title":"UCI-Mountainbike-Weltmeisterschaften im Wallis vom 30.08. bis 14.09.25 - Bettmeralp und Riederalp","description":"Das Event im Wallis: UCI-Mountainbike-Weltmeisterschaften 30.08.-14.09.25. Enduro und Cross-Country WM-Teilnehmer am Aletsch pushen.","robots":{"index":"index","follow":"follow","max-snippet":"max-snippet:-1","max-image-preview":"max-image-preview:large","max-video-preview":"max-video-preview:-1"},"canonical":"https:\/\/ferienchalet-wallis.ch\/de\/uci-mtb-wm-2025-disziplin-enduro-und-cross-country\/","og_locale":"de_DE","og_type":"article","og_title":"UCI-Mountainbike-Weltmeisterschaften im Wallis vom 30.08. bis 14.09.25 - Bettmeralp und Riederalp","og_description":"Das Event im Wallis: UCI-Mountainbike-Weltmeisterschaften 30.08.-14.09.25. Enduro und Cross-Country WM-Teilnehmer am Aletsch pushen.","og_url":"https:\/\/ferienchalet-wallis.ch\/de\/uci-mtb-wm-2025-disziplin-enduro-und-cross-country\/","og_site_name":"Bettmeralp und Riederalp","article_published_time":"2025-08-12T12:36:10+00:00","article_modified_time":"2025-08-12T13:02:54+00:00","og_image":[{"width":2047,"height":1366,"url":"https:\/\/ferienchalet-wallis.ch\/wp-content\/uploads\/2025\/08\/MTB-Trail-Aletsch.jpg","type":"image\/jpeg"}],"author":"WalliSaar","twitter_card":"summary_large_image","twitter_misc":{"Verfasst von":"WalliSaar","Gesch\u00e4tzte Lesezeit":"3\u00a0Minuten"},"schema":{"@context":"https:\/\/schema.org","@graph":[{"@type":"Article","@id":"https:\/\/ferienchalet-wallis.ch\/uci-mtb-wm-2025-disziplin-enduro-und-cross-country\/#article","isPartOf":{"@id":"https:\/\/ferienchalet-wallis.ch\/uci-mtb-wm-2025-disziplin-enduro-und-cross-country\/"},"author":{"name":"WalliSaar","@id":"https:\/\/ferienchalet-wallis.ch\/#\/schema\/person\/18b3f062b0514bc953799175b9bfdd2b"},"headline":"UCI-Mountainbike-Weltmeisterschaften im Wallis vom 30.08. bis 14.09.25","datePublished":"2025-08-12T12:36:10+00:00","dateModified":"2025-08-12T13:02:54+00:00","mainEntityOfPage":{"@id":"https:\/\/ferienchalet-wallis.ch\/uci-mtb-wm-2025-disziplin-enduro-und-cross-country\/"},"wordCount":794,"publisher":{"@id":"https:\/\/ferienchalet-wallis.ch\/#organization"},"image":{"@id":"https:\/\/ferienchalet-wallis.ch\/uci-mtb-wm-2025-disziplin-enduro-und-cross-country\/#primaryimage"},"thumbnailUrl":"https:\/\/ferienchalet-wallis.ch\/wp-content\/uploads\/2025\/08\/MTB-Trail-Aletsch.jpg","articleSection":["Aletsch"],"inLanguage":"de"},{"@type":"WebPage","@id":"https:\/\/ferienchalet-wallis.ch\/uci-mtb-wm-2025-disziplin-enduro-und-cross-country\/","url":"https:\/\/ferienchalet-wallis.ch\/uci-mtb-wm-2025-disziplin-enduro-und-cross-country\/","name":"UCI-Mountainbike-Weltmeisterschaften im Wallis vom 30.08. bis 14.09.25 - Bettmeralp und Riederalp","isPartOf":{"@id":"https:\/\/ferienchalet-wallis.ch\/#website"},"primaryImageOfPage":{"@id":"https:\/\/ferienchalet-wallis.ch\/uci-mtb-wm-2025-disziplin-enduro-und-cross-country\/#primaryimage"},"image":{"@id":"https:\/\/ferienchalet-wallis.ch\/uci-mtb-wm-2025-disziplin-enduro-und-cross-country\/#primaryimage"},"thumbnailUrl":"https:\/\/ferienchalet-wallis.ch\/wp-content\/uploads\/2025\/08\/MTB-Trail-Aletsch.jpg","datePublished":"2025-08-12T12:36:10+00:00","dateModified":"2025-08-12T13:02:54+00:00","description":"Das Event im Wallis: UCI-Mountainbike-Weltmeisterschaften 30.08.-14.09.25. Enduro und Cross-Country WM-Teilnehmer am Aletsch pushen.","breadcrumb":{"@id":"https:\/\/ferienchalet-wallis.ch\/uci-mtb-wm-2025-disziplin-enduro-und-cross-country\/#breadcrumb"},"inLanguage":"de","potentialAction":[{"@type":"ReadAction","target":["https:\/\/ferienchalet-wallis.ch\/uci-mtb-wm-2025-disziplin-enduro-und-cross-country\/"]}]},{"@type":"ImageObject","inLanguage":"de","@id":"https:\/\/ferienchalet-wallis.ch\/uci-mtb-wm-2025-disziplin-enduro-und-cross-country\/#primaryimage","url":"https:\/\/ferienchalet-wallis.ch\/wp-content\/uploads\/2025\/08\/MTB-Trail-Aletsch.jpg","contentUrl":"https:\/\/ferienchalet-wallis.ch\/wp-content\/uploads\/2025\/08\/MTB-Trail-Aletsch.jpg","width":2047,"height":1366,"caption":"MTB-Trail im Aletschgebiet"},{"@type":"BreadcrumbList","@id":"https:\/\/ferienchalet-wallis.ch\/uci-mtb-wm-2025-disziplin-enduro-und-cross-country\/#breadcrumb","itemListElement":[{"@type":"ListItem","position":1,"name":"Home","item":"https:\/\/ferienchalet-wallis.ch\/"},{"@type":"ListItem","position":2,"name":"UCI-Mountainbike-Weltmeisterschaften im Wallis vom 30.08. bis 14.09.25"}]},{"@type":"WebSite","@id":"https:\/\/ferienchalet-wallis.ch\/#website","url":"https:\/\/ferienchalet-wallis.ch\/","name":"Bettmeralp und Riederalp","description":"Kranzfelder Markus","publisher":{"@id":"https:\/\/ferienchalet-wallis.ch\/#organization"},"potentialAction":[{"@type":"SearchAction","target":{"@type":"EntryPoint","urlTemplate":"https:\/\/ferienchalet-wallis.ch\/?s={search_term_string}"},"query-input":{"@type":"PropertyValueSpecification","valueRequired":true,"valueName":"search_term_string"}}],"inLanguage":"de"},{"@type":"Organization","@id":"https:\/\/ferienchalet-wallis.ch\/#organization","name":"Liegenschaftsbetreuung \/ Vermietung \u2013 M. Kranzfelder","url":"https:\/\/ferienchalet-wallis.ch\/","logo":{"@type":"ImageObject","inLanguage":"de","@id":"https:\/\/ferienchalet-wallis.ch\/#\/schema\/logo\/image\/","url":"https:\/\/ferienchalet-wallis.ch\/wp-content\/uploads\/2022\/01\/Logo_Kranzfelder.png","contentUrl":"https:\/\/ferienchalet-wallis.ch\/wp-content\/uploads\/2022\/01\/Logo_Kranzfelder.png","width":1526,"height":447,"caption":"Liegenschaftsbetreuung \/ Vermietung \u2013 M. Kranzfelder"},"image":{"@id":"https:\/\/ferienchalet-wallis.ch\/#\/schema\/logo\/image\/"}},{"@type":"Person","@id":"https:\/\/ferienchalet-wallis.ch\/#\/schema\/person\/18b3f062b0514bc953799175b9bfdd2b","name":"WalliSaar","image":{"@type":"ImageObject","inLanguage":"de","@id":"https:\/\/secure.gravatar.com\/avatar\/1be7f9468eac0e02f655be9ab758a01ae5dc72d678841cc4898d463993c78d36?s=96&d=initials&r=g&initials=ru","url":"https:\/\/secure.gravatar.com\/avatar\/1be7f9468eac0e02f655be9ab758a01ae5dc72d678841cc4898d463993c78d36?s=96&d=initials&r=g&initials=ru","contentUrl":"https:\/\/secure.gravatar.com\/avatar\/1be7f9468eac0e02f655be9ab758a01ae5dc72d678841cc4898d463993c78d36?s=96&d=initials&r=g&initials=ru","caption":"WalliSaar"},"description":"Mein Name ist Anja Ruch und ich schreibe die Blogbeitr\u00e4ge f\u00fcr das Ehepaar Markus &amp; Tabitha Kranzfelder. Der Name WalliSaar gr\u00fcndet sich auf meinen Wurzeln im Saarland und den neuen im Wallis. My name is Anja Ruch and I write the blog entries for the Markus &amp; Tabitha Kranzfelder couple. The name WalliSaar shows the connection to my old roots in Saarland and the new ones in Valais.","sameAs":["https:\/\/www.ferienchalet-wallis.ch\/blog"],"url":"https:\/\/ferienchalet-wallis.ch\/de\/author\/wallisaar\/"}]}},"_links":{"self":[{"href":"https:\/\/ferienchalet-wallis.ch\/de\/wp-json\/wp\/v2\/posts\/2463","targetHints":{"allow":["GET"]}}],"collection":[{"href":"https:\/\/ferienchalet-wallis.ch\/de\/wp-json\/wp\/v2\/posts"}],"about":[{"href":"https:\/\/ferienchalet-wallis.ch\/de\/wp-json\/wp\/v2\/types\/post"}],"author":[{"embeddable":true,"href":"https:\/\/ferienchalet-wallis.ch\/de\/wp-json\/wp\/v2\/users\/3"}],"replies":[{"embeddable":true,"href":"https:\/\/ferienchalet-wallis.ch\/de\/wp-json\/wp\/v2\/comments?post=2463"}],"version-history":[{"count":11,"href":"https:\/\/ferienchalet-wallis.ch\/de\/wp-json\/wp\/v2\/posts\/2463\/revisions"}],"predecessor-version":[{"id":2474,"href":"https:\/\/ferienchalet-wallis.ch\/de\/wp-json\/wp\/v2\/posts\/2463\/revisions\/2474"}],"wp:featuredmedia":[{"embeddable":true,"href":"https:\/\/ferienchalet-wallis.ch\/de\/wp-json\/wp\/v2\/media\/2464"}],"wp:attachment":[{"href":"https:\/\/ferienchalet-wallis.ch\/de\/wp-json\/wp\/v2\/media?parent=2463"}],"wp:term":[{"taxonomy":"category","embeddable":true,"href":"https:\/\/ferienchalet-wallis.ch\/de\/wp-json\/wp\/v2\/categories?post=2463"},{"taxonomy":"post_tag","embeddable":true,"href":"https:\/\/ferienchalet-wallis.ch\/de\/wp-json\/wp\/v2\/tags?post=2463"}],"curies":[{"name":"wp","href":"https:\/\/api.w.org\/{rel}","templated":true}]}}