{"id":2479,"date":"2025-08-25T13:39:02","date_gmt":"2025-08-25T13:39:02","guid":{"rendered":"https:\/\/ferienchalet-wallis.ch\/?p=2479"},"modified":"2025-08-25T13:46:03","modified_gmt":"2025-08-25T13:46:03","slug":"walliser-alpen-mit-herz","status":"publish","type":"post","link":"https:\/\/ferienchalet-wallis.ch\/de\/walliser-alpen-mit-herz\/","title":{"rendered":"Walliser Alpen mit Herz"},"content":{"rendered":"\n<style type=\"text\/css\" data-created_by=\"avia_inline_auto\" id=\"style-css-av-mer5ppcj-8e2c38521c4d8f597bbccdc6300d766b\">\n#top .av-special-heading.av-mer5ppcj-8e2c38521c4d8f597bbccdc6300d766b{\npadding-bottom:10px;\n}\nbody .av-special-heading.av-mer5ppcj-8e2c38521c4d8f597bbccdc6300d766b .av-special-heading-tag .heading-char{\nfont-size:25px;\n}\n.av-special-heading.av-mer5ppcj-8e2c38521c4d8f597bbccdc6300d766b .av-subheading{\nfont-size:15px;\n}\n<\/style>\n<div  class='av-special-heading av-mer5ppcj-8e2c38521c4d8f597bbccdc6300d766b av-special-heading-h2  avia-builder-el-0  el_before_av_image  avia-builder-el-first '><h2 class='av-special-heading-tag'  itemprop=\"headline\"  >Die Aletschregion<\/h2><div class=\"special-heading-border\"><div class=\"special-heading-inner-border\"><\/div><\/div><\/div>\n\n<style type=\"text\/css\" data-created_by=\"avia_inline_auto\" id=\"style-css-av-mer5ste2-e92fc249ea41ec92320b9e9ed7aacdc9\">\n.avia-image-container.av-mer5ste2-e92fc249ea41ec92320b9e9ed7aacdc9 .av-image-caption-overlay-center{\ncolor:#ffffff;\n}\n<\/style>\n<div  class='avia-image-container av-mer5ste2-e92fc249ea41ec92320b9e9ed7aacdc9 av-styling- avia-align-center  avia-builder-el-1  el_after_av_heading  el_before_av_textblock '  itemprop=\"image\" itemscope=\"itemscope\" itemtype=\"https:\/\/schema.org\/ImageObject\" ><div class=\"avia-image-container-inner\"><div class=\"avia-image-overlay-wrap\"><img decoding=\"async\" class='wp-image-2480 avia-img-lazy-loading-not-2480 avia_image' src=\"https:\/\/ferienchalet-wallis.ch\/wp-content\/uploads\/2025\/08\/Wallis-Aletschregion-1500x630.jpg\" alt='Aletschregion' title='Aletschregion'  height=\"630\" width=\"1500\"  itemprop=\"thumbnailUrl\"  \/><\/div><\/div><\/div>\n<section  class='av_textblock_section av-mer5wqyz-3dc9d7d076210327bc580c420260bc58'  itemscope=\"itemscope\" itemtype=\"https:\/\/schema.org\/BlogPosting\" itemprop=\"blogPost\" ><div class='avia_textblock'  itemprop=\"text\" ><p>Was denken Sie denn, wenn Sie ans Wallis denken? Ist es f\u00fcr Sie auch \u201eins H\u00e4rz g&#8217;meisslet\u201c? Ich lebe jetzt seit gut 16 Jahren hier und m\u00f6chte Ihnen als Wahlschweizer meine Sicht berichten.<\/p>\n<h3>Die Aletschregion<\/h3>\n<p>Wenn ich aus dem Fenster schaue, sehe ich die Bergkette von der Belalp bis zum Bettmerhorn. Von der Belalp bin ich mit meinem Mann schon \u00fcber die <a href=\"https:\/\/ferienchalet-wallis.ch\/die-wandersaison-am-aletsch-beginnt-am-08-06-24\/\">H\u00e4ngebr\u00fccke<\/a> durch den wilden Aletschwald zur Riederalp gewandert. Danach wollten meine Knie nicht mehr, aber diese Wanderung werde ich nie vergessen, weil sie landschaftlich so abwechslungsreich ist.<\/p>\n<p>Die <a href=\"https:\/\/ferienchalet-wallis.ch\/winterwanderung-erlebnispfad-gratweg\/\">Gratwanderung<\/a> von der Bettmeralp zur Riederalp ist bei sch\u00f6nem Wetter jedes Mal ein Augenschmaus \u2013 egal ob im Sommer oder im Winter. Beim leichten Spaziergang \u00fcber die <a href=\"https:\/\/ferienchalet-wallis.ch\/winterwanderweg-fuer-anfaenger\/\">Aletschpromenade<\/a>, die Bettmeralp und Riederalp miteinander verbindet, sehen Sie an klaren Tagen bis zum Matterhorn mit all den Walliser Bergen, die ansonsten noch zu sehen sind wie die Mischabelgruppe oder das Weisshorn. Und dann werden auch Sie sagen: wir m\u00fcssen mal nach Zermatt.<\/p>\n<h3>Die Walliser Alpen<\/h3>\n<p>Mit 22 Gipfeln \u00fcber 4000 Metern, entlang an Suonen durch <a href=\"https:\/\/ferienchalet-wallis.ch\/der-aletschwald\/\">L\u00e4rchenw\u00e4lder<\/a> und auf historischen Pfaden wie dem Stockalperweg gibt es unendliche Wanderm\u00f6glichkeiten. Wo auch immer wir im Wallis unterwegs sind, zeigt mir der Alpenblick, wie erhaben und eindrucksvoll die Berge und wie klein wir Menschen sind. Welche Kraft von ihnen ausgeht, weswegen man sagt, man will den Berg \u201ebezwingen\u201c. Die Sch\u00f6nheit der Natur anzuschauen, l\u00f6st in mir ein tiefes Gl\u00fccksgef\u00fchl aus. Und nach jeder Wanderung, ob beschwerlich oder leicht, kommt man zufrieden in seinem Heim an.<\/p>\n<p>Also, was ist es nun, was das Wallis ausmacht? Es ist die Wildheit, was Freiheit verspricht. Die Sonne, die jeden Hochnebel vergessen l\u00e4sst. Die W\u00e4hrschaft seiner Bewohner, die Freundschaften entstehen lassen. Und nat\u00fcrlich der Fendant, Cholera und Aprikosen.<\/p>\n<p><em>Wallis. D\u00fc bisch ds dunkle Funkle im Granit. De Glitzerschnee. Ds Sunna hoch im Himmelblau. Der Tisch, an dem\u2019s an Platz ni\u00e4 manglet. Die Port, wa d\u2018 W\u00e4rmi wohnt. (Auszug Werbespot Wallis)<\/em><\/p>\n<\/div><\/section>\n<div class='flex_column av-9nh9pb-18e7cf9440104d6fffe74c7dce5c63fe av_one_half  avia-builder-el-3  el_after_av_textblock  avia-builder-el-last  first flex_column_div column-top-margin'   ><p><div  class='av-post-metadata-container av-7x2ecv-41c57c5eed8d26f30e805ec0360d2c7e av-metadata-container-align-left  avia-builder-el-4  el_before_av_social_share  avia-builder-el-first  av-metadata-container-1'><div class='av-post-metadata-container-inner'><span class=\"av-post-metadata-content av-post-metadata-meta-content\"><span class=\"av-post-metadata-content av-post-metadata-author\"  itemprop=\"author\" ><span class=\"av-metadata-before av-metadata-before-author\">von<\/span><span class=\"av-post-metadata-author-link\" ><a href=\"https:\/\/ferienchalet-wallis.ch\/de\/author\/wallisaar\/\"  rel=\"author\">WalliSaar<\/a><\/span><\/span><span class=\"av-post-metadata-content av-post-metadata-separator\">\/<\/span><span class=\"av-post-metadata-content av-post-metadata-published\"><span class=\"av-post-metadata-published-date\" >August 25, 2025<\/span><\/span><\/span><\/div><\/div><br \/>\n<div  class='av-social-sharing-box av-20lnf3-3674c630f082aa0caf3f9edc829f7d78 av-social-sharing-box-circle  avia-builder-el-5  el_after_av_post_metadata  avia-builder-el-last  av-social-sharing-box-color-bg av-social-sharing-box-same-width'><div class=\"av-share-box\"><h5 class='av-share-link-description av-no-toc '>Eintrag teilen<\/h5><ul class=\"av-share-box-list noLightbox\"><li class='av-share-link av-social-link-whatsapp' ><a target=\"_blank\" aria-label=\"Teilen auf WhatsApp\" href='https:\/\/api.whatsapp.com\/send?text=https:\/\/ferienchalet-wallis.ch\/de\/walliser-alpen-mit-herz\/' aria-hidden='false' data-av_icon='\uf232' data-av_iconfont='entypo-fontello' title='' data-avia-related-tooltip='Teilen auf WhatsApp' rel=\"noopener\"><span class='avia_hidden_link_text'>Teilen auf WhatsApp<\/span><\/a><\/li><\/ul><\/div><\/div><\/p><\/div>\n","protected":false},"excerpt":{"rendered":"","protected":false},"author":3,"featured_media":2480,"comment_status":"closed","ping_status":"closed","sticky":false,"template":"","format":"standard","meta":{"footnotes":""},"categories":[6,27],"tags":[],"class_list":["post-2479","post","type-post","status-publish","format-standard","has-post-thumbnail","hentry","category-aletsch","category-naturerlebnis"],"yoast_head":"<!-- This site is optimized with the Yoast SEO plugin v27.4 - https:\/\/yoast.com\/product\/yoast-seo-wordpress\/ -->\n<title>Walliser Alpen mit Herz - Bettmeralp und Riederalp<\/title>\n<meta name=\"description\" content=\"Die Aletschregion im Wallis - Natur pur, Gl\u00fcck und gutes Essen.\" \/>\n<meta name=\"robots\" content=\"index, follow, max-snippet:-1, max-image-preview:large, max-video-preview:-1\" \/>\n<link rel=\"canonical\" href=\"https:\/\/ferienchalet-wallis.ch\/de\/walliser-alpen-mit-herz\/\" \/>\n<meta property=\"og:locale\" content=\"de_DE\" \/>\n<meta property=\"og:type\" content=\"article\" \/>\n<meta property=\"og:title\" content=\"Walliser Alpen mit Herz - Bettmeralp und Riederalp\" \/>\n<meta property=\"og:description\" content=\"Die Aletschregion im Wallis - Natur pur, Gl\u00fcck und gutes Essen.\" \/>\n<meta property=\"og:url\" content=\"https:\/\/ferienchalet-wallis.ch\/de\/walliser-alpen-mit-herz\/\" \/>\n<meta property=\"og:site_name\" content=\"Bettmeralp und Riederalp\" \/>\n<meta property=\"article:published_time\" content=\"2025-08-25T13:39:02+00:00\" \/>\n<meta property=\"article:modified_time\" content=\"2025-08-25T13:46:03+00:00\" \/>\n<meta property=\"og:image\" content=\"https:\/\/ferienchalet-wallis.ch\/wp-content\/uploads\/2025\/08\/Wallis-Aletschregion.jpg\" \/>\n\t<meta property=\"og:image:width\" content=\"2048\" \/>\n\t<meta property=\"og:image:height\" content=\"1152\" \/>\n\t<meta property=\"og:image:type\" content=\"image\/jpeg\" \/>\n<meta name=\"author\" content=\"WalliSaar\" \/>\n<meta name=\"twitter:card\" content=\"summary_large_image\" \/>\n<meta name=\"twitter:label1\" content=\"Verfasst von\" \/>\n\t<meta name=\"twitter:data1\" content=\"WalliSaar\" \/>\n\t<meta name=\"twitter:label2\" content=\"Gesch\u00e4tzte Lesezeit\" \/>\n\t<meta name=\"twitter:data2\" content=\"4\u00a0Minuten\" \/>\n<script type=\"application\/ld+json\" class=\"yoast-schema-graph\">{\"@context\":\"https:\\\/\\\/schema.org\",\"@graph\":[{\"@type\":\"Article\",\"@id\":\"https:\\\/\\\/ferienchalet-wallis.ch\\\/walliser-alpen-mit-herz\\\/#article\",\"isPartOf\":{\"@id\":\"https:\\\/\\\/ferienchalet-wallis.ch\\\/walliser-alpen-mit-herz\\\/\"},\"author\":{\"name\":\"WalliSaar\",\"@id\":\"https:\\\/\\\/ferienchalet-wallis.ch\\\/#\\\/schema\\\/person\\\/18b3f062b0514bc953799175b9bfdd2b\"},\"headline\":\"Walliser Alpen mit Herz\",\"datePublished\":\"2025-08-25T13:39:02+00:00\",\"dateModified\":\"2025-08-25T13:46:03+00:00\",\"mainEntityOfPage\":{\"@id\":\"https:\\\/\\\/ferienchalet-wallis.ch\\\/walliser-alpen-mit-herz\\\/\"},\"wordCount\":872,\"publisher\":{\"@id\":\"https:\\\/\\\/ferienchalet-wallis.ch\\\/#organization\"},\"image\":{\"@id\":\"https:\\\/\\\/ferienchalet-wallis.ch\\\/walliser-alpen-mit-herz\\\/#primaryimage\"},\"thumbnailUrl\":\"https:\\\/\\\/ferienchalet-wallis.ch\\\/wp-content\\\/uploads\\\/2025\\\/08\\\/Wallis-Aletschregion.jpg\",\"articleSection\":[\"Aletsch\",\"Naturerlebnis\"],\"inLanguage\":\"de\"},{\"@type\":\"WebPage\",\"@id\":\"https:\\\/\\\/ferienchalet-wallis.ch\\\/walliser-alpen-mit-herz\\\/\",\"url\":\"https:\\\/\\\/ferienchalet-wallis.ch\\\/walliser-alpen-mit-herz\\\/\",\"name\":\"Walliser Alpen mit Herz - Bettmeralp und Riederalp\",\"isPartOf\":{\"@id\":\"https:\\\/\\\/ferienchalet-wallis.ch\\\/#website\"},\"primaryImageOfPage\":{\"@id\":\"https:\\\/\\\/ferienchalet-wallis.ch\\\/walliser-alpen-mit-herz\\\/#primaryimage\"},\"image\":{\"@id\":\"https:\\\/\\\/ferienchalet-wallis.ch\\\/walliser-alpen-mit-herz\\\/#primaryimage\"},\"thumbnailUrl\":\"https:\\\/\\\/ferienchalet-wallis.ch\\\/wp-content\\\/uploads\\\/2025\\\/08\\\/Wallis-Aletschregion.jpg\",\"datePublished\":\"2025-08-25T13:39:02+00:00\",\"dateModified\":\"2025-08-25T13:46:03+00:00\",\"description\":\"Die Aletschregion im Wallis - Natur pur, Gl\u00fcck und gutes Essen.\",\"breadcrumb\":{\"@id\":\"https:\\\/\\\/ferienchalet-wallis.ch\\\/walliser-alpen-mit-herz\\\/#breadcrumb\"},\"inLanguage\":\"de\",\"potentialAction\":[{\"@type\":\"ReadAction\",\"target\":[\"https:\\\/\\\/ferienchalet-wallis.ch\\\/walliser-alpen-mit-herz\\\/\"]}]},{\"@type\":\"ImageObject\",\"inLanguage\":\"de\",\"@id\":\"https:\\\/\\\/ferienchalet-wallis.ch\\\/walliser-alpen-mit-herz\\\/#primaryimage\",\"url\":\"https:\\\/\\\/ferienchalet-wallis.ch\\\/wp-content\\\/uploads\\\/2025\\\/08\\\/Wallis-Aletschregion.jpg\",\"contentUrl\":\"https:\\\/\\\/ferienchalet-wallis.ch\\\/wp-content\\\/uploads\\\/2025\\\/08\\\/Wallis-Aletschregion.jpg\",\"width\":2048,\"height\":1152},{\"@type\":\"BreadcrumbList\",\"@id\":\"https:\\\/\\\/ferienchalet-wallis.ch\\\/walliser-alpen-mit-herz\\\/#breadcrumb\",\"itemListElement\":[{\"@type\":\"ListItem\",\"position\":1,\"name\":\"Home\",\"item\":\"https:\\\/\\\/ferienchalet-wallis.ch\\\/\"},{\"@type\":\"ListItem\",\"position\":2,\"name\":\"Walliser Alpen mit Herz\"}]},{\"@type\":\"WebSite\",\"@id\":\"https:\\\/\\\/ferienchalet-wallis.ch\\\/#website\",\"url\":\"https:\\\/\\\/ferienchalet-wallis.ch\\\/\",\"name\":\"Bettmeralp und Riederalp\",\"description\":\"Kranzfelder Markus\",\"publisher\":{\"@id\":\"https:\\\/\\\/ferienchalet-wallis.ch\\\/#organization\"},\"potentialAction\":[{\"@type\":\"SearchAction\",\"target\":{\"@type\":\"EntryPoint\",\"urlTemplate\":\"https:\\\/\\\/ferienchalet-wallis.ch\\\/?s={search_term_string}\"},\"query-input\":{\"@type\":\"PropertyValueSpecification\",\"valueRequired\":true,\"valueName\":\"search_term_string\"}}],\"inLanguage\":\"de\"},{\"@type\":\"Organization\",\"@id\":\"https:\\\/\\\/ferienchalet-wallis.ch\\\/#organization\",\"name\":\"Liegenschaftsbetreuung \\\/ Vermietung \u2013 M. Kranzfelder\",\"url\":\"https:\\\/\\\/ferienchalet-wallis.ch\\\/\",\"logo\":{\"@type\":\"ImageObject\",\"inLanguage\":\"de\",\"@id\":\"https:\\\/\\\/ferienchalet-wallis.ch\\\/#\\\/schema\\\/logo\\\/image\\\/\",\"url\":\"https:\\\/\\\/ferienchalet-wallis.ch\\\/wp-content\\\/uploads\\\/2022\\\/01\\\/Logo_Kranzfelder.png\",\"contentUrl\":\"https:\\\/\\\/ferienchalet-wallis.ch\\\/wp-content\\\/uploads\\\/2022\\\/01\\\/Logo_Kranzfelder.png\",\"width\":1526,\"height\":447,\"caption\":\"Liegenschaftsbetreuung \\\/ Vermietung \u2013 M. Kranzfelder\"},\"image\":{\"@id\":\"https:\\\/\\\/ferienchalet-wallis.ch\\\/#\\\/schema\\\/logo\\\/image\\\/\"}},{\"@type\":\"Person\",\"@id\":\"https:\\\/\\\/ferienchalet-wallis.ch\\\/#\\\/schema\\\/person\\\/18b3f062b0514bc953799175b9bfdd2b\",\"name\":\"WalliSaar\",\"image\":{\"@type\":\"ImageObject\",\"inLanguage\":\"de\",\"@id\":\"https:\\\/\\\/secure.gravatar.com\\\/avatar\\\/1be7f9468eac0e02f655be9ab758a01ae5dc72d678841cc4898d463993c78d36?s=96&d=initials&r=g&initials=ru\",\"url\":\"https:\\\/\\\/secure.gravatar.com\\\/avatar\\\/1be7f9468eac0e02f655be9ab758a01ae5dc72d678841cc4898d463993c78d36?s=96&d=initials&r=g&initials=ru\",\"contentUrl\":\"https:\\\/\\\/secure.gravatar.com\\\/avatar\\\/1be7f9468eac0e02f655be9ab758a01ae5dc72d678841cc4898d463993c78d36?s=96&d=initials&r=g&initials=ru\",\"caption\":\"WalliSaar\"},\"description\":\"Mein Name ist Anja Ruch und ich schreibe die Blogbeitr\u00e4ge f\u00fcr das Ehepaar Markus &amp; Tabitha Kranzfelder. Der Name WalliSaar gr\u00fcndet sich auf meinen Wurzeln im Saarland und den neuen im Wallis. My name is Anja Ruch and I write the blog entries for the Markus &amp; Tabitha Kranzfelder couple. The name WalliSaar shows the connection to my old roots in Saarland and the new ones in Valais.\",\"sameAs\":[\"https:\\\/\\\/www.ferienchalet-wallis.ch\\\/blog\"],\"url\":\"https:\\\/\\\/ferienchalet-wallis.ch\\\/de\\\/author\\\/wallisaar\\\/\"}]}<\/script>\n<!-- \/ Yoast SEO plugin. -->","yoast_head_json":{"title":"Walliser Alpen mit Herz - Bettmeralp und Riederalp","description":"Die Aletschregion im Wallis - Natur pur, Gl\u00fcck und gutes Essen.","robots":{"index":"index","follow":"follow","max-snippet":"max-snippet:-1","max-image-preview":"max-image-preview:large","max-video-preview":"max-video-preview:-1"},"canonical":"https:\/\/ferienchalet-wallis.ch\/de\/walliser-alpen-mit-herz\/","og_locale":"de_DE","og_type":"article","og_title":"Walliser Alpen mit Herz - Bettmeralp und Riederalp","og_description":"Die Aletschregion im Wallis - Natur pur, Gl\u00fcck und gutes Essen.","og_url":"https:\/\/ferienchalet-wallis.ch\/de\/walliser-alpen-mit-herz\/","og_site_name":"Bettmeralp und Riederalp","article_published_time":"2025-08-25T13:39:02+00:00","article_modified_time":"2025-08-25T13:46:03+00:00","og_image":[{"width":2048,"height":1152,"url":"https:\/\/ferienchalet-wallis.ch\/wp-content\/uploads\/2025\/08\/Wallis-Aletschregion.jpg","type":"image\/jpeg"}],"author":"WalliSaar","twitter_card":"summary_large_image","twitter_misc":{"Verfasst von":"WalliSaar","Gesch\u00e4tzte Lesezeit":"4\u00a0Minuten"},"schema":{"@context":"https:\/\/schema.org","@graph":[{"@type":"Article","@id":"https:\/\/ferienchalet-wallis.ch\/walliser-alpen-mit-herz\/#article","isPartOf":{"@id":"https:\/\/ferienchalet-wallis.ch\/walliser-alpen-mit-herz\/"},"author":{"name":"WalliSaar","@id":"https:\/\/ferienchalet-wallis.ch\/#\/schema\/person\/18b3f062b0514bc953799175b9bfdd2b"},"headline":"Walliser Alpen mit Herz","datePublished":"2025-08-25T13:39:02+00:00","dateModified":"2025-08-25T13:46:03+00:00","mainEntityOfPage":{"@id":"https:\/\/ferienchalet-wallis.ch\/walliser-alpen-mit-herz\/"},"wordCount":872,"publisher":{"@id":"https:\/\/ferienchalet-wallis.ch\/#organization"},"image":{"@id":"https:\/\/ferienchalet-wallis.ch\/walliser-alpen-mit-herz\/#primaryimage"},"thumbnailUrl":"https:\/\/ferienchalet-wallis.ch\/wp-content\/uploads\/2025\/08\/Wallis-Aletschregion.jpg","articleSection":["Aletsch","Naturerlebnis"],"inLanguage":"de"},{"@type":"WebPage","@id":"https:\/\/ferienchalet-wallis.ch\/walliser-alpen-mit-herz\/","url":"https:\/\/ferienchalet-wallis.ch\/walliser-alpen-mit-herz\/","name":"Walliser Alpen mit Herz - Bettmeralp und Riederalp","isPartOf":{"@id":"https:\/\/ferienchalet-wallis.ch\/#website"},"primaryImageOfPage":{"@id":"https:\/\/ferienchalet-wallis.ch\/walliser-alpen-mit-herz\/#primaryimage"},"image":{"@id":"https:\/\/ferienchalet-wallis.ch\/walliser-alpen-mit-herz\/#primaryimage"},"thumbnailUrl":"https:\/\/ferienchalet-wallis.ch\/wp-content\/uploads\/2025\/08\/Wallis-Aletschregion.jpg","datePublished":"2025-08-25T13:39:02+00:00","dateModified":"2025-08-25T13:46:03+00:00","description":"Die Aletschregion im Wallis - Natur pur, Gl\u00fcck und gutes Essen.","breadcrumb":{"@id":"https:\/\/ferienchalet-wallis.ch\/walliser-alpen-mit-herz\/#breadcrumb"},"inLanguage":"de","potentialAction":[{"@type":"ReadAction","target":["https:\/\/ferienchalet-wallis.ch\/walliser-alpen-mit-herz\/"]}]},{"@type":"ImageObject","inLanguage":"de","@id":"https:\/\/ferienchalet-wallis.ch\/walliser-alpen-mit-herz\/#primaryimage","url":"https:\/\/ferienchalet-wallis.ch\/wp-content\/uploads\/2025\/08\/Wallis-Aletschregion.jpg","contentUrl":"https:\/\/ferienchalet-wallis.ch\/wp-content\/uploads\/2025\/08\/Wallis-Aletschregion.jpg","width":2048,"height":1152},{"@type":"BreadcrumbList","@id":"https:\/\/ferienchalet-wallis.ch\/walliser-alpen-mit-herz\/#breadcrumb","itemListElement":[{"@type":"ListItem","position":1,"name":"Home","item":"https:\/\/ferienchalet-wallis.ch\/"},{"@type":"ListItem","position":2,"name":"Walliser Alpen mit Herz"}]},{"@type":"WebSite","@id":"https:\/\/ferienchalet-wallis.ch\/#website","url":"https:\/\/ferienchalet-wallis.ch\/","name":"Bettmeralp und Riederalp","description":"Kranzfelder Markus","publisher":{"@id":"https:\/\/ferienchalet-wallis.ch\/#organization"},"potentialAction":[{"@type":"SearchAction","target":{"@type":"EntryPoint","urlTemplate":"https:\/\/ferienchalet-wallis.ch\/?s={search_term_string}"},"query-input":{"@type":"PropertyValueSpecification","valueRequired":true,"valueName":"search_term_string"}}],"inLanguage":"de"},{"@type":"Organization","@id":"https:\/\/ferienchalet-wallis.ch\/#organization","name":"Liegenschaftsbetreuung \/ Vermietung \u2013 M. Kranzfelder","url":"https:\/\/ferienchalet-wallis.ch\/","logo":{"@type":"ImageObject","inLanguage":"de","@id":"https:\/\/ferienchalet-wallis.ch\/#\/schema\/logo\/image\/","url":"https:\/\/ferienchalet-wallis.ch\/wp-content\/uploads\/2022\/01\/Logo_Kranzfelder.png","contentUrl":"https:\/\/ferienchalet-wallis.ch\/wp-content\/uploads\/2022\/01\/Logo_Kranzfelder.png","width":1526,"height":447,"caption":"Liegenschaftsbetreuung \/ Vermietung \u2013 M. Kranzfelder"},"image":{"@id":"https:\/\/ferienchalet-wallis.ch\/#\/schema\/logo\/image\/"}},{"@type":"Person","@id":"https:\/\/ferienchalet-wallis.ch\/#\/schema\/person\/18b3f062b0514bc953799175b9bfdd2b","name":"WalliSaar","image":{"@type":"ImageObject","inLanguage":"de","@id":"https:\/\/secure.gravatar.com\/avatar\/1be7f9468eac0e02f655be9ab758a01ae5dc72d678841cc4898d463993c78d36?s=96&d=initials&r=g&initials=ru","url":"https:\/\/secure.gravatar.com\/avatar\/1be7f9468eac0e02f655be9ab758a01ae5dc72d678841cc4898d463993c78d36?s=96&d=initials&r=g&initials=ru","contentUrl":"https:\/\/secure.gravatar.com\/avatar\/1be7f9468eac0e02f655be9ab758a01ae5dc72d678841cc4898d463993c78d36?s=96&d=initials&r=g&initials=ru","caption":"WalliSaar"},"description":"Mein Name ist Anja Ruch und ich schreibe die Blogbeitr\u00e4ge f\u00fcr das Ehepaar Markus &amp; Tabitha Kranzfelder. Der Name WalliSaar gr\u00fcndet sich auf meinen Wurzeln im Saarland und den neuen im Wallis. My name is Anja Ruch and I write the blog entries for the Markus &amp; Tabitha Kranzfelder couple. The name WalliSaar shows the connection to my old roots in Saarland and the new ones in Valais.","sameAs":["https:\/\/www.ferienchalet-wallis.ch\/blog"],"url":"https:\/\/ferienchalet-wallis.ch\/de\/author\/wallisaar\/"}]}},"_links":{"self":[{"href":"https:\/\/ferienchalet-wallis.ch\/de\/wp-json\/wp\/v2\/posts\/2479","targetHints":{"allow":["GET"]}}],"collection":[{"href":"https:\/\/ferienchalet-wallis.ch\/de\/wp-json\/wp\/v2\/posts"}],"about":[{"href":"https:\/\/ferienchalet-wallis.ch\/de\/wp-json\/wp\/v2\/types\/post"}],"author":[{"embeddable":true,"href":"https:\/\/ferienchalet-wallis.ch\/de\/wp-json\/wp\/v2\/users\/3"}],"replies":[{"embeddable":true,"href":"https:\/\/ferienchalet-wallis.ch\/de\/wp-json\/wp\/v2\/comments?post=2479"}],"version-history":[{"count":5,"href":"https:\/\/ferienchalet-wallis.ch\/de\/wp-json\/wp\/v2\/posts\/2479\/revisions"}],"predecessor-version":[{"id":2486,"href":"https:\/\/ferienchalet-wallis.ch\/de\/wp-json\/wp\/v2\/posts\/2479\/revisions\/2486"}],"wp:featuredmedia":[{"embeddable":true,"href":"https:\/\/ferienchalet-wallis.ch\/de\/wp-json\/wp\/v2\/media\/2480"}],"wp:attachment":[{"href":"https:\/\/ferienchalet-wallis.ch\/de\/wp-json\/wp\/v2\/media?parent=2479"}],"wp:term":[{"taxonomy":"category","embeddable":true,"href":"https:\/\/ferienchalet-wallis.ch\/de\/wp-json\/wp\/v2\/categories?post=2479"},{"taxonomy":"post_tag","embeddable":true,"href":"https:\/\/ferienchalet-wallis.ch\/de\/wp-json\/wp\/v2\/tags?post=2479"}],"curies":[{"name":"wp","href":"https:\/\/api.w.org\/{rel}","templated":true}]}}