{"id":2531,"date":"2025-10-08T09:49:49","date_gmt":"2025-10-08T09:49:49","guid":{"rendered":"https:\/\/ferienchalet-wallis.ch\/?p=2531"},"modified":"2025-10-08T11:28:42","modified_gmt":"2025-10-08T11:28:42","slug":"foxtrail-am-aletschgletscher","status":"publish","type":"post","link":"https:\/\/ferienchalet-wallis.ch\/de\/foxtrail-am-aletschgletscher\/","title":{"rendered":"Foxtrail am Aletschgletscher"},"content":{"rendered":"\n<style type=\"text\/css\" data-created_by=\"avia_inline_auto\" id=\"style-css-av-mght0pnb-1adb0099fbdcf42403e5321ffe259521\">\n#top .av-special-heading.av-mght0pnb-1adb0099fbdcf42403e5321ffe259521{\npadding-bottom:10px;\n}\nbody .av-special-heading.av-mght0pnb-1adb0099fbdcf42403e5321ffe259521 .av-special-heading-tag .heading-char{\nfont-size:25px;\n}\n.av-special-heading.av-mght0pnb-1adb0099fbdcf42403e5321ffe259521 .av-subheading{\nfont-size:15px;\n}\n<\/style>\n<div  class='av-special-heading av-mght0pnb-1adb0099fbdcf42403e5321ffe259521 av-special-heading-h2  avia-builder-el-0  el_before_av_image  avia-builder-el-first '><h2 class='av-special-heading-tag'  itemprop=\"headline\"  >Foxtrails &#8211; Wandern mit Entertainment<\/h2><div class=\"special-heading-border\"><div class=\"special-heading-inner-border\"><\/div><\/div><\/div>\n\n<style type=\"text\/css\" data-created_by=\"avia_inline_auto\" id=\"style-css-av-mght08mm-894fe4772f7e9ce54386f566373f603e\">\n.avia-image-container.av-mght08mm-894fe4772f7e9ce54386f566373f603e .av-image-caption-overlay-center{\ncolor:#ffffff;\n}\n<\/style>\n<div  class='avia-image-container av-mght08mm-894fe4772f7e9ce54386f566373f603e av-styling- avia-align-center  avia-builder-el-1  el_after_av_heading  el_before_av_textblock '  itemprop=\"image\" itemscope=\"itemscope\" itemtype=\"https:\/\/schema.org\/ImageObject\" ><div class=\"avia-image-container-inner\"><div class=\"avia-image-overlay-wrap\"><img decoding=\"async\" class='wp-image-2532 avia-img-lazy-loading-not-2532 avia_image' src=\"https:\/\/ferienchalet-wallis.ch\/wp-content\/uploads\/2025\/10\/Foxtrail_Desoria_Aletsch-1500x630.jpg\" alt='Foxtrail_Desoria_Aletsch' title='Foxtrail_Desoria_Aletsch'  height=\"630\" width=\"1500\"  itemprop=\"thumbnailUrl\"  \/><\/div><\/div><\/div>\n<section  class='av_textblock_section av-mght381g-e254f7798d9b9af682bf06b7d07f2ea9'  itemscope=\"itemscope\" itemtype=\"https:\/\/schema.org\/BlogPosting\" itemprop=\"blogPost\" ><div class='avia_textblock'  itemprop=\"text\" ><p>Ich mag Foxtrails. Man wandert, hat Spannung, Spiel und Spass wie bei den \u00dcberraschungseiern. Um Kinder zum Wandern zu motivieren, finde ich diese Trails genau richtig. Man erh\u00e4lt ein R\u00e4tsel, sucht nach dem entsprechenden Symbol, es gibt dann was zu gucken und auch was zum R\u00e4tsel l\u00f6sen, was einem wiederum zur n\u00e4chsten R\u00e4tsel-Station f\u00fchrt.<\/p>\n<h3>Foxtrail ist eine moderne Schnitzeljagd<\/h3>\n<p>Auf deren Webseite steht: eine \u00fcberraschende Mischung aus Sightseeing, Outdoor Escape Room und Schnitzeljagd. Das trifft\u2019s. Mein Mann und ich haben schon einen Foxtrail in Thun und im Saastal unternommen und in Bern als Familie. Wir haben immer einen Riesenspass dabei. Mindestens 2 Personen m\u00fcssen am Foxtrail teilnehmen. Man kann diese Trails auch gut als Familie oder in Teams machen. Gebucht wird auf der Webseite von <a href=\"https:\/\/foxtrail.ch\/\" target=\"_blank\" rel=\"noopener\">foxtrail<\/a>.<\/p>\n<h3>Foxtrail Desoria in der Aletscharena<\/h3>\n<p>Der <a href=\"https:\/\/foxtrail.ch\/produkte\/trails\/wallis\/desoria\/\" target=\"_blank\" rel=\"noopener\">Desoria Foxtrail<\/a> steht in deutscher und franz\u00f6sischer Sprache zur Verf\u00fcgung, verl\u00e4uft von der Riederalp zur Bettmeralp und dauert 3 Stunden. Bei mehr als 5 Teilnehmern, besteht die M\u00f6glichkeit 2 Teams zu bilden. Nach der Buchung erhalten Sie weitere Anweisungen. Der Foxtrail Desoria ist ab dem 27. Oktober geschlossen. Aktuell ist mal wieder bombastisches Wanderwetter! Drum: Zeit nutzen und was Neues ausprobieren.<\/p>\n<p><em>Sind die W\u00e4ge r\u00e4cht verschlunge und \u00e4s Ziel \u00f6i nid g\u00e4ng klar, hei wir doch schn\u00e4ll \u00fcssa g&#8217;funne, was richtig und was wahr<\/em><\/p>\n<\/div><\/section>\n<div class='flex_column av-9nlzhv-0190db1250770c6144f220917921da19 av_one_half  avia-builder-el-3  el_after_av_textblock  avia-builder-el-last  first flex_column_div column-top-margin'   ><p><div  class='av-post-metadata-container av-71lusj-552c808a81f1e13433f9e6d7f29a03df av-metadata-container-align-left  avia-builder-el-4  el_before_av_social_share  avia-builder-el-first  av-metadata-container-1'><div class='av-post-metadata-container-inner'><span class=\"av-post-metadata-content av-post-metadata-meta-content\"><span class=\"av-post-metadata-content av-post-metadata-author\"  itemprop=\"author\" ><span class=\"av-metadata-before av-metadata-before-author\">von<\/span><span class=\"av-post-metadata-author-link\" ><a href=\"https:\/\/ferienchalet-wallis.ch\/de\/author\/wallisaar\/\"  rel=\"author\">WalliSaar<\/a><\/span><\/span><span class=\"av-post-metadata-content av-post-metadata-separator\">\/<\/span><span class=\"av-post-metadata-content av-post-metadata-published\"><span class=\"av-post-metadata-published-date\" >Oktober 8, 2025<\/span><\/span><\/span><\/div><\/div><br \/>\n<div  class='av-social-sharing-box av-2nw4n7-069ee81e1aef24d9c767d046776ef3d8 av-social-sharing-box-circle  avia-builder-el-5  el_after_av_post_metadata  avia-builder-el-last  av-social-sharing-box-color-bg av-social-sharing-box-same-width'><div class=\"av-share-box\"><h5 class='av-share-link-description av-no-toc '>Eintrag teilen<\/h5><ul class=\"av-share-box-list noLightbox\"><li class='av-share-link av-social-link-whatsapp' ><a target=\"_blank\" aria-label=\"Teilen auf WhatsApp\" href='https:\/\/api.whatsapp.com\/send?text=https:\/\/ferienchalet-wallis.ch\/de\/foxtrail-am-aletschgletscher\/' aria-hidden='false' data-av_icon='\uf232' data-av_iconfont='entypo-fontello' title='' data-avia-related-tooltip='Teilen auf WhatsApp' rel=\"noopener\"><span class='avia_hidden_link_text'>Teilen auf WhatsApp<\/span><\/a><\/li><\/ul><\/div><\/div><\/p><\/div>\n","protected":false},"excerpt":{"rendered":"","protected":false},"author":3,"featured_media":2532,"comment_status":"closed","ping_status":"closed","sticky":false,"template":"","format":"standard","meta":{"footnotes":""},"categories":[6,17,12],"tags":[],"class_list":["post-2531","post","type-post","status-publish","format-standard","has-post-thumbnail","hentry","category-aletsch","category-kinder","category-wandern"],"yoast_head":"<!-- This site is optimized with the Yoast SEO plugin v27.4 - https:\/\/yoast.com\/product\/yoast-seo-wordpress\/ -->\n<title>Foxtrail am Aletschgletscher - Bettmeralp und Riederalp<\/title>\n<meta name=\"description\" content=\"Der Foxtrail Desoria in der Aletsch Arena ist Entertainment ab 2 Personen und verbindet Wandern mit Spass.\" \/>\n<meta name=\"robots\" content=\"index, follow, max-snippet:-1, max-image-preview:large, max-video-preview:-1\" \/>\n<link rel=\"canonical\" href=\"https:\/\/ferienchalet-wallis.ch\/de\/foxtrail-am-aletschgletscher\/\" \/>\n<meta property=\"og:locale\" content=\"de_DE\" \/>\n<meta property=\"og:type\" content=\"article\" \/>\n<meta property=\"og:title\" content=\"Foxtrail am Aletschgletscher - Bettmeralp und Riederalp\" \/>\n<meta property=\"og:description\" content=\"Der Foxtrail Desoria in der Aletsch Arena ist Entertainment ab 2 Personen und verbindet Wandern mit Spass.\" \/>\n<meta property=\"og:url\" content=\"https:\/\/ferienchalet-wallis.ch\/de\/foxtrail-am-aletschgletscher\/\" \/>\n<meta property=\"og:site_name\" content=\"Bettmeralp und Riederalp\" \/>\n<meta property=\"article:published_time\" content=\"2025-10-08T09:49:49+00:00\" \/>\n<meta property=\"article:modified_time\" content=\"2025-10-08T11:28:42+00:00\" \/>\n<meta property=\"og:image\" content=\"https:\/\/ferienchalet-wallis.ch\/wp-content\/uploads\/2025\/10\/Foxtrail_Desoria_Aletsch.jpg\" \/>\n\t<meta property=\"og:image:width\" content=\"2048\" \/>\n\t<meta property=\"og:image:height\" content=\"1365\" \/>\n\t<meta property=\"og:image:type\" content=\"image\/jpeg\" \/>\n<meta name=\"author\" content=\"WalliSaar\" \/>\n<meta name=\"twitter:card\" content=\"summary_large_image\" \/>\n<meta name=\"twitter:label1\" content=\"Verfasst von\" \/>\n\t<meta name=\"twitter:data1\" content=\"WalliSaar\" \/>\n\t<meta name=\"twitter:label2\" content=\"Gesch\u00e4tzte Lesezeit\" \/>\n\t<meta name=\"twitter:data2\" content=\"3\u00a0Minuten\" \/>\n<script type=\"application\/ld+json\" class=\"yoast-schema-graph\">{\"@context\":\"https:\\\/\\\/schema.org\",\"@graph\":[{\"@type\":\"Article\",\"@id\":\"https:\\\/\\\/ferienchalet-wallis.ch\\\/foxtrail-am-aletschgletscher\\\/#article\",\"isPartOf\":{\"@id\":\"https:\\\/\\\/ferienchalet-wallis.ch\\\/foxtrail-am-aletschgletscher\\\/\"},\"author\":{\"name\":\"WalliSaar\",\"@id\":\"https:\\\/\\\/ferienchalet-wallis.ch\\\/#\\\/schema\\\/person\\\/18b3f062b0514bc953799175b9bfdd2b\"},\"headline\":\"Foxtrail am Aletschgletscher\",\"datePublished\":\"2025-10-08T09:49:49+00:00\",\"dateModified\":\"2025-10-08T11:28:42+00:00\",\"mainEntityOfPage\":{\"@id\":\"https:\\\/\\\/ferienchalet-wallis.ch\\\/foxtrail-am-aletschgletscher\\\/\"},\"wordCount\":774,\"publisher\":{\"@id\":\"https:\\\/\\\/ferienchalet-wallis.ch\\\/#organization\"},\"image\":{\"@id\":\"https:\\\/\\\/ferienchalet-wallis.ch\\\/foxtrail-am-aletschgletscher\\\/#primaryimage\"},\"thumbnailUrl\":\"https:\\\/\\\/ferienchalet-wallis.ch\\\/wp-content\\\/uploads\\\/2025\\\/10\\\/Foxtrail_Desoria_Aletsch.jpg\",\"articleSection\":[\"Aletsch\",\"Kinder\",\"Wandern\"],\"inLanguage\":\"de\"},{\"@type\":\"WebPage\",\"@id\":\"https:\\\/\\\/ferienchalet-wallis.ch\\\/foxtrail-am-aletschgletscher\\\/\",\"url\":\"https:\\\/\\\/ferienchalet-wallis.ch\\\/foxtrail-am-aletschgletscher\\\/\",\"name\":\"Foxtrail am Aletschgletscher - Bettmeralp und Riederalp\",\"isPartOf\":{\"@id\":\"https:\\\/\\\/ferienchalet-wallis.ch\\\/#website\"},\"primaryImageOfPage\":{\"@id\":\"https:\\\/\\\/ferienchalet-wallis.ch\\\/foxtrail-am-aletschgletscher\\\/#primaryimage\"},\"image\":{\"@id\":\"https:\\\/\\\/ferienchalet-wallis.ch\\\/foxtrail-am-aletschgletscher\\\/#primaryimage\"},\"thumbnailUrl\":\"https:\\\/\\\/ferienchalet-wallis.ch\\\/wp-content\\\/uploads\\\/2025\\\/10\\\/Foxtrail_Desoria_Aletsch.jpg\",\"datePublished\":\"2025-10-08T09:49:49+00:00\",\"dateModified\":\"2025-10-08T11:28:42+00:00\",\"description\":\"Der Foxtrail Desoria in der Aletsch Arena ist Entertainment ab 2 Personen und verbindet Wandern mit Spass.\",\"breadcrumb\":{\"@id\":\"https:\\\/\\\/ferienchalet-wallis.ch\\\/foxtrail-am-aletschgletscher\\\/#breadcrumb\"},\"inLanguage\":\"de\",\"potentialAction\":[{\"@type\":\"ReadAction\",\"target\":[\"https:\\\/\\\/ferienchalet-wallis.ch\\\/foxtrail-am-aletschgletscher\\\/\"]}]},{\"@type\":\"ImageObject\",\"inLanguage\":\"de\",\"@id\":\"https:\\\/\\\/ferienchalet-wallis.ch\\\/foxtrail-am-aletschgletscher\\\/#primaryimage\",\"url\":\"https:\\\/\\\/ferienchalet-wallis.ch\\\/wp-content\\\/uploads\\\/2025\\\/10\\\/Foxtrail_Desoria_Aletsch.jpg\",\"contentUrl\":\"https:\\\/\\\/ferienchalet-wallis.ch\\\/wp-content\\\/uploads\\\/2025\\\/10\\\/Foxtrail_Desoria_Aletsch.jpg\",\"width\":2048,\"height\":1365,\"caption\":\"Foxtrail_Desoria_Aletsch\"},{\"@type\":\"BreadcrumbList\",\"@id\":\"https:\\\/\\\/ferienchalet-wallis.ch\\\/foxtrail-am-aletschgletscher\\\/#breadcrumb\",\"itemListElement\":[{\"@type\":\"ListItem\",\"position\":1,\"name\":\"Home\",\"item\":\"https:\\\/\\\/ferienchalet-wallis.ch\\\/\"},{\"@type\":\"ListItem\",\"position\":2,\"name\":\"Foxtrail am Aletschgletscher\"}]},{\"@type\":\"WebSite\",\"@id\":\"https:\\\/\\\/ferienchalet-wallis.ch\\\/#website\",\"url\":\"https:\\\/\\\/ferienchalet-wallis.ch\\\/\",\"name\":\"Bettmeralp und Riederalp\",\"description\":\"Kranzfelder Markus\",\"publisher\":{\"@id\":\"https:\\\/\\\/ferienchalet-wallis.ch\\\/#organization\"},\"potentialAction\":[{\"@type\":\"SearchAction\",\"target\":{\"@type\":\"EntryPoint\",\"urlTemplate\":\"https:\\\/\\\/ferienchalet-wallis.ch\\\/?s={search_term_string}\"},\"query-input\":{\"@type\":\"PropertyValueSpecification\",\"valueRequired\":true,\"valueName\":\"search_term_string\"}}],\"inLanguage\":\"de\"},{\"@type\":\"Organization\",\"@id\":\"https:\\\/\\\/ferienchalet-wallis.ch\\\/#organization\",\"name\":\"Liegenschaftsbetreuung \\\/ Vermietung \u2013 M. Kranzfelder\",\"url\":\"https:\\\/\\\/ferienchalet-wallis.ch\\\/\",\"logo\":{\"@type\":\"ImageObject\",\"inLanguage\":\"de\",\"@id\":\"https:\\\/\\\/ferienchalet-wallis.ch\\\/#\\\/schema\\\/logo\\\/image\\\/\",\"url\":\"https:\\\/\\\/ferienchalet-wallis.ch\\\/wp-content\\\/uploads\\\/2022\\\/01\\\/Logo_Kranzfelder.png\",\"contentUrl\":\"https:\\\/\\\/ferienchalet-wallis.ch\\\/wp-content\\\/uploads\\\/2022\\\/01\\\/Logo_Kranzfelder.png\",\"width\":1526,\"height\":447,\"caption\":\"Liegenschaftsbetreuung \\\/ Vermietung \u2013 M. Kranzfelder\"},\"image\":{\"@id\":\"https:\\\/\\\/ferienchalet-wallis.ch\\\/#\\\/schema\\\/logo\\\/image\\\/\"}},{\"@type\":\"Person\",\"@id\":\"https:\\\/\\\/ferienchalet-wallis.ch\\\/#\\\/schema\\\/person\\\/18b3f062b0514bc953799175b9bfdd2b\",\"name\":\"WalliSaar\",\"image\":{\"@type\":\"ImageObject\",\"inLanguage\":\"de\",\"@id\":\"https:\\\/\\\/secure.gravatar.com\\\/avatar\\\/1be7f9468eac0e02f655be9ab758a01ae5dc72d678841cc4898d463993c78d36?s=96&d=initials&r=g&initials=ru\",\"url\":\"https:\\\/\\\/secure.gravatar.com\\\/avatar\\\/1be7f9468eac0e02f655be9ab758a01ae5dc72d678841cc4898d463993c78d36?s=96&d=initials&r=g&initials=ru\",\"contentUrl\":\"https:\\\/\\\/secure.gravatar.com\\\/avatar\\\/1be7f9468eac0e02f655be9ab758a01ae5dc72d678841cc4898d463993c78d36?s=96&d=initials&r=g&initials=ru\",\"caption\":\"WalliSaar\"},\"description\":\"Mein Name ist Anja Ruch und ich schreibe die Blogbeitr\u00e4ge f\u00fcr das Ehepaar Markus &amp; Tabitha Kranzfelder. Der Name WalliSaar gr\u00fcndet sich auf meinen Wurzeln im Saarland und den neuen im Wallis. My name is Anja Ruch and I write the blog entries for the Markus &amp; Tabitha Kranzfelder couple. The name WalliSaar shows the connection to my old roots in Saarland and the new ones in Valais.\",\"sameAs\":[\"https:\\\/\\\/www.ferienchalet-wallis.ch\\\/blog\"],\"url\":\"https:\\\/\\\/ferienchalet-wallis.ch\\\/de\\\/author\\\/wallisaar\\\/\"}]}<\/script>\n<!-- \/ Yoast SEO plugin. -->","yoast_head_json":{"title":"Foxtrail am Aletschgletscher - Bettmeralp und Riederalp","description":"Der Foxtrail Desoria in der Aletsch Arena ist Entertainment ab 2 Personen und verbindet Wandern mit Spass.","robots":{"index":"index","follow":"follow","max-snippet":"max-snippet:-1","max-image-preview":"max-image-preview:large","max-video-preview":"max-video-preview:-1"},"canonical":"https:\/\/ferienchalet-wallis.ch\/de\/foxtrail-am-aletschgletscher\/","og_locale":"de_DE","og_type":"article","og_title":"Foxtrail am Aletschgletscher - Bettmeralp und Riederalp","og_description":"Der Foxtrail Desoria in der Aletsch Arena ist Entertainment ab 2 Personen und verbindet Wandern mit Spass.","og_url":"https:\/\/ferienchalet-wallis.ch\/de\/foxtrail-am-aletschgletscher\/","og_site_name":"Bettmeralp und Riederalp","article_published_time":"2025-10-08T09:49:49+00:00","article_modified_time":"2025-10-08T11:28:42+00:00","og_image":[{"width":2048,"height":1365,"url":"https:\/\/ferienchalet-wallis.ch\/wp-content\/uploads\/2025\/10\/Foxtrail_Desoria_Aletsch.jpg","type":"image\/jpeg"}],"author":"WalliSaar","twitter_card":"summary_large_image","twitter_misc":{"Verfasst von":"WalliSaar","Gesch\u00e4tzte Lesezeit":"3\u00a0Minuten"},"schema":{"@context":"https:\/\/schema.org","@graph":[{"@type":"Article","@id":"https:\/\/ferienchalet-wallis.ch\/foxtrail-am-aletschgletscher\/#article","isPartOf":{"@id":"https:\/\/ferienchalet-wallis.ch\/foxtrail-am-aletschgletscher\/"},"author":{"name":"WalliSaar","@id":"https:\/\/ferienchalet-wallis.ch\/#\/schema\/person\/18b3f062b0514bc953799175b9bfdd2b"},"headline":"Foxtrail am Aletschgletscher","datePublished":"2025-10-08T09:49:49+00:00","dateModified":"2025-10-08T11:28:42+00:00","mainEntityOfPage":{"@id":"https:\/\/ferienchalet-wallis.ch\/foxtrail-am-aletschgletscher\/"},"wordCount":774,"publisher":{"@id":"https:\/\/ferienchalet-wallis.ch\/#organization"},"image":{"@id":"https:\/\/ferienchalet-wallis.ch\/foxtrail-am-aletschgletscher\/#primaryimage"},"thumbnailUrl":"https:\/\/ferienchalet-wallis.ch\/wp-content\/uploads\/2025\/10\/Foxtrail_Desoria_Aletsch.jpg","articleSection":["Aletsch","Kinder","Wandern"],"inLanguage":"de"},{"@type":"WebPage","@id":"https:\/\/ferienchalet-wallis.ch\/foxtrail-am-aletschgletscher\/","url":"https:\/\/ferienchalet-wallis.ch\/foxtrail-am-aletschgletscher\/","name":"Foxtrail am Aletschgletscher - Bettmeralp und Riederalp","isPartOf":{"@id":"https:\/\/ferienchalet-wallis.ch\/#website"},"primaryImageOfPage":{"@id":"https:\/\/ferienchalet-wallis.ch\/foxtrail-am-aletschgletscher\/#primaryimage"},"image":{"@id":"https:\/\/ferienchalet-wallis.ch\/foxtrail-am-aletschgletscher\/#primaryimage"},"thumbnailUrl":"https:\/\/ferienchalet-wallis.ch\/wp-content\/uploads\/2025\/10\/Foxtrail_Desoria_Aletsch.jpg","datePublished":"2025-10-08T09:49:49+00:00","dateModified":"2025-10-08T11:28:42+00:00","description":"Der Foxtrail Desoria in der Aletsch Arena ist Entertainment ab 2 Personen und verbindet Wandern mit Spass.","breadcrumb":{"@id":"https:\/\/ferienchalet-wallis.ch\/foxtrail-am-aletschgletscher\/#breadcrumb"},"inLanguage":"de","potentialAction":[{"@type":"ReadAction","target":["https:\/\/ferienchalet-wallis.ch\/foxtrail-am-aletschgletscher\/"]}]},{"@type":"ImageObject","inLanguage":"de","@id":"https:\/\/ferienchalet-wallis.ch\/foxtrail-am-aletschgletscher\/#primaryimage","url":"https:\/\/ferienchalet-wallis.ch\/wp-content\/uploads\/2025\/10\/Foxtrail_Desoria_Aletsch.jpg","contentUrl":"https:\/\/ferienchalet-wallis.ch\/wp-content\/uploads\/2025\/10\/Foxtrail_Desoria_Aletsch.jpg","width":2048,"height":1365,"caption":"Foxtrail_Desoria_Aletsch"},{"@type":"BreadcrumbList","@id":"https:\/\/ferienchalet-wallis.ch\/foxtrail-am-aletschgletscher\/#breadcrumb","itemListElement":[{"@type":"ListItem","position":1,"name":"Home","item":"https:\/\/ferienchalet-wallis.ch\/"},{"@type":"ListItem","position":2,"name":"Foxtrail am Aletschgletscher"}]},{"@type":"WebSite","@id":"https:\/\/ferienchalet-wallis.ch\/#website","url":"https:\/\/ferienchalet-wallis.ch\/","name":"Bettmeralp und Riederalp","description":"Kranzfelder Markus","publisher":{"@id":"https:\/\/ferienchalet-wallis.ch\/#organization"},"potentialAction":[{"@type":"SearchAction","target":{"@type":"EntryPoint","urlTemplate":"https:\/\/ferienchalet-wallis.ch\/?s={search_term_string}"},"query-input":{"@type":"PropertyValueSpecification","valueRequired":true,"valueName":"search_term_string"}}],"inLanguage":"de"},{"@type":"Organization","@id":"https:\/\/ferienchalet-wallis.ch\/#organization","name":"Liegenschaftsbetreuung \/ Vermietung \u2013 M. Kranzfelder","url":"https:\/\/ferienchalet-wallis.ch\/","logo":{"@type":"ImageObject","inLanguage":"de","@id":"https:\/\/ferienchalet-wallis.ch\/#\/schema\/logo\/image\/","url":"https:\/\/ferienchalet-wallis.ch\/wp-content\/uploads\/2022\/01\/Logo_Kranzfelder.png","contentUrl":"https:\/\/ferienchalet-wallis.ch\/wp-content\/uploads\/2022\/01\/Logo_Kranzfelder.png","width":1526,"height":447,"caption":"Liegenschaftsbetreuung \/ Vermietung \u2013 M. Kranzfelder"},"image":{"@id":"https:\/\/ferienchalet-wallis.ch\/#\/schema\/logo\/image\/"}},{"@type":"Person","@id":"https:\/\/ferienchalet-wallis.ch\/#\/schema\/person\/18b3f062b0514bc953799175b9bfdd2b","name":"WalliSaar","image":{"@type":"ImageObject","inLanguage":"de","@id":"https:\/\/secure.gravatar.com\/avatar\/1be7f9468eac0e02f655be9ab758a01ae5dc72d678841cc4898d463993c78d36?s=96&d=initials&r=g&initials=ru","url":"https:\/\/secure.gravatar.com\/avatar\/1be7f9468eac0e02f655be9ab758a01ae5dc72d678841cc4898d463993c78d36?s=96&d=initials&r=g&initials=ru","contentUrl":"https:\/\/secure.gravatar.com\/avatar\/1be7f9468eac0e02f655be9ab758a01ae5dc72d678841cc4898d463993c78d36?s=96&d=initials&r=g&initials=ru","caption":"WalliSaar"},"description":"Mein Name ist Anja Ruch und ich schreibe die Blogbeitr\u00e4ge f\u00fcr das Ehepaar Markus &amp; Tabitha Kranzfelder. Der Name WalliSaar gr\u00fcndet sich auf meinen Wurzeln im Saarland und den neuen im Wallis. My name is Anja Ruch and I write the blog entries for the Markus &amp; Tabitha Kranzfelder couple. The name WalliSaar shows the connection to my old roots in Saarland and the new ones in Valais.","sameAs":["https:\/\/www.ferienchalet-wallis.ch\/blog"],"url":"https:\/\/ferienchalet-wallis.ch\/de\/author\/wallisaar\/"}]}},"_links":{"self":[{"href":"https:\/\/ferienchalet-wallis.ch\/de\/wp-json\/wp\/v2\/posts\/2531","targetHints":{"allow":["GET"]}}],"collection":[{"href":"https:\/\/ferienchalet-wallis.ch\/de\/wp-json\/wp\/v2\/posts"}],"about":[{"href":"https:\/\/ferienchalet-wallis.ch\/de\/wp-json\/wp\/v2\/types\/post"}],"author":[{"embeddable":true,"href":"https:\/\/ferienchalet-wallis.ch\/de\/wp-json\/wp\/v2\/users\/3"}],"replies":[{"embeddable":true,"href":"https:\/\/ferienchalet-wallis.ch\/de\/wp-json\/wp\/v2\/comments?post=2531"}],"version-history":[{"count":3,"href":"https:\/\/ferienchalet-wallis.ch\/de\/wp-json\/wp\/v2\/posts\/2531\/revisions"}],"predecessor-version":[{"id":2554,"href":"https:\/\/ferienchalet-wallis.ch\/de\/wp-json\/wp\/v2\/posts\/2531\/revisions\/2554"}],"wp:featuredmedia":[{"embeddable":true,"href":"https:\/\/ferienchalet-wallis.ch\/de\/wp-json\/wp\/v2\/media\/2532"}],"wp:attachment":[{"href":"https:\/\/ferienchalet-wallis.ch\/de\/wp-json\/wp\/v2\/media?parent=2531"}],"wp:term":[{"taxonomy":"category","embeddable":true,"href":"https:\/\/ferienchalet-wallis.ch\/de\/wp-json\/wp\/v2\/categories?post=2531"},{"taxonomy":"post_tag","embeddable":true,"href":"https:\/\/ferienchalet-wallis.ch\/de\/wp-json\/wp\/v2\/tags?post=2531"}],"curies":[{"name":"wp","href":"https:\/\/api.w.org\/{rel}","templated":true}]}}