{"id":2748,"date":"2025-12-15T13:42:57","date_gmt":"2025-12-15T13:42:57","guid":{"rendered":"https:\/\/ferienchalet-wallis.ch\/?p=2748"},"modified":"2025-12-15T15:46:51","modified_gmt":"2025-12-15T15:46:51","slug":"winterurlaub-im-wallis","status":"publish","type":"post","link":"https:\/\/ferienchalet-wallis.ch\/de\/winterurlaub-im-wallis\/","title":{"rendered":"Winterurlaub im Wallis"},"content":{"rendered":"\n<style type=\"text\/css\" data-created_by=\"avia_inline_auto\" id=\"style-css-av-mj773pvp-fce610a3b7ba331fec2cc36d303681aa\">\n#top .av-special-heading.av-mj773pvp-fce610a3b7ba331fec2cc36d303681aa{\npadding-bottom:10px;\n}\nbody .av-special-heading.av-mj773pvp-fce610a3b7ba331fec2cc36d303681aa .av-special-heading-tag .heading-char{\nfont-size:25px;\n}\n.av-special-heading.av-mj773pvp-fce610a3b7ba331fec2cc36d303681aa .av-subheading{\nfont-size:15px;\n}\n<\/style>\n<div  class='av-special-heading av-mj773pvp-fce610a3b7ba331fec2cc36d303681aa av-special-heading-h2  avia-builder-el-0  el_before_av_image  avia-builder-el-first '><h2 class='av-special-heading-tag'  itemprop=\"headline\"  >Ferien mitten im Skigebiet<\/h2><div class=\"special-heading-border\"><div class=\"special-heading-inner-border\"><\/div><\/div><\/div>\n\n<style type=\"text\/css\" data-created_by=\"avia_inline_auto\" id=\"style-css-av-mj774us8-340260a20d3f9240179677ec7c05ec7b\">\n.avia-image-container.av-mj774us8-340260a20d3f9240179677ec7c05ec7b .av-image-caption-overlay-center{\ncolor:#ffffff;\n}\n<\/style>\n<div  class='avia-image-container av-mj774us8-340260a20d3f9240179677ec7c05ec7b av-styling- avia-align-center  avia-builder-el-1  el_after_av_heading  el_before_av_textblock '  itemprop=\"image\" itemscope=\"itemscope\" itemtype=\"https:\/\/schema.org\/ImageObject\" ><div class=\"avia-image-container-inner\"><div class=\"avia-image-overlay-wrap\"><img decoding=\"async\" class='wp-image-2228 avia-img-lazy-loading-not-2228 avia_image' src=\"https:\/\/ferienchalet-wallis.ch\/wp-content\/uploads\/2024\/12\/Familienferien-1500x630.jpg\" alt='H\u00f6henweg Moosfluh - Riederfurka' title='H\u00f6henweg Moosfluh - Riederfurka'  height=\"630\" width=\"1500\"  itemprop=\"thumbnailUrl\"  \/><\/div><\/div><\/div>\n<section  class='av_textblock_section av-mj776hiq-d1b4f2749b048b7a88cae829bda89650'  itemscope=\"itemscope\" itemtype=\"https:\/\/schema.org\/BlogPosting\" itemprop=\"blogPost\" ><div class='avia_textblock'  itemprop=\"text\" ><p>Und was m\u00f6gen Sie am Winter? Die verschneite Landschaft, durch die man in frostig klarer Luft einen Spaziergang macht und sich danach bei Kaffee oder Tee in der warmen Stube aufw\u00e4rmt? Die gut pr\u00e4parierte Skipiste, auf der man im Sonnenschein den Hang hinabsaust und zum Abschluss noch Apr\u00e8s Ski geniesst mit Partymusik? Wenn\u2019s dann dunkel wird, sitzt man zusammen am Tisch, macht ein Spiel oder f\u00e4ngt schon mal mit dem Ap\u00e9ro vor dem Abendessen an. Das geht ganz klar auch umgekehrt ohne Alkohol.<\/p>\n<p>Also, das mag ich pers\u00f6nlich alles. Denn ich bin fr\u00fcher auch mal in den Skiurlaub gefahren. Wenn man mehrere Skigebiete vor der Nase hat, sieht man nicht mehr so die Notwendigkeit. Wobei ich es immer besonders sch\u00f6n gefunden habe, mitten im Skigebiet aufzuwachen und nach dem Fr\u00fchst\u00fcck direkt das Snowboard an die F\u00fcsse schnallen zu k\u00f6nnen.<\/p>\n<h3>Urige Ferien in den Bergen<\/h3>\n<p>An Ferien in den Bergen mag man auch das Urige. Viel Holz in der Wohnung, die ganze Einrichtung im alpinen Stil mit Karomustern, Edelweiss, Hirsch &amp; Co. Vielleicht noch ein Kamin, in dem schon mal ein Scheit Holz brennt und dazu noch entspannte Musik.<\/p>\n<p>Stapft man durch den Schnee zum Supermarkt, gibt\u2019s Alpk\u00e4se und Trockenfleisch, ein Walliser Brot und eine gute Flasche Fendant zu Raclette und Fondue zum Abendbrot. Zum Fr\u00fchst\u00fcck vielleicht ein Bircher M\u00fcesli und zum Naschen Schoggi oder feines Vermicelles.<\/p>\n<p>Zu all diesen Vorstellungen von einem erfolgreichen Winterurlaub geh\u00f6ren nat\u00fcrlich Schnee und viel Sonne. In der Aletsch Arena leicht zu haben. Noch 3 Wohnungen sind in der Weihnachtswoche frei, davon eine nur \u00fcber die Feiertage. M\u00fcssen Sie da noch \u00fcberlegen?<\/p>\n<p><em>Wie fiirlich si verschneiti B\u00e4rga, bim L\u00fcegu gspiersch \u00e4n teifi R\u00fceh<\/em><\/p>\n<\/div><\/section>\n<div  class='avia-button-wrap avia-button-left  avia-builder-el-3  el_after_av_textblock  el_before_av_one_half ' ><a href='https:\/\/ferienchalet-wallis.ch\/de\/verfuegbarkeiten\/'  class='avia-button av-mj77e1o2-53ce5ba9a527cefb37c42438ca5964f9 avia-icon_select-no avia-size-x-large avia-position-left avia-color-theme-color' ><span class='avia_iconbox_title' >Verf\u00fcgbarkeiten im Dezember<\/span><\/a><\/div>\n<div class='flex_column av-8mmjkc-ef136a8973d8c05ef79f7bc7c0a113f3 av_one_half  avia-builder-el-4  el_after_av_button  avia-builder-el-last  first flex_column_div '   ><p><div  class='av-post-metadata-container av-79pzxo-192256a377daf322a11042ee788de10f av-metadata-container-align-left  avia-builder-el-5  el_before_av_social_share  avia-builder-el-first  av-metadata-container-1'><div class='av-post-metadata-container-inner'><span class=\"av-post-metadata-content av-post-metadata-meta-content\"><span class=\"av-post-metadata-content av-post-metadata-author\"  itemprop=\"author\" ><span class=\"av-metadata-before av-metadata-before-author\">von<\/span><span class=\"av-post-metadata-author-link\" ><a href=\"https:\/\/ferienchalet-wallis.ch\/de\/author\/wallisaar\/\"  rel=\"author\">WalliSaar<\/a><\/span><\/span><span class=\"av-post-metadata-content av-post-metadata-separator\">\/<\/span><span class=\"av-post-metadata-content av-post-metadata-published\"><span class=\"av-post-metadata-published-date\" >Dezember 15, 2025<\/span><\/span><\/span><\/div><\/div><br \/>\n<div  class='av-social-sharing-box av-2t8e3w-759b8f1965fd7d5c50319010ea2efd84 av-social-sharing-box-circle  avia-builder-el-6  el_after_av_post_metadata  avia-builder-el-last  av-social-sharing-box-color-bg av-social-sharing-box-same-width'><div class=\"av-share-box\"><h5 class='av-share-link-description av-no-toc '>Eintrag teilen<\/h5><ul class=\"av-share-box-list noLightbox\"><li class='av-share-link av-social-link-facebook' ><a target=\"_blank\" aria-label=\"Teilen auf Facebook\" href='https:\/\/www.facebook.com\/sharer.php?u=https:\/\/ferienchalet-wallis.ch\/de\/winterurlaub-im-wallis\/&#038;t=Winterurlaub%20im%20Wallis' aria-hidden='false' data-av_icon='\ue8f3' data-av_iconfont='entypo-fontello' title='' data-avia-related-tooltip='Teilen auf Facebook' rel=\"noopener\"><span class='avia_hidden_link_text'>Teilen auf Facebook<\/span><\/a><\/li><li class='av-share-link av-social-link-whatsapp' ><a target=\"_blank\" aria-label=\"Teilen auf WhatsApp\" href='https:\/\/api.whatsapp.com\/send?text=https:\/\/ferienchalet-wallis.ch\/de\/winterurlaub-im-wallis\/' aria-hidden='false' data-av_icon='\uf232' data-av_iconfont='entypo-fontello' title='' data-avia-related-tooltip='Teilen auf WhatsApp' rel=\"noopener\"><span class='avia_hidden_link_text'>Teilen auf WhatsApp<\/span><\/a><\/li><\/ul><\/div><\/div><\/p><\/div>\n","protected":false},"excerpt":{"rendered":"","protected":false},"author":3,"featured_media":2228,"comment_status":"closed","ping_status":"closed","sticky":false,"template":"","format":"standard","meta":{"footnotes":""},"categories":[28,14,24],"tags":[],"class_list":["post-2748","post","type-post","status-publish","format-standard","has-post-thumbnail","hentry","category-aletsch-arena","category-skifahren","category-winter"],"yoast_head":"<!-- This site is optimized with the Yoast SEO plugin v27.4 - https:\/\/yoast.com\/product\/yoast-seo-wordpress\/ -->\n<title>Winterurlaub im Wallis - Bettmeralp und Riederalp<\/title>\n<meta name=\"description\" content=\"Buchen Sie eine Ferienwohnung mitten im Skigebiet bei Schnee und Sonne. Aletsch Arena - Kraft tanken und Spass haben!\" \/>\n<meta name=\"robots\" content=\"index, follow, max-snippet:-1, max-image-preview:large, max-video-preview:-1\" \/>\n<link rel=\"canonical\" href=\"https:\/\/ferienchalet-wallis.ch\/de\/winterurlaub-im-wallis\/\" \/>\n<meta property=\"og:locale\" content=\"de_DE\" \/>\n<meta property=\"og:type\" content=\"article\" \/>\n<meta property=\"og:title\" content=\"Winterurlaub im Wallis - Bettmeralp und Riederalp\" \/>\n<meta property=\"og:description\" content=\"Buchen Sie eine Ferienwohnung mitten im Skigebiet bei Schnee und Sonne. Aletsch Arena - Kraft tanken und Spass haben!\" \/>\n<meta property=\"og:url\" content=\"https:\/\/ferienchalet-wallis.ch\/de\/winterurlaub-im-wallis\/\" \/>\n<meta property=\"og:site_name\" content=\"Bettmeralp und Riederalp\" \/>\n<meta property=\"article:published_time\" content=\"2025-12-15T13:42:57+00:00\" \/>\n<meta property=\"article:modified_time\" content=\"2025-12-15T15:46:51+00:00\" \/>\n<meta property=\"og:image\" content=\"https:\/\/ferienchalet-wallis.ch\/wp-content\/uploads\/2024\/12\/Familienferien.jpg\" \/>\n\t<meta property=\"og:image:width\" content=\"2048\" \/>\n\t<meta property=\"og:image:height\" content=\"1366\" \/>\n\t<meta property=\"og:image:type\" content=\"image\/jpeg\" \/>\n<meta name=\"author\" content=\"WalliSaar\" \/>\n<meta name=\"twitter:card\" content=\"summary_large_image\" \/>\n<meta name=\"twitter:label1\" content=\"Verfasst von\" \/>\n\t<meta name=\"twitter:data1\" content=\"WalliSaar\" \/>\n\t<meta name=\"twitter:label2\" content=\"Gesch\u00e4tzte Lesezeit\" \/>\n\t<meta name=\"twitter:data2\" content=\"4\u00a0Minuten\" \/>\n<script type=\"application\/ld+json\" class=\"yoast-schema-graph\">{\"@context\":\"https:\\\/\\\/schema.org\",\"@graph\":[{\"@type\":\"Article\",\"@id\":\"https:\\\/\\\/ferienchalet-wallis.ch\\\/winterurlaub-im-wallis\\\/#article\",\"isPartOf\":{\"@id\":\"https:\\\/\\\/ferienchalet-wallis.ch\\\/winterurlaub-im-wallis\\\/\"},\"author\":{\"name\":\"WalliSaar\",\"@id\":\"https:\\\/\\\/ferienchalet-wallis.ch\\\/#\\\/schema\\\/person\\\/18b3f062b0514bc953799175b9bfdd2b\"},\"headline\":\"Winterurlaub im Wallis\",\"datePublished\":\"2025-12-15T13:42:57+00:00\",\"dateModified\":\"2025-12-15T15:46:51+00:00\",\"mainEntityOfPage\":{\"@id\":\"https:\\\/\\\/ferienchalet-wallis.ch\\\/winterurlaub-im-wallis\\\/\"},\"wordCount\":999,\"publisher\":{\"@id\":\"https:\\\/\\\/ferienchalet-wallis.ch\\\/#organization\"},\"image\":{\"@id\":\"https:\\\/\\\/ferienchalet-wallis.ch\\\/winterurlaub-im-wallis\\\/#primaryimage\"},\"thumbnailUrl\":\"https:\\\/\\\/ferienchalet-wallis.ch\\\/wp-content\\\/uploads\\\/2024\\\/12\\\/Familienferien.jpg\",\"articleSection\":[\"Aletsch Arena\",\"Skifahren\",\"Winter\"],\"inLanguage\":\"de\"},{\"@type\":\"WebPage\",\"@id\":\"https:\\\/\\\/ferienchalet-wallis.ch\\\/winterurlaub-im-wallis\\\/\",\"url\":\"https:\\\/\\\/ferienchalet-wallis.ch\\\/winterurlaub-im-wallis\\\/\",\"name\":\"Winterurlaub im Wallis - Bettmeralp und Riederalp\",\"isPartOf\":{\"@id\":\"https:\\\/\\\/ferienchalet-wallis.ch\\\/#website\"},\"primaryImageOfPage\":{\"@id\":\"https:\\\/\\\/ferienchalet-wallis.ch\\\/winterurlaub-im-wallis\\\/#primaryimage\"},\"image\":{\"@id\":\"https:\\\/\\\/ferienchalet-wallis.ch\\\/winterurlaub-im-wallis\\\/#primaryimage\"},\"thumbnailUrl\":\"https:\\\/\\\/ferienchalet-wallis.ch\\\/wp-content\\\/uploads\\\/2024\\\/12\\\/Familienferien.jpg\",\"datePublished\":\"2025-12-15T13:42:57+00:00\",\"dateModified\":\"2025-12-15T15:46:51+00:00\",\"description\":\"Buchen Sie eine Ferienwohnung mitten im Skigebiet bei Schnee und Sonne. Aletsch Arena - Kraft tanken und Spass haben!\",\"breadcrumb\":{\"@id\":\"https:\\\/\\\/ferienchalet-wallis.ch\\\/winterurlaub-im-wallis\\\/#breadcrumb\"},\"inLanguage\":\"de\",\"potentialAction\":[{\"@type\":\"ReadAction\",\"target\":[\"https:\\\/\\\/ferienchalet-wallis.ch\\\/winterurlaub-im-wallis\\\/\"]}]},{\"@type\":\"ImageObject\",\"inLanguage\":\"de\",\"@id\":\"https:\\\/\\\/ferienchalet-wallis.ch\\\/winterurlaub-im-wallis\\\/#primaryimage\",\"url\":\"https:\\\/\\\/ferienchalet-wallis.ch\\\/wp-content\\\/uploads\\\/2024\\\/12\\\/Familienferien.jpg\",\"contentUrl\":\"https:\\\/\\\/ferienchalet-wallis.ch\\\/wp-content\\\/uploads\\\/2024\\\/12\\\/Familienferien.jpg\",\"width\":2048,\"height\":1366,\"caption\":\"Familienferien\"},{\"@type\":\"BreadcrumbList\",\"@id\":\"https:\\\/\\\/ferienchalet-wallis.ch\\\/winterurlaub-im-wallis\\\/#breadcrumb\",\"itemListElement\":[{\"@type\":\"ListItem\",\"position\":1,\"name\":\"Home\",\"item\":\"https:\\\/\\\/ferienchalet-wallis.ch\\\/\"},{\"@type\":\"ListItem\",\"position\":2,\"name\":\"Winterurlaub im Wallis\"}]},{\"@type\":\"WebSite\",\"@id\":\"https:\\\/\\\/ferienchalet-wallis.ch\\\/#website\",\"url\":\"https:\\\/\\\/ferienchalet-wallis.ch\\\/\",\"name\":\"Bettmeralp und Riederalp\",\"description\":\"Kranzfelder Markus\",\"publisher\":{\"@id\":\"https:\\\/\\\/ferienchalet-wallis.ch\\\/#organization\"},\"potentialAction\":[{\"@type\":\"SearchAction\",\"target\":{\"@type\":\"EntryPoint\",\"urlTemplate\":\"https:\\\/\\\/ferienchalet-wallis.ch\\\/?s={search_term_string}\"},\"query-input\":{\"@type\":\"PropertyValueSpecification\",\"valueRequired\":true,\"valueName\":\"search_term_string\"}}],\"inLanguage\":\"de\"},{\"@type\":\"Organization\",\"@id\":\"https:\\\/\\\/ferienchalet-wallis.ch\\\/#organization\",\"name\":\"Liegenschaftsbetreuung \\\/ Vermietung \u2013 M. Kranzfelder\",\"url\":\"https:\\\/\\\/ferienchalet-wallis.ch\\\/\",\"logo\":{\"@type\":\"ImageObject\",\"inLanguage\":\"de\",\"@id\":\"https:\\\/\\\/ferienchalet-wallis.ch\\\/#\\\/schema\\\/logo\\\/image\\\/\",\"url\":\"https:\\\/\\\/ferienchalet-wallis.ch\\\/wp-content\\\/uploads\\\/2022\\\/01\\\/Logo_Kranzfelder.png\",\"contentUrl\":\"https:\\\/\\\/ferienchalet-wallis.ch\\\/wp-content\\\/uploads\\\/2022\\\/01\\\/Logo_Kranzfelder.png\",\"width\":1526,\"height\":447,\"caption\":\"Liegenschaftsbetreuung \\\/ Vermietung \u2013 M. Kranzfelder\"},\"image\":{\"@id\":\"https:\\\/\\\/ferienchalet-wallis.ch\\\/#\\\/schema\\\/logo\\\/image\\\/\"}},{\"@type\":\"Person\",\"@id\":\"https:\\\/\\\/ferienchalet-wallis.ch\\\/#\\\/schema\\\/person\\\/18b3f062b0514bc953799175b9bfdd2b\",\"name\":\"WalliSaar\",\"image\":{\"@type\":\"ImageObject\",\"inLanguage\":\"de\",\"@id\":\"https:\\\/\\\/secure.gravatar.com\\\/avatar\\\/1be7f9468eac0e02f655be9ab758a01ae5dc72d678841cc4898d463993c78d36?s=96&d=initials&r=g&initials=ru\",\"url\":\"https:\\\/\\\/secure.gravatar.com\\\/avatar\\\/1be7f9468eac0e02f655be9ab758a01ae5dc72d678841cc4898d463993c78d36?s=96&d=initials&r=g&initials=ru\",\"contentUrl\":\"https:\\\/\\\/secure.gravatar.com\\\/avatar\\\/1be7f9468eac0e02f655be9ab758a01ae5dc72d678841cc4898d463993c78d36?s=96&d=initials&r=g&initials=ru\",\"caption\":\"WalliSaar\"},\"description\":\"Mein Name ist Anja Ruch und ich schreibe die Blogbeitr\u00e4ge f\u00fcr das Ehepaar Markus &amp; Tabitha Kranzfelder. Der Name WalliSaar gr\u00fcndet sich auf meinen Wurzeln im Saarland und den neuen im Wallis. My name is Anja Ruch and I write the blog entries for the Markus &amp; Tabitha Kranzfelder couple. The name WalliSaar shows the connection to my old roots in Saarland and the new ones in Valais.\",\"sameAs\":[\"https:\\\/\\\/www.ferienchalet-wallis.ch\\\/blog\"],\"url\":\"https:\\\/\\\/ferienchalet-wallis.ch\\\/de\\\/author\\\/wallisaar\\\/\"}]}<\/script>\n<!-- \/ Yoast SEO plugin. -->","yoast_head_json":{"title":"Winterurlaub im Wallis - Bettmeralp und Riederalp","description":"Buchen Sie eine Ferienwohnung mitten im Skigebiet bei Schnee und Sonne. Aletsch Arena - Kraft tanken und Spass haben!","robots":{"index":"index","follow":"follow","max-snippet":"max-snippet:-1","max-image-preview":"max-image-preview:large","max-video-preview":"max-video-preview:-1"},"canonical":"https:\/\/ferienchalet-wallis.ch\/de\/winterurlaub-im-wallis\/","og_locale":"de_DE","og_type":"article","og_title":"Winterurlaub im Wallis - Bettmeralp und Riederalp","og_description":"Buchen Sie eine Ferienwohnung mitten im Skigebiet bei Schnee und Sonne. Aletsch Arena - Kraft tanken und Spass haben!","og_url":"https:\/\/ferienchalet-wallis.ch\/de\/winterurlaub-im-wallis\/","og_site_name":"Bettmeralp und Riederalp","article_published_time":"2025-12-15T13:42:57+00:00","article_modified_time":"2025-12-15T15:46:51+00:00","og_image":[{"width":2048,"height":1366,"url":"https:\/\/ferienchalet-wallis.ch\/wp-content\/uploads\/2024\/12\/Familienferien.jpg","type":"image\/jpeg"}],"author":"WalliSaar","twitter_card":"summary_large_image","twitter_misc":{"Verfasst von":"WalliSaar","Gesch\u00e4tzte Lesezeit":"4\u00a0Minuten"},"schema":{"@context":"https:\/\/schema.org","@graph":[{"@type":"Article","@id":"https:\/\/ferienchalet-wallis.ch\/winterurlaub-im-wallis\/#article","isPartOf":{"@id":"https:\/\/ferienchalet-wallis.ch\/winterurlaub-im-wallis\/"},"author":{"name":"WalliSaar","@id":"https:\/\/ferienchalet-wallis.ch\/#\/schema\/person\/18b3f062b0514bc953799175b9bfdd2b"},"headline":"Winterurlaub im Wallis","datePublished":"2025-12-15T13:42:57+00:00","dateModified":"2025-12-15T15:46:51+00:00","mainEntityOfPage":{"@id":"https:\/\/ferienchalet-wallis.ch\/winterurlaub-im-wallis\/"},"wordCount":999,"publisher":{"@id":"https:\/\/ferienchalet-wallis.ch\/#organization"},"image":{"@id":"https:\/\/ferienchalet-wallis.ch\/winterurlaub-im-wallis\/#primaryimage"},"thumbnailUrl":"https:\/\/ferienchalet-wallis.ch\/wp-content\/uploads\/2024\/12\/Familienferien.jpg","articleSection":["Aletsch Arena","Skifahren","Winter"],"inLanguage":"de"},{"@type":"WebPage","@id":"https:\/\/ferienchalet-wallis.ch\/winterurlaub-im-wallis\/","url":"https:\/\/ferienchalet-wallis.ch\/winterurlaub-im-wallis\/","name":"Winterurlaub im Wallis - Bettmeralp und Riederalp","isPartOf":{"@id":"https:\/\/ferienchalet-wallis.ch\/#website"},"primaryImageOfPage":{"@id":"https:\/\/ferienchalet-wallis.ch\/winterurlaub-im-wallis\/#primaryimage"},"image":{"@id":"https:\/\/ferienchalet-wallis.ch\/winterurlaub-im-wallis\/#primaryimage"},"thumbnailUrl":"https:\/\/ferienchalet-wallis.ch\/wp-content\/uploads\/2024\/12\/Familienferien.jpg","datePublished":"2025-12-15T13:42:57+00:00","dateModified":"2025-12-15T15:46:51+00:00","description":"Buchen Sie eine Ferienwohnung mitten im Skigebiet bei Schnee und Sonne. Aletsch Arena - Kraft tanken und Spass haben!","breadcrumb":{"@id":"https:\/\/ferienchalet-wallis.ch\/winterurlaub-im-wallis\/#breadcrumb"},"inLanguage":"de","potentialAction":[{"@type":"ReadAction","target":["https:\/\/ferienchalet-wallis.ch\/winterurlaub-im-wallis\/"]}]},{"@type":"ImageObject","inLanguage":"de","@id":"https:\/\/ferienchalet-wallis.ch\/winterurlaub-im-wallis\/#primaryimage","url":"https:\/\/ferienchalet-wallis.ch\/wp-content\/uploads\/2024\/12\/Familienferien.jpg","contentUrl":"https:\/\/ferienchalet-wallis.ch\/wp-content\/uploads\/2024\/12\/Familienferien.jpg","width":2048,"height":1366,"caption":"Familienferien"},{"@type":"BreadcrumbList","@id":"https:\/\/ferienchalet-wallis.ch\/winterurlaub-im-wallis\/#breadcrumb","itemListElement":[{"@type":"ListItem","position":1,"name":"Home","item":"https:\/\/ferienchalet-wallis.ch\/"},{"@type":"ListItem","position":2,"name":"Winterurlaub im Wallis"}]},{"@type":"WebSite","@id":"https:\/\/ferienchalet-wallis.ch\/#website","url":"https:\/\/ferienchalet-wallis.ch\/","name":"Bettmeralp und Riederalp","description":"Kranzfelder Markus","publisher":{"@id":"https:\/\/ferienchalet-wallis.ch\/#organization"},"potentialAction":[{"@type":"SearchAction","target":{"@type":"EntryPoint","urlTemplate":"https:\/\/ferienchalet-wallis.ch\/?s={search_term_string}"},"query-input":{"@type":"PropertyValueSpecification","valueRequired":true,"valueName":"search_term_string"}}],"inLanguage":"de"},{"@type":"Organization","@id":"https:\/\/ferienchalet-wallis.ch\/#organization","name":"Liegenschaftsbetreuung \/ Vermietung \u2013 M. Kranzfelder","url":"https:\/\/ferienchalet-wallis.ch\/","logo":{"@type":"ImageObject","inLanguage":"de","@id":"https:\/\/ferienchalet-wallis.ch\/#\/schema\/logo\/image\/","url":"https:\/\/ferienchalet-wallis.ch\/wp-content\/uploads\/2022\/01\/Logo_Kranzfelder.png","contentUrl":"https:\/\/ferienchalet-wallis.ch\/wp-content\/uploads\/2022\/01\/Logo_Kranzfelder.png","width":1526,"height":447,"caption":"Liegenschaftsbetreuung \/ Vermietung \u2013 M. Kranzfelder"},"image":{"@id":"https:\/\/ferienchalet-wallis.ch\/#\/schema\/logo\/image\/"}},{"@type":"Person","@id":"https:\/\/ferienchalet-wallis.ch\/#\/schema\/person\/18b3f062b0514bc953799175b9bfdd2b","name":"WalliSaar","image":{"@type":"ImageObject","inLanguage":"de","@id":"https:\/\/secure.gravatar.com\/avatar\/1be7f9468eac0e02f655be9ab758a01ae5dc72d678841cc4898d463993c78d36?s=96&d=initials&r=g&initials=ru","url":"https:\/\/secure.gravatar.com\/avatar\/1be7f9468eac0e02f655be9ab758a01ae5dc72d678841cc4898d463993c78d36?s=96&d=initials&r=g&initials=ru","contentUrl":"https:\/\/secure.gravatar.com\/avatar\/1be7f9468eac0e02f655be9ab758a01ae5dc72d678841cc4898d463993c78d36?s=96&d=initials&r=g&initials=ru","caption":"WalliSaar"},"description":"Mein Name ist Anja Ruch und ich schreibe die Blogbeitr\u00e4ge f\u00fcr das Ehepaar Markus &amp; Tabitha Kranzfelder. Der Name WalliSaar gr\u00fcndet sich auf meinen Wurzeln im Saarland und den neuen im Wallis. My name is Anja Ruch and I write the blog entries for the Markus &amp; Tabitha Kranzfelder couple. The name WalliSaar shows the connection to my old roots in Saarland and the new ones in Valais.","sameAs":["https:\/\/www.ferienchalet-wallis.ch\/blog"],"url":"https:\/\/ferienchalet-wallis.ch\/de\/author\/wallisaar\/"}]}},"_links":{"self":[{"href":"https:\/\/ferienchalet-wallis.ch\/de\/wp-json\/wp\/v2\/posts\/2748","targetHints":{"allow":["GET"]}}],"collection":[{"href":"https:\/\/ferienchalet-wallis.ch\/de\/wp-json\/wp\/v2\/posts"}],"about":[{"href":"https:\/\/ferienchalet-wallis.ch\/de\/wp-json\/wp\/v2\/types\/post"}],"author":[{"embeddable":true,"href":"https:\/\/ferienchalet-wallis.ch\/de\/wp-json\/wp\/v2\/users\/3"}],"replies":[{"embeddable":true,"href":"https:\/\/ferienchalet-wallis.ch\/de\/wp-json\/wp\/v2\/comments?post=2748"}],"version-history":[{"count":6,"href":"https:\/\/ferienchalet-wallis.ch\/de\/wp-json\/wp\/v2\/posts\/2748\/revisions"}],"predecessor-version":[{"id":2799,"href":"https:\/\/ferienchalet-wallis.ch\/de\/wp-json\/wp\/v2\/posts\/2748\/revisions\/2799"}],"wp:featuredmedia":[{"embeddable":true,"href":"https:\/\/ferienchalet-wallis.ch\/de\/wp-json\/wp\/v2\/media\/2228"}],"wp:attachment":[{"href":"https:\/\/ferienchalet-wallis.ch\/de\/wp-json\/wp\/v2\/media?parent=2748"}],"wp:term":[{"taxonomy":"category","embeddable":true,"href":"https:\/\/ferienchalet-wallis.ch\/de\/wp-json\/wp\/v2\/categories?post=2748"},{"taxonomy":"post_tag","embeddable":true,"href":"https:\/\/ferienchalet-wallis.ch\/de\/wp-json\/wp\/v2\/tags?post=2748"}],"curies":[{"name":"wp","href":"https:\/\/api.w.org\/{rel}","templated":true}]}}