{"id":2920,"date":"2026-01-20T14:30:50","date_gmt":"2026-01-20T14:30:50","guid":{"rendered":"https:\/\/ferienchalet-wallis.ch\/?p=2920"},"modified":"2026-01-20T15:25:16","modified_gmt":"2026-01-20T15:25:16","slug":"romantik-in-der-aletsch-arena","status":"publish","type":"post","link":"https:\/\/ferienchalet-wallis.ch\/de\/romantik-in-der-aletsch-arena\/","title":{"rendered":"Romantik in der Aletsch Arena"},"content":{"rendered":"\n<style type=\"text\/css\" data-created_by=\"avia_inline_auto\" id=\"style-css-av-mkmobtu4-104e4ae6cb024be49a245929cb8835c6\">\n#top .av-special-heading.av-mkmobtu4-104e4ae6cb024be49a245929cb8835c6{\npadding-bottom:10px;\n}\nbody .av-special-heading.av-mkmobtu4-104e4ae6cb024be49a245929cb8835c6 .av-special-heading-tag .heading-char{\nfont-size:25px;\n}\n.av-special-heading.av-mkmobtu4-104e4ae6cb024be49a245929cb8835c6 .av-subheading{\nfont-size:15px;\n}\n<\/style>\n<div  class='av-special-heading av-mkmobtu4-104e4ae6cb024be49a245929cb8835c6 av-special-heading-h2  avia-builder-el-0  el_before_av_image  avia-builder-el-first '><h2 class='av-special-heading-tag'  itemprop=\"headline\"  >Drei Anregungen zum Buchen<\/h2><div class=\"special-heading-border\"><div class=\"special-heading-inner-border\"><\/div><\/div><\/div>\n\n<style type=\"text\/css\" data-created_by=\"avia_inline_auto\" id=\"style-css-av-mkmonk9m-60c790b2502416e623171c6314e13282\">\n.avia-image-container.av-mkmonk9m-60c790b2502416e623171c6314e13282 .av-image-caption-overlay-center{\ncolor:#ffffff;\n}\n<\/style>\n<div  class='avia-image-container av-mkmonk9m-60c790b2502416e623171c6314e13282 av-styling- avia-align-center  avia-builder-el-1  el_after_av_heading  el_before_av_textblock '  itemprop=\"image\" itemscope=\"itemscope\" itemtype=\"https:\/\/schema.org\/ImageObject\" ><div class=\"avia-image-container-inner\"><div class=\"avia-image-overlay-wrap\"><img decoding=\"async\" class='wp-image-1837 avia-img-lazy-loading-not-1837 avia_image' src=\"https:\/\/ferienchalet-wallis.ch\/wp-content\/uploads\/2023\/12\/Winterfeeling_Aletsch-Arena-1500x630.jpg\" alt='Romantische_Abendstimmung_Aletsch-Arena' title='Romantische_Abendstimmung_Aletsch-Arena'  height=\"630\" width=\"1500\"  itemprop=\"thumbnailUrl\"  \/><\/div><\/div><\/div>\n<section  class='av_textblock_section av-mkmox8sx-926775cc2884b1fd719fab60a0096e2e'  itemscope=\"itemscope\" itemtype=\"https:\/\/schema.org\/BlogPosting\" itemprop=\"blogPost\" ><div class='avia_textblock'  itemprop=\"text\" ><p>Und schon ist es wieder l\u00e4nger hell. Und bei Tageslicht kehrt man erstmal zur\u00fcck in die Ferienwohnung, springt unter die Dusche und entspannt noch ein bisschen. Und dann kommt der Hunger. Doch noch Kochen? Oder haben Sie bei der besten aller Ehefrauen etwas gutzumachen? Aha! Dann lieber Essen gehen mit ein bisschen Romantik. Also K\u00e4se geht immer in der Schweiz. Im Winter am liebsten in zwei Variationen.<\/p>\n<h3>Fondue- oder Racletteplausch im Restaurant Ch\u00fcestall auf der Riederalp<\/h3>\n<p>Im Restaurant <a href=\"https:\/\/ferienchalet-wallis.ch\/huettenerlebnisse-aletsch-arena-ohne-kuehe\/\" target=\"_blank\" rel=\"noopener\">Ch\u00fcestall<\/a> findet jeden Dienstag ab 16.30 Uhr dieses gem\u00fctliche Abendessen statt. <a href=\"https:\/\/www.aletscharena.ch\/planen-buchen\/angebote-erlebnisse\/fondue-oder-racletteplausch\" target=\"_blank\" rel=\"noopener\">Buchen<\/a> Sie dieses Event doch direkt nach einem langen Skitag. Nach dem Essen nehmen Sie dann die Nachtskifahrpisten, um zu Ihrer Ferienwohnung zu kommen. Falls Sie doch lieber zuerst Ihre Unterkunft aufsuchen und zu Fuss gehen m\u00f6chten, laufen Sie \u00fcber den Winterwanderweg. Ab 27. Januar 2026 sind wieder Termine frei.<\/p>\n<h3>K\u00e4sefondue in der Gondel mit Plausch<\/h3>\n<p>Los geht\u2019s ab 18 Uhr f\u00fcr 2 Stunden mit einer Mindestteilnehmerzahl von 15 Personen. Immer Mittwochs bei guter Witterung. Pro <a href=\"https:\/\/ferienchalet-wallis.ch\/der-hit-fondue-mit-abendstimmung\/\">Fonduegondel <\/a>in Richtung Bettmerhorn nehmen h\u00f6chstens 4 Personen Platz. Die Gondel ist auch zu zweit <a href=\"https:\/\/shop.aletscharena.ch\/de\/products\/fonduegondel-bettmerhorn?_gl=1*14r097d*_gcl_au*MTAwODMzMjIxNC4xNzYyODY0NjA2*FPAU*MTAwODMzMjIxNC4xNzYyODY0NjA2\" target=\"_blank\" rel=\"noopener\">buchbar<\/a>.<\/p>\n<h3>Mondscheinessen mit Fackelabfahrt<\/h3>\n<p>Im Panorama-Restaurant Bettmerhorn gibt es jeden Donnerstag ab 17.45 Uhr Raclette \u00e0 discretion. In die Gondelbahn zum Bettmerhorn einsteigen, Abendessen mit romantischem Ausblick in die Walliser Bergwelt geniessen und dann ab 20.30 Uhr mit der <a href=\"https:\/\/ferienchalet-wallis.ch\/mondscheinessen-mit-fackelabfahrt\/\" target=\"_blank\" rel=\"noopener\">Fackel abfahren<\/a>. Falls Sie sich das nicht zutrauen, nehmen Sie wieder die Gondel. Die <a href=\"https:\/\/shop.aletscharena.ch\/de\/products\/mondscheinessen-und-fackelabfahrt?_gl=1*r64lpm*_gcl_au*MTAwODMzMjIxNC4xNzYyODY0NjA2*FPAU*MTAwODMzMjIxNC4xNzYyODY0NjA2\" target=\"_blank\" rel=\"noopener\">Veranstaltung<\/a> findet ab 30 Personen statt.<\/p>\n<p><em>F(R)IGUGEGL \u2013 \u00fcf Walliserditsch: Fondue (Raclette) isch g\u00fcet und git en g\u00fceti L\u00fcna <\/em><em>(Werbeslogan f\u00fcr Fondue aus den 50ern der Werbeagentur Gisler+Gisler)<\/em><\/p>\n<\/div><\/section>\n<div class='flex_column av-9ragbc-2b7bd85e15365fc1127b8ec7eb09d8c1 av_one_half  avia-builder-el-3  el_after_av_textblock  avia-builder-el-last  first flex_column_div column-top-margin'   ><p><div  class='av-post-metadata-container av-7pnci0-cc585f010d171d0b7c92fe576d8aa9c5 av-metadata-container-align-left  avia-builder-el-4  el_before_av_social_share  avia-builder-el-first  av-metadata-container-1'><div class='av-post-metadata-container-inner'><span class=\"av-post-metadata-content av-post-metadata-meta-content\"><span class=\"av-post-metadata-content av-post-metadata-author\"  itemprop=\"author\" ><span class=\"av-metadata-before av-metadata-before-author\">von<\/span><span class=\"av-post-metadata-author-link\" ><a href=\"https:\/\/ferienchalet-wallis.ch\/de\/author\/wallisaar\/\"  rel=\"author\">WalliSaar<\/a><\/span><\/span><span class=\"av-post-metadata-content av-post-metadata-separator\">\/<\/span><span class=\"av-post-metadata-content av-post-metadata-published\"><span class=\"av-post-metadata-published-date\" >Januar 20, 2026<\/span><\/span><\/span><\/div><\/div><br \/>\n<div  class='av-social-sharing-box av-2tpjiw-986e90bb2947cb5fb70cd7d9fac34eb1 av-social-sharing-box-circle  avia-builder-el-5  el_after_av_post_metadata  avia-builder-el-last  av-social-sharing-box-color-bg av-social-sharing-box-same-width'><div class=\"av-share-box\"><h5 class='av-share-link-description av-no-toc '>Eintrag teilen<\/h5><ul class=\"av-share-box-list noLightbox\"><li class='av-share-link av-social-link-facebook' ><a target=\"_blank\" aria-label=\"Teilen auf Facebook\" href='https:\/\/www.facebook.com\/sharer.php?u=https:\/\/ferienchalet-wallis.ch\/de\/romantik-in-der-aletsch-arena\/&#038;t=Romantik%20in%20der%20Aletsch%20Arena' aria-hidden='false' data-av_icon='\ue8f3' data-av_iconfont='entypo-fontello' title='' data-avia-related-tooltip='Teilen auf Facebook' rel=\"noopener\"><span class='avia_hidden_link_text'>Teilen auf Facebook<\/span><\/a><\/li><li class='av-share-link av-social-link-whatsapp' ><a target=\"_blank\" aria-label=\"Teilen auf WhatsApp\" href='https:\/\/api.whatsapp.com\/send?text=https:\/\/ferienchalet-wallis.ch\/de\/romantik-in-der-aletsch-arena\/' aria-hidden='false' data-av_icon='\uf232' data-av_iconfont='entypo-fontello' title='' data-avia-related-tooltip='Teilen auf WhatsApp' rel=\"noopener\"><span class='avia_hidden_link_text'>Teilen auf WhatsApp<\/span><\/a><\/li><\/ul><\/div><\/div><\/p><\/div>\n","protected":false},"excerpt":{"rendered":"","protected":false},"author":3,"featured_media":1837,"comment_status":"closed","ping_status":"closed","sticky":false,"template":"","format":"standard","meta":{"footnotes":""},"categories":[28,20,24],"tags":[],"class_list":["post-2920","post","type-post","status-publish","format-standard","has-post-thumbnail","hentry","category-aletsch-arena","category-veranstaltungen","category-winter"],"yoast_head":"<!-- This site is optimized with the Yoast SEO plugin v27.5 - https:\/\/yoast.com\/product\/yoast-seo-wordpress\/ -->\n<title>Romantik in der Aletsch Arena - Bettmeralp und Riederalp<\/title>\n<meta name=\"description\" content=\"Drei Anregungen f\u00fcr einen romantischen Abend in der Aletsch Arena.\" \/>\n<meta name=\"robots\" content=\"index, follow, max-snippet:-1, max-image-preview:large, max-video-preview:-1\" \/>\n<link rel=\"canonical\" href=\"https:\/\/ferienchalet-wallis.ch\/de\/romantik-in-der-aletsch-arena\/\" \/>\n<meta property=\"og:locale\" content=\"de_DE\" \/>\n<meta property=\"og:type\" content=\"article\" \/>\n<meta property=\"og:title\" content=\"Romantik in der Aletsch Arena - Bettmeralp und Riederalp\" \/>\n<meta property=\"og:description\" content=\"Drei Anregungen f\u00fcr einen romantischen Abend in der Aletsch Arena.\" \/>\n<meta property=\"og:url\" content=\"https:\/\/ferienchalet-wallis.ch\/de\/romantik-in-der-aletsch-arena\/\" \/>\n<meta property=\"og:site_name\" content=\"Bettmeralp und Riederalp\" \/>\n<meta property=\"article:published_time\" content=\"2026-01-20T14:30:50+00:00\" \/>\n<meta property=\"article:modified_time\" content=\"2026-01-20T15:25:16+00:00\" \/>\n<meta property=\"og:image\" content=\"https:\/\/ferienchalet-wallis.ch\/wp-content\/uploads\/2023\/12\/Winterfeeling_Aletsch-Arena.jpg\" \/>\n\t<meta property=\"og:image:width\" content=\"1600\" \/>\n\t<meta property=\"og:image:height\" content=\"1068\" \/>\n\t<meta property=\"og:image:type\" content=\"image\/jpeg\" \/>\n<meta name=\"author\" content=\"WalliSaar\" \/>\n<meta name=\"twitter:card\" content=\"summary_large_image\" \/>\n<meta name=\"twitter:label1\" content=\"Verfasst von\" \/>\n\t<meta name=\"twitter:data1\" content=\"WalliSaar\" \/>\n\t<meta name=\"twitter:label2\" content=\"Gesch\u00e4tzte Lesezeit\" \/>\n\t<meta name=\"twitter:data2\" content=\"3\u00a0Minuten\" \/>\n<script type=\"application\/ld+json\" class=\"yoast-schema-graph\">{\"@context\":\"https:\\\/\\\/schema.org\",\"@graph\":[{\"@type\":\"Article\",\"@id\":\"https:\\\/\\\/ferienchalet-wallis.ch\\\/romantik-in-der-aletsch-arena\\\/#article\",\"isPartOf\":{\"@id\":\"https:\\\/\\\/ferienchalet-wallis.ch\\\/romantik-in-der-aletsch-arena\\\/\"},\"author\":{\"name\":\"WalliSaar\",\"@id\":\"https:\\\/\\\/ferienchalet-wallis.ch\\\/#\\\/schema\\\/person\\\/18b3f062b0514bc953799175b9bfdd2b\"},\"headline\":\"Romantik in der Aletsch Arena\",\"datePublished\":\"2026-01-20T14:30:50+00:00\",\"dateModified\":\"2026-01-20T15:25:16+00:00\",\"mainEntityOfPage\":{\"@id\":\"https:\\\/\\\/ferienchalet-wallis.ch\\\/romantik-in-der-aletsch-arena\\\/\"},\"wordCount\":814,\"publisher\":{\"@id\":\"https:\\\/\\\/ferienchalet-wallis.ch\\\/#organization\"},\"image\":{\"@id\":\"https:\\\/\\\/ferienchalet-wallis.ch\\\/romantik-in-der-aletsch-arena\\\/#primaryimage\"},\"thumbnailUrl\":\"https:\\\/\\\/ferienchalet-wallis.ch\\\/wp-content\\\/uploads\\\/2023\\\/12\\\/Winterfeeling_Aletsch-Arena.jpg\",\"articleSection\":[\"Aletsch Arena\",\"Veranstaltungen\",\"Winter\"],\"inLanguage\":\"de\"},{\"@type\":\"WebPage\",\"@id\":\"https:\\\/\\\/ferienchalet-wallis.ch\\\/romantik-in-der-aletsch-arena\\\/\",\"url\":\"https:\\\/\\\/ferienchalet-wallis.ch\\\/romantik-in-der-aletsch-arena\\\/\",\"name\":\"Romantik in der Aletsch Arena - Bettmeralp und Riederalp\",\"isPartOf\":{\"@id\":\"https:\\\/\\\/ferienchalet-wallis.ch\\\/#website\"},\"primaryImageOfPage\":{\"@id\":\"https:\\\/\\\/ferienchalet-wallis.ch\\\/romantik-in-der-aletsch-arena\\\/#primaryimage\"},\"image\":{\"@id\":\"https:\\\/\\\/ferienchalet-wallis.ch\\\/romantik-in-der-aletsch-arena\\\/#primaryimage\"},\"thumbnailUrl\":\"https:\\\/\\\/ferienchalet-wallis.ch\\\/wp-content\\\/uploads\\\/2023\\\/12\\\/Winterfeeling_Aletsch-Arena.jpg\",\"datePublished\":\"2026-01-20T14:30:50+00:00\",\"dateModified\":\"2026-01-20T15:25:16+00:00\",\"description\":\"Drei Anregungen f\u00fcr einen romantischen Abend in der Aletsch Arena.\",\"breadcrumb\":{\"@id\":\"https:\\\/\\\/ferienchalet-wallis.ch\\\/romantik-in-der-aletsch-arena\\\/#breadcrumb\"},\"inLanguage\":\"de\",\"potentialAction\":[{\"@type\":\"ReadAction\",\"target\":[\"https:\\\/\\\/ferienchalet-wallis.ch\\\/romantik-in-der-aletsch-arena\\\/\"]}]},{\"@type\":\"ImageObject\",\"inLanguage\":\"de\",\"@id\":\"https:\\\/\\\/ferienchalet-wallis.ch\\\/romantik-in-der-aletsch-arena\\\/#primaryimage\",\"url\":\"https:\\\/\\\/ferienchalet-wallis.ch\\\/wp-content\\\/uploads\\\/2023\\\/12\\\/Winterfeeling_Aletsch-Arena.jpg\",\"contentUrl\":\"https:\\\/\\\/ferienchalet-wallis.ch\\\/wp-content\\\/uploads\\\/2023\\\/12\\\/Winterfeeling_Aletsch-Arena.jpg\",\"width\":1600,\"height\":1068,\"caption\":\"Aletscharena VS CH - Winterfeeling\"},{\"@type\":\"BreadcrumbList\",\"@id\":\"https:\\\/\\\/ferienchalet-wallis.ch\\\/romantik-in-der-aletsch-arena\\\/#breadcrumb\",\"itemListElement\":[{\"@type\":\"ListItem\",\"position\":1,\"name\":\"Home\",\"item\":\"https:\\\/\\\/ferienchalet-wallis.ch\\\/\"},{\"@type\":\"ListItem\",\"position\":2,\"name\":\"Romantik in der Aletsch Arena\"}]},{\"@type\":\"WebSite\",\"@id\":\"https:\\\/\\\/ferienchalet-wallis.ch\\\/#website\",\"url\":\"https:\\\/\\\/ferienchalet-wallis.ch\\\/\",\"name\":\"Bettmeralp und Riederalp\",\"description\":\"Kranzfelder Markus\",\"publisher\":{\"@id\":\"https:\\\/\\\/ferienchalet-wallis.ch\\\/#organization\"},\"potentialAction\":[{\"@type\":\"SearchAction\",\"target\":{\"@type\":\"EntryPoint\",\"urlTemplate\":\"https:\\\/\\\/ferienchalet-wallis.ch\\\/?s={search_term_string}\"},\"query-input\":{\"@type\":\"PropertyValueSpecification\",\"valueRequired\":true,\"valueName\":\"search_term_string\"}}],\"inLanguage\":\"de\"},{\"@type\":\"Organization\",\"@id\":\"https:\\\/\\\/ferienchalet-wallis.ch\\\/#organization\",\"name\":\"Liegenschaftsbetreuung \\\/ Vermietung \u2013 M. Kranzfelder\",\"url\":\"https:\\\/\\\/ferienchalet-wallis.ch\\\/\",\"logo\":{\"@type\":\"ImageObject\",\"inLanguage\":\"de\",\"@id\":\"https:\\\/\\\/ferienchalet-wallis.ch\\\/#\\\/schema\\\/logo\\\/image\\\/\",\"url\":\"https:\\\/\\\/ferienchalet-wallis.ch\\\/wp-content\\\/uploads\\\/2022\\\/01\\\/Logo_Kranzfelder.png\",\"contentUrl\":\"https:\\\/\\\/ferienchalet-wallis.ch\\\/wp-content\\\/uploads\\\/2022\\\/01\\\/Logo_Kranzfelder.png\",\"width\":1526,\"height\":447,\"caption\":\"Liegenschaftsbetreuung \\\/ Vermietung \u2013 M. Kranzfelder\"},\"image\":{\"@id\":\"https:\\\/\\\/ferienchalet-wallis.ch\\\/#\\\/schema\\\/logo\\\/image\\\/\"}},{\"@type\":\"Person\",\"@id\":\"https:\\\/\\\/ferienchalet-wallis.ch\\\/#\\\/schema\\\/person\\\/18b3f062b0514bc953799175b9bfdd2b\",\"name\":\"WalliSaar\",\"image\":{\"@type\":\"ImageObject\",\"inLanguage\":\"de\",\"@id\":\"https:\\\/\\\/secure.gravatar.com\\\/avatar\\\/1be7f9468eac0e02f655be9ab758a01ae5dc72d678841cc4898d463993c78d36?s=96&d=initials&r=g&initials=ru\",\"url\":\"https:\\\/\\\/secure.gravatar.com\\\/avatar\\\/1be7f9468eac0e02f655be9ab758a01ae5dc72d678841cc4898d463993c78d36?s=96&d=initials&r=g&initials=ru\",\"contentUrl\":\"https:\\\/\\\/secure.gravatar.com\\\/avatar\\\/1be7f9468eac0e02f655be9ab758a01ae5dc72d678841cc4898d463993c78d36?s=96&d=initials&r=g&initials=ru\",\"caption\":\"WalliSaar\"},\"description\":\"Mein Name ist Anja Ruch und ich schreibe die Blogbeitr\u00e4ge f\u00fcr das Ehepaar Markus &amp; Tabitha Kranzfelder. Der Name WalliSaar gr\u00fcndet sich auf meinen Wurzeln im Saarland und den neuen im Wallis. My name is Anja Ruch and I write the blog entries for the Markus &amp; Tabitha Kranzfelder couple. The name WalliSaar shows the connection to my old roots in Saarland and the new ones in Valais.\",\"sameAs\":[\"https:\\\/\\\/www.ferienchalet-wallis.ch\\\/blog\"],\"url\":\"https:\\\/\\\/ferienchalet-wallis.ch\\\/de\\\/author\\\/wallisaar\\\/\"}]}<\/script>\n<!-- \/ Yoast SEO plugin. -->","yoast_head_json":{"title":"Romantik in der Aletsch Arena - Bettmeralp und Riederalp","description":"Drei Anregungen f\u00fcr einen romantischen Abend in der Aletsch Arena.","robots":{"index":"index","follow":"follow","max-snippet":"max-snippet:-1","max-image-preview":"max-image-preview:large","max-video-preview":"max-video-preview:-1"},"canonical":"https:\/\/ferienchalet-wallis.ch\/de\/romantik-in-der-aletsch-arena\/","og_locale":"de_DE","og_type":"article","og_title":"Romantik in der Aletsch Arena - Bettmeralp und Riederalp","og_description":"Drei Anregungen f\u00fcr einen romantischen Abend in der Aletsch Arena.","og_url":"https:\/\/ferienchalet-wallis.ch\/de\/romantik-in-der-aletsch-arena\/","og_site_name":"Bettmeralp und Riederalp","article_published_time":"2026-01-20T14:30:50+00:00","article_modified_time":"2026-01-20T15:25:16+00:00","og_image":[{"width":1600,"height":1068,"url":"https:\/\/ferienchalet-wallis.ch\/wp-content\/uploads\/2023\/12\/Winterfeeling_Aletsch-Arena.jpg","type":"image\/jpeg"}],"author":"WalliSaar","twitter_card":"summary_large_image","twitter_misc":{"Verfasst von":"WalliSaar","Gesch\u00e4tzte Lesezeit":"3\u00a0Minuten"},"schema":{"@context":"https:\/\/schema.org","@graph":[{"@type":"Article","@id":"https:\/\/ferienchalet-wallis.ch\/romantik-in-der-aletsch-arena\/#article","isPartOf":{"@id":"https:\/\/ferienchalet-wallis.ch\/romantik-in-der-aletsch-arena\/"},"author":{"name":"WalliSaar","@id":"https:\/\/ferienchalet-wallis.ch\/#\/schema\/person\/18b3f062b0514bc953799175b9bfdd2b"},"headline":"Romantik in der Aletsch Arena","datePublished":"2026-01-20T14:30:50+00:00","dateModified":"2026-01-20T15:25:16+00:00","mainEntityOfPage":{"@id":"https:\/\/ferienchalet-wallis.ch\/romantik-in-der-aletsch-arena\/"},"wordCount":814,"publisher":{"@id":"https:\/\/ferienchalet-wallis.ch\/#organization"},"image":{"@id":"https:\/\/ferienchalet-wallis.ch\/romantik-in-der-aletsch-arena\/#primaryimage"},"thumbnailUrl":"https:\/\/ferienchalet-wallis.ch\/wp-content\/uploads\/2023\/12\/Winterfeeling_Aletsch-Arena.jpg","articleSection":["Aletsch Arena","Veranstaltungen","Winter"],"inLanguage":"de"},{"@type":"WebPage","@id":"https:\/\/ferienchalet-wallis.ch\/romantik-in-der-aletsch-arena\/","url":"https:\/\/ferienchalet-wallis.ch\/romantik-in-der-aletsch-arena\/","name":"Romantik in der Aletsch Arena - Bettmeralp und Riederalp","isPartOf":{"@id":"https:\/\/ferienchalet-wallis.ch\/#website"},"primaryImageOfPage":{"@id":"https:\/\/ferienchalet-wallis.ch\/romantik-in-der-aletsch-arena\/#primaryimage"},"image":{"@id":"https:\/\/ferienchalet-wallis.ch\/romantik-in-der-aletsch-arena\/#primaryimage"},"thumbnailUrl":"https:\/\/ferienchalet-wallis.ch\/wp-content\/uploads\/2023\/12\/Winterfeeling_Aletsch-Arena.jpg","datePublished":"2026-01-20T14:30:50+00:00","dateModified":"2026-01-20T15:25:16+00:00","description":"Drei Anregungen f\u00fcr einen romantischen Abend in der Aletsch Arena.","breadcrumb":{"@id":"https:\/\/ferienchalet-wallis.ch\/romantik-in-der-aletsch-arena\/#breadcrumb"},"inLanguage":"de","potentialAction":[{"@type":"ReadAction","target":["https:\/\/ferienchalet-wallis.ch\/romantik-in-der-aletsch-arena\/"]}]},{"@type":"ImageObject","inLanguage":"de","@id":"https:\/\/ferienchalet-wallis.ch\/romantik-in-der-aletsch-arena\/#primaryimage","url":"https:\/\/ferienchalet-wallis.ch\/wp-content\/uploads\/2023\/12\/Winterfeeling_Aletsch-Arena.jpg","contentUrl":"https:\/\/ferienchalet-wallis.ch\/wp-content\/uploads\/2023\/12\/Winterfeeling_Aletsch-Arena.jpg","width":1600,"height":1068,"caption":"Aletscharena VS CH - Winterfeeling"},{"@type":"BreadcrumbList","@id":"https:\/\/ferienchalet-wallis.ch\/romantik-in-der-aletsch-arena\/#breadcrumb","itemListElement":[{"@type":"ListItem","position":1,"name":"Home","item":"https:\/\/ferienchalet-wallis.ch\/"},{"@type":"ListItem","position":2,"name":"Romantik in der Aletsch Arena"}]},{"@type":"WebSite","@id":"https:\/\/ferienchalet-wallis.ch\/#website","url":"https:\/\/ferienchalet-wallis.ch\/","name":"Bettmeralp und Riederalp","description":"Kranzfelder Markus","publisher":{"@id":"https:\/\/ferienchalet-wallis.ch\/#organization"},"potentialAction":[{"@type":"SearchAction","target":{"@type":"EntryPoint","urlTemplate":"https:\/\/ferienchalet-wallis.ch\/?s={search_term_string}"},"query-input":{"@type":"PropertyValueSpecification","valueRequired":true,"valueName":"search_term_string"}}],"inLanguage":"de"},{"@type":"Organization","@id":"https:\/\/ferienchalet-wallis.ch\/#organization","name":"Liegenschaftsbetreuung \/ Vermietung \u2013 M. Kranzfelder","url":"https:\/\/ferienchalet-wallis.ch\/","logo":{"@type":"ImageObject","inLanguage":"de","@id":"https:\/\/ferienchalet-wallis.ch\/#\/schema\/logo\/image\/","url":"https:\/\/ferienchalet-wallis.ch\/wp-content\/uploads\/2022\/01\/Logo_Kranzfelder.png","contentUrl":"https:\/\/ferienchalet-wallis.ch\/wp-content\/uploads\/2022\/01\/Logo_Kranzfelder.png","width":1526,"height":447,"caption":"Liegenschaftsbetreuung \/ Vermietung \u2013 M. Kranzfelder"},"image":{"@id":"https:\/\/ferienchalet-wallis.ch\/#\/schema\/logo\/image\/"}},{"@type":"Person","@id":"https:\/\/ferienchalet-wallis.ch\/#\/schema\/person\/18b3f062b0514bc953799175b9bfdd2b","name":"WalliSaar","image":{"@type":"ImageObject","inLanguage":"de","@id":"https:\/\/secure.gravatar.com\/avatar\/1be7f9468eac0e02f655be9ab758a01ae5dc72d678841cc4898d463993c78d36?s=96&d=initials&r=g&initials=ru","url":"https:\/\/secure.gravatar.com\/avatar\/1be7f9468eac0e02f655be9ab758a01ae5dc72d678841cc4898d463993c78d36?s=96&d=initials&r=g&initials=ru","contentUrl":"https:\/\/secure.gravatar.com\/avatar\/1be7f9468eac0e02f655be9ab758a01ae5dc72d678841cc4898d463993c78d36?s=96&d=initials&r=g&initials=ru","caption":"WalliSaar"},"description":"Mein Name ist Anja Ruch und ich schreibe die Blogbeitr\u00e4ge f\u00fcr das Ehepaar Markus &amp; Tabitha Kranzfelder. Der Name WalliSaar gr\u00fcndet sich auf meinen Wurzeln im Saarland und den neuen im Wallis. My name is Anja Ruch and I write the blog entries for the Markus &amp; Tabitha Kranzfelder couple. The name WalliSaar shows the connection to my old roots in Saarland and the new ones in Valais.","sameAs":["https:\/\/www.ferienchalet-wallis.ch\/blog"],"url":"https:\/\/ferienchalet-wallis.ch\/de\/author\/wallisaar\/"}]}},"_links":{"self":[{"href":"https:\/\/ferienchalet-wallis.ch\/de\/wp-json\/wp\/v2\/posts\/2920","targetHints":{"allow":["GET"]}}],"collection":[{"href":"https:\/\/ferienchalet-wallis.ch\/de\/wp-json\/wp\/v2\/posts"}],"about":[{"href":"https:\/\/ferienchalet-wallis.ch\/de\/wp-json\/wp\/v2\/types\/post"}],"author":[{"embeddable":true,"href":"https:\/\/ferienchalet-wallis.ch\/de\/wp-json\/wp\/v2\/users\/3"}],"replies":[{"embeddable":true,"href":"https:\/\/ferienchalet-wallis.ch\/de\/wp-json\/wp\/v2\/comments?post=2920"}],"version-history":[{"count":7,"href":"https:\/\/ferienchalet-wallis.ch\/de\/wp-json\/wp\/v2\/posts\/2920\/revisions"}],"predecessor-version":[{"id":2933,"href":"https:\/\/ferienchalet-wallis.ch\/de\/wp-json\/wp\/v2\/posts\/2920\/revisions\/2933"}],"wp:featuredmedia":[{"embeddable":true,"href":"https:\/\/ferienchalet-wallis.ch\/de\/wp-json\/wp\/v2\/media\/1837"}],"wp:attachment":[{"href":"https:\/\/ferienchalet-wallis.ch\/de\/wp-json\/wp\/v2\/media?parent=2920"}],"wp:term":[{"taxonomy":"category","embeddable":true,"href":"https:\/\/ferienchalet-wallis.ch\/de\/wp-json\/wp\/v2\/categories?post=2920"},{"taxonomy":"post_tag","embeddable":true,"href":"https:\/\/ferienchalet-wallis.ch\/de\/wp-json\/wp\/v2\/tags?post=2920"}],"curies":[{"name":"wp","href":"https:\/\/api.w.org\/{rel}","templated":true}]}}