{"id":2934,"date":"2026-01-27T14:14:36","date_gmt":"2026-01-27T14:14:36","guid":{"rendered":"https:\/\/ferienchalet-wallis.ch\/?p=2934"},"modified":"2026-01-27T14:42:05","modified_gmt":"2026-01-27T14:42:05","slug":"sportferien-in-der-schweiz","status":"publish","type":"post","link":"https:\/\/ferienchalet-wallis.ch\/de\/sportferien-in-der-schweiz\/","title":{"rendered":"Sportferien in der Schweiz"},"content":{"rendered":"\n<style type=\"text\/css\" data-created_by=\"avia_inline_auto\" id=\"style-css-av-mkwncuf9-ef406539d04927bb434d36fa6473f9bd\">\n#top .av-special-heading.av-mkwncuf9-ef406539d04927bb434d36fa6473f9bd{\npadding-bottom:10px;\n}\nbody .av-special-heading.av-mkwncuf9-ef406539d04927bb434d36fa6473f9bd .av-special-heading-tag .heading-char{\nfont-size:25px;\n}\n.av-special-heading.av-mkwncuf9-ef406539d04927bb434d36fa6473f9bd .av-subheading{\nfont-size:15px;\n}\n<\/style>\n<div  class='av-special-heading av-mkwncuf9-ef406539d04927bb434d36fa6473f9bd av-special-heading-h2  avia-builder-el-0  el_before_av_image  avia-builder-el-first '><h2 class='av-special-heading-tag'  itemprop=\"headline\"  >Spielen statt Skifahren<\/h2><div class=\"special-heading-border\"><div class=\"special-heading-inner-border\"><\/div><\/div><\/div>\n\n<style type=\"text\/css\" data-created_by=\"avia_inline_auto\" id=\"style-css-av-mkwnc2d9-314c9295290b94e3078d41c0a8283f1c\">\n.avia-image-container.av-mkwnc2d9-314c9295290b94e3078d41c0a8283f1c .av-image-caption-overlay-center{\ncolor:#ffffff;\n}\n<\/style>\n<div  class='avia-image-container av-mkwnc2d9-314c9295290b94e3078d41c0a8283f1c av-styling- avia-align-center  avia-builder-el-1  el_after_av_heading  el_before_av_textblock '  itemprop=\"image\" itemscope=\"itemscope\" itemtype=\"https:\/\/schema.org\/ImageObject\" ><div class=\"avia-image-container-inner\"><div class=\"avia-image-overlay-wrap\"><img decoding=\"async\" class='wp-image-1863 avia-img-lazy-loading-not-1863 avia_image' src=\"https:\/\/ferienchalet-wallis.ch\/wp-content\/uploads\/2024\/02\/Gletschi-Tour-1280x630.jpg\" alt='Gletschi und Gletschiland' title='Gletschi und Gletschiland'  height=\"630\" width=\"1280\"  itemprop=\"thumbnailUrl\"  \/><\/div><\/div><\/div>\n<section  class='av_textblock_section av-mkwo89wc-af3979ebf37b80e09731c7514437ffa9'  itemscope=\"itemscope\" itemtype=\"https:\/\/schema.org\/BlogPosting\" itemprop=\"blogPost\" ><div class='avia_textblock'  itemprop=\"text\" ><p>Toll, solche Sportferien! Endlich Ski fahren gehen und Spass haben. Bei mir gibt\u2019s da aber Grenzen, was das Wetter angeht. Das sehen viele nat\u00fcrlich anders. Man hat Skiferien, also f\u00e4hrt man auch Ski. Nebel? Es wird Ski gefahren. Eisiger Wind? Einfach die Kinder gut einpacken. Sulziger Schnee? Egal. Man hat schliesslich nur eine Woche Freizeit und Freiheit. Verst\u00e4ndlich! Aber Ihr Kind versteht das grad nicht. Es will was anderes machen. Lieber spielen. Und nun?<\/p>\n<h3>Gletschi treffen<\/h3>\n<p>Das Maskottchen der Aletsch Arena trifft man jeden Mittwoch in der Kinderdisco im Hotel Alpfrieden ab 15.30 Uhr. Denn Gletschi tanzt gerne. Und weil Gletschi so fotogen ist, begegnet man Gletschi sonntags am Trainerlift der Bettmeralp von 10 bis 11 Uhr zum Fotoshooting. Beide Treffen sind kostenlos. Gletschi hat auch seine eigene Spielwiese, n\u00e4mlich das <a href=\"https:\/\/www.aletscharena.ch\/ueber-die-region\/poi\/gletschiland\" target=\"_blank\" rel=\"noopener\">Gletschiland<\/a> im Sportzentrum Bachtla. Da ist der Gletscherfloh allerdings weniger anzutreffen. Daf\u00fcr kann man mal ausprobieren, welche Spielger\u00e4te er gerne hat. Das Gletschiland kostet 10 CHF Tageseintritt pro Kind ab 4 Jahren.<\/p>\n<h3>Schlittschuhlaufen auf der Natureisbahn<\/h3>\n<p>Neben dem Sportzentrum Bachtla besteht auch noch die M\u00f6glichkeit Schlittschuh zu laufen. Die Schlittschuhe k\u00f6nnen Sie im Sportzentrum mieten. Die Benutzung der Eisbahn ist kostenlos.<\/p>\n<h3>Schlitteln f\u00fcr die Kleinen<\/h3>\n<p>Im <a href=\"https:\/\/www.aletscharena.ch\/ueber-die-region\/poi\/kindersonnenland\" target=\"_blank\" rel=\"noopener\">Kindersonnenland<\/a> an der Kapelle der Bettmeralp schlittelt Ihr Kind umsonst und kann im Schnee toben. In unmittelbarer Umgebung trinken Sie einen Kaffee und beobachten Ihr Kind beim Spielen. Wenn Ihnen das zu wenig ist, mieten Sie einen Schlitten und schlitteln mit Ihrem Kind zusammen. Aufgrund der Schneesituation erkundigen Sie sich am besten vorher, welcher <a href=\"https:\/\/www.aletscharena.ch\/planen-buchen\/winter\/weitere-winteraktivitaeten\/schlitteln\" target=\"_blank\" rel=\"noopener\">Schlittelweg <\/a>ge\u00f6ffnet ist. Und denken Sie daran: Sie k\u00f6nnen sich auch den Skipass teilen. Vor dem Skipass-Kauf erkundigen. Sie ben\u00f6tigen mit dem zweiten Babysitter ein gemeinsames Foto f\u00fcr ein Betreuungsticket.<\/p>\n<p><em>Gfrew dich an dinem Chind. Am gingginu und am Tsch\u00e4ggo l\u00f6iffu.<\/em><\/p>\n<\/div><\/section>\n<div class='flex_column av-9bgr2e-563364488b5aaed1f9b88839c41b2074 av_one_half  avia-builder-el-3  el_after_av_textblock  avia-builder-el-last  first flex_column_div column-top-margin'   ><p><div  class='av-post-metadata-container av-7nom7q-99e968e7be91b97fd67262a5d18f5eb5 av-metadata-container-align-left  avia-builder-el-4  el_before_av_social_share  avia-builder-el-first  av-metadata-container-1'><div class='av-post-metadata-container-inner'><span class=\"av-post-metadata-content av-post-metadata-meta-content\"><span class=\"av-post-metadata-content av-post-metadata-author\"  itemprop=\"author\" ><span class=\"av-metadata-before av-metadata-before-author\">von<\/span><span class=\"av-post-metadata-author-link\" ><a href=\"https:\/\/ferienchalet-wallis.ch\/de\/author\/wallisaar\/\"  rel=\"author\">WalliSaar<\/a><\/span><\/span><span class=\"av-post-metadata-content av-post-metadata-separator\">\/<\/span><span class=\"av-post-metadata-content av-post-metadata-published\"><span class=\"av-post-metadata-published-date\" >Januar 27, 2026<\/span><\/span><\/span><\/div><\/div><br \/>\n<div  class='av-social-sharing-box av-2op2me-a53c65cd5f482f957ea661a3d1f1550c av-social-sharing-box-circle  avia-builder-el-5  el_after_av_post_metadata  avia-builder-el-last  av-social-sharing-box-color-bg av-social-sharing-box-same-width'><div class=\"av-share-box\"><h5 class='av-share-link-description av-no-toc '>Eintrag teilen<\/h5><ul class=\"av-share-box-list noLightbox\"><li class='av-share-link av-social-link-facebook' ><a target=\"_blank\" aria-label=\"Teilen auf Facebook\" href='https:\/\/www.facebook.com\/sharer.php?u=https:\/\/ferienchalet-wallis.ch\/de\/sportferien-in-der-schweiz\/&#038;t=Sportferien%20in%20der%20Schweiz' aria-hidden='false' data-av_icon='\ue8f3' data-av_iconfont='entypo-fontello' title='' data-avia-related-tooltip='Teilen auf Facebook' rel=\"noopener\"><span class='avia_hidden_link_text'>Teilen auf Facebook<\/span><\/a><\/li><li class='av-share-link av-social-link-whatsapp' ><a target=\"_blank\" aria-label=\"Teilen auf WhatsApp\" href='https:\/\/api.whatsapp.com\/send?text=https:\/\/ferienchalet-wallis.ch\/de\/sportferien-in-der-schweiz\/' aria-hidden='false' data-av_icon='\uf232' data-av_iconfont='entypo-fontello' title='' data-avia-related-tooltip='Teilen auf WhatsApp' rel=\"noopener\"><span class='avia_hidden_link_text'>Teilen auf WhatsApp<\/span><\/a><\/li><\/ul><\/div><\/div><\/p><\/div>\n","protected":false},"excerpt":{"rendered":"","protected":false},"author":3,"featured_media":1863,"comment_status":"closed","ping_status":"closed","sticky":false,"template":"","format":"standard","meta":{"footnotes":""},"categories":[28,17,23],"tags":[],"class_list":["post-2934","post","type-post","status-publish","format-standard","has-post-thumbnail","hentry","category-aletsch-arena","category-kinder","category-schlitteln"],"yoast_head":"<!-- This site is optimized with the Yoast SEO plugin v27.5 - https:\/\/yoast.com\/product\/yoast-seo-wordpress\/ -->\n<title>Sportferien in der Schweiz - Bettmeralp und Riederalp<\/title>\n<meta name=\"description\" content=\"Gletschi on tour - happy kids. In den Sportferien den Gletschi treffen neben der Piste.\" \/>\n<meta name=\"robots\" content=\"index, follow, max-snippet:-1, max-image-preview:large, max-video-preview:-1\" \/>\n<link rel=\"canonical\" href=\"https:\/\/ferienchalet-wallis.ch\/de\/sportferien-in-der-schweiz\/\" \/>\n<meta property=\"og:locale\" content=\"de_DE\" \/>\n<meta property=\"og:type\" content=\"article\" \/>\n<meta property=\"og:title\" content=\"Sportferien in der Schweiz - Bettmeralp und Riederalp\" \/>\n<meta property=\"og:description\" content=\"Gletschi on tour - happy kids. In den Sportferien den Gletschi treffen neben der Piste.\" \/>\n<meta property=\"og:url\" content=\"https:\/\/ferienchalet-wallis.ch\/de\/sportferien-in-der-schweiz\/\" \/>\n<meta property=\"og:site_name\" content=\"Bettmeralp und Riederalp\" \/>\n<meta property=\"article:published_time\" content=\"2026-01-27T14:14:36+00:00\" \/>\n<meta property=\"article:modified_time\" content=\"2026-01-27T14:42:05+00:00\" \/>\n<meta property=\"og:image\" content=\"https:\/\/ferienchalet-wallis.ch\/wp-content\/uploads\/2024\/02\/Gletschi-Tour.jpg\" \/>\n\t<meta property=\"og:image:width\" content=\"1280\" \/>\n\t<meta property=\"og:image:height\" content=\"853\" \/>\n\t<meta property=\"og:image:type\" content=\"image\/jpeg\" \/>\n<meta name=\"author\" content=\"WalliSaar\" \/>\n<meta name=\"twitter:card\" content=\"summary_large_image\" \/>\n<meta name=\"twitter:label1\" content=\"Verfasst von\" \/>\n\t<meta name=\"twitter:data1\" content=\"WalliSaar\" \/>\n\t<meta name=\"twitter:label2\" content=\"Gesch\u00e4tzte Lesezeit\" \/>\n\t<meta name=\"twitter:data2\" content=\"4\u00a0Minuten\" \/>\n<script type=\"application\/ld+json\" class=\"yoast-schema-graph\">{\"@context\":\"https:\\\/\\\/schema.org\",\"@graph\":[{\"@type\":\"Article\",\"@id\":\"https:\\\/\\\/ferienchalet-wallis.ch\\\/sportferien-in-der-schweiz\\\/#article\",\"isPartOf\":{\"@id\":\"https:\\\/\\\/ferienchalet-wallis.ch\\\/sportferien-in-der-schweiz\\\/\"},\"author\":{\"name\":\"WalliSaar\",\"@id\":\"https:\\\/\\\/ferienchalet-wallis.ch\\\/#\\\/schema\\\/person\\\/18b3f062b0514bc953799175b9bfdd2b\"},\"headline\":\"Sportferien in der Schweiz\",\"datePublished\":\"2026-01-27T14:14:36+00:00\",\"dateModified\":\"2026-01-27T14:42:05+00:00\",\"mainEntityOfPage\":{\"@id\":\"https:\\\/\\\/ferienchalet-wallis.ch\\\/sportferien-in-der-schweiz\\\/\"},\"wordCount\":850,\"publisher\":{\"@id\":\"https:\\\/\\\/ferienchalet-wallis.ch\\\/#organization\"},\"image\":{\"@id\":\"https:\\\/\\\/ferienchalet-wallis.ch\\\/sportferien-in-der-schweiz\\\/#primaryimage\"},\"thumbnailUrl\":\"https:\\\/\\\/ferienchalet-wallis.ch\\\/wp-content\\\/uploads\\\/2024\\\/02\\\/Gletschi-Tour.jpg\",\"articleSection\":[\"Aletsch Arena\",\"Kinder\",\"Schlitteln\"],\"inLanguage\":\"de\"},{\"@type\":\"WebPage\",\"@id\":\"https:\\\/\\\/ferienchalet-wallis.ch\\\/sportferien-in-der-schweiz\\\/\",\"url\":\"https:\\\/\\\/ferienchalet-wallis.ch\\\/sportferien-in-der-schweiz\\\/\",\"name\":\"Sportferien in der Schweiz - Bettmeralp und Riederalp\",\"isPartOf\":{\"@id\":\"https:\\\/\\\/ferienchalet-wallis.ch\\\/#website\"},\"primaryImageOfPage\":{\"@id\":\"https:\\\/\\\/ferienchalet-wallis.ch\\\/sportferien-in-der-schweiz\\\/#primaryimage\"},\"image\":{\"@id\":\"https:\\\/\\\/ferienchalet-wallis.ch\\\/sportferien-in-der-schweiz\\\/#primaryimage\"},\"thumbnailUrl\":\"https:\\\/\\\/ferienchalet-wallis.ch\\\/wp-content\\\/uploads\\\/2024\\\/02\\\/Gletschi-Tour.jpg\",\"datePublished\":\"2026-01-27T14:14:36+00:00\",\"dateModified\":\"2026-01-27T14:42:05+00:00\",\"description\":\"Gletschi on tour - happy kids. In den Sportferien den Gletschi treffen neben der Piste.\",\"breadcrumb\":{\"@id\":\"https:\\\/\\\/ferienchalet-wallis.ch\\\/sportferien-in-der-schweiz\\\/#breadcrumb\"},\"inLanguage\":\"de\",\"potentialAction\":[{\"@type\":\"ReadAction\",\"target\":[\"https:\\\/\\\/ferienchalet-wallis.ch\\\/sportferien-in-der-schweiz\\\/\"]}]},{\"@type\":\"ImageObject\",\"inLanguage\":\"de\",\"@id\":\"https:\\\/\\\/ferienchalet-wallis.ch\\\/sportferien-in-der-schweiz\\\/#primaryimage\",\"url\":\"https:\\\/\\\/ferienchalet-wallis.ch\\\/wp-content\\\/uploads\\\/2024\\\/02\\\/Gletschi-Tour.jpg\",\"contentUrl\":\"https:\\\/\\\/ferienchalet-wallis.ch\\\/wp-content\\\/uploads\\\/2024\\\/02\\\/Gletschi-Tour.jpg\",\"width\":1280,\"height\":853,\"caption\":\"Gletschi\"},{\"@type\":\"BreadcrumbList\",\"@id\":\"https:\\\/\\\/ferienchalet-wallis.ch\\\/sportferien-in-der-schweiz\\\/#breadcrumb\",\"itemListElement\":[{\"@type\":\"ListItem\",\"position\":1,\"name\":\"Home\",\"item\":\"https:\\\/\\\/ferienchalet-wallis.ch\\\/\"},{\"@type\":\"ListItem\",\"position\":2,\"name\":\"Sportferien in der Schweiz\"}]},{\"@type\":\"WebSite\",\"@id\":\"https:\\\/\\\/ferienchalet-wallis.ch\\\/#website\",\"url\":\"https:\\\/\\\/ferienchalet-wallis.ch\\\/\",\"name\":\"Bettmeralp und Riederalp\",\"description\":\"Kranzfelder Markus\",\"publisher\":{\"@id\":\"https:\\\/\\\/ferienchalet-wallis.ch\\\/#organization\"},\"potentialAction\":[{\"@type\":\"SearchAction\",\"target\":{\"@type\":\"EntryPoint\",\"urlTemplate\":\"https:\\\/\\\/ferienchalet-wallis.ch\\\/?s={search_term_string}\"},\"query-input\":{\"@type\":\"PropertyValueSpecification\",\"valueRequired\":true,\"valueName\":\"search_term_string\"}}],\"inLanguage\":\"de\"},{\"@type\":\"Organization\",\"@id\":\"https:\\\/\\\/ferienchalet-wallis.ch\\\/#organization\",\"name\":\"Liegenschaftsbetreuung \\\/ Vermietung \u2013 M. Kranzfelder\",\"url\":\"https:\\\/\\\/ferienchalet-wallis.ch\\\/\",\"logo\":{\"@type\":\"ImageObject\",\"inLanguage\":\"de\",\"@id\":\"https:\\\/\\\/ferienchalet-wallis.ch\\\/#\\\/schema\\\/logo\\\/image\\\/\",\"url\":\"https:\\\/\\\/ferienchalet-wallis.ch\\\/wp-content\\\/uploads\\\/2022\\\/01\\\/Logo_Kranzfelder.png\",\"contentUrl\":\"https:\\\/\\\/ferienchalet-wallis.ch\\\/wp-content\\\/uploads\\\/2022\\\/01\\\/Logo_Kranzfelder.png\",\"width\":1526,\"height\":447,\"caption\":\"Liegenschaftsbetreuung \\\/ Vermietung \u2013 M. Kranzfelder\"},\"image\":{\"@id\":\"https:\\\/\\\/ferienchalet-wallis.ch\\\/#\\\/schema\\\/logo\\\/image\\\/\"}},{\"@type\":\"Person\",\"@id\":\"https:\\\/\\\/ferienchalet-wallis.ch\\\/#\\\/schema\\\/person\\\/18b3f062b0514bc953799175b9bfdd2b\",\"name\":\"WalliSaar\",\"image\":{\"@type\":\"ImageObject\",\"inLanguage\":\"de\",\"@id\":\"https:\\\/\\\/secure.gravatar.com\\\/avatar\\\/1be7f9468eac0e02f655be9ab758a01ae5dc72d678841cc4898d463993c78d36?s=96&d=initials&r=g&initials=ru\",\"url\":\"https:\\\/\\\/secure.gravatar.com\\\/avatar\\\/1be7f9468eac0e02f655be9ab758a01ae5dc72d678841cc4898d463993c78d36?s=96&d=initials&r=g&initials=ru\",\"contentUrl\":\"https:\\\/\\\/secure.gravatar.com\\\/avatar\\\/1be7f9468eac0e02f655be9ab758a01ae5dc72d678841cc4898d463993c78d36?s=96&d=initials&r=g&initials=ru\",\"caption\":\"WalliSaar\"},\"description\":\"Mein Name ist Anja Ruch und ich schreibe die Blogbeitr\u00e4ge f\u00fcr das Ehepaar Markus &amp; Tabitha Kranzfelder. Der Name WalliSaar gr\u00fcndet sich auf meinen Wurzeln im Saarland und den neuen im Wallis. My name is Anja Ruch and I write the blog entries for the Markus &amp; Tabitha Kranzfelder couple. The name WalliSaar shows the connection to my old roots in Saarland and the new ones in Valais.\",\"sameAs\":[\"https:\\\/\\\/www.ferienchalet-wallis.ch\\\/blog\"],\"url\":\"https:\\\/\\\/ferienchalet-wallis.ch\\\/de\\\/author\\\/wallisaar\\\/\"}]}<\/script>\n<!-- \/ Yoast SEO plugin. -->","yoast_head_json":{"title":"Sportferien in der Schweiz - Bettmeralp und Riederalp","description":"Gletschi on tour - happy kids. In den Sportferien den Gletschi treffen neben der Piste.","robots":{"index":"index","follow":"follow","max-snippet":"max-snippet:-1","max-image-preview":"max-image-preview:large","max-video-preview":"max-video-preview:-1"},"canonical":"https:\/\/ferienchalet-wallis.ch\/de\/sportferien-in-der-schweiz\/","og_locale":"de_DE","og_type":"article","og_title":"Sportferien in der Schweiz - Bettmeralp und Riederalp","og_description":"Gletschi on tour - happy kids. In den Sportferien den Gletschi treffen neben der Piste.","og_url":"https:\/\/ferienchalet-wallis.ch\/de\/sportferien-in-der-schweiz\/","og_site_name":"Bettmeralp und Riederalp","article_published_time":"2026-01-27T14:14:36+00:00","article_modified_time":"2026-01-27T14:42:05+00:00","og_image":[{"width":1280,"height":853,"url":"https:\/\/ferienchalet-wallis.ch\/wp-content\/uploads\/2024\/02\/Gletschi-Tour.jpg","type":"image\/jpeg"}],"author":"WalliSaar","twitter_card":"summary_large_image","twitter_misc":{"Verfasst von":"WalliSaar","Gesch\u00e4tzte Lesezeit":"4\u00a0Minuten"},"schema":{"@context":"https:\/\/schema.org","@graph":[{"@type":"Article","@id":"https:\/\/ferienchalet-wallis.ch\/sportferien-in-der-schweiz\/#article","isPartOf":{"@id":"https:\/\/ferienchalet-wallis.ch\/sportferien-in-der-schweiz\/"},"author":{"name":"WalliSaar","@id":"https:\/\/ferienchalet-wallis.ch\/#\/schema\/person\/18b3f062b0514bc953799175b9bfdd2b"},"headline":"Sportferien in der Schweiz","datePublished":"2026-01-27T14:14:36+00:00","dateModified":"2026-01-27T14:42:05+00:00","mainEntityOfPage":{"@id":"https:\/\/ferienchalet-wallis.ch\/sportferien-in-der-schweiz\/"},"wordCount":850,"publisher":{"@id":"https:\/\/ferienchalet-wallis.ch\/#organization"},"image":{"@id":"https:\/\/ferienchalet-wallis.ch\/sportferien-in-der-schweiz\/#primaryimage"},"thumbnailUrl":"https:\/\/ferienchalet-wallis.ch\/wp-content\/uploads\/2024\/02\/Gletschi-Tour.jpg","articleSection":["Aletsch Arena","Kinder","Schlitteln"],"inLanguage":"de"},{"@type":"WebPage","@id":"https:\/\/ferienchalet-wallis.ch\/sportferien-in-der-schweiz\/","url":"https:\/\/ferienchalet-wallis.ch\/sportferien-in-der-schweiz\/","name":"Sportferien in der Schweiz - Bettmeralp und Riederalp","isPartOf":{"@id":"https:\/\/ferienchalet-wallis.ch\/#website"},"primaryImageOfPage":{"@id":"https:\/\/ferienchalet-wallis.ch\/sportferien-in-der-schweiz\/#primaryimage"},"image":{"@id":"https:\/\/ferienchalet-wallis.ch\/sportferien-in-der-schweiz\/#primaryimage"},"thumbnailUrl":"https:\/\/ferienchalet-wallis.ch\/wp-content\/uploads\/2024\/02\/Gletschi-Tour.jpg","datePublished":"2026-01-27T14:14:36+00:00","dateModified":"2026-01-27T14:42:05+00:00","description":"Gletschi on tour - happy kids. In den Sportferien den Gletschi treffen neben der Piste.","breadcrumb":{"@id":"https:\/\/ferienchalet-wallis.ch\/sportferien-in-der-schweiz\/#breadcrumb"},"inLanguage":"de","potentialAction":[{"@type":"ReadAction","target":["https:\/\/ferienchalet-wallis.ch\/sportferien-in-der-schweiz\/"]}]},{"@type":"ImageObject","inLanguage":"de","@id":"https:\/\/ferienchalet-wallis.ch\/sportferien-in-der-schweiz\/#primaryimage","url":"https:\/\/ferienchalet-wallis.ch\/wp-content\/uploads\/2024\/02\/Gletschi-Tour.jpg","contentUrl":"https:\/\/ferienchalet-wallis.ch\/wp-content\/uploads\/2024\/02\/Gletschi-Tour.jpg","width":1280,"height":853,"caption":"Gletschi"},{"@type":"BreadcrumbList","@id":"https:\/\/ferienchalet-wallis.ch\/sportferien-in-der-schweiz\/#breadcrumb","itemListElement":[{"@type":"ListItem","position":1,"name":"Home","item":"https:\/\/ferienchalet-wallis.ch\/"},{"@type":"ListItem","position":2,"name":"Sportferien in der Schweiz"}]},{"@type":"WebSite","@id":"https:\/\/ferienchalet-wallis.ch\/#website","url":"https:\/\/ferienchalet-wallis.ch\/","name":"Bettmeralp und Riederalp","description":"Kranzfelder Markus","publisher":{"@id":"https:\/\/ferienchalet-wallis.ch\/#organization"},"potentialAction":[{"@type":"SearchAction","target":{"@type":"EntryPoint","urlTemplate":"https:\/\/ferienchalet-wallis.ch\/?s={search_term_string}"},"query-input":{"@type":"PropertyValueSpecification","valueRequired":true,"valueName":"search_term_string"}}],"inLanguage":"de"},{"@type":"Organization","@id":"https:\/\/ferienchalet-wallis.ch\/#organization","name":"Liegenschaftsbetreuung \/ Vermietung \u2013 M. Kranzfelder","url":"https:\/\/ferienchalet-wallis.ch\/","logo":{"@type":"ImageObject","inLanguage":"de","@id":"https:\/\/ferienchalet-wallis.ch\/#\/schema\/logo\/image\/","url":"https:\/\/ferienchalet-wallis.ch\/wp-content\/uploads\/2022\/01\/Logo_Kranzfelder.png","contentUrl":"https:\/\/ferienchalet-wallis.ch\/wp-content\/uploads\/2022\/01\/Logo_Kranzfelder.png","width":1526,"height":447,"caption":"Liegenschaftsbetreuung \/ Vermietung \u2013 M. Kranzfelder"},"image":{"@id":"https:\/\/ferienchalet-wallis.ch\/#\/schema\/logo\/image\/"}},{"@type":"Person","@id":"https:\/\/ferienchalet-wallis.ch\/#\/schema\/person\/18b3f062b0514bc953799175b9bfdd2b","name":"WalliSaar","image":{"@type":"ImageObject","inLanguage":"de","@id":"https:\/\/secure.gravatar.com\/avatar\/1be7f9468eac0e02f655be9ab758a01ae5dc72d678841cc4898d463993c78d36?s=96&d=initials&r=g&initials=ru","url":"https:\/\/secure.gravatar.com\/avatar\/1be7f9468eac0e02f655be9ab758a01ae5dc72d678841cc4898d463993c78d36?s=96&d=initials&r=g&initials=ru","contentUrl":"https:\/\/secure.gravatar.com\/avatar\/1be7f9468eac0e02f655be9ab758a01ae5dc72d678841cc4898d463993c78d36?s=96&d=initials&r=g&initials=ru","caption":"WalliSaar"},"description":"Mein Name ist Anja Ruch und ich schreibe die Blogbeitr\u00e4ge f\u00fcr das Ehepaar Markus &amp; Tabitha Kranzfelder. Der Name WalliSaar gr\u00fcndet sich auf meinen Wurzeln im Saarland und den neuen im Wallis. My name is Anja Ruch and I write the blog entries for the Markus &amp; Tabitha Kranzfelder couple. The name WalliSaar shows the connection to my old roots in Saarland and the new ones in Valais.","sameAs":["https:\/\/www.ferienchalet-wallis.ch\/blog"],"url":"https:\/\/ferienchalet-wallis.ch\/de\/author\/wallisaar\/"}]}},"_links":{"self":[{"href":"https:\/\/ferienchalet-wallis.ch\/de\/wp-json\/wp\/v2\/posts\/2934","targetHints":{"allow":["GET"]}}],"collection":[{"href":"https:\/\/ferienchalet-wallis.ch\/de\/wp-json\/wp\/v2\/posts"}],"about":[{"href":"https:\/\/ferienchalet-wallis.ch\/de\/wp-json\/wp\/v2\/types\/post"}],"author":[{"embeddable":true,"href":"https:\/\/ferienchalet-wallis.ch\/de\/wp-json\/wp\/v2\/users\/3"}],"replies":[{"embeddable":true,"href":"https:\/\/ferienchalet-wallis.ch\/de\/wp-json\/wp\/v2\/comments?post=2934"}],"version-history":[{"count":7,"href":"https:\/\/ferienchalet-wallis.ch\/de\/wp-json\/wp\/v2\/posts\/2934\/revisions"}],"predecessor-version":[{"id":2940,"href":"https:\/\/ferienchalet-wallis.ch\/de\/wp-json\/wp\/v2\/posts\/2934\/revisions\/2940"}],"wp:featuredmedia":[{"embeddable":true,"href":"https:\/\/ferienchalet-wallis.ch\/de\/wp-json\/wp\/v2\/media\/1863"}],"wp:attachment":[{"href":"https:\/\/ferienchalet-wallis.ch\/de\/wp-json\/wp\/v2\/media?parent=2934"}],"wp:term":[{"taxonomy":"category","embeddable":true,"href":"https:\/\/ferienchalet-wallis.ch\/de\/wp-json\/wp\/v2\/categories?post=2934"},{"taxonomy":"post_tag","embeddable":true,"href":"https:\/\/ferienchalet-wallis.ch\/de\/wp-json\/wp\/v2\/tags?post=2934"}],"curies":[{"name":"wp","href":"https:\/\/api.w.org\/{rel}","templated":true}]}}