{"id":2968,"date":"2026-02-23T10:48:55","date_gmt":"2026-02-23T10:48:55","guid":{"rendered":"https:\/\/ferienchalet-wallis.ch\/?p=2968"},"modified":"2026-03-09T12:30:44","modified_gmt":"2026-03-09T12:30:44","slug":"ein-ferientag-in-der-aletsch-arena","status":"publish","type":"post","link":"https:\/\/ferienchalet-wallis.ch\/de\/ein-ferientag-in-der-aletsch-arena\/","title":{"rendered":"Ein abwechslungsreicher Ferientag in der Aletsch Arena"},"content":{"rendered":"\n<style type=\"text\/css\" data-created_by=\"avia_inline_auto\" id=\"style-css-av-mlz1wpew-a6fb3c82eda4057e944253812c15187e\">\n#top .av-special-heading.av-mlz1wpew-a6fb3c82eda4057e944253812c15187e{\npadding-bottom:10px;\n}\nbody .av-special-heading.av-mlz1wpew-a6fb3c82eda4057e944253812c15187e .av-special-heading-tag .heading-char{\nfont-size:25px;\n}\n.av-special-heading.av-mlz1wpew-a6fb3c82eda4057e944253812c15187e .av-subheading{\nfont-size:15px;\n}\n<\/style>\n<div  class='av-special-heading av-mlz1wpew-a6fb3c82eda4057e944253812c15187e av-special-heading-h2  avia-builder-el-0  el_before_av_image  avia-builder-el-first '><h2 class='av-special-heading-tag'  itemprop=\"headline\"  >Action oder Seele baumeln lassen?<\/h2><div class=\"special-heading-border\"><div class=\"special-heading-inner-border\"><\/div><\/div><\/div>\n\n<style type=\"text\/css\" data-created_by=\"avia_inline_auto\" id=\"style-css-av-mlz1xc3d-6079993218ce560e1950624e20f7faf0\">\n.avia-image-container.av-mlz1xc3d-6079993218ce560e1950624e20f7faf0 .av-image-caption-overlay-center{\ncolor:#ffffff;\n}\n<\/style>\n<div  class='avia-image-container av-mlz1xc3d-6079993218ce560e1950624e20f7faf0 av-styling- avia-align-center  avia-builder-el-1  el_after_av_heading  el_before_av_textblock '  itemprop=\"image\" itemscope=\"itemscope\" itemtype=\"https:\/\/schema.org\/ImageObject\" ><div class=\"avia-image-container-inner\"><div class=\"avia-image-overlay-wrap\"><img decoding=\"async\" class='wp-image-2765 avia-img-lazy-loading-not-2765 avia_image' src=\"https:\/\/ferienchalet-wallis.ch\/wp-content\/uploads\/2025\/12\/Skipiste_Aletsch-Arena-1500x630.jpg\" alt='Wintersportregion Aletsch Arena' title='Wintersportregion Aletsch Arena'  height=\"630\" width=\"1500\"  itemprop=\"thumbnailUrl\"  \/><\/div><\/div><\/div>\n<section  class='av_textblock_section av-mlz1wkkg-53c7596ca691111dd0f7fa5d19f2607b'  itemscope=\"itemscope\" itemtype=\"https:\/\/schema.org\/BlogPosting\" itemprop=\"blogPost\" ><div class='avia_textblock'  itemprop=\"text\" ><p>Sie lieben Abwechslung beim Sport machen und bevorzugen es nicht jeden Tag in Ihren Ferien das Gleiche zu tun? Sie m\u00f6gen es, wenn sich Ihre Muskeln zwischendrin mal erholen k\u00f6nnen, indem Sie entweder ausspannen oder eine andere Sportart betreiben? Die malerische Aussicht geniessen oder was Neues ausprobieren, das gibt Energie! Darum m\u00f6chte ich Ihnen einen abwechslungsreichen Ferientag in der Aletsch Region vorschlagen.<\/p>\n<h3>Bewegung durch die Winterlandschaft am Vormittag<\/h3>\n<p>Beginnen Sie den Montag mit einem begleiteten <a href=\"https:\/\/www.aletscharena.ch\/planen-buchen\/angebote-erlebnisse\/trailrunning-winter\" target=\"_blank\" rel=\"noopener\">Trailrunnig<\/a> auf einer ausgew\u00e4hlten Route auf der Bettmeralp. Los geht&#8217;s um 8 Uhr. Kosten pro Person: 20 CHF bei mindestens 5 teilnehmenden Personen.<\/p>\n<p>Oder wie w\u00e4re es mit einem Langlauftest? Mit klassischem Langlauf f\u00e4ngt man in der Regel an, wenn man keinerlei Erfahrung hat. Jeden Dienstag und Mittwoch findet von 8:15 bis 9:15 ein <a href=\"https:\/\/www.aletscharena.ch\/planen-buchen\/angebote-erlebnisse\/langlauf-schnupperkurs-riederalp\" target=\"_blank\" rel=\"noopener\">Schnupperkurs Langlauf Klassisch<\/a> statt. Kosten pro Person: 70 CHF mit Ausr\u00fcstung bei mindestens 2 Teilnehmern. Es gibt auch ein Schnupperkurs f\u00fcr Langlauf Skating, wenn Sie das klassische Langlaufen bereits beherrschen. Mit Ausr\u00fcstung reduziert sich der Schnupperkurs um 25 CHF. F\u00fcr beide Sportoptionen bietet sich danach ein gem\u00fctliches Fr\u00fchst\u00fcck auf der <a href=\"https:\/\/ferienchalet-wallis.ch\/huettenerlebnisse-in-der-aletsch-arena\/\" target=\"_blank\" rel=\"noopener\">B\u00e4ttmerhitta<\/a> an.<\/p>\n<p>Sie stehen mehr auf Picknick in frischer Winterluft? Dann nehmen Sie doch an einer gef\u00fchrten <a href=\"https:\/\/www.aletscharena.ch\/planen-buchen\/angebote-erlebnisse\/schneeschuh-aletsch-grattour-aletschwald\" target=\"_blank\" rel=\"noopener\">Schneeschuhtour \u00fcber den Grat<\/a> zwischen Moosfluh und Riederfurka teil. Herr Roger N\u00e4fen begleitet Sie auf der dreieinhalb st\u00fcndigen Tour. Eine Wanderung \u00fcber den Grat auf der Riederalp ist winters wie sommers ein Genuss. Die Aussicht ist grandios und die Route bietet Ihnen Ruhe und Erholung.<\/p>\n<h3>Bewegung in der Winterlandschaft am Nachmittag<\/h3>\n<p>Nach einer ausgiebigen Mittagspause in der Sonne, geht\u2019s weiter zu einem kostenlosen Angebot, das mit Sicherheit auch anstrengend ist. Im ATC Avalanche Training Center auf der Bettmeralp kann man das <a href=\"https:\/\/www.aletscharena.ch\/planen-buchen\/angebote-erlebnisse\/lawinentraining-atc\" target=\"_blank\" rel=\"noopener\">Lawinenversch\u00fctteten-Suchen<\/a> \u00fcben. Das \u00dcbungsgel\u00e4nde befindet sich neben der B\u00e4ttmerhitta und ist mit vergrabenen Sendern ausgestattet. Trainiert wird t\u00e4glich von 9-16 Uhr.<\/p>\n<p>Am Vormittag keine Zeit zum Langlaufen? Dann testen Sie den Schnupperkurs zwischen 15.45 und 16.45 Uhr.<\/p>\n<p>Uff! Der Tag ist fast gelaufen und auf einmal bekommen Sie doch noch Lust auf die Skipiste? Dann haben Sie am Dienstag um halb 6 Gelegenheit am <a href=\"https:\/\/www.aletscharena.ch\/planen-buchen\/angebote-erlebnisse\/nachtskifahren-bettmeralp\/riederalp\" target=\"_blank\" rel=\"noopener\">Nachtskifahren<\/a> teilzunehmen.<\/p>\n<p>Denken Sie bei allen von mir gemachten Vorschl\u00e4gen an die Voranmeldung von mindestens 1 Tag. Action oder Seele baumeln lassen. Entscheiden Sie!<\/p>\n<p><em>Eifach Alltagssorge verg\u00e4sse, \u00fcsspanne und g\u2018mietlich z\u00e4me si<\/em><\/p>\n<\/div><\/section>\n<div class='flex_column av-9d9wrs-c7cb6148f47750975f317f5ed20f3680 av_one_half  avia-builder-el-3  el_after_av_textblock  avia-builder-el-last  first flex_column_div column-top-margin'   ><p><div  class='av-post-metadata-container av-7yfx54-da5e8b501fad09c03b294cb63e722b58 av-metadata-container-align-left  avia-builder-el-4  el_before_av_social_share  avia-builder-el-first  av-metadata-container-1'><div class='av-post-metadata-container-inner'><span class=\"av-post-metadata-content av-post-metadata-meta-content\"><span class=\"av-post-metadata-content av-post-metadata-author\"  itemprop=\"author\" ><span class=\"av-metadata-before av-metadata-before-author\">von<\/span><span class=\"av-post-metadata-author-link\" ><a href=\"https:\/\/ferienchalet-wallis.ch\/de\/author\/wallisaar\/\"  rel=\"author\">WalliSaar<\/a><\/span><\/span><span class=\"av-post-metadata-content av-post-metadata-separator\">\/<\/span><span class=\"av-post-metadata-content av-post-metadata-published\"><span class=\"av-post-metadata-published-date\" >Februar 23, 2026<\/span><\/span><\/span><\/div><\/div><br \/>\n<div  class='av-social-sharing-box av-akpzs-63e4aede059ff6ef6fe1cc2293f34efa av-social-sharing-box-circle  avia-builder-el-5  el_after_av_post_metadata  avia-builder-el-last  av-social-sharing-box-color-bg av-social-sharing-box-same-width'><div class=\"av-share-box\"><h5 class='av-share-link-description av-no-toc '>Eintrag teilen<\/h5><ul class=\"av-share-box-list noLightbox\"><li class='av-share-link av-social-link-facebook' ><a target=\"_blank\" aria-label=\"Teilen auf Facebook\" href='https:\/\/www.facebook.com\/sharer.php?u=https:\/\/ferienchalet-wallis.ch\/de\/ein-ferientag-in-der-aletsch-arena\/&#038;t=Ein%20abwechslungsreicher%20Ferientag%20in%20der%20Aletsch%20Arena' aria-hidden='false' data-av_icon='\ue8f3' data-av_iconfont='entypo-fontello' title='' data-avia-related-tooltip='Teilen auf Facebook' rel=\"noopener\"><span class='avia_hidden_link_text'>Teilen auf Facebook<\/span><\/a><\/li><li class='av-share-link av-social-link-whatsapp' ><a target=\"_blank\" aria-label=\"Teilen auf WhatsApp\" href='https:\/\/api.whatsapp.com\/send?text=https:\/\/ferienchalet-wallis.ch\/de\/ein-ferientag-in-der-aletsch-arena\/' aria-hidden='false' data-av_icon='\uf232' data-av_iconfont='entypo-fontello' title='' data-avia-related-tooltip='Teilen auf WhatsApp' rel=\"noopener\"><span class='avia_hidden_link_text'>Teilen auf WhatsApp<\/span><\/a><\/li><\/ul><\/div><\/div><\/p><\/div>\n","protected":false},"excerpt":{"rendered":"","protected":false},"author":3,"featured_media":2765,"comment_status":"closed","ping_status":"closed","sticky":false,"template":"","format":"standard","meta":{"footnotes":""},"categories":[28,20,18],"tags":[],"class_list":["post-2968","post","type-post","status-publish","format-standard","has-post-thumbnail","hentry","category-aletsch-arena","category-veranstaltungen","category-wintersport"],"yoast_head":"<!-- This site is optimized with the Yoast SEO plugin v27.5 - https:\/\/yoast.com\/product\/yoast-seo-wordpress\/ -->\n<title>Ein abwechslungsreicher Ferientag in der Aletsch Arena - Bettmeralp und Riederalp<\/title>\n<meta name=\"description\" content=\"Action oder Seele baumeln lassen? Ein abwechslungsreicher Ferientag in der Aletsch Arena. Trailrunning, Langlauf oder Schneeschuhtour.\" \/>\n<meta name=\"robots\" content=\"index, follow, max-snippet:-1, max-image-preview:large, max-video-preview:-1\" \/>\n<link rel=\"canonical\" href=\"https:\/\/ferienchalet-wallis.ch\/de\/ein-ferientag-in-der-aletsch-arena\/\" \/>\n<meta property=\"og:locale\" content=\"de_DE\" \/>\n<meta property=\"og:type\" content=\"article\" \/>\n<meta property=\"og:title\" content=\"Ein abwechslungsreicher Ferientag in der Aletsch Arena - Bettmeralp und Riederalp\" \/>\n<meta property=\"og:description\" content=\"Action oder Seele baumeln lassen? Ein abwechslungsreicher Ferientag in der Aletsch Arena. Trailrunning, Langlauf oder Schneeschuhtour.\" \/>\n<meta property=\"og:url\" content=\"https:\/\/ferienchalet-wallis.ch\/de\/ein-ferientag-in-der-aletsch-arena\/\" \/>\n<meta property=\"og:site_name\" content=\"Bettmeralp und Riederalp\" \/>\n<meta property=\"article:published_time\" content=\"2026-02-23T10:48:55+00:00\" \/>\n<meta property=\"article:modified_time\" content=\"2026-03-09T12:30:44+00:00\" \/>\n<meta property=\"og:image\" content=\"https:\/\/ferienchalet-wallis.ch\/wp-content\/uploads\/2025\/12\/Skipiste_Aletsch-Arena.jpg\" \/>\n\t<meta property=\"og:image:width\" content=\"2048\" \/>\n\t<meta property=\"og:image:height\" content=\"1365\" \/>\n\t<meta property=\"og:image:type\" content=\"image\/jpeg\" \/>\n<meta name=\"author\" content=\"WalliSaar\" \/>\n<meta name=\"twitter:card\" content=\"summary_large_image\" \/>\n<meta name=\"twitter:label1\" content=\"Verfasst von\" \/>\n\t<meta name=\"twitter:data1\" content=\"WalliSaar\" \/>\n\t<meta name=\"twitter:label2\" content=\"Gesch\u00e4tzte Lesezeit\" \/>\n\t<meta name=\"twitter:data2\" content=\"4\u00a0Minuten\" \/>\n<script type=\"application\/ld+json\" class=\"yoast-schema-graph\">{\"@context\":\"https:\\\/\\\/schema.org\",\"@graph\":[{\"@type\":\"Article\",\"@id\":\"https:\\\/\\\/ferienchalet-wallis.ch\\\/ein-ferientag-in-der-aletsch-arena\\\/#article\",\"isPartOf\":{\"@id\":\"https:\\\/\\\/ferienchalet-wallis.ch\\\/ein-ferientag-in-der-aletsch-arena\\\/\"},\"author\":{\"name\":\"WalliSaar\",\"@id\":\"https:\\\/\\\/ferienchalet-wallis.ch\\\/#\\\/schema\\\/person\\\/18b3f062b0514bc953799175b9bfdd2b\"},\"headline\":\"Ein abwechslungsreicher Ferientag in der Aletsch Arena\",\"datePublished\":\"2026-02-23T10:48:55+00:00\",\"dateModified\":\"2026-03-09T12:30:44+00:00\",\"mainEntityOfPage\":{\"@id\":\"https:\\\/\\\/ferienchalet-wallis.ch\\\/ein-ferientag-in-der-aletsch-arena\\\/\"},\"wordCount\":940,\"publisher\":{\"@id\":\"https:\\\/\\\/ferienchalet-wallis.ch\\\/#organization\"},\"image\":{\"@id\":\"https:\\\/\\\/ferienchalet-wallis.ch\\\/ein-ferientag-in-der-aletsch-arena\\\/#primaryimage\"},\"thumbnailUrl\":\"https:\\\/\\\/ferienchalet-wallis.ch\\\/wp-content\\\/uploads\\\/2025\\\/12\\\/Skipiste_Aletsch-Arena.jpg\",\"articleSection\":[\"Aletsch Arena\",\"Veranstaltungen\",\"Wintersport\"],\"inLanguage\":\"de\"},{\"@type\":\"WebPage\",\"@id\":\"https:\\\/\\\/ferienchalet-wallis.ch\\\/ein-ferientag-in-der-aletsch-arena\\\/\",\"url\":\"https:\\\/\\\/ferienchalet-wallis.ch\\\/ein-ferientag-in-der-aletsch-arena\\\/\",\"name\":\"Ein abwechslungsreicher Ferientag in der Aletsch Arena - Bettmeralp und Riederalp\",\"isPartOf\":{\"@id\":\"https:\\\/\\\/ferienchalet-wallis.ch\\\/#website\"},\"primaryImageOfPage\":{\"@id\":\"https:\\\/\\\/ferienchalet-wallis.ch\\\/ein-ferientag-in-der-aletsch-arena\\\/#primaryimage\"},\"image\":{\"@id\":\"https:\\\/\\\/ferienchalet-wallis.ch\\\/ein-ferientag-in-der-aletsch-arena\\\/#primaryimage\"},\"thumbnailUrl\":\"https:\\\/\\\/ferienchalet-wallis.ch\\\/wp-content\\\/uploads\\\/2025\\\/12\\\/Skipiste_Aletsch-Arena.jpg\",\"datePublished\":\"2026-02-23T10:48:55+00:00\",\"dateModified\":\"2026-03-09T12:30:44+00:00\",\"description\":\"Action oder Seele baumeln lassen? Ein abwechslungsreicher Ferientag in der Aletsch Arena. Trailrunning, Langlauf oder Schneeschuhtour.\",\"breadcrumb\":{\"@id\":\"https:\\\/\\\/ferienchalet-wallis.ch\\\/ein-ferientag-in-der-aletsch-arena\\\/#breadcrumb\"},\"inLanguage\":\"de\",\"potentialAction\":[{\"@type\":\"ReadAction\",\"target\":[\"https:\\\/\\\/ferienchalet-wallis.ch\\\/ein-ferientag-in-der-aletsch-arena\\\/\"]}]},{\"@type\":\"ImageObject\",\"inLanguage\":\"de\",\"@id\":\"https:\\\/\\\/ferienchalet-wallis.ch\\\/ein-ferientag-in-der-aletsch-arena\\\/#primaryimage\",\"url\":\"https:\\\/\\\/ferienchalet-wallis.ch\\\/wp-content\\\/uploads\\\/2025\\\/12\\\/Skipiste_Aletsch-Arena.jpg\",\"contentUrl\":\"https:\\\/\\\/ferienchalet-wallis.ch\\\/wp-content\\\/uploads\\\/2025\\\/12\\\/Skipiste_Aletsch-Arena.jpg\",\"width\":2048,\"height\":1365,\"caption\":\"Skipiste Aletsch Arena\"},{\"@type\":\"BreadcrumbList\",\"@id\":\"https:\\\/\\\/ferienchalet-wallis.ch\\\/ein-ferientag-in-der-aletsch-arena\\\/#breadcrumb\",\"itemListElement\":[{\"@type\":\"ListItem\",\"position\":1,\"name\":\"Home\",\"item\":\"https:\\\/\\\/ferienchalet-wallis.ch\\\/\"},{\"@type\":\"ListItem\",\"position\":2,\"name\":\"Ein abwechslungsreicher Ferientag in der Aletsch Arena\"}]},{\"@type\":\"WebSite\",\"@id\":\"https:\\\/\\\/ferienchalet-wallis.ch\\\/#website\",\"url\":\"https:\\\/\\\/ferienchalet-wallis.ch\\\/\",\"name\":\"Bettmeralp und Riederalp\",\"description\":\"Kranzfelder Markus\",\"publisher\":{\"@id\":\"https:\\\/\\\/ferienchalet-wallis.ch\\\/#organization\"},\"potentialAction\":[{\"@type\":\"SearchAction\",\"target\":{\"@type\":\"EntryPoint\",\"urlTemplate\":\"https:\\\/\\\/ferienchalet-wallis.ch\\\/?s={search_term_string}\"},\"query-input\":{\"@type\":\"PropertyValueSpecification\",\"valueRequired\":true,\"valueName\":\"search_term_string\"}}],\"inLanguage\":\"de\"},{\"@type\":\"Organization\",\"@id\":\"https:\\\/\\\/ferienchalet-wallis.ch\\\/#organization\",\"name\":\"Liegenschaftsbetreuung \\\/ Vermietung \u2013 M. Kranzfelder\",\"url\":\"https:\\\/\\\/ferienchalet-wallis.ch\\\/\",\"logo\":{\"@type\":\"ImageObject\",\"inLanguage\":\"de\",\"@id\":\"https:\\\/\\\/ferienchalet-wallis.ch\\\/#\\\/schema\\\/logo\\\/image\\\/\",\"url\":\"https:\\\/\\\/ferienchalet-wallis.ch\\\/wp-content\\\/uploads\\\/2022\\\/01\\\/Logo_Kranzfelder.png\",\"contentUrl\":\"https:\\\/\\\/ferienchalet-wallis.ch\\\/wp-content\\\/uploads\\\/2022\\\/01\\\/Logo_Kranzfelder.png\",\"width\":1526,\"height\":447,\"caption\":\"Liegenschaftsbetreuung \\\/ Vermietung \u2013 M. Kranzfelder\"},\"image\":{\"@id\":\"https:\\\/\\\/ferienchalet-wallis.ch\\\/#\\\/schema\\\/logo\\\/image\\\/\"}},{\"@type\":\"Person\",\"@id\":\"https:\\\/\\\/ferienchalet-wallis.ch\\\/#\\\/schema\\\/person\\\/18b3f062b0514bc953799175b9bfdd2b\",\"name\":\"WalliSaar\",\"image\":{\"@type\":\"ImageObject\",\"inLanguage\":\"de\",\"@id\":\"https:\\\/\\\/secure.gravatar.com\\\/avatar\\\/1be7f9468eac0e02f655be9ab758a01ae5dc72d678841cc4898d463993c78d36?s=96&d=initials&r=g&initials=ru\",\"url\":\"https:\\\/\\\/secure.gravatar.com\\\/avatar\\\/1be7f9468eac0e02f655be9ab758a01ae5dc72d678841cc4898d463993c78d36?s=96&d=initials&r=g&initials=ru\",\"contentUrl\":\"https:\\\/\\\/secure.gravatar.com\\\/avatar\\\/1be7f9468eac0e02f655be9ab758a01ae5dc72d678841cc4898d463993c78d36?s=96&d=initials&r=g&initials=ru\",\"caption\":\"WalliSaar\"},\"description\":\"Mein Name ist Anja Ruch und ich schreibe die Blogbeitr\u00e4ge f\u00fcr das Ehepaar Markus &amp; Tabitha Kranzfelder. Der Name WalliSaar gr\u00fcndet sich auf meinen Wurzeln im Saarland und den neuen im Wallis. My name is Anja Ruch and I write the blog entries for the Markus &amp; Tabitha Kranzfelder couple. The name WalliSaar shows the connection to my old roots in Saarland and the new ones in Valais.\",\"sameAs\":[\"https:\\\/\\\/www.ferienchalet-wallis.ch\\\/blog\"],\"url\":\"https:\\\/\\\/ferienchalet-wallis.ch\\\/de\\\/author\\\/wallisaar\\\/\"}]}<\/script>\n<!-- \/ Yoast SEO plugin. -->","yoast_head_json":{"title":"Ein abwechslungsreicher Ferientag in der Aletsch Arena - Bettmeralp und Riederalp","description":"Action oder Seele baumeln lassen? Ein abwechslungsreicher Ferientag in der Aletsch Arena. Trailrunning, Langlauf oder Schneeschuhtour.","robots":{"index":"index","follow":"follow","max-snippet":"max-snippet:-1","max-image-preview":"max-image-preview:large","max-video-preview":"max-video-preview:-1"},"canonical":"https:\/\/ferienchalet-wallis.ch\/de\/ein-ferientag-in-der-aletsch-arena\/","og_locale":"de_DE","og_type":"article","og_title":"Ein abwechslungsreicher Ferientag in der Aletsch Arena - Bettmeralp und Riederalp","og_description":"Action oder Seele baumeln lassen? Ein abwechslungsreicher Ferientag in der Aletsch Arena. Trailrunning, Langlauf oder Schneeschuhtour.","og_url":"https:\/\/ferienchalet-wallis.ch\/de\/ein-ferientag-in-der-aletsch-arena\/","og_site_name":"Bettmeralp und Riederalp","article_published_time":"2026-02-23T10:48:55+00:00","article_modified_time":"2026-03-09T12:30:44+00:00","og_image":[{"width":2048,"height":1365,"url":"https:\/\/ferienchalet-wallis.ch\/wp-content\/uploads\/2025\/12\/Skipiste_Aletsch-Arena.jpg","type":"image\/jpeg"}],"author":"WalliSaar","twitter_card":"summary_large_image","twitter_misc":{"Verfasst von":"WalliSaar","Gesch\u00e4tzte Lesezeit":"4\u00a0Minuten"},"schema":{"@context":"https:\/\/schema.org","@graph":[{"@type":"Article","@id":"https:\/\/ferienchalet-wallis.ch\/ein-ferientag-in-der-aletsch-arena\/#article","isPartOf":{"@id":"https:\/\/ferienchalet-wallis.ch\/ein-ferientag-in-der-aletsch-arena\/"},"author":{"name":"WalliSaar","@id":"https:\/\/ferienchalet-wallis.ch\/#\/schema\/person\/18b3f062b0514bc953799175b9bfdd2b"},"headline":"Ein abwechslungsreicher Ferientag in der Aletsch Arena","datePublished":"2026-02-23T10:48:55+00:00","dateModified":"2026-03-09T12:30:44+00:00","mainEntityOfPage":{"@id":"https:\/\/ferienchalet-wallis.ch\/ein-ferientag-in-der-aletsch-arena\/"},"wordCount":940,"publisher":{"@id":"https:\/\/ferienchalet-wallis.ch\/#organization"},"image":{"@id":"https:\/\/ferienchalet-wallis.ch\/ein-ferientag-in-der-aletsch-arena\/#primaryimage"},"thumbnailUrl":"https:\/\/ferienchalet-wallis.ch\/wp-content\/uploads\/2025\/12\/Skipiste_Aletsch-Arena.jpg","articleSection":["Aletsch Arena","Veranstaltungen","Wintersport"],"inLanguage":"de"},{"@type":"WebPage","@id":"https:\/\/ferienchalet-wallis.ch\/ein-ferientag-in-der-aletsch-arena\/","url":"https:\/\/ferienchalet-wallis.ch\/ein-ferientag-in-der-aletsch-arena\/","name":"Ein abwechslungsreicher Ferientag in der Aletsch Arena - Bettmeralp und Riederalp","isPartOf":{"@id":"https:\/\/ferienchalet-wallis.ch\/#website"},"primaryImageOfPage":{"@id":"https:\/\/ferienchalet-wallis.ch\/ein-ferientag-in-der-aletsch-arena\/#primaryimage"},"image":{"@id":"https:\/\/ferienchalet-wallis.ch\/ein-ferientag-in-der-aletsch-arena\/#primaryimage"},"thumbnailUrl":"https:\/\/ferienchalet-wallis.ch\/wp-content\/uploads\/2025\/12\/Skipiste_Aletsch-Arena.jpg","datePublished":"2026-02-23T10:48:55+00:00","dateModified":"2026-03-09T12:30:44+00:00","description":"Action oder Seele baumeln lassen? Ein abwechslungsreicher Ferientag in der Aletsch Arena. Trailrunning, Langlauf oder Schneeschuhtour.","breadcrumb":{"@id":"https:\/\/ferienchalet-wallis.ch\/ein-ferientag-in-der-aletsch-arena\/#breadcrumb"},"inLanguage":"de","potentialAction":[{"@type":"ReadAction","target":["https:\/\/ferienchalet-wallis.ch\/ein-ferientag-in-der-aletsch-arena\/"]}]},{"@type":"ImageObject","inLanguage":"de","@id":"https:\/\/ferienchalet-wallis.ch\/ein-ferientag-in-der-aletsch-arena\/#primaryimage","url":"https:\/\/ferienchalet-wallis.ch\/wp-content\/uploads\/2025\/12\/Skipiste_Aletsch-Arena.jpg","contentUrl":"https:\/\/ferienchalet-wallis.ch\/wp-content\/uploads\/2025\/12\/Skipiste_Aletsch-Arena.jpg","width":2048,"height":1365,"caption":"Skipiste Aletsch Arena"},{"@type":"BreadcrumbList","@id":"https:\/\/ferienchalet-wallis.ch\/ein-ferientag-in-der-aletsch-arena\/#breadcrumb","itemListElement":[{"@type":"ListItem","position":1,"name":"Home","item":"https:\/\/ferienchalet-wallis.ch\/"},{"@type":"ListItem","position":2,"name":"Ein abwechslungsreicher Ferientag in der Aletsch Arena"}]},{"@type":"WebSite","@id":"https:\/\/ferienchalet-wallis.ch\/#website","url":"https:\/\/ferienchalet-wallis.ch\/","name":"Bettmeralp und Riederalp","description":"Kranzfelder Markus","publisher":{"@id":"https:\/\/ferienchalet-wallis.ch\/#organization"},"potentialAction":[{"@type":"SearchAction","target":{"@type":"EntryPoint","urlTemplate":"https:\/\/ferienchalet-wallis.ch\/?s={search_term_string}"},"query-input":{"@type":"PropertyValueSpecification","valueRequired":true,"valueName":"search_term_string"}}],"inLanguage":"de"},{"@type":"Organization","@id":"https:\/\/ferienchalet-wallis.ch\/#organization","name":"Liegenschaftsbetreuung \/ Vermietung \u2013 M. Kranzfelder","url":"https:\/\/ferienchalet-wallis.ch\/","logo":{"@type":"ImageObject","inLanguage":"de","@id":"https:\/\/ferienchalet-wallis.ch\/#\/schema\/logo\/image\/","url":"https:\/\/ferienchalet-wallis.ch\/wp-content\/uploads\/2022\/01\/Logo_Kranzfelder.png","contentUrl":"https:\/\/ferienchalet-wallis.ch\/wp-content\/uploads\/2022\/01\/Logo_Kranzfelder.png","width":1526,"height":447,"caption":"Liegenschaftsbetreuung \/ Vermietung \u2013 M. Kranzfelder"},"image":{"@id":"https:\/\/ferienchalet-wallis.ch\/#\/schema\/logo\/image\/"}},{"@type":"Person","@id":"https:\/\/ferienchalet-wallis.ch\/#\/schema\/person\/18b3f062b0514bc953799175b9bfdd2b","name":"WalliSaar","image":{"@type":"ImageObject","inLanguage":"de","@id":"https:\/\/secure.gravatar.com\/avatar\/1be7f9468eac0e02f655be9ab758a01ae5dc72d678841cc4898d463993c78d36?s=96&d=initials&r=g&initials=ru","url":"https:\/\/secure.gravatar.com\/avatar\/1be7f9468eac0e02f655be9ab758a01ae5dc72d678841cc4898d463993c78d36?s=96&d=initials&r=g&initials=ru","contentUrl":"https:\/\/secure.gravatar.com\/avatar\/1be7f9468eac0e02f655be9ab758a01ae5dc72d678841cc4898d463993c78d36?s=96&d=initials&r=g&initials=ru","caption":"WalliSaar"},"description":"Mein Name ist Anja Ruch und ich schreibe die Blogbeitr\u00e4ge f\u00fcr das Ehepaar Markus &amp; Tabitha Kranzfelder. Der Name WalliSaar gr\u00fcndet sich auf meinen Wurzeln im Saarland und den neuen im Wallis. My name is Anja Ruch and I write the blog entries for the Markus &amp; Tabitha Kranzfelder couple. The name WalliSaar shows the connection to my old roots in Saarland and the new ones in Valais.","sameAs":["https:\/\/www.ferienchalet-wallis.ch\/blog"],"url":"https:\/\/ferienchalet-wallis.ch\/de\/author\/wallisaar\/"}]}},"_links":{"self":[{"href":"https:\/\/ferienchalet-wallis.ch\/de\/wp-json\/wp\/v2\/posts\/2968","targetHints":{"allow":["GET"]}}],"collection":[{"href":"https:\/\/ferienchalet-wallis.ch\/de\/wp-json\/wp\/v2\/posts"}],"about":[{"href":"https:\/\/ferienchalet-wallis.ch\/de\/wp-json\/wp\/v2\/types\/post"}],"author":[{"embeddable":true,"href":"https:\/\/ferienchalet-wallis.ch\/de\/wp-json\/wp\/v2\/users\/3"}],"replies":[{"embeddable":true,"href":"https:\/\/ferienchalet-wallis.ch\/de\/wp-json\/wp\/v2\/comments?post=2968"}],"version-history":[{"count":5,"href":"https:\/\/ferienchalet-wallis.ch\/de\/wp-json\/wp\/v2\/posts\/2968\/revisions"}],"predecessor-version":[{"id":2978,"href":"https:\/\/ferienchalet-wallis.ch\/de\/wp-json\/wp\/v2\/posts\/2968\/revisions\/2978"}],"wp:featuredmedia":[{"embeddable":true,"href":"https:\/\/ferienchalet-wallis.ch\/de\/wp-json\/wp\/v2\/media\/2765"}],"wp:attachment":[{"href":"https:\/\/ferienchalet-wallis.ch\/de\/wp-json\/wp\/v2\/media?parent=2968"}],"wp:term":[{"taxonomy":"category","embeddable":true,"href":"https:\/\/ferienchalet-wallis.ch\/de\/wp-json\/wp\/v2\/categories?post=2968"},{"taxonomy":"post_tag","embeddable":true,"href":"https:\/\/ferienchalet-wallis.ch\/de\/wp-json\/wp\/v2\/tags?post=2968"}],"curies":[{"name":"wp","href":"https:\/\/api.w.org\/{rel}","templated":true}]}}