{"id":2981,"date":"2026-03-09T13:37:37","date_gmt":"2026-03-09T13:37:37","guid":{"rendered":"https:\/\/ferienchalet-wallis.ch\/?p=2981"},"modified":"2026-03-09T13:51:55","modified_gmt":"2026-03-09T13:51:55","slug":"skifahren-im-maerz","status":"publish","type":"post","link":"https:\/\/ferienchalet-wallis.ch\/de\/skifahren-im-maerz\/","title":{"rendered":"Skifahren im M\u00e4rz"},"content":{"rendered":"\n<style type=\"text\/css\" data-created_by=\"avia_inline_auto\" id=\"style-css-av-mmj7mc8b-b2ffcf07b6452c9b2f2ae896fea46607\">\n#top .av-special-heading.av-mmj7mc8b-b2ffcf07b6452c9b2f2ae896fea46607{\npadding-bottom:10px;\n}\nbody .av-special-heading.av-mmj7mc8b-b2ffcf07b6452c9b2f2ae896fea46607 .av-special-heading-tag .heading-char{\nfont-size:25px;\n}\n.av-special-heading.av-mmj7mc8b-b2ffcf07b6452c9b2f2ae896fea46607 .av-subheading{\nfont-size:15px;\n}\n<\/style>\n<div  class='av-special-heading av-mmj7mc8b-b2ffcf07b6452c9b2f2ae896fea46607 av-special-heading-h2  avia-builder-el-0  el_before_av_image  avia-builder-el-first '><h2 class='av-special-heading-tag'  itemprop=\"headline\"  >Zeit f\u00fcr Firnschnee<\/h2><div class=\"special-heading-border\"><div class=\"special-heading-inner-border\"><\/div><\/div><\/div>\n\n<style type=\"text\/css\" data-created_by=\"avia_inline_auto\" id=\"style-css-av-mmj7nvof-6897aeaa157e291e97f674e4d30568f0\">\n.avia-image-container.av-mmj7nvof-6897aeaa157e291e97f674e4d30568f0 .av-image-caption-overlay-center{\ncolor:#ffffff;\n}\n<\/style>\n<div  class='avia-image-container av-mmj7nvof-6897aeaa157e291e97f674e4d30568f0 av-styling- avia-align-center  avia-builder-el-1  el_after_av_heading  el_before_av_textblock '  itemprop=\"image\" itemscope=\"itemscope\" itemtype=\"https:\/\/schema.org\/ImageObject\" ><div class=\"avia-image-container-inner\"><div class=\"avia-image-overlay-wrap\"><img decoding=\"async\" class='wp-image-2947 avia-img-lazy-loading-not-2947 avia_image' src=\"https:\/\/ferienchalet-wallis.ch\/wp-content\/uploads\/2026\/02\/Bettmeralp_Skipiste-1500x630.jpg\" alt='Skipiste Bettmeralp Aletsch Arena' title='Skipiste Bettmeralp Aletsch Arena'  height=\"630\" width=\"1500\"  itemprop=\"thumbnailUrl\"  \/><\/div><\/div><\/div>\n<section  class='av_textblock_section av-mmj7q2w4-5e943d0bb889e9762787ab419f36da18'  itemscope=\"itemscope\" itemtype=\"https:\/\/schema.org\/BlogPosting\" itemprop=\"blogPost\" ><div class='avia_textblock'  itemprop=\"text\" ><p>An was denken Sie beim Stichwort M\u00e4rz? An Fr\u00fchling, Schneegl\u00f6ckchen und Stiefel wegr\u00e4umen? Oder an Skiurlaub, viel Sonne und w\u00e4rmere Temperaturen. Das w\u00e4re Ihnen jetzt nicht in den Sinn gekommen? Also, die \u00dcbergangsjacke k\u00f6nnen Sie im M\u00e4rz auch auf 2000 m tragen. In der Sonne sitzen Sie w\u00e4rmer und Ihr Hautton ver\u00e4ndert sich in dieser H\u00f6he rasant, wenn Sie nicht aufpassen. So richtig gr\u00fcn ist sowieso noch nichts. Und die weisse Schneepracht ist heilsam f\u00fcr das Gem\u00fct.<\/p>\n<h3>Der Lenz ist auch auf 2000 m<\/h3>\n<p>Das Gute am M\u00e4rz ist: er steckt zwischen den Jahreszeiten. Nachts ist es noch recht frisch, das h\u00e4lt die Skipiste bis zum Mittag in einem guten Zustand. Und tags\u00fcber wird es schon mild, das bedeutet, nachmittags geht\u2019s ab auf die Sonnenliege. Ap\u00e9ro um 14 Uhr, wen interessiert\u2019s? Man hat schliesslich Urlaub.<\/p>\n<h3>Moderate Preise und leere Skipisten<\/h3>\n<p>Die Schweizer Sportferien sind vorbei, es ist also wie nach den Weihnachtsferien. Die Preise werden moderater. Und auch die Skipisten sind leerer, die Skih\u00fctten sind nicht \u00fcberf\u00fcllt und man hat mehr Zeit f\u00fcreinander. Endlich Platz f\u00fcr ausgiebige Carvingschw\u00fcnge oder um seine Fahrkunst zu verbessern. Alle sind entspannter unterwegs.<\/p>\n<h3>Zeit zum Feiern<\/h3>\n<p>Etwas feiern bedeutet etwas tun mit hoher Intensit\u00e4t und viel Spass. Die Jugend feiert mit einer fetten Party. Jenseits der 30 feiert man dann eher im Sinne von Erholung und den Genuss frei zu haben: Zeit zu zweit, mit dem Kleinkind, mit Freunden. Was auch immer es ist, der M\u00e4rz bietet dazu ideale Bedingungen. Jetzt ist die Zeit den Winter geb\u00fchrend zu verabschieden mit Anl\u00e4ssen zum Feiern. Am 16. Und 17. M\u00e4rz 2026 finden in der Aletsch Arena die <a href=\"https:\/\/www.aletscharena.ch\/hier-jetzt\/veranstaltung\/brack-fis-rennen-riesenslalom-damen-bettmeralp\" target=\"_blank\" rel=\"noopener\">BRACK FIS-Rennen<\/a> im Riesenslalom Damen und am 19. M\u00e4rz 2026 ist wie jedes Jahr <a href=\"https:\/\/www.aletscharena.ch\/hier-jetzt\/veranstaltung\/seppi-tag\" target=\"_blank\" rel=\"noopener\">Seppi-Tag<\/a> mit dem Skipass zum Spezialpreis von 35 CHF. Die Namenstr\u00e4ger fahren kostenlos Ski.<\/p>\n<p><em>Nimm dir Zit zum glicklich si<\/em><\/p>\n<\/div><\/section>\n<div class='flex_column av-967a45-3c8cfeac00a238a2b91f34c1f3242f76 av_one_half  avia-builder-el-3  el_after_av_textblock  avia-builder-el-last  first flex_column_div column-top-margin'   ><p><div  class='av-post-metadata-container av-7hfztx-095e71d66bfaba28fd4d6f98dd7f8eeb av-metadata-container-align-left  avia-builder-el-4  el_before_av_social_share  avia-builder-el-first  av-metadata-container-1'><div class='av-post-metadata-container-inner'><span class=\"av-post-metadata-content av-post-metadata-meta-content\"><span class=\"av-post-metadata-content av-post-metadata-author\"  itemprop=\"author\" ><span class=\"av-metadata-before av-metadata-before-author\">von<\/span><span class=\"av-post-metadata-author-link\" ><a href=\"https:\/\/ferienchalet-wallis.ch\/de\/author\/wallisaar\/\"  rel=\"author\">WalliSaar<\/a><\/span><\/span><span class=\"av-post-metadata-content av-post-metadata-separator\">\/<\/span><span class=\"av-post-metadata-content av-post-metadata-published\"><span class=\"av-post-metadata-published-date\" >M\u00e4rz 9, 2026<\/span><\/span><\/span><\/div><\/div><br \/>\n<div  class='av-social-sharing-box av-2rwdw5-66b4598569f1877be37751574ea23f98 av-social-sharing-box-circle  avia-builder-el-5  el_after_av_post_metadata  avia-builder-el-last  av-social-sharing-box-color-bg av-social-sharing-box-same-width'><div class=\"av-share-box\"><h5 class='av-share-link-description av-no-toc '>Eintrag teilen<\/h5><ul class=\"av-share-box-list noLightbox\"><li class='av-share-link av-social-link-facebook' ><a target=\"_blank\" aria-label=\"Teilen auf Facebook\" href='https:\/\/www.facebook.com\/sharer.php?u=https:\/\/ferienchalet-wallis.ch\/de\/skifahren-im-maerz\/&#038;t=Skifahren%20im%20M%C3%A4rz' aria-hidden='false' data-av_icon='\ue8f3' data-av_iconfont='entypo-fontello' title='' data-avia-related-tooltip='Teilen auf Facebook' rel=\"noopener\"><span class='avia_hidden_link_text'>Teilen auf Facebook<\/span><\/a><\/li><li class='av-share-link av-social-link-whatsapp' ><a target=\"_blank\" aria-label=\"Teilen auf WhatsApp\" href='https:\/\/api.whatsapp.com\/send?text=https:\/\/ferienchalet-wallis.ch\/de\/skifahren-im-maerz\/' aria-hidden='false' data-av_icon='\uf232' data-av_iconfont='entypo-fontello' title='' data-avia-related-tooltip='Teilen auf WhatsApp' rel=\"noopener\"><span class='avia_hidden_link_text'>Teilen auf WhatsApp<\/span><\/a><\/li><\/ul><\/div><\/div><\/p><\/div>\n","protected":false},"excerpt":{"rendered":"","protected":false},"author":3,"featured_media":2947,"comment_status":"closed","ping_status":"closed","sticky":false,"template":"","format":"standard","meta":{"footnotes":""},"categories":[28,18],"tags":[],"class_list":["post-2981","post","type-post","status-publish","format-standard","has-post-thumbnail","hentry","category-aletsch-arena","category-wintersport"],"yoast_head":"<!-- This site is optimized with the Yoast SEO plugin v27.4 - https:\/\/yoast.com\/product\/yoast-seo-wordpress\/ -->\n<title>Skifahren im M\u00e4rz - Bettmeralp und Riederalp<\/title>\n<meta name=\"description\" content=\"Skifahren im M\u00e4rz mit Sonne pur, leeren Skipisten und Events in der Aletsch Arena. Brack FIS Rennen und Seppi-Tag.\" \/>\n<meta name=\"robots\" content=\"index, follow, max-snippet:-1, max-image-preview:large, max-video-preview:-1\" \/>\n<link rel=\"canonical\" href=\"https:\/\/ferienchalet-wallis.ch\/de\/skifahren-im-maerz\/\" \/>\n<meta property=\"og:locale\" content=\"de_DE\" \/>\n<meta property=\"og:type\" content=\"article\" \/>\n<meta property=\"og:title\" content=\"Skifahren im M\u00e4rz - Bettmeralp und Riederalp\" \/>\n<meta property=\"og:description\" content=\"Skifahren im M\u00e4rz mit Sonne pur, leeren Skipisten und Events in der Aletsch Arena. Brack FIS Rennen und Seppi-Tag.\" \/>\n<meta property=\"og:url\" content=\"https:\/\/ferienchalet-wallis.ch\/de\/skifahren-im-maerz\/\" \/>\n<meta property=\"og:site_name\" content=\"Bettmeralp und Riederalp\" \/>\n<meta property=\"article:published_time\" content=\"2026-03-09T13:37:37+00:00\" \/>\n<meta property=\"article:modified_time\" content=\"2026-03-09T13:51:55+00:00\" \/>\n<meta property=\"og:image\" content=\"https:\/\/ferienchalet-wallis.ch\/wp-content\/uploads\/2026\/02\/Bettmeralp_Skipiste-1030x773.jpg\" \/>\n\t<meta property=\"og:image:width\" content=\"1030\" \/>\n\t<meta property=\"og:image:height\" content=\"773\" \/>\n\t<meta property=\"og:image:type\" content=\"image\/jpeg\" \/>\n<meta name=\"author\" content=\"WalliSaar\" \/>\n<meta name=\"twitter:card\" content=\"summary_large_image\" \/>\n<meta name=\"twitter:label1\" content=\"Verfasst von\" \/>\n\t<meta name=\"twitter:data1\" content=\"WalliSaar\" \/>\n\t<meta name=\"twitter:label2\" content=\"Gesch\u00e4tzte Lesezeit\" \/>\n\t<meta name=\"twitter:data2\" content=\"4\u00a0Minuten\" \/>\n<script type=\"application\/ld+json\" class=\"yoast-schema-graph\">{\"@context\":\"https:\\\/\\\/schema.org\",\"@graph\":[{\"@type\":\"Article\",\"@id\":\"https:\\\/\\\/ferienchalet-wallis.ch\\\/skifahren-im-maerz\\\/#article\",\"isPartOf\":{\"@id\":\"https:\\\/\\\/ferienchalet-wallis.ch\\\/skifahren-im-maerz\\\/\"},\"author\":{\"name\":\"WalliSaar\",\"@id\":\"https:\\\/\\\/ferienchalet-wallis.ch\\\/#\\\/schema\\\/person\\\/18b3f062b0514bc953799175b9bfdd2b\"},\"headline\":\"Skifahren im M\u00e4rz\",\"datePublished\":\"2026-03-09T13:37:37+00:00\",\"dateModified\":\"2026-03-09T13:51:55+00:00\",\"mainEntityOfPage\":{\"@id\":\"https:\\\/\\\/ferienchalet-wallis.ch\\\/skifahren-im-maerz\\\/\"},\"wordCount\":877,\"publisher\":{\"@id\":\"https:\\\/\\\/ferienchalet-wallis.ch\\\/#organization\"},\"image\":{\"@id\":\"https:\\\/\\\/ferienchalet-wallis.ch\\\/skifahren-im-maerz\\\/#primaryimage\"},\"thumbnailUrl\":\"https:\\\/\\\/ferienchalet-wallis.ch\\\/wp-content\\\/uploads\\\/2026\\\/02\\\/Bettmeralp_Skipiste-scaled.jpg\",\"articleSection\":[\"Aletsch Arena\",\"Wintersport\"],\"inLanguage\":\"de\"},{\"@type\":\"WebPage\",\"@id\":\"https:\\\/\\\/ferienchalet-wallis.ch\\\/skifahren-im-maerz\\\/\",\"url\":\"https:\\\/\\\/ferienchalet-wallis.ch\\\/skifahren-im-maerz\\\/\",\"name\":\"Skifahren im M\u00e4rz - Bettmeralp und Riederalp\",\"isPartOf\":{\"@id\":\"https:\\\/\\\/ferienchalet-wallis.ch\\\/#website\"},\"primaryImageOfPage\":{\"@id\":\"https:\\\/\\\/ferienchalet-wallis.ch\\\/skifahren-im-maerz\\\/#primaryimage\"},\"image\":{\"@id\":\"https:\\\/\\\/ferienchalet-wallis.ch\\\/skifahren-im-maerz\\\/#primaryimage\"},\"thumbnailUrl\":\"https:\\\/\\\/ferienchalet-wallis.ch\\\/wp-content\\\/uploads\\\/2026\\\/02\\\/Bettmeralp_Skipiste-scaled.jpg\",\"datePublished\":\"2026-03-09T13:37:37+00:00\",\"dateModified\":\"2026-03-09T13:51:55+00:00\",\"description\":\"Skifahren im M\u00e4rz mit Sonne pur, leeren Skipisten und Events in der Aletsch Arena. Brack FIS Rennen und Seppi-Tag.\",\"breadcrumb\":{\"@id\":\"https:\\\/\\\/ferienchalet-wallis.ch\\\/skifahren-im-maerz\\\/#breadcrumb\"},\"inLanguage\":\"de\",\"potentialAction\":[{\"@type\":\"ReadAction\",\"target\":[\"https:\\\/\\\/ferienchalet-wallis.ch\\\/skifahren-im-maerz\\\/\"]}]},{\"@type\":\"ImageObject\",\"inLanguage\":\"de\",\"@id\":\"https:\\\/\\\/ferienchalet-wallis.ch\\\/skifahren-im-maerz\\\/#primaryimage\",\"url\":\"https:\\\/\\\/ferienchalet-wallis.ch\\\/wp-content\\\/uploads\\\/2026\\\/02\\\/Bettmeralp_Skipiste-scaled.jpg\",\"contentUrl\":\"https:\\\/\\\/ferienchalet-wallis.ch\\\/wp-content\\\/uploads\\\/2026\\\/02\\\/Bettmeralp_Skipiste-scaled.jpg\",\"width\":2560,\"height\":1920},{\"@type\":\"BreadcrumbList\",\"@id\":\"https:\\\/\\\/ferienchalet-wallis.ch\\\/skifahren-im-maerz\\\/#breadcrumb\",\"itemListElement\":[{\"@type\":\"ListItem\",\"position\":1,\"name\":\"Home\",\"item\":\"https:\\\/\\\/ferienchalet-wallis.ch\\\/\"},{\"@type\":\"ListItem\",\"position\":2,\"name\":\"Skifahren im M\u00e4rz\"}]},{\"@type\":\"WebSite\",\"@id\":\"https:\\\/\\\/ferienchalet-wallis.ch\\\/#website\",\"url\":\"https:\\\/\\\/ferienchalet-wallis.ch\\\/\",\"name\":\"Bettmeralp und Riederalp\",\"description\":\"Kranzfelder Markus\",\"publisher\":{\"@id\":\"https:\\\/\\\/ferienchalet-wallis.ch\\\/#organization\"},\"potentialAction\":[{\"@type\":\"SearchAction\",\"target\":{\"@type\":\"EntryPoint\",\"urlTemplate\":\"https:\\\/\\\/ferienchalet-wallis.ch\\\/?s={search_term_string}\"},\"query-input\":{\"@type\":\"PropertyValueSpecification\",\"valueRequired\":true,\"valueName\":\"search_term_string\"}}],\"inLanguage\":\"de\"},{\"@type\":\"Organization\",\"@id\":\"https:\\\/\\\/ferienchalet-wallis.ch\\\/#organization\",\"name\":\"Liegenschaftsbetreuung \\\/ Vermietung \u2013 M. Kranzfelder\",\"url\":\"https:\\\/\\\/ferienchalet-wallis.ch\\\/\",\"logo\":{\"@type\":\"ImageObject\",\"inLanguage\":\"de\",\"@id\":\"https:\\\/\\\/ferienchalet-wallis.ch\\\/#\\\/schema\\\/logo\\\/image\\\/\",\"url\":\"https:\\\/\\\/ferienchalet-wallis.ch\\\/wp-content\\\/uploads\\\/2022\\\/01\\\/Logo_Kranzfelder.png\",\"contentUrl\":\"https:\\\/\\\/ferienchalet-wallis.ch\\\/wp-content\\\/uploads\\\/2022\\\/01\\\/Logo_Kranzfelder.png\",\"width\":1526,\"height\":447,\"caption\":\"Liegenschaftsbetreuung \\\/ Vermietung \u2013 M. Kranzfelder\"},\"image\":{\"@id\":\"https:\\\/\\\/ferienchalet-wallis.ch\\\/#\\\/schema\\\/logo\\\/image\\\/\"}},{\"@type\":\"Person\",\"@id\":\"https:\\\/\\\/ferienchalet-wallis.ch\\\/#\\\/schema\\\/person\\\/18b3f062b0514bc953799175b9bfdd2b\",\"name\":\"WalliSaar\",\"image\":{\"@type\":\"ImageObject\",\"inLanguage\":\"de\",\"@id\":\"https:\\\/\\\/secure.gravatar.com\\\/avatar\\\/1be7f9468eac0e02f655be9ab758a01ae5dc72d678841cc4898d463993c78d36?s=96&d=initials&r=g&initials=ru\",\"url\":\"https:\\\/\\\/secure.gravatar.com\\\/avatar\\\/1be7f9468eac0e02f655be9ab758a01ae5dc72d678841cc4898d463993c78d36?s=96&d=initials&r=g&initials=ru\",\"contentUrl\":\"https:\\\/\\\/secure.gravatar.com\\\/avatar\\\/1be7f9468eac0e02f655be9ab758a01ae5dc72d678841cc4898d463993c78d36?s=96&d=initials&r=g&initials=ru\",\"caption\":\"WalliSaar\"},\"description\":\"Mein Name ist Anja Ruch und ich schreibe die Blogbeitr\u00e4ge f\u00fcr das Ehepaar Markus &amp; Tabitha Kranzfelder. Der Name WalliSaar gr\u00fcndet sich auf meinen Wurzeln im Saarland und den neuen im Wallis. My name is Anja Ruch and I write the blog entries for the Markus &amp; Tabitha Kranzfelder couple. The name WalliSaar shows the connection to my old roots in Saarland and the new ones in Valais.\",\"sameAs\":[\"https:\\\/\\\/www.ferienchalet-wallis.ch\\\/blog\"],\"url\":\"https:\\\/\\\/ferienchalet-wallis.ch\\\/de\\\/author\\\/wallisaar\\\/\"}]}<\/script>\n<!-- \/ Yoast SEO plugin. -->","yoast_head_json":{"title":"Skifahren im M\u00e4rz - Bettmeralp und Riederalp","description":"Skifahren im M\u00e4rz mit Sonne pur, leeren Skipisten und Events in der Aletsch Arena. Brack FIS Rennen und Seppi-Tag.","robots":{"index":"index","follow":"follow","max-snippet":"max-snippet:-1","max-image-preview":"max-image-preview:large","max-video-preview":"max-video-preview:-1"},"canonical":"https:\/\/ferienchalet-wallis.ch\/de\/skifahren-im-maerz\/","og_locale":"de_DE","og_type":"article","og_title":"Skifahren im M\u00e4rz - Bettmeralp und Riederalp","og_description":"Skifahren im M\u00e4rz mit Sonne pur, leeren Skipisten und Events in der Aletsch Arena. Brack FIS Rennen und Seppi-Tag.","og_url":"https:\/\/ferienchalet-wallis.ch\/de\/skifahren-im-maerz\/","og_site_name":"Bettmeralp und Riederalp","article_published_time":"2026-03-09T13:37:37+00:00","article_modified_time":"2026-03-09T13:51:55+00:00","og_image":[{"width":1030,"height":773,"url":"https:\/\/ferienchalet-wallis.ch\/wp-content\/uploads\/2026\/02\/Bettmeralp_Skipiste-1030x773.jpg","type":"image\/jpeg"}],"author":"WalliSaar","twitter_card":"summary_large_image","twitter_misc":{"Verfasst von":"WalliSaar","Gesch\u00e4tzte Lesezeit":"4\u00a0Minuten"},"schema":{"@context":"https:\/\/schema.org","@graph":[{"@type":"Article","@id":"https:\/\/ferienchalet-wallis.ch\/skifahren-im-maerz\/#article","isPartOf":{"@id":"https:\/\/ferienchalet-wallis.ch\/skifahren-im-maerz\/"},"author":{"name":"WalliSaar","@id":"https:\/\/ferienchalet-wallis.ch\/#\/schema\/person\/18b3f062b0514bc953799175b9bfdd2b"},"headline":"Skifahren im M\u00e4rz","datePublished":"2026-03-09T13:37:37+00:00","dateModified":"2026-03-09T13:51:55+00:00","mainEntityOfPage":{"@id":"https:\/\/ferienchalet-wallis.ch\/skifahren-im-maerz\/"},"wordCount":877,"publisher":{"@id":"https:\/\/ferienchalet-wallis.ch\/#organization"},"image":{"@id":"https:\/\/ferienchalet-wallis.ch\/skifahren-im-maerz\/#primaryimage"},"thumbnailUrl":"https:\/\/ferienchalet-wallis.ch\/wp-content\/uploads\/2026\/02\/Bettmeralp_Skipiste-scaled.jpg","articleSection":["Aletsch Arena","Wintersport"],"inLanguage":"de"},{"@type":"WebPage","@id":"https:\/\/ferienchalet-wallis.ch\/skifahren-im-maerz\/","url":"https:\/\/ferienchalet-wallis.ch\/skifahren-im-maerz\/","name":"Skifahren im M\u00e4rz - Bettmeralp und Riederalp","isPartOf":{"@id":"https:\/\/ferienchalet-wallis.ch\/#website"},"primaryImageOfPage":{"@id":"https:\/\/ferienchalet-wallis.ch\/skifahren-im-maerz\/#primaryimage"},"image":{"@id":"https:\/\/ferienchalet-wallis.ch\/skifahren-im-maerz\/#primaryimage"},"thumbnailUrl":"https:\/\/ferienchalet-wallis.ch\/wp-content\/uploads\/2026\/02\/Bettmeralp_Skipiste-scaled.jpg","datePublished":"2026-03-09T13:37:37+00:00","dateModified":"2026-03-09T13:51:55+00:00","description":"Skifahren im M\u00e4rz mit Sonne pur, leeren Skipisten und Events in der Aletsch Arena. Brack FIS Rennen und Seppi-Tag.","breadcrumb":{"@id":"https:\/\/ferienchalet-wallis.ch\/skifahren-im-maerz\/#breadcrumb"},"inLanguage":"de","potentialAction":[{"@type":"ReadAction","target":["https:\/\/ferienchalet-wallis.ch\/skifahren-im-maerz\/"]}]},{"@type":"ImageObject","inLanguage":"de","@id":"https:\/\/ferienchalet-wallis.ch\/skifahren-im-maerz\/#primaryimage","url":"https:\/\/ferienchalet-wallis.ch\/wp-content\/uploads\/2026\/02\/Bettmeralp_Skipiste-scaled.jpg","contentUrl":"https:\/\/ferienchalet-wallis.ch\/wp-content\/uploads\/2026\/02\/Bettmeralp_Skipiste-scaled.jpg","width":2560,"height":1920},{"@type":"BreadcrumbList","@id":"https:\/\/ferienchalet-wallis.ch\/skifahren-im-maerz\/#breadcrumb","itemListElement":[{"@type":"ListItem","position":1,"name":"Home","item":"https:\/\/ferienchalet-wallis.ch\/"},{"@type":"ListItem","position":2,"name":"Skifahren im M\u00e4rz"}]},{"@type":"WebSite","@id":"https:\/\/ferienchalet-wallis.ch\/#website","url":"https:\/\/ferienchalet-wallis.ch\/","name":"Bettmeralp und Riederalp","description":"Kranzfelder Markus","publisher":{"@id":"https:\/\/ferienchalet-wallis.ch\/#organization"},"potentialAction":[{"@type":"SearchAction","target":{"@type":"EntryPoint","urlTemplate":"https:\/\/ferienchalet-wallis.ch\/?s={search_term_string}"},"query-input":{"@type":"PropertyValueSpecification","valueRequired":true,"valueName":"search_term_string"}}],"inLanguage":"de"},{"@type":"Organization","@id":"https:\/\/ferienchalet-wallis.ch\/#organization","name":"Liegenschaftsbetreuung \/ Vermietung \u2013 M. Kranzfelder","url":"https:\/\/ferienchalet-wallis.ch\/","logo":{"@type":"ImageObject","inLanguage":"de","@id":"https:\/\/ferienchalet-wallis.ch\/#\/schema\/logo\/image\/","url":"https:\/\/ferienchalet-wallis.ch\/wp-content\/uploads\/2022\/01\/Logo_Kranzfelder.png","contentUrl":"https:\/\/ferienchalet-wallis.ch\/wp-content\/uploads\/2022\/01\/Logo_Kranzfelder.png","width":1526,"height":447,"caption":"Liegenschaftsbetreuung \/ Vermietung \u2013 M. Kranzfelder"},"image":{"@id":"https:\/\/ferienchalet-wallis.ch\/#\/schema\/logo\/image\/"}},{"@type":"Person","@id":"https:\/\/ferienchalet-wallis.ch\/#\/schema\/person\/18b3f062b0514bc953799175b9bfdd2b","name":"WalliSaar","image":{"@type":"ImageObject","inLanguage":"de","@id":"https:\/\/secure.gravatar.com\/avatar\/1be7f9468eac0e02f655be9ab758a01ae5dc72d678841cc4898d463993c78d36?s=96&d=initials&r=g&initials=ru","url":"https:\/\/secure.gravatar.com\/avatar\/1be7f9468eac0e02f655be9ab758a01ae5dc72d678841cc4898d463993c78d36?s=96&d=initials&r=g&initials=ru","contentUrl":"https:\/\/secure.gravatar.com\/avatar\/1be7f9468eac0e02f655be9ab758a01ae5dc72d678841cc4898d463993c78d36?s=96&d=initials&r=g&initials=ru","caption":"WalliSaar"},"description":"Mein Name ist Anja Ruch und ich schreibe die Blogbeitr\u00e4ge f\u00fcr das Ehepaar Markus &amp; Tabitha Kranzfelder. Der Name WalliSaar gr\u00fcndet sich auf meinen Wurzeln im Saarland und den neuen im Wallis. My name is Anja Ruch and I write the blog entries for the Markus &amp; Tabitha Kranzfelder couple. The name WalliSaar shows the connection to my old roots in Saarland and the new ones in Valais.","sameAs":["https:\/\/www.ferienchalet-wallis.ch\/blog"],"url":"https:\/\/ferienchalet-wallis.ch\/de\/author\/wallisaar\/"}]}},"_links":{"self":[{"href":"https:\/\/ferienchalet-wallis.ch\/de\/wp-json\/wp\/v2\/posts\/2981","targetHints":{"allow":["GET"]}}],"collection":[{"href":"https:\/\/ferienchalet-wallis.ch\/de\/wp-json\/wp\/v2\/posts"}],"about":[{"href":"https:\/\/ferienchalet-wallis.ch\/de\/wp-json\/wp\/v2\/types\/post"}],"author":[{"embeddable":true,"href":"https:\/\/ferienchalet-wallis.ch\/de\/wp-json\/wp\/v2\/users\/3"}],"replies":[{"embeddable":true,"href":"https:\/\/ferienchalet-wallis.ch\/de\/wp-json\/wp\/v2\/comments?post=2981"}],"version-history":[{"count":4,"href":"https:\/\/ferienchalet-wallis.ch\/de\/wp-json\/wp\/v2\/posts\/2981\/revisions"}],"predecessor-version":[{"id":2985,"href":"https:\/\/ferienchalet-wallis.ch\/de\/wp-json\/wp\/v2\/posts\/2981\/revisions\/2985"}],"wp:featuredmedia":[{"embeddable":true,"href":"https:\/\/ferienchalet-wallis.ch\/de\/wp-json\/wp\/v2\/media\/2947"}],"wp:attachment":[{"href":"https:\/\/ferienchalet-wallis.ch\/de\/wp-json\/wp\/v2\/media?parent=2981"}],"wp:term":[{"taxonomy":"category","embeddable":true,"href":"https:\/\/ferienchalet-wallis.ch\/de\/wp-json\/wp\/v2\/categories?post=2981"},{"taxonomy":"post_tag","embeddable":true,"href":"https:\/\/ferienchalet-wallis.ch\/de\/wp-json\/wp\/v2\/tags?post=2981"}],"curies":[{"name":"wp","href":"https:\/\/api.w.org\/{rel}","templated":true}]}}