{"id":1022,"date":"2022-10-11T06:54:20","date_gmt":"2022-10-11T06:54:20","guid":{"rendered":"https:\/\/ferienchalet-wallis.ch\/?p=1022"},"modified":"2023-07-04T13:16:29","modified_gmt":"2023-07-04T13:16:29","slug":"weisse-wochen-auf-riederalp-und-bettmeralp","status":"publish","type":"post","link":"https:\/\/ferienchalet-wallis.ch\/en\/weisse-wochen-auf-riederalp-und-bettmeralp\/","title":{"rendered":"White weeks on Riederalp and Bettmeralp are tiptop!"},"content":{"rendered":"<style type=\"text\/css\" data-created_by=\"avia_inline_auto\" id=\"style-css-av-ljobd5o0-b7945e08b68e2b55762f94f15a1ecefc\">\n#top .av-special-heading.av-ljobd5o0-b7945e08b68e2b55762f94f15a1ecefc{\npadding-bottom:10px;\n}\nbody .av-special-heading.av-ljobd5o0-b7945e08b68e2b55762f94f15a1ecefc .av-special-heading-tag .heading-char{\nfont-size:25px;\n}\n.av-special-heading.av-ljobd5o0-b7945e08b68e2b55762f94f15a1ecefc .av-subheading{\nfont-size:15px;\n}\n<\/style>\n<div  class='av-special-heading av-ljobd5o0-b7945e08b68e2b55762f94f15a1ecefc av-special-heading-h2  avia-builder-el-0  el_before_av_textblock  avia-builder-el-first'><h2 class='av-special-heading-tag'  itemprop=\"headline\"  >Spezielle Preise zwischen Januar und M\u00e4rz<\/h2><div class=\"special-heading-border\"><div class=\"special-heading-inner-border\"><\/div><\/div><\/div>\n<section  class='av_textblock_section av-l76aarnm-7cf60ae9a01cbbdbb927005c800de41d'  itemscope=\"itemscope\" itemtype=\"https:\/\/schema.org\/BlogPosting\" itemprop=\"blogPost\" ><div class='avia_textblock'  itemprop=\"text\" ><p><strong>Skiing, snowboarding, cross-country skiing and winter hiking<\/strong><\/p>\n<p>White weeks - that means snow as far as the eye can see, pure sunshine, dream views and an aperitif in a mountain hut. Accommodation providers in the Aletsch ski area offer seven-day holidays in the snow at particularly favourable conditions. Depending on the offer, included services include a discounted ski pass, ski courses, or discounts in sports shops and paragliding schools, or even an aperitif in a mountain hut.<\/p>\n<p>White weeks in the ski region of Riederalp and Bettmeralp always take place in January and March. So start looking for a holiday flat for 2023. Or call us right away. Tel. +41 27 927 30 25 or mobile no. <a href=\"tel:+41 79 310 15 57\">+41 79 310 15 57<\/a><\/p>\n<\/div><\/section>\n<div  class='avia-button-wrap avia-button-center  avia-builder-el-2  el_after_av_textblock  avia-builder-el-last' ><a href='https:\/\/ferienchalet-wallis.ch\/en\/fewo\/wohnung\/'  class='avia-button av-9dczm-0b3a404b01e2da68c4d94b1df6f2004a avia-icon_select-no avia-size-x-large avia-position-center avia-color-theme-color'  target=\"_blank\"  rel=\"noopener noreferrer\"><span class='avia_iconbox_title' >Search and book a flat<\/span><\/a><\/div>","protected":false},"excerpt":{"rendered":"","protected":false},"author":3,"featured_media":432,"comment_status":"closed","ping_status":"closed","sticky":false,"template":"","format":"standard","meta":{"footnotes":""},"categories":[6,8,7],"tags":[],"class_list":["post-1022","post","type-post","status-publish","format-standard","has-post-thumbnail","hentry","category-aletsch","category-bettmeralp","category-riederalp"],"yoast_head":"<!-- This site is optimized with the Yoast SEO plugin v27.4 - https:\/\/yoast.com\/product\/yoast-seo-wordpress\/ -->\n<title>Weisse Wochen auf Riederalp und Bettmeralp sind tiptop! - Bettmeralp und Riederalp<\/title>\n<meta name=\"description\" content=\"Unterkunftsbetriebe im Skigebiet vom Aletsch bieten sieben Tage Ferien im Schnee zu besonders vorteilhaften Bedingungen an. Rufen Sie uns an. Wir helfen weiter!\" \/>\n<meta name=\"robots\" content=\"index, follow, max-snippet:-1, max-image-preview:large, max-video-preview:-1\" \/>\n<link rel=\"canonical\" href=\"https:\/\/ferienchalet-wallis.ch\/en\/weisse-wochen-auf-riederalp-und-bettmeralp\/\" \/>\n<meta property=\"og:locale\" content=\"en_GB\" \/>\n<meta property=\"og:type\" content=\"article\" \/>\n<meta property=\"og:title\" content=\"Weisse Wochen auf Riederalp und Bettmeralp sind tiptop! - Bettmeralp und Riederalp\" \/>\n<meta property=\"og:description\" content=\"Unterkunftsbetriebe im Skigebiet vom Aletsch bieten sieben Tage Ferien im Schnee zu besonders vorteilhaften Bedingungen an. Rufen Sie uns an. Wir helfen weiter!\" \/>\n<meta property=\"og:url\" content=\"https:\/\/ferienchalet-wallis.ch\/en\/weisse-wochen-auf-riederalp-und-bettmeralp\/\" \/>\n<meta property=\"og:site_name\" content=\"Bettmeralp und Riederalp\" \/>\n<meta property=\"article:published_time\" content=\"2022-10-11T06:54:20+00:00\" \/>\n<meta property=\"article:modified_time\" content=\"2023-07-04T13:16:29+00:00\" \/>\n<meta property=\"og:image\" content=\"https:\/\/ferienchalet-wallis.ch\/wp-content\/uploads\/2022\/04\/Winterbild-Naehe-Riederalp_org.2012-01-26_1560-1030x684.jpg\" \/>\n\t<meta property=\"og:image:width\" content=\"1030\" \/>\n\t<meta property=\"og:image:height\" content=\"684\" \/>\n\t<meta property=\"og:image:type\" content=\"image\/jpeg\" \/>\n<meta name=\"author\" content=\"WalliSaar\" \/>\n<meta name=\"twitter:card\" content=\"summary_large_image\" \/>\n<meta name=\"twitter:label1\" content=\"Written by\" \/>\n\t<meta name=\"twitter:data1\" content=\"WalliSaar\" \/>\n\t<meta name=\"twitter:label2\" content=\"Estimated reading time\" \/>\n\t<meta name=\"twitter:data2\" content=\"2 minutes\" \/>\n<script type=\"application\/ld+json\" class=\"yoast-schema-graph\">{\"@context\":\"https:\\\/\\\/schema.org\",\"@graph\":[{\"@type\":\"Article\",\"@id\":\"https:\\\/\\\/ferienchalet-wallis.ch\\\/de\\\/weisse-wochen-auf-riederalp-und-bettmeralp\\\/#article\",\"isPartOf\":{\"@id\":\"https:\\\/\\\/ferienchalet-wallis.ch\\\/de\\\/weisse-wochen-auf-riederalp-und-bettmeralp\\\/\"},\"author\":{\"name\":\"WalliSaar\",\"@id\":\"https:\\\/\\\/ferienchalet-wallis.ch\\\/#\\\/schema\\\/person\\\/18b3f062b0514bc953799175b9bfdd2b\"},\"headline\":\"Weisse Wochen auf Riederalp und Bettmeralp sind tiptop!\",\"datePublished\":\"2022-10-11T06:54:20+00:00\",\"dateModified\":\"2023-07-04T13:16:29+00:00\",\"mainEntityOfPage\":{\"@id\":\"https:\\\/\\\/ferienchalet-wallis.ch\\\/de\\\/weisse-wochen-auf-riederalp-und-bettmeralp\\\/\"},\"wordCount\":378,\"publisher\":{\"@id\":\"https:\\\/\\\/ferienchalet-wallis.ch\\\/#organization\"},\"image\":{\"@id\":\"https:\\\/\\\/ferienchalet-wallis.ch\\\/de\\\/weisse-wochen-auf-riederalp-und-bettmeralp\\\/#primaryimage\"},\"thumbnailUrl\":\"https:\\\/\\\/ferienchalet-wallis.ch\\\/wp-content\\\/uploads\\\/2022\\\/04\\\/Winterbild-Naehe-Riederalp_org.2012-01-26_1560-scaled.jpg\",\"articleSection\":[\"Aletsch\",\"Bettmeralp\",\"Riederalp\"],\"inLanguage\":\"en-GB\"},{\"@type\":\"WebPage\",\"@id\":\"https:\\\/\\\/ferienchalet-wallis.ch\\\/de\\\/weisse-wochen-auf-riederalp-und-bettmeralp\\\/\",\"url\":\"https:\\\/\\\/ferienchalet-wallis.ch\\\/de\\\/weisse-wochen-auf-riederalp-und-bettmeralp\\\/\",\"name\":\"Weisse Wochen auf Riederalp und Bettmeralp sind tiptop! - Bettmeralp und Riederalp\",\"isPartOf\":{\"@id\":\"https:\\\/\\\/ferienchalet-wallis.ch\\\/#website\"},\"primaryImageOfPage\":{\"@id\":\"https:\\\/\\\/ferienchalet-wallis.ch\\\/de\\\/weisse-wochen-auf-riederalp-und-bettmeralp\\\/#primaryimage\"},\"image\":{\"@id\":\"https:\\\/\\\/ferienchalet-wallis.ch\\\/de\\\/weisse-wochen-auf-riederalp-und-bettmeralp\\\/#primaryimage\"},\"thumbnailUrl\":\"https:\\\/\\\/ferienchalet-wallis.ch\\\/wp-content\\\/uploads\\\/2022\\\/04\\\/Winterbild-Naehe-Riederalp_org.2012-01-26_1560-scaled.jpg\",\"datePublished\":\"2022-10-11T06:54:20+00:00\",\"dateModified\":\"2023-07-04T13:16:29+00:00\",\"description\":\"Unterkunftsbetriebe im Skigebiet vom Aletsch bieten sieben Tage Ferien im Schnee zu besonders vorteilhaften Bedingungen an. Rufen Sie uns an. Wir helfen weiter!\",\"breadcrumb\":{\"@id\":\"https:\\\/\\\/ferienchalet-wallis.ch\\\/de\\\/weisse-wochen-auf-riederalp-und-bettmeralp\\\/#breadcrumb\"},\"inLanguage\":\"en-GB\",\"potentialAction\":[{\"@type\":\"ReadAction\",\"target\":[\"https:\\\/\\\/ferienchalet-wallis.ch\\\/de\\\/weisse-wochen-auf-riederalp-und-bettmeralp\\\/\"]}]},{\"@type\":\"ImageObject\",\"inLanguage\":\"en-GB\",\"@id\":\"https:\\\/\\\/ferienchalet-wallis.ch\\\/de\\\/weisse-wochen-auf-riederalp-und-bettmeralp\\\/#primaryimage\",\"url\":\"https:\\\/\\\/ferienchalet-wallis.ch\\\/wp-content\\\/uploads\\\/2022\\\/04\\\/Winterbild-Naehe-Riederalp_org.2012-01-26_1560-scaled.jpg\",\"contentUrl\":\"https:\\\/\\\/ferienchalet-wallis.ch\\\/wp-content\\\/uploads\\\/2022\\\/04\\\/Winterbild-Naehe-Riederalp_org.2012-01-26_1560-scaled.jpg\",\"width\":2560,\"height\":1700,\"caption\":\"Winterwanderweg zwischen Bettmeralp und Riederalp\"},{\"@type\":\"BreadcrumbList\",\"@id\":\"https:\\\/\\\/ferienchalet-wallis.ch\\\/de\\\/weisse-wochen-auf-riederalp-und-bettmeralp\\\/#breadcrumb\",\"itemListElement\":[{\"@type\":\"ListItem\",\"position\":1,\"name\":\"Home\",\"item\":\"https:\\\/\\\/ferienchalet-wallis.ch\\\/\"},{\"@type\":\"ListItem\",\"position\":2,\"name\":\"Weisse Wochen auf Riederalp und Bettmeralp sind tiptop!\"}]},{\"@type\":\"WebSite\",\"@id\":\"https:\\\/\\\/ferienchalet-wallis.ch\\\/#website\",\"url\":\"https:\\\/\\\/ferienchalet-wallis.ch\\\/\",\"name\":\"Bettmeralp und Riederalp\",\"description\":\"Kranzfelder Markus\",\"publisher\":{\"@id\":\"https:\\\/\\\/ferienchalet-wallis.ch\\\/#organization\"},\"potentialAction\":[{\"@type\":\"SearchAction\",\"target\":{\"@type\":\"EntryPoint\",\"urlTemplate\":\"https:\\\/\\\/ferienchalet-wallis.ch\\\/?s={search_term_string}\"},\"query-input\":{\"@type\":\"PropertyValueSpecification\",\"valueRequired\":true,\"valueName\":\"search_term_string\"}}],\"inLanguage\":\"en-GB\"},{\"@type\":\"Organization\",\"@id\":\"https:\\\/\\\/ferienchalet-wallis.ch\\\/#organization\",\"name\":\"Liegenschaftsbetreuung \\\/ Vermietung \u2013 M. Kranzfelder\",\"url\":\"https:\\\/\\\/ferienchalet-wallis.ch\\\/\",\"logo\":{\"@type\":\"ImageObject\",\"inLanguage\":\"en-GB\",\"@id\":\"https:\\\/\\\/ferienchalet-wallis.ch\\\/#\\\/schema\\\/logo\\\/image\\\/\",\"url\":\"https:\\\/\\\/ferienchalet-wallis.ch\\\/wp-content\\\/uploads\\\/2022\\\/01\\\/Logo_Kranzfelder.png\",\"contentUrl\":\"https:\\\/\\\/ferienchalet-wallis.ch\\\/wp-content\\\/uploads\\\/2022\\\/01\\\/Logo_Kranzfelder.png\",\"width\":1526,\"height\":447,\"caption\":\"Liegenschaftsbetreuung \\\/ Vermietung \u2013 M. Kranzfelder\"},\"image\":{\"@id\":\"https:\\\/\\\/ferienchalet-wallis.ch\\\/#\\\/schema\\\/logo\\\/image\\\/\"}},{\"@type\":\"Person\",\"@id\":\"https:\\\/\\\/ferienchalet-wallis.ch\\\/#\\\/schema\\\/person\\\/18b3f062b0514bc953799175b9bfdd2b\",\"name\":\"WalliSaar\",\"image\":{\"@type\":\"ImageObject\",\"inLanguage\":\"en-GB\",\"@id\":\"https:\\\/\\\/secure.gravatar.com\\\/avatar\\\/1be7f9468eac0e02f655be9ab758a01ae5dc72d678841cc4898d463993c78d36?s=96&d=initials&r=g&initials=ru\",\"url\":\"https:\\\/\\\/secure.gravatar.com\\\/avatar\\\/1be7f9468eac0e02f655be9ab758a01ae5dc72d678841cc4898d463993c78d36?s=96&d=initials&r=g&initials=ru\",\"contentUrl\":\"https:\\\/\\\/secure.gravatar.com\\\/avatar\\\/1be7f9468eac0e02f655be9ab758a01ae5dc72d678841cc4898d463993c78d36?s=96&d=initials&r=g&initials=ru\",\"caption\":\"WalliSaar\"},\"description\":\"Mein Name ist Anja Ruch und ich schreibe die Blogbeitr\u00e4ge f\u00fcr das Ehepaar Markus &amp; Tabitha Kranzfelder. Der Name WalliSaar gr\u00fcndet sich auf meinen Wurzeln im Saarland und den neuen im Wallis. My name is Anja Ruch and I write the blog entries for the Markus &amp; Tabitha Kranzfelder couple. The name WalliSaar shows the connection to my old roots in Saarland and the new ones in Valais.\",\"sameAs\":[\"https:\\\/\\\/www.ferienchalet-wallis.ch\\\/blog\"],\"url\":\"https:\\\/\\\/ferienchalet-wallis.ch\\\/en\\\/author\\\/wallisaar\\\/\"}]}<\/script>\n<!-- \/ Yoast SEO plugin. -->","yoast_head_json":{"title":"Weisse Wochen auf Riederalp und Bettmeralp sind tiptop! - Bettmeralp und Riederalp","description":"Unterkunftsbetriebe im Skigebiet vom Aletsch bieten sieben Tage Ferien im Schnee zu besonders vorteilhaften Bedingungen an. Rufen Sie uns an. Wir helfen weiter!","robots":{"index":"index","follow":"follow","max-snippet":"max-snippet:-1","max-image-preview":"max-image-preview:large","max-video-preview":"max-video-preview:-1"},"canonical":"https:\/\/ferienchalet-wallis.ch\/en\/weisse-wochen-auf-riederalp-und-bettmeralp\/","og_locale":"en_GB","og_type":"article","og_title":"Weisse Wochen auf Riederalp und Bettmeralp sind tiptop! - Bettmeralp und Riederalp","og_description":"Unterkunftsbetriebe im Skigebiet vom Aletsch bieten sieben Tage Ferien im Schnee zu besonders vorteilhaften Bedingungen an. Rufen Sie uns an. Wir helfen weiter!","og_url":"https:\/\/ferienchalet-wallis.ch\/en\/weisse-wochen-auf-riederalp-und-bettmeralp\/","og_site_name":"Bettmeralp und Riederalp","article_published_time":"2022-10-11T06:54:20+00:00","article_modified_time":"2023-07-04T13:16:29+00:00","og_image":[{"width":1030,"height":684,"url":"https:\/\/ferienchalet-wallis.ch\/wp-content\/uploads\/2022\/04\/Winterbild-Naehe-Riederalp_org.2012-01-26_1560-1030x684.jpg","type":"image\/jpeg"}],"author":"WalliSaar","twitter_card":"summary_large_image","twitter_misc":{"Written by":"WalliSaar","Estimated reading time":"2 minutes"},"schema":{"@context":"https:\/\/schema.org","@graph":[{"@type":"Article","@id":"https:\/\/ferienchalet-wallis.ch\/de\/weisse-wochen-auf-riederalp-und-bettmeralp\/#article","isPartOf":{"@id":"https:\/\/ferienchalet-wallis.ch\/de\/weisse-wochen-auf-riederalp-und-bettmeralp\/"},"author":{"name":"WalliSaar","@id":"https:\/\/ferienchalet-wallis.ch\/#\/schema\/person\/18b3f062b0514bc953799175b9bfdd2b"},"headline":"Weisse Wochen auf Riederalp und Bettmeralp sind tiptop!","datePublished":"2022-10-11T06:54:20+00:00","dateModified":"2023-07-04T13:16:29+00:00","mainEntityOfPage":{"@id":"https:\/\/ferienchalet-wallis.ch\/de\/weisse-wochen-auf-riederalp-und-bettmeralp\/"},"wordCount":378,"publisher":{"@id":"https:\/\/ferienchalet-wallis.ch\/#organization"},"image":{"@id":"https:\/\/ferienchalet-wallis.ch\/de\/weisse-wochen-auf-riederalp-und-bettmeralp\/#primaryimage"},"thumbnailUrl":"https:\/\/ferienchalet-wallis.ch\/wp-content\/uploads\/2022\/04\/Winterbild-Naehe-Riederalp_org.2012-01-26_1560-scaled.jpg","articleSection":["Aletsch","Bettmeralp","Riederalp"],"inLanguage":"en-GB"},{"@type":"WebPage","@id":"https:\/\/ferienchalet-wallis.ch\/de\/weisse-wochen-auf-riederalp-und-bettmeralp\/","url":"https:\/\/ferienchalet-wallis.ch\/de\/weisse-wochen-auf-riederalp-und-bettmeralp\/","name":"Weisse Wochen auf Riederalp und Bettmeralp sind tiptop! - Bettmeralp und Riederalp","isPartOf":{"@id":"https:\/\/ferienchalet-wallis.ch\/#website"},"primaryImageOfPage":{"@id":"https:\/\/ferienchalet-wallis.ch\/de\/weisse-wochen-auf-riederalp-und-bettmeralp\/#primaryimage"},"image":{"@id":"https:\/\/ferienchalet-wallis.ch\/de\/weisse-wochen-auf-riederalp-und-bettmeralp\/#primaryimage"},"thumbnailUrl":"https:\/\/ferienchalet-wallis.ch\/wp-content\/uploads\/2022\/04\/Winterbild-Naehe-Riederalp_org.2012-01-26_1560-scaled.jpg","datePublished":"2022-10-11T06:54:20+00:00","dateModified":"2023-07-04T13:16:29+00:00","description":"Unterkunftsbetriebe im Skigebiet vom Aletsch bieten sieben Tage Ferien im Schnee zu besonders vorteilhaften Bedingungen an. Rufen Sie uns an. Wir helfen weiter!","breadcrumb":{"@id":"https:\/\/ferienchalet-wallis.ch\/de\/weisse-wochen-auf-riederalp-und-bettmeralp\/#breadcrumb"},"inLanguage":"en-GB","potentialAction":[{"@type":"ReadAction","target":["https:\/\/ferienchalet-wallis.ch\/de\/weisse-wochen-auf-riederalp-und-bettmeralp\/"]}]},{"@type":"ImageObject","inLanguage":"en-GB","@id":"https:\/\/ferienchalet-wallis.ch\/de\/weisse-wochen-auf-riederalp-und-bettmeralp\/#primaryimage","url":"https:\/\/ferienchalet-wallis.ch\/wp-content\/uploads\/2022\/04\/Winterbild-Naehe-Riederalp_org.2012-01-26_1560-scaled.jpg","contentUrl":"https:\/\/ferienchalet-wallis.ch\/wp-content\/uploads\/2022\/04\/Winterbild-Naehe-Riederalp_org.2012-01-26_1560-scaled.jpg","width":2560,"height":1700,"caption":"Winterwanderweg zwischen Bettmeralp und Riederalp"},{"@type":"BreadcrumbList","@id":"https:\/\/ferienchalet-wallis.ch\/de\/weisse-wochen-auf-riederalp-und-bettmeralp\/#breadcrumb","itemListElement":[{"@type":"ListItem","position":1,"name":"Home","item":"https:\/\/ferienchalet-wallis.ch\/"},{"@type":"ListItem","position":2,"name":"Weisse Wochen auf Riederalp und Bettmeralp sind tiptop!"}]},{"@type":"WebSite","@id":"https:\/\/ferienchalet-wallis.ch\/#website","url":"https:\/\/ferienchalet-wallis.ch\/","name":"Bettmeralp and Riederalp","description":"Kranzfelder Markus","publisher":{"@id":"https:\/\/ferienchalet-wallis.ch\/#organization"},"potentialAction":[{"@type":"SearchAction","target":{"@type":"EntryPoint","urlTemplate":"https:\/\/ferienchalet-wallis.ch\/?s={search_term_string}"},"query-input":{"@type":"PropertyValueSpecification","valueRequired":true,"valueName":"search_term_string"}}],"inLanguage":"en-GB"},{"@type":"Organization","@id":"https:\/\/ferienchalet-wallis.ch\/#organization","name":"Liegenschaftsbetreuung \/ Vermietung \u2013 M. Kranzfelder","url":"https:\/\/ferienchalet-wallis.ch\/","logo":{"@type":"ImageObject","inLanguage":"en-GB","@id":"https:\/\/ferienchalet-wallis.ch\/#\/schema\/logo\/image\/","url":"https:\/\/ferienchalet-wallis.ch\/wp-content\/uploads\/2022\/01\/Logo_Kranzfelder.png","contentUrl":"https:\/\/ferienchalet-wallis.ch\/wp-content\/uploads\/2022\/01\/Logo_Kranzfelder.png","width":1526,"height":447,"caption":"Liegenschaftsbetreuung \/ Vermietung \u2013 M. Kranzfelder"},"image":{"@id":"https:\/\/ferienchalet-wallis.ch\/#\/schema\/logo\/image\/"}},{"@type":"Person","@id":"https:\/\/ferienchalet-wallis.ch\/#\/schema\/person\/18b3f062b0514bc953799175b9bfdd2b","name":"WalliSaar","image":{"@type":"ImageObject","inLanguage":"en-GB","@id":"https:\/\/secure.gravatar.com\/avatar\/1be7f9468eac0e02f655be9ab758a01ae5dc72d678841cc4898d463993c78d36?s=96&d=initials&r=g&initials=ru","url":"https:\/\/secure.gravatar.com\/avatar\/1be7f9468eac0e02f655be9ab758a01ae5dc72d678841cc4898d463993c78d36?s=96&d=initials&r=g&initials=ru","contentUrl":"https:\/\/secure.gravatar.com\/avatar\/1be7f9468eac0e02f655be9ab758a01ae5dc72d678841cc4898d463993c78d36?s=96&d=initials&r=g&initials=ru","caption":"WalliSaar"},"description":"Mein Name ist Anja Ruch und ich schreibe die Blogbeitr\u00e4ge f\u00fcr das Ehepaar Markus &amp; Tabitha Kranzfelder. Der Name WalliSaar gr\u00fcndet sich auf meinen Wurzeln im Saarland und den neuen im Wallis. My name is Anja Ruch and I write the blog entries for the Markus &amp; Tabitha Kranzfelder couple. The name WalliSaar shows the connection to my old roots in Saarland and the new ones in Valais.","sameAs":["https:\/\/www.ferienchalet-wallis.ch\/blog"],"url":"https:\/\/ferienchalet-wallis.ch\/en\/author\/wallisaar\/"}]}},"_links":{"self":[{"href":"https:\/\/ferienchalet-wallis.ch\/en\/wp-json\/wp\/v2\/posts\/1022","targetHints":{"allow":["GET"]}}],"collection":[{"href":"https:\/\/ferienchalet-wallis.ch\/en\/wp-json\/wp\/v2\/posts"}],"about":[{"href":"https:\/\/ferienchalet-wallis.ch\/en\/wp-json\/wp\/v2\/types\/post"}],"author":[{"embeddable":true,"href":"https:\/\/ferienchalet-wallis.ch\/en\/wp-json\/wp\/v2\/users\/3"}],"replies":[{"embeddable":true,"href":"https:\/\/ferienchalet-wallis.ch\/en\/wp-json\/wp\/v2\/comments?post=1022"}],"version-history":[{"count":6,"href":"https:\/\/ferienchalet-wallis.ch\/en\/wp-json\/wp\/v2\/posts\/1022\/revisions"}],"predecessor-version":[{"id":1493,"href":"https:\/\/ferienchalet-wallis.ch\/en\/wp-json\/wp\/v2\/posts\/1022\/revisions\/1493"}],"wp:featuredmedia":[{"embeddable":true,"href":"https:\/\/ferienchalet-wallis.ch\/en\/wp-json\/wp\/v2\/media\/432"}],"wp:attachment":[{"href":"https:\/\/ferienchalet-wallis.ch\/en\/wp-json\/wp\/v2\/media?parent=1022"}],"wp:term":[{"taxonomy":"category","embeddable":true,"href":"https:\/\/ferienchalet-wallis.ch\/en\/wp-json\/wp\/v2\/categories?post=1022"},{"taxonomy":"post_tag","embeddable":true,"href":"https:\/\/ferienchalet-wallis.ch\/en\/wp-json\/wp\/v2\/tags?post=1022"}],"curies":[{"name":"wp","href":"https:\/\/api.w.org\/{rel}","templated":true}]}}