{"id":1226,"date":"2022-11-22T09:55:36","date_gmt":"2022-11-22T09:55:36","guid":{"rendered":"https:\/\/ferienchalet-wallis.ch\/?p=1226"},"modified":"2023-07-04T13:15:16","modified_gmt":"2023-07-04T13:15:16","slug":"skisaison-der-aletsch-arena","status":"publish","type":"post","link":"https:\/\/ferienchalet-wallis.ch\/en\/skisaison-der-aletsch-arena\/","title":{"rendered":"The Aletsch Arena ski season"},"content":{"rendered":"<style type=\"text\/css\" data-created_by=\"avia_inline_auto\" id=\"style-css-av-ljobb000-1c5e1bac1c33b5bb35fca1c4fdcfb6a3\">\n#top .av-special-heading.av-ljobb000-1c5e1bac1c33b5bb35fca1c4fdcfb6a3{\npadding-bottom:10px;\n}\nbody .av-special-heading.av-ljobb000-1c5e1bac1c33b5bb35fca1c4fdcfb6a3 .av-special-heading-tag .heading-char{\nfont-size:25px;\n}\n.av-special-heading.av-ljobb000-1c5e1bac1c33b5bb35fca1c4fdcfb6a3 .av-subheading{\nfont-size:15px;\n}\n<\/style>\n<div  class='av-special-heading av-ljobb000-1c5e1bac1c33b5bb35fca1c4fdcfb6a3 av-special-heading-h2  avia-builder-el-0  el_before_av_textblock  avia-builder-el-first'><h2 class='av-special-heading-tag'  itemprop=\"headline\"  >Winter fun for the whole family<\/h2><div class=\"special-heading-border\"><div class=\"special-heading-inner-border\"><\/div><\/div><\/div>\n<section  class='av_textblock_section av-las1ck44-ea86b367a3f32733c7cfb21236ffaffa'  itemscope=\"itemscope\" itemtype=\"https:\/\/schema.org\/BlogPosting\" itemprop=\"blogPost\" ><div class='avia_textblock'  itemprop=\"text\" ><p>The ski season starts soon. From December to April you can enjoy pure winter pleasure.<\/p>\n<h3>Book your ski pass in advance<\/h3>\n<p>The anticipation for the winter holidays is growing, because it's not long until then. So it's a good idea to think about booking a ski pass now. <a href=\"https:\/\/shop.aletscharena.ch\/en\/skipass?utm_campaign=2022-Schnee-Winter&amp;utm_source=aa+webseite&amp;utm_medium=Link+online&amp;utm_content=2.+Link&amp;___from_store=de\" target=\"_blank\" rel=\"noopener\">Booked online<\/a> you save money and time. The 6-day Aletscharena ski pass is up to 11% cheaper and you can spend the money you save elsewhere. 2 pizzas or 2 children's plates, for example.<\/p>\n<h3>Skiing fun for the whole family<\/h3>\n<p>You can save even more holiday budget because your third child travels for free until the day they turn 16. You have a small child under the age of 6 and only want to take turns? There is a joint ski pass for this, you share it, so to speak. Or would you rather put your child in the children's ski school? Then you will find what you are looking for in Riederalp, the ski school there offers a <a href=\"https:\/\/www.skischule-riederalp.ch\/kinderhort\/\" target=\"_blank\" rel=\"noopener\">Childcare<\/a> from the age of 2. No, it's all over, your child is now a teenager? Then they can <a href=\"https:\/\/www.aletscharena.ch\/en\/planning-booking\/offers-experiences\/offer\/ski-for-free\" target=\"_blank\" rel=\"noopener\">ski for free every Saturday<\/a>.<\/p>\n<p>The days are getting shorter. Now is the time to get some information <a href=\"https:\/\/www.aletscharena.ch\/en\/planning-booking\/offers-experiences\/offer\/ski-pass\" target=\"_blank\" rel=\"noopener\">online<\/a> at home. It's good to get in the mood for the next skiing holiday with a cup of tea.<\/p>\n<p><em>Abezyt, d\u00fc bringsch mier Fride, nach d\u00e4m lang g\u2019hetzte Tag<\/em><\/p>\n<\/div><\/section>","protected":false},"excerpt":{"rendered":"","protected":false},"author":3,"featured_media":127,"comment_status":"closed","ping_status":"closed","sticky":false,"template":"","format":"standard","meta":{"footnotes":""},"categories":[6,8,7,14],"tags":[],"class_list":["post-1226","post","type-post","status-publish","format-standard","has-post-thumbnail","hentry","category-aletsch","category-bettmeralp","category-riederalp","category-skifahren"],"yoast_head":"<!-- This site is optimized with the Yoast SEO plugin v27.4 - https:\/\/yoast.com\/product\/yoast-seo-wordpress\/ -->\n<title>Die Skisaison der Aletsch Arena - Bettmeralp und Riederalp<\/title>\n<meta name=\"description\" content=\"Die Skisaison steht in den Startl\u00f6chern. Skispass von Dezember bis April. Jetzt schon mal die Preise f\u00fcr den Skipass anschauen.\" \/>\n<meta name=\"robots\" content=\"index, follow, max-snippet:-1, max-image-preview:large, max-video-preview:-1\" \/>\n<link rel=\"canonical\" href=\"https:\/\/ferienchalet-wallis.ch\/en\/skisaison-der-aletsch-arena\/\" \/>\n<meta property=\"og:locale\" content=\"en_GB\" \/>\n<meta property=\"og:type\" content=\"article\" \/>\n<meta property=\"og:title\" content=\"Die Skisaison der Aletsch Arena - Bettmeralp und Riederalp\" \/>\n<meta property=\"og:description\" content=\"Die Skisaison steht in den Startl\u00f6chern. Skispass von Dezember bis April. Jetzt schon mal die Preise f\u00fcr den Skipass anschauen.\" \/>\n<meta property=\"og:url\" content=\"https:\/\/ferienchalet-wallis.ch\/en\/skisaison-der-aletsch-arena\/\" \/>\n<meta property=\"og:site_name\" content=\"Bettmeralp und Riederalp\" \/>\n<meta property=\"article:published_time\" content=\"2022-11-22T09:55:36+00:00\" \/>\n<meta property=\"article:modified_time\" content=\"2023-07-04T13:15:16+00:00\" \/>\n<meta property=\"og:image\" content=\"https:\/\/ferienchalet-wallis.ch\/wp-content\/uploads\/2022\/01\/slider_1.jpg\" \/>\n\t<meta property=\"og:image:width\" content=\"1280\" \/>\n\t<meta property=\"og:image:height\" content=\"720\" \/>\n\t<meta property=\"og:image:type\" content=\"image\/jpeg\" \/>\n<meta name=\"author\" content=\"WalliSaar\" \/>\n<meta name=\"twitter:card\" content=\"summary_large_image\" \/>\n<meta name=\"twitter:label1\" content=\"Written by\" \/>\n\t<meta name=\"twitter:data1\" content=\"WalliSaar\" \/>\n\t<meta name=\"twitter:label2\" content=\"Estimated reading time\" \/>\n\t<meta name=\"twitter:data2\" content=\"2 minutes\" \/>\n<script type=\"application\/ld+json\" class=\"yoast-schema-graph\">{\"@context\":\"https:\\\/\\\/schema.org\",\"@graph\":[{\"@type\":\"Article\",\"@id\":\"https:\\\/\\\/ferienchalet-wallis.ch\\\/de\\\/skisaison-der-aletsch-arena\\\/#article\",\"isPartOf\":{\"@id\":\"https:\\\/\\\/ferienchalet-wallis.ch\\\/de\\\/skisaison-der-aletsch-arena\\\/\"},\"author\":{\"name\":\"WalliSaar\",\"@id\":\"https:\\\/\\\/ferienchalet-wallis.ch\\\/#\\\/schema\\\/person\\\/18b3f062b0514bc953799175b9bfdd2b\"},\"headline\":\"Die Skisaison der Aletsch Arena\",\"datePublished\":\"2022-11-22T09:55:36+00:00\",\"dateModified\":\"2023-07-04T13:15:16+00:00\",\"mainEntityOfPage\":{\"@id\":\"https:\\\/\\\/ferienchalet-wallis.ch\\\/de\\\/skisaison-der-aletsch-arena\\\/\"},\"wordCount\":338,\"publisher\":{\"@id\":\"https:\\\/\\\/ferienchalet-wallis.ch\\\/#organization\"},\"image\":{\"@id\":\"https:\\\/\\\/ferienchalet-wallis.ch\\\/de\\\/skisaison-der-aletsch-arena\\\/#primaryimage\"},\"thumbnailUrl\":\"https:\\\/\\\/ferienchalet-wallis.ch\\\/wp-content\\\/uploads\\\/2022\\\/01\\\/slider_1.jpg\",\"articleSection\":[\"Aletsch\",\"Bettmeralp\",\"Riederalp\",\"Skifahren\"],\"inLanguage\":\"en-GB\"},{\"@type\":\"WebPage\",\"@id\":\"https:\\\/\\\/ferienchalet-wallis.ch\\\/de\\\/skisaison-der-aletsch-arena\\\/\",\"url\":\"https:\\\/\\\/ferienchalet-wallis.ch\\\/de\\\/skisaison-der-aletsch-arena\\\/\",\"name\":\"Die Skisaison der Aletsch Arena - Bettmeralp und Riederalp\",\"isPartOf\":{\"@id\":\"https:\\\/\\\/ferienchalet-wallis.ch\\\/#website\"},\"primaryImageOfPage\":{\"@id\":\"https:\\\/\\\/ferienchalet-wallis.ch\\\/de\\\/skisaison-der-aletsch-arena\\\/#primaryimage\"},\"image\":{\"@id\":\"https:\\\/\\\/ferienchalet-wallis.ch\\\/de\\\/skisaison-der-aletsch-arena\\\/#primaryimage\"},\"thumbnailUrl\":\"https:\\\/\\\/ferienchalet-wallis.ch\\\/wp-content\\\/uploads\\\/2022\\\/01\\\/slider_1.jpg\",\"datePublished\":\"2022-11-22T09:55:36+00:00\",\"dateModified\":\"2023-07-04T13:15:16+00:00\",\"description\":\"Die Skisaison steht in den Startl\u00f6chern. Skispass von Dezember bis April. Jetzt schon mal die Preise f\u00fcr den Skipass anschauen.\",\"breadcrumb\":{\"@id\":\"https:\\\/\\\/ferienchalet-wallis.ch\\\/de\\\/skisaison-der-aletsch-arena\\\/#breadcrumb\"},\"inLanguage\":\"en-GB\",\"potentialAction\":[{\"@type\":\"ReadAction\",\"target\":[\"https:\\\/\\\/ferienchalet-wallis.ch\\\/de\\\/skisaison-der-aletsch-arena\\\/\"]}]},{\"@type\":\"ImageObject\",\"inLanguage\":\"en-GB\",\"@id\":\"https:\\\/\\\/ferienchalet-wallis.ch\\\/de\\\/skisaison-der-aletsch-arena\\\/#primaryimage\",\"url\":\"https:\\\/\\\/ferienchalet-wallis.ch\\\/wp-content\\\/uploads\\\/2022\\\/01\\\/slider_1.jpg\",\"contentUrl\":\"https:\\\/\\\/ferienchalet-wallis.ch\\\/wp-content\\\/uploads\\\/2022\\\/01\\\/slider_1.jpg\",\"width\":1280,\"height\":720,\"caption\":\"Jungfr\u00e4uliche Pisten im Wallis\"},{\"@type\":\"BreadcrumbList\",\"@id\":\"https:\\\/\\\/ferienchalet-wallis.ch\\\/de\\\/skisaison-der-aletsch-arena\\\/#breadcrumb\",\"itemListElement\":[{\"@type\":\"ListItem\",\"position\":1,\"name\":\"Home\",\"item\":\"https:\\\/\\\/ferienchalet-wallis.ch\\\/\"},{\"@type\":\"ListItem\",\"position\":2,\"name\":\"Die Skisaison der Aletsch Arena\"}]},{\"@type\":\"WebSite\",\"@id\":\"https:\\\/\\\/ferienchalet-wallis.ch\\\/#website\",\"url\":\"https:\\\/\\\/ferienchalet-wallis.ch\\\/\",\"name\":\"Bettmeralp und Riederalp\",\"description\":\"Kranzfelder Markus\",\"publisher\":{\"@id\":\"https:\\\/\\\/ferienchalet-wallis.ch\\\/#organization\"},\"potentialAction\":[{\"@type\":\"SearchAction\",\"target\":{\"@type\":\"EntryPoint\",\"urlTemplate\":\"https:\\\/\\\/ferienchalet-wallis.ch\\\/?s={search_term_string}\"},\"query-input\":{\"@type\":\"PropertyValueSpecification\",\"valueRequired\":true,\"valueName\":\"search_term_string\"}}],\"inLanguage\":\"en-GB\"},{\"@type\":\"Organization\",\"@id\":\"https:\\\/\\\/ferienchalet-wallis.ch\\\/#organization\",\"name\":\"Liegenschaftsbetreuung \\\/ Vermietung \u2013 M. Kranzfelder\",\"url\":\"https:\\\/\\\/ferienchalet-wallis.ch\\\/\",\"logo\":{\"@type\":\"ImageObject\",\"inLanguage\":\"en-GB\",\"@id\":\"https:\\\/\\\/ferienchalet-wallis.ch\\\/#\\\/schema\\\/logo\\\/image\\\/\",\"url\":\"https:\\\/\\\/ferienchalet-wallis.ch\\\/wp-content\\\/uploads\\\/2022\\\/01\\\/Logo_Kranzfelder.png\",\"contentUrl\":\"https:\\\/\\\/ferienchalet-wallis.ch\\\/wp-content\\\/uploads\\\/2022\\\/01\\\/Logo_Kranzfelder.png\",\"width\":1526,\"height\":447,\"caption\":\"Liegenschaftsbetreuung \\\/ Vermietung \u2013 M. Kranzfelder\"},\"image\":{\"@id\":\"https:\\\/\\\/ferienchalet-wallis.ch\\\/#\\\/schema\\\/logo\\\/image\\\/\"}},{\"@type\":\"Person\",\"@id\":\"https:\\\/\\\/ferienchalet-wallis.ch\\\/#\\\/schema\\\/person\\\/18b3f062b0514bc953799175b9bfdd2b\",\"name\":\"WalliSaar\",\"image\":{\"@type\":\"ImageObject\",\"inLanguage\":\"en-GB\",\"@id\":\"https:\\\/\\\/secure.gravatar.com\\\/avatar\\\/1be7f9468eac0e02f655be9ab758a01ae5dc72d678841cc4898d463993c78d36?s=96&d=initials&r=g&initials=ru\",\"url\":\"https:\\\/\\\/secure.gravatar.com\\\/avatar\\\/1be7f9468eac0e02f655be9ab758a01ae5dc72d678841cc4898d463993c78d36?s=96&d=initials&r=g&initials=ru\",\"contentUrl\":\"https:\\\/\\\/secure.gravatar.com\\\/avatar\\\/1be7f9468eac0e02f655be9ab758a01ae5dc72d678841cc4898d463993c78d36?s=96&d=initials&r=g&initials=ru\",\"caption\":\"WalliSaar\"},\"description\":\"Mein Name ist Anja Ruch und ich schreibe die Blogbeitr\u00e4ge f\u00fcr das Ehepaar Markus &amp; Tabitha Kranzfelder. Der Name WalliSaar gr\u00fcndet sich auf meinen Wurzeln im Saarland und den neuen im Wallis. My name is Anja Ruch and I write the blog entries for the Markus &amp; Tabitha Kranzfelder couple. The name WalliSaar shows the connection to my old roots in Saarland and the new ones in Valais.\",\"sameAs\":[\"https:\\\/\\\/www.ferienchalet-wallis.ch\\\/blog\"],\"url\":\"https:\\\/\\\/ferienchalet-wallis.ch\\\/en\\\/author\\\/wallisaar\\\/\"}]}<\/script>\n<!-- \/ Yoast SEO plugin. -->","yoast_head_json":{"title":"Die Skisaison der Aletsch Arena - Bettmeralp und Riederalp","description":"Die Skisaison steht in den Startl\u00f6chern. Skispass von Dezember bis April. Jetzt schon mal die Preise f\u00fcr den Skipass anschauen.","robots":{"index":"index","follow":"follow","max-snippet":"max-snippet:-1","max-image-preview":"max-image-preview:large","max-video-preview":"max-video-preview:-1"},"canonical":"https:\/\/ferienchalet-wallis.ch\/en\/skisaison-der-aletsch-arena\/","og_locale":"en_GB","og_type":"article","og_title":"Die Skisaison der Aletsch Arena - Bettmeralp und Riederalp","og_description":"Die Skisaison steht in den Startl\u00f6chern. Skispass von Dezember bis April. Jetzt schon mal die Preise f\u00fcr den Skipass anschauen.","og_url":"https:\/\/ferienchalet-wallis.ch\/en\/skisaison-der-aletsch-arena\/","og_site_name":"Bettmeralp und Riederalp","article_published_time":"2022-11-22T09:55:36+00:00","article_modified_time":"2023-07-04T13:15:16+00:00","og_image":[{"width":1280,"height":720,"url":"https:\/\/ferienchalet-wallis.ch\/wp-content\/uploads\/2022\/01\/slider_1.jpg","type":"image\/jpeg"}],"author":"WalliSaar","twitter_card":"summary_large_image","twitter_misc":{"Written by":"WalliSaar","Estimated reading time":"2 minutes"},"schema":{"@context":"https:\/\/schema.org","@graph":[{"@type":"Article","@id":"https:\/\/ferienchalet-wallis.ch\/de\/skisaison-der-aletsch-arena\/#article","isPartOf":{"@id":"https:\/\/ferienchalet-wallis.ch\/de\/skisaison-der-aletsch-arena\/"},"author":{"name":"WalliSaar","@id":"https:\/\/ferienchalet-wallis.ch\/#\/schema\/person\/18b3f062b0514bc953799175b9bfdd2b"},"headline":"Die Skisaison der Aletsch Arena","datePublished":"2022-11-22T09:55:36+00:00","dateModified":"2023-07-04T13:15:16+00:00","mainEntityOfPage":{"@id":"https:\/\/ferienchalet-wallis.ch\/de\/skisaison-der-aletsch-arena\/"},"wordCount":338,"publisher":{"@id":"https:\/\/ferienchalet-wallis.ch\/#organization"},"image":{"@id":"https:\/\/ferienchalet-wallis.ch\/de\/skisaison-der-aletsch-arena\/#primaryimage"},"thumbnailUrl":"https:\/\/ferienchalet-wallis.ch\/wp-content\/uploads\/2022\/01\/slider_1.jpg","articleSection":["Aletsch","Bettmeralp","Riederalp","Skifahren"],"inLanguage":"en-GB"},{"@type":"WebPage","@id":"https:\/\/ferienchalet-wallis.ch\/de\/skisaison-der-aletsch-arena\/","url":"https:\/\/ferienchalet-wallis.ch\/de\/skisaison-der-aletsch-arena\/","name":"Die Skisaison der Aletsch Arena - Bettmeralp und Riederalp","isPartOf":{"@id":"https:\/\/ferienchalet-wallis.ch\/#website"},"primaryImageOfPage":{"@id":"https:\/\/ferienchalet-wallis.ch\/de\/skisaison-der-aletsch-arena\/#primaryimage"},"image":{"@id":"https:\/\/ferienchalet-wallis.ch\/de\/skisaison-der-aletsch-arena\/#primaryimage"},"thumbnailUrl":"https:\/\/ferienchalet-wallis.ch\/wp-content\/uploads\/2022\/01\/slider_1.jpg","datePublished":"2022-11-22T09:55:36+00:00","dateModified":"2023-07-04T13:15:16+00:00","description":"Die Skisaison steht in den Startl\u00f6chern. Skispass von Dezember bis April. Jetzt schon mal die Preise f\u00fcr den Skipass anschauen.","breadcrumb":{"@id":"https:\/\/ferienchalet-wallis.ch\/de\/skisaison-der-aletsch-arena\/#breadcrumb"},"inLanguage":"en-GB","potentialAction":[{"@type":"ReadAction","target":["https:\/\/ferienchalet-wallis.ch\/de\/skisaison-der-aletsch-arena\/"]}]},{"@type":"ImageObject","inLanguage":"en-GB","@id":"https:\/\/ferienchalet-wallis.ch\/de\/skisaison-der-aletsch-arena\/#primaryimage","url":"https:\/\/ferienchalet-wallis.ch\/wp-content\/uploads\/2022\/01\/slider_1.jpg","contentUrl":"https:\/\/ferienchalet-wallis.ch\/wp-content\/uploads\/2022\/01\/slider_1.jpg","width":1280,"height":720,"caption":"Jungfr\u00e4uliche Pisten im Wallis"},{"@type":"BreadcrumbList","@id":"https:\/\/ferienchalet-wallis.ch\/de\/skisaison-der-aletsch-arena\/#breadcrumb","itemListElement":[{"@type":"ListItem","position":1,"name":"Home","item":"https:\/\/ferienchalet-wallis.ch\/"},{"@type":"ListItem","position":2,"name":"Die Skisaison der Aletsch Arena"}]},{"@type":"WebSite","@id":"https:\/\/ferienchalet-wallis.ch\/#website","url":"https:\/\/ferienchalet-wallis.ch\/","name":"Bettmeralp and Riederalp","description":"Kranzfelder Markus","publisher":{"@id":"https:\/\/ferienchalet-wallis.ch\/#organization"},"potentialAction":[{"@type":"SearchAction","target":{"@type":"EntryPoint","urlTemplate":"https:\/\/ferienchalet-wallis.ch\/?s={search_term_string}"},"query-input":{"@type":"PropertyValueSpecification","valueRequired":true,"valueName":"search_term_string"}}],"inLanguage":"en-GB"},{"@type":"Organization","@id":"https:\/\/ferienchalet-wallis.ch\/#organization","name":"Liegenschaftsbetreuung \/ Vermietung \u2013 M. Kranzfelder","url":"https:\/\/ferienchalet-wallis.ch\/","logo":{"@type":"ImageObject","inLanguage":"en-GB","@id":"https:\/\/ferienchalet-wallis.ch\/#\/schema\/logo\/image\/","url":"https:\/\/ferienchalet-wallis.ch\/wp-content\/uploads\/2022\/01\/Logo_Kranzfelder.png","contentUrl":"https:\/\/ferienchalet-wallis.ch\/wp-content\/uploads\/2022\/01\/Logo_Kranzfelder.png","width":1526,"height":447,"caption":"Liegenschaftsbetreuung \/ Vermietung \u2013 M. Kranzfelder"},"image":{"@id":"https:\/\/ferienchalet-wallis.ch\/#\/schema\/logo\/image\/"}},{"@type":"Person","@id":"https:\/\/ferienchalet-wallis.ch\/#\/schema\/person\/18b3f062b0514bc953799175b9bfdd2b","name":"WalliSaar","image":{"@type":"ImageObject","inLanguage":"en-GB","@id":"https:\/\/secure.gravatar.com\/avatar\/1be7f9468eac0e02f655be9ab758a01ae5dc72d678841cc4898d463993c78d36?s=96&d=initials&r=g&initials=ru","url":"https:\/\/secure.gravatar.com\/avatar\/1be7f9468eac0e02f655be9ab758a01ae5dc72d678841cc4898d463993c78d36?s=96&d=initials&r=g&initials=ru","contentUrl":"https:\/\/secure.gravatar.com\/avatar\/1be7f9468eac0e02f655be9ab758a01ae5dc72d678841cc4898d463993c78d36?s=96&d=initials&r=g&initials=ru","caption":"WalliSaar"},"description":"Mein Name ist Anja Ruch und ich schreibe die Blogbeitr\u00e4ge f\u00fcr das Ehepaar Markus &amp; Tabitha Kranzfelder. Der Name WalliSaar gr\u00fcndet sich auf meinen Wurzeln im Saarland und den neuen im Wallis. My name is Anja Ruch and I write the blog entries for the Markus &amp; Tabitha Kranzfelder couple. The name WalliSaar shows the connection to my old roots in Saarland and the new ones in Valais.","sameAs":["https:\/\/www.ferienchalet-wallis.ch\/blog"],"url":"https:\/\/ferienchalet-wallis.ch\/en\/author\/wallisaar\/"}]}},"_links":{"self":[{"href":"https:\/\/ferienchalet-wallis.ch\/en\/wp-json\/wp\/v2\/posts\/1226","targetHints":{"allow":["GET"]}}],"collection":[{"href":"https:\/\/ferienchalet-wallis.ch\/en\/wp-json\/wp\/v2\/posts"}],"about":[{"href":"https:\/\/ferienchalet-wallis.ch\/en\/wp-json\/wp\/v2\/types\/post"}],"author":[{"embeddable":true,"href":"https:\/\/ferienchalet-wallis.ch\/en\/wp-json\/wp\/v2\/users\/3"}],"replies":[{"embeddable":true,"href":"https:\/\/ferienchalet-wallis.ch\/en\/wp-json\/wp\/v2\/comments?post=1226"}],"version-history":[{"count":7,"href":"https:\/\/ferienchalet-wallis.ch\/en\/wp-json\/wp\/v2\/posts\/1226\/revisions"}],"predecessor-version":[{"id":1492,"href":"https:\/\/ferienchalet-wallis.ch\/en\/wp-json\/wp\/v2\/posts\/1226\/revisions\/1492"}],"wp:featuredmedia":[{"embeddable":true,"href":"https:\/\/ferienchalet-wallis.ch\/en\/wp-json\/wp\/v2\/media\/127"}],"wp:attachment":[{"href":"https:\/\/ferienchalet-wallis.ch\/en\/wp-json\/wp\/v2\/media?parent=1226"}],"wp:term":[{"taxonomy":"category","embeddable":true,"href":"https:\/\/ferienchalet-wallis.ch\/en\/wp-json\/wp\/v2\/categories?post=1226"},{"taxonomy":"post_tag","embeddable":true,"href":"https:\/\/ferienchalet-wallis.ch\/en\/wp-json\/wp\/v2\/tags?post=1226"}],"curies":[{"name":"wp","href":"https:\/\/api.w.org\/{rel}","templated":true}]}}