{"id":1433,"date":"2023-03-21T09:10:05","date_gmt":"2023-03-21T09:10:05","guid":{"rendered":"https:\/\/ferienchalet-wallis.ch\/?p=1433"},"modified":"2023-07-04T12:51:35","modified_gmt":"2023-07-04T12:51:35","slug":"tandemflug-abheben-im-doppelten-sinn","status":"publish","type":"post","link":"https:\/\/ferienchalet-wallis.ch\/en\/tandemflug-abheben-im-doppelten-sinn\/","title":{"rendered":"Tandem flight - take off in a double sense"},"content":{"rendered":"<style type=\"text\/css\" data-created_by=\"avia_inline_auto\" id=\"style-css-av-ljoagvdc-c98ef05fa91dceab61f3517a2e60b1f6\">\n#top .av-special-heading.av-ljoagvdc-c98ef05fa91dceab61f3517a2e60b1f6{\npadding-bottom:10px;\n}\nbody .av-special-heading.av-ljoagvdc-c98ef05fa91dceab61f3517a2e60b1f6 .av-special-heading-tag .heading-char{\nfont-size:25px;\n}\n.av-special-heading.av-ljoagvdc-c98ef05fa91dceab61f3517a2e60b1f6 .av-subheading{\nfont-size:15px;\n}\n<\/style>\n<div  class='av-special-heading av-ljoagvdc-c98ef05fa91dceab61f3517a2e60b1f6 av-special-heading-h2  avia-builder-el-0  el_before_av_textblock  avia-builder-el-first'><h2 class='av-special-heading-tag'  itemprop=\"headline\"  >Paragliding and being free<\/h2><div class=\"special-heading-border\"><div class=\"special-heading-inner-border\"><\/div><\/div><\/div>\n<section  class='av_textblock_section av-lfi1b5gy-8e79676b1b32a6f8df088e1523cd7a94'  itemscope=\"itemscope\" itemtype=\"https:\/\/schema.org\/BlogPosting\" itemprop=\"blogPost\" ><div class='avia_textblock'  itemprop=\"text\" ><h3>Paragliding as a passenger<\/h3>\n<p>Have you ever flown with a paraglider? I haven't yet, although I would be interested in doing so. I love birds and enjoy admiring their flying skills. In the Valais, at any time of the year, you can watch the mountain jackdaws take advantage of the thermals and circle higher and higher in a flock. It must be a feeling of freedom par excellence to do the same with a paraglider and float freely in the air. And not only that: looking at the Valais Alps from above is also something I imagine to be very impressive. Seeing everything from a different perspective: Glaciers, mountains, valleys. Maybe soaring up with the mountain daws and floating along with them.<\/p>\n<h3>Tandem flights for adults and children<\/h3>\n<p>So if you are on holiday in the Aletsch region and you can say that you are a brave person, then why not try a tandem flight? You will find providers for passenger flights in the Upper Valais based in Fieschertal. Take-off sites are available on all the alps in the Aletsch Arena, which means you don't have to drive all the way to Fieschertal. The flights on offer range from 15 minutes to three quarters of an hour. In fact, there are even offers for kids from the age of 4. Prices and further information can be found on the <a href=\"https:\/\/www.aletscharena.ch\/en\/activities\/paragliding-and-hang-gliding\" target=\"_blank\" rel=\"noopener\">Aletsch Arena website<\/a>. Courage rises with opportunity, Shakespeare said. From a sporting point of view, the Aletsch mountain region offers plenty of opportunities.<\/p>\n<p><em>Und ich flieg \u00fcf wite Schwinge obschi hin zum Firneschnee.<\/em><\/p>\n<\/div><\/section>","protected":false},"excerpt":{"rendered":"","protected":false},"author":3,"featured_media":422,"comment_status":"closed","ping_status":"closed","sticky":false,"template":"","format":"standard","meta":{"footnotes":""},"categories":[6,11,16],"tags":[],"class_list":["post-1433","post","type-post","status-publish","format-standard","has-post-thumbnail","hentry","category-aletsch","category-fiescheralp","category-gleitschirm"],"yoast_head":"<!-- This site is optimized with the Yoast SEO plugin v27.4 - https:\/\/yoast.com\/product\/yoast-seo-wordpress\/ -->\n<title>Tandemflug \u2013 Abheben im doppelten Sinn - Bettmeralp und Riederalp<\/title>\n<meta name=\"description\" content=\"Die Aletschregion einmal von oben betrachten mit einem Tandemflug. Fliegen Sie als Passagier mit dem Gleitschirm mit.\" \/>\n<meta name=\"robots\" content=\"index, follow, max-snippet:-1, max-image-preview:large, max-video-preview:-1\" \/>\n<link rel=\"canonical\" href=\"https:\/\/ferienchalet-wallis.ch\/en\/tandemflug-abheben-im-doppelten-sinn\/\" \/>\n<meta property=\"og:locale\" content=\"en_GB\" \/>\n<meta property=\"og:type\" content=\"article\" \/>\n<meta property=\"og:title\" content=\"Tandemflug \u2013 Abheben im doppelten Sinn - Bettmeralp und Riederalp\" \/>\n<meta property=\"og:description\" content=\"Die Aletschregion einmal von oben betrachten mit einem Tandemflug. Fliegen Sie als Passagier mit dem Gleitschirm mit.\" \/>\n<meta property=\"og:url\" content=\"https:\/\/ferienchalet-wallis.ch\/en\/tandemflug-abheben-im-doppelten-sinn\/\" \/>\n<meta property=\"og:site_name\" content=\"Bettmeralp und Riederalp\" \/>\n<meta property=\"article:published_time\" content=\"2023-03-21T09:10:05+00:00\" \/>\n<meta property=\"article:modified_time\" content=\"2023-07-04T12:51:35+00:00\" \/>\n<meta property=\"og:image\" content=\"https:\/\/ferienchalet-wallis.ch\/wp-content\/uploads\/2022\/04\/Winter_Gleitschirm-1030x687.jpg\" \/>\n\t<meta property=\"og:image:width\" content=\"1030\" \/>\n\t<meta property=\"og:image:height\" content=\"687\" \/>\n\t<meta property=\"og:image:type\" content=\"image\/jpeg\" \/>\n<meta name=\"author\" content=\"WalliSaar\" \/>\n<meta name=\"twitter:card\" content=\"summary_large_image\" \/>\n<meta name=\"twitter:label1\" content=\"Written by\" \/>\n\t<meta name=\"twitter:data1\" content=\"WalliSaar\" \/>\n\t<meta name=\"twitter:label2\" content=\"Estimated reading time\" \/>\n\t<meta name=\"twitter:data2\" content=\"2 minutes\" \/>\n<script type=\"application\/ld+json\" class=\"yoast-schema-graph\">{\"@context\":\"https:\\\/\\\/schema.org\",\"@graph\":[{\"@type\":\"Article\",\"@id\":\"https:\\\/\\\/ferienchalet-wallis.ch\\\/de\\\/tandemflug-abheben-im-doppelten-sinn\\\/#article\",\"isPartOf\":{\"@id\":\"https:\\\/\\\/ferienchalet-wallis.ch\\\/de\\\/tandemflug-abheben-im-doppelten-sinn\\\/\"},\"author\":{\"name\":\"WalliSaar\",\"@id\":\"https:\\\/\\\/ferienchalet-wallis.ch\\\/#\\\/schema\\\/person\\\/18b3f062b0514bc953799175b9bfdd2b\"},\"headline\":\"Tandemflug \u2013 Abheben im doppelten Sinn\",\"datePublished\":\"2023-03-21T09:10:05+00:00\",\"dateModified\":\"2023-07-04T12:51:35+00:00\",\"mainEntityOfPage\":{\"@id\":\"https:\\\/\\\/ferienchalet-wallis.ch\\\/de\\\/tandemflug-abheben-im-doppelten-sinn\\\/\"},\"wordCount\":370,\"publisher\":{\"@id\":\"https:\\\/\\\/ferienchalet-wallis.ch\\\/#organization\"},\"image\":{\"@id\":\"https:\\\/\\\/ferienchalet-wallis.ch\\\/de\\\/tandemflug-abheben-im-doppelten-sinn\\\/#primaryimage\"},\"thumbnailUrl\":\"https:\\\/\\\/ferienchalet-wallis.ch\\\/wp-content\\\/uploads\\\/2022\\\/04\\\/Winter_Gleitschirm-scaled.jpg\",\"articleSection\":[\"Aletsch\",\"Fiescheralp\",\"Gleitschirm\"],\"inLanguage\":\"en-GB\"},{\"@type\":\"WebPage\",\"@id\":\"https:\\\/\\\/ferienchalet-wallis.ch\\\/de\\\/tandemflug-abheben-im-doppelten-sinn\\\/\",\"url\":\"https:\\\/\\\/ferienchalet-wallis.ch\\\/de\\\/tandemflug-abheben-im-doppelten-sinn\\\/\",\"name\":\"Tandemflug \u2013 Abheben im doppelten Sinn - Bettmeralp und Riederalp\",\"isPartOf\":{\"@id\":\"https:\\\/\\\/ferienchalet-wallis.ch\\\/#website\"},\"primaryImageOfPage\":{\"@id\":\"https:\\\/\\\/ferienchalet-wallis.ch\\\/de\\\/tandemflug-abheben-im-doppelten-sinn\\\/#primaryimage\"},\"image\":{\"@id\":\"https:\\\/\\\/ferienchalet-wallis.ch\\\/de\\\/tandemflug-abheben-im-doppelten-sinn\\\/#primaryimage\"},\"thumbnailUrl\":\"https:\\\/\\\/ferienchalet-wallis.ch\\\/wp-content\\\/uploads\\\/2022\\\/04\\\/Winter_Gleitschirm-scaled.jpg\",\"datePublished\":\"2023-03-21T09:10:05+00:00\",\"dateModified\":\"2023-07-04T12:51:35+00:00\",\"description\":\"Die Aletschregion einmal von oben betrachten mit einem Tandemflug. Fliegen Sie als Passagier mit dem Gleitschirm mit.\",\"breadcrumb\":{\"@id\":\"https:\\\/\\\/ferienchalet-wallis.ch\\\/de\\\/tandemflug-abheben-im-doppelten-sinn\\\/#breadcrumb\"},\"inLanguage\":\"en-GB\",\"potentialAction\":[{\"@type\":\"ReadAction\",\"target\":[\"https:\\\/\\\/ferienchalet-wallis.ch\\\/de\\\/tandemflug-abheben-im-doppelten-sinn\\\/\"]}]},{\"@type\":\"ImageObject\",\"inLanguage\":\"en-GB\",\"@id\":\"https:\\\/\\\/ferienchalet-wallis.ch\\\/de\\\/tandemflug-abheben-im-doppelten-sinn\\\/#primaryimage\",\"url\":\"https:\\\/\\\/ferienchalet-wallis.ch\\\/wp-content\\\/uploads\\\/2022\\\/04\\\/Winter_Gleitschirm-scaled.jpg\",\"contentUrl\":\"https:\\\/\\\/ferienchalet-wallis.ch\\\/wp-content\\\/uploads\\\/2022\\\/04\\\/Winter_Gleitschirm-scaled.jpg\",\"width\":2560,\"height\":1707,\"caption\":\"Gleitschirmfliegen am Aletsch\"},{\"@type\":\"BreadcrumbList\",\"@id\":\"https:\\\/\\\/ferienchalet-wallis.ch\\\/de\\\/tandemflug-abheben-im-doppelten-sinn\\\/#breadcrumb\",\"itemListElement\":[{\"@type\":\"ListItem\",\"position\":1,\"name\":\"Home\",\"item\":\"https:\\\/\\\/ferienchalet-wallis.ch\\\/\"},{\"@type\":\"ListItem\",\"position\":2,\"name\":\"Tandemflug \u2013 Abheben im doppelten Sinn\"}]},{\"@type\":\"WebSite\",\"@id\":\"https:\\\/\\\/ferienchalet-wallis.ch\\\/#website\",\"url\":\"https:\\\/\\\/ferienchalet-wallis.ch\\\/\",\"name\":\"Bettmeralp und Riederalp\",\"description\":\"Kranzfelder Markus\",\"publisher\":{\"@id\":\"https:\\\/\\\/ferienchalet-wallis.ch\\\/#organization\"},\"potentialAction\":[{\"@type\":\"SearchAction\",\"target\":{\"@type\":\"EntryPoint\",\"urlTemplate\":\"https:\\\/\\\/ferienchalet-wallis.ch\\\/?s={search_term_string}\"},\"query-input\":{\"@type\":\"PropertyValueSpecification\",\"valueRequired\":true,\"valueName\":\"search_term_string\"}}],\"inLanguage\":\"en-GB\"},{\"@type\":\"Organization\",\"@id\":\"https:\\\/\\\/ferienchalet-wallis.ch\\\/#organization\",\"name\":\"Liegenschaftsbetreuung \\\/ Vermietung \u2013 M. Kranzfelder\",\"url\":\"https:\\\/\\\/ferienchalet-wallis.ch\\\/\",\"logo\":{\"@type\":\"ImageObject\",\"inLanguage\":\"en-GB\",\"@id\":\"https:\\\/\\\/ferienchalet-wallis.ch\\\/#\\\/schema\\\/logo\\\/image\\\/\",\"url\":\"https:\\\/\\\/ferienchalet-wallis.ch\\\/wp-content\\\/uploads\\\/2022\\\/01\\\/Logo_Kranzfelder.png\",\"contentUrl\":\"https:\\\/\\\/ferienchalet-wallis.ch\\\/wp-content\\\/uploads\\\/2022\\\/01\\\/Logo_Kranzfelder.png\",\"width\":1526,\"height\":447,\"caption\":\"Liegenschaftsbetreuung \\\/ Vermietung \u2013 M. Kranzfelder\"},\"image\":{\"@id\":\"https:\\\/\\\/ferienchalet-wallis.ch\\\/#\\\/schema\\\/logo\\\/image\\\/\"}},{\"@type\":\"Person\",\"@id\":\"https:\\\/\\\/ferienchalet-wallis.ch\\\/#\\\/schema\\\/person\\\/18b3f062b0514bc953799175b9bfdd2b\",\"name\":\"WalliSaar\",\"image\":{\"@type\":\"ImageObject\",\"inLanguage\":\"en-GB\",\"@id\":\"https:\\\/\\\/secure.gravatar.com\\\/avatar\\\/1be7f9468eac0e02f655be9ab758a01ae5dc72d678841cc4898d463993c78d36?s=96&d=initials&r=g&initials=ru\",\"url\":\"https:\\\/\\\/secure.gravatar.com\\\/avatar\\\/1be7f9468eac0e02f655be9ab758a01ae5dc72d678841cc4898d463993c78d36?s=96&d=initials&r=g&initials=ru\",\"contentUrl\":\"https:\\\/\\\/secure.gravatar.com\\\/avatar\\\/1be7f9468eac0e02f655be9ab758a01ae5dc72d678841cc4898d463993c78d36?s=96&d=initials&r=g&initials=ru\",\"caption\":\"WalliSaar\"},\"description\":\"Mein Name ist Anja Ruch und ich schreibe die Blogbeitr\u00e4ge f\u00fcr das Ehepaar Markus &amp; Tabitha Kranzfelder. Der Name WalliSaar gr\u00fcndet sich auf meinen Wurzeln im Saarland und den neuen im Wallis. My name is Anja Ruch and I write the blog entries for the Markus &amp; Tabitha Kranzfelder couple. The name WalliSaar shows the connection to my old roots in Saarland and the new ones in Valais.\",\"sameAs\":[\"https:\\\/\\\/www.ferienchalet-wallis.ch\\\/blog\"],\"url\":\"https:\\\/\\\/ferienchalet-wallis.ch\\\/en\\\/author\\\/wallisaar\\\/\"}]}<\/script>\n<!-- \/ Yoast SEO plugin. -->","yoast_head_json":{"title":"Tandemflug \u2013 Abheben im doppelten Sinn - Bettmeralp und Riederalp","description":"Die Aletschregion einmal von oben betrachten mit einem Tandemflug. Fliegen Sie als Passagier mit dem Gleitschirm mit.","robots":{"index":"index","follow":"follow","max-snippet":"max-snippet:-1","max-image-preview":"max-image-preview:large","max-video-preview":"max-video-preview:-1"},"canonical":"https:\/\/ferienchalet-wallis.ch\/en\/tandemflug-abheben-im-doppelten-sinn\/","og_locale":"en_GB","og_type":"article","og_title":"Tandemflug \u2013 Abheben im doppelten Sinn - Bettmeralp und Riederalp","og_description":"Die Aletschregion einmal von oben betrachten mit einem Tandemflug. Fliegen Sie als Passagier mit dem Gleitschirm mit.","og_url":"https:\/\/ferienchalet-wallis.ch\/en\/tandemflug-abheben-im-doppelten-sinn\/","og_site_name":"Bettmeralp und Riederalp","article_published_time":"2023-03-21T09:10:05+00:00","article_modified_time":"2023-07-04T12:51:35+00:00","og_image":[{"width":1030,"height":687,"url":"https:\/\/ferienchalet-wallis.ch\/wp-content\/uploads\/2022\/04\/Winter_Gleitschirm-1030x687.jpg","type":"image\/jpeg"}],"author":"WalliSaar","twitter_card":"summary_large_image","twitter_misc":{"Written by":"WalliSaar","Estimated reading time":"2 minutes"},"schema":{"@context":"https:\/\/schema.org","@graph":[{"@type":"Article","@id":"https:\/\/ferienchalet-wallis.ch\/de\/tandemflug-abheben-im-doppelten-sinn\/#article","isPartOf":{"@id":"https:\/\/ferienchalet-wallis.ch\/de\/tandemflug-abheben-im-doppelten-sinn\/"},"author":{"name":"WalliSaar","@id":"https:\/\/ferienchalet-wallis.ch\/#\/schema\/person\/18b3f062b0514bc953799175b9bfdd2b"},"headline":"Tandemflug \u2013 Abheben im doppelten Sinn","datePublished":"2023-03-21T09:10:05+00:00","dateModified":"2023-07-04T12:51:35+00:00","mainEntityOfPage":{"@id":"https:\/\/ferienchalet-wallis.ch\/de\/tandemflug-abheben-im-doppelten-sinn\/"},"wordCount":370,"publisher":{"@id":"https:\/\/ferienchalet-wallis.ch\/#organization"},"image":{"@id":"https:\/\/ferienchalet-wallis.ch\/de\/tandemflug-abheben-im-doppelten-sinn\/#primaryimage"},"thumbnailUrl":"https:\/\/ferienchalet-wallis.ch\/wp-content\/uploads\/2022\/04\/Winter_Gleitschirm-scaled.jpg","articleSection":["Aletsch","Fiescheralp","Gleitschirm"],"inLanguage":"en-GB"},{"@type":"WebPage","@id":"https:\/\/ferienchalet-wallis.ch\/de\/tandemflug-abheben-im-doppelten-sinn\/","url":"https:\/\/ferienchalet-wallis.ch\/de\/tandemflug-abheben-im-doppelten-sinn\/","name":"Tandemflug \u2013 Abheben im doppelten Sinn - Bettmeralp und Riederalp","isPartOf":{"@id":"https:\/\/ferienchalet-wallis.ch\/#website"},"primaryImageOfPage":{"@id":"https:\/\/ferienchalet-wallis.ch\/de\/tandemflug-abheben-im-doppelten-sinn\/#primaryimage"},"image":{"@id":"https:\/\/ferienchalet-wallis.ch\/de\/tandemflug-abheben-im-doppelten-sinn\/#primaryimage"},"thumbnailUrl":"https:\/\/ferienchalet-wallis.ch\/wp-content\/uploads\/2022\/04\/Winter_Gleitschirm-scaled.jpg","datePublished":"2023-03-21T09:10:05+00:00","dateModified":"2023-07-04T12:51:35+00:00","description":"Die Aletschregion einmal von oben betrachten mit einem Tandemflug. Fliegen Sie als Passagier mit dem Gleitschirm mit.","breadcrumb":{"@id":"https:\/\/ferienchalet-wallis.ch\/de\/tandemflug-abheben-im-doppelten-sinn\/#breadcrumb"},"inLanguage":"en-GB","potentialAction":[{"@type":"ReadAction","target":["https:\/\/ferienchalet-wallis.ch\/de\/tandemflug-abheben-im-doppelten-sinn\/"]}]},{"@type":"ImageObject","inLanguage":"en-GB","@id":"https:\/\/ferienchalet-wallis.ch\/de\/tandemflug-abheben-im-doppelten-sinn\/#primaryimage","url":"https:\/\/ferienchalet-wallis.ch\/wp-content\/uploads\/2022\/04\/Winter_Gleitschirm-scaled.jpg","contentUrl":"https:\/\/ferienchalet-wallis.ch\/wp-content\/uploads\/2022\/04\/Winter_Gleitschirm-scaled.jpg","width":2560,"height":1707,"caption":"Gleitschirmfliegen am Aletsch"},{"@type":"BreadcrumbList","@id":"https:\/\/ferienchalet-wallis.ch\/de\/tandemflug-abheben-im-doppelten-sinn\/#breadcrumb","itemListElement":[{"@type":"ListItem","position":1,"name":"Home","item":"https:\/\/ferienchalet-wallis.ch\/"},{"@type":"ListItem","position":2,"name":"Tandemflug \u2013 Abheben im doppelten Sinn"}]},{"@type":"WebSite","@id":"https:\/\/ferienchalet-wallis.ch\/#website","url":"https:\/\/ferienchalet-wallis.ch\/","name":"Bettmeralp and Riederalp","description":"Kranzfelder Markus","publisher":{"@id":"https:\/\/ferienchalet-wallis.ch\/#organization"},"potentialAction":[{"@type":"SearchAction","target":{"@type":"EntryPoint","urlTemplate":"https:\/\/ferienchalet-wallis.ch\/?s={search_term_string}"},"query-input":{"@type":"PropertyValueSpecification","valueRequired":true,"valueName":"search_term_string"}}],"inLanguage":"en-GB"},{"@type":"Organization","@id":"https:\/\/ferienchalet-wallis.ch\/#organization","name":"Liegenschaftsbetreuung \/ Vermietung \u2013 M. Kranzfelder","url":"https:\/\/ferienchalet-wallis.ch\/","logo":{"@type":"ImageObject","inLanguage":"en-GB","@id":"https:\/\/ferienchalet-wallis.ch\/#\/schema\/logo\/image\/","url":"https:\/\/ferienchalet-wallis.ch\/wp-content\/uploads\/2022\/01\/Logo_Kranzfelder.png","contentUrl":"https:\/\/ferienchalet-wallis.ch\/wp-content\/uploads\/2022\/01\/Logo_Kranzfelder.png","width":1526,"height":447,"caption":"Liegenschaftsbetreuung \/ Vermietung \u2013 M. Kranzfelder"},"image":{"@id":"https:\/\/ferienchalet-wallis.ch\/#\/schema\/logo\/image\/"}},{"@type":"Person","@id":"https:\/\/ferienchalet-wallis.ch\/#\/schema\/person\/18b3f062b0514bc953799175b9bfdd2b","name":"WalliSaar","image":{"@type":"ImageObject","inLanguage":"en-GB","@id":"https:\/\/secure.gravatar.com\/avatar\/1be7f9468eac0e02f655be9ab758a01ae5dc72d678841cc4898d463993c78d36?s=96&d=initials&r=g&initials=ru","url":"https:\/\/secure.gravatar.com\/avatar\/1be7f9468eac0e02f655be9ab758a01ae5dc72d678841cc4898d463993c78d36?s=96&d=initials&r=g&initials=ru","contentUrl":"https:\/\/secure.gravatar.com\/avatar\/1be7f9468eac0e02f655be9ab758a01ae5dc72d678841cc4898d463993c78d36?s=96&d=initials&r=g&initials=ru","caption":"WalliSaar"},"description":"Mein Name ist Anja Ruch und ich schreibe die Blogbeitr\u00e4ge f\u00fcr das Ehepaar Markus &amp; Tabitha Kranzfelder. Der Name WalliSaar gr\u00fcndet sich auf meinen Wurzeln im Saarland und den neuen im Wallis. My name is Anja Ruch and I write the blog entries for the Markus &amp; Tabitha Kranzfelder couple. The name WalliSaar shows the connection to my old roots in Saarland and the new ones in Valais.","sameAs":["https:\/\/www.ferienchalet-wallis.ch\/blog"],"url":"https:\/\/ferienchalet-wallis.ch\/en\/author\/wallisaar\/"}]}},"_links":{"self":[{"href":"https:\/\/ferienchalet-wallis.ch\/en\/wp-json\/wp\/v2\/posts\/1433","targetHints":{"allow":["GET"]}}],"collection":[{"href":"https:\/\/ferienchalet-wallis.ch\/en\/wp-json\/wp\/v2\/posts"}],"about":[{"href":"https:\/\/ferienchalet-wallis.ch\/en\/wp-json\/wp\/v2\/types\/post"}],"author":[{"embeddable":true,"href":"https:\/\/ferienchalet-wallis.ch\/en\/wp-json\/wp\/v2\/users\/3"}],"replies":[{"embeddable":true,"href":"https:\/\/ferienchalet-wallis.ch\/en\/wp-json\/wp\/v2\/comments?post=1433"}],"version-history":[{"count":3,"href":"https:\/\/ferienchalet-wallis.ch\/en\/wp-json\/wp\/v2\/posts\/1433\/revisions"}],"predecessor-version":[{"id":1478,"href":"https:\/\/ferienchalet-wallis.ch\/en\/wp-json\/wp\/v2\/posts\/1433\/revisions\/1478"}],"wp:featuredmedia":[{"embeddable":true,"href":"https:\/\/ferienchalet-wallis.ch\/en\/wp-json\/wp\/v2\/media\/422"}],"wp:attachment":[{"href":"https:\/\/ferienchalet-wallis.ch\/en\/wp-json\/wp\/v2\/media?parent=1433"}],"wp:term":[{"taxonomy":"category","embeddable":true,"href":"https:\/\/ferienchalet-wallis.ch\/en\/wp-json\/wp\/v2\/categories?post=1433"},{"taxonomy":"post_tag","embeddable":true,"href":"https:\/\/ferienchalet-wallis.ch\/en\/wp-json\/wp\/v2\/tags?post=1433"}],"curies":[{"name":"wp","href":"https:\/\/api.w.org\/{rel}","templated":true}]}}