{"id":1450,"date":"2023-06-06T14:12:03","date_gmt":"2023-06-06T14:12:03","guid":{"rendered":"https:\/\/ferienchalet-wallis.ch\/?p=1450"},"modified":"2023-07-04T15:52:49","modified_gmt":"2023-07-04T15:52:49","slug":"saisonstart-aletsch-arena-am-10-juni-2023","status":"publish","type":"post","link":"https:\/\/ferienchalet-wallis.ch\/en\/saisonstart-aletsch-arena-am-10-juni-2023\/","title":{"rendered":"SEASON START ALETSCH ARENA ON 10 JUNE 2023"},"content":{"rendered":"<style type=\"text\/css\" data-created_by=\"avia_inline_auto\" id=\"style-css-av-ljoaajnr-ed180a25a688f031743eba43215e84df\">\n#top .av-special-heading.av-ljoaajnr-ed180a25a688f031743eba43215e84df{\npadding-bottom:10px;\n}\nbody .av-special-heading.av-ljoaajnr-ed180a25a688f031743eba43215e84df .av-special-heading-tag .heading-char{\nfont-size:25px;\n}\n.av-special-heading.av-ljoaajnr-ed180a25a688f031743eba43215e84df .av-subheading{\nfont-size:15px;\n}\n<\/style>\n<div  class='av-special-heading av-ljoaajnr-ed180a25a688f031743eba43215e84df av-special-heading-h2  avia-builder-el-0  el_before_av_textblock  avia-builder-el-first'><h2 class='av-special-heading-tag'  itemprop=\"headline\"  >Hiking time starts<\/h2><div class=\"special-heading-border\"><div class=\"special-heading-inner-border\"><\/div><\/div><\/div>\n<section  class='av_textblock_section av-likcdnal-c62c85eba8dc55fd2fb06046d0a68953'  itemscope=\"itemscope\" itemtype=\"https:\/\/schema.org\/BlogPosting\" itemprop=\"blogPost\" ><div class='avia_textblock'  itemprop=\"text\" ><p>And soon the time will come again. The hiking season begins, because: <em>summer is coming!<\/em>In June is the time for action in the Valais. No more tranquillity. Rather a race on foot and in flight or by bike. Something for you?<\/p>\n<h4>Starting with the Red Bull X-Alps<\/h4>\n<p>That has nothing to do with hiking. Hiking is exercise with a view, and <a href=\"https:\/\/www.redbullxalps.com\/\" target=\"_blank\" rel=\"noopener\">Red Bull X-Alps<\/a> is action with a race and paragliding over the Alps. Under certain circumstances, the participant will enjoy the view while flying. In any case, there is a so-called turnpoint in Fiesch where the participants land their paraglider. You can follow the X-Alps event on monitors with live tracking.<\/p>\n<h4>Tour de Suisse - stage start on 15 June 2023 in Fiesch<\/h4>\n<p>The <a href=\"https:\/\/www.tourdesuisse.ch\/en\/\" target=\"_blank\" rel=\"noopener\">Tour de Suisse<\/a> is the next challenge. The fourth and fifth stages of the Tour de Suisse will go through the Valais. The stage destinations are Monthey, Leukerbad and Fiesch. So, from where I come from, the Tour de Suisse once went through my hometown. The professional cyclists went by like lightning. And then it was already over. That's just the way it is when you're on a bike. A stage start is more exciting. The next stage starts on 15 June in Fiesch to La Punt in the Grisons.<\/p>\n<h4>Aletsch Half Marathon on 17 and 18 June 2023<\/h4>\n<p>This is called a mountain running event and enjoys great popularity. Now really anyone who is convinced of their own fitness can take part. The course is 21.1 km long and leads completely through the alpine terrain of the Aletsch region. By the way, you can also try out the half-marathon course for yourself on any other day. All information about the half marathon can be found at:\u00a0<a href=\"https:\/\/www.aletsch-halbmarathon.ch\/en\">https:\/\/www.aletsch-halbmarathon.ch\/en<\/a><\/p>\n<p>And now? Does that mean just watch and let others sweat? Of course not. After all, summer is only just beginning. Currently, there are these hiking trails that are already <a href=\"https:\/\/www.aletscharena.ch\/en\/live\/map#filter=r-fullyTranslatedLangus-,r-onlyOpened-,sb-sortedBy-0&amp;zc=11,8.09572,46.38563\" target=\"_blank\" rel=\"noopener\">open<\/a>.<\/p>\n<p><em>Jetzt chunnt di Zit, wa\u2019s wider Alperose git<\/em><\/p>\n<\/div><\/section>\n<div class='flex_column av-av_one_half-a93934ecd89fbb8a9566d39e89cd3725 av_one_half  avia-builder-el-2  el_after_av_textblock  avia-builder-el-last  first flex_column_div column-top-margin'   ><p><div  class='av-post-metadata-container av-av_post_metadata-423c7d605f54a9eceebb3c30257fc51e av-metadata-container-align-left  avia-builder-el-3  el_before_av_social_share  avia-builder-el-first  av-metadata-container-1'><div class='av-post-metadata-container-inner'><span class=\"av-post-metadata-content av-post-metadata-meta-content\"><span class=\"av-post-metadata-content av-post-metadata-author\"  itemprop=\"author\" ><span class=\"av-metadata-before av-metadata-before-author\">of<\/span><span class=\"av-post-metadata-author-link\" ><a href=\"https:\/\/ferienchalet-wallis.ch\/en\/author\/wallisaar\/\"  rel=\"author\">WalliSaar<\/a><\/span><\/span><span class=\"av-post-metadata-content av-post-metadata-separator\">\/<\/span><span class=\"av-post-metadata-content av-post-metadata-published\"><span class=\"av-post-metadata-published-date\" >June 6, 2023<\/span><\/span><\/span><\/div><\/div><br \/>\n<div  class='av-social-sharing-box av-av_social_share-a3f4c4fca46abcb509afa2ad775446d0 av-social-sharing-box-circle  avia-builder-el-4  el_after_av_post_metadata  avia-builder-el-last  av-social-sharing-box-color-bg av-social-sharing-box-same-width'><div class=\"av-share-box\"><h5 class='av-share-link-description av-no-toc'>Share entry<\/h5><ul class=\"av-share-box-list noLightbox\"><li class='av-share-link av-social-link-whatsapp' ><a target=\"_blank\" aria-label=\"Share on WhatsApp\" href='https:\/\/api.whatsapp.com\/send?text=https:\/\/ferienchalet-wallis.ch\/en\/saisonstart-aletsch-arena-am-10-juni-2023\/' aria-hidden='false' data-av_icon='\uf232' data-av_iconfont='entypo-fontello' title='' data-avia-related-tooltip='Share on WhatsApp' rel=\"noopener\"><span class='avia_hidden_link_text'>Share on WhatsApp<\/span><\/a><\/li><\/ul><\/div><\/div><\/p><\/div>","protected":false},"excerpt":{"rendered":"","protected":false},"author":3,"featured_media":1451,"comment_status":"closed","ping_status":"closed","sticky":false,"template":"","format":"standard","meta":{"footnotes":""},"categories":[6,8],"tags":[],"class_list":["post-1450","post","type-post","status-publish","format-standard","has-post-thumbnail","hentry","category-aletsch","category-bettmeralp"],"yoast_head":"<!-- This site is optimized with the Yoast SEO plugin v27.4 - https:\/\/yoast.com\/product\/yoast-seo-wordpress\/ -->\n<title>Saisonstart Aletsch Arena am 10. Juni 2023 - Bettmeralp und Riederalp<\/title>\n<meta name=\"description\" content=\"Die Wanderzeit im Aletschgebiet beginnt gleich mit mehreren Wettlauf-Events wie Red Bull X-Alps, Tour de Suisse und der Aletsch-Halbmarathon.\" \/>\n<meta name=\"robots\" content=\"index, follow, max-snippet:-1, max-image-preview:large, max-video-preview:-1\" \/>\n<link rel=\"canonical\" href=\"https:\/\/ferienchalet-wallis.ch\/en\/saisonstart-aletsch-arena-am-10-juni-2023\/\" \/>\n<meta property=\"og:locale\" content=\"en_GB\" \/>\n<meta property=\"og:type\" content=\"article\" \/>\n<meta property=\"og:title\" content=\"Saisonstart Aletsch Arena am 10. Juni 2023 - Bettmeralp und Riederalp\" \/>\n<meta property=\"og:description\" content=\"Die Wanderzeit im Aletschgebiet beginnt gleich mit mehreren Wettlauf-Events wie Red Bull X-Alps, Tour de Suisse und der Aletsch-Halbmarathon.\" \/>\n<meta property=\"og:url\" content=\"https:\/\/ferienchalet-wallis.ch\/en\/saisonstart-aletsch-arena-am-10-juni-2023\/\" \/>\n<meta property=\"og:site_name\" content=\"Bettmeralp und Riederalp\" \/>\n<meta property=\"article:published_time\" content=\"2023-06-06T14:12:03+00:00\" \/>\n<meta property=\"article:modified_time\" content=\"2023-07-04T15:52:49+00:00\" \/>\n<meta property=\"og:image\" content=\"https:\/\/ferienchalet-wallis.ch\/wp-content\/uploads\/2023\/06\/Wandersaison.jpg\" \/>\n\t<meta property=\"og:image:width\" content=\"1280\" \/>\n\t<meta property=\"og:image:height\" content=\"853\" \/>\n\t<meta property=\"og:image:type\" content=\"image\/jpeg\" \/>\n<meta name=\"author\" content=\"WalliSaar\" \/>\n<meta name=\"twitter:card\" content=\"summary_large_image\" \/>\n<meta name=\"twitter:label1\" content=\"Written by\" \/>\n\t<meta name=\"twitter:data1\" content=\"WalliSaar\" \/>\n\t<meta name=\"twitter:label2\" content=\"Estimated reading time\" \/>\n\t<meta name=\"twitter:data2\" content=\"3 minutes\" \/>\n<script type=\"application\/ld+json\" class=\"yoast-schema-graph\">{\"@context\":\"https:\\\/\\\/schema.org\",\"@graph\":[{\"@type\":\"Article\",\"@id\":\"https:\\\/\\\/ferienchalet-wallis.ch\\\/de\\\/saisonstart-aletsch-arena-am-10-juni-2023\\\/#article\",\"isPartOf\":{\"@id\":\"https:\\\/\\\/ferienchalet-wallis.ch\\\/de\\\/saisonstart-aletsch-arena-am-10-juni-2023\\\/\"},\"author\":{\"name\":\"WalliSaar\",\"@id\":\"https:\\\/\\\/ferienchalet-wallis.ch\\\/#\\\/schema\\\/person\\\/18b3f062b0514bc953799175b9bfdd2b\"},\"headline\":\"Saisonstart Aletsch Arena am 10. Juni 2023\",\"datePublished\":\"2023-06-06T14:12:03+00:00\",\"dateModified\":\"2023-07-04T15:52:49+00:00\",\"mainEntityOfPage\":{\"@id\":\"https:\\\/\\\/ferienchalet-wallis.ch\\\/de\\\/saisonstart-aletsch-arena-am-10-juni-2023\\\/\"},\"wordCount\":777,\"publisher\":{\"@id\":\"https:\\\/\\\/ferienchalet-wallis.ch\\\/#organization\"},\"image\":{\"@id\":\"https:\\\/\\\/ferienchalet-wallis.ch\\\/de\\\/saisonstart-aletsch-arena-am-10-juni-2023\\\/#primaryimage\"},\"thumbnailUrl\":\"https:\\\/\\\/ferienchalet-wallis.ch\\\/wp-content\\\/uploads\\\/2023\\\/06\\\/Wandersaison.jpg\",\"articleSection\":[\"Aletsch\",\"Bettmeralp\"],\"inLanguage\":\"en-GB\"},{\"@type\":\"WebPage\",\"@id\":\"https:\\\/\\\/ferienchalet-wallis.ch\\\/de\\\/saisonstart-aletsch-arena-am-10-juni-2023\\\/\",\"url\":\"https:\\\/\\\/ferienchalet-wallis.ch\\\/de\\\/saisonstart-aletsch-arena-am-10-juni-2023\\\/\",\"name\":\"Saisonstart Aletsch Arena am 10. Juni 2023 - Bettmeralp und Riederalp\",\"isPartOf\":{\"@id\":\"https:\\\/\\\/ferienchalet-wallis.ch\\\/#website\"},\"primaryImageOfPage\":{\"@id\":\"https:\\\/\\\/ferienchalet-wallis.ch\\\/de\\\/saisonstart-aletsch-arena-am-10-juni-2023\\\/#primaryimage\"},\"image\":{\"@id\":\"https:\\\/\\\/ferienchalet-wallis.ch\\\/de\\\/saisonstart-aletsch-arena-am-10-juni-2023\\\/#primaryimage\"},\"thumbnailUrl\":\"https:\\\/\\\/ferienchalet-wallis.ch\\\/wp-content\\\/uploads\\\/2023\\\/06\\\/Wandersaison.jpg\",\"datePublished\":\"2023-06-06T14:12:03+00:00\",\"dateModified\":\"2023-07-04T15:52:49+00:00\",\"description\":\"Die Wanderzeit im Aletschgebiet beginnt gleich mit mehreren Wettlauf-Events wie Red Bull X-Alps, Tour de Suisse und der Aletsch-Halbmarathon.\",\"breadcrumb\":{\"@id\":\"https:\\\/\\\/ferienchalet-wallis.ch\\\/de\\\/saisonstart-aletsch-arena-am-10-juni-2023\\\/#breadcrumb\"},\"inLanguage\":\"en-GB\",\"potentialAction\":[{\"@type\":\"ReadAction\",\"target\":[\"https:\\\/\\\/ferienchalet-wallis.ch\\\/de\\\/saisonstart-aletsch-arena-am-10-juni-2023\\\/\"]}]},{\"@type\":\"ImageObject\",\"inLanguage\":\"en-GB\",\"@id\":\"https:\\\/\\\/ferienchalet-wallis.ch\\\/de\\\/saisonstart-aletsch-arena-am-10-juni-2023\\\/#primaryimage\",\"url\":\"https:\\\/\\\/ferienchalet-wallis.ch\\\/wp-content\\\/uploads\\\/2023\\\/06\\\/Wandersaison.jpg\",\"contentUrl\":\"https:\\\/\\\/ferienchalet-wallis.ch\\\/wp-content\\\/uploads\\\/2023\\\/06\\\/Wandersaison.jpg\",\"width\":1280,\"height\":853,\"caption\":\"Wandersaison\"},{\"@type\":\"BreadcrumbList\",\"@id\":\"https:\\\/\\\/ferienchalet-wallis.ch\\\/de\\\/saisonstart-aletsch-arena-am-10-juni-2023\\\/#breadcrumb\",\"itemListElement\":[{\"@type\":\"ListItem\",\"position\":1,\"name\":\"Home\",\"item\":\"https:\\\/\\\/ferienchalet-wallis.ch\\\/\"},{\"@type\":\"ListItem\",\"position\":2,\"name\":\"Saisonstart Aletsch Arena am 10. Juni 2023\"}]},{\"@type\":\"WebSite\",\"@id\":\"https:\\\/\\\/ferienchalet-wallis.ch\\\/#website\",\"url\":\"https:\\\/\\\/ferienchalet-wallis.ch\\\/\",\"name\":\"Bettmeralp und Riederalp\",\"description\":\"Kranzfelder Markus\",\"publisher\":{\"@id\":\"https:\\\/\\\/ferienchalet-wallis.ch\\\/#organization\"},\"potentialAction\":[{\"@type\":\"SearchAction\",\"target\":{\"@type\":\"EntryPoint\",\"urlTemplate\":\"https:\\\/\\\/ferienchalet-wallis.ch\\\/?s={search_term_string}\"},\"query-input\":{\"@type\":\"PropertyValueSpecification\",\"valueRequired\":true,\"valueName\":\"search_term_string\"}}],\"inLanguage\":\"en-GB\"},{\"@type\":\"Organization\",\"@id\":\"https:\\\/\\\/ferienchalet-wallis.ch\\\/#organization\",\"name\":\"Liegenschaftsbetreuung \\\/ Vermietung \u2013 M. Kranzfelder\",\"url\":\"https:\\\/\\\/ferienchalet-wallis.ch\\\/\",\"logo\":{\"@type\":\"ImageObject\",\"inLanguage\":\"en-GB\",\"@id\":\"https:\\\/\\\/ferienchalet-wallis.ch\\\/#\\\/schema\\\/logo\\\/image\\\/\",\"url\":\"https:\\\/\\\/ferienchalet-wallis.ch\\\/wp-content\\\/uploads\\\/2022\\\/01\\\/Logo_Kranzfelder.png\",\"contentUrl\":\"https:\\\/\\\/ferienchalet-wallis.ch\\\/wp-content\\\/uploads\\\/2022\\\/01\\\/Logo_Kranzfelder.png\",\"width\":1526,\"height\":447,\"caption\":\"Liegenschaftsbetreuung \\\/ Vermietung \u2013 M. Kranzfelder\"},\"image\":{\"@id\":\"https:\\\/\\\/ferienchalet-wallis.ch\\\/#\\\/schema\\\/logo\\\/image\\\/\"}},{\"@type\":\"Person\",\"@id\":\"https:\\\/\\\/ferienchalet-wallis.ch\\\/#\\\/schema\\\/person\\\/18b3f062b0514bc953799175b9bfdd2b\",\"name\":\"WalliSaar\",\"image\":{\"@type\":\"ImageObject\",\"inLanguage\":\"en-GB\",\"@id\":\"https:\\\/\\\/secure.gravatar.com\\\/avatar\\\/1be7f9468eac0e02f655be9ab758a01ae5dc72d678841cc4898d463993c78d36?s=96&d=initials&r=g&initials=ru\",\"url\":\"https:\\\/\\\/secure.gravatar.com\\\/avatar\\\/1be7f9468eac0e02f655be9ab758a01ae5dc72d678841cc4898d463993c78d36?s=96&d=initials&r=g&initials=ru\",\"contentUrl\":\"https:\\\/\\\/secure.gravatar.com\\\/avatar\\\/1be7f9468eac0e02f655be9ab758a01ae5dc72d678841cc4898d463993c78d36?s=96&d=initials&r=g&initials=ru\",\"caption\":\"WalliSaar\"},\"description\":\"Mein Name ist Anja Ruch und ich schreibe die Blogbeitr\u00e4ge f\u00fcr das Ehepaar Markus &amp; Tabitha Kranzfelder. Der Name WalliSaar gr\u00fcndet sich auf meinen Wurzeln im Saarland und den neuen im Wallis. My name is Anja Ruch and I write the blog entries for the Markus &amp; Tabitha Kranzfelder couple. The name WalliSaar shows the connection to my old roots in Saarland and the new ones in Valais.\",\"sameAs\":[\"https:\\\/\\\/www.ferienchalet-wallis.ch\\\/blog\"],\"url\":\"https:\\\/\\\/ferienchalet-wallis.ch\\\/en\\\/author\\\/wallisaar\\\/\"}]}<\/script>\n<!-- \/ Yoast SEO plugin. -->","yoast_head_json":{"title":"Saisonstart Aletsch Arena am 10. Juni 2023 - Bettmeralp und Riederalp","description":"Die Wanderzeit im Aletschgebiet beginnt gleich mit mehreren Wettlauf-Events wie Red Bull X-Alps, Tour de Suisse und der Aletsch-Halbmarathon.","robots":{"index":"index","follow":"follow","max-snippet":"max-snippet:-1","max-image-preview":"max-image-preview:large","max-video-preview":"max-video-preview:-1"},"canonical":"https:\/\/ferienchalet-wallis.ch\/en\/saisonstart-aletsch-arena-am-10-juni-2023\/","og_locale":"en_GB","og_type":"article","og_title":"Saisonstart Aletsch Arena am 10. Juni 2023 - Bettmeralp und Riederalp","og_description":"Die Wanderzeit im Aletschgebiet beginnt gleich mit mehreren Wettlauf-Events wie Red Bull X-Alps, Tour de Suisse und der Aletsch-Halbmarathon.","og_url":"https:\/\/ferienchalet-wallis.ch\/en\/saisonstart-aletsch-arena-am-10-juni-2023\/","og_site_name":"Bettmeralp und Riederalp","article_published_time":"2023-06-06T14:12:03+00:00","article_modified_time":"2023-07-04T15:52:49+00:00","og_image":[{"width":1280,"height":853,"url":"https:\/\/ferienchalet-wallis.ch\/wp-content\/uploads\/2023\/06\/Wandersaison.jpg","type":"image\/jpeg"}],"author":"WalliSaar","twitter_card":"summary_large_image","twitter_misc":{"Written by":"WalliSaar","Estimated reading time":"3 minutes"},"schema":{"@context":"https:\/\/schema.org","@graph":[{"@type":"Article","@id":"https:\/\/ferienchalet-wallis.ch\/de\/saisonstart-aletsch-arena-am-10-juni-2023\/#article","isPartOf":{"@id":"https:\/\/ferienchalet-wallis.ch\/de\/saisonstart-aletsch-arena-am-10-juni-2023\/"},"author":{"name":"WalliSaar","@id":"https:\/\/ferienchalet-wallis.ch\/#\/schema\/person\/18b3f062b0514bc953799175b9bfdd2b"},"headline":"Saisonstart Aletsch Arena am 10. Juni 2023","datePublished":"2023-06-06T14:12:03+00:00","dateModified":"2023-07-04T15:52:49+00:00","mainEntityOfPage":{"@id":"https:\/\/ferienchalet-wallis.ch\/de\/saisonstart-aletsch-arena-am-10-juni-2023\/"},"wordCount":777,"publisher":{"@id":"https:\/\/ferienchalet-wallis.ch\/#organization"},"image":{"@id":"https:\/\/ferienchalet-wallis.ch\/de\/saisonstart-aletsch-arena-am-10-juni-2023\/#primaryimage"},"thumbnailUrl":"https:\/\/ferienchalet-wallis.ch\/wp-content\/uploads\/2023\/06\/Wandersaison.jpg","articleSection":["Aletsch","Bettmeralp"],"inLanguage":"en-GB"},{"@type":"WebPage","@id":"https:\/\/ferienchalet-wallis.ch\/de\/saisonstart-aletsch-arena-am-10-juni-2023\/","url":"https:\/\/ferienchalet-wallis.ch\/de\/saisonstart-aletsch-arena-am-10-juni-2023\/","name":"Saisonstart Aletsch Arena am 10. Juni 2023 - Bettmeralp und Riederalp","isPartOf":{"@id":"https:\/\/ferienchalet-wallis.ch\/#website"},"primaryImageOfPage":{"@id":"https:\/\/ferienchalet-wallis.ch\/de\/saisonstart-aletsch-arena-am-10-juni-2023\/#primaryimage"},"image":{"@id":"https:\/\/ferienchalet-wallis.ch\/de\/saisonstart-aletsch-arena-am-10-juni-2023\/#primaryimage"},"thumbnailUrl":"https:\/\/ferienchalet-wallis.ch\/wp-content\/uploads\/2023\/06\/Wandersaison.jpg","datePublished":"2023-06-06T14:12:03+00:00","dateModified":"2023-07-04T15:52:49+00:00","description":"Die Wanderzeit im Aletschgebiet beginnt gleich mit mehreren Wettlauf-Events wie Red Bull X-Alps, Tour de Suisse und der Aletsch-Halbmarathon.","breadcrumb":{"@id":"https:\/\/ferienchalet-wallis.ch\/de\/saisonstart-aletsch-arena-am-10-juni-2023\/#breadcrumb"},"inLanguage":"en-GB","potentialAction":[{"@type":"ReadAction","target":["https:\/\/ferienchalet-wallis.ch\/de\/saisonstart-aletsch-arena-am-10-juni-2023\/"]}]},{"@type":"ImageObject","inLanguage":"en-GB","@id":"https:\/\/ferienchalet-wallis.ch\/de\/saisonstart-aletsch-arena-am-10-juni-2023\/#primaryimage","url":"https:\/\/ferienchalet-wallis.ch\/wp-content\/uploads\/2023\/06\/Wandersaison.jpg","contentUrl":"https:\/\/ferienchalet-wallis.ch\/wp-content\/uploads\/2023\/06\/Wandersaison.jpg","width":1280,"height":853,"caption":"Wandersaison"},{"@type":"BreadcrumbList","@id":"https:\/\/ferienchalet-wallis.ch\/de\/saisonstart-aletsch-arena-am-10-juni-2023\/#breadcrumb","itemListElement":[{"@type":"ListItem","position":1,"name":"Home","item":"https:\/\/ferienchalet-wallis.ch\/"},{"@type":"ListItem","position":2,"name":"Saisonstart Aletsch Arena am 10. Juni 2023"}]},{"@type":"WebSite","@id":"https:\/\/ferienchalet-wallis.ch\/#website","url":"https:\/\/ferienchalet-wallis.ch\/","name":"Bettmeralp and Riederalp","description":"Kranzfelder Markus","publisher":{"@id":"https:\/\/ferienchalet-wallis.ch\/#organization"},"potentialAction":[{"@type":"SearchAction","target":{"@type":"EntryPoint","urlTemplate":"https:\/\/ferienchalet-wallis.ch\/?s={search_term_string}"},"query-input":{"@type":"PropertyValueSpecification","valueRequired":true,"valueName":"search_term_string"}}],"inLanguage":"en-GB"},{"@type":"Organization","@id":"https:\/\/ferienchalet-wallis.ch\/#organization","name":"Liegenschaftsbetreuung \/ Vermietung \u2013 M. Kranzfelder","url":"https:\/\/ferienchalet-wallis.ch\/","logo":{"@type":"ImageObject","inLanguage":"en-GB","@id":"https:\/\/ferienchalet-wallis.ch\/#\/schema\/logo\/image\/","url":"https:\/\/ferienchalet-wallis.ch\/wp-content\/uploads\/2022\/01\/Logo_Kranzfelder.png","contentUrl":"https:\/\/ferienchalet-wallis.ch\/wp-content\/uploads\/2022\/01\/Logo_Kranzfelder.png","width":1526,"height":447,"caption":"Liegenschaftsbetreuung \/ Vermietung \u2013 M. Kranzfelder"},"image":{"@id":"https:\/\/ferienchalet-wallis.ch\/#\/schema\/logo\/image\/"}},{"@type":"Person","@id":"https:\/\/ferienchalet-wallis.ch\/#\/schema\/person\/18b3f062b0514bc953799175b9bfdd2b","name":"WalliSaar","image":{"@type":"ImageObject","inLanguage":"en-GB","@id":"https:\/\/secure.gravatar.com\/avatar\/1be7f9468eac0e02f655be9ab758a01ae5dc72d678841cc4898d463993c78d36?s=96&d=initials&r=g&initials=ru","url":"https:\/\/secure.gravatar.com\/avatar\/1be7f9468eac0e02f655be9ab758a01ae5dc72d678841cc4898d463993c78d36?s=96&d=initials&r=g&initials=ru","contentUrl":"https:\/\/secure.gravatar.com\/avatar\/1be7f9468eac0e02f655be9ab758a01ae5dc72d678841cc4898d463993c78d36?s=96&d=initials&r=g&initials=ru","caption":"WalliSaar"},"description":"Mein Name ist Anja Ruch und ich schreibe die Blogbeitr\u00e4ge f\u00fcr das Ehepaar Markus &amp; Tabitha Kranzfelder. Der Name WalliSaar gr\u00fcndet sich auf meinen Wurzeln im Saarland und den neuen im Wallis. My name is Anja Ruch and I write the blog entries for the Markus &amp; Tabitha Kranzfelder couple. The name WalliSaar shows the connection to my old roots in Saarland and the new ones in Valais.","sameAs":["https:\/\/www.ferienchalet-wallis.ch\/blog"],"url":"https:\/\/ferienchalet-wallis.ch\/en\/author\/wallisaar\/"}]}},"_links":{"self":[{"href":"https:\/\/ferienchalet-wallis.ch\/en\/wp-json\/wp\/v2\/posts\/1450","targetHints":{"allow":["GET"]}}],"collection":[{"href":"https:\/\/ferienchalet-wallis.ch\/en\/wp-json\/wp\/v2\/posts"}],"about":[{"href":"https:\/\/ferienchalet-wallis.ch\/en\/wp-json\/wp\/v2\/types\/post"}],"author":[{"embeddable":true,"href":"https:\/\/ferienchalet-wallis.ch\/en\/wp-json\/wp\/v2\/users\/3"}],"replies":[{"embeddable":true,"href":"https:\/\/ferienchalet-wallis.ch\/en\/wp-json\/wp\/v2\/comments?post=1450"}],"version-history":[{"count":7,"href":"https:\/\/ferienchalet-wallis.ch\/en\/wp-json\/wp\/v2\/posts\/1450\/revisions"}],"predecessor-version":[{"id":1556,"href":"https:\/\/ferienchalet-wallis.ch\/en\/wp-json\/wp\/v2\/posts\/1450\/revisions\/1556"}],"wp:featuredmedia":[{"embeddable":true,"href":"https:\/\/ferienchalet-wallis.ch\/en\/wp-json\/wp\/v2\/media\/1451"}],"wp:attachment":[{"href":"https:\/\/ferienchalet-wallis.ch\/en\/wp-json\/wp\/v2\/media?parent=1450"}],"wp:term":[{"taxonomy":"category","embeddable":true,"href":"https:\/\/ferienchalet-wallis.ch\/en\/wp-json\/wp\/v2\/categories?post=1450"},{"taxonomy":"post_tag","embeddable":true,"href":"https:\/\/ferienchalet-wallis.ch\/en\/wp-json\/wp\/v2\/tags?post=1450"}],"curies":[{"name":"wp","href":"https:\/\/api.w.org\/{rel}","templated":true}]}}